{"id":1596,"date":"2014-03-02T14:24:28","date_gmt":"2014-03-02T13:24:28","guid":{"rendered":"http:\/\/arteeluoghi.it\/index.php\/2014\/03\/02\/dio-come-ti-olio-approda-nella-capitale\/"},"modified":"2014-03-02T14:24:28","modified_gmt":"2014-03-02T13:24:28","slug":"dio-come-ti-olio-approda-nella-capitale","status":"publish","type":"post","link":"https:\/\/arteeluoghi.it\/index.php\/2014\/03\/02\/dio-come-ti-olio-approda-nella-capitale\/","title":{"rendered":"Dio, come ti Olio! approda nella capitale"},"content":{"rendered":"<p><img src=\"\/images\/stories\/copertina_diocometiolio.jpg\" border=\"0\" title=\"Dio, come ti Olio!, Il Raggio Verde edizioni, foto di Bruno Barillari\" width=\"300\" style=\"margin: 21px; border: 1px solid black; float: left;\" \/>Il Raggio Verde edizioni ospite della Libreria Caffetteria &#8220;Frane Letterarie&#8221; luned\u00ec 3\u00a0 marzo 2014<\/p>\n<p><strong>Leda Cesari direttrice della collana Dove c&#8217;\u00e9 Gusto dialoga con la giornalista Cecilia Leo<\/strong><\/p>\n<p>\u00a0<\/p>\n<p>Prosegue il tour di presentazione del volume &#8220;<strong>Dio, come ti Olio!<\/strong>&#8221; che approda nella capitale ospite della <strong>libreria Caffetteria<\/strong> \u201c<strong>Frane Letterarie<\/strong>\u201d (a Roma, in Via San Martino ai Monti 7\/a, Rione Monti).<\/p>\n<p>Alla presentazione, che si terr\u00e0 <strong>luned\u00ec 3 marzo 2014 <\/strong>con inizio alle<strong> ore 21, <\/strong>interverr\u00e0 la giornalista<strong> Leda Cesari<\/strong> <em>direttrice della collana \u201cDove c\u2019\u00e8 Gusto\u201d<\/em>, edizioni <strong>Il Raggio Verde<\/strong>, che dialogher\u00e0 con la giornalista <strong>Cecilia Leo. <\/strong>L&#8217;evento sar\u00e0 impreziosito dall&#8217;intervento di <strong>Francesco Barba<\/strong> dell&#8217;azienda agricola &#8220;Donna Oleria&#8221; che racconter\u00e0 l&#8217;esperienza del suo marchio che prende il nome dalla tenuta d&#8217;origine, autentica espressione di un luogo vocato da secoli alla coltivazione dell&#8217;olivo. A seguire la degustazione guidata di Donna Oleria (variet\u00e0 Ogliarola Salentina, Cellina di Nard\u00f2, Leccino, Frantoio) un olio extravergine di alta qualit\u00e0 su pane pugliese.<\/p>\n<p>  <!--more-->  <\/p>\n<p>\u00a0<\/p>\n<p>Dio, come ti Olio! \u00e8 un progetto editoriale, secondo volume della collana <em>Dove c&#8217;\u00e8 Gusto<\/em> diretta dalla giornalista <strong>Leda<\/strong> <strong>Cesari<\/strong>, che accosta alle originali e inedite proposte gastronomiche degli chef ospiti la bellezza e la cultura del territorio pugliese, un territorio raccontato anche attraverso gli scatti esclusivi del fotografo <strong>Bruno Barillari<\/strong>, in cui vengono esaltate le propriet\u00e0 dell\u2019olio, elemento di identit\u00e0 e simbolo di natura e storia oltre che modello di alimentazione sana ed equilibrata perch\u00e9 l\u2019olio \u00e8<strong> \u201c<em>il ritratto segreto di un popolo, cui \u00e8 affidato il compito di raccontare la millenaria storia della nostra terra e della nostra cucina<\/em>\u201d\u00a0 <\/strong>spiega nel suo saggioGiacomo Giancaspro (<strong>presidente dell\u2019Associazione Cuochi Baresi e vicepresidente Federazione Italiana Cuochi &#8211; area Sud).<\/strong>E la cucina pugliese sa risvegliare i sensi, tutti indistintamente: per rendersene conto basta sfogliare le pagine dedicate agli chef pugliesi di <em>\u201cDio, come ti Olio!\u201d<\/em> <strong>Andrea Catalano, Giovanni Curri, Donato Episcopo, Mario Falco, Alessio Gubello, Geg\u00e8 Mangano, Alessandra Moschettini, Emanuele Natalizio, Franco Tornese, Ippazio Turco<\/strong>. I loro piatti costituiscono il corpus della sezione intitolata \u201c<em>Dio, come ti Olio! al ristorante<\/em>\u201d, che si fa interprete della gastronomia regionale tra innovazione e tradizione. Una tradizione che continua anche tra i vapori fumanti delle mura domestiche nella sezione \u201c<em>Dio, come ti Olio! a casa<\/em>\u201d, con le ricette di <strong>Anna Maria Chirone Arn\u00f2<\/strong>.<\/p>\n<p>Nelle 136 pagine patinate proposte dalla casa editrice <strong>Il Raggio Verde<\/strong> sono racchiusi dunque saperi e sapori di una terra millenaria, il cui paesaggio va difeso e tutelato. Parlare di olio significa infatti ricordare anche il patrimonio dei 60 milioni di esemplari di ulivi, di cui 5 di alberi monumentali, su cui pu\u00f2 contare la Puglia\u00a0 &#8211; come spiega nel libro il giornalista <strong>Danilo Siciliano,<\/strong> che regala un lungo <em>excursus<\/em> storico sull\u2019olio e sulle tipicit\u00e0 delle varie Dop pugliesi, illustrando al contempo i contenuti degli interventi legislativi di tutela, ultimo dei quali quello di cui si \u00e8 dotata la Regione Puglia nel 2007. Chiude il libro il saggio della giornalista <strong>Alessandra Bianco,<\/strong> che presenta l\u2019olio quale ingrediente di bellezza e salute dalla notte dei tempi: dall\u2019antico Oriente ai Fenici, dagli Egizi fino ad arrivare all\u2019antica Grecia e al cuore di Roma.<\/p>\n","protected":false},"excerpt":{"rendered":"<p>Il Raggio Verde edizioni ospite della Libreria Caffetteria &#8220;Frane Letterarie&#8221; luned\u00ec 3\u00a0 marzo 2014 Leda Cesari direttrice della collana Dove<\/p>\n","protected":false},"author":1,"featured_media":0,"comment_status":"open","ping_status":"open","sticky":false,"template":"","format":"standard","meta":[],"categories":[17],"tags":[],"yoast_head":"<!-- This site is optimized with the Yoast SEO plugin v18.0 - https:\/\/yoast.com\/wordpress\/plugins\/seo\/ -->\n<title>Dio, come ti Olio! approda nella capitale | Arte e Luoghi<\/title>\n<meta name=\"robots\" content=\"index, follow, max-snippet:-1, max-image-preview:large, max-video-preview:-1\" \/>\n<link rel=\"canonical\" href=\"https:\/\/arteeluoghi.it\/index.php\/2014\/03\/02\/dio-come-ti-olio-approda-nella-capitale\/\" \/>\n<meta property=\"og:locale\" content=\"it_IT\" \/>\n<meta property=\"og:type\" content=\"article\" \/>\n<meta property=\"og:title\" content=\"Dio, come ti Olio! approda nella capitale | Arte e Luoghi\" \/>\n<meta property=\"og:description\" content=\"Il Raggio Verde edizioni ospite della Libreria Caffetteria &#8220;Frane Letterarie&#8221; luned\u00ec 3\u00a0 marzo 2014 Leda Cesari direttrice della collana Dove\" \/>\n<meta property=\"og:url\" content=\"https:\/\/arteeluoghi.it\/index.php\/2014\/03\/02\/dio-come-ti-olio-approda-nella-capitale\/\" \/>\n<meta property=\"og:site_name\" content=\"Arte e Luoghi\" \/>\n<meta property=\"article:publisher\" content=\"https:\/\/www.facebook.com\/ArteELuoghi\/\" \/>\n<meta property=\"article:published_time\" content=\"2014-03-02T13:24:28+00:00\" \/>\n<meta property=\"og:image\" content=\"https:\/\/arteeluoghi.it\/images\/stories\/copertina_diocometiolio.jpg\" \/>\n<meta name=\"twitter:card\" content=\"summary\" \/>\n<meta name=\"twitter:creator\" content=\"@arteeluoghi\" \/>\n<meta name=\"twitter:site\" content=\"@arteeluoghi\" \/>\n<meta name=\"twitter:label1\" content=\"Scritto da\" \/>\n\t<meta name=\"twitter:data1\" content=\"Staff\" \/>\n\t<meta name=\"twitter:label2\" content=\"Tempo di lettura stimato\" \/>\n\t<meta name=\"twitter:data2\" content=\"3 minuti\" \/>\n<script type=\"application\/ld+json\" class=\"yoast-schema-graph\">{\"@context\":\"https:\/\/schema.org\",\"@graph\":[{\"@type\":\"Organization\",\"@id\":\"https:\/\/arteeluoghi.it\/#organization\",\"name\":\"Arte e Luoghi\",\"url\":\"https:\/\/arteeluoghi.it\/\",\"sameAs\":[\"https:\/\/www.facebook.com\/ArteELuoghi\/\",\"https:\/\/www.instagram.com\/arteeluoghi\/?hl=it\",\"https:\/\/www.youtube.com\/channel\/UCuRVc4JW4-C5sg9rQB-srkw?view_as=subscriber\",\"https:\/\/twitter.com\/arteeluoghi\"],\"logo\":{\"@type\":\"ImageObject\",\"@id\":\"https:\/\/arteeluoghi.it\/#logo\",\"inLanguage\":\"it-IT\",\"url\":\"https:\/\/arteeluoghi.it\/wp-content\/uploads\/2018\/08\/logoinstagramarte.jpg\",\"contentUrl\":\"https:\/\/arteeluoghi.it\/wp-content\/uploads\/2018\/08\/logoinstagramarte.jpg\",\"width\":150,\"height\":150,\"caption\":\"Arte e Luoghi\"},\"image\":{\"@id\":\"https:\/\/arteeluoghi.it\/#logo\"}},{\"@type\":\"WebSite\",\"@id\":\"https:\/\/arteeluoghi.it\/#website\",\"url\":\"https:\/\/arteeluoghi.it\/\",\"name\":\"Arte e Luoghi\",\"description\":\"Mensile di arte, cultura, turismo e curiosit\u00e0\",\"publisher\":{\"@id\":\"https:\/\/arteeluoghi.it\/#organization\"},\"potentialAction\":[{\"@type\":\"SearchAction\",\"target\":{\"@type\":\"EntryPoint\",\"urlTemplate\":\"https:\/\/arteeluoghi.it\/?s={search_term_string}\"},\"query-input\":\"required name=search_term_string\"}],\"inLanguage\":\"it-IT\"},{\"@type\":\"ImageObject\",\"@id\":\"https:\/\/arteeluoghi.it\/index.php\/2014\/03\/02\/dio-come-ti-olio-approda-nella-capitale\/#primaryimage\",\"inLanguage\":\"it-IT\",\"url\":\"\/images\/stories\/copertina_diocometiolio.jpg\",\"contentUrl\":\"\/images\/stories\/copertina_diocometiolio.jpg\"},{\"@type\":\"WebPage\",\"@id\":\"https:\/\/arteeluoghi.it\/index.php\/2014\/03\/02\/dio-come-ti-olio-approda-nella-capitale\/#webpage\",\"url\":\"https:\/\/arteeluoghi.it\/index.php\/2014\/03\/02\/dio-come-ti-olio-approda-nella-capitale\/\",\"name\":\"Dio, come ti Olio! approda nella capitale | Arte e Luoghi\",\"isPartOf\":{\"@id\":\"https:\/\/arteeluoghi.it\/#website\"},\"primaryImageOfPage\":{\"@id\":\"https:\/\/arteeluoghi.it\/index.php\/2014\/03\/02\/dio-come-ti-olio-approda-nella-capitale\/#primaryimage\"},\"datePublished\":\"2014-03-02T13:24:28+00:00\",\"dateModified\":\"2014-03-02T13:24:28+00:00\",\"breadcrumb\":{\"@id\":\"https:\/\/arteeluoghi.it\/index.php\/2014\/03\/02\/dio-come-ti-olio-approda-nella-capitale\/#breadcrumb\"},\"inLanguage\":\"it-IT\",\"potentialAction\":[{\"@type\":\"ReadAction\",\"target\":[\"https:\/\/arteeluoghi.it\/index.php\/2014\/03\/02\/dio-come-ti-olio-approda-nella-capitale\/\"]}]},{\"@type\":\"BreadcrumbList\",\"@id\":\"https:\/\/arteeluoghi.it\/index.php\/2014\/03\/02\/dio-come-ti-olio-approda-nella-capitale\/#breadcrumb\",\"itemListElement\":[{\"@type\":\"ListItem\",\"position\":1,\"name\":\"Home\",\"item\":\"https:\/\/arteeluoghi.it\/\"},{\"@type\":\"ListItem\",\"position\":2,\"name\":\"Dio, come ti Olio! approda nella capitale\"}]},{\"@type\":\"Article\",\"@id\":\"https:\/\/arteeluoghi.it\/index.php\/2014\/03\/02\/dio-come-ti-olio-approda-nella-capitale\/#article\",\"isPartOf\":{\"@id\":\"https:\/\/arteeluoghi.it\/index.php\/2014\/03\/02\/dio-come-ti-olio-approda-nella-capitale\/#webpage\"},\"author\":{\"@id\":\"https:\/\/arteeluoghi.it\/#\/schema\/person\/f84e814e36e91e01448ee07eaadd41d4\"},\"headline\":\"Dio, come ti Olio! approda nella capitale\",\"datePublished\":\"2014-03-02T13:24:28+00:00\",\"dateModified\":\"2014-03-02T13:24:28+00:00\",\"mainEntityOfPage\":{\"@id\":\"https:\/\/arteeluoghi.it\/index.php\/2014\/03\/02\/dio-come-ti-olio-approda-nella-capitale\/#webpage\"},\"wordCount\":516,\"commentCount\":0,\"publisher\":{\"@id\":\"https:\/\/arteeluoghi.it\/#organization\"},\"image\":{\"@id\":\"https:\/\/arteeluoghi.it\/index.php\/2014\/03\/02\/dio-come-ti-olio-approda-nella-capitale\/#primaryimage\"},\"thumbnailUrl\":\"\/images\/stories\/copertina_diocometiolio.jpg\",\"articleSection\":[\"LIBRI\"],\"inLanguage\":\"it-IT\",\"potentialAction\":[{\"@type\":\"CommentAction\",\"name\":\"Comment\",\"target\":[\"https:\/\/arteeluoghi.it\/index.php\/2014\/03\/02\/dio-come-ti-olio-approda-nella-capitale\/#respond\"]}]},{\"@type\":\"Person\",\"@id\":\"https:\/\/arteeluoghi.it\/#\/schema\/person\/f84e814e36e91e01448ee07eaadd41d4\",\"name\":\"Staff\",\"image\":{\"@type\":\"ImageObject\",\"@id\":\"https:\/\/arteeluoghi.it\/#personlogo\",\"inLanguage\":\"it-IT\",\"url\":\"https:\/\/secure.gravatar.com\/avatar\/49d2f9e46271bb04e19cebfaf141313a?s=96&d=blank&r=g\",\"contentUrl\":\"https:\/\/secure.gravatar.com\/avatar\/49d2f9e46271bb04e19cebfaf141313a?s=96&d=blank&r=g\",\"caption\":\"Staff\"}}]}<\/script>\n<!-- \/ Yoast SEO plugin. -->","yoast_head_json":{"title":"Dio, come ti Olio! approda nella capitale | Arte e Luoghi","robots":{"index":"index","follow":"follow","max-snippet":"max-snippet:-1","max-image-preview":"max-image-preview:large","max-video-preview":"max-video-preview:-1"},"canonical":"https:\/\/arteeluoghi.it\/index.php\/2014\/03\/02\/dio-come-ti-olio-approda-nella-capitale\/","og_locale":"it_IT","og_type":"article","og_title":"Dio, come ti Olio! approda nella capitale | Arte e Luoghi","og_description":"Il Raggio Verde edizioni ospite della Libreria Caffetteria &#8220;Frane Letterarie&#8221; luned\u00ec 3\u00a0 marzo 2014 Leda Cesari direttrice della collana Dove","og_url":"https:\/\/arteeluoghi.it\/index.php\/2014\/03\/02\/dio-come-ti-olio-approda-nella-capitale\/","og_site_name":"Arte e Luoghi","article_publisher":"https:\/\/www.facebook.com\/ArteELuoghi\/","article_published_time":"2014-03-02T13:24:28+00:00","og_image":[{"url":"https:\/\/arteeluoghi.it\/images\/stories\/copertina_diocometiolio.jpg"}],"twitter_card":"summary","twitter_creator":"@arteeluoghi","twitter_site":"@arteeluoghi","twitter_misc":{"Scritto da":"Staff","Tempo di lettura stimato":"3 minuti"},"schema":{"@context":"https:\/\/schema.org","@graph":[{"@type":"Organization","@id":"https:\/\/arteeluoghi.it\/#organization","name":"Arte e Luoghi","url":"https:\/\/arteeluoghi.it\/","sameAs":["https:\/\/www.facebook.com\/ArteELuoghi\/","https:\/\/www.instagram.com\/arteeluoghi\/?hl=it","https:\/\/www.youtube.com\/channel\/UCuRVc4JW4-C5sg9rQB-srkw?view_as=subscriber","https:\/\/twitter.com\/arteeluoghi"],"logo":{"@type":"ImageObject","@id":"https:\/\/arteeluoghi.it\/#logo","inLanguage":"it-IT","url":"https:\/\/arteeluoghi.it\/wp-content\/uploads\/2018\/08\/logoinstagramarte.jpg","contentUrl":"https:\/\/arteeluoghi.it\/wp-content\/uploads\/2018\/08\/logoinstagramarte.jpg","width":150,"height":150,"caption":"Arte e Luoghi"},"image":{"@id":"https:\/\/arteeluoghi.it\/#logo"}},{"@type":"WebSite","@id":"https:\/\/arteeluoghi.it\/#website","url":"https:\/\/arteeluoghi.it\/","name":"Arte e Luoghi","description":"Mensile di arte, cultura, turismo e curiosit\u00e0","publisher":{"@id":"https:\/\/arteeluoghi.it\/#organization"},"potentialAction":[{"@type":"SearchAction","target":{"@type":"EntryPoint","urlTemplate":"https:\/\/arteeluoghi.it\/?s={search_term_string}"},"query-input":"required name=search_term_string"}],"inLanguage":"it-IT"},{"@type":"ImageObject","@id":"https:\/\/arteeluoghi.it\/index.php\/2014\/03\/02\/dio-come-ti-olio-approda-nella-capitale\/#primaryimage","inLanguage":"it-IT","url":"\/images\/stories\/copertina_diocometiolio.jpg","contentUrl":"\/images\/stories\/copertina_diocometiolio.jpg"},{"@type":"WebPage","@id":"https:\/\/arteeluoghi.it\/index.php\/2014\/03\/02\/dio-come-ti-olio-approda-nella-capitale\/#webpage","url":"https:\/\/arteeluoghi.it\/index.php\/2014\/03\/02\/dio-come-ti-olio-approda-nella-capitale\/","name":"Dio, come ti Olio! approda nella capitale | Arte e Luoghi","isPartOf":{"@id":"https:\/\/arteeluoghi.it\/#website"},"primaryImageOfPage":{"@id":"https:\/\/arteeluoghi.it\/index.php\/2014\/03\/02\/dio-come-ti-olio-approda-nella-capitale\/#primaryimage"},"datePublished":"2014-03-02T13:24:28+00:00","dateModified":"2014-03-02T13:24:28+00:00","breadcrumb":{"@id":"https:\/\/arteeluoghi.it\/index.php\/2014\/03\/02\/dio-come-ti-olio-approda-nella-capitale\/#breadcrumb"},"inLanguage":"it-IT","potentialAction":[{"@type":"ReadAction","target":["https:\/\/arteeluoghi.it\/index.php\/2014\/03\/02\/dio-come-ti-olio-approda-nella-capitale\/"]}]},{"@type":"BreadcrumbList","@id":"https:\/\/arteeluoghi.it\/index.php\/2014\/03\/02\/dio-come-ti-olio-approda-nella-capitale\/#breadcrumb","itemListElement":[{"@type":"ListItem","position":1,"name":"Home","item":"https:\/\/arteeluoghi.it\/"},{"@type":"ListItem","position":2,"name":"Dio, come ti Olio! approda nella capitale"}]},{"@type":"Article","@id":"https:\/\/arteeluoghi.it\/index.php\/2014\/03\/02\/dio-come-ti-olio-approda-nella-capitale\/#article","isPartOf":{"@id":"https:\/\/arteeluoghi.it\/index.php\/2014\/03\/02\/dio-come-ti-olio-approda-nella-capitale\/#webpage"},"author":{"@id":"https:\/\/arteeluoghi.it\/#\/schema\/person\/f84e814e36e91e01448ee07eaadd41d4"},"headline":"Dio, come ti Olio! approda nella capitale","datePublished":"2014-03-02T13:24:28+00:00","dateModified":"2014-03-02T13:24:28+00:00","mainEntityOfPage":{"@id":"https:\/\/arteeluoghi.it\/index.php\/2014\/03\/02\/dio-come-ti-olio-approda-nella-capitale\/#webpage"},"wordCount":516,"commentCount":0,"publisher":{"@id":"https:\/\/arteeluoghi.it\/#organization"},"image":{"@id":"https:\/\/arteeluoghi.it\/index.php\/2014\/03\/02\/dio-come-ti-olio-approda-nella-capitale\/#primaryimage"},"thumbnailUrl":"\/images\/stories\/copertina_diocometiolio.jpg","articleSection":["LIBRI"],"inLanguage":"it-IT","potentialAction":[{"@type":"CommentAction","name":"Comment","target":["https:\/\/arteeluoghi.it\/index.php\/2014\/03\/02\/dio-come-ti-olio-approda-nella-capitale\/#respond"]}]},{"@type":"Person","@id":"https:\/\/arteeluoghi.it\/#\/schema\/person\/f84e814e36e91e01448ee07eaadd41d4","name":"Staff","image":{"@type":"ImageObject","@id":"https:\/\/arteeluoghi.it\/#personlogo","inLanguage":"it-IT","url":"https:\/\/secure.gravatar.com\/avatar\/49d2f9e46271bb04e19cebfaf141313a?s=96&d=blank&r=g","contentUrl":"https:\/\/secure.gravatar.com\/avatar\/49d2f9e46271bb04e19cebfaf141313a?s=96&d=blank&r=g","caption":"Staff"}}]}},"_links":{"self":[{"href":"https:\/\/arteeluoghi.it\/index.php\/wp-json\/wp\/v2\/posts\/1596"}],"collection":[{"href":"https:\/\/arteeluoghi.it\/index.php\/wp-json\/wp\/v2\/posts"}],"about":[{"href":"https:\/\/arteeluoghi.it\/index.php\/wp-json\/wp\/v2\/types\/post"}],"author":[{"embeddable":true,"href":"https:\/\/arteeluoghi.it\/index.php\/wp-json\/wp\/v2\/users\/1"}],"replies":[{"embeddable":true,"href":"https:\/\/arteeluoghi.it\/index.php\/wp-json\/wp\/v2\/comments?post=1596"}],"version-history":[{"count":0,"href":"https:\/\/arteeluoghi.it\/index.php\/wp-json\/wp\/v2\/posts\/1596\/revisions"}],"wp:attachment":[{"href":"https:\/\/arteeluoghi.it\/index.php\/wp-json\/wp\/v2\/media?parent=1596"}],"wp:term":[{"taxonomy":"category","embeddable":true,"href":"https:\/\/arteeluoghi.it\/index.php\/wp-json\/wp\/v2\/categories?post=1596"},{"taxonomy":"post_tag","embeddable":true,"href":"https:\/\/arteeluoghi.it\/index.php\/wp-json\/wp\/v2\/tags?post=1596"}],"curies":[{"name":"wp","href":"https:\/\/api.w.org\/{rel}","templated":true}]}}