{"id":1597,"date":"2014-03-02T14:36:18","date_gmt":"2014-03-02T13:36:18","guid":{"rendered":"http:\/\/arteeluoghi.it\/index.php\/2014\/03\/02\/ines2\/"},"modified":"2014-03-02T14:36:18","modified_gmt":"2014-03-02T13:36:18","slug":"ines2","status":"publish","type":"post","link":"https:\/\/arteeluoghi.it\/index.php\/2014\/03\/02\/ines2\/","title":{"rendered":"Appunti di viaggio. Le citt\u00e0 di Ines"},"content":{"rendered":"<p><img src=\"\/images\/ines2.jpg\" border=\"0\" title=\"una foto di Ines Facchin\" width=\"300\" style=\"float: left; margin: 21px;\" \/>Vernissage luned\u00ec 3 marzo ore 17 presso le sale espositive della Biblioteca &#8220;Elsa Morante&#8221; di Ostia<\/p>\n<p><span style=\"font-size: small;\"><strong> Ines Facchin<\/strong><\/span><\/p>\n<p>Si intitola \u201c<strong>Appunti di viaggio<\/strong>. <strong>Le citt\u00e0 di Ines<\/strong>\u201d la mostra fotografica di <strong>Ines Facchin <\/strong>organizzata da il Raggio Verde edizioni in collaborazione con la <strong>Biblioteca \u201cElsa Morante\u201d di Ostia<\/strong> e <strong>l\u2019Assessorato alla Cultura di Roma Capitale<\/strong>. Vernissage <strong>luned\u00ec 3 marzo, ore 17.00<\/strong>. Presentano l\u2019artista l\u2019antropologo e scrittore <strong>Maurizio Nocera<\/strong> e <strong>Antonietta Fulvio<\/strong> direttore responsabile di Arte e Luoghi, edizioni Il Raggio Verde. La mostra potr\u00e0 essere visitata fino al 12 marzo 2014 con il seguente orari di apertura: luned\u00ec 9-13 15\/19; dal marted\u00ec al gioved\u00ec: 9-19; orario continuato, venerd\u00ec: 9-22. Ingresso libero<\/p>\n<p>  <!--more-->  <\/p>\n<p><img src=\"\/images\/L1040741r.jpg\" border=\"0\" title=\"una foto di Ines Facchin\" width=\"300\" style=\"margin: 21px; border: 1px solid black; float: right;\" \/>Nel solco del progetto artistico iniziato a Lecce con la mostra \u201c<em>Le citt\u00e0 invisibili<\/em>\u201d la fotografa romana continua il suo \u201cnomadismo artistico\u201d alla ricerca di nuovi sguardi su grandi e piccole citt\u00e0 del mondo. Con la sua inseparabile Leica <strong>Ines Facchin<\/strong> scava e scova nei centri urbani come nelle periferie quelle architetture di luce nascoste nei riflessi che da sempre ama fotografare. Ogni scatto \u00e8 una scoperta sempre nuova. Un gioco cromatico fatto di texture pittoriche di campiture di colori, ora abbaglianti ora sfumati, che diventano come una sorta di dna topografico dei luoghi visitati da Parigi a Roma, Venezia, Napoli, Firenze, Bukara, San Pietroburgo, Astana&#8230; Nessun artificio, nessun filtro \u00e8 stato utilizzato per ottenere le immagini che, svela l\u2019autrice, sono il frutto di un\u2019intuizione, di un modo particolare di fissare l\u2019obiettivo sfruttando leggi ottiche, dalla riflessione all\u2019assorbimento del colore e della luce attraverso la materia dei corpi che reagiscono in modo diverso a seconda della superficie, dell\u2019incidenza della luminosit\u00e0 che li attraversa.<\/p>\n<p>\u201cCosa veramente cerca l\u2019artista Ines Facchin quando fissa lo sguardo su un punto della terra, sul suo magma substratico, dentro una bolla d\u2019acqua, in un ristagno in mezzo alla strada, su una parete di un grattacielo dilavata dalla pioggia? Su un punto, un punto qualsiasi, ma che sia un punto micron? Cosa vuole comunicare, cosa vuole dirci? Scrive nella presentazione in catalogo il professore Maurizio Nocera che aggiunge \u201cForse Ines, attraverso le sue immagini trasfigurate, a<\/p>\n<p>pparentemente indecifrabili, intende farci immergere empaticamente in una dimensione modificata dello stato di coscienza, dove suoni, luci, linee, sensazioni olfattive e uditive stravolgono il senso conformistico di una realt\u00e0 spesso banale.\u201d.<\/p>\n<hr \/>\n<p>\u00a0<\/p>\n<p><strong>Notizie biografiche<\/strong><\/p>\n<p>Ines Facchin \u00e8 nata a Roma nel 1950 dove vive e lavora. Dopo il conseguimento del diploma di Liceo Artistico, Ines Facchin ha seguito il corso di disegno del nudo presso l\u2019Acc<\/p>\n<p><img src=\"\/images\/ines%20facchin2.jpg\" border=\"0\" title=\"Ines Facchin\" width=\"300\" style=\"margin: 21px; float: right;\" \/><\/p>\n<p>ademia di<\/p>\n<p>Belle Arti di Roma, i corsi di studio delle tecniche di restauro in pittura e dell\u2019iconografia nell\u2019immagine femminile in pittura presso l\u2019Universit\u00e0 delle Donne di Roma, e si \u00e8 laureata in Architettura. Ha la passione per la costruzione del disegno e del progetto architettonico, sempre presente quando poggia il suo sguardo su un qualsiasi dettaglio del mondo reale, che risulta trasfigurato, indecifrabile. Questo fa di lei un\u2019artista dotata di spiccato talento e di gr<\/p>\n<p>ande sensibilit\u00e0, capace di vedere ci\u00f2 che sfugge all\u2019occhio comune e di studiare una nuova visione del reale. Amante dei viaggi, in compagnia della sua inseparabile Leica, ha fermato nei suoi scatti particolari intriganti dei pi\u00f9 disparati paesaggi urbani: New York, Amsterdam, Madrid, Barcellona, Vienna, Praga, Lisbona, Bilbao\u2026senza tralasciare le splendide citt\u00e0 italiane Roma in primis, e poi Venezia, Trani, Lecce, Siracusa, Cagliari. Approfondimenti: http:\/\/www.inesfacchin.info<\/p>\n<p><strong>Mostre personali:<\/strong><\/p>\n<p>2007 Roma novembre \/ marzo 2008<\/p>\n<p>2009 Cursi 7\/18 agosto Palazzo de Donno<\/p>\n<p>2012 Lecce 14\/23 settembre ex monastero dei teatini &#8220;Le citt\u00e0 invisibili&#8221;<\/p>\n<p><strong>Pubblicazioni:<\/strong><\/p>\n<p>2009 marzo \u201c<em>OLTRE<\/em>\u201d Il Raggio Verde Edizioni catalogo a cura di Antonietta Fulvio<br \/> 2010 aprile \u201c<em>Foto Ines Facchin<\/em>\u201d Il Raggio Verde Edizioni testo di Renato Conti<br \/> 2011 luglio &#8220;<em>Immagini Ines Facchin<\/em>&#8221; Interstampa Edizioni testi di Marta Capanna e Renato Conti<br \/> 2012 settembre &#8220;Ines Facchin LE CITTA&#8217; INVISIBILI&#8221; il Raggio Verde Edizioni a cura di Toti Carpentieri<\/p>\n<p>red. Arte e Luoghi<\/p>\n","protected":false},"excerpt":{"rendered":"<p>Vernissage luned\u00ec 3 marzo ore 17 presso le sale espositive della Biblioteca &#8220;Elsa Morante&#8221; di Ostia Ines Facchin Si intitola<\/p>\n","protected":false},"author":1,"featured_media":0,"comment_status":"open","ping_status":"open","sticky":false,"template":"","format":"standard","meta":[],"categories":[27],"tags":[],"yoast_head":"<!-- This site is optimized with the Yoast SEO plugin v18.0 - https:\/\/yoast.com\/wordpress\/plugins\/seo\/ -->\n<title>Appunti di viaggio. Le citt\u00e0 di Ines | Arte e Luoghi<\/title>\n<meta name=\"robots\" content=\"index, follow, max-snippet:-1, max-image-preview:large, max-video-preview:-1\" \/>\n<link rel=\"canonical\" href=\"https:\/\/arteeluoghi.it\/index.php\/2014\/03\/02\/ines2\/\" \/>\n<meta property=\"og:locale\" content=\"it_IT\" \/>\n<meta property=\"og:type\" content=\"article\" \/>\n<meta property=\"og:title\" content=\"Appunti di viaggio. Le citt\u00e0 di Ines | Arte e Luoghi\" \/>\n<meta property=\"og:description\" content=\"Vernissage luned\u00ec 3 marzo ore 17 presso le sale espositive della Biblioteca &#8220;Elsa Morante&#8221; di Ostia Ines Facchin Si intitola\" \/>\n<meta property=\"og:url\" content=\"https:\/\/arteeluoghi.it\/index.php\/2014\/03\/02\/ines2\/\" \/>\n<meta property=\"og:site_name\" content=\"Arte e Luoghi\" \/>\n<meta property=\"article:publisher\" content=\"https:\/\/www.facebook.com\/ArteELuoghi\/\" \/>\n<meta property=\"article:published_time\" content=\"2014-03-02T13:36:18+00:00\" \/>\n<meta property=\"og:image\" content=\"https:\/\/arteeluoghi.it\/images\/ines2.jpg\" \/>\n<meta name=\"twitter:card\" content=\"summary\" \/>\n<meta name=\"twitter:creator\" content=\"@arteeluoghi\" \/>\n<meta name=\"twitter:site\" content=\"@arteeluoghi\" \/>\n<meta name=\"twitter:label1\" content=\"Scritto da\" \/>\n\t<meta name=\"twitter:data1\" content=\"Staff\" \/>\n\t<meta name=\"twitter:label2\" content=\"Tempo di lettura stimato\" \/>\n\t<meta name=\"twitter:data2\" content=\"3 minuti\" \/>\n<script type=\"application\/ld+json\" class=\"yoast-schema-graph\">{\"@context\":\"https:\/\/schema.org\",\"@graph\":[{\"@type\":\"Organization\",\"@id\":\"https:\/\/arteeluoghi.it\/#organization\",\"name\":\"Arte e Luoghi\",\"url\":\"https:\/\/arteeluoghi.it\/\",\"sameAs\":[\"https:\/\/www.facebook.com\/ArteELuoghi\/\",\"https:\/\/www.instagram.com\/arteeluoghi\/?hl=it\",\"https:\/\/www.youtube.com\/channel\/UCuRVc4JW4-C5sg9rQB-srkw?view_as=subscriber\",\"https:\/\/twitter.com\/arteeluoghi\"],\"logo\":{\"@type\":\"ImageObject\",\"@id\":\"https:\/\/arteeluoghi.it\/#logo\",\"inLanguage\":\"it-IT\",\"url\":\"https:\/\/arteeluoghi.it\/wp-content\/uploads\/2018\/08\/logoinstagramarte.jpg\",\"contentUrl\":\"https:\/\/arteeluoghi.it\/wp-content\/uploads\/2018\/08\/logoinstagramarte.jpg\",\"width\":150,\"height\":150,\"caption\":\"Arte e Luoghi\"},\"image\":{\"@id\":\"https:\/\/arteeluoghi.it\/#logo\"}},{\"@type\":\"WebSite\",\"@id\":\"https:\/\/arteeluoghi.it\/#website\",\"url\":\"https:\/\/arteeluoghi.it\/\",\"name\":\"Arte e Luoghi\",\"description\":\"Mensile di arte, cultura, turismo e curiosit\u00e0\",\"publisher\":{\"@id\":\"https:\/\/arteeluoghi.it\/#organization\"},\"potentialAction\":[{\"@type\":\"SearchAction\",\"target\":{\"@type\":\"EntryPoint\",\"urlTemplate\":\"https:\/\/arteeluoghi.it\/?s={search_term_string}\"},\"query-input\":\"required name=search_term_string\"}],\"inLanguage\":\"it-IT\"},{\"@type\":\"ImageObject\",\"@id\":\"https:\/\/arteeluoghi.it\/index.php\/2014\/03\/02\/ines2\/#primaryimage\",\"inLanguage\":\"it-IT\",\"url\":\"\/images\/ines2.jpg\",\"contentUrl\":\"\/images\/ines2.jpg\"},{\"@type\":\"WebPage\",\"@id\":\"https:\/\/arteeluoghi.it\/index.php\/2014\/03\/02\/ines2\/#webpage\",\"url\":\"https:\/\/arteeluoghi.it\/index.php\/2014\/03\/02\/ines2\/\",\"name\":\"Appunti di viaggio. Le citt\u00e0 di Ines | Arte e Luoghi\",\"isPartOf\":{\"@id\":\"https:\/\/arteeluoghi.it\/#website\"},\"primaryImageOfPage\":{\"@id\":\"https:\/\/arteeluoghi.it\/index.php\/2014\/03\/02\/ines2\/#primaryimage\"},\"datePublished\":\"2014-03-02T13:36:18+00:00\",\"dateModified\":\"2014-03-02T13:36:18+00:00\",\"breadcrumb\":{\"@id\":\"https:\/\/arteeluoghi.it\/index.php\/2014\/03\/02\/ines2\/#breadcrumb\"},\"inLanguage\":\"it-IT\",\"potentialAction\":[{\"@type\":\"ReadAction\",\"target\":[\"https:\/\/arteeluoghi.it\/index.php\/2014\/03\/02\/ines2\/\"]}]},{\"@type\":\"BreadcrumbList\",\"@id\":\"https:\/\/arteeluoghi.it\/index.php\/2014\/03\/02\/ines2\/#breadcrumb\",\"itemListElement\":[{\"@type\":\"ListItem\",\"position\":1,\"name\":\"Home\",\"item\":\"https:\/\/arteeluoghi.it\/\"},{\"@type\":\"ListItem\",\"position\":2,\"name\":\"Appunti di viaggio. Le citt\u00e0 di Ines\"}]},{\"@type\":\"Article\",\"@id\":\"https:\/\/arteeluoghi.it\/index.php\/2014\/03\/02\/ines2\/#article\",\"isPartOf\":{\"@id\":\"https:\/\/arteeluoghi.it\/index.php\/2014\/03\/02\/ines2\/#webpage\"},\"author\":{\"@id\":\"https:\/\/arteeluoghi.it\/#\/schema\/person\/f84e814e36e91e01448ee07eaadd41d4\"},\"headline\":\"Appunti di viaggio. Le citt\u00e0 di Ines\",\"datePublished\":\"2014-03-02T13:36:18+00:00\",\"dateModified\":\"2014-03-02T13:36:18+00:00\",\"mainEntityOfPage\":{\"@id\":\"https:\/\/arteeluoghi.it\/index.php\/2014\/03\/02\/ines2\/#webpage\"},\"wordCount\":647,\"commentCount\":0,\"publisher\":{\"@id\":\"https:\/\/arteeluoghi.it\/#organization\"},\"image\":{\"@id\":\"https:\/\/arteeluoghi.it\/index.php\/2014\/03\/02\/ines2\/#primaryimage\"},\"thumbnailUrl\":\"\/images\/ines2.jpg\",\"articleSection\":[\"Arte\"],\"inLanguage\":\"it-IT\",\"potentialAction\":[{\"@type\":\"CommentAction\",\"name\":\"Comment\",\"target\":[\"https:\/\/arteeluoghi.it\/index.php\/2014\/03\/02\/ines2\/#respond\"]}]},{\"@type\":\"Person\",\"@id\":\"https:\/\/arteeluoghi.it\/#\/schema\/person\/f84e814e36e91e01448ee07eaadd41d4\",\"name\":\"Staff\",\"image\":{\"@type\":\"ImageObject\",\"@id\":\"https:\/\/arteeluoghi.it\/#personlogo\",\"inLanguage\":\"it-IT\",\"url\":\"https:\/\/secure.gravatar.com\/avatar\/49d2f9e46271bb04e19cebfaf141313a?s=96&d=blank&r=g\",\"contentUrl\":\"https:\/\/secure.gravatar.com\/avatar\/49d2f9e46271bb04e19cebfaf141313a?s=96&d=blank&r=g\",\"caption\":\"Staff\"}}]}<\/script>\n<!-- \/ Yoast SEO plugin. -->","yoast_head_json":{"title":"Appunti di viaggio. Le citt\u00e0 di Ines | Arte e Luoghi","robots":{"index":"index","follow":"follow","max-snippet":"max-snippet:-1","max-image-preview":"max-image-preview:large","max-video-preview":"max-video-preview:-1"},"canonical":"https:\/\/arteeluoghi.it\/index.php\/2014\/03\/02\/ines2\/","og_locale":"it_IT","og_type":"article","og_title":"Appunti di viaggio. Le citt\u00e0 di Ines | Arte e Luoghi","og_description":"Vernissage luned\u00ec 3 marzo ore 17 presso le sale espositive della Biblioteca &#8220;Elsa Morante&#8221; di Ostia Ines Facchin Si intitola","og_url":"https:\/\/arteeluoghi.it\/index.php\/2014\/03\/02\/ines2\/","og_site_name":"Arte e Luoghi","article_publisher":"https:\/\/www.facebook.com\/ArteELuoghi\/","article_published_time":"2014-03-02T13:36:18+00:00","og_image":[{"url":"https:\/\/arteeluoghi.it\/images\/ines2.jpg"}],"twitter_card":"summary","twitter_creator":"@arteeluoghi","twitter_site":"@arteeluoghi","twitter_misc":{"Scritto da":"Staff","Tempo di lettura stimato":"3 minuti"},"schema":{"@context":"https:\/\/schema.org","@graph":[{"@type":"Organization","@id":"https:\/\/arteeluoghi.it\/#organization","name":"Arte e Luoghi","url":"https:\/\/arteeluoghi.it\/","sameAs":["https:\/\/www.facebook.com\/ArteELuoghi\/","https:\/\/www.instagram.com\/arteeluoghi\/?hl=it","https:\/\/www.youtube.com\/channel\/UCuRVc4JW4-C5sg9rQB-srkw?view_as=subscriber","https:\/\/twitter.com\/arteeluoghi"],"logo":{"@type":"ImageObject","@id":"https:\/\/arteeluoghi.it\/#logo","inLanguage":"it-IT","url":"https:\/\/arteeluoghi.it\/wp-content\/uploads\/2018\/08\/logoinstagramarte.jpg","contentUrl":"https:\/\/arteeluoghi.it\/wp-content\/uploads\/2018\/08\/logoinstagramarte.jpg","width":150,"height":150,"caption":"Arte e Luoghi"},"image":{"@id":"https:\/\/arteeluoghi.it\/#logo"}},{"@type":"WebSite","@id":"https:\/\/arteeluoghi.it\/#website","url":"https:\/\/arteeluoghi.it\/","name":"Arte e Luoghi","description":"Mensile di arte, cultura, turismo e curiosit\u00e0","publisher":{"@id":"https:\/\/arteeluoghi.it\/#organization"},"potentialAction":[{"@type":"SearchAction","target":{"@type":"EntryPoint","urlTemplate":"https:\/\/arteeluoghi.it\/?s={search_term_string}"},"query-input":"required name=search_term_string"}],"inLanguage":"it-IT"},{"@type":"ImageObject","@id":"https:\/\/arteeluoghi.it\/index.php\/2014\/03\/02\/ines2\/#primaryimage","inLanguage":"it-IT","url":"\/images\/ines2.jpg","contentUrl":"\/images\/ines2.jpg"},{"@type":"WebPage","@id":"https:\/\/arteeluoghi.it\/index.php\/2014\/03\/02\/ines2\/#webpage","url":"https:\/\/arteeluoghi.it\/index.php\/2014\/03\/02\/ines2\/","name":"Appunti di viaggio. Le citt\u00e0 di Ines | Arte e Luoghi","isPartOf":{"@id":"https:\/\/arteeluoghi.it\/#website"},"primaryImageOfPage":{"@id":"https:\/\/arteeluoghi.it\/index.php\/2014\/03\/02\/ines2\/#primaryimage"},"datePublished":"2014-03-02T13:36:18+00:00","dateModified":"2014-03-02T13:36:18+00:00","breadcrumb":{"@id":"https:\/\/arteeluoghi.it\/index.php\/2014\/03\/02\/ines2\/#breadcrumb"},"inLanguage":"it-IT","potentialAction":[{"@type":"ReadAction","target":["https:\/\/arteeluoghi.it\/index.php\/2014\/03\/02\/ines2\/"]}]},{"@type":"BreadcrumbList","@id":"https:\/\/arteeluoghi.it\/index.php\/2014\/03\/02\/ines2\/#breadcrumb","itemListElement":[{"@type":"ListItem","position":1,"name":"Home","item":"https:\/\/arteeluoghi.it\/"},{"@type":"ListItem","position":2,"name":"Appunti di viaggio. Le citt\u00e0 di Ines"}]},{"@type":"Article","@id":"https:\/\/arteeluoghi.it\/index.php\/2014\/03\/02\/ines2\/#article","isPartOf":{"@id":"https:\/\/arteeluoghi.it\/index.php\/2014\/03\/02\/ines2\/#webpage"},"author":{"@id":"https:\/\/arteeluoghi.it\/#\/schema\/person\/f84e814e36e91e01448ee07eaadd41d4"},"headline":"Appunti di viaggio. Le citt\u00e0 di Ines","datePublished":"2014-03-02T13:36:18+00:00","dateModified":"2014-03-02T13:36:18+00:00","mainEntityOfPage":{"@id":"https:\/\/arteeluoghi.it\/index.php\/2014\/03\/02\/ines2\/#webpage"},"wordCount":647,"commentCount":0,"publisher":{"@id":"https:\/\/arteeluoghi.it\/#organization"},"image":{"@id":"https:\/\/arteeluoghi.it\/index.php\/2014\/03\/02\/ines2\/#primaryimage"},"thumbnailUrl":"\/images\/ines2.jpg","articleSection":["Arte"],"inLanguage":"it-IT","potentialAction":[{"@type":"CommentAction","name":"Comment","target":["https:\/\/arteeluoghi.it\/index.php\/2014\/03\/02\/ines2\/#respond"]}]},{"@type":"Person","@id":"https:\/\/arteeluoghi.it\/#\/schema\/person\/f84e814e36e91e01448ee07eaadd41d4","name":"Staff","image":{"@type":"ImageObject","@id":"https:\/\/arteeluoghi.it\/#personlogo","inLanguage":"it-IT","url":"https:\/\/secure.gravatar.com\/avatar\/49d2f9e46271bb04e19cebfaf141313a?s=96&d=blank&r=g","contentUrl":"https:\/\/secure.gravatar.com\/avatar\/49d2f9e46271bb04e19cebfaf141313a?s=96&d=blank&r=g","caption":"Staff"}}]}},"_links":{"self":[{"href":"https:\/\/arteeluoghi.it\/index.php\/wp-json\/wp\/v2\/posts\/1597"}],"collection":[{"href":"https:\/\/arteeluoghi.it\/index.php\/wp-json\/wp\/v2\/posts"}],"about":[{"href":"https:\/\/arteeluoghi.it\/index.php\/wp-json\/wp\/v2\/types\/post"}],"author":[{"embeddable":true,"href":"https:\/\/arteeluoghi.it\/index.php\/wp-json\/wp\/v2\/users\/1"}],"replies":[{"embeddable":true,"href":"https:\/\/arteeluoghi.it\/index.php\/wp-json\/wp\/v2\/comments?post=1597"}],"version-history":[{"count":0,"href":"https:\/\/arteeluoghi.it\/index.php\/wp-json\/wp\/v2\/posts\/1597\/revisions"}],"wp:attachment":[{"href":"https:\/\/arteeluoghi.it\/index.php\/wp-json\/wp\/v2\/media?parent=1597"}],"wp:term":[{"taxonomy":"category","embeddable":true,"href":"https:\/\/arteeluoghi.it\/index.php\/wp-json\/wp\/v2\/categories?post=1597"},{"taxonomy":"post_tag","embeddable":true,"href":"https:\/\/arteeluoghi.it\/index.php\/wp-json\/wp\/v2\/tags?post=1597"}],"curies":[{"name":"wp","href":"https:\/\/api.w.org\/{rel}","templated":true}]}}