{"id":16081,"date":"2025-10-01T20:43:00","date_gmt":"2025-10-01T18:43:00","guid":{"rendered":"https:\/\/arteeluoghi.it\/?p=16081"},"modified":"2025-10-18T20:47:19","modified_gmt":"2025-10-18T18:47:19","slug":"moncalieri-jazz-festival-guidi-omaggia-frank-sinatra","status":"publish","type":"post","link":"https:\/\/arteeluoghi.it\/index.php\/2025\/10\/01\/moncalieri-jazz-festival-guidi-omaggia-frank-sinatra\/","title":{"rendered":"Moncalieri Jazz Festival . Guidi omaggia Frank Sinatra"},"content":{"rendered":"\n<blockquote class=\"wp-block-quote is-style-default\"><p>Venerd\u00ec 26 ottobre all\u2019Auditorium Rai di Torino Gianluca Guidi e l\u2019Orchestra Sinfonica Nazionale RAI celebrano i 110 anni della nascita di \u201cThe Voice\u201d<\/p><\/blockquote>\n\n\n\n<p>Per la prima volta nella sua storia, il Moncalieri Jazz Festival sposta il tradizionale concerto di Torino all\u2019inizio della sua manifestazione. Ad aprire la ventottesima edizione del festival, dopo il tradizionale opening show della Notte Nera a Moncalieri, in programma sabato 25 ottobre e che vedr\u00e0 esibirsi per tutta la sera decine di gruppi jazz per la cittadina, domenica 26 ottobre 2025 alle ore 18.00 presso l\u2019Auditorium Rai \u201cArturo Toscanini\u201d avr\u00e0 luogo il concerto dedicato ai 110 anni dalla nascita di Frank Sinatra, la voce intramontabile che ha attraversato generazioni e segnato la storia della musica del Novecento.<\/p>\n\n\n\n<!--more-->\n\n\n\n<div class=\"wp-block-image\"><figure class=\"alignleft size-large is-resized\"><img loading=\"lazy\" src=\"https:\/\/arteeluoghi.it\/wp-content\/uploads\/2025\/10\/guidi.jpg\" alt=\"\" class=\"wp-image-16083\" width=\"428\" height=\"240\" srcset=\"https:\/\/arteeluoghi.it\/wp-content\/uploads\/2025\/10\/guidi.jpg 800w, https:\/\/arteeluoghi.it\/wp-content\/uploads\/2025\/10\/guidi-300x168.jpg 300w, https:\/\/arteeluoghi.it\/wp-content\/uploads\/2025\/10\/guidi-768x430.jpg 768w\" sizes=\"(max-width: 428px) 100vw, 428px\" \/><\/figure><\/div>\n\n\n\n<p>Protagonista della serata sar\u00e0 Gianluca Guidi, cantante e attore, figlio d\u2019arte di Johnny Dorelli e Lauretta Masiero, da sempre legato al repertorio di Sinatra. Guidi porter\u00e0 sul palco una performance unica, arricchita da racconti e aneddoti personali che renderanno omaggio al mito di \u201cThe Voice\u201d con la forza della memoria e l\u2019attualit\u00e0 dell\u2019interpretazione.<br>Ad accompagnarlo ci sar\u00e0 l\u2019Orchestra Sinfonica Nazionale della RAI diretta da Steven Mercurio, con arrangiamenti e orchestrazioni di Andrea Ravizza, impreziosita da una House Band jazz composta da Claudio Chiara, Valerio Signetto, Gianni Virone, Luca Biggio, Gianni Alberti, Fabio Gorlier, Francesco Bertone e Gianpaolo Petrini.<br>Il concerto sar\u00e0 tradotto anche in Lingua dei Segni LIS grazie a Caterina Musio e reso accessibile con sottotitoli, a conferma della volont\u00e0 del Festival di abbracciare un pubblico sempre pi\u00f9 ampio e inclusivo. A introdurre la serata sar\u00e0 Marco Basso, critico musicale de La Stampa.<br>I biglietti sono gi\u00e0 disponibili in prevendita su www.ticket.it, con possibilit\u00e0 di usufruire del Bonus Sostenibile: chi utilizzer\u00e0 i bus navetta messi a disposizione dal Festival per ridurre l\u2019impatto ambientale avr\u00e0 diritto a uno sconto del 10% sul prezzo del biglietto.<\/p>\n\n\n\n<p>red.<\/p>\n","protected":false},"excerpt":{"rendered":"<p>Venerd\u00ec 26 ottobre all\u2019Auditorium Rai di Torino Gianluca Guidi e l\u2019Orchestra Sinfonica Nazionale RAI celebrano i 110 anni della nascita<\/p>\n","protected":false},"author":1,"featured_media":16082,"comment_status":"open","ping_status":"open","sticky":true,"template":"","format":"standard","meta":[],"categories":[12],"tags":[6812,6810,6811,6281],"yoast_head":"<!-- This site is optimized with the Yoast SEO plugin v18.0 - https:\/\/yoast.com\/wordpress\/plugins\/seo\/ -->\n<title>Moncalieri Jazz Festival . Guidi omaggia Frank Sinatra | Arte e Luoghi<\/title>\n<meta name=\"description\" content=\"Venerd\u00ec 26 ottobre all\u2019Auditorium Rai di Torino Gianluca Guidi e l\u2019Orchestra Sinfonica Nazionale RAI celebrano i 110 anni\" \/>\n<meta name=\"robots\" content=\"index, follow, max-snippet:-1, max-image-preview:large, max-video-preview:-1\" \/>\n<link rel=\"canonical\" href=\"https:\/\/arteeluoghi.it\/index.php\/2025\/10\/01\/moncalieri-jazz-festival-guidi-omaggia-frank-sinatra\/\" \/>\n<meta property=\"og:locale\" content=\"it_IT\" \/>\n<meta property=\"og:type\" content=\"article\" \/>\n<meta property=\"og:title\" content=\"Moncalieri Jazz Festival . Guidi omaggia Frank Sinatra | Arte e Luoghi\" \/>\n<meta property=\"og:description\" content=\"Venerd\u00ec 26 ottobre all\u2019Auditorium Rai di Torino Gianluca Guidi e l\u2019Orchestra Sinfonica Nazionale RAI celebrano i 110 anni\" \/>\n<meta property=\"og:url\" content=\"https:\/\/arteeluoghi.it\/index.php\/2025\/10\/01\/moncalieri-jazz-festival-guidi-omaggia-frank-sinatra\/\" \/>\n<meta property=\"og:site_name\" content=\"Arte e Luoghi\" \/>\n<meta property=\"article:publisher\" content=\"https:\/\/www.facebook.com\/ArteELuoghi\/\" \/>\n<meta property=\"article:published_time\" content=\"2025-10-01T18:43:00+00:00\" \/>\n<meta property=\"article:modified_time\" content=\"2025-10-18T18:47:19+00:00\" \/>\n<meta property=\"og:image\" content=\"https:\/\/arteeluoghi.it\/wp-content\/uploads\/2025\/10\/Frank_Sinatra_1957_studio_portrait_close-up.jpg\" \/>\n\t<meta property=\"og:image:width\" content=\"1212\" \/>\n\t<meta property=\"og:image:height\" content=\"1595\" \/>\n\t<meta property=\"og:image:type\" content=\"image\/jpeg\" \/>\n<meta name=\"twitter:card\" content=\"summary\" \/>\n<meta name=\"twitter:creator\" content=\"@arteeluoghi\" \/>\n<meta name=\"twitter:site\" content=\"@arteeluoghi\" \/>\n<meta name=\"twitter:label1\" content=\"Scritto da\" \/>\n\t<meta name=\"twitter:data1\" content=\"Staff\" \/>\n\t<meta name=\"twitter:label2\" content=\"Tempo di lettura stimato\" \/>\n\t<meta name=\"twitter:data2\" content=\"2 minuti\" \/>\n<script type=\"application\/ld+json\" class=\"yoast-schema-graph\">{\"@context\":\"https:\/\/schema.org\",\"@graph\":[{\"@type\":\"Organization\",\"@id\":\"https:\/\/arteeluoghi.it\/#organization\",\"name\":\"Arte e Luoghi\",\"url\":\"https:\/\/arteeluoghi.it\/\",\"sameAs\":[\"https:\/\/www.facebook.com\/ArteELuoghi\/\",\"https:\/\/www.instagram.com\/arteeluoghi\/?hl=it\",\"https:\/\/www.youtube.com\/channel\/UCuRVc4JW4-C5sg9rQB-srkw?view_as=subscriber\",\"https:\/\/twitter.com\/arteeluoghi\"],\"logo\":{\"@type\":\"ImageObject\",\"@id\":\"https:\/\/arteeluoghi.it\/#logo\",\"inLanguage\":\"it-IT\",\"url\":\"https:\/\/arteeluoghi.it\/wp-content\/uploads\/2018\/08\/logoinstagramarte.jpg\",\"contentUrl\":\"https:\/\/arteeluoghi.it\/wp-content\/uploads\/2018\/08\/logoinstagramarte.jpg\",\"width\":150,\"height\":150,\"caption\":\"Arte e Luoghi\"},\"image\":{\"@id\":\"https:\/\/arteeluoghi.it\/#logo\"}},{\"@type\":\"WebSite\",\"@id\":\"https:\/\/arteeluoghi.it\/#website\",\"url\":\"https:\/\/arteeluoghi.it\/\",\"name\":\"Arte e Luoghi\",\"description\":\"Mensile di arte, cultura, turismo e curiosit\u00e0\",\"publisher\":{\"@id\":\"https:\/\/arteeluoghi.it\/#organization\"},\"potentialAction\":[{\"@type\":\"SearchAction\",\"target\":{\"@type\":\"EntryPoint\",\"urlTemplate\":\"https:\/\/arteeluoghi.it\/?s={search_term_string}\"},\"query-input\":\"required name=search_term_string\"}],\"inLanguage\":\"it-IT\"},{\"@type\":\"ImageObject\",\"@id\":\"https:\/\/arteeluoghi.it\/index.php\/2025\/10\/01\/moncalieri-jazz-festival-guidi-omaggia-frank-sinatra\/#primaryimage\",\"inLanguage\":\"it-IT\",\"url\":\"https:\/\/arteeluoghi.it\/wp-content\/uploads\/2025\/10\/Frank_Sinatra_1957_studio_portrait_close-up.jpg\",\"contentUrl\":\"https:\/\/arteeluoghi.it\/wp-content\/uploads\/2025\/10\/Frank_Sinatra_1957_studio_portrait_close-up.jpg\",\"width\":1212,\"height\":1595},{\"@type\":\"WebPage\",\"@id\":\"https:\/\/arteeluoghi.it\/index.php\/2025\/10\/01\/moncalieri-jazz-festival-guidi-omaggia-frank-sinatra\/#webpage\",\"url\":\"https:\/\/arteeluoghi.it\/index.php\/2025\/10\/01\/moncalieri-jazz-festival-guidi-omaggia-frank-sinatra\/\",\"name\":\"Moncalieri Jazz Festival . Guidi omaggia Frank Sinatra | Arte e Luoghi\",\"isPartOf\":{\"@id\":\"https:\/\/arteeluoghi.it\/#website\"},\"primaryImageOfPage\":{\"@id\":\"https:\/\/arteeluoghi.it\/index.php\/2025\/10\/01\/moncalieri-jazz-festival-guidi-omaggia-frank-sinatra\/#primaryimage\"},\"datePublished\":\"2025-10-01T18:43:00+00:00\",\"dateModified\":\"2025-10-18T18:47:19+00:00\",\"description\":\"Venerd\u00ec 26 ottobre all\u2019Auditorium Rai di Torino Gianluca Guidi e l\u2019Orchestra Sinfonica Nazionale RAI celebrano i 110 anni\",\"breadcrumb\":{\"@id\":\"https:\/\/arteeluoghi.it\/index.php\/2025\/10\/01\/moncalieri-jazz-festival-guidi-omaggia-frank-sinatra\/#breadcrumb\"},\"inLanguage\":\"it-IT\",\"potentialAction\":[{\"@type\":\"ReadAction\",\"target\":[\"https:\/\/arteeluoghi.it\/index.php\/2025\/10\/01\/moncalieri-jazz-festival-guidi-omaggia-frank-sinatra\/\"]}]},{\"@type\":\"BreadcrumbList\",\"@id\":\"https:\/\/arteeluoghi.it\/index.php\/2025\/10\/01\/moncalieri-jazz-festival-guidi-omaggia-frank-sinatra\/#breadcrumb\",\"itemListElement\":[{\"@type\":\"ListItem\",\"position\":1,\"name\":\"Home\",\"item\":\"https:\/\/arteeluoghi.it\/\"},{\"@type\":\"ListItem\",\"position\":2,\"name\":\"Moncalieri Jazz Festival . Guidi omaggia Frank Sinatra\"}]},{\"@type\":\"Article\",\"@id\":\"https:\/\/arteeluoghi.it\/index.php\/2025\/10\/01\/moncalieri-jazz-festival-guidi-omaggia-frank-sinatra\/#article\",\"isPartOf\":{\"@id\":\"https:\/\/arteeluoghi.it\/index.php\/2025\/10\/01\/moncalieri-jazz-festival-guidi-omaggia-frank-sinatra\/#webpage\"},\"author\":{\"@id\":\"https:\/\/arteeluoghi.it\/#\/schema\/person\/f84e814e36e91e01448ee07eaadd41d4\"},\"headline\":\"Moncalieri Jazz Festival . Guidi omaggia Frank Sinatra\",\"datePublished\":\"2025-10-01T18:43:00+00:00\",\"dateModified\":\"2025-10-18T18:47:19+00:00\",\"mainEntityOfPage\":{\"@id\":\"https:\/\/arteeluoghi.it\/index.php\/2025\/10\/01\/moncalieri-jazz-festival-guidi-omaggia-frank-sinatra\/#webpage\"},\"wordCount\":317,\"commentCount\":0,\"publisher\":{\"@id\":\"https:\/\/arteeluoghi.it\/#organization\"},\"image\":{\"@id\":\"https:\/\/arteeluoghi.it\/index.php\/2025\/10\/01\/moncalieri-jazz-festival-guidi-omaggia-frank-sinatra\/#primaryimage\"},\"thumbnailUrl\":\"https:\/\/arteeluoghi.it\/wp-content\/uploads\/2025\/10\/Frank_Sinatra_1957_studio_portrait_close-up.jpg\",\"keywords\":[\"Auditorium Rai \u201cArturo Toscanini\u201d\",\"Franck Sinatra\",\"Gianluca Guidi\",\"Moncalieri Jazz Festival\"],\"articleSection\":[\"MUSICA\"],\"inLanguage\":\"it-IT\",\"potentialAction\":[{\"@type\":\"CommentAction\",\"name\":\"Comment\",\"target\":[\"https:\/\/arteeluoghi.it\/index.php\/2025\/10\/01\/moncalieri-jazz-festival-guidi-omaggia-frank-sinatra\/#respond\"]}]},{\"@type\":\"Person\",\"@id\":\"https:\/\/arteeluoghi.it\/#\/schema\/person\/f84e814e36e91e01448ee07eaadd41d4\",\"name\":\"Staff\",\"image\":{\"@type\":\"ImageObject\",\"@id\":\"https:\/\/arteeluoghi.it\/#personlogo\",\"inLanguage\":\"it-IT\",\"url\":\"https:\/\/secure.gravatar.com\/avatar\/49d2f9e46271bb04e19cebfaf141313a?s=96&d=blank&r=g\",\"contentUrl\":\"https:\/\/secure.gravatar.com\/avatar\/49d2f9e46271bb04e19cebfaf141313a?s=96&d=blank&r=g\",\"caption\":\"Staff\"}}]}<\/script>\n<!-- \/ Yoast SEO plugin. -->","yoast_head_json":{"title":"Moncalieri Jazz Festival . Guidi omaggia Frank Sinatra | Arte e Luoghi","description":"Venerd\u00ec 26 ottobre all\u2019Auditorium Rai di Torino Gianluca Guidi e l\u2019Orchestra Sinfonica Nazionale RAI celebrano i 110 anni","robots":{"index":"index","follow":"follow","max-snippet":"max-snippet:-1","max-image-preview":"max-image-preview:large","max-video-preview":"max-video-preview:-1"},"canonical":"https:\/\/arteeluoghi.it\/index.php\/2025\/10\/01\/moncalieri-jazz-festival-guidi-omaggia-frank-sinatra\/","og_locale":"it_IT","og_type":"article","og_title":"Moncalieri Jazz Festival . Guidi omaggia Frank Sinatra | Arte e Luoghi","og_description":"Venerd\u00ec 26 ottobre all\u2019Auditorium Rai di Torino Gianluca Guidi e l\u2019Orchestra Sinfonica Nazionale RAI celebrano i 110 anni","og_url":"https:\/\/arteeluoghi.it\/index.php\/2025\/10\/01\/moncalieri-jazz-festival-guidi-omaggia-frank-sinatra\/","og_site_name":"Arte e Luoghi","article_publisher":"https:\/\/www.facebook.com\/ArteELuoghi\/","article_published_time":"2025-10-01T18:43:00+00:00","article_modified_time":"2025-10-18T18:47:19+00:00","og_image":[{"width":1212,"height":1595,"url":"https:\/\/arteeluoghi.it\/wp-content\/uploads\/2025\/10\/Frank_Sinatra_1957_studio_portrait_close-up.jpg","type":"image\/jpeg"}],"twitter_card":"summary","twitter_creator":"@arteeluoghi","twitter_site":"@arteeluoghi","twitter_misc":{"Scritto da":"Staff","Tempo di lettura stimato":"2 minuti"},"schema":{"@context":"https:\/\/schema.org","@graph":[{"@type":"Organization","@id":"https:\/\/arteeluoghi.it\/#organization","name":"Arte e Luoghi","url":"https:\/\/arteeluoghi.it\/","sameAs":["https:\/\/www.facebook.com\/ArteELuoghi\/","https:\/\/www.instagram.com\/arteeluoghi\/?hl=it","https:\/\/www.youtube.com\/channel\/UCuRVc4JW4-C5sg9rQB-srkw?view_as=subscriber","https:\/\/twitter.com\/arteeluoghi"],"logo":{"@type":"ImageObject","@id":"https:\/\/arteeluoghi.it\/#logo","inLanguage":"it-IT","url":"https:\/\/arteeluoghi.it\/wp-content\/uploads\/2018\/08\/logoinstagramarte.jpg","contentUrl":"https:\/\/arteeluoghi.it\/wp-content\/uploads\/2018\/08\/logoinstagramarte.jpg","width":150,"height":150,"caption":"Arte e Luoghi"},"image":{"@id":"https:\/\/arteeluoghi.it\/#logo"}},{"@type":"WebSite","@id":"https:\/\/arteeluoghi.it\/#website","url":"https:\/\/arteeluoghi.it\/","name":"Arte e Luoghi","description":"Mensile di arte, cultura, turismo e curiosit\u00e0","publisher":{"@id":"https:\/\/arteeluoghi.it\/#organization"},"potentialAction":[{"@type":"SearchAction","target":{"@type":"EntryPoint","urlTemplate":"https:\/\/arteeluoghi.it\/?s={search_term_string}"},"query-input":"required name=search_term_string"}],"inLanguage":"it-IT"},{"@type":"ImageObject","@id":"https:\/\/arteeluoghi.it\/index.php\/2025\/10\/01\/moncalieri-jazz-festival-guidi-omaggia-frank-sinatra\/#primaryimage","inLanguage":"it-IT","url":"https:\/\/arteeluoghi.it\/wp-content\/uploads\/2025\/10\/Frank_Sinatra_1957_studio_portrait_close-up.jpg","contentUrl":"https:\/\/arteeluoghi.it\/wp-content\/uploads\/2025\/10\/Frank_Sinatra_1957_studio_portrait_close-up.jpg","width":1212,"height":1595},{"@type":"WebPage","@id":"https:\/\/arteeluoghi.it\/index.php\/2025\/10\/01\/moncalieri-jazz-festival-guidi-omaggia-frank-sinatra\/#webpage","url":"https:\/\/arteeluoghi.it\/index.php\/2025\/10\/01\/moncalieri-jazz-festival-guidi-omaggia-frank-sinatra\/","name":"Moncalieri Jazz Festival . Guidi omaggia Frank Sinatra | Arte e Luoghi","isPartOf":{"@id":"https:\/\/arteeluoghi.it\/#website"},"primaryImageOfPage":{"@id":"https:\/\/arteeluoghi.it\/index.php\/2025\/10\/01\/moncalieri-jazz-festival-guidi-omaggia-frank-sinatra\/#primaryimage"},"datePublished":"2025-10-01T18:43:00+00:00","dateModified":"2025-10-18T18:47:19+00:00","description":"Venerd\u00ec 26 ottobre all\u2019Auditorium Rai di Torino Gianluca Guidi e l\u2019Orchestra Sinfonica Nazionale RAI celebrano i 110 anni","breadcrumb":{"@id":"https:\/\/arteeluoghi.it\/index.php\/2025\/10\/01\/moncalieri-jazz-festival-guidi-omaggia-frank-sinatra\/#breadcrumb"},"inLanguage":"it-IT","potentialAction":[{"@type":"ReadAction","target":["https:\/\/arteeluoghi.it\/index.php\/2025\/10\/01\/moncalieri-jazz-festival-guidi-omaggia-frank-sinatra\/"]}]},{"@type":"BreadcrumbList","@id":"https:\/\/arteeluoghi.it\/index.php\/2025\/10\/01\/moncalieri-jazz-festival-guidi-omaggia-frank-sinatra\/#breadcrumb","itemListElement":[{"@type":"ListItem","position":1,"name":"Home","item":"https:\/\/arteeluoghi.it\/"},{"@type":"ListItem","position":2,"name":"Moncalieri Jazz Festival . Guidi omaggia Frank Sinatra"}]},{"@type":"Article","@id":"https:\/\/arteeluoghi.it\/index.php\/2025\/10\/01\/moncalieri-jazz-festival-guidi-omaggia-frank-sinatra\/#article","isPartOf":{"@id":"https:\/\/arteeluoghi.it\/index.php\/2025\/10\/01\/moncalieri-jazz-festival-guidi-omaggia-frank-sinatra\/#webpage"},"author":{"@id":"https:\/\/arteeluoghi.it\/#\/schema\/person\/f84e814e36e91e01448ee07eaadd41d4"},"headline":"Moncalieri Jazz Festival . Guidi omaggia Frank Sinatra","datePublished":"2025-10-01T18:43:00+00:00","dateModified":"2025-10-18T18:47:19+00:00","mainEntityOfPage":{"@id":"https:\/\/arteeluoghi.it\/index.php\/2025\/10\/01\/moncalieri-jazz-festival-guidi-omaggia-frank-sinatra\/#webpage"},"wordCount":317,"commentCount":0,"publisher":{"@id":"https:\/\/arteeluoghi.it\/#organization"},"image":{"@id":"https:\/\/arteeluoghi.it\/index.php\/2025\/10\/01\/moncalieri-jazz-festival-guidi-omaggia-frank-sinatra\/#primaryimage"},"thumbnailUrl":"https:\/\/arteeluoghi.it\/wp-content\/uploads\/2025\/10\/Frank_Sinatra_1957_studio_portrait_close-up.jpg","keywords":["Auditorium Rai \u201cArturo Toscanini\u201d","Franck Sinatra","Gianluca Guidi","Moncalieri Jazz Festival"],"articleSection":["MUSICA"],"inLanguage":"it-IT","potentialAction":[{"@type":"CommentAction","name":"Comment","target":["https:\/\/arteeluoghi.it\/index.php\/2025\/10\/01\/moncalieri-jazz-festival-guidi-omaggia-frank-sinatra\/#respond"]}]},{"@type":"Person","@id":"https:\/\/arteeluoghi.it\/#\/schema\/person\/f84e814e36e91e01448ee07eaadd41d4","name":"Staff","image":{"@type":"ImageObject","@id":"https:\/\/arteeluoghi.it\/#personlogo","inLanguage":"it-IT","url":"https:\/\/secure.gravatar.com\/avatar\/49d2f9e46271bb04e19cebfaf141313a?s=96&d=blank&r=g","contentUrl":"https:\/\/secure.gravatar.com\/avatar\/49d2f9e46271bb04e19cebfaf141313a?s=96&d=blank&r=g","caption":"Staff"}}]}},"_links":{"self":[{"href":"https:\/\/arteeluoghi.it\/index.php\/wp-json\/wp\/v2\/posts\/16081"}],"collection":[{"href":"https:\/\/arteeluoghi.it\/index.php\/wp-json\/wp\/v2\/posts"}],"about":[{"href":"https:\/\/arteeluoghi.it\/index.php\/wp-json\/wp\/v2\/types\/post"}],"author":[{"embeddable":true,"href":"https:\/\/arteeluoghi.it\/index.php\/wp-json\/wp\/v2\/users\/1"}],"replies":[{"embeddable":true,"href":"https:\/\/arteeluoghi.it\/index.php\/wp-json\/wp\/v2\/comments?post=16081"}],"version-history":[{"count":1,"href":"https:\/\/arteeluoghi.it\/index.php\/wp-json\/wp\/v2\/posts\/16081\/revisions"}],"predecessor-version":[{"id":16084,"href":"https:\/\/arteeluoghi.it\/index.php\/wp-json\/wp\/v2\/posts\/16081\/revisions\/16084"}],"wp:featuredmedia":[{"embeddable":true,"href":"https:\/\/arteeluoghi.it\/index.php\/wp-json\/wp\/v2\/media\/16082"}],"wp:attachment":[{"href":"https:\/\/arteeluoghi.it\/index.php\/wp-json\/wp\/v2\/media?parent=16081"}],"wp:term":[{"taxonomy":"category","embeddable":true,"href":"https:\/\/arteeluoghi.it\/index.php\/wp-json\/wp\/v2\/categories?post=16081"},{"taxonomy":"post_tag","embeddable":true,"href":"https:\/\/arteeluoghi.it\/index.php\/wp-json\/wp\/v2\/tags?post=16081"}],"curies":[{"name":"wp","href":"https:\/\/api.w.org\/{rel}","templated":true}]}}