{"id":16164,"date":"2025-10-24T13:09:49","date_gmt":"2025-10-24T11:09:49","guid":{"rendered":"https:\/\/arteeluoghi.it\/?p=16164"},"modified":"2025-10-24T13:09:50","modified_gmt":"2025-10-24T11:09:50","slug":"una-giornata-particolare-per-hidetoshi-nagasawa","status":"publish","type":"post","link":"https:\/\/arteeluoghi.it\/index.php\/2025\/10\/24\/una-giornata-particolare-per-hidetoshi-nagasawa\/","title":{"rendered":"Una giornata particolare per Hidetoshi Nagasawa"},"content":{"rendered":"\n<blockquote class=\"wp-block-quote is-style-default\"><p>Il 7 novembre alla Masseria Secolario (Otranto) l\u2019Associazione \u201cAmici di Hidetoshi\u201d, nata per iniziativa di alcuni suoi stretti amici a ridosso della scomparsa dell\u2019artista, ha deciso di festeggiarlo nel Salento, territorio a lui molto amico, quasi una sua seconda casa.<\/p><\/blockquote>\n\n\n\n<p><strong>Una \u2018giornata particolare\u2019 per Hidetoshi Nagasawa<\/strong> (Tonei,\u00a030 ottobre\u00a01940\u00a0\u2013\u00a0Ponderano,\u00a024 marzo\u00a02018)  \u00e8 l&#8217;iniziativa organizzata dall&#8217;Associazione \u201cAmici di Hidetoshi\u201d che si terr\u00e0 il 7 novembre alla Masseria Secolario in Otranto ( a partire dalle ore 10), uno dei luoghi cari all&#8217;artista giapponese che il 30 ottobre avrebbe compiuto 85 anni.  Personalmente ho avuto il privilegio di incontrare Nagasawa grazie al compianto architetto Giacinto Leone che all&#8217;epoca &#8211; era il 3 giugno del lontano 2004  &#8211; era direttore dell&#8217;Accademia di Belle Arti e alla curatrice ed esperta d&#8217;arte Anna Cirignola. <\/p>\n\n\n\n<!--more-->\n\n\n\n<p>Fui invitata, come giornalista di Leccesera, all&#8217;incontro con il maestro nell&#8217;Accademia di Belle Arti dove erano state collocate due straordinarie installazioni, assistetti alla firma sul libro degli ospiti ed ebbi l&#8217;opportunit\u00e0 di dialogare con lui. Ne usc\u00ec fuori un articolo, che riporto in calce, ricordando soprattutto il sorriso e le parole di Hidetoshi Nagasawa alla mia domanda sul senso dell&#8217;arte contemporanea: \u00abL&#8217;arte \u00e8 in ogni tempo contemporanea all&#8217;artista e rappresenta sempre il bene a differenza della guerra che \u00e8 il male in assoluto. Purtroppo non siamo diventati pi\u00f9 intelligenti di tremila anni fa, per questo l&#8217;uomo continua ad insanguinare il mondo. Con la mia arte io dico che sono contrario a tutto questo e cerco di suggerire la positivit\u00e0, perch\u00e9 tutti possano pensare davanti alla bellezza di un&#8217;opera d&#8217;arte per fortuna sono ancora vivo\u00bb. <\/p>\n\n\n\n<p>Parole scolpite, che risuonano di un&#8217;attualit\u00e0 disarmante in un contesto storico dove prevale la violenza, la sopraffazione, l&#8217;annullamento dei diritti dei molti in nome del potere di pochi. <\/p>\n\n\n\n<figure class=\"wp-block-gallery columns-3 is-cropped\"><ul class=\"blocks-gallery-grid\"><li class=\"blocks-gallery-item\"><figure><img loading=\"lazy\" width=\"1024\" height=\"680\" src=\"https:\/\/arteeluoghi.it\/wp-content\/uploads\/2025\/10\/Hidetoshi-Nagasawa_Ritratto-2013-foto-di-Giorgio-Benni-1024x680.png\" alt=\"\" data-id=\"16167\" data-full-url=\"https:\/\/arteeluoghi.it\/wp-content\/uploads\/2025\/10\/Hidetoshi-Nagasawa_Ritratto-2013-foto-di-Giorgio-Benni.png\" data-link=\"https:\/\/arteeluoghi.it\/?attachment_id=16167\" class=\"wp-image-16167\" srcset=\"https:\/\/arteeluoghi.it\/wp-content\/uploads\/2025\/10\/Hidetoshi-Nagasawa_Ritratto-2013-foto-di-Giorgio-Benni-1024x680.png 1024w, https:\/\/arteeluoghi.it\/wp-content\/uploads\/2025\/10\/Hidetoshi-Nagasawa_Ritratto-2013-foto-di-Giorgio-Benni-300x199.png 300w, https:\/\/arteeluoghi.it\/wp-content\/uploads\/2025\/10\/Hidetoshi-Nagasawa_Ritratto-2013-foto-di-Giorgio-Benni-768x510.png 768w, https:\/\/arteeluoghi.it\/wp-content\/uploads\/2025\/10\/Hidetoshi-Nagasawa_Ritratto-2013-foto-di-Giorgio-Benni-1536x1020.png 1536w, https:\/\/arteeluoghi.it\/wp-content\/uploads\/2025\/10\/Hidetoshi-Nagasawa_Ritratto-2013-foto-di-Giorgio-Benni.png 1600w\" sizes=\"(max-width: 1024px) 100vw, 1024px\" \/><figcaption class=\"blocks-gallery-item__caption\">Hidetoshi-Nagasawa_Ritratto-2013 foto di Giorgio Benni<\/figcaption><\/figure><\/li><li class=\"blocks-gallery-item\"><figure><img loading=\"lazy\" width=\"1024\" height=\"537\" src=\"https:\/\/arteeluoghi.it\/wp-content\/uploads\/2025\/10\/Hidetoshi-Nagasawa-e-un-ulivo-salentino-1024x537.jpg\" alt=\"\" data-id=\"16166\" data-full-url=\"https:\/\/arteeluoghi.it\/wp-content\/uploads\/2025\/10\/Hidetoshi-Nagasawa-e-un-ulivo-salentino.jpg\" data-link=\"https:\/\/arteeluoghi.it\/?attachment_id=16166\" class=\"wp-image-16166\" srcset=\"https:\/\/arteeluoghi.it\/wp-content\/uploads\/2025\/10\/Hidetoshi-Nagasawa-e-un-ulivo-salentino-1024x537.jpg 1024w, https:\/\/arteeluoghi.it\/wp-content\/uploads\/2025\/10\/Hidetoshi-Nagasawa-e-un-ulivo-salentino-300x157.jpg 300w, https:\/\/arteeluoghi.it\/wp-content\/uploads\/2025\/10\/Hidetoshi-Nagasawa-e-un-ulivo-salentino-768x403.jpg 768w, https:\/\/arteeluoghi.it\/wp-content\/uploads\/2025\/10\/Hidetoshi-Nagasawa-e-un-ulivo-salentino-1536x806.jpg 1536w, https:\/\/arteeluoghi.it\/wp-content\/uploads\/2025\/10\/Hidetoshi-Nagasawa-e-un-ulivo-salentino-2048x1075.jpg 2048w, https:\/\/arteeluoghi.it\/wp-content\/uploads\/2025\/10\/Hidetoshi-Nagasawa-e-un-ulivo-salentino-390x205.jpg 390w\" sizes=\"(max-width: 1024px) 100vw, 1024px\" \/><figcaption class=\"blocks-gallery-item__caption\">Hidetoshi-Nagasawa e un ulivo salentino<\/figcaption><\/figure><\/li><li class=\"blocks-gallery-item\"><figure><img loading=\"lazy\" width=\"1024\" height=\"725\" src=\"https:\/\/arteeluoghi.it\/wp-content\/uploads\/2025\/10\/Hidetoshi-Nagasawa-2000-foto-di-Rodolfo-Fiorenza-1024x725.png\" alt=\"\" data-id=\"16165\" data-full-url=\"https:\/\/arteeluoghi.it\/wp-content\/uploads\/2025\/10\/Hidetoshi-Nagasawa-2000-foto-di-Rodolfo-Fiorenza.png\" data-link=\"https:\/\/arteeluoghi.it\/?attachment_id=16165\" class=\"wp-image-16165\" srcset=\"https:\/\/arteeluoghi.it\/wp-content\/uploads\/2025\/10\/Hidetoshi-Nagasawa-2000-foto-di-Rodolfo-Fiorenza-1024x725.png 1024w, https:\/\/arteeluoghi.it\/wp-content\/uploads\/2025\/10\/Hidetoshi-Nagasawa-2000-foto-di-Rodolfo-Fiorenza-300x213.png 300w, https:\/\/arteeluoghi.it\/wp-content\/uploads\/2025\/10\/Hidetoshi-Nagasawa-2000-foto-di-Rodolfo-Fiorenza-768x544.png 768w, https:\/\/arteeluoghi.it\/wp-content\/uploads\/2025\/10\/Hidetoshi-Nagasawa-2000-foto-di-Rodolfo-Fiorenza.png 1379w\" sizes=\"(max-width: 1024px) 100vw, 1024px\" \/><figcaption class=\"blocks-gallery-item__caption\">Hidetoshi Nagasawa, 2000, foto di Rodolfo Fiorenza<\/figcaption><\/figure><\/li><\/ul><\/figure>\n\n\n\n<p>In quell&#8217;occasione parl\u00f2 del suo straordinario viaggio in bicicletta attraversando diciasette nazioni per arrivare in Italia, a Brindisi, e mentre parlava si comprendeva la profonda cultura dell&#8217;uomo, imprescindibile dall&#8217;artista affascinato dal rapporto uomo natura, che aveva instaurato un legame particolare con il Salento. Per lui la luce che c&#8217;\u00e8 qui aveva suggerito la metafisica a De Chirico e si sentiva \u00abin equilibrio nel bel mezzo delle due culture: a destra c&#8217;\u00e8 quella giapponese, a sinistra quella italiana; il mio pensiero non \u00e8 una fusione ma la ricerca dei punti di contatto che sono comuni ad entrambe e che devono solo essere scoperti\u00bb, aveva espresso.<\/p>\n\n\n\n<p>A Casarano, dove fu insignito della cittadinanza onoraria nel 2004, ha lasciato un\u2019importante opera pubblica &#8220;Le Ali&#8221; nella piazza dedicata alle due sorelle, Daniela e Paola Bastaniutti, tragicamente morte nell\u2019attentato del 2005 a Sharm El Sheikh. Altre sue opere sono presenti in Salento, tra interventi pubblici e collezioni private. Presenza, nel suo caso,  \u2013 spiegano gli organizzatori della &#8220;giornata&#8221; \u2013 significa attualit\u00e0 della sua idea di arte, concretezza di quello spazio indagato e, per certi versi, saturato dagli elementi compositivi del suo lavoro. Significa spinta, desiderio, tensione nel cosmo. E significa invenzione dello spazio stesso attraverso i vettori delle sue installazioni, che siano elementi fragili come la carta, alchemici come il rame, potenti come l\u2019acciaio, secolari come il marmo e il legno. Significa poesia, generosit\u00e0. Significa attenzione agli elementi naturali, apertura ai giovani. Cura dello spirito.<\/p>\n\n\n\n<p>Per queste, ed altre ragioni, il\u00a0<strong>7 novembre 2025, dalle ore 11.00,\u00a0<\/strong>l\u2019Associazione \u201cAmici di Hidetoshi\u201d, nata per iniziativa di alcuni suoi stretti amici a ridosso della scomparsa dell\u2019artista, ha deciso di festeggiarlo nel Salento, territorio a lui molto amico, quasi una sua seconda casa, scegliendo tra i luoghi la Masseria Secolario, vicino Otranto, dove \u00e8 presente una suggestiva opera dell\u2019artista, con l&#8217;intento non solo di ricordarlo ma di riattualizzare il lavoro e di presentare la nascente Fondazione Nagasawa.<\/p>\n\n\n\n<p>Questa \u201cgiornata particolare\u201d, curata da&nbsp;<strong>Adriana Polveroni<\/strong>&nbsp;e introdotta da&nbsp;<strong>Paride De Masi<\/strong>, presidente dell\u2019Associazione \u201cAmici di Hidetoshi\u201d e da&nbsp;<strong>Luigi De Luca<\/strong>, direttore del museo Castromediano di Lecce, vede la partecipazione di molti critici e curatori che hanno lavorato con Nagasawa. Tra gli altri:&nbsp;<strong>Bruno Cor\u00e0<\/strong>,&nbsp;<strong>Aldo Iori<\/strong>,&nbsp;<strong>Pablo Rico<\/strong>,&nbsp;<strong>Giorgio Verzotti<\/strong>,&nbsp;<strong>Caterina Niccolini<\/strong>,&nbsp;<strong>Giacomo Zaza<\/strong>,&nbsp;<strong>Caterina Riva<\/strong>,<strong>&nbsp;Fabio Cavallucci<\/strong>.<\/p>\n\n\n\n<p>Accanto ai curatori saranno presenti alcuni artisti che hanno conosciuto e lavorato con Nagasawa insieme ad altri che l\u2019hanno guardato e apprezzato da lontano:\u00a0<strong>Paolo Icaro<\/strong>,\u00a0<strong>Stefano Boccalini<\/strong>,\u00a0<strong>Michele Guido<\/strong>\u00a0e\u00a0<strong>Alice Cattaneo<\/strong>. Parteciperanno poi alcuni suoi galleristi:\u00a0<strong>Andrea Alibrandi<\/strong>\u00a0e\u00a0<strong>Sara Zanin<\/strong>, insieme ad alcuni suoi grandi e anomali committenti come\u00a0<strong>Antonio Presti<\/strong>, nella cui Fiumara d\u2019Arte \u00e8 presente un sua affascinante opera ipogea e\u00a0<strong>Paolo Gori<\/strong>, a testimonianza del lavoro dell\u2019artista nella magnifica Fattoria di Celle in Toscana, e molti altri ancora, tra amici e sostenitori, insieme alla famiglia Nagasawa, a\u00a0<strong>Silvia Fabro<\/strong>, testimone del forte e fertile rapporto tra Nagasawa e\u00a0<strong>Luciano Fabro<\/strong>,\u00a0<strong>Anna Cirignola<\/strong>\u00a0e\u00a0<strong>Toti Semerano<\/strong>, da sempre suoi strettissimi amici e sostenitori.<\/p>\n\n\n\n<p> (an.fu.)<\/p>\n\n\n\n<hr class=\"wp-block-separator\"\/>\n\n\n\n<blockquote class=\"wp-block-quote is-style-default\"><p>Il germe del progetto editoriale &#8220;Arte e Luoghi&#8221; si nutr\u00ec di quegli incontri unici e straordinari. Grazie alla casa editrice Il Raggio Verde,  un anno dopo la rivista fu registrata al Tribunale di Lecce con  l&#8217;idea di diffondere cultura e bellezza perch\u00e9 diffondere pensieri positivi \u00e8 un imperativo a cui non possiamo sottrarci.<\/p><\/blockquote>\n\n\n\n<p><strong>Nagasawa, in equilibrio tra due culture<\/strong><br>Antonietta Fulvio<\/p>\n\n\n\n<p>Di origine giapponese, nato a Tonei in Manciuria, Hidetoshi Nagasawa, tra i maggiori artisti contemporanei, \u00e8 da luned\u00ec cittadino onorario di Casarano.<br>Un riconoscimento che sancisce, ancora di pi\u00f9 il legame dello scultore giapponese con il Salento. E&#8217; il 1966, quando, terminati gli studi, Nagasawa intraprende un leggendario viaggio in bicicletta attraverso 17 nazioni. Ed \u00e8 l&#8217;agosto del 1967 quando approda, per la prima volta, in Italia.<br>Lo abbiamo incontrato in occasione della visita nell&#8217;Accademia di Belle Arti di Lecce. Sul registro degli ospiti ha lasciato la sua firma e un pensiero rimasto per noi nella intraducibilit\u00e0 della sua scrittura &#8220;sospeso&#8221; come le sue mirabili installazioni. Sorridente e con l&#8217;imperturbabilit\u00e0 tipica degli orientali non ha esitato per\u00f2 a svelarci il suo legame con il Salento, che risale a pi\u00f9 di trent&#8217;anni fa.<br>&#8220;Dopo l&#8217;Oriente e la Grecia finalmente arrivavo in Italia, il paese che con la sua luce particolare ha suggerito la metafisica a De Chirico e la teoria della relativit\u00e0 ad Einstein. E&#8217; stata la citt\u00e0 di Brindisi il mio approdo, anche se vivo tra Milano e Tokio, il Salento, la Puglia, \u00e8 ancora oggi per me l&#8217;Italia&#8221;. Un&#8217;affinit\u00e0 suggerita anche da tradizioni comuni: &#8220;anche qui si mangia pesce crudo come nel mio paese. Ma abitudini gastronomiche a parte, ritorno sempre volentieri nel Salento, un paese di alta cultura e la cittadinanza onoraria mi fa sentire ancora pi\u00f9 vicino a questi luoghi&#8221;. Luoghi familiari. A Casarano, infatti, Nagasawa aveva partecipato nel 1992 e nel 1994 alle due rassegne &#8220;Crocevia 1&#8221; e &#8220;Crocevia 2&#8221;, organizzate da Anna Cirignola donando in quell&#8217;occasione Pleroma, uno dei suoi esempi di sculture-architetture realizzata e collocata all&#8217;interno di Palazzo Elia. E sempre a Casarano, per conto di Transiti, associazione animata dalla volont\u00e0 di produrre cultura, \u00e8 nell&#8217;aria la realizzazione di un progetto artistico insieme al Maestro. &#8220;Pi\u00f9 che realizzare un parco o un museo l&#8217;idea, interessante e innovativa, sarebbe quella di creare un itinerario di scultura in un territorio, come quello salentino, disseminato di dolmen e menhir, eccezionali testimonianze della preistoria. Una sorta di tragitto parallelo, meglio se nascosto, sulla scia delle tracce lasciate dai nostri predecessori creando un collegamento tra le opere e l&#8217;energia molto particolare di questi luoghi. Sarebbe molto bello poter realizzare qualcosa di questo tipo che naturalmente richiede un profondo studio&#8221;. Lo studio che \u00e8 alla base di ogni opera cos\u00ec come l&#8217;attenzione al territorio. Alla cultura.<br>&#8220;Una cultura quella giapponese che negli ultimi 130 anni ha vissuto parallelamente a quella dell&#8217;Occidente. E&#8217; come se sul nostro albero avessimo fatto un innesto, attingendo per l&#8217;arte dall&#8217;Italia, per la filosofia e la medicina da Francia e Germania\u2026 cos\u00ec grazie allo studio ho conosciuto la cultura italiana prima ancora di arrivarci fisicamente. Come si traduce questo nella mia arte? E&#8217; come se camminassi in equilibrio nel bel mezzo delle due culture: a destra c&#8217;\u00e8 quella giapponese, a sinistra quella italiana; il mio pensiero non \u00e8 una fusione ma la ricerca dei punti di contatto che sono comuni ad entrambe e che devono solo essere scoperti. Studiando la Bibbia, in un passo dove si parla dell&#8217;ombra di Dio, ho trovato, ad esempio una definizione di luce, vicina alla mia cultura. Per voi esiste luce ed ombra, come positivo e negativo di una stessa realt\u00e0, invece per noi ombra e luce si equivalgono&#8221;. Ombra e luce. Pieno e vuoto, armonie di volumi, il filo rosso di una ricerca che spazia dal recupero dell&#8217;antica arte giapponese del giardino zen &#8220;che deve ritornare ad essere realizzato dagli artisti e ad essere concepito come opera d&#8217;arte&#8221; alle installazioni che nascono dal rapporto intrinseco con i luoghi. Come quella realizzata a Matera per Sensi Contemporanei, manifestazione promossa dalla Biennale di Venezia. &#8220;Lo stesso Pleroma \u00e8 nato dalle suggestioni che mi suggeriva la stessa ubicazione tenendo conto che la scultura deve convivere con l&#8217;ambiente, con la luce: la gente deve poterla guardare come a qualcosa che c&#8217;\u00e8 sempre stato. Un modo per avvicinare gli animi al culto del bello e alla conoscenza. L&#8217;arte \u00e8 in ogni tempo contemporanea all&#8217;artista e rappresenta sempre il bene a differenza della guerra che \u00e8 il male in assoluto. Purtroppo non siamo diventati pi\u00f9 intelligenti di tremila anni fa, per questo l&#8217;uomo continua ad insanguinare il mondo. Con la mia arte io dico che sono contrario a tutto questo e cerco di suggerire la positivit\u00e0, perch\u00e9 tutti possano pensare davanti alla bellezza di un&#8217;opera d&#8217;arte per fortuna sono ancora vivo&#8221;.<\/p>\n\n\n\n<p>(articolo pubblicato sul quotidiano Leccesera il 3 giugno 2004)<\/p>\n","protected":false},"excerpt":{"rendered":"<p>Il 7 novembre alla Masseria Secolario (Otranto) l\u2019Associazione \u201cAmici di Hidetoshi\u201d, nata per iniziativa di alcuni suoi stretti amici a<\/p>\n","protected":false},"author":1,"featured_media":16165,"comment_status":"open","ping_status":"open","sticky":true,"template":"","format":"standard","meta":[],"categories":[18,27,19,6],"tags":[1688,6853,6855,234,6852,6856,6851,6854,2631,76],"yoast_head":"<!-- This site is optimized with the Yoast SEO plugin v18.0 - https:\/\/yoast.com\/wordpress\/plugins\/seo\/ -->\n<title>Una giornata particolare per Hidetoshi Nagasawa | Arte e Luoghi<\/title>\n<meta name=\"description\" content=\"Il 7 novembre alla Masseria Secolario (Otranto) l\u2019Associazione \u201cAmici di Hidetoshi\u201d, nata per iniziativa di alcuni suoi stretti amici a\" \/>\n<meta name=\"robots\" content=\"index, follow, max-snippet:-1, max-image-preview:large, max-video-preview:-1\" \/>\n<link rel=\"canonical\" href=\"https:\/\/arteeluoghi.it\/index.php\/2025\/10\/24\/una-giornata-particolare-per-hidetoshi-nagasawa\/\" \/>\n<meta property=\"og:locale\" content=\"it_IT\" \/>\n<meta property=\"og:type\" content=\"article\" \/>\n<meta property=\"og:title\" content=\"Una giornata particolare per Hidetoshi Nagasawa | Arte e Luoghi\" \/>\n<meta property=\"og:description\" content=\"Il 7 novembre alla Masseria Secolario (Otranto) l\u2019Associazione \u201cAmici di Hidetoshi\u201d, nata per iniziativa di alcuni suoi stretti amici a\" \/>\n<meta property=\"og:url\" content=\"https:\/\/arteeluoghi.it\/index.php\/2025\/10\/24\/una-giornata-particolare-per-hidetoshi-nagasawa\/\" \/>\n<meta property=\"og:site_name\" content=\"Arte e Luoghi\" \/>\n<meta property=\"article:publisher\" content=\"https:\/\/www.facebook.com\/ArteELuoghi\/\" \/>\n<meta property=\"article:published_time\" content=\"2025-10-24T11:09:49+00:00\" \/>\n<meta property=\"article:modified_time\" content=\"2025-10-24T11:09:50+00:00\" \/>\n<meta property=\"og:image\" content=\"https:\/\/arteeluoghi.it\/wp-content\/uploads\/2025\/10\/Hidetoshi-Nagasawa-2000-foto-di-Rodolfo-Fiorenza.png\" \/>\n\t<meta property=\"og:image:width\" content=\"1379\" \/>\n\t<meta property=\"og:image:height\" content=\"977\" \/>\n\t<meta property=\"og:image:type\" content=\"image\/png\" \/>\n<meta name=\"twitter:card\" content=\"summary\" \/>\n<meta name=\"twitter:creator\" content=\"@arteeluoghi\" \/>\n<meta name=\"twitter:site\" content=\"@arteeluoghi\" \/>\n<meta name=\"twitter:label1\" content=\"Scritto da\" \/>\n\t<meta name=\"twitter:data1\" content=\"Staff\" \/>\n\t<meta name=\"twitter:label2\" content=\"Tempo di lettura stimato\" \/>\n\t<meta name=\"twitter:data2\" content=\"10 minuti\" \/>\n<script type=\"application\/ld+json\" class=\"yoast-schema-graph\">{\"@context\":\"https:\/\/schema.org\",\"@graph\":[{\"@type\":\"Organization\",\"@id\":\"https:\/\/arteeluoghi.it\/#organization\",\"name\":\"Arte e Luoghi\",\"url\":\"https:\/\/arteeluoghi.it\/\",\"sameAs\":[\"https:\/\/www.facebook.com\/ArteELuoghi\/\",\"https:\/\/www.instagram.com\/arteeluoghi\/?hl=it\",\"https:\/\/www.youtube.com\/channel\/UCuRVc4JW4-C5sg9rQB-srkw?view_as=subscriber\",\"https:\/\/twitter.com\/arteeluoghi\"],\"logo\":{\"@type\":\"ImageObject\",\"@id\":\"https:\/\/arteeluoghi.it\/#logo\",\"inLanguage\":\"it-IT\",\"url\":\"https:\/\/arteeluoghi.it\/wp-content\/uploads\/2018\/08\/logoinstagramarte.jpg\",\"contentUrl\":\"https:\/\/arteeluoghi.it\/wp-content\/uploads\/2018\/08\/logoinstagramarte.jpg\",\"width\":150,\"height\":150,\"caption\":\"Arte e Luoghi\"},\"image\":{\"@id\":\"https:\/\/arteeluoghi.it\/#logo\"}},{\"@type\":\"WebSite\",\"@id\":\"https:\/\/arteeluoghi.it\/#website\",\"url\":\"https:\/\/arteeluoghi.it\/\",\"name\":\"Arte e Luoghi\",\"description\":\"Mensile di arte, cultura, turismo e curiosit\u00e0\",\"publisher\":{\"@id\":\"https:\/\/arteeluoghi.it\/#organization\"},\"potentialAction\":[{\"@type\":\"SearchAction\",\"target\":{\"@type\":\"EntryPoint\",\"urlTemplate\":\"https:\/\/arteeluoghi.it\/?s={search_term_string}\"},\"query-input\":\"required name=search_term_string\"}],\"inLanguage\":\"it-IT\"},{\"@type\":\"ImageObject\",\"@id\":\"https:\/\/arteeluoghi.it\/index.php\/2025\/10\/24\/una-giornata-particolare-per-hidetoshi-nagasawa\/#primaryimage\",\"inLanguage\":\"it-IT\",\"url\":\"https:\/\/arteeluoghi.it\/wp-content\/uploads\/2025\/10\/Hidetoshi-Nagasawa-2000-foto-di-Rodolfo-Fiorenza.png\",\"contentUrl\":\"https:\/\/arteeluoghi.it\/wp-content\/uploads\/2025\/10\/Hidetoshi-Nagasawa-2000-foto-di-Rodolfo-Fiorenza.png\",\"width\":1379,\"height\":977},{\"@type\":\"WebPage\",\"@id\":\"https:\/\/arteeluoghi.it\/index.php\/2025\/10\/24\/una-giornata-particolare-per-hidetoshi-nagasawa\/#webpage\",\"url\":\"https:\/\/arteeluoghi.it\/index.php\/2025\/10\/24\/una-giornata-particolare-per-hidetoshi-nagasawa\/\",\"name\":\"Una giornata particolare per Hidetoshi Nagasawa | Arte e Luoghi\",\"isPartOf\":{\"@id\":\"https:\/\/arteeluoghi.it\/#website\"},\"primaryImageOfPage\":{\"@id\":\"https:\/\/arteeluoghi.it\/index.php\/2025\/10\/24\/una-giornata-particolare-per-hidetoshi-nagasawa\/#primaryimage\"},\"datePublished\":\"2025-10-24T11:09:49+00:00\",\"dateModified\":\"2025-10-24T11:09:50+00:00\",\"description\":\"Il 7 novembre alla Masseria Secolario (Otranto) l\u2019Associazione \u201cAmici di Hidetoshi\u201d, nata per iniziativa di alcuni suoi stretti amici a\",\"breadcrumb\":{\"@id\":\"https:\/\/arteeluoghi.it\/index.php\/2025\/10\/24\/una-giornata-particolare-per-hidetoshi-nagasawa\/#breadcrumb\"},\"inLanguage\":\"it-IT\",\"potentialAction\":[{\"@type\":\"ReadAction\",\"target\":[\"https:\/\/arteeluoghi.it\/index.php\/2025\/10\/24\/una-giornata-particolare-per-hidetoshi-nagasawa\/\"]}]},{\"@type\":\"BreadcrumbList\",\"@id\":\"https:\/\/arteeluoghi.it\/index.php\/2025\/10\/24\/una-giornata-particolare-per-hidetoshi-nagasawa\/#breadcrumb\",\"itemListElement\":[{\"@type\":\"ListItem\",\"position\":1,\"name\":\"Home\",\"item\":\"https:\/\/arteeluoghi.it\/\"},{\"@type\":\"ListItem\",\"position\":2,\"name\":\"Una giornata particolare per Hidetoshi Nagasawa\"}]},{\"@type\":\"Article\",\"@id\":\"https:\/\/arteeluoghi.it\/index.php\/2025\/10\/24\/una-giornata-particolare-per-hidetoshi-nagasawa\/#article\",\"isPartOf\":{\"@id\":\"https:\/\/arteeluoghi.it\/index.php\/2025\/10\/24\/una-giornata-particolare-per-hidetoshi-nagasawa\/#webpage\"},\"author\":{\"@id\":\"https:\/\/arteeluoghi.it\/#\/schema\/person\/f84e814e36e91e01448ee07eaadd41d4\"},\"headline\":\"Una giornata particolare per Hidetoshi Nagasawa\",\"datePublished\":\"2025-10-24T11:09:49+00:00\",\"dateModified\":\"2025-10-24T11:09:50+00:00\",\"mainEntityOfPage\":{\"@id\":\"https:\/\/arteeluoghi.it\/index.php\/2025\/10\/24\/una-giornata-particolare-per-hidetoshi-nagasawa\/#webpage\"},\"wordCount\":1597,\"commentCount\":0,\"publisher\":{\"@id\":\"https:\/\/arteeluoghi.it\/#organization\"},\"image\":{\"@id\":\"https:\/\/arteeluoghi.it\/index.php\/2025\/10\/24\/una-giornata-particolare-per-hidetoshi-nagasawa\/#primaryimage\"},\"thumbnailUrl\":\"https:\/\/arteeluoghi.it\/wp-content\/uploads\/2025\/10\/Hidetoshi-Nagasawa-2000-foto-di-Rodolfo-Fiorenza.png\",\"keywords\":[\"Accademia di Belle Arti di Lecce\",\"Adriana Polveroni\",\"Anna Cirignola\",\"arte\",\"Associazione Amici di Hidetoshi\",\"Giacinto Leone\",\"Hidetoshi Nagasawa\",\"Paride De Masi\",\"Polo BiblioMuseale di Lecce\",\"Salento\"],\"articleSection\":[\"architettura\",\"Arte\",\"design\",\"Scultura\"],\"inLanguage\":\"it-IT\",\"potentialAction\":[{\"@type\":\"CommentAction\",\"name\":\"Comment\",\"target\":[\"https:\/\/arteeluoghi.it\/index.php\/2025\/10\/24\/una-giornata-particolare-per-hidetoshi-nagasawa\/#respond\"]}]},{\"@type\":\"Person\",\"@id\":\"https:\/\/arteeluoghi.it\/#\/schema\/person\/f84e814e36e91e01448ee07eaadd41d4\",\"name\":\"Staff\",\"image\":{\"@type\":\"ImageObject\",\"@id\":\"https:\/\/arteeluoghi.it\/#personlogo\",\"inLanguage\":\"it-IT\",\"url\":\"https:\/\/secure.gravatar.com\/avatar\/49d2f9e46271bb04e19cebfaf141313a?s=96&d=blank&r=g\",\"contentUrl\":\"https:\/\/secure.gravatar.com\/avatar\/49d2f9e46271bb04e19cebfaf141313a?s=96&d=blank&r=g\",\"caption\":\"Staff\"}}]}<\/script>\n<!-- \/ Yoast SEO plugin. -->","yoast_head_json":{"title":"Una giornata particolare per Hidetoshi Nagasawa | Arte e Luoghi","description":"Il 7 novembre alla Masseria Secolario (Otranto) l\u2019Associazione \u201cAmici di Hidetoshi\u201d, nata per iniziativa di alcuni suoi stretti amici a","robots":{"index":"index","follow":"follow","max-snippet":"max-snippet:-1","max-image-preview":"max-image-preview:large","max-video-preview":"max-video-preview:-1"},"canonical":"https:\/\/arteeluoghi.it\/index.php\/2025\/10\/24\/una-giornata-particolare-per-hidetoshi-nagasawa\/","og_locale":"it_IT","og_type":"article","og_title":"Una giornata particolare per Hidetoshi Nagasawa | Arte e Luoghi","og_description":"Il 7 novembre alla Masseria Secolario (Otranto) l\u2019Associazione \u201cAmici di Hidetoshi\u201d, nata per iniziativa di alcuni suoi stretti amici a","og_url":"https:\/\/arteeluoghi.it\/index.php\/2025\/10\/24\/una-giornata-particolare-per-hidetoshi-nagasawa\/","og_site_name":"Arte e Luoghi","article_publisher":"https:\/\/www.facebook.com\/ArteELuoghi\/","article_published_time":"2025-10-24T11:09:49+00:00","article_modified_time":"2025-10-24T11:09:50+00:00","og_image":[{"width":1379,"height":977,"url":"https:\/\/arteeluoghi.it\/wp-content\/uploads\/2025\/10\/Hidetoshi-Nagasawa-2000-foto-di-Rodolfo-Fiorenza.png","type":"image\/png"}],"twitter_card":"summary","twitter_creator":"@arteeluoghi","twitter_site":"@arteeluoghi","twitter_misc":{"Scritto da":"Staff","Tempo di lettura stimato":"10 minuti"},"schema":{"@context":"https:\/\/schema.org","@graph":[{"@type":"Organization","@id":"https:\/\/arteeluoghi.it\/#organization","name":"Arte e Luoghi","url":"https:\/\/arteeluoghi.it\/","sameAs":["https:\/\/www.facebook.com\/ArteELuoghi\/","https:\/\/www.instagram.com\/arteeluoghi\/?hl=it","https:\/\/www.youtube.com\/channel\/UCuRVc4JW4-C5sg9rQB-srkw?view_as=subscriber","https:\/\/twitter.com\/arteeluoghi"],"logo":{"@type":"ImageObject","@id":"https:\/\/arteeluoghi.it\/#logo","inLanguage":"it-IT","url":"https:\/\/arteeluoghi.it\/wp-content\/uploads\/2018\/08\/logoinstagramarte.jpg","contentUrl":"https:\/\/arteeluoghi.it\/wp-content\/uploads\/2018\/08\/logoinstagramarte.jpg","width":150,"height":150,"caption":"Arte e Luoghi"},"image":{"@id":"https:\/\/arteeluoghi.it\/#logo"}},{"@type":"WebSite","@id":"https:\/\/arteeluoghi.it\/#website","url":"https:\/\/arteeluoghi.it\/","name":"Arte e Luoghi","description":"Mensile di arte, cultura, turismo e curiosit\u00e0","publisher":{"@id":"https:\/\/arteeluoghi.it\/#organization"},"potentialAction":[{"@type":"SearchAction","target":{"@type":"EntryPoint","urlTemplate":"https:\/\/arteeluoghi.it\/?s={search_term_string}"},"query-input":"required name=search_term_string"}],"inLanguage":"it-IT"},{"@type":"ImageObject","@id":"https:\/\/arteeluoghi.it\/index.php\/2025\/10\/24\/una-giornata-particolare-per-hidetoshi-nagasawa\/#primaryimage","inLanguage":"it-IT","url":"https:\/\/arteeluoghi.it\/wp-content\/uploads\/2025\/10\/Hidetoshi-Nagasawa-2000-foto-di-Rodolfo-Fiorenza.png","contentUrl":"https:\/\/arteeluoghi.it\/wp-content\/uploads\/2025\/10\/Hidetoshi-Nagasawa-2000-foto-di-Rodolfo-Fiorenza.png","width":1379,"height":977},{"@type":"WebPage","@id":"https:\/\/arteeluoghi.it\/index.php\/2025\/10\/24\/una-giornata-particolare-per-hidetoshi-nagasawa\/#webpage","url":"https:\/\/arteeluoghi.it\/index.php\/2025\/10\/24\/una-giornata-particolare-per-hidetoshi-nagasawa\/","name":"Una giornata particolare per Hidetoshi Nagasawa | Arte e Luoghi","isPartOf":{"@id":"https:\/\/arteeluoghi.it\/#website"},"primaryImageOfPage":{"@id":"https:\/\/arteeluoghi.it\/index.php\/2025\/10\/24\/una-giornata-particolare-per-hidetoshi-nagasawa\/#primaryimage"},"datePublished":"2025-10-24T11:09:49+00:00","dateModified":"2025-10-24T11:09:50+00:00","description":"Il 7 novembre alla Masseria Secolario (Otranto) l\u2019Associazione \u201cAmici di Hidetoshi\u201d, nata per iniziativa di alcuni suoi stretti amici a","breadcrumb":{"@id":"https:\/\/arteeluoghi.it\/index.php\/2025\/10\/24\/una-giornata-particolare-per-hidetoshi-nagasawa\/#breadcrumb"},"inLanguage":"it-IT","potentialAction":[{"@type":"ReadAction","target":["https:\/\/arteeluoghi.it\/index.php\/2025\/10\/24\/una-giornata-particolare-per-hidetoshi-nagasawa\/"]}]},{"@type":"BreadcrumbList","@id":"https:\/\/arteeluoghi.it\/index.php\/2025\/10\/24\/una-giornata-particolare-per-hidetoshi-nagasawa\/#breadcrumb","itemListElement":[{"@type":"ListItem","position":1,"name":"Home","item":"https:\/\/arteeluoghi.it\/"},{"@type":"ListItem","position":2,"name":"Una giornata particolare per Hidetoshi Nagasawa"}]},{"@type":"Article","@id":"https:\/\/arteeluoghi.it\/index.php\/2025\/10\/24\/una-giornata-particolare-per-hidetoshi-nagasawa\/#article","isPartOf":{"@id":"https:\/\/arteeluoghi.it\/index.php\/2025\/10\/24\/una-giornata-particolare-per-hidetoshi-nagasawa\/#webpage"},"author":{"@id":"https:\/\/arteeluoghi.it\/#\/schema\/person\/f84e814e36e91e01448ee07eaadd41d4"},"headline":"Una giornata particolare per Hidetoshi Nagasawa","datePublished":"2025-10-24T11:09:49+00:00","dateModified":"2025-10-24T11:09:50+00:00","mainEntityOfPage":{"@id":"https:\/\/arteeluoghi.it\/index.php\/2025\/10\/24\/una-giornata-particolare-per-hidetoshi-nagasawa\/#webpage"},"wordCount":1597,"commentCount":0,"publisher":{"@id":"https:\/\/arteeluoghi.it\/#organization"},"image":{"@id":"https:\/\/arteeluoghi.it\/index.php\/2025\/10\/24\/una-giornata-particolare-per-hidetoshi-nagasawa\/#primaryimage"},"thumbnailUrl":"https:\/\/arteeluoghi.it\/wp-content\/uploads\/2025\/10\/Hidetoshi-Nagasawa-2000-foto-di-Rodolfo-Fiorenza.png","keywords":["Accademia di Belle Arti di Lecce","Adriana Polveroni","Anna Cirignola","arte","Associazione Amici di Hidetoshi","Giacinto Leone","Hidetoshi Nagasawa","Paride De Masi","Polo BiblioMuseale di Lecce","Salento"],"articleSection":["architettura","Arte","design","Scultura"],"inLanguage":"it-IT","potentialAction":[{"@type":"CommentAction","name":"Comment","target":["https:\/\/arteeluoghi.it\/index.php\/2025\/10\/24\/una-giornata-particolare-per-hidetoshi-nagasawa\/#respond"]}]},{"@type":"Person","@id":"https:\/\/arteeluoghi.it\/#\/schema\/person\/f84e814e36e91e01448ee07eaadd41d4","name":"Staff","image":{"@type":"ImageObject","@id":"https:\/\/arteeluoghi.it\/#personlogo","inLanguage":"it-IT","url":"https:\/\/secure.gravatar.com\/avatar\/49d2f9e46271bb04e19cebfaf141313a?s=96&d=blank&r=g","contentUrl":"https:\/\/secure.gravatar.com\/avatar\/49d2f9e46271bb04e19cebfaf141313a?s=96&d=blank&r=g","caption":"Staff"}}]}},"_links":{"self":[{"href":"https:\/\/arteeluoghi.it\/index.php\/wp-json\/wp\/v2\/posts\/16164"}],"collection":[{"href":"https:\/\/arteeluoghi.it\/index.php\/wp-json\/wp\/v2\/posts"}],"about":[{"href":"https:\/\/arteeluoghi.it\/index.php\/wp-json\/wp\/v2\/types\/post"}],"author":[{"embeddable":true,"href":"https:\/\/arteeluoghi.it\/index.php\/wp-json\/wp\/v2\/users\/1"}],"replies":[{"embeddable":true,"href":"https:\/\/arteeluoghi.it\/index.php\/wp-json\/wp\/v2\/comments?post=16164"}],"version-history":[{"count":1,"href":"https:\/\/arteeluoghi.it\/index.php\/wp-json\/wp\/v2\/posts\/16164\/revisions"}],"predecessor-version":[{"id":16168,"href":"https:\/\/arteeluoghi.it\/index.php\/wp-json\/wp\/v2\/posts\/16164\/revisions\/16168"}],"wp:featuredmedia":[{"embeddable":true,"href":"https:\/\/arteeluoghi.it\/index.php\/wp-json\/wp\/v2\/media\/16165"}],"wp:attachment":[{"href":"https:\/\/arteeluoghi.it\/index.php\/wp-json\/wp\/v2\/media?parent=16164"}],"wp:term":[{"taxonomy":"category","embeddable":true,"href":"https:\/\/arteeluoghi.it\/index.php\/wp-json\/wp\/v2\/categories?post=16164"},{"taxonomy":"post_tag","embeddable":true,"href":"https:\/\/arteeluoghi.it\/index.php\/wp-json\/wp\/v2\/tags?post=16164"}],"curies":[{"name":"wp","href":"https:\/\/api.w.org\/{rel}","templated":true}]}}