{"id":16169,"date":"2025-10-24T13:46:54","date_gmt":"2025-10-24T11:46:54","guid":{"rendered":"https:\/\/arteeluoghi.it\/?p=16169"},"modified":"2025-10-24T18:25:41","modified_gmt":"2025-10-24T16:25:41","slug":"cooperazione-internazionale-caseificio-inclusivo-in-libano","status":"publish","type":"post","link":"https:\/\/arteeluoghi.it\/index.php\/2025\/10\/24\/cooperazione-internazionale-caseificio-inclusivo-in-libano\/","title":{"rendered":"La cooperazione nutre la pace. Caseificio inclusivo in Libano"},"content":{"rendered":"\n<blockquote class=\"wp-block-quote is-style-default\"><p>Dal 23 al 26 ottobre saranno nel Salento i dirigenti dell&#8217;Organizzazione no-profit libanese Oum\u00a0El Nour\u00a0nell&#8217;ambito del progetto di cooperazione internazionale &#8220;CASEIFICIO INCLUSIVO IN LIBANO&#8221;,\u00a0capofila TempoPresente aps, partner attuativo il CTM, finanziato dalla Regione\u00a0Puglia. Venerd\u00ec 24 incontro pubblico a partire dalle 18.30 con, tra gli altri,\u00a0Akiki Jihad, Oun El Nour, Ufficio Sviluppo Risorse,\u00a0Marie Catherine Mouawad, Oum El Nour,\u00a0Ufficio Direzione Generale;\u00a0Silvia Visciano, Dirigente sezione Ricerca e Relazioni internazionali Regione Puglia.<\/p><\/blockquote>\n\n\n\n<p><strong>Obiettivo del progetto rafforzare i servizi di integrazione socio-lavorativa rivolti a donne vittime di violenza e a ex-tossicodipendenti in Libano in collaborazione con l\u2019organizzazione no profit libanese Oum El Nour. Capofila l\u2019aps TempoPresente, partner attuativo il CTM, finanziato dalla Regione Puglia a valere sulla L.R. 20\/2003 \u2013 Avviso pubblico 2024.<br>Venerd\u00ec 24, Palazzo Ducale a San Cesario, incontro pubblico sugli esiti del lavoro svolto finora e inaugurazione della Mostra \u201cTutto di personale\u201d del fotografo Dario Gambino. Con il Patrocinio di Provincia di Lecce e Comune di San Cesario, in collaborazione con Astr\u00e0gali Teatro. Start ore 18.30<\/strong><\/p>\n\n\n\n<p>Saranno tre giorni fittissimi di incontri istituzionali, visite in aziende, messa a punto delle collaborazioni future, conoscenza pi\u00f9 approfondita del territorio salentino, per rimarcare come \u201cla cooperazione nutre la pace\u201d e, insieme alla convivenza, lo sviluppo sociale ed economico.<\/p>\n\n\n\n<!--more-->\n\n\n\n<p><br><br>Tutto all\u2019insegna del progetto \u201c<strong>CASEIFICIO INCLUSIVO IN LIBANO<\/strong>\u201d avviatosi nel febbraio scorso, finanziato dalla Regione Puglia a valere sulla L.R. 20\/2003 -Avviso pubblico 2024, promosso nel ruolo di capofila dall\u2019associazione di promozione sociale TempoPresente, coordinato da <strong>Alberto Piccinni<\/strong>, presidente CTM_ Cooperazione nei Territori del Mondo, in collaborazione con l\u2019organizzazione no profit libanese Oum El Nour bneficiaria dell\u2019iniziativa.<br>Obiettivo: rafforzare i servizi di integrazione socio-lavorativa rivolti a donne vittime di violenza e a ex-tossicodipendenti in Libano attraverso l\u2019ammodernamento dei mezzi e dei sistemi di lavoro del Caseificio realizzato dalla stessa <strong>Oum El Nour<\/strong> nel 2020 grazie a CTM e alla Cooperazione Italiana, interessante start up di\u00a0<em>inclusive business<\/em>\u00a0di piccola scala in via di un rilevante posizionamento sul mercato locale.<br><br><\/p>\n\n\n\n<div class=\"wp-block-image\"><figure class=\"alignleft size-large is-resized\"><img loading=\"lazy\" src=\"https:\/\/arteeluoghi.it\/wp-content\/uploads\/2025\/10\/23-10-025-I-DIRIGENTI-DI-OUIM-EL-NOUR-CON-SALVATORE-CAPONE-ALBERTO-PICCINNI-FERNANDO-ANTONUCCI-1024x576.jpg\" alt=\"\" class=\"wp-image-16173\" width=\"627\" height=\"353\" srcset=\"https:\/\/arteeluoghi.it\/wp-content\/uploads\/2025\/10\/23-10-025-I-DIRIGENTI-DI-OUIM-EL-NOUR-CON-SALVATORE-CAPONE-ALBERTO-PICCINNI-FERNANDO-ANTONUCCI-1024x576.jpg 1024w, https:\/\/arteeluoghi.it\/wp-content\/uploads\/2025\/10\/23-10-025-I-DIRIGENTI-DI-OUIM-EL-NOUR-CON-SALVATORE-CAPONE-ALBERTO-PICCINNI-FERNANDO-ANTONUCCI-300x169.jpg 300w, https:\/\/arteeluoghi.it\/wp-content\/uploads\/2025\/10\/23-10-025-I-DIRIGENTI-DI-OUIM-EL-NOUR-CON-SALVATORE-CAPONE-ALBERTO-PICCINNI-FERNANDO-ANTONUCCI-768x432.jpg 768w, https:\/\/arteeluoghi.it\/wp-content\/uploads\/2025\/10\/23-10-025-I-DIRIGENTI-DI-OUIM-EL-NOUR-CON-SALVATORE-CAPONE-ALBERTO-PICCINNI-FERNANDO-ANTONUCCI-1536x864.jpg 1536w, https:\/\/arteeluoghi.it\/wp-content\/uploads\/2025\/10\/23-10-025-I-DIRIGENTI-DI-OUIM-EL-NOUR-CON-SALVATORE-CAPONE-ALBERTO-PICCINNI-FERNANDO-ANTONUCCI.jpg 1920w\" sizes=\"(max-width: 627px) 100vw, 627px\" \/><figcaption>I DIRIGENTI DI OUIM EL NOUR CON SALVATORE CAPONE,ALBERTO PICCINNI, FERNANDO ANTONUCCI<\/figcaption><\/figure><\/div>\n\n\n\n<p>Il progetto sar\u00e0 al centro dell\u2019<strong>incontro pubblico <\/strong>in programma <strong>venerd\u00ec 24 ottobre<\/strong>, <strong>Palazzo Ducale San Cesario di Lecce<\/strong>, realizzato in <strong>collaborazione<\/strong> con <strong>Astr\u00e0gali Teatro<\/strong> e con il <strong>Patrocinio della Provincia di Lecce e del Comune di San Cesario<\/strong>.<br>Il pomeriggio alle 18.30 sar\u00e0 aperto da <strong>Salvatore Capone<\/strong>, presidente TempoPresente aps, cui seguiranno i saluti istituzionali di <strong>Giuseppe Distante<\/strong>, Sindaco di San Cesario; <strong>Anna Luperto<\/strong>, Assessora alla Cultura e Pari opportunit\u00e0 Comune di San Cesario; <strong>Antonio De Donno<\/strong>, Sindaco di Tricase; <strong>Fabio Tarantino<\/strong>, Vicepresidente Provincia di Lecce, Sindaco di Martano; per entrare nel vivo con gli interventi di <strong>Alberto Piccinni<\/strong>, Coordinatore Progetto, Presidente CTM_Lecce; <strong>Akiki Jihad<\/strong>, Oum El Nour, Ufficio Sviluppo Risorse; <strong>Marie Catherine Mouawad<\/strong>, Oum El Nour, Ufficio Direzione Generale; <strong>Silvia Visciano<\/strong>, Dirigente sezione Ricerca e Relazioni internazionali Regione Puglia. A coordinare la discussione Carla Petrachi, giornalista, vicepresidente TempoPresente aps.<br><br>\u201cDal 23 al 26 ottobre prossimi\u201d, dice <strong>Salvatore Capone<\/strong>, presidente di TempoPresente aps, \u201csiamo felici di ospitare e avere con noi i due dirigenti di Oum El Nour <strong>Akiki Jihad<\/strong> e <strong>Marie Catherine Mouawad<\/strong>, il che ci dar\u00e0 l\u2019opportunit\u00e0 di mettere a punto gli assi delle future collaborazioni con questa e altre realt\u00e0 libanesi e di far conoscere ai nostri ospiti, insieme ai rappresentanti istituzionali, realt\u00e0 sociali e produttive del territorio con alle spalle esperienze importanti di inclusione sociale e di crescita economica\u201d.<br><br>Avviatosi nel febbraio scorso, finanziato dalla Regione Puglia a valere sulla L.R. 20\/2003 -Avviso pubblico 2024, il progetto \u201c<strong>Caseificio inclusivo in Libano<\/strong>\u201d, coordinato da <strong>Alberto Piccinni<\/strong>, presidente CTM, mira a rafforzare i servizi di integrazione socio-lavorativa rivolti a donne vittime di violenza e a ex-tossicodipendenti in Libano attraverso l\u2019ammodernamento dei mezzi e dei sistemi di lavoro del caseificio dell\u2019organizzazione no profit libanese <strong>Oum El Nour<\/strong>, una start up di&nbsp;<em>inclusive business<\/em>&nbsp;di piccola scala, nata nel 2020 grazie a CTM e alla Cooperazione Italiana, e in via di un rilevante posizionamento sul mercato locale.<\/p>\n\n\n\n<p>Assi strategici dell\u2019intervento: ottimizzare la qualit\u00e0 del servizio di delivery del caseificio con la dotazione del minivan refrigerato, consegnato a Fatqa, Mont Liban, nel luglio scorso, per mantenere la catena del freddo durante la fase di distribuzione dei prodotti ai clienti e ai supermercati, garantendo cos\u00ec maggiore sicurezza alimentare in un paese in cui la crisi economica, energetica e bellica hanno compromesso la qualit\u00e0 e la freschezza degli alimenti e indebolito la capacit\u00e0 produttiva di numerosissime aziende nel settore agroalimentare. Contestualmente, dotare il Caseificio di <strong>Oum El Nour<\/strong> di un sistema digitale per l\u2019ottimizzazione della supply chain, cos\u00ec da gestire e monitorare tutte le fasi del processo produttivo e distributivo contribuendo alla crescita delle competenze digitali e gestionali.<br><br>Sempre <strong>venerd\u00ec 24<\/strong>, al termine dell\u2019incontro pubblico, l\u2019<strong>inaugurazione alle 20 <\/strong>della <strong>Mostra fotografica \u201cTutto di Personale_storie di vita nuova<\/strong>\u201d del fotografo <strong>Dario Gambino<\/strong>. Un viaggio per immagini che racconta storie, speranze e \u201cvite nuove\u201d nelle comunit\u00e0 inclusive di Sehaile e Fatqa, in Libano, create da <strong>Oum El Nour<\/strong> per accogliere donne vittime di violenza e altre persone fragili e a rischio esclusione sociale, soprattutto giovani.<br>Di questi luoghi Gambino ha condiviso la quotidianeit\u00e0, nutrendo relazioni e rapporti con gli ospiti in una prossimit\u00e0 che le immagini restituiscono. Non essendo possibile ritrarre il volto delle e degli ospiti, Gambino ha voluto narrarne la vita attraverso gli oggetti, le foto, i gesti, la scrittura. Uno sguardo intimo sulle vite di uomini e donne che allo stesso tempo restituisce in modo inedito le complessit\u00e0 che segnano il contesto libanese.<\/p>\n\n\n\n<p>\u201cLa relazione e lo scambio tra il Salento e il Libano, grazie anche alla costante azione sviluppata dal CTM\u201d, dice ancora <strong>Salvatore Capone<\/strong>, \u201cha ormai alle spalle una storia decennale ricchissima di rapporti consolidati nel tempo e esempi di buone pratiche di cooperazione internazionale e siamo oltremodo convinti che sia questa diplomazia dal basso uno degli antidoti pi\u00f9 forti alla ferocia e alla disumanit\u00e0 bellica che invece caratterizza questi tempi.<\/p>\n\n\n\n<p>Cooperare significa non solo cercare e trovare i modi per sostenere lo sviluppo di popolazioni in situazione di indigenza economica o estrema fragilit\u00e0 sociale ma soprattutto affermare il principio che il riconoscimento dell\u2019altro \u00e8 la via maestra se abbiamo a cuore un mondo in cui i conflitti possano e debbano essere affrontati e risolti in altri modi e con altre vie anche quando, come nella regione mediorientale, appaiono o rischiano di essere laceranti e insanabili. Lo facciamo insieme a un partner come il <strong>CTM <\/strong>che conosce perfettamente quei territori e che grazie ai progetti precedentemente attuati proprio con la realt\u00e0 di <strong>Oum El Nour<\/strong> ha contribuito alla realizzazione di una piccola azienda agroalimentare, e siamo conviti che i semi messi a dimora con questo progetto potranno continuare a dare buoni frutti e, perch\u00e9 no, allargarsi anche ad altre realt\u00e0 libanesi e mediorientali\u201d.<\/p>\n\n\n\n<p>(fonte: comunicato stampa)<\/p>\n","protected":false},"excerpt":{"rendered":"<p>Dal 23 al 26 ottobre saranno nel Salento i dirigenti dell&#8217;Organizzazione no-profit libanese Oum\u00a0El Nour\u00a0nell&#8217;ambito del progetto di cooperazione internazionale<\/p>\n","protected":false},"author":1,"featured_media":16170,"comment_status":"open","ping_status":"open","sticky":true,"template":"","format":"standard","meta":[],"categories":[52,28],"tags":[6860,6859,6857,6858,6861,6862,3393,3206],"yoast_head":"<!-- This site is optimized with the Yoast SEO plugin v18.0 - https:\/\/yoast.com\/wordpress\/plugins\/seo\/ -->\n<title>La cooperazione nutre la pace. Caseificio inclusivo in Libano | Arte e Luoghi<\/title>\n<meta name=\"description\" content=\"Dal 23 al 26 ottobre saranno nel Salento i dirigenti dell&#039;Organizzazione no-profit libanese Oum El Nour nell&#039;ambito del progetto\" \/>\n<meta name=\"robots\" content=\"index, follow, max-snippet:-1, max-image-preview:large, max-video-preview:-1\" \/>\n<link rel=\"canonical\" href=\"https:\/\/arteeluoghi.it\/index.php\/2025\/10\/24\/cooperazione-internazionale-caseificio-inclusivo-in-libano\/\" \/>\n<meta property=\"og:locale\" content=\"it_IT\" \/>\n<meta property=\"og:type\" content=\"article\" \/>\n<meta property=\"og:title\" content=\"La cooperazione nutre la pace. Caseificio inclusivo in Libano | Arte e Luoghi\" \/>\n<meta property=\"og:description\" content=\"Dal 23 al 26 ottobre saranno nel Salento i dirigenti dell&#039;Organizzazione no-profit libanese Oum El Nour nell&#039;ambito del progetto\" \/>\n<meta property=\"og:url\" content=\"https:\/\/arteeluoghi.it\/index.php\/2025\/10\/24\/cooperazione-internazionale-caseificio-inclusivo-in-libano\/\" \/>\n<meta property=\"og:site_name\" content=\"Arte e Luoghi\" \/>\n<meta property=\"article:publisher\" content=\"https:\/\/www.facebook.com\/ArteELuoghi\/\" \/>\n<meta property=\"article:published_time\" content=\"2025-10-24T11:46:54+00:00\" \/>\n<meta property=\"article:modified_time\" content=\"2025-10-24T16:25:41+00:00\" \/>\n<meta property=\"og:image\" content=\"https:\/\/arteeluoghi.it\/wp-content\/uploads\/2025\/10\/24-ottobre-2025-San-Cesario-LA-COOPERAZIONE-NUTRE-LA-PACE.jpeg\" \/>\n\t<meta property=\"og:image:width\" content=\"1142\" \/>\n\t<meta property=\"og:image:height\" content=\"1600\" \/>\n\t<meta property=\"og:image:type\" content=\"image\/jpeg\" \/>\n<meta name=\"twitter:card\" content=\"summary\" \/>\n<meta name=\"twitter:creator\" content=\"@arteeluoghi\" \/>\n<meta name=\"twitter:site\" content=\"@arteeluoghi\" \/>\n<meta name=\"twitter:label1\" content=\"Scritto da\" \/>\n\t<meta name=\"twitter:data1\" content=\"Staff\" \/>\n\t<meta name=\"twitter:label2\" content=\"Tempo di lettura stimato\" \/>\n\t<meta name=\"twitter:data2\" content=\"7 minuti\" \/>\n<script type=\"application\/ld+json\" class=\"yoast-schema-graph\">{\"@context\":\"https:\/\/schema.org\",\"@graph\":[{\"@type\":\"Organization\",\"@id\":\"https:\/\/arteeluoghi.it\/#organization\",\"name\":\"Arte e Luoghi\",\"url\":\"https:\/\/arteeluoghi.it\/\",\"sameAs\":[\"https:\/\/www.facebook.com\/ArteELuoghi\/\",\"https:\/\/www.instagram.com\/arteeluoghi\/?hl=it\",\"https:\/\/www.youtube.com\/channel\/UCuRVc4JW4-C5sg9rQB-srkw?view_as=subscriber\",\"https:\/\/twitter.com\/arteeluoghi\"],\"logo\":{\"@type\":\"ImageObject\",\"@id\":\"https:\/\/arteeluoghi.it\/#logo\",\"inLanguage\":\"it-IT\",\"url\":\"https:\/\/arteeluoghi.it\/wp-content\/uploads\/2018\/08\/logoinstagramarte.jpg\",\"contentUrl\":\"https:\/\/arteeluoghi.it\/wp-content\/uploads\/2018\/08\/logoinstagramarte.jpg\",\"width\":150,\"height\":150,\"caption\":\"Arte e Luoghi\"},\"image\":{\"@id\":\"https:\/\/arteeluoghi.it\/#logo\"}},{\"@type\":\"WebSite\",\"@id\":\"https:\/\/arteeluoghi.it\/#website\",\"url\":\"https:\/\/arteeluoghi.it\/\",\"name\":\"Arte e Luoghi\",\"description\":\"Mensile di arte, cultura, turismo e curiosit\u00e0\",\"publisher\":{\"@id\":\"https:\/\/arteeluoghi.it\/#organization\"},\"potentialAction\":[{\"@type\":\"SearchAction\",\"target\":{\"@type\":\"EntryPoint\",\"urlTemplate\":\"https:\/\/arteeluoghi.it\/?s={search_term_string}\"},\"query-input\":\"required name=search_term_string\"}],\"inLanguage\":\"it-IT\"},{\"@type\":\"ImageObject\",\"@id\":\"https:\/\/arteeluoghi.it\/index.php\/2025\/10\/24\/cooperazione-internazionale-caseificio-inclusivo-in-libano\/#primaryimage\",\"inLanguage\":\"it-IT\",\"url\":\"https:\/\/arteeluoghi.it\/wp-content\/uploads\/2025\/10\/24-ottobre-2025-San-Cesario-LA-COOPERAZIONE-NUTRE-LA-PACE.jpeg\",\"contentUrl\":\"https:\/\/arteeluoghi.it\/wp-content\/uploads\/2025\/10\/24-ottobre-2025-San-Cesario-LA-COOPERAZIONE-NUTRE-LA-PACE.jpeg\",\"width\":1142,\"height\":1600},{\"@type\":\"WebPage\",\"@id\":\"https:\/\/arteeluoghi.it\/index.php\/2025\/10\/24\/cooperazione-internazionale-caseificio-inclusivo-in-libano\/#webpage\",\"url\":\"https:\/\/arteeluoghi.it\/index.php\/2025\/10\/24\/cooperazione-internazionale-caseificio-inclusivo-in-libano\/\",\"name\":\"La cooperazione nutre la pace. Caseificio inclusivo in Libano | Arte e Luoghi\",\"isPartOf\":{\"@id\":\"https:\/\/arteeluoghi.it\/#website\"},\"primaryImageOfPage\":{\"@id\":\"https:\/\/arteeluoghi.it\/index.php\/2025\/10\/24\/cooperazione-internazionale-caseificio-inclusivo-in-libano\/#primaryimage\"},\"datePublished\":\"2025-10-24T11:46:54+00:00\",\"dateModified\":\"2025-10-24T16:25:41+00:00\",\"description\":\"Dal 23 al 26 ottobre saranno nel Salento i dirigenti dell'Organizzazione no-profit libanese Oum El Nour nell'ambito del progetto\",\"breadcrumb\":{\"@id\":\"https:\/\/arteeluoghi.it\/index.php\/2025\/10\/24\/cooperazione-internazionale-caseificio-inclusivo-in-libano\/#breadcrumb\"},\"inLanguage\":\"it-IT\",\"potentialAction\":[{\"@type\":\"ReadAction\",\"target\":[\"https:\/\/arteeluoghi.it\/index.php\/2025\/10\/24\/cooperazione-internazionale-caseificio-inclusivo-in-libano\/\"]}]},{\"@type\":\"BreadcrumbList\",\"@id\":\"https:\/\/arteeluoghi.it\/index.php\/2025\/10\/24\/cooperazione-internazionale-caseificio-inclusivo-in-libano\/#breadcrumb\",\"itemListElement\":[{\"@type\":\"ListItem\",\"position\":1,\"name\":\"Home\",\"item\":\"https:\/\/arteeluoghi.it\/\"},{\"@type\":\"ListItem\",\"position\":2,\"name\":\"La cooperazione nutre la pace. Caseificio inclusivo in Libano\"}]},{\"@type\":\"Article\",\"@id\":\"https:\/\/arteeluoghi.it\/index.php\/2025\/10\/24\/cooperazione-internazionale-caseificio-inclusivo-in-libano\/#article\",\"isPartOf\":{\"@id\":\"https:\/\/arteeluoghi.it\/index.php\/2025\/10\/24\/cooperazione-internazionale-caseificio-inclusivo-in-libano\/#webpage\"},\"author\":{\"@id\":\"https:\/\/arteeluoghi.it\/#\/schema\/person\/f84e814e36e91e01448ee07eaadd41d4\"},\"headline\":\"La cooperazione nutre la pace. Caseificio inclusivo in Libano\",\"datePublished\":\"2025-10-24T11:46:54+00:00\",\"dateModified\":\"2025-10-24T16:25:41+00:00\",\"mainEntityOfPage\":{\"@id\":\"https:\/\/arteeluoghi.it\/index.php\/2025\/10\/24\/cooperazione-internazionale-caseificio-inclusivo-in-libano\/#webpage\"},\"wordCount\":1141,\"commentCount\":0,\"publisher\":{\"@id\":\"https:\/\/arteeluoghi.it\/#organization\"},\"image\":{\"@id\":\"https:\/\/arteeluoghi.it\/index.php\/2025\/10\/24\/cooperazione-internazionale-caseificio-inclusivo-in-libano\/#primaryimage\"},\"thumbnailUrl\":\"https:\/\/arteeluoghi.it\/wp-content\/uploads\/2025\/10\/24-ottobre-2025-San-Cesario-LA-COOPERAZIONE-NUTRE-LA-PACE.jpeg\",\"keywords\":[\"Akiki Jihad\",\"Associazione Tempo Presente\",\"Caseificio inclusivo\",\"Libano\",\"Marie Catherine Mouawad\",\"Oum El Nour\",\"Palazzo Ducale\",\"San Cesario di Lecce\"],\"articleSection\":[\"I luoghi della parola\",\"Notizie\"],\"inLanguage\":\"it-IT\",\"potentialAction\":[{\"@type\":\"CommentAction\",\"name\":\"Comment\",\"target\":[\"https:\/\/arteeluoghi.it\/index.php\/2025\/10\/24\/cooperazione-internazionale-caseificio-inclusivo-in-libano\/#respond\"]}]},{\"@type\":\"Person\",\"@id\":\"https:\/\/arteeluoghi.it\/#\/schema\/person\/f84e814e36e91e01448ee07eaadd41d4\",\"name\":\"Staff\",\"image\":{\"@type\":\"ImageObject\",\"@id\":\"https:\/\/arteeluoghi.it\/#personlogo\",\"inLanguage\":\"it-IT\",\"url\":\"https:\/\/secure.gravatar.com\/avatar\/49d2f9e46271bb04e19cebfaf141313a?s=96&d=blank&r=g\",\"contentUrl\":\"https:\/\/secure.gravatar.com\/avatar\/49d2f9e46271bb04e19cebfaf141313a?s=96&d=blank&r=g\",\"caption\":\"Staff\"}}]}<\/script>\n<!-- \/ Yoast SEO plugin. -->","yoast_head_json":{"title":"La cooperazione nutre la pace. Caseificio inclusivo in Libano | Arte e Luoghi","description":"Dal 23 al 26 ottobre saranno nel Salento i dirigenti dell'Organizzazione no-profit libanese Oum El Nour nell'ambito del progetto","robots":{"index":"index","follow":"follow","max-snippet":"max-snippet:-1","max-image-preview":"max-image-preview:large","max-video-preview":"max-video-preview:-1"},"canonical":"https:\/\/arteeluoghi.it\/index.php\/2025\/10\/24\/cooperazione-internazionale-caseificio-inclusivo-in-libano\/","og_locale":"it_IT","og_type":"article","og_title":"La cooperazione nutre la pace. Caseificio inclusivo in Libano | Arte e Luoghi","og_description":"Dal 23 al 26 ottobre saranno nel Salento i dirigenti dell'Organizzazione no-profit libanese Oum El Nour nell'ambito del progetto","og_url":"https:\/\/arteeluoghi.it\/index.php\/2025\/10\/24\/cooperazione-internazionale-caseificio-inclusivo-in-libano\/","og_site_name":"Arte e Luoghi","article_publisher":"https:\/\/www.facebook.com\/ArteELuoghi\/","article_published_time":"2025-10-24T11:46:54+00:00","article_modified_time":"2025-10-24T16:25:41+00:00","og_image":[{"width":1142,"height":1600,"url":"https:\/\/arteeluoghi.it\/wp-content\/uploads\/2025\/10\/24-ottobre-2025-San-Cesario-LA-COOPERAZIONE-NUTRE-LA-PACE.jpeg","type":"image\/jpeg"}],"twitter_card":"summary","twitter_creator":"@arteeluoghi","twitter_site":"@arteeluoghi","twitter_misc":{"Scritto da":"Staff","Tempo di lettura stimato":"7 minuti"},"schema":{"@context":"https:\/\/schema.org","@graph":[{"@type":"Organization","@id":"https:\/\/arteeluoghi.it\/#organization","name":"Arte e Luoghi","url":"https:\/\/arteeluoghi.it\/","sameAs":["https:\/\/www.facebook.com\/ArteELuoghi\/","https:\/\/www.instagram.com\/arteeluoghi\/?hl=it","https:\/\/www.youtube.com\/channel\/UCuRVc4JW4-C5sg9rQB-srkw?view_as=subscriber","https:\/\/twitter.com\/arteeluoghi"],"logo":{"@type":"ImageObject","@id":"https:\/\/arteeluoghi.it\/#logo","inLanguage":"it-IT","url":"https:\/\/arteeluoghi.it\/wp-content\/uploads\/2018\/08\/logoinstagramarte.jpg","contentUrl":"https:\/\/arteeluoghi.it\/wp-content\/uploads\/2018\/08\/logoinstagramarte.jpg","width":150,"height":150,"caption":"Arte e Luoghi"},"image":{"@id":"https:\/\/arteeluoghi.it\/#logo"}},{"@type":"WebSite","@id":"https:\/\/arteeluoghi.it\/#website","url":"https:\/\/arteeluoghi.it\/","name":"Arte e Luoghi","description":"Mensile di arte, cultura, turismo e curiosit\u00e0","publisher":{"@id":"https:\/\/arteeluoghi.it\/#organization"},"potentialAction":[{"@type":"SearchAction","target":{"@type":"EntryPoint","urlTemplate":"https:\/\/arteeluoghi.it\/?s={search_term_string}"},"query-input":"required name=search_term_string"}],"inLanguage":"it-IT"},{"@type":"ImageObject","@id":"https:\/\/arteeluoghi.it\/index.php\/2025\/10\/24\/cooperazione-internazionale-caseificio-inclusivo-in-libano\/#primaryimage","inLanguage":"it-IT","url":"https:\/\/arteeluoghi.it\/wp-content\/uploads\/2025\/10\/24-ottobre-2025-San-Cesario-LA-COOPERAZIONE-NUTRE-LA-PACE.jpeg","contentUrl":"https:\/\/arteeluoghi.it\/wp-content\/uploads\/2025\/10\/24-ottobre-2025-San-Cesario-LA-COOPERAZIONE-NUTRE-LA-PACE.jpeg","width":1142,"height":1600},{"@type":"WebPage","@id":"https:\/\/arteeluoghi.it\/index.php\/2025\/10\/24\/cooperazione-internazionale-caseificio-inclusivo-in-libano\/#webpage","url":"https:\/\/arteeluoghi.it\/index.php\/2025\/10\/24\/cooperazione-internazionale-caseificio-inclusivo-in-libano\/","name":"La cooperazione nutre la pace. Caseificio inclusivo in Libano | Arte e Luoghi","isPartOf":{"@id":"https:\/\/arteeluoghi.it\/#website"},"primaryImageOfPage":{"@id":"https:\/\/arteeluoghi.it\/index.php\/2025\/10\/24\/cooperazione-internazionale-caseificio-inclusivo-in-libano\/#primaryimage"},"datePublished":"2025-10-24T11:46:54+00:00","dateModified":"2025-10-24T16:25:41+00:00","description":"Dal 23 al 26 ottobre saranno nel Salento i dirigenti dell'Organizzazione no-profit libanese Oum El Nour nell'ambito del progetto","breadcrumb":{"@id":"https:\/\/arteeluoghi.it\/index.php\/2025\/10\/24\/cooperazione-internazionale-caseificio-inclusivo-in-libano\/#breadcrumb"},"inLanguage":"it-IT","potentialAction":[{"@type":"ReadAction","target":["https:\/\/arteeluoghi.it\/index.php\/2025\/10\/24\/cooperazione-internazionale-caseificio-inclusivo-in-libano\/"]}]},{"@type":"BreadcrumbList","@id":"https:\/\/arteeluoghi.it\/index.php\/2025\/10\/24\/cooperazione-internazionale-caseificio-inclusivo-in-libano\/#breadcrumb","itemListElement":[{"@type":"ListItem","position":1,"name":"Home","item":"https:\/\/arteeluoghi.it\/"},{"@type":"ListItem","position":2,"name":"La cooperazione nutre la pace. Caseificio inclusivo in Libano"}]},{"@type":"Article","@id":"https:\/\/arteeluoghi.it\/index.php\/2025\/10\/24\/cooperazione-internazionale-caseificio-inclusivo-in-libano\/#article","isPartOf":{"@id":"https:\/\/arteeluoghi.it\/index.php\/2025\/10\/24\/cooperazione-internazionale-caseificio-inclusivo-in-libano\/#webpage"},"author":{"@id":"https:\/\/arteeluoghi.it\/#\/schema\/person\/f84e814e36e91e01448ee07eaadd41d4"},"headline":"La cooperazione nutre la pace. Caseificio inclusivo in Libano","datePublished":"2025-10-24T11:46:54+00:00","dateModified":"2025-10-24T16:25:41+00:00","mainEntityOfPage":{"@id":"https:\/\/arteeluoghi.it\/index.php\/2025\/10\/24\/cooperazione-internazionale-caseificio-inclusivo-in-libano\/#webpage"},"wordCount":1141,"commentCount":0,"publisher":{"@id":"https:\/\/arteeluoghi.it\/#organization"},"image":{"@id":"https:\/\/arteeluoghi.it\/index.php\/2025\/10\/24\/cooperazione-internazionale-caseificio-inclusivo-in-libano\/#primaryimage"},"thumbnailUrl":"https:\/\/arteeluoghi.it\/wp-content\/uploads\/2025\/10\/24-ottobre-2025-San-Cesario-LA-COOPERAZIONE-NUTRE-LA-PACE.jpeg","keywords":["Akiki Jihad","Associazione Tempo Presente","Caseificio inclusivo","Libano","Marie Catherine Mouawad","Oum El Nour","Palazzo Ducale","San Cesario di Lecce"],"articleSection":["I luoghi della parola","Notizie"],"inLanguage":"it-IT","potentialAction":[{"@type":"CommentAction","name":"Comment","target":["https:\/\/arteeluoghi.it\/index.php\/2025\/10\/24\/cooperazione-internazionale-caseificio-inclusivo-in-libano\/#respond"]}]},{"@type":"Person","@id":"https:\/\/arteeluoghi.it\/#\/schema\/person\/f84e814e36e91e01448ee07eaadd41d4","name":"Staff","image":{"@type":"ImageObject","@id":"https:\/\/arteeluoghi.it\/#personlogo","inLanguage":"it-IT","url":"https:\/\/secure.gravatar.com\/avatar\/49d2f9e46271bb04e19cebfaf141313a?s=96&d=blank&r=g","contentUrl":"https:\/\/secure.gravatar.com\/avatar\/49d2f9e46271bb04e19cebfaf141313a?s=96&d=blank&r=g","caption":"Staff"}}]}},"_links":{"self":[{"href":"https:\/\/arteeluoghi.it\/index.php\/wp-json\/wp\/v2\/posts\/16169"}],"collection":[{"href":"https:\/\/arteeluoghi.it\/index.php\/wp-json\/wp\/v2\/posts"}],"about":[{"href":"https:\/\/arteeluoghi.it\/index.php\/wp-json\/wp\/v2\/types\/post"}],"author":[{"embeddable":true,"href":"https:\/\/arteeluoghi.it\/index.php\/wp-json\/wp\/v2\/users\/1"}],"replies":[{"embeddable":true,"href":"https:\/\/arteeluoghi.it\/index.php\/wp-json\/wp\/v2\/comments?post=16169"}],"version-history":[{"count":3,"href":"https:\/\/arteeluoghi.it\/index.php\/wp-json\/wp\/v2\/posts\/16169\/revisions"}],"predecessor-version":[{"id":16175,"href":"https:\/\/arteeluoghi.it\/index.php\/wp-json\/wp\/v2\/posts\/16169\/revisions\/16175"}],"wp:featuredmedia":[{"embeddable":true,"href":"https:\/\/arteeluoghi.it\/index.php\/wp-json\/wp\/v2\/media\/16170"}],"wp:attachment":[{"href":"https:\/\/arteeluoghi.it\/index.php\/wp-json\/wp\/v2\/media?parent=16169"}],"wp:term":[{"taxonomy":"category","embeddable":true,"href":"https:\/\/arteeluoghi.it\/index.php\/wp-json\/wp\/v2\/categories?post=16169"},{"taxonomy":"post_tag","embeddable":true,"href":"https:\/\/arteeluoghi.it\/index.php\/wp-json\/wp\/v2\/tags?post=16169"}],"curies":[{"name":"wp","href":"https:\/\/api.w.org\/{rel}","templated":true}]}}