{"id":1617,"date":"2014-03-17T22:47:04","date_gmt":"2014-03-17T21:47:04","guid":{"rendered":"http:\/\/arteeluoghi.it\/index.php\/2014\/03\/17\/la-difficile-prospettiva-del-multiculturalismo\/"},"modified":"2017-08-06T23:25:39","modified_gmt":"2017-08-06T21:25:39","slug":"la-difficile-prospettiva-del-multiculturalismo","status":"publish","type":"post","link":"https:\/\/arteeluoghi.it\/index.php\/2014\/03\/17\/la-difficile-prospettiva-del-multiculturalismo\/","title":{"rendered":"La difficile prospettiva del multiculturalismo"},"content":{"rendered":"<p class=\"17x24testocapitolo\" style=\"text-align: left;\" align=\"center\"><img src=\"\/images\/stories\/libri.jpg\" border=\"0\" title=\"ARTEELUOGHI\/LIBRI Logo di Pierpaolo Gaballo\" width=\"200\" style=\"margin: 21px; border: 1px solid black; float: right;\" \/>I LUOGHI DELLA PAROLA\/APPROFONDIMENTI<strong><br \/><\/strong><\/p>\n<p class=\"17x24testocapitolo\" style=\"text-align: left;\" align=\"center\"><strong>UN INCONTRO DI CULTURE<\/strong><\/p>\n<p class=\"17x24testocapitolo\" style=\"text-align: left;\" align=\"center\">di Luca Tenneriello<\/p>\n<p class=\"17x24testocapitolo\" align=\"right\">La civilt\u00e0 ha avuto la meglio sulla barbarie<\/p>\n<p class=\"17x24testocapitolo\" align=\"right\">quando la barbarie dominava il mondo.<\/p>\n<p class=\"17x24testocapitolo\" align=\"right\">\u00a0<\/p>\n<p class=\"17x24testocapitolo\" align=\"right\"><em>John Stuart Mill<\/em><\/p>\n<p class=\"17x24testocapitolo\">\u00a0<\/p>\n<p class=\"17x24testocapitolo\">Negli ultimi decenni in collegamento con il realizzarsi di una crescente unione globale (come spiega Singer 2003, specialmente alle pp. 172-223) la riflessione sui problemi etici collegati all\u2019incontro o scontro tra diverse culture [\u2026] ha avuto un ampio sviluppo<a href=\"#_ftn1\" title=\"\">[1]<\/a>.<\/p>\n<p class=\"17x24testocapitolo\">In effetti \u00e8 proprio a partire dalle istanze che giungevano \u2013 e giungono \u2013 da nuovi gruppi etnici e minoranze nazionali che si \u00e8 sviluppato quel filone di pensiero chiamato <em>multiculturalismo<\/em>, \u00abvolto a definire le basi etiche di una strategia di trattamento delle minoranze (etniche, religiose, culturali) da parte delle istituzioni politiche\u00bb<a href=\"#_ftn2\" title=\"\">[2]<\/a>.<\/p>\n<p>  <!--more-->  <\/p>\n<p class=\"17x24testocapitolo\">Allargandone la portata, la nozione di \u201ccultura\u201d si trova oggi a dover, volente o nolente, superare i confini nazionali e rispondere alle nuove esigenze che la societ\u00e0 odierna richiede. Tale impostazione non deve spaventare, nel timore che venga oscurato l\u2019individuo in quanto tale per porre al centro un essere astratto e dai confini non meglio precisati chiamato \u201ccultura\u201d; l\u2019individuo non scompare, anzi, almeno nella versione liberale del multiculturalismo, esso viene messo sul podio, in nome di quella libert\u00e0 individuale, diritto fondamentale e inalienabile.<\/p>\n<p class=\"17x24testocapitolo\">Will Kymlicka (1962-), filosofo politico canadese, \u00e8 uno dei massimi esponenti di questo filone di pensiero. Sulla scorta di una distinzione tra <em>diritti fondamentali<\/em>, da garantire a tutti gli individui in quanto uomini, e <em>diritti particolari<\/em>, da garantire agli uomini in quanto membri di un determinato gruppo culturale, Kymlicka pone la differenza culturale come ambiente necessario e terreno fertile per poter esprimere in maniera compiuta l\u2019identit\u00e0 personale; essa dunque, posto un piano di valori universali, vive e si evolve in maniera <em>dialogica<\/em>, formata e plasmata dal dialogo con l\u2019altro: in questo consiste precisamente la libert\u00e0<a href=\"#_ftn3\" title=\"\">[3]<\/a>.<\/p>\n<p class=\"17x24testocapitolo\">Ma questo molto spesso spaventa \u00abquel quinto dell\u2019umanit\u00e0 che gode dell\u2019acqua calda, della mobilit\u00e0, di cibo sufficiente e degli altri vantaggi del progresso tecnico\u00bb<a href=\"#_ftn4\" title=\"\">[4]<\/a>. Forse aderendo pi\u00f9 o meno tacitamente a un razzismo sempre latente, l\u2019Occidente accetta con difficolt\u00e0 la soluzione dell\u2019incontro di culture che sembra una buona strada per servire gli ideali della giustizia e del progresso mondiale; tuttavia \u00abla pluralit\u00e0 e la compresenza delle culture non garantiscono di per s\u00e9 una convivenza civile\u00bb<a href=\"#_ftn5\" title=\"\">[5]<\/a>. Infatti<\/p>\n<p class=\"17x24testocapitolo\">\u00a0<\/p>\n<p class=\"17x24testocapitolo\">L\u2019incontro fra le culture \u2013 che, storicamente, appare come occasione e fonte di progresso \u2013 pu\u00f2 anche farsi scontro, incomprensione, ostilit\u00e0 verso il diverso, percepito come potenziale nemico. L\u2019immigrato resta e viene visto come esule, spesso sospeso fra una cultura abbandonata e una nuova cultura, che non l\u2019accetta in senso pieno, vale a dire accetta le braccia ma non le persone<a href=\"#_ftn6\" title=\"\">[6]<\/a>.<\/p>\n<p class=\"17x24testocapitolo\">\u00a0<\/p>\n<p class=\"17x24testocapitolo\">Le difficolt\u00e0, tuttavia, non sono di recente nascita. La tematica viene suscitata, con le dovute differenze categoriali, da un giovane Benedetto Croce (1866-1952), allievo di Antonio Labriola (1843-1904), allora docente di Filosofia morale all\u2019Universit\u00e0 di Roma \u201cLa Sapienza\u201d:<\/p>\n<p class=\"17x24testocapitolo\">\u00a0<\/p>\n<p class=\"17x24testocapitolo\">\u00abCome fareste a educare moralmente un papuano?\u00bb, domand\u00f2 uno di noi scolari, tanti anni fa (credo circa trent\u2019anni fa), al prof. Labriola, in una delle sue lezioni di pedagogia, obiettando contro l\u2019efficacia della pedagogia. \u00abProvvisoriamente (rispose con vichiana e hegeliana asprezza l\u2019herbartiano professore), provvisoriamente <em>lo farei schiavo<\/em> [corsivo mio]; e questa sarebbe la pedagogia del caso, salvo a vedere se pei suoi nipoti e pronipoti si potr\u00e0 cominciare ad adoperare qualcosa della pedagogia nostra<a href=\"#_ftn7\" title=\"\"><sup><sup>[7]<\/sup><\/sup><\/a>.<\/p>\n<p class=\"17x24testocapitolo\">\u00a0<\/p>\n<p class=\"17x24testocapitolo\">Il baricentro diventa squisitamente pedagogico. \u00c8 curioso, al di l\u00e0 della brutalit\u00e0 della risposta circa il papuano da ridurre in schiavit\u00f9, che Labriola alluda in seconda battuta ai nipoti e ai pronipoti, quali possibili futuri soggetti \u2013 si spera \u2013 di una stentata azione pedagogica. Il papuano adulto lo farebbe schiavo, andando contro ogni valore antropologico, mentre con i suoi nipoti e pronipoti potrebbe iniziare un\u2019attivit\u00e0 educativa che, posta in quei termini, somiglia pi\u00f9 a una \u201ccivilizzata\u201d milliana<a href=\"#_ftn8\" title=\"\">[8]<\/a>, una sorta di \u201ccrociata culturale\u201d contro le etnie ritenute \u201cinferiori\u201d rispetto alla dominante e coloniale \u201crazza occidentale\u201d. Si direbbe che Labriola, in questo aberrante inciso, si sia dimenticato della seconda generazione: che fine farebbero i <em>figli del papuano<\/em>?<\/p>\n<p class=\"17x24testocapitolo\">Un ambiente, una cultura insomma deve essere ben conosciuta e definita, vissuta da dentro, oserei dire, per far s\u00ec che l\u2019azione pedagogica possa <em>arrivare a destinazione<\/em>, senza che nessuna barriera la ostacoli: tale destinazione \u00e8 l\u2019uomo stesso, l\u2019individuo; \u00abl\u2019ambiente forgia chi siamo e, in questo senso, l\u2019individuo che agisce \u00e8 sempre in qualche modo determinato dalla societ\u00e0 in cui vive, ma ci\u00f2 che lo determina \u00e8 quel che fa di lui la persona che \u00e8\u00bb<a href=\"#_ftn9\" title=\"\">[9]<\/a>.<\/p>\n<p class=\"17x24testocapitolo\">Cos\u00ec la domanda dello <em>scolaro <\/em>Benedetto Croce \u00abCome fareste a educare moralmente un papuano?\u00bb si ripresenta oggi, <em>mutatis mutandis<\/em>, con un\u2019impellenza decisiva. Chiaramente non si tratta di educare moralmente nessuno, altrimenti avremmo la pretesa di stare nel gregge degli eletti e dettare leggi su come \u201ccivilizzare\u201d i \u201cbarbari\u201d \u2013 o forse quelli a dover essere educati moralmente sono proprio coloro che hanno questa pretesa. Si tratta di trovare quelle strategie che non sfocino solo in una \u201cconvivenza tollerante\u201d che ha pi\u00f9 il sapore di una \u201csopportazione\u201d, ma che permettano di realizzare quell\u2019orizzonte cosmopolita fatto di \u2013 ancora una volta \u2013 <em>dialogo<\/em>.<\/p>\n<p class=\"17x24testocapitolo\">E in quest\u2019ottica, forse, quei \u201cfigli del papuano\u201d, dimenticati da Labriola, potrebbero trovare piena accoglienza\u2026 insieme al loro padre. Non ci sarebbe dunque motivo di schiavit\u00f9 alcuna, n\u00e9 morale n\u00e9, tantomeno, fisica.<\/p>\n<p class=\"17x24testocapitolo\">Dunque, l\u2019orizzonte interculturale, fatto di un armonioso e costruttivo dialogo tra pi\u00f9 culture, tra pi\u00f9 \u00abmodi di essere nella societ\u00e0\u00bb, sembra un traguardo difficile da raggiungere pienamente.<\/p>\n<p class=\"17x24testocapitolo\">Mi piace chiudere questo lavoro con le battute finali de <em>Il Re, il Saggio e il Buffone<\/em>, di Shafique Keshavjee, teologo protestante kenyota, in cui si racconta di un regno immaginario \u2013 non molto diverso dal nostro mondo \u2013 in cui nessuna cultura etnico-religiosa viene considerata la pi\u00f9 degna di rispetto e i sudditi, appartenenti a diversi gruppi religiosi, vivono in armonia tra loro.<\/p>\n<p class=\"17x24testoconclusioni\">\u00a0<\/p>\n<p class=\"17x24testocapitolo\">Il Re si diresse verso il balcone del suo palazzo. Il suo Regno era immerso in una dolce luce. [\u2026] Mai il suo Regno gli era parso cos\u00ec bello. Ma non gli era neanche mai apparso tanto fragile, con tante cose da migliorare. Poi il Re and\u00f2 a letto pervaso da un\u2019intensa gioia e da una nuova determinazione a servire il suo popolo con giustizia ed equit\u00e0. Incuriosito da quell\u2019esperienza, ma animato da una felicit\u00e0 profonda, si addorment\u00f2 solo all\u2019alba. Senza aver chiarito la causa di quel misterioso cambiamento. Che importa? Si era levato un nuovo giorno<a href=\"#_ftn10\" title=\"\">[10]<\/a>.<\/p>\n<p>\u00a0<\/p>\n<div><br clear=\"all\" \/><\/p>\n<hr width=\"33%\" size=\"1\" \/>\n<div>\n<p><a href=\"#_ftnref1\" title=\"\">[1]<\/a> E. Lecaldano, <em>Diversit\u00e0 culturali tra liberalismo e conseguenzialismo<\/em>, in C. Botti (a cura di), <em>Le etiche della diversit\u00e0 culturale<\/em>, Le Lettere, Firenze 2013, 21.<\/p>\n<\/p><\/div>\n<div>\n<p><a href=\"#_ftnref2\" title=\"\">[2]<\/a> C. Mancina, <em>Multiculturalismo<\/em>, in C. Botti (a cura di), cit., 83.<\/p>\n<\/p><\/div>\n<div>\n<p><a href=\"#_ftnref3\" title=\"\">[3]<\/a> Cfr. Ivi, p. 87-91.<\/p>\n<\/p><\/div>\n<div>\n<p><a href=\"#_ftnref4\" title=\"\">[4]<\/a> F. Ferrarotti, <em>Lo spettro del multiculturalismo<\/em>, in N. Sicliani de Cumis, <em>I figli del Papuano<\/em>. <em>Cultura, culture, intercultura, interculture da Labriola a Makarenko, Gramsci, Yunus<\/em>,prefazione di F. Ferrarotti, Unicopli, Milano 2010, 9.<\/p>\n<\/p><\/div>\n<div>\n<p><a href=\"#_ftnref5\" title=\"\">[5]<\/a> <em>Ibidem<\/em>.<\/p>\n<\/p><\/div>\n<div>\n<p><a href=\"#_ftnref6\" title=\"\">[6]<\/a> <em>Ibidem<\/em>.<\/p>\n<\/p><\/div>\n<div>\n<p><a href=\"#_ftnref7\" title=\"\">[7]<\/a> B. Croce, <em>Conversazioni critiche<\/em>, II serie, Laterza, Bari 1924<sup>2<\/sup>, 60-61.<\/p>\n<\/p><\/div>\n<div>\n<p><a href=\"#_ftnref8\" title=\"\">[8]<\/a> Cfr. J. S. Mill<em>, <\/em><em>La libert\u00e0, L\u2019utilitarismo, L\u2019asservimento delle donne<\/em>, a cura di E. Mistretta, Rizzoli, Milano 1999, 193 e segg.<\/p>\n<\/p><\/div>\n<div>\n<p><a href=\"#_ftnref9\" title=\"\">[9]<\/a> I. Salvatore, <em>Liberalismo, istituzioni, contrattualismo<\/em>, in C. Botti (a cura di), cit., 54.<\/p>\n<\/p><\/div>\n<div>\n<p><a href=\"#_ftnref10\" title=\"\">[10]<\/a> S. Keshavjee, <em>Il Re, il Saggio e il Buffone. Il Gran Torneo delle religioni<\/em>, traduzione di C. Bongiovanni, Einaudi, Torino 2000<sup>2<\/sup>, 196.<\/p>\n<\/p><\/div>\n<\/p><\/div>\n","protected":false},"excerpt":{"rendered":"<p>I LUOGHI DELLA PAROLA\/APPROFONDIMENTI UN INCONTRO DI CULTURE di Luca Tenneriello La civilt\u00e0 ha avuto la meglio sulla barbarie quando<\/p>\n","protected":false},"author":1,"featured_media":0,"comment_status":"open","ping_status":"open","sticky":false,"template":"","format":"standard","meta":[],"categories":[52],"tags":[],"yoast_head":"<!-- This site is optimized with the Yoast SEO plugin v18.0 - https:\/\/yoast.com\/wordpress\/plugins\/seo\/ -->\n<title>La difficile prospettiva del multiculturalismo | Arte e Luoghi<\/title>\n<meta name=\"robots\" content=\"index, follow, max-snippet:-1, max-image-preview:large, max-video-preview:-1\" \/>\n<link rel=\"canonical\" href=\"https:\/\/arteeluoghi.it\/index.php\/2014\/03\/17\/la-difficile-prospettiva-del-multiculturalismo\/\" \/>\n<meta property=\"og:locale\" content=\"it_IT\" \/>\n<meta property=\"og:type\" content=\"article\" \/>\n<meta property=\"og:title\" content=\"La difficile prospettiva del multiculturalismo | Arte e Luoghi\" \/>\n<meta property=\"og:description\" content=\"I LUOGHI DELLA PAROLA\/APPROFONDIMENTI UN INCONTRO DI CULTURE di Luca Tenneriello La civilt\u00e0 ha avuto la meglio sulla barbarie quando\" \/>\n<meta property=\"og:url\" content=\"https:\/\/arteeluoghi.it\/index.php\/2014\/03\/17\/la-difficile-prospettiva-del-multiculturalismo\/\" \/>\n<meta property=\"og:site_name\" content=\"Arte e Luoghi\" \/>\n<meta property=\"article:publisher\" content=\"https:\/\/www.facebook.com\/ArteELuoghi\/\" \/>\n<meta property=\"article:published_time\" content=\"2014-03-17T21:47:04+00:00\" \/>\n<meta property=\"article:modified_time\" content=\"2017-08-06T21:25:39+00:00\" \/>\n<meta property=\"og:image\" content=\"https:\/\/arteeluoghi.it\/images\/stories\/libri.jpg\" \/>\n<meta name=\"twitter:card\" content=\"summary\" \/>\n<meta name=\"twitter:creator\" content=\"@arteeluoghi\" \/>\n<meta name=\"twitter:site\" content=\"@arteeluoghi\" \/>\n<meta name=\"twitter:label1\" content=\"Scritto da\" \/>\n\t<meta name=\"twitter:data1\" content=\"Staff\" \/>\n\t<meta name=\"twitter:label2\" content=\"Tempo di lettura stimato\" \/>\n\t<meta name=\"twitter:data2\" content=\"6 minuti\" \/>\n<script type=\"application\/ld+json\" class=\"yoast-schema-graph\">{\"@context\":\"https:\/\/schema.org\",\"@graph\":[{\"@type\":\"Organization\",\"@id\":\"https:\/\/arteeluoghi.it\/#organization\",\"name\":\"Arte e Luoghi\",\"url\":\"https:\/\/arteeluoghi.it\/\",\"sameAs\":[\"https:\/\/www.facebook.com\/ArteELuoghi\/\",\"https:\/\/www.instagram.com\/arteeluoghi\/?hl=it\",\"https:\/\/www.youtube.com\/channel\/UCuRVc4JW4-C5sg9rQB-srkw?view_as=subscriber\",\"https:\/\/twitter.com\/arteeluoghi\"],\"logo\":{\"@type\":\"ImageObject\",\"@id\":\"https:\/\/arteeluoghi.it\/#logo\",\"inLanguage\":\"it-IT\",\"url\":\"https:\/\/arteeluoghi.it\/wp-content\/uploads\/2018\/08\/logoinstagramarte.jpg\",\"contentUrl\":\"https:\/\/arteeluoghi.it\/wp-content\/uploads\/2018\/08\/logoinstagramarte.jpg\",\"width\":150,\"height\":150,\"caption\":\"Arte e Luoghi\"},\"image\":{\"@id\":\"https:\/\/arteeluoghi.it\/#logo\"}},{\"@type\":\"WebSite\",\"@id\":\"https:\/\/arteeluoghi.it\/#website\",\"url\":\"https:\/\/arteeluoghi.it\/\",\"name\":\"Arte e Luoghi\",\"description\":\"Mensile di arte, cultura, turismo e curiosit\u00e0\",\"publisher\":{\"@id\":\"https:\/\/arteeluoghi.it\/#organization\"},\"potentialAction\":[{\"@type\":\"SearchAction\",\"target\":{\"@type\":\"EntryPoint\",\"urlTemplate\":\"https:\/\/arteeluoghi.it\/?s={search_term_string}\"},\"query-input\":\"required name=search_term_string\"}],\"inLanguage\":\"it-IT\"},{\"@type\":\"ImageObject\",\"@id\":\"https:\/\/arteeluoghi.it\/index.php\/2014\/03\/17\/la-difficile-prospettiva-del-multiculturalismo\/#primaryimage\",\"inLanguage\":\"it-IT\",\"url\":\"\/images\/stories\/libri.jpg\",\"contentUrl\":\"\/images\/stories\/libri.jpg\"},{\"@type\":\"WebPage\",\"@id\":\"https:\/\/arteeluoghi.it\/index.php\/2014\/03\/17\/la-difficile-prospettiva-del-multiculturalismo\/#webpage\",\"url\":\"https:\/\/arteeluoghi.it\/index.php\/2014\/03\/17\/la-difficile-prospettiva-del-multiculturalismo\/\",\"name\":\"La difficile prospettiva del multiculturalismo | Arte e Luoghi\",\"isPartOf\":{\"@id\":\"https:\/\/arteeluoghi.it\/#website\"},\"primaryImageOfPage\":{\"@id\":\"https:\/\/arteeluoghi.it\/index.php\/2014\/03\/17\/la-difficile-prospettiva-del-multiculturalismo\/#primaryimage\"},\"datePublished\":\"2014-03-17T21:47:04+00:00\",\"dateModified\":\"2017-08-06T21:25:39+00:00\",\"breadcrumb\":{\"@id\":\"https:\/\/arteeluoghi.it\/index.php\/2014\/03\/17\/la-difficile-prospettiva-del-multiculturalismo\/#breadcrumb\"},\"inLanguage\":\"it-IT\",\"potentialAction\":[{\"@type\":\"ReadAction\",\"target\":[\"https:\/\/arteeluoghi.it\/index.php\/2014\/03\/17\/la-difficile-prospettiva-del-multiculturalismo\/\"]}]},{\"@type\":\"BreadcrumbList\",\"@id\":\"https:\/\/arteeluoghi.it\/index.php\/2014\/03\/17\/la-difficile-prospettiva-del-multiculturalismo\/#breadcrumb\",\"itemListElement\":[{\"@type\":\"ListItem\",\"position\":1,\"name\":\"Home\",\"item\":\"https:\/\/arteeluoghi.it\/\"},{\"@type\":\"ListItem\",\"position\":2,\"name\":\"La difficile prospettiva del multiculturalismo\"}]},{\"@type\":\"Article\",\"@id\":\"https:\/\/arteeluoghi.it\/index.php\/2014\/03\/17\/la-difficile-prospettiva-del-multiculturalismo\/#article\",\"isPartOf\":{\"@id\":\"https:\/\/arteeluoghi.it\/index.php\/2014\/03\/17\/la-difficile-prospettiva-del-multiculturalismo\/#webpage\"},\"author\":{\"@id\":\"https:\/\/arteeluoghi.it\/#\/schema\/person\/f84e814e36e91e01448ee07eaadd41d4\"},\"headline\":\"La difficile prospettiva del multiculturalismo\",\"datePublished\":\"2014-03-17T21:47:04+00:00\",\"dateModified\":\"2017-08-06T21:25:39+00:00\",\"mainEntityOfPage\":{\"@id\":\"https:\/\/arteeluoghi.it\/index.php\/2014\/03\/17\/la-difficile-prospettiva-del-multiculturalismo\/#webpage\"},\"wordCount\":1202,\"commentCount\":0,\"publisher\":{\"@id\":\"https:\/\/arteeluoghi.it\/#organization\"},\"image\":{\"@id\":\"https:\/\/arteeluoghi.it\/index.php\/2014\/03\/17\/la-difficile-prospettiva-del-multiculturalismo\/#primaryimage\"},\"thumbnailUrl\":\"\/images\/stories\/libri.jpg\",\"articleSection\":[\"I luoghi della parola\"],\"inLanguage\":\"it-IT\",\"potentialAction\":[{\"@type\":\"CommentAction\",\"name\":\"Comment\",\"target\":[\"https:\/\/arteeluoghi.it\/index.php\/2014\/03\/17\/la-difficile-prospettiva-del-multiculturalismo\/#respond\"]}]},{\"@type\":\"Person\",\"@id\":\"https:\/\/arteeluoghi.it\/#\/schema\/person\/f84e814e36e91e01448ee07eaadd41d4\",\"name\":\"Staff\",\"image\":{\"@type\":\"ImageObject\",\"@id\":\"https:\/\/arteeluoghi.it\/#personlogo\",\"inLanguage\":\"it-IT\",\"url\":\"https:\/\/secure.gravatar.com\/avatar\/49d2f9e46271bb04e19cebfaf141313a?s=96&d=blank&r=g\",\"contentUrl\":\"https:\/\/secure.gravatar.com\/avatar\/49d2f9e46271bb04e19cebfaf141313a?s=96&d=blank&r=g\",\"caption\":\"Staff\"}}]}<\/script>\n<!-- \/ Yoast SEO plugin. -->","yoast_head_json":{"title":"La difficile prospettiva del multiculturalismo | Arte e Luoghi","robots":{"index":"index","follow":"follow","max-snippet":"max-snippet:-1","max-image-preview":"max-image-preview:large","max-video-preview":"max-video-preview:-1"},"canonical":"https:\/\/arteeluoghi.it\/index.php\/2014\/03\/17\/la-difficile-prospettiva-del-multiculturalismo\/","og_locale":"it_IT","og_type":"article","og_title":"La difficile prospettiva del multiculturalismo | Arte e Luoghi","og_description":"I LUOGHI DELLA PAROLA\/APPROFONDIMENTI UN INCONTRO DI CULTURE di Luca Tenneriello La civilt\u00e0 ha avuto la meglio sulla barbarie quando","og_url":"https:\/\/arteeluoghi.it\/index.php\/2014\/03\/17\/la-difficile-prospettiva-del-multiculturalismo\/","og_site_name":"Arte e Luoghi","article_publisher":"https:\/\/www.facebook.com\/ArteELuoghi\/","article_published_time":"2014-03-17T21:47:04+00:00","article_modified_time":"2017-08-06T21:25:39+00:00","og_image":[{"url":"https:\/\/arteeluoghi.it\/images\/stories\/libri.jpg"}],"twitter_card":"summary","twitter_creator":"@arteeluoghi","twitter_site":"@arteeluoghi","twitter_misc":{"Scritto da":"Staff","Tempo di lettura stimato":"6 minuti"},"schema":{"@context":"https:\/\/schema.org","@graph":[{"@type":"Organization","@id":"https:\/\/arteeluoghi.it\/#organization","name":"Arte e Luoghi","url":"https:\/\/arteeluoghi.it\/","sameAs":["https:\/\/www.facebook.com\/ArteELuoghi\/","https:\/\/www.instagram.com\/arteeluoghi\/?hl=it","https:\/\/www.youtube.com\/channel\/UCuRVc4JW4-C5sg9rQB-srkw?view_as=subscriber","https:\/\/twitter.com\/arteeluoghi"],"logo":{"@type":"ImageObject","@id":"https:\/\/arteeluoghi.it\/#logo","inLanguage":"it-IT","url":"https:\/\/arteeluoghi.it\/wp-content\/uploads\/2018\/08\/logoinstagramarte.jpg","contentUrl":"https:\/\/arteeluoghi.it\/wp-content\/uploads\/2018\/08\/logoinstagramarte.jpg","width":150,"height":150,"caption":"Arte e Luoghi"},"image":{"@id":"https:\/\/arteeluoghi.it\/#logo"}},{"@type":"WebSite","@id":"https:\/\/arteeluoghi.it\/#website","url":"https:\/\/arteeluoghi.it\/","name":"Arte e Luoghi","description":"Mensile di arte, cultura, turismo e curiosit\u00e0","publisher":{"@id":"https:\/\/arteeluoghi.it\/#organization"},"potentialAction":[{"@type":"SearchAction","target":{"@type":"EntryPoint","urlTemplate":"https:\/\/arteeluoghi.it\/?s={search_term_string}"},"query-input":"required name=search_term_string"}],"inLanguage":"it-IT"},{"@type":"ImageObject","@id":"https:\/\/arteeluoghi.it\/index.php\/2014\/03\/17\/la-difficile-prospettiva-del-multiculturalismo\/#primaryimage","inLanguage":"it-IT","url":"\/images\/stories\/libri.jpg","contentUrl":"\/images\/stories\/libri.jpg"},{"@type":"WebPage","@id":"https:\/\/arteeluoghi.it\/index.php\/2014\/03\/17\/la-difficile-prospettiva-del-multiculturalismo\/#webpage","url":"https:\/\/arteeluoghi.it\/index.php\/2014\/03\/17\/la-difficile-prospettiva-del-multiculturalismo\/","name":"La difficile prospettiva del multiculturalismo | Arte e Luoghi","isPartOf":{"@id":"https:\/\/arteeluoghi.it\/#website"},"primaryImageOfPage":{"@id":"https:\/\/arteeluoghi.it\/index.php\/2014\/03\/17\/la-difficile-prospettiva-del-multiculturalismo\/#primaryimage"},"datePublished":"2014-03-17T21:47:04+00:00","dateModified":"2017-08-06T21:25:39+00:00","breadcrumb":{"@id":"https:\/\/arteeluoghi.it\/index.php\/2014\/03\/17\/la-difficile-prospettiva-del-multiculturalismo\/#breadcrumb"},"inLanguage":"it-IT","potentialAction":[{"@type":"ReadAction","target":["https:\/\/arteeluoghi.it\/index.php\/2014\/03\/17\/la-difficile-prospettiva-del-multiculturalismo\/"]}]},{"@type":"BreadcrumbList","@id":"https:\/\/arteeluoghi.it\/index.php\/2014\/03\/17\/la-difficile-prospettiva-del-multiculturalismo\/#breadcrumb","itemListElement":[{"@type":"ListItem","position":1,"name":"Home","item":"https:\/\/arteeluoghi.it\/"},{"@type":"ListItem","position":2,"name":"La difficile prospettiva del multiculturalismo"}]},{"@type":"Article","@id":"https:\/\/arteeluoghi.it\/index.php\/2014\/03\/17\/la-difficile-prospettiva-del-multiculturalismo\/#article","isPartOf":{"@id":"https:\/\/arteeluoghi.it\/index.php\/2014\/03\/17\/la-difficile-prospettiva-del-multiculturalismo\/#webpage"},"author":{"@id":"https:\/\/arteeluoghi.it\/#\/schema\/person\/f84e814e36e91e01448ee07eaadd41d4"},"headline":"La difficile prospettiva del multiculturalismo","datePublished":"2014-03-17T21:47:04+00:00","dateModified":"2017-08-06T21:25:39+00:00","mainEntityOfPage":{"@id":"https:\/\/arteeluoghi.it\/index.php\/2014\/03\/17\/la-difficile-prospettiva-del-multiculturalismo\/#webpage"},"wordCount":1202,"commentCount":0,"publisher":{"@id":"https:\/\/arteeluoghi.it\/#organization"},"image":{"@id":"https:\/\/arteeluoghi.it\/index.php\/2014\/03\/17\/la-difficile-prospettiva-del-multiculturalismo\/#primaryimage"},"thumbnailUrl":"\/images\/stories\/libri.jpg","articleSection":["I luoghi della parola"],"inLanguage":"it-IT","potentialAction":[{"@type":"CommentAction","name":"Comment","target":["https:\/\/arteeluoghi.it\/index.php\/2014\/03\/17\/la-difficile-prospettiva-del-multiculturalismo\/#respond"]}]},{"@type":"Person","@id":"https:\/\/arteeluoghi.it\/#\/schema\/person\/f84e814e36e91e01448ee07eaadd41d4","name":"Staff","image":{"@type":"ImageObject","@id":"https:\/\/arteeluoghi.it\/#personlogo","inLanguage":"it-IT","url":"https:\/\/secure.gravatar.com\/avatar\/49d2f9e46271bb04e19cebfaf141313a?s=96&d=blank&r=g","contentUrl":"https:\/\/secure.gravatar.com\/avatar\/49d2f9e46271bb04e19cebfaf141313a?s=96&d=blank&r=g","caption":"Staff"}}]}},"_links":{"self":[{"href":"https:\/\/arteeluoghi.it\/index.php\/wp-json\/wp\/v2\/posts\/1617"}],"collection":[{"href":"https:\/\/arteeluoghi.it\/index.php\/wp-json\/wp\/v2\/posts"}],"about":[{"href":"https:\/\/arteeluoghi.it\/index.php\/wp-json\/wp\/v2\/types\/post"}],"author":[{"embeddable":true,"href":"https:\/\/arteeluoghi.it\/index.php\/wp-json\/wp\/v2\/users\/1"}],"replies":[{"embeddable":true,"href":"https:\/\/arteeluoghi.it\/index.php\/wp-json\/wp\/v2\/comments?post=1617"}],"version-history":[{"count":1,"href":"https:\/\/arteeluoghi.it\/index.php\/wp-json\/wp\/v2\/posts\/1617\/revisions"}],"predecessor-version":[{"id":3021,"href":"https:\/\/arteeluoghi.it\/index.php\/wp-json\/wp\/v2\/posts\/1617\/revisions\/3021"}],"wp:attachment":[{"href":"https:\/\/arteeluoghi.it\/index.php\/wp-json\/wp\/v2\/media?parent=1617"}],"wp:term":[{"taxonomy":"category","embeddable":true,"href":"https:\/\/arteeluoghi.it\/index.php\/wp-json\/wp\/v2\/categories?post=1617"},{"taxonomy":"post_tag","embeddable":true,"href":"https:\/\/arteeluoghi.it\/index.php\/wp-json\/wp\/v2\/tags?post=1617"}],"curies":[{"name":"wp","href":"https:\/\/api.w.org\/{rel}","templated":true}]}}