{"id":16176,"date":"2025-10-24T20:48:27","date_gmt":"2025-10-24T18:48:27","guid":{"rendered":"https:\/\/arteeluoghi.it\/?p=16176"},"modified":"2025-10-24T20:48:28","modified_gmt":"2025-10-24T18:48:28","slug":"omaggio-a-eduardo-scarpetta-al-teatro-san-ferdinando","status":"publish","type":"post","link":"https:\/\/arteeluoghi.it\/index.php\/2025\/10\/24\/omaggio-a-eduardo-scarpetta-al-teatro-san-ferdinando\/","title":{"rendered":"Omaggio a Eduardo Scarpetta al Teatro San Ferdinando"},"content":{"rendered":"\n<blockquote class=\"wp-block-quote is-style-default\"><p>Nel centenario della scomparsa del commediografo napoletano, incontro pubblico luned\u00ec 27 ottobre con il regista e il cast de \u201cIl medico dei pazzi\u201d, promosso da Comune di Napoli e Teatro di Napoli \u2013 Teatro Nazionale che debutter\u00e0 il prossimo 6 novembre<\/p><\/blockquote>\n\n\n\n<p>Il<strong>\u00a0Comune di Napoli<\/strong>\u00a0e il\u00a0<strong>Teatro di Napoli \u2013 Teatro Nazionale<\/strong>\u00a0rendono omaggio all\u2019autore\u00a0<strong>Eduardo Scarpetta<\/strong>\u00a0nel centenario della sua scomparsa, con un incontro aperto alla cittadinanza dedicato all\u2019arte e all\u2019eredit\u00e0 culturale di uno dei padri del teatro comico napoletano.L\u2019appuntamento \u00e8 per\u00a0<strong>luned\u00ec 27 ottobre alle ore 17.00<\/strong>\u00a0pressi il Foyer del<strong>\u00a0Teatro San Ferdinando<\/strong>, luogo simbolo della tradizione teatrale partenopea, in piazza Eduardo De Filippo 20. Protagonisti dell\u2019incontro saranno il\u00a0<strong>regista Leo Muscato<\/strong>\u00a0e gli attori dello spettacolo\u00a0<strong>\u201cIl medico dei pazzi\u201d<\/strong>, che debutter\u00e0 in prima nazionale il 6 novembre proprio sullo storico palcoscenico del San Ferdinando.<\/p>\n\n\n\n<!--more-->\n\n\n\n<div class=\"wp-block-image\"><figure class=\"alignleft size-large is-resized\"><img loading=\"lazy\" src=\"https:\/\/arteeluoghi.it\/wp-content\/uploads\/2025\/10\/FOTO-LEO-MUSCATO-1.jpg\" alt=\"\" class=\"wp-image-16178\" width=\"348\" height=\"504\"\/><figcaption>Il regista Leo Muscato<\/figcaption><\/figure><\/div>\n\n\n\n<p>L\u2019evento offrir\u00e0 al pubblico l\u2019occasione di conoscere pi\u00f9 da vicino la nuova messa in scena del celebre testo di\u00a0<strong>Eduardo Scarpetta<\/strong>, interpretato da\u00a0<strong>Gianfelice Imparato<\/strong>\u00a0nel ruolo del mitico\u00a0<strong>Don Felice Sciosciammocca<\/strong>, e di riflettere sulla modernit\u00e0 di un autore la cui arte ha lasciato un segno indelebile nel teatro contemporaneo.La messinscena coinvolge un ampio cast di attori \u2013\u00a0<strong>Luigi Bignone, Giuseppe Brunetti, Francesco Maria Cordella, Alessandra D\u2019Ambrosio, Antonio Fiorillo, Giorgio Pinto, Arianna Primavera, Giuseppe Rispoli, Ingrid Sansone e Michele Schiano Di Cola<\/strong>\u00a0\u2013 diretti da\u00a0<strong>Leo Muscato<\/strong>, che firma anche l\u2019adattamento dell\u2019opera.Con\u00a0<strong>scene di Federica Parolini<\/strong>,\u00a0<strong>costumi di Silvia Aymonino<\/strong>,\u00a0<strong>luci di Alessandro Verazzi<\/strong>\u00a0e\u00a0<strong>musiche originali di Andrea Chenna<\/strong>, \u201cIl medico dei pazzi\u201d restituisce al pubblico tutta la vivacit\u00e0 e l\u2019attualit\u00e0 di un testo che continua a far ridere e riflettere, intrecciando comicit\u00e0 e umanit\u00e0.L\u2019iniziativa si inserisce tra le attivit\u00e0 del progetto\u00a0<strong>Cohousing Cinema Napoli<\/strong>, promosso dal Comune di Napoli in sinergia con le case di produzione cinematografica e i teatri nazionali, che mira a rafforzare il dialogo tra teatro, cinema e comunit\u00e0, valorizzando il patrimonio culturale della citt\u00e0 attraverso momenti di partecipazione e condivisione.<strong>Ingresso libero fino ad esaurimento posti.<\/strong><\/p>\n\n\n\n<p>(fonte: comunicato stampa)<\/p>\n","protected":false},"excerpt":{"rendered":"<p>Nel centenario della scomparsa del commediografo napoletano, incontro pubblico luned\u00ec 27 ottobre con il regista e il cast de \u201cIl<\/p>\n","protected":false},"author":1,"featured_media":16177,"comment_status":"open","ping_status":"open","sticky":true,"template":"","format":"standard","meta":[],"categories":[13],"tags":[6864,4122,6863,6865,160,377,2195],"yoast_head":"<!-- This site is optimized with the Yoast SEO plugin v18.0 - https:\/\/yoast.com\/wordpress\/plugins\/seo\/ -->\n<title>Omaggio a Eduardo Scarpetta al Teatro San Ferdinando | Arte e Luoghi<\/title>\n<meta name=\"description\" content=\"Nel centenario della scomparsa del commediografo napoletano, incontro pubblico luned\u00ec 27 ottobre con il regista e il cast de\" \/>\n<meta name=\"robots\" content=\"index, follow, max-snippet:-1, max-image-preview:large, max-video-preview:-1\" \/>\n<link rel=\"canonical\" href=\"https:\/\/arteeluoghi.it\/index.php\/2025\/10\/24\/omaggio-a-eduardo-scarpetta-al-teatro-san-ferdinando\/\" \/>\n<meta property=\"og:locale\" content=\"it_IT\" \/>\n<meta property=\"og:type\" content=\"article\" \/>\n<meta property=\"og:title\" content=\"Omaggio a Eduardo Scarpetta al Teatro San Ferdinando | Arte e Luoghi\" \/>\n<meta property=\"og:description\" content=\"Nel centenario della scomparsa del commediografo napoletano, incontro pubblico luned\u00ec 27 ottobre con il regista e il cast de\" \/>\n<meta property=\"og:url\" content=\"https:\/\/arteeluoghi.it\/index.php\/2025\/10\/24\/omaggio-a-eduardo-scarpetta-al-teatro-san-ferdinando\/\" \/>\n<meta property=\"og:site_name\" content=\"Arte e Luoghi\" \/>\n<meta property=\"article:publisher\" content=\"https:\/\/www.facebook.com\/ArteELuoghi\/\" \/>\n<meta property=\"article:published_time\" content=\"2025-10-24T18:48:27+00:00\" \/>\n<meta property=\"article:modified_time\" content=\"2025-10-24T18:48:28+00:00\" \/>\n<meta property=\"og:image\" content=\"https:\/\/arteeluoghi.it\/wp-content\/uploads\/2025\/10\/FOTO-GIANFELICE-IMPARATO-1--scaled.jpg\" \/>\n\t<meta property=\"og:image:width\" content=\"1707\" \/>\n\t<meta property=\"og:image:height\" content=\"2560\" \/>\n\t<meta property=\"og:image:type\" content=\"image\/jpeg\" \/>\n<meta name=\"twitter:card\" content=\"summary\" \/>\n<meta name=\"twitter:creator\" content=\"@arteeluoghi\" \/>\n<meta name=\"twitter:site\" content=\"@arteeluoghi\" \/>\n<meta name=\"twitter:label1\" content=\"Scritto da\" \/>\n\t<meta name=\"twitter:data1\" content=\"Staff\" \/>\n\t<meta name=\"twitter:label2\" content=\"Tempo di lettura stimato\" \/>\n\t<meta name=\"twitter:data2\" content=\"2 minuti\" \/>\n<script type=\"application\/ld+json\" class=\"yoast-schema-graph\">{\"@context\":\"https:\/\/schema.org\",\"@graph\":[{\"@type\":\"Organization\",\"@id\":\"https:\/\/arteeluoghi.it\/#organization\",\"name\":\"Arte e Luoghi\",\"url\":\"https:\/\/arteeluoghi.it\/\",\"sameAs\":[\"https:\/\/www.facebook.com\/ArteELuoghi\/\",\"https:\/\/www.instagram.com\/arteeluoghi\/?hl=it\",\"https:\/\/www.youtube.com\/channel\/UCuRVc4JW4-C5sg9rQB-srkw?view_as=subscriber\",\"https:\/\/twitter.com\/arteeluoghi\"],\"logo\":{\"@type\":\"ImageObject\",\"@id\":\"https:\/\/arteeluoghi.it\/#logo\",\"inLanguage\":\"it-IT\",\"url\":\"https:\/\/arteeluoghi.it\/wp-content\/uploads\/2018\/08\/logoinstagramarte.jpg\",\"contentUrl\":\"https:\/\/arteeluoghi.it\/wp-content\/uploads\/2018\/08\/logoinstagramarte.jpg\",\"width\":150,\"height\":150,\"caption\":\"Arte e Luoghi\"},\"image\":{\"@id\":\"https:\/\/arteeluoghi.it\/#logo\"}},{\"@type\":\"WebSite\",\"@id\":\"https:\/\/arteeluoghi.it\/#website\",\"url\":\"https:\/\/arteeluoghi.it\/\",\"name\":\"Arte e Luoghi\",\"description\":\"Mensile di arte, cultura, turismo e curiosit\u00e0\",\"publisher\":{\"@id\":\"https:\/\/arteeluoghi.it\/#organization\"},\"potentialAction\":[{\"@type\":\"SearchAction\",\"target\":{\"@type\":\"EntryPoint\",\"urlTemplate\":\"https:\/\/arteeluoghi.it\/?s={search_term_string}\"},\"query-input\":\"required name=search_term_string\"}],\"inLanguage\":\"it-IT\"},{\"@type\":\"ImageObject\",\"@id\":\"https:\/\/arteeluoghi.it\/index.php\/2025\/10\/24\/omaggio-a-eduardo-scarpetta-al-teatro-san-ferdinando\/#primaryimage\",\"inLanguage\":\"it-IT\",\"url\":\"https:\/\/arteeluoghi.it\/wp-content\/uploads\/2025\/10\/FOTO-GIANFELICE-IMPARATO-1--scaled.jpg\",\"contentUrl\":\"https:\/\/arteeluoghi.it\/wp-content\/uploads\/2025\/10\/FOTO-GIANFELICE-IMPARATO-1--scaled.jpg\",\"width\":1707,\"height\":2560},{\"@type\":\"WebPage\",\"@id\":\"https:\/\/arteeluoghi.it\/index.php\/2025\/10\/24\/omaggio-a-eduardo-scarpetta-al-teatro-san-ferdinando\/#webpage\",\"url\":\"https:\/\/arteeluoghi.it\/index.php\/2025\/10\/24\/omaggio-a-eduardo-scarpetta-al-teatro-san-ferdinando\/\",\"name\":\"Omaggio a Eduardo Scarpetta al Teatro San Ferdinando | Arte e Luoghi\",\"isPartOf\":{\"@id\":\"https:\/\/arteeluoghi.it\/#website\"},\"primaryImageOfPage\":{\"@id\":\"https:\/\/arteeluoghi.it\/index.php\/2025\/10\/24\/omaggio-a-eduardo-scarpetta-al-teatro-san-ferdinando\/#primaryimage\"},\"datePublished\":\"2025-10-24T18:48:27+00:00\",\"dateModified\":\"2025-10-24T18:48:28+00:00\",\"description\":\"Nel centenario della scomparsa del commediografo napoletano, incontro pubblico luned\u00ec 27 ottobre con il regista e il cast de\",\"breadcrumb\":{\"@id\":\"https:\/\/arteeluoghi.it\/index.php\/2025\/10\/24\/omaggio-a-eduardo-scarpetta-al-teatro-san-ferdinando\/#breadcrumb\"},\"inLanguage\":\"it-IT\",\"potentialAction\":[{\"@type\":\"ReadAction\",\"target\":[\"https:\/\/arteeluoghi.it\/index.php\/2025\/10\/24\/omaggio-a-eduardo-scarpetta-al-teatro-san-ferdinando\/\"]}]},{\"@type\":\"BreadcrumbList\",\"@id\":\"https:\/\/arteeluoghi.it\/index.php\/2025\/10\/24\/omaggio-a-eduardo-scarpetta-al-teatro-san-ferdinando\/#breadcrumb\",\"itemListElement\":[{\"@type\":\"ListItem\",\"position\":1,\"name\":\"Home\",\"item\":\"https:\/\/arteeluoghi.it\/\"},{\"@type\":\"ListItem\",\"position\":2,\"name\":\"Omaggio a Eduardo Scarpetta al Teatro San Ferdinando\"}]},{\"@type\":\"Article\",\"@id\":\"https:\/\/arteeluoghi.it\/index.php\/2025\/10\/24\/omaggio-a-eduardo-scarpetta-al-teatro-san-ferdinando\/#article\",\"isPartOf\":{\"@id\":\"https:\/\/arteeluoghi.it\/index.php\/2025\/10\/24\/omaggio-a-eduardo-scarpetta-al-teatro-san-ferdinando\/#webpage\"},\"author\":{\"@id\":\"https:\/\/arteeluoghi.it\/#\/schema\/person\/f84e814e36e91e01448ee07eaadd41d4\"},\"headline\":\"Omaggio a Eduardo Scarpetta al Teatro San Ferdinando\",\"datePublished\":\"2025-10-24T18:48:27+00:00\",\"dateModified\":\"2025-10-24T18:48:28+00:00\",\"mainEntityOfPage\":{\"@id\":\"https:\/\/arteeluoghi.it\/index.php\/2025\/10\/24\/omaggio-a-eduardo-scarpetta-al-teatro-san-ferdinando\/#webpage\"},\"wordCount\":353,\"commentCount\":0,\"publisher\":{\"@id\":\"https:\/\/arteeluoghi.it\/#organization\"},\"image\":{\"@id\":\"https:\/\/arteeluoghi.it\/index.php\/2025\/10\/24\/omaggio-a-eduardo-scarpetta-al-teatro-san-ferdinando\/#primaryimage\"},\"thumbnailUrl\":\"https:\/\/arteeluoghi.it\/wp-content\/uploads\/2025\/10\/FOTO-GIANFELICE-IMPARATO-1--scaled.jpg\",\"keywords\":[\"Don Felice Sciosciammocca\",\"Eduardo Scarpetta\",\"Gianfelice Imparato\",\"Leo Muscato\",\"Napoli\",\"teatro\",\"Teatro San Ferdinando\"],\"articleSection\":[\"teatro\"],\"inLanguage\":\"it-IT\",\"potentialAction\":[{\"@type\":\"CommentAction\",\"name\":\"Comment\",\"target\":[\"https:\/\/arteeluoghi.it\/index.php\/2025\/10\/24\/omaggio-a-eduardo-scarpetta-al-teatro-san-ferdinando\/#respond\"]}]},{\"@type\":\"Person\",\"@id\":\"https:\/\/arteeluoghi.it\/#\/schema\/person\/f84e814e36e91e01448ee07eaadd41d4\",\"name\":\"Staff\",\"image\":{\"@type\":\"ImageObject\",\"@id\":\"https:\/\/arteeluoghi.it\/#personlogo\",\"inLanguage\":\"it-IT\",\"url\":\"https:\/\/secure.gravatar.com\/avatar\/49d2f9e46271bb04e19cebfaf141313a?s=96&d=blank&r=g\",\"contentUrl\":\"https:\/\/secure.gravatar.com\/avatar\/49d2f9e46271bb04e19cebfaf141313a?s=96&d=blank&r=g\",\"caption\":\"Staff\"}}]}<\/script>\n<!-- \/ Yoast SEO plugin. -->","yoast_head_json":{"title":"Omaggio a Eduardo Scarpetta al Teatro San Ferdinando | Arte e Luoghi","description":"Nel centenario della scomparsa del commediografo napoletano, incontro pubblico luned\u00ec 27 ottobre con il regista e il cast de","robots":{"index":"index","follow":"follow","max-snippet":"max-snippet:-1","max-image-preview":"max-image-preview:large","max-video-preview":"max-video-preview:-1"},"canonical":"https:\/\/arteeluoghi.it\/index.php\/2025\/10\/24\/omaggio-a-eduardo-scarpetta-al-teatro-san-ferdinando\/","og_locale":"it_IT","og_type":"article","og_title":"Omaggio a Eduardo Scarpetta al Teatro San Ferdinando | Arte e Luoghi","og_description":"Nel centenario della scomparsa del commediografo napoletano, incontro pubblico luned\u00ec 27 ottobre con il regista e il cast de","og_url":"https:\/\/arteeluoghi.it\/index.php\/2025\/10\/24\/omaggio-a-eduardo-scarpetta-al-teatro-san-ferdinando\/","og_site_name":"Arte e Luoghi","article_publisher":"https:\/\/www.facebook.com\/ArteELuoghi\/","article_published_time":"2025-10-24T18:48:27+00:00","article_modified_time":"2025-10-24T18:48:28+00:00","og_image":[{"width":1707,"height":2560,"url":"https:\/\/arteeluoghi.it\/wp-content\/uploads\/2025\/10\/FOTO-GIANFELICE-IMPARATO-1--scaled.jpg","type":"image\/jpeg"}],"twitter_card":"summary","twitter_creator":"@arteeluoghi","twitter_site":"@arteeluoghi","twitter_misc":{"Scritto da":"Staff","Tempo di lettura stimato":"2 minuti"},"schema":{"@context":"https:\/\/schema.org","@graph":[{"@type":"Organization","@id":"https:\/\/arteeluoghi.it\/#organization","name":"Arte e Luoghi","url":"https:\/\/arteeluoghi.it\/","sameAs":["https:\/\/www.facebook.com\/ArteELuoghi\/","https:\/\/www.instagram.com\/arteeluoghi\/?hl=it","https:\/\/www.youtube.com\/channel\/UCuRVc4JW4-C5sg9rQB-srkw?view_as=subscriber","https:\/\/twitter.com\/arteeluoghi"],"logo":{"@type":"ImageObject","@id":"https:\/\/arteeluoghi.it\/#logo","inLanguage":"it-IT","url":"https:\/\/arteeluoghi.it\/wp-content\/uploads\/2018\/08\/logoinstagramarte.jpg","contentUrl":"https:\/\/arteeluoghi.it\/wp-content\/uploads\/2018\/08\/logoinstagramarte.jpg","width":150,"height":150,"caption":"Arte e Luoghi"},"image":{"@id":"https:\/\/arteeluoghi.it\/#logo"}},{"@type":"WebSite","@id":"https:\/\/arteeluoghi.it\/#website","url":"https:\/\/arteeluoghi.it\/","name":"Arte e Luoghi","description":"Mensile di arte, cultura, turismo e curiosit\u00e0","publisher":{"@id":"https:\/\/arteeluoghi.it\/#organization"},"potentialAction":[{"@type":"SearchAction","target":{"@type":"EntryPoint","urlTemplate":"https:\/\/arteeluoghi.it\/?s={search_term_string}"},"query-input":"required name=search_term_string"}],"inLanguage":"it-IT"},{"@type":"ImageObject","@id":"https:\/\/arteeluoghi.it\/index.php\/2025\/10\/24\/omaggio-a-eduardo-scarpetta-al-teatro-san-ferdinando\/#primaryimage","inLanguage":"it-IT","url":"https:\/\/arteeluoghi.it\/wp-content\/uploads\/2025\/10\/FOTO-GIANFELICE-IMPARATO-1--scaled.jpg","contentUrl":"https:\/\/arteeluoghi.it\/wp-content\/uploads\/2025\/10\/FOTO-GIANFELICE-IMPARATO-1--scaled.jpg","width":1707,"height":2560},{"@type":"WebPage","@id":"https:\/\/arteeluoghi.it\/index.php\/2025\/10\/24\/omaggio-a-eduardo-scarpetta-al-teatro-san-ferdinando\/#webpage","url":"https:\/\/arteeluoghi.it\/index.php\/2025\/10\/24\/omaggio-a-eduardo-scarpetta-al-teatro-san-ferdinando\/","name":"Omaggio a Eduardo Scarpetta al Teatro San Ferdinando | Arte e Luoghi","isPartOf":{"@id":"https:\/\/arteeluoghi.it\/#website"},"primaryImageOfPage":{"@id":"https:\/\/arteeluoghi.it\/index.php\/2025\/10\/24\/omaggio-a-eduardo-scarpetta-al-teatro-san-ferdinando\/#primaryimage"},"datePublished":"2025-10-24T18:48:27+00:00","dateModified":"2025-10-24T18:48:28+00:00","description":"Nel centenario della scomparsa del commediografo napoletano, incontro pubblico luned\u00ec 27 ottobre con il regista e il cast de","breadcrumb":{"@id":"https:\/\/arteeluoghi.it\/index.php\/2025\/10\/24\/omaggio-a-eduardo-scarpetta-al-teatro-san-ferdinando\/#breadcrumb"},"inLanguage":"it-IT","potentialAction":[{"@type":"ReadAction","target":["https:\/\/arteeluoghi.it\/index.php\/2025\/10\/24\/omaggio-a-eduardo-scarpetta-al-teatro-san-ferdinando\/"]}]},{"@type":"BreadcrumbList","@id":"https:\/\/arteeluoghi.it\/index.php\/2025\/10\/24\/omaggio-a-eduardo-scarpetta-al-teatro-san-ferdinando\/#breadcrumb","itemListElement":[{"@type":"ListItem","position":1,"name":"Home","item":"https:\/\/arteeluoghi.it\/"},{"@type":"ListItem","position":2,"name":"Omaggio a Eduardo Scarpetta al Teatro San Ferdinando"}]},{"@type":"Article","@id":"https:\/\/arteeluoghi.it\/index.php\/2025\/10\/24\/omaggio-a-eduardo-scarpetta-al-teatro-san-ferdinando\/#article","isPartOf":{"@id":"https:\/\/arteeluoghi.it\/index.php\/2025\/10\/24\/omaggio-a-eduardo-scarpetta-al-teatro-san-ferdinando\/#webpage"},"author":{"@id":"https:\/\/arteeluoghi.it\/#\/schema\/person\/f84e814e36e91e01448ee07eaadd41d4"},"headline":"Omaggio a Eduardo Scarpetta al Teatro San Ferdinando","datePublished":"2025-10-24T18:48:27+00:00","dateModified":"2025-10-24T18:48:28+00:00","mainEntityOfPage":{"@id":"https:\/\/arteeluoghi.it\/index.php\/2025\/10\/24\/omaggio-a-eduardo-scarpetta-al-teatro-san-ferdinando\/#webpage"},"wordCount":353,"commentCount":0,"publisher":{"@id":"https:\/\/arteeluoghi.it\/#organization"},"image":{"@id":"https:\/\/arteeluoghi.it\/index.php\/2025\/10\/24\/omaggio-a-eduardo-scarpetta-al-teatro-san-ferdinando\/#primaryimage"},"thumbnailUrl":"https:\/\/arteeluoghi.it\/wp-content\/uploads\/2025\/10\/FOTO-GIANFELICE-IMPARATO-1--scaled.jpg","keywords":["Don Felice Sciosciammocca","Eduardo Scarpetta","Gianfelice Imparato","Leo Muscato","Napoli","teatro","Teatro San Ferdinando"],"articleSection":["teatro"],"inLanguage":"it-IT","potentialAction":[{"@type":"CommentAction","name":"Comment","target":["https:\/\/arteeluoghi.it\/index.php\/2025\/10\/24\/omaggio-a-eduardo-scarpetta-al-teatro-san-ferdinando\/#respond"]}]},{"@type":"Person","@id":"https:\/\/arteeluoghi.it\/#\/schema\/person\/f84e814e36e91e01448ee07eaadd41d4","name":"Staff","image":{"@type":"ImageObject","@id":"https:\/\/arteeluoghi.it\/#personlogo","inLanguage":"it-IT","url":"https:\/\/secure.gravatar.com\/avatar\/49d2f9e46271bb04e19cebfaf141313a?s=96&d=blank&r=g","contentUrl":"https:\/\/secure.gravatar.com\/avatar\/49d2f9e46271bb04e19cebfaf141313a?s=96&d=blank&r=g","caption":"Staff"}}]}},"_links":{"self":[{"href":"https:\/\/arteeluoghi.it\/index.php\/wp-json\/wp\/v2\/posts\/16176"}],"collection":[{"href":"https:\/\/arteeluoghi.it\/index.php\/wp-json\/wp\/v2\/posts"}],"about":[{"href":"https:\/\/arteeluoghi.it\/index.php\/wp-json\/wp\/v2\/types\/post"}],"author":[{"embeddable":true,"href":"https:\/\/arteeluoghi.it\/index.php\/wp-json\/wp\/v2\/users\/1"}],"replies":[{"embeddable":true,"href":"https:\/\/arteeluoghi.it\/index.php\/wp-json\/wp\/v2\/comments?post=16176"}],"version-history":[{"count":1,"href":"https:\/\/arteeluoghi.it\/index.php\/wp-json\/wp\/v2\/posts\/16176\/revisions"}],"predecessor-version":[{"id":16179,"href":"https:\/\/arteeluoghi.it\/index.php\/wp-json\/wp\/v2\/posts\/16176\/revisions\/16179"}],"wp:featuredmedia":[{"embeddable":true,"href":"https:\/\/arteeluoghi.it\/index.php\/wp-json\/wp\/v2\/media\/16177"}],"wp:attachment":[{"href":"https:\/\/arteeluoghi.it\/index.php\/wp-json\/wp\/v2\/media?parent=16176"}],"wp:term":[{"taxonomy":"category","embeddable":true,"href":"https:\/\/arteeluoghi.it\/index.php\/wp-json\/wp\/v2\/categories?post=16176"},{"taxonomy":"post_tag","embeddable":true,"href":"https:\/\/arteeluoghi.it\/index.php\/wp-json\/wp\/v2\/tags?post=16176"}],"curies":[{"name":"wp","href":"https:\/\/api.w.org\/{rel}","templated":true}]}}