{"id":16180,"date":"2025-10-24T21:15:35","date_gmt":"2025-10-24T19:15:35","guid":{"rendered":"https:\/\/arteeluoghi.it\/?p=16180"},"modified":"2025-10-24T21:32:20","modified_gmt":"2025-10-24T19:32:20","slug":"uanema-festa-degli-altri-vivi-a-napoli","status":"publish","type":"post","link":"https:\/\/arteeluoghi.it\/index.php\/2025\/10\/24\/uanema-festa-degli-altri-vivi-a-napoli\/","title":{"rendered":"U\u00e0nema: festa degli altri vivi. A Napoli"},"content":{"rendered":"\n<blockquote class=\"wp-block-quote is-style-default\"><p>Dal 30 ottobre al 2 novembre la quarta edizione della manifestazione con 30 appuntamenti tra letture, concerti e proiezioni e 15 siti aperti tra basiliche, catacombe e ipogei. Per l\u2019anteprima della rassegna, la performance \u201cUn funerale jazz. Quando gli spiriti scendono gi\u00f9 per Toledo\u201d di Castellan Brass in march trasforma Napoli in New Orleans.<\/p><\/blockquote>\n\n\n\n<p><strong>Dal 30 ottobre al 2 novembre 2025<\/strong>, la Napoli invisibile torna alla luce per la quarta edizione di<strong>\u00a0<em>U\u00e0nema: festa degli altri vivi<\/em><\/strong><em>.\u00a0<\/em><strong>Con 15 siti straordinariamente aperti<\/strong>\u00a0tra basiliche, catacombe e ipogei e\u00a0<strong>oltre 30 appuntamenti gratuiti<\/strong>\u00a0tra spettacoli e visite guidate, la rassegna promossa e finanziata dal\u00a0<strong>Comune di Napoli<\/strong>\u00a0non \u00e8 solo un calendario di eventi, ma un vero\u00a0<em>dispositivo civico<\/em>\u00a0che riapre la citt\u00e0 alla sua memoria profonda, trasformando il confine tra vita e morte in uno spazio abitabile, ironico e dissacrante.<\/p>\n\n\n\n<!--more-->\n\n\n\n<p>Per 4 giorni si spalancano ipogei e \u201cterre sante\u201d e si intrecciano\u00a0<strong>concerti, letture, performance teatrali e proiezioni notturne<\/strong>: non un Halloween d\u2019importazione, ma un\u00a0<strong><em>iper-Halloween napoletano<\/em><\/strong>, liberatorio e grottesco, radicato nei culti e nei racconti popolari delle\u00a0<strong>anime pezzentelle<\/strong>\u00a0e delle \u201c<strong>capuzzelle<\/strong>\u201d, cos\u00ec come nelle antiche pratiche di sepoltura greche e romane.La rassegna ha un obiettivo preciso:\u00a0<strong>riportare alla luce la grande necropoli che attraversa la citt\u00e0<\/strong>\u00a0e ricordare \u2013 attraverso narrazioni, sogni, promesse, intercessioni, scherzi dei morti ai vivi ed equivoci tra mondi \u2013 che\u00a0<strong>a Napoli i morti non fanno paura<\/strong>, perch\u00e9 soccorrono la citt\u00e0 pi\u00f9 di quanto la infestino.Da questa visione nasce un festival che privilegia\u00a0<strong>luoghi e forme espressive capaci di abitare la soglia dell\u2019invisibile<\/strong>.Siti straordinari come i\u00a0<strong>complessi monumentali del Purgatorio ad Arco<\/strong>\u00a0e di\u00a0<strong>Sant\u2019Anna dei Lombardi<\/strong>, le\u00a0<strong>chiese di Santa Luciella ai Librai<\/strong>\u00a0e dei\u00a0<strong>Santi Cosma e Damiano a Secondigliano<\/strong>, la\u00a0<strong>Basilica di San Giovanni Maggiore<\/strong>\u00a0e le\u00a0<strong>Catacombe di San Gennaro<\/strong>\u00a0si preparano ad accogliere un programma che sceglie di\u00a0<strong>ridere della morte per esorcizzarla<\/strong>, mentre molti altri spazi si apprestano ad aprire gratuitamente alle visite guidate: dal\u00a0<strong>Cimitero delle 366 Fosse<\/strong>\u00a0all\u2019<strong>Ipogeo dei Cristallini<\/strong>\u00a0e a quello della\u00a0<strong>Congrega di San Francesco d\u2019Assisi<\/strong>, dalla\u00a0<strong>Chiesa di Santa Maria della Misericordia ai Vergini<\/strong>\u00a0alla\u00a0<strong>Necropoli Ellenistica di Neapolis<\/strong>\u00a0e alle\u00a0<strong>Catacombe di San Gaudioso<\/strong>, dall\u2019<strong>Oratorio della Real Compagnia e Arciconfraternita dei Bianchi dello Spirito Santo<\/strong>\u00a0alla\u00a0<strong>Basilica di San Pietro ad Aram<\/strong>\u00a0e alla\u00a0<strong>Chiesa di Santa Croce e Purgatorio al Mercato<\/strong>.<\/p>\n\n\n\n<figure class=\"wp-block-gallery columns-3 is-cropped\"><ul class=\"blocks-gallery-grid\"><li class=\"blocks-gallery-item\"><figure><img loading=\"lazy\" width=\"800\" height=\"503\" src=\"https:\/\/arteeluoghi.it\/wp-content\/uploads\/2025\/10\/cimitero-fontanelle-p-guida.jpg\" alt=\"\" data-id=\"16189\" data-full-url=\"https:\/\/arteeluoghi.it\/wp-content\/uploads\/2025\/10\/cimitero-fontanelle-p-guida.jpg\" data-link=\"https:\/\/arteeluoghi.it\/index.php\/2025\/10\/24\/uanema-festa-degli-altri-vivi-a-napoli\/cimitero-fontanelle-p-guida\/\" class=\"wp-image-16189\" srcset=\"https:\/\/arteeluoghi.it\/wp-content\/uploads\/2025\/10\/cimitero-fontanelle-p-guida.jpg 800w, https:\/\/arteeluoghi.it\/wp-content\/uploads\/2025\/10\/cimitero-fontanelle-p-guida-300x189.jpg 300w, https:\/\/arteeluoghi.it\/wp-content\/uploads\/2025\/10\/cimitero-fontanelle-p-guida-768x483.jpg 768w\" sizes=\"(max-width: 800px) 100vw, 800px\" \/><figcaption class=\"blocks-gallery-item__caption\">Cimitero delle Fontanelle, foto di Peppe Guida<\/figcaption><\/figure><\/li><li class=\"blocks-gallery-item\"><figure><img loading=\"lazy\" width=\"799\" height=\"519\" src=\"https:\/\/arteeluoghi.it\/wp-content\/uploads\/2025\/10\/cimitero-delle-fontanelle.jpg\" alt=\"\" data-id=\"16188\" data-full-url=\"https:\/\/arteeluoghi.it\/wp-content\/uploads\/2025\/10\/cimitero-delle-fontanelle.jpg\" data-link=\"https:\/\/arteeluoghi.it\/index.php\/2025\/10\/24\/uanema-festa-degli-altri-vivi-a-napoli\/cimitero-delle-fontanelle\/\" class=\"wp-image-16188\" srcset=\"https:\/\/arteeluoghi.it\/wp-content\/uploads\/2025\/10\/cimitero-delle-fontanelle.jpg 799w, https:\/\/arteeluoghi.it\/wp-content\/uploads\/2025\/10\/cimitero-delle-fontanelle-300x195.jpg 300w, https:\/\/arteeluoghi.it\/wp-content\/uploads\/2025\/10\/cimitero-delle-fontanelle-768x499.jpg 768w\" sizes=\"(max-width: 799px) 100vw, 799px\" \/><figcaption class=\"blocks-gallery-item__caption\">Cimitero delle Fontanelle, foto di Peppe Guida<\/figcaption><\/figure><\/li><li class=\"blocks-gallery-item\"><figure><img loading=\"lazy\" width=\"800\" height=\"600\" src=\"https:\/\/arteeluoghi.it\/wp-content\/uploads\/2025\/10\/chiesa-di-maria-ss-del-carmine-alle-fontanelle-p-guida.jpg\" alt=\"\" data-id=\"16186\" data-full-url=\"https:\/\/arteeluoghi.it\/wp-content\/uploads\/2025\/10\/chiesa-di-maria-ss-del-carmine-alle-fontanelle-p-guida.jpg\" data-link=\"https:\/\/arteeluoghi.it\/index.php\/2025\/10\/24\/uanema-festa-degli-altri-vivi-a-napoli\/chiesa-di-maria-ss-del-carmine-alle-fontanelle-p-guida\/\" class=\"wp-image-16186\" srcset=\"https:\/\/arteeluoghi.it\/wp-content\/uploads\/2025\/10\/chiesa-di-maria-ss-del-carmine-alle-fontanelle-p-guida.jpg 800w, https:\/\/arteeluoghi.it\/wp-content\/uploads\/2025\/10\/chiesa-di-maria-ss-del-carmine-alle-fontanelle-p-guida-300x225.jpg 300w, https:\/\/arteeluoghi.it\/wp-content\/uploads\/2025\/10\/chiesa-di-maria-ss-del-carmine-alle-fontanelle-p-guida-768x576.jpg 768w\" sizes=\"(max-width: 800px) 100vw, 800px\" \/><figcaption class=\"blocks-gallery-item__caption\">Chiesa di Maria SS del Carmine alle Fontanelle, foto di Peppe Guida<\/figcaption><\/figure><\/li><li class=\"blocks-gallery-item\"><figure><img loading=\"lazy\" width=\"655\" height=\"800\" src=\"https:\/\/arteeluoghi.it\/wp-content\/uploads\/2025\/10\/chiesa-santa-croce-e-purgatorio-p-guida.jpg\" alt=\"\" data-id=\"16187\" data-full-url=\"https:\/\/arteeluoghi.it\/wp-content\/uploads\/2025\/10\/chiesa-santa-croce-e-purgatorio-p-guida.jpg\" data-link=\"https:\/\/arteeluoghi.it\/index.php\/2025\/10\/24\/uanema-festa-degli-altri-vivi-a-napoli\/chiesa-santa-croce-e-purgatorio-p-guida\/\" class=\"wp-image-16187\" srcset=\"https:\/\/arteeluoghi.it\/wp-content\/uploads\/2025\/10\/chiesa-santa-croce-e-purgatorio-p-guida.jpg 655w, https:\/\/arteeluoghi.it\/wp-content\/uploads\/2025\/10\/chiesa-santa-croce-e-purgatorio-p-guida-246x300.jpg 246w\" sizes=\"(max-width: 655px) 100vw, 655px\" \/><\/figure><\/li><\/ul><figcaption class=\"blocks-gallery-caption\">Chiesa di S. Croce e Purgatorio, foto di Peppe Guida<\/figcaption><\/figure>\n\n\n\n<p>Dopo l\u2019anteprima di venerd\u00ec 24 ottobre 2025,che ha visto gli ottoni della<strong>\u00a0Castellan Brass in march\u00a0<\/strong>sfilare lungo via Toledo sulle note di\u00a0<strong>\u201cUn funerale jazz\u201d,<\/strong>\u00a0il programma prende il via gioved\u00ec 30 ottobre alle 17.30 presso il Complesso Monumentale del Purgatorio ad Arco con gli\u00a0<strong>\u201cStati Generali della Morte\u201d<\/strong>, riflessione pubblica con studiosi, curatori e divulgatori sul grande rimosso della societ\u00e0 contemporanea. Segue il concerto\u00a0<strong>\u201cI rumori dell\u2019appartenenza\u201d<\/strong>\u00a0del trio\u00a0<strong>Curanime<\/strong>\u00a0(Sonia Totaro, Francesca del Duca, Umberto Lepore): un viaggio sonoro tra tradizione e sperimentazione elettronica.La risata come esorcismo \u00e8 protagonista della prima giornata con la\u00a0<em>stand up comedy<\/em>\u00a0di\u00a0<strong>Federica Cacciola<\/strong>\u00a0(<strong>\u201cMa sei scema?\u201d,\u00a0<\/strong>gioved\u00ec 30 ottobre alle 21.00 al TIN \u2013 Teatro Instabile Napoli) e torna centrale con la performance\u00a0<strong>\u201cO staje tiranno \u2018e piede!!\u201d,<\/strong>\u00a0di e con\u00a0<strong>Amedeo Colella<\/strong>\u00a0(venerd\u00ec 31 ottobre alle 19.00 e alle 20.30 presso la Chiesa dei Santi Cosma e Damiano a Secondigliano).La letteratura si fa voce nelle viscere della citt\u00e0 con le\u00a0<em>mise en voix<\/em>\u00a0dei\u00a0<strong>\u201cDialoghi dei morti\u201d<\/strong>\u00a0di Luciano di Samosata, con\u00a0<strong>Imma Villa<\/strong>\u00a0e\u00a0<strong>Cecilia Lupoli<\/strong>\u00a0(venerd\u00ec 31 ottobre alle 19.00 e alle 20.00 presso la Chiesa di Santa Luciella ai Librai), e del\u00a0<strong>\u201cDialogo di Federico Ruysch e delle sue mummie\u201d<\/strong>\u00a0di Giacomo Leopardi, a cura di\u00a0<strong>Put\u00e9ca Celid\u00f2nia<\/strong>\u00a0(sabato 1\u00b0 novembre alle 19.30 e alle 20.30 presso le Catacombe di San Gennaro). Ancora sabato 1\u00b0 novembre, alle 20.30, presso il Complesso Monumentale del Purgatorio ad Arco,\u00a0<strong>Giordano Agrusta<\/strong>\u00a0presenta un dialogo sul rovesciamento comico e rituale della morte nella tradizione medievale dal titolo \u201c<strong>Le grosse risate si fanno all\u2019inferno \u2013 Il carnevale dei morti nel Medioevo<\/strong>\u201d, con introduzione di\u00a0<strong>Vittorio Celotto<\/strong>.La musica riscrive il lutto nelle chiese e negli spazi monumentali, con il concerto a cappella\u00a0<em>\u201c<\/em><strong>In voce \u00e8 detti\u201d<\/strong> dei\u00a0<strong>A Filetta<\/strong>, uno degli ensemble vocali pi\u00f9 autorevoli d&#8217;Europa, che porta la polifonia sacra e profana corsa a meditare su luce e speranza (sabato 1\u00b0novembre alle\u00a022.00 presso la Basilica di San Giovanni Maggiore), e con l\u2019incontro tra l\u2019artista palestinese\u00a0<strong>Kamilya Jubran<\/strong>\u00a0e i musicisti\u00a0<strong>Mario Gabola<\/strong>\u00a0(Italia) e\u00a0<strong>Nina Boukhari\u00a0<\/strong>(Francia\/Marocco<strong>)<\/strong>, che intrecciano tradizione e avanguardia elettroacustica (domenica 2 novembre alle 18:00 presso il Complesso Monumentale Sant\u2019Anna dei Lombardi).Completano il programma lo spettacolo per bambini\u00a0<strong>\u201cPulcinella e le anime pezzentelle\u201d,<\/strong>\u00a0a cura del\u00a0<strong>Teatro delle Guarattelle<\/strong>\u00a0(domenica 2 novembre alle 17.00 e alle 18.00 presso Casa Guarattelle), e la\u00a0<strong>maratona cinematografica notturna\u201cDal buio, vedere\u201d<\/strong>\u00a0(venerd\u00ec 31 ottobre, dalle 23.30), che unisce cinque sale del Multicinema Modernissimo in una grande \u201cveglia della paura\u201d, celebrando l\u2019anelito del cinema a oltrepassare la soglia della luce con un\u2019antologia che accosta film popolari e d\u2019autore, horror hollywoodiani e visioni provenienti da mondi lontani.Nel suo insieme,\u00a0<em>U\u00e0nema<\/em>\u00a0si propone come una pedagogia laica del confine: insegna a guardare \u2013 e a ridere \u2013 dove di solito si distoglie lo sguardo e, ponendo al centro l\u2019alfabeto popolare della morte, restituisce Napoli alla sua vocazione di\u00a0<strong>citt\u00e0-soglia<\/strong>, capace di far parlare i morti senza renderli n\u00e9 mostri n\u00e9 fantasmi, n\u00e9 santi n\u00e9 diavoli, n\u00e9 ombre dimenticate n\u00e9 monumenti. Forse nella consapevolezza che, riflessi nel loro sgomento di fronte alla vita, gli \u201caltri vivi\u201d siamo noi.<br><strong>La partecipazione alle iniziative \u00e8 gratuita previa prenotazione.Il programma completo, con indicazione delle modalit\u00e0 di prenotazione, \u00e8 disponibile al link\u00a0<u><a href=\"http:\/\/www.comune.napoli.it\/uanema-2025\" rel=\"noreferrer noopener\" target=\"_blank\">www.comune.napoli.it\/uanema-2025<\/a><\/u><\/strong><\/p>\n\n\n\n<p>(fonte: comunicato stampa)<\/p>\n","protected":false},"excerpt":{"rendered":"<p>Dal 30 ottobre al 2 novembre la quarta edizione della manifestazione con 30 appuntamenti tra letture, concerti e proiezioni e<\/p>\n","protected":false},"author":1,"featured_media":16181,"comment_status":"open","ping_status":"open","sticky":true,"template":"","format":"standard","meta":[],"categories":[13],"tags":[6644,6866,2903,235,160,2245,4489,377],"yoast_head":"<!-- This site is optimized with the Yoast SEO plugin v18.0 - https:\/\/yoast.com\/wordpress\/plugins\/seo\/ -->\n<title>U\u00e0nema: festa degli altri vivi. A Napoli | Arte e Luoghi<\/title>\n<meta name=\"description\" content=\"Dal 30 ottobre al 2 novembre la quarta edizione della manifestazione con 30 appuntamenti tra letture, concerti e proiezioni e\" \/>\n<meta name=\"robots\" content=\"index, follow, max-snippet:-1, max-image-preview:large, max-video-preview:-1\" \/>\n<link rel=\"canonical\" href=\"https:\/\/arteeluoghi.it\/index.php\/2025\/10\/24\/uanema-festa-degli-altri-vivi-a-napoli\/\" \/>\n<meta property=\"og:locale\" content=\"it_IT\" \/>\n<meta property=\"og:type\" content=\"article\" \/>\n<meta property=\"og:title\" content=\"U\u00e0nema: festa degli altri vivi. A Napoli | Arte e Luoghi\" \/>\n<meta property=\"og:description\" content=\"Dal 30 ottobre al 2 novembre la quarta edizione della manifestazione con 30 appuntamenti tra letture, concerti e proiezioni e\" \/>\n<meta property=\"og:url\" content=\"https:\/\/arteeluoghi.it\/index.php\/2025\/10\/24\/uanema-festa-degli-altri-vivi-a-napoli\/\" \/>\n<meta property=\"og:site_name\" content=\"Arte e Luoghi\" \/>\n<meta property=\"article:publisher\" content=\"https:\/\/www.facebook.com\/ArteELuoghi\/\" \/>\n<meta property=\"article:published_time\" content=\"2025-10-24T19:15:35+00:00\" \/>\n<meta property=\"article:modified_time\" content=\"2025-10-24T19:32:20+00:00\" \/>\n<meta property=\"og:image\" content=\"https:\/\/arteeluoghi.it\/wp-content\/uploads\/2025\/10\/grafica-formato-orizzontale-Ua\u0300nema.jpg\" \/>\n\t<meta property=\"og:image:width\" content=\"1920\" \/>\n\t<meta property=\"og:image:height\" content=\"1080\" \/>\n\t<meta property=\"og:image:type\" content=\"image\/jpeg\" \/>\n<meta name=\"twitter:card\" content=\"summary\" \/>\n<meta name=\"twitter:creator\" content=\"@arteeluoghi\" \/>\n<meta name=\"twitter:site\" content=\"@arteeluoghi\" \/>\n<meta name=\"twitter:label1\" content=\"Scritto da\" \/>\n\t<meta name=\"twitter:data1\" content=\"Staff\" \/>\n\t<meta name=\"twitter:label2\" content=\"Tempo di lettura stimato\" \/>\n\t<meta name=\"twitter:data2\" content=\"6 minuti\" \/>\n<script type=\"application\/ld+json\" class=\"yoast-schema-graph\">{\"@context\":\"https:\/\/schema.org\",\"@graph\":[{\"@type\":\"Organization\",\"@id\":\"https:\/\/arteeluoghi.it\/#organization\",\"name\":\"Arte e Luoghi\",\"url\":\"https:\/\/arteeluoghi.it\/\",\"sameAs\":[\"https:\/\/www.facebook.com\/ArteELuoghi\/\",\"https:\/\/www.instagram.com\/arteeluoghi\/?hl=it\",\"https:\/\/www.youtube.com\/channel\/UCuRVc4JW4-C5sg9rQB-srkw?view_as=subscriber\",\"https:\/\/twitter.com\/arteeluoghi\"],\"logo\":{\"@type\":\"ImageObject\",\"@id\":\"https:\/\/arteeluoghi.it\/#logo\",\"inLanguage\":\"it-IT\",\"url\":\"https:\/\/arteeluoghi.it\/wp-content\/uploads\/2018\/08\/logoinstagramarte.jpg\",\"contentUrl\":\"https:\/\/arteeluoghi.it\/wp-content\/uploads\/2018\/08\/logoinstagramarte.jpg\",\"width\":150,\"height\":150,\"caption\":\"Arte e Luoghi\"},\"image\":{\"@id\":\"https:\/\/arteeluoghi.it\/#logo\"}},{\"@type\":\"WebSite\",\"@id\":\"https:\/\/arteeluoghi.it\/#website\",\"url\":\"https:\/\/arteeluoghi.it\/\",\"name\":\"Arte e Luoghi\",\"description\":\"Mensile di arte, cultura, turismo e curiosit\u00e0\",\"publisher\":{\"@id\":\"https:\/\/arteeluoghi.it\/#organization\"},\"potentialAction\":[{\"@type\":\"SearchAction\",\"target\":{\"@type\":\"EntryPoint\",\"urlTemplate\":\"https:\/\/arteeluoghi.it\/?s={search_term_string}\"},\"query-input\":\"required name=search_term_string\"}],\"inLanguage\":\"it-IT\"},{\"@type\":\"ImageObject\",\"@id\":\"https:\/\/arteeluoghi.it\/index.php\/2025\/10\/24\/uanema-festa-degli-altri-vivi-a-napoli\/#primaryimage\",\"inLanguage\":\"it-IT\",\"url\":\"https:\/\/arteeluoghi.it\/wp-content\/uploads\/2025\/10\/grafica-formato-orizzontale-Ua\u0300nema.jpg\",\"contentUrl\":\"https:\/\/arteeluoghi.it\/wp-content\/uploads\/2025\/10\/grafica-formato-orizzontale-Ua\u0300nema.jpg\",\"width\":1920,\"height\":1080},{\"@type\":\"WebPage\",\"@id\":\"https:\/\/arteeluoghi.it\/index.php\/2025\/10\/24\/uanema-festa-degli-altri-vivi-a-napoli\/#webpage\",\"url\":\"https:\/\/arteeluoghi.it\/index.php\/2025\/10\/24\/uanema-festa-degli-altri-vivi-a-napoli\/\",\"name\":\"U\u00e0nema: festa degli altri vivi. A Napoli | Arte e Luoghi\",\"isPartOf\":{\"@id\":\"https:\/\/arteeluoghi.it\/#website\"},\"primaryImageOfPage\":{\"@id\":\"https:\/\/arteeluoghi.it\/index.php\/2025\/10\/24\/uanema-festa-degli-altri-vivi-a-napoli\/#primaryimage\"},\"datePublished\":\"2025-10-24T19:15:35+00:00\",\"dateModified\":\"2025-10-24T19:32:20+00:00\",\"description\":\"Dal 30 ottobre al 2 novembre la quarta edizione della manifestazione con 30 appuntamenti tra letture, concerti e proiezioni e\",\"breadcrumb\":{\"@id\":\"https:\/\/arteeluoghi.it\/index.php\/2025\/10\/24\/uanema-festa-degli-altri-vivi-a-napoli\/#breadcrumb\"},\"inLanguage\":\"it-IT\",\"potentialAction\":[{\"@type\":\"ReadAction\",\"target\":[\"https:\/\/arteeluoghi.it\/index.php\/2025\/10\/24\/uanema-festa-degli-altri-vivi-a-napoli\/\"]}]},{\"@type\":\"BreadcrumbList\",\"@id\":\"https:\/\/arteeluoghi.it\/index.php\/2025\/10\/24\/uanema-festa-degli-altri-vivi-a-napoli\/#breadcrumb\",\"itemListElement\":[{\"@type\":\"ListItem\",\"position\":1,\"name\":\"Home\",\"item\":\"https:\/\/arteeluoghi.it\/\"},{\"@type\":\"ListItem\",\"position\":2,\"name\":\"U\u00e0nema: festa degli altri vivi. A Napoli\"}]},{\"@type\":\"Article\",\"@id\":\"https:\/\/arteeluoghi.it\/index.php\/2025\/10\/24\/uanema-festa-degli-altri-vivi-a-napoli\/#article\",\"isPartOf\":{\"@id\":\"https:\/\/arteeluoghi.it\/index.php\/2025\/10\/24\/uanema-festa-degli-altri-vivi-a-napoli\/#webpage\"},\"author\":{\"@id\":\"https:\/\/arteeluoghi.it\/#\/schema\/person\/f84e814e36e91e01448ee07eaadd41d4\"},\"headline\":\"U\u00e0nema: festa degli altri vivi. A Napoli\",\"datePublished\":\"2025-10-24T19:15:35+00:00\",\"dateModified\":\"2025-10-24T19:32:20+00:00\",\"mainEntityOfPage\":{\"@id\":\"https:\/\/arteeluoghi.it\/index.php\/2025\/10\/24\/uanema-festa-degli-altri-vivi-a-napoli\/#webpage\"},\"wordCount\":971,\"commentCount\":0,\"publisher\":{\"@id\":\"https:\/\/arteeluoghi.it\/#organization\"},\"image\":{\"@id\":\"https:\/\/arteeluoghi.it\/index.php\/2025\/10\/24\/uanema-festa-degli-altri-vivi-a-napoli\/#primaryimage\"},\"thumbnailUrl\":\"https:\/\/arteeluoghi.it\/wp-content\/uploads\/2025\/10\/grafica-formato-orizzontale-Ua\u0300nema.jpg\",\"keywords\":[\"concerti\",\"iper-Halloween napoletano\",\"letture\",\"musica\",\"Napoli\",\"Peppe Guida\",\"proiezioni\",\"teatro\"],\"articleSection\":[\"teatro\"],\"inLanguage\":\"it-IT\",\"potentialAction\":[{\"@type\":\"CommentAction\",\"name\":\"Comment\",\"target\":[\"https:\/\/arteeluoghi.it\/index.php\/2025\/10\/24\/uanema-festa-degli-altri-vivi-a-napoli\/#respond\"]}]},{\"@type\":\"Person\",\"@id\":\"https:\/\/arteeluoghi.it\/#\/schema\/person\/f84e814e36e91e01448ee07eaadd41d4\",\"name\":\"Staff\",\"image\":{\"@type\":\"ImageObject\",\"@id\":\"https:\/\/arteeluoghi.it\/#personlogo\",\"inLanguage\":\"it-IT\",\"url\":\"https:\/\/secure.gravatar.com\/avatar\/49d2f9e46271bb04e19cebfaf141313a?s=96&d=blank&r=g\",\"contentUrl\":\"https:\/\/secure.gravatar.com\/avatar\/49d2f9e46271bb04e19cebfaf141313a?s=96&d=blank&r=g\",\"caption\":\"Staff\"}}]}<\/script>\n<!-- \/ Yoast SEO plugin. -->","yoast_head_json":{"title":"U\u00e0nema: festa degli altri vivi. A Napoli | Arte e Luoghi","description":"Dal 30 ottobre al 2 novembre la quarta edizione della manifestazione con 30 appuntamenti tra letture, concerti e proiezioni e","robots":{"index":"index","follow":"follow","max-snippet":"max-snippet:-1","max-image-preview":"max-image-preview:large","max-video-preview":"max-video-preview:-1"},"canonical":"https:\/\/arteeluoghi.it\/index.php\/2025\/10\/24\/uanema-festa-degli-altri-vivi-a-napoli\/","og_locale":"it_IT","og_type":"article","og_title":"U\u00e0nema: festa degli altri vivi. A Napoli | Arte e Luoghi","og_description":"Dal 30 ottobre al 2 novembre la quarta edizione della manifestazione con 30 appuntamenti tra letture, concerti e proiezioni e","og_url":"https:\/\/arteeluoghi.it\/index.php\/2025\/10\/24\/uanema-festa-degli-altri-vivi-a-napoli\/","og_site_name":"Arte e Luoghi","article_publisher":"https:\/\/www.facebook.com\/ArteELuoghi\/","article_published_time":"2025-10-24T19:15:35+00:00","article_modified_time":"2025-10-24T19:32:20+00:00","og_image":[{"width":1920,"height":1080,"url":"https:\/\/arteeluoghi.it\/wp-content\/uploads\/2025\/10\/grafica-formato-orizzontale-Ua\u0300nema.jpg","type":"image\/jpeg"}],"twitter_card":"summary","twitter_creator":"@arteeluoghi","twitter_site":"@arteeluoghi","twitter_misc":{"Scritto da":"Staff","Tempo di lettura stimato":"6 minuti"},"schema":{"@context":"https:\/\/schema.org","@graph":[{"@type":"Organization","@id":"https:\/\/arteeluoghi.it\/#organization","name":"Arte e Luoghi","url":"https:\/\/arteeluoghi.it\/","sameAs":["https:\/\/www.facebook.com\/ArteELuoghi\/","https:\/\/www.instagram.com\/arteeluoghi\/?hl=it","https:\/\/www.youtube.com\/channel\/UCuRVc4JW4-C5sg9rQB-srkw?view_as=subscriber","https:\/\/twitter.com\/arteeluoghi"],"logo":{"@type":"ImageObject","@id":"https:\/\/arteeluoghi.it\/#logo","inLanguage":"it-IT","url":"https:\/\/arteeluoghi.it\/wp-content\/uploads\/2018\/08\/logoinstagramarte.jpg","contentUrl":"https:\/\/arteeluoghi.it\/wp-content\/uploads\/2018\/08\/logoinstagramarte.jpg","width":150,"height":150,"caption":"Arte e Luoghi"},"image":{"@id":"https:\/\/arteeluoghi.it\/#logo"}},{"@type":"WebSite","@id":"https:\/\/arteeluoghi.it\/#website","url":"https:\/\/arteeluoghi.it\/","name":"Arte e Luoghi","description":"Mensile di arte, cultura, turismo e curiosit\u00e0","publisher":{"@id":"https:\/\/arteeluoghi.it\/#organization"},"potentialAction":[{"@type":"SearchAction","target":{"@type":"EntryPoint","urlTemplate":"https:\/\/arteeluoghi.it\/?s={search_term_string}"},"query-input":"required name=search_term_string"}],"inLanguage":"it-IT"},{"@type":"ImageObject","@id":"https:\/\/arteeluoghi.it\/index.php\/2025\/10\/24\/uanema-festa-degli-altri-vivi-a-napoli\/#primaryimage","inLanguage":"it-IT","url":"https:\/\/arteeluoghi.it\/wp-content\/uploads\/2025\/10\/grafica-formato-orizzontale-Ua\u0300nema.jpg","contentUrl":"https:\/\/arteeluoghi.it\/wp-content\/uploads\/2025\/10\/grafica-formato-orizzontale-Ua\u0300nema.jpg","width":1920,"height":1080},{"@type":"WebPage","@id":"https:\/\/arteeluoghi.it\/index.php\/2025\/10\/24\/uanema-festa-degli-altri-vivi-a-napoli\/#webpage","url":"https:\/\/arteeluoghi.it\/index.php\/2025\/10\/24\/uanema-festa-degli-altri-vivi-a-napoli\/","name":"U\u00e0nema: festa degli altri vivi. A Napoli | Arte e Luoghi","isPartOf":{"@id":"https:\/\/arteeluoghi.it\/#website"},"primaryImageOfPage":{"@id":"https:\/\/arteeluoghi.it\/index.php\/2025\/10\/24\/uanema-festa-degli-altri-vivi-a-napoli\/#primaryimage"},"datePublished":"2025-10-24T19:15:35+00:00","dateModified":"2025-10-24T19:32:20+00:00","description":"Dal 30 ottobre al 2 novembre la quarta edizione della manifestazione con 30 appuntamenti tra letture, concerti e proiezioni e","breadcrumb":{"@id":"https:\/\/arteeluoghi.it\/index.php\/2025\/10\/24\/uanema-festa-degli-altri-vivi-a-napoli\/#breadcrumb"},"inLanguage":"it-IT","potentialAction":[{"@type":"ReadAction","target":["https:\/\/arteeluoghi.it\/index.php\/2025\/10\/24\/uanema-festa-degli-altri-vivi-a-napoli\/"]}]},{"@type":"BreadcrumbList","@id":"https:\/\/arteeluoghi.it\/index.php\/2025\/10\/24\/uanema-festa-degli-altri-vivi-a-napoli\/#breadcrumb","itemListElement":[{"@type":"ListItem","position":1,"name":"Home","item":"https:\/\/arteeluoghi.it\/"},{"@type":"ListItem","position":2,"name":"U\u00e0nema: festa degli altri vivi. A Napoli"}]},{"@type":"Article","@id":"https:\/\/arteeluoghi.it\/index.php\/2025\/10\/24\/uanema-festa-degli-altri-vivi-a-napoli\/#article","isPartOf":{"@id":"https:\/\/arteeluoghi.it\/index.php\/2025\/10\/24\/uanema-festa-degli-altri-vivi-a-napoli\/#webpage"},"author":{"@id":"https:\/\/arteeluoghi.it\/#\/schema\/person\/f84e814e36e91e01448ee07eaadd41d4"},"headline":"U\u00e0nema: festa degli altri vivi. A Napoli","datePublished":"2025-10-24T19:15:35+00:00","dateModified":"2025-10-24T19:32:20+00:00","mainEntityOfPage":{"@id":"https:\/\/arteeluoghi.it\/index.php\/2025\/10\/24\/uanema-festa-degli-altri-vivi-a-napoli\/#webpage"},"wordCount":971,"commentCount":0,"publisher":{"@id":"https:\/\/arteeluoghi.it\/#organization"},"image":{"@id":"https:\/\/arteeluoghi.it\/index.php\/2025\/10\/24\/uanema-festa-degli-altri-vivi-a-napoli\/#primaryimage"},"thumbnailUrl":"https:\/\/arteeluoghi.it\/wp-content\/uploads\/2025\/10\/grafica-formato-orizzontale-Ua\u0300nema.jpg","keywords":["concerti","iper-Halloween napoletano","letture","musica","Napoli","Peppe Guida","proiezioni","teatro"],"articleSection":["teatro"],"inLanguage":"it-IT","potentialAction":[{"@type":"CommentAction","name":"Comment","target":["https:\/\/arteeluoghi.it\/index.php\/2025\/10\/24\/uanema-festa-degli-altri-vivi-a-napoli\/#respond"]}]},{"@type":"Person","@id":"https:\/\/arteeluoghi.it\/#\/schema\/person\/f84e814e36e91e01448ee07eaadd41d4","name":"Staff","image":{"@type":"ImageObject","@id":"https:\/\/arteeluoghi.it\/#personlogo","inLanguage":"it-IT","url":"https:\/\/secure.gravatar.com\/avatar\/49d2f9e46271bb04e19cebfaf141313a?s=96&d=blank&r=g","contentUrl":"https:\/\/secure.gravatar.com\/avatar\/49d2f9e46271bb04e19cebfaf141313a?s=96&d=blank&r=g","caption":"Staff"}}]}},"_links":{"self":[{"href":"https:\/\/arteeluoghi.it\/index.php\/wp-json\/wp\/v2\/posts\/16180"}],"collection":[{"href":"https:\/\/arteeluoghi.it\/index.php\/wp-json\/wp\/v2\/posts"}],"about":[{"href":"https:\/\/arteeluoghi.it\/index.php\/wp-json\/wp\/v2\/types\/post"}],"author":[{"embeddable":true,"href":"https:\/\/arteeluoghi.it\/index.php\/wp-json\/wp\/v2\/users\/1"}],"replies":[{"embeddable":true,"href":"https:\/\/arteeluoghi.it\/index.php\/wp-json\/wp\/v2\/comments?post=16180"}],"version-history":[{"count":3,"href":"https:\/\/arteeluoghi.it\/index.php\/wp-json\/wp\/v2\/posts\/16180\/revisions"}],"predecessor-version":[{"id":16191,"href":"https:\/\/arteeluoghi.it\/index.php\/wp-json\/wp\/v2\/posts\/16180\/revisions\/16191"}],"wp:featuredmedia":[{"embeddable":true,"href":"https:\/\/arteeluoghi.it\/index.php\/wp-json\/wp\/v2\/media\/16181"}],"wp:attachment":[{"href":"https:\/\/arteeluoghi.it\/index.php\/wp-json\/wp\/v2\/media?parent=16180"}],"wp:term":[{"taxonomy":"category","embeddable":true,"href":"https:\/\/arteeluoghi.it\/index.php\/wp-json\/wp\/v2\/categories?post=16180"},{"taxonomy":"post_tag","embeddable":true,"href":"https:\/\/arteeluoghi.it\/index.php\/wp-json\/wp\/v2\/tags?post=16180"}],"curies":[{"name":"wp","href":"https:\/\/api.w.org\/{rel}","templated":true}]}}