{"id":16192,"date":"2025-10-20T10:38:00","date_gmt":"2025-10-20T08:38:00","guid":{"rendered":"https:\/\/arteeluoghi.it\/?p=16192"},"modified":"2025-10-29T10:45:21","modified_gmt":"2025-10-29T09:45:21","slug":"pasolini-50-leredita-di-una-visita-al-palmieri","status":"publish","type":"post","link":"https:\/\/arteeluoghi.it\/index.php\/2025\/10\/20\/pasolini-50-leredita-di-una-visita-al-palmieri\/","title":{"rendered":"Pasolini 50\u00b0: l\u2019eredit\u00e0 di una visita al Palmieri"},"content":{"rendered":"\n<blockquote class=\"wp-block-quote is-style-default\"><p>In occasione del cinquantesimo anniversario della morte di Pasolini, il liceo classico e musicale Palmieri ha messo a punto una serie di iniziative per ricordare la storica visita a Lecce dell&#8217;intellettuale, regista e poeta tra le voci pi\u00f9 autorevoli del Novecento<\/p><\/blockquote>\n\n\n\n<p>\u201c<strong>Pasolini 50\u00b0: l\u2019eredit\u00e0 di una visita al Palmieri<\/strong>\u201d: \u00e8 questo il tema del progetto del&nbsp;<strong>Liceo Palmieri<\/strong>&nbsp;di Lecce in occasione della&nbsp;<strong>cinquantesimo anniversario della scomparsa di Pier Paolo Pasolini<\/strong>.<\/p>\n\n\n\n<p>L\u2019evento, promosso dallo storico Liceo leccese, che gode del&nbsp;<strong>patrocinio della Provincia di Lecce<\/strong>, in programma tra la sede scolastica e il Museo Castromediano il&nbsp;<strong>20, 21, 22 e 28 ottobre<\/strong>,<strong>&nbsp;<\/strong>intende commemorare la storica visita di Pierpaolo Pasolini al Liceo Palmieri, un evento di rilevanza culturale e storica per l\u2019intera comunit\u00e0 salentina e per il mondo della scuola.<\/p>\n\n\n\n<!--more-->\n\n\n\n<p>Il ricco programma di iniziative \u00e8 stato presentato oggi a Palazzo Adorno, a Lecce, dal direttore generale della Provincia di Lecce&nbsp;<strong>Andrea Romano<\/strong>, dal sindaco di Lecce&nbsp;<strong>Adriana Poli Bortone<\/strong>, dal dirigente scolastico del Liceo Palmieri&nbsp;<strong>Raffaele Lattante<\/strong>, dalle docenti&nbsp;<strong>Maria Agostinacchio<\/strong>&nbsp;e&nbsp;<strong>Sonia Schiraldi<\/strong>, dal presidente della Consulta degli studenti&nbsp;<strong>Dante Stefano<\/strong>, dal giornalista e autore teatrale&nbsp;<strong>Giuseppe Puppo<\/strong>&nbsp;e dalla regista e presentatrice degli eventi&nbsp;<strong>Maria Antonietta Vacca<\/strong>.<\/p>\n\n\n\n<p>\u201cPorto il saluto del presidente Minerva e della Provincia di Lecce, che ha concesso il patrocinio a questa manifestazione. E\u2019 un\u2019iniziativa pregevole ed il merito va al Liceo Palmieri, che ha cos\u00ec inteso ricordare la figura di una personalit\u00e0 complessa e poliedrica come \u00e8 stata quella di Pasolini. Oggi sta germogliando quel seme che cinquanta anni addietro, con la visita dell\u2019intellettuale al Liceo Palmieri, fu lasciato: ed \u00e8 bello che la citt\u00e0 di Lecce abbia voluto cogliere quel lascito dell\u2019incontro, per mettere in campo iniziative di grande respiro. Noi, come Provincia di Lecce, sosteniamo questo processo che ricorda una figura che ha dato tanto alla cultura italiana\u201d, ha dichiarato il direttore generale della Provincia di Lecce&nbsp;<strong>Andrea Romano<\/strong>,<\/p>\n\n\n\n<p>La serie di eventi per ricordare l\u2019intellettuale si aprir\u00e0&nbsp;<strong>luned\u00ec 20 ottobre<\/strong>, alle&nbsp;<strong>ore 17<\/strong>, al&nbsp;<strong>Liceo Palmieri<\/strong>, con l\u2019incontro \u201c<strong>Pier Paolo Pasolini e Lecce e nella Grec\u00eca<\/strong>\u201d, con gli indirizzi di saluto di&nbsp;<strong>Raffaele Lattante<\/strong>, dirigente scolastico, e di&nbsp;<strong>Luigi De Luca<\/strong>, direttore del Polo bibliomuseale \u201cCastromediano\u201d di Lecce.<\/p>\n\n\n\n<p><strong>Marted\u00ec 21<\/strong>, nella sede scolastica, alle&nbsp;<strong>ore 10.15<\/strong>, appuntamento con l\u2019incontro \u201c<strong>Un itinerario attraverso la scrittura di Pasolini<\/strong>\u201d.<\/p>\n\n\n\n<p><strong>Mercoled\u00ec 22<\/strong>&nbsp;previsto un doppio appuntamento. Alle&nbsp;<strong>ore 10.15<\/strong>&nbsp;al&nbsp;<strong>Palmieri<\/strong>&nbsp;si parler\u00e0 di \u201c<strong>Pasolini regista e pittore<\/strong>\u201d; nel pomeriggio, alle&nbsp;<strong>ore 17<\/strong>, presso l\u2019<strong>auditorium del Museo Castromediamo<\/strong>, la presentazione del&nbsp;<strong>libro<\/strong>&nbsp;di&nbsp;<strong>Giuseppe Puppo<\/strong>&nbsp;\u201c<strong>Il mio teatro di poesia<\/strong>\u201d, a cura di Quaderni del Bardo edizioni, con gli interventi di&nbsp;<strong>Luigi De Luca<\/strong>,&nbsp;<strong>Antonio Leo<\/strong>&nbsp;e&nbsp;<strong>Maria Antonietta Vacca<\/strong>.<\/p>\n\n\n\n<p>La rassegna si concluder\u00e0\u00a0<strong>marted\u00ec 28 ottobre<\/strong>, alle\u00a0<strong>ore 9<\/strong>, nell\u2019<strong>auditorium<\/strong>\u00a0del \u201c<strong>Castromediano<\/strong>\u201d con lo\u00a0<strong>spettacolo teatrale<\/strong>\u00a0\u201c<strong>Sono abbastanza grande adesso per diventarti amico<\/strong>\u201d di\u00a0<strong>Giuseppe Puppo<\/strong>, a cura della\u00a0<strong>Compagnia Scena Muta<\/strong>, per la regia di\u00a0<strong>Maria Antonietta Vacca<\/strong>.<\/p>\n\n\n\n<p>(fonte: comunicato stampa)<\/p>\n","protected":false},"excerpt":{"rendered":"<p>In occasione del cinquantesimo anniversario della morte di Pasolini, il liceo classico e musicale Palmieri ha messo a punto una<\/p>\n","protected":false},"author":1,"featured_media":16193,"comment_status":"open","ping_status":"open","sticky":true,"template":"","format":"standard","meta":[],"categories":[29,52,17,13],"tags":[2418,134,3603,3937],"yoast_head":"<!-- This site is optimized with the Yoast SEO plugin v18.0 - https:\/\/yoast.com\/wordpress\/plugins\/seo\/ -->\n<title>Pasolini 50\u00b0: l\u2019eredit\u00e0 di una visita al Palmieri | Arte e Luoghi<\/title>\n<meta name=\"description\" content=\"In occasione del cinquantesimo anniversario della morte di Pasolini, il liceo classico e musicale Palmieri ha messo a punto una serie\" \/>\n<meta name=\"robots\" content=\"index, follow, max-snippet:-1, max-image-preview:large, max-video-preview:-1\" \/>\n<link rel=\"canonical\" href=\"https:\/\/arteeluoghi.it\/index.php\/2025\/10\/20\/pasolini-50-leredita-di-una-visita-al-palmieri\/\" \/>\n<meta property=\"og:locale\" content=\"it_IT\" \/>\n<meta property=\"og:type\" content=\"article\" \/>\n<meta property=\"og:title\" content=\"Pasolini 50\u00b0: l\u2019eredit\u00e0 di una visita al Palmieri | Arte e Luoghi\" \/>\n<meta property=\"og:description\" content=\"In occasione del cinquantesimo anniversario della morte di Pasolini, il liceo classico e musicale Palmieri ha messo a punto una serie\" \/>\n<meta property=\"og:url\" content=\"https:\/\/arteeluoghi.it\/index.php\/2025\/10\/20\/pasolini-50-leredita-di-una-visita-al-palmieri\/\" \/>\n<meta property=\"og:site_name\" content=\"Arte e Luoghi\" \/>\n<meta property=\"article:publisher\" content=\"https:\/\/www.facebook.com\/ArteELuoghi\/\" \/>\n<meta property=\"article:published_time\" content=\"2025-10-20T08:38:00+00:00\" \/>\n<meta property=\"article:modified_time\" content=\"2025-10-29T09:45:21+00:00\" \/>\n<meta property=\"og:image\" content=\"https:\/\/arteeluoghi.it\/wp-content\/uploads\/2025\/10\/Locandina-Pasolini-50.jpg\" \/>\n\t<meta property=\"og:image:width\" content=\"895\" \/>\n\t<meta property=\"og:image:height\" content=\"1280\" \/>\n\t<meta property=\"og:image:type\" content=\"image\/jpeg\" \/>\n<meta name=\"twitter:card\" content=\"summary\" \/>\n<meta name=\"twitter:creator\" content=\"@arteeluoghi\" \/>\n<meta name=\"twitter:site\" content=\"@arteeluoghi\" \/>\n<meta name=\"twitter:label1\" content=\"Scritto da\" \/>\n\t<meta name=\"twitter:data1\" content=\"Staff\" \/>\n\t<meta name=\"twitter:label2\" content=\"Tempo di lettura stimato\" \/>\n\t<meta name=\"twitter:data2\" content=\"3 minuti\" \/>\n<script type=\"application\/ld+json\" class=\"yoast-schema-graph\">{\"@context\":\"https:\/\/schema.org\",\"@graph\":[{\"@type\":\"Organization\",\"@id\":\"https:\/\/arteeluoghi.it\/#organization\",\"name\":\"Arte e Luoghi\",\"url\":\"https:\/\/arteeluoghi.it\/\",\"sameAs\":[\"https:\/\/www.facebook.com\/ArteELuoghi\/\",\"https:\/\/www.instagram.com\/arteeluoghi\/?hl=it\",\"https:\/\/www.youtube.com\/channel\/UCuRVc4JW4-C5sg9rQB-srkw?view_as=subscriber\",\"https:\/\/twitter.com\/arteeluoghi\"],\"logo\":{\"@type\":\"ImageObject\",\"@id\":\"https:\/\/arteeluoghi.it\/#logo\",\"inLanguage\":\"it-IT\",\"url\":\"https:\/\/arteeluoghi.it\/wp-content\/uploads\/2018\/08\/logoinstagramarte.jpg\",\"contentUrl\":\"https:\/\/arteeluoghi.it\/wp-content\/uploads\/2018\/08\/logoinstagramarte.jpg\",\"width\":150,\"height\":150,\"caption\":\"Arte e Luoghi\"},\"image\":{\"@id\":\"https:\/\/arteeluoghi.it\/#logo\"}},{\"@type\":\"WebSite\",\"@id\":\"https:\/\/arteeluoghi.it\/#website\",\"url\":\"https:\/\/arteeluoghi.it\/\",\"name\":\"Arte e Luoghi\",\"description\":\"Mensile di arte, cultura, turismo e curiosit\u00e0\",\"publisher\":{\"@id\":\"https:\/\/arteeluoghi.it\/#organization\"},\"potentialAction\":[{\"@type\":\"SearchAction\",\"target\":{\"@type\":\"EntryPoint\",\"urlTemplate\":\"https:\/\/arteeluoghi.it\/?s={search_term_string}\"},\"query-input\":\"required name=search_term_string\"}],\"inLanguage\":\"it-IT\"},{\"@type\":\"ImageObject\",\"@id\":\"https:\/\/arteeluoghi.it\/index.php\/2025\/10\/20\/pasolini-50-leredita-di-una-visita-al-palmieri\/#primaryimage\",\"inLanguage\":\"it-IT\",\"url\":\"https:\/\/arteeluoghi.it\/wp-content\/uploads\/2025\/10\/Locandina-Pasolini-50.jpg\",\"contentUrl\":\"https:\/\/arteeluoghi.it\/wp-content\/uploads\/2025\/10\/Locandina-Pasolini-50.jpg\",\"width\":895,\"height\":1280},{\"@type\":\"WebPage\",\"@id\":\"https:\/\/arteeluoghi.it\/index.php\/2025\/10\/20\/pasolini-50-leredita-di-una-visita-al-palmieri\/#webpage\",\"url\":\"https:\/\/arteeluoghi.it\/index.php\/2025\/10\/20\/pasolini-50-leredita-di-una-visita-al-palmieri\/\",\"name\":\"Pasolini 50\u00b0: l\u2019eredit\u00e0 di una visita al Palmieri | Arte e Luoghi\",\"isPartOf\":{\"@id\":\"https:\/\/arteeluoghi.it\/#website\"},\"primaryImageOfPage\":{\"@id\":\"https:\/\/arteeluoghi.it\/index.php\/2025\/10\/20\/pasolini-50-leredita-di-una-visita-al-palmieri\/#primaryimage\"},\"datePublished\":\"2025-10-20T08:38:00+00:00\",\"dateModified\":\"2025-10-29T09:45:21+00:00\",\"description\":\"In occasione del cinquantesimo anniversario della morte di Pasolini, il liceo classico e musicale Palmieri ha messo a punto una serie\",\"breadcrumb\":{\"@id\":\"https:\/\/arteeluoghi.it\/index.php\/2025\/10\/20\/pasolini-50-leredita-di-una-visita-al-palmieri\/#breadcrumb\"},\"inLanguage\":\"it-IT\",\"potentialAction\":[{\"@type\":\"ReadAction\",\"target\":[\"https:\/\/arteeluoghi.it\/index.php\/2025\/10\/20\/pasolini-50-leredita-di-una-visita-al-palmieri\/\"]}]},{\"@type\":\"BreadcrumbList\",\"@id\":\"https:\/\/arteeluoghi.it\/index.php\/2025\/10\/20\/pasolini-50-leredita-di-una-visita-al-palmieri\/#breadcrumb\",\"itemListElement\":[{\"@type\":\"ListItem\",\"position\":1,\"name\":\"Home\",\"item\":\"https:\/\/arteeluoghi.it\/\"},{\"@type\":\"ListItem\",\"position\":2,\"name\":\"Pasolini 50\u00b0: l\u2019eredit\u00e0 di una visita al Palmieri\"}]},{\"@type\":\"Article\",\"@id\":\"https:\/\/arteeluoghi.it\/index.php\/2025\/10\/20\/pasolini-50-leredita-di-una-visita-al-palmieri\/#article\",\"isPartOf\":{\"@id\":\"https:\/\/arteeluoghi.it\/index.php\/2025\/10\/20\/pasolini-50-leredita-di-una-visita-al-palmieri\/#webpage\"},\"author\":{\"@id\":\"https:\/\/arteeluoghi.it\/#\/schema\/person\/f84e814e36e91e01448ee07eaadd41d4\"},\"headline\":\"Pasolini 50\u00b0: l\u2019eredit\u00e0 di una visita al Palmieri\",\"datePublished\":\"2025-10-20T08:38:00+00:00\",\"dateModified\":\"2025-10-29T09:45:21+00:00\",\"mainEntityOfPage\":{\"@id\":\"https:\/\/arteeluoghi.it\/index.php\/2025\/10\/20\/pasolini-50-leredita-di-una-visita-al-palmieri\/#webpage\"},\"wordCount\":528,\"commentCount\":0,\"publisher\":{\"@id\":\"https:\/\/arteeluoghi.it\/#organization\"},\"image\":{\"@id\":\"https:\/\/arteeluoghi.it\/index.php\/2025\/10\/20\/pasolini-50-leredita-di-una-visita-al-palmieri\/#primaryimage\"},\"thumbnailUrl\":\"https:\/\/arteeluoghi.it\/wp-content\/uploads\/2025\/10\/Locandina-Pasolini-50.jpg\",\"keywords\":[\"Giuseppe Puppo\",\"Lecce\",\"Liceo Palmieri\",\"Pier Paolo Pasolini\"],\"articleSection\":[\"Cinema\",\"I luoghi della parola\",\"LIBRI\",\"teatro\"],\"inLanguage\":\"it-IT\",\"potentialAction\":[{\"@type\":\"CommentAction\",\"name\":\"Comment\",\"target\":[\"https:\/\/arteeluoghi.it\/index.php\/2025\/10\/20\/pasolini-50-leredita-di-una-visita-al-palmieri\/#respond\"]}]},{\"@type\":\"Person\",\"@id\":\"https:\/\/arteeluoghi.it\/#\/schema\/person\/f84e814e36e91e01448ee07eaadd41d4\",\"name\":\"Staff\",\"image\":{\"@type\":\"ImageObject\",\"@id\":\"https:\/\/arteeluoghi.it\/#personlogo\",\"inLanguage\":\"it-IT\",\"url\":\"https:\/\/secure.gravatar.com\/avatar\/49d2f9e46271bb04e19cebfaf141313a?s=96&d=blank&r=g\",\"contentUrl\":\"https:\/\/secure.gravatar.com\/avatar\/49d2f9e46271bb04e19cebfaf141313a?s=96&d=blank&r=g\",\"caption\":\"Staff\"}}]}<\/script>\n<!-- \/ Yoast SEO plugin. -->","yoast_head_json":{"title":"Pasolini 50\u00b0: l\u2019eredit\u00e0 di una visita al Palmieri | Arte e Luoghi","description":"In occasione del cinquantesimo anniversario della morte di Pasolini, il liceo classico e musicale Palmieri ha messo a punto una serie","robots":{"index":"index","follow":"follow","max-snippet":"max-snippet:-1","max-image-preview":"max-image-preview:large","max-video-preview":"max-video-preview:-1"},"canonical":"https:\/\/arteeluoghi.it\/index.php\/2025\/10\/20\/pasolini-50-leredita-di-una-visita-al-palmieri\/","og_locale":"it_IT","og_type":"article","og_title":"Pasolini 50\u00b0: l\u2019eredit\u00e0 di una visita al Palmieri | Arte e Luoghi","og_description":"In occasione del cinquantesimo anniversario della morte di Pasolini, il liceo classico e musicale Palmieri ha messo a punto una serie","og_url":"https:\/\/arteeluoghi.it\/index.php\/2025\/10\/20\/pasolini-50-leredita-di-una-visita-al-palmieri\/","og_site_name":"Arte e Luoghi","article_publisher":"https:\/\/www.facebook.com\/ArteELuoghi\/","article_published_time":"2025-10-20T08:38:00+00:00","article_modified_time":"2025-10-29T09:45:21+00:00","og_image":[{"width":895,"height":1280,"url":"https:\/\/arteeluoghi.it\/wp-content\/uploads\/2025\/10\/Locandina-Pasolini-50.jpg","type":"image\/jpeg"}],"twitter_card":"summary","twitter_creator":"@arteeluoghi","twitter_site":"@arteeluoghi","twitter_misc":{"Scritto da":"Staff","Tempo di lettura stimato":"3 minuti"},"schema":{"@context":"https:\/\/schema.org","@graph":[{"@type":"Organization","@id":"https:\/\/arteeluoghi.it\/#organization","name":"Arte e Luoghi","url":"https:\/\/arteeluoghi.it\/","sameAs":["https:\/\/www.facebook.com\/ArteELuoghi\/","https:\/\/www.instagram.com\/arteeluoghi\/?hl=it","https:\/\/www.youtube.com\/channel\/UCuRVc4JW4-C5sg9rQB-srkw?view_as=subscriber","https:\/\/twitter.com\/arteeluoghi"],"logo":{"@type":"ImageObject","@id":"https:\/\/arteeluoghi.it\/#logo","inLanguage":"it-IT","url":"https:\/\/arteeluoghi.it\/wp-content\/uploads\/2018\/08\/logoinstagramarte.jpg","contentUrl":"https:\/\/arteeluoghi.it\/wp-content\/uploads\/2018\/08\/logoinstagramarte.jpg","width":150,"height":150,"caption":"Arte e Luoghi"},"image":{"@id":"https:\/\/arteeluoghi.it\/#logo"}},{"@type":"WebSite","@id":"https:\/\/arteeluoghi.it\/#website","url":"https:\/\/arteeluoghi.it\/","name":"Arte e Luoghi","description":"Mensile di arte, cultura, turismo e curiosit\u00e0","publisher":{"@id":"https:\/\/arteeluoghi.it\/#organization"},"potentialAction":[{"@type":"SearchAction","target":{"@type":"EntryPoint","urlTemplate":"https:\/\/arteeluoghi.it\/?s={search_term_string}"},"query-input":"required name=search_term_string"}],"inLanguage":"it-IT"},{"@type":"ImageObject","@id":"https:\/\/arteeluoghi.it\/index.php\/2025\/10\/20\/pasolini-50-leredita-di-una-visita-al-palmieri\/#primaryimage","inLanguage":"it-IT","url":"https:\/\/arteeluoghi.it\/wp-content\/uploads\/2025\/10\/Locandina-Pasolini-50.jpg","contentUrl":"https:\/\/arteeluoghi.it\/wp-content\/uploads\/2025\/10\/Locandina-Pasolini-50.jpg","width":895,"height":1280},{"@type":"WebPage","@id":"https:\/\/arteeluoghi.it\/index.php\/2025\/10\/20\/pasolini-50-leredita-di-una-visita-al-palmieri\/#webpage","url":"https:\/\/arteeluoghi.it\/index.php\/2025\/10\/20\/pasolini-50-leredita-di-una-visita-al-palmieri\/","name":"Pasolini 50\u00b0: l\u2019eredit\u00e0 di una visita al Palmieri | Arte e Luoghi","isPartOf":{"@id":"https:\/\/arteeluoghi.it\/#website"},"primaryImageOfPage":{"@id":"https:\/\/arteeluoghi.it\/index.php\/2025\/10\/20\/pasolini-50-leredita-di-una-visita-al-palmieri\/#primaryimage"},"datePublished":"2025-10-20T08:38:00+00:00","dateModified":"2025-10-29T09:45:21+00:00","description":"In occasione del cinquantesimo anniversario della morte di Pasolini, il liceo classico e musicale Palmieri ha messo a punto una serie","breadcrumb":{"@id":"https:\/\/arteeluoghi.it\/index.php\/2025\/10\/20\/pasolini-50-leredita-di-una-visita-al-palmieri\/#breadcrumb"},"inLanguage":"it-IT","potentialAction":[{"@type":"ReadAction","target":["https:\/\/arteeluoghi.it\/index.php\/2025\/10\/20\/pasolini-50-leredita-di-una-visita-al-palmieri\/"]}]},{"@type":"BreadcrumbList","@id":"https:\/\/arteeluoghi.it\/index.php\/2025\/10\/20\/pasolini-50-leredita-di-una-visita-al-palmieri\/#breadcrumb","itemListElement":[{"@type":"ListItem","position":1,"name":"Home","item":"https:\/\/arteeluoghi.it\/"},{"@type":"ListItem","position":2,"name":"Pasolini 50\u00b0: l\u2019eredit\u00e0 di una visita al Palmieri"}]},{"@type":"Article","@id":"https:\/\/arteeluoghi.it\/index.php\/2025\/10\/20\/pasolini-50-leredita-di-una-visita-al-palmieri\/#article","isPartOf":{"@id":"https:\/\/arteeluoghi.it\/index.php\/2025\/10\/20\/pasolini-50-leredita-di-una-visita-al-palmieri\/#webpage"},"author":{"@id":"https:\/\/arteeluoghi.it\/#\/schema\/person\/f84e814e36e91e01448ee07eaadd41d4"},"headline":"Pasolini 50\u00b0: l\u2019eredit\u00e0 di una visita al Palmieri","datePublished":"2025-10-20T08:38:00+00:00","dateModified":"2025-10-29T09:45:21+00:00","mainEntityOfPage":{"@id":"https:\/\/arteeluoghi.it\/index.php\/2025\/10\/20\/pasolini-50-leredita-di-una-visita-al-palmieri\/#webpage"},"wordCount":528,"commentCount":0,"publisher":{"@id":"https:\/\/arteeluoghi.it\/#organization"},"image":{"@id":"https:\/\/arteeluoghi.it\/index.php\/2025\/10\/20\/pasolini-50-leredita-di-una-visita-al-palmieri\/#primaryimage"},"thumbnailUrl":"https:\/\/arteeluoghi.it\/wp-content\/uploads\/2025\/10\/Locandina-Pasolini-50.jpg","keywords":["Giuseppe Puppo","Lecce","Liceo Palmieri","Pier Paolo Pasolini"],"articleSection":["Cinema","I luoghi della parola","LIBRI","teatro"],"inLanguage":"it-IT","potentialAction":[{"@type":"CommentAction","name":"Comment","target":["https:\/\/arteeluoghi.it\/index.php\/2025\/10\/20\/pasolini-50-leredita-di-una-visita-al-palmieri\/#respond"]}]},{"@type":"Person","@id":"https:\/\/arteeluoghi.it\/#\/schema\/person\/f84e814e36e91e01448ee07eaadd41d4","name":"Staff","image":{"@type":"ImageObject","@id":"https:\/\/arteeluoghi.it\/#personlogo","inLanguage":"it-IT","url":"https:\/\/secure.gravatar.com\/avatar\/49d2f9e46271bb04e19cebfaf141313a?s=96&d=blank&r=g","contentUrl":"https:\/\/secure.gravatar.com\/avatar\/49d2f9e46271bb04e19cebfaf141313a?s=96&d=blank&r=g","caption":"Staff"}}]}},"_links":{"self":[{"href":"https:\/\/arteeluoghi.it\/index.php\/wp-json\/wp\/v2\/posts\/16192"}],"collection":[{"href":"https:\/\/arteeluoghi.it\/index.php\/wp-json\/wp\/v2\/posts"}],"about":[{"href":"https:\/\/arteeluoghi.it\/index.php\/wp-json\/wp\/v2\/types\/post"}],"author":[{"embeddable":true,"href":"https:\/\/arteeluoghi.it\/index.php\/wp-json\/wp\/v2\/users\/1"}],"replies":[{"embeddable":true,"href":"https:\/\/arteeluoghi.it\/index.php\/wp-json\/wp\/v2\/comments?post=16192"}],"version-history":[{"count":1,"href":"https:\/\/arteeluoghi.it\/index.php\/wp-json\/wp\/v2\/posts\/16192\/revisions"}],"predecessor-version":[{"id":16194,"href":"https:\/\/arteeluoghi.it\/index.php\/wp-json\/wp\/v2\/posts\/16192\/revisions\/16194"}],"wp:featuredmedia":[{"embeddable":true,"href":"https:\/\/arteeluoghi.it\/index.php\/wp-json\/wp\/v2\/media\/16193"}],"wp:attachment":[{"href":"https:\/\/arteeluoghi.it\/index.php\/wp-json\/wp\/v2\/media?parent=16192"}],"wp:term":[{"taxonomy":"category","embeddable":true,"href":"https:\/\/arteeluoghi.it\/index.php\/wp-json\/wp\/v2\/categories?post=16192"},{"taxonomy":"post_tag","embeddable":true,"href":"https:\/\/arteeluoghi.it\/index.php\/wp-json\/wp\/v2\/tags?post=16192"}],"curies":[{"name":"wp","href":"https:\/\/api.w.org\/{rel}","templated":true}]}}