{"id":1627,"date":"2014-03-27T14:07:55","date_gmt":"2014-03-27T13:07:55","guid":{"rendered":"http:\/\/arteeluoghi.it\/index.php\/2014\/03\/27\/premio-e-donna-al-via-la-seconda-edizione\/"},"modified":"2014-03-27T14:07:55","modified_gmt":"2014-03-27T13:07:55","slug":"premio-e-donna-al-via-la-seconda-edizione","status":"publish","type":"post","link":"https:\/\/arteeluoghi.it\/index.php\/2014\/03\/27\/premio-e-donna-al-via-la-seconda-edizione\/","title":{"rendered":"&#8220;Premio \u00e9 Donna&#8221;. Al via la seconda edizione"},"content":{"rendered":"<p><img src=\"\/images\/targa%20premio%20e%20donna%202%202014.jpg\" border=\"0\" width=\"200\" style=\"margin: 21px; border: 1px solid black; float: left;\" \/>Sabato 29 marzo 2014 in piazza Sant&#8217;Oronzo nei pressi del Sedile il riconoscimento emanazione del Il Sallentino<\/p>\n<p><strong>Un premio al valore delle donne<\/strong><\/p>\n<p>\u00a0<\/p>\n<p>Tutto \u00e8 pronto per la seconda edizione del \u201cPremio \u00e8 Donna\u201d organizzato da <strong><em>\u201dRadio Queen Media Leader Communications\u201d<\/em><\/strong> e dal <strong><em>Centro di Cultura \u201cil Sallentino\u201d<\/em><\/strong>, con il patrocinio della <strong><em>Citt\u00e0 di Lecce.<\/em><\/strong><\/p>\n<p>\u00a0\u00a0\u00a0\u00a0\u00a0\u00a0\u00a0\u00a0\u00a0\u00a0\u00a0 Un riconoscimento che mira a valorizzare donne, non necessariamente famose n\u00e9 conosciute ai mass media, che si impegnano costantemente in ogni campo di attivit\u00e0 alla valorizzazione e allo sviluppo dei valori fondanti della nostra societ\u00e0. I criteri di scelta sono <strong><em>\u201cil coraggio, la forza, il pathos che le donne mettono nelle cose che fanno\u201d<\/em><\/strong>, donne diverse fra loro ma con due tratti in comune: <strong><em>forte personalit\u00e0 ed intensa sensibilit\u00e0 sociale<\/em><\/strong>.<\/p>\n<p>  <!--more-->  <\/p>\n<p>\u00a0<\/p>\n<p>\u00a0\u00a0\u00a0\u00a0\u00a0\u00a0\u00a0\u00a0\u00a0\u00a0\u00a0 Il premio, emanazione del <strong><em>Riconoscimento d\u2019Onore \u201cil Sallentino\u201d<\/em><\/strong>, viene conferito ufficialmente con la motivazione: \u201cPer l\u2019alto valore sociale conseguito nella sua attivit\u00e0 e per il contributo dato alla crescita della comunit\u00e0\u201d.<\/p>\n<p>\u00a0\u00a0\u00a0\u00a0\u00a0\u00a0\u00a0\u00a0\u00a0\u00a0\u00a0\u00a0 Verr\u00e0 consegnato\u00a0 nel corso\u00a0 di\u00a0 una\u00a0 <strong><em>serata evento<\/em><\/strong>\u00a0 scandita da momenti di musica, danza, alta moda e animazione nel segno dell\u2019eleganza<strong> sabato 29 marzo 2014 presso la piazzetta antistante il Sedile,\u00a0 in\u00a0 piazza S. Oronzo a Lecce con inizio alle ore 21.00<\/strong>. \u00a0<\/p>\n<p>\u00a0<\/p>\n<p style=\"text-align: left;\" align=\"center\">Ritireranno l\u2019esclusivo Riconoscimento: l&#8217; Ingeg<img src=\"\/images\/mariaantoniettaaiello.jpg\" border=\"0\" title=\"l'ingegnere Maria Antonietta Aiello\" width=\"250\" style=\"margin: 21px; float: right;\" \/>nere <strong>Maria Antonietta Aiello, l&#8217;o<\/strong>norevole <strong>Teresa Bellanova, l&#8217;a<\/strong>vvocato <strong>Francesca Conte, l&#8217;imprenditrice <\/strong><strong>Luciana Delle Don, le Suore Salesiane dei Sacri Cuori &#8211; Casa Madre di Lecce<\/strong><\/p>\n<p><strong>\u00a0<\/strong><\/p>\n<p>Nata a Marzi, in provincia di Cosenza, e laureata in Ingegneria Civile all\u2019Universit\u00e0 degli Studi della Calabria, la Prof. Ing<strong>. <\/strong><strong>Maria Antonietta Aiello<\/strong> attualmente \u00e8 docente presso la Facolt\u00e0 d\u2019Ingegneria dell\u2019Universit\u00e0 del Salento per il settore scientifico disciplinare ICAR\/09 (Tecnica delle Costruzioni) nonch\u00e9 Presidente del Consiglio Didattico del CdL in Ingegneria Civile. La sua \u00e8 una carriera brillante segnata da collaborazioni scientifiche di prestigio con universit\u00e0 italiane (<em>Universit\u00e0 del Sannio, Benevento, Universit\u00e0 di Napoli Federico II, Universit\u00e0 di Salerno, Istituto Universitario di Architettura di Venezia, Universit\u00e0 degli Studi della Calabria, Universit\u00e0 degli Studi di Brescia<\/em>) e internazionali\u00a0 quali l\u2019Universit\u00e0 del Surrey, Guildford, U.K, l\u2019Universit\u00e0 di Ghent, Belgio, l\u2019Universit\u00e0\u00a0 di Patrasso, Grecia, Chiba University, Giappone. Intensa l\u2019attivit\u00e0 di ricerca riportata in 215 pubblicazioni scientifiche, di cui 149 a diffusione internazionale. \u00c8, inoltre, dal 2012 Presidente del Comitato di Coordinamento nell\u2019ambito della Convenzione fra il Ministero dell\u2019Interno Dipartimento dei Vigili del fuoco, del Soccorso pubblico e della Difesa civile e l\u2019Universit\u00e0 del Salento. Consulente esperto nell\u2019ambito di Progetti Strutturali, in particolare inerenti la valutazione della Sicurezza di nuove costruzioni in presenza \u00a0di Azioni Sismiche, la verifica dei livelli di sicurezza di Costruzioni esistenti in \u00a0muratura e la valutazione di interventi di Adeguamento\/Miglioramento Sismico.<\/p>\n<p><strong>\u00a0<\/strong><\/p>\n<p><img src=\"\/images\/teresabellanova.jpg\" border=\"0\" title=\"Teresa Bellanova\" width=\"300\" style=\"margin: 21px; float: right;\" \/>Deputata Pd<strong>, <\/strong>sempre in prima linea nella lotta per i diritti dei lavoratori,l\u2019on. <strong>Teresa Bellanova<\/strong> nata a Ceglie Messapica in provincia di Brindisi ha incominciato a lavorare ancora adolescente Iscritta alla<strong>CGIL<\/strong>partecipa alle lotte contro il caporalato. A 15 anni \u00e8 eletta capolega alla Camera del Lavoro di Ceglie Messapica. Allora come oggi la rappresentanza del lavoro e la difesa dei diritti delle persone costituiscono il tratto caratteristico ed irrinunciabile del suo impegno politico e sindacale e la sua stessa dirittura di vita. Il suo percorso in CGIL la porta a ricoprire diverse funzioni come coordinatrice regionale delle donne della Federbraccianti in Puglia, poi Segretaria generale provinciale della Flai (Federazione lavoratori dell\u2019agroindustria) CGIL di Lecce, poi ancora come Segretaria generale della Filtea CGIL (Federazione italiana lavoratori del tessile-abbigliamento) di Lecce e di Segreteria nazionale della Filtea (Federazione italiana Tessile Abbigliamento Calzaturiero) con delega alle politiche per il Mezzogiorno, alle politiche industriali, al mercato del lavoro, al contoterzismo e alla formazione professionale. Eletta per la prima volta alla Camera dei\u00a0 Deputati nel 2006, nelle liste de L&#8217;Ulivo nella circoscrizione Puglia, \u00e8 riconfermata due anni dopo nel Partito Democratico, e per la terza volta dopo le elezioni del 2013. Recentemente \u00e8 stata nominata sottosegretario al Lavoro nel governo Renzi.<\/p>\n<p><img src=\"\/images\/francesca%20conte.jpg\" border=\"0\" title=\"l'avvocato Francesca Conte\" width=\"200\" style=\"float: left; margin: 21px;\" \/>Laureata in Giurisprudenza presso l\u2019Universit\u00e0 degli Studi di Bari, l\u2019Avv. <strong>FRANCESCA CONTE <\/strong>\u00e8 uno dei volti del foro salentino pi\u00f9 noti anche a livello nazionale. Iscritta all\u2019Ordine degli Avvocati di Lecce nel 1986 esordisce a soli 26 anni nelle aule della Corte d\u2019Assise di Lecce, assumendo le difese degli imputati nel maxiprocesso contro la Sacra Corona Unita. Esperta in diritto penale e procedura penale ha collaborato con il prof. Gaito per il commento di numerosi articoli del codice di procedura penale pubblicati dalla Utet di Torino nell\u2019opera \u201cCodice di procedura penale ipertestuale\u201d. Esperta in problematiche sulla sicurezza, in diritto penale del lavoro e in diritto penale dell\u2019economia, in delitti contro la pubblica amministrazione in questioni ambientali e amministrative ha partecipato a processi che hanno oltrepassato i confini europei e che hanno avuto una rilevante eco socio-politica come nel caso della Missione Nato in Kossovo e Nassiryah. Iscritta dal 1998 all\u2019Albo delle Magistrature Superiori per la sua preparazione e temperamento ha ricevuto incarichi di rilevanza nazionale (Maiorano, Basile) Fondatrice dello Studio Legale Francesca Conte, per incarico del Comune di Lecce ha costituito l\u2019Ufficio Europa curando la presentazione di numerosi e importanti progetti per le Politiche Comunitarie. Ha curato creazione del nuovo Statuto Comunale in ossequio e adeguamento della Legge Bassanini sulle \u201cAutonomie Locali\u201d. Dal novembre 2013 ha ideato un blog tematico sul diritto consultabile all\u2019indirizzo <a href=\"http:\/\/francescacontestudioblog.blogspot.it\/\">http:\/\/francescacontestudioblog.blogspot.it\/<\/a> \u00a0aggiornato periodicamente con news sul piano informativo di normativa e diritto.<\/p>\n<p><img src=\"\/images\/luciana%20delle%20donne.jpg\" border=\"0\" title=\"l'imprenditrice Luciana Delle Donne\" width=\"200\" style=\"margin: 21px; float: right;\" \/>\u201cIl compito che ci troviamo di fronte \u00e8 quello di costruire nuove forme di coesione sociale e nuove traiettorie per la competizione e per la creazione di un modello di sviluppo vincente valorizziamo le diversit\u00e0 femminili, intese come valore (creativit\u00e0, sensibilit\u00e0, flessibilit\u00e0, tenacia, intuito, capacit\u00e0 di creare sinergie\u2026). parliamo soprattutto a chi crede nella forza delle donne\u201d \u00e8 questa la filosofia vincente della manager <strong>Luciana Delle Donne<\/strong>. Di estrazione bancaria, con marcata esperienza nella Gestione del cambiamento e nell\u2019Innovazione Strategica, dopo aver contribuito a creare la prima banca virtuale italiana lascia il mondo dell\u2019alta finanza per dedicarsi all\u2019economia sostenibile. Rientra nella natia Lecce e con la sua cooperativa senza fini di lucro \u201cOfficina creativa\u201d, fondata nel 2007, si impegna nella diffusione della filosofia della \u201c<em>seconda chance<\/em>\u201d della &#8220;seconda opportunit\u00e0&#8221; per le detenute e della &#8220;doppia vita&#8221; per i tessuti. Un messaggio di speranza, di concretezza e solidariet\u00e0, ma anche di libert\u00e0 e rispetto per l&#8217;ambiente. Cos\u00ec i tessuti scartati (ma donati) dalle grandi maison vedono una nuova possibilit\u00e0 di utilizzo grazie all\u2019operosit\u00e0 e alla creativit\u00e0 delle donne in stato di detenzione che li trasformano in borse e accessori,\u00a0 manufatti del brand \u201c<strong>Made in carcere<\/strong>\u201d che rappresenta la concreta occasione di inserimento sociale e lavorativo per le stesse detenute.\u00a0 Un vero e proprio modello economico che esporta nel resto d\u2019Italia e d\u2019Europa e che gli \u00e8 valso numerosi riconoscimenti.<\/p>\n<p><img src=\"\/images\/Chiesa_delle_Scalze_a_Lecce.jpg\" border=\"0\" title=\"Chiesa delle Scalze a Lecce\" width=\"300\" style=\"margin: 21px; float: left;\" \/><\/p>\n<p>L&#8217;operosa presenza di <strong>don Filippo Smaldone<\/strong> in Puglia inizia nel dicembre del 1882, quando gli viene affidata l&#8217;assistenza morale-spirituale della Pia Casa dei Sordomuti in Molfetta (Bari). A contatto con i sordomuti ebbe chiaro che la loro stessa salvezza eterna era minacciata dalla mancanza di fede, come ritenevano i teologi in quel tempo, rifacendosi al testo paolino &#8220;fides ex auditu&#8221;. Era il 25 marzo 1885, quando la nuova famiglia denominata &#8220;Suore Salesiane dei Sacri Cuori&#8221; inizi\u00f2 il cammino che fu rapido, come altrettanto celere fu la crescita delle vocazioni. Il primo istituto per Sordi funzion\u00f2 in Lecce gi\u00e0 dal 1885, ma il numero delle richieste fu tale che si dovette creare la sezione maschile in localit\u00e0 di san Cesario di Lecce, il 6 luglio 1890. Nel 1892, grazie ad una donazione anonima fu acquistata la Casa di Bari e \u00a0\u00a0l&#8217;Istituto incominci\u00f2 a funzionare nel capoluogo della Puglia. Seguiva l\u2019apertura nel 1895 di una Casa a Trepuzzi, in cui si accoglievano bambini poveri che frequentavano l'&#8221;Asilo infantile&#8221; e giovani per apprendere l&#8217;arte del ricamo e cucito. Si allargava cos\u00ec l&#8217;apostolato delle Salesiane conservando per\u00f2 l&#8217;ispirazione originaria: i poveri \u2013 destinatari della missione. Con questo spirito si aggiunsero negli anni un Educandato per giovani a Bari, un Ospedaletto per bambini, una Casa a san Cesario con un orfanotrofio, ora trasformata in Scuola dell&#8217;Infanzia. Nel 1902 don Filippo compr\u00f2 <strong>l&#8217;ex Monastero delle Carmelitane Scalze con l&#8217;annessa Chiesa monumentale, nel centro storico di Lecce, che divent\u00f2 la sede nuova dell&#8217;Istituto per sordomute e la sede della Casa Madre<\/strong>.<\/p>\n<p>Nei primi anni del 1900 le Salesiane, guidate da don Filippo, Fondatore, Superiore e Formatore si portarono nella citt\u00e0 di Salerno \u2013 Napoli \u2013 Roma , accolte favorevolmente dalla Chiesa locale sempre con l&#8217;intento di educare i sordi e di promuovere opere di carit\u00e0 verso bambini e giovani. Alla morte del Padre, avvenuta in Lecce il 4 giugno 1923, la Congregazione era fiorente e si espandeva in tutto il Centro-Sud d&#8217;Italia.<\/p>\n<p>Oggi le Suore Salesiane dei Sacri Cuori continuano con professionalit\u00e0, amore e dedizione a prendersi cura dei bambini sordi per aiutarli ad inserirsi nella Chiesa, nella societ\u00e0 e a realizzare un progetto di vita personale nella maturit\u00e0 e responsabilit\u00e0. Un orizzonte apostolico allargato a tutti: bambini, adolescenti e giovani, nell\u2019ottica di una cultura e di un lavoro che si coniughino con la fede.<\/p>\n<p>\u00a0<\/p>\n<p><strong>\u00a0<\/strong><\/p>\n<p><strong>\u00a0<\/strong><\/p>\n","protected":false},"excerpt":{"rendered":"<p>Sabato 29 marzo 2014 in piazza Sant&#8217;Oronzo nei pressi del Sedile il riconoscimento emanazione del Il Sallentino Un premio al<\/p>\n","protected":false},"author":1,"featured_media":0,"comment_status":"open","ping_status":"open","sticky":false,"template":"","format":"standard","meta":[],"categories":[28],"tags":[],"yoast_head":"<!-- This site is optimized with the Yoast SEO plugin v18.0 - https:\/\/yoast.com\/wordpress\/plugins\/seo\/ -->\n<title>&quot;Premio \u00e9 Donna&quot;. Al via la seconda edizione | Arte e Luoghi<\/title>\n<meta name=\"robots\" content=\"index, follow, max-snippet:-1, max-image-preview:large, max-video-preview:-1\" \/>\n<link rel=\"canonical\" href=\"https:\/\/arteeluoghi.it\/index.php\/2014\/03\/27\/premio-e-donna-al-via-la-seconda-edizione\/\" \/>\n<meta property=\"og:locale\" content=\"it_IT\" \/>\n<meta property=\"og:type\" content=\"article\" \/>\n<meta property=\"og:title\" content=\"&quot;Premio \u00e9 Donna&quot;. Al via la seconda edizione | Arte e Luoghi\" \/>\n<meta property=\"og:description\" content=\"Sabato 29 marzo 2014 in piazza Sant&#8217;Oronzo nei pressi del Sedile il riconoscimento emanazione del Il Sallentino Un premio al\" \/>\n<meta property=\"og:url\" content=\"https:\/\/arteeluoghi.it\/index.php\/2014\/03\/27\/premio-e-donna-al-via-la-seconda-edizione\/\" \/>\n<meta property=\"og:site_name\" content=\"Arte e Luoghi\" \/>\n<meta property=\"article:publisher\" content=\"https:\/\/www.facebook.com\/ArteELuoghi\/\" \/>\n<meta property=\"article:published_time\" content=\"2014-03-27T13:07:55+00:00\" \/>\n<meta property=\"og:image\" content=\"https:\/\/arteeluoghi.it\/images\/targa%20premio%20e%20donna%202%202014.jpg\" \/>\n<meta name=\"twitter:card\" content=\"summary\" \/>\n<meta name=\"twitter:creator\" content=\"@arteeluoghi\" \/>\n<meta name=\"twitter:site\" content=\"@arteeluoghi\" \/>\n<meta name=\"twitter:label1\" content=\"Scritto da\" \/>\n\t<meta name=\"twitter:data1\" content=\"Staff\" \/>\n\t<meta name=\"twitter:label2\" content=\"Tempo di lettura stimato\" \/>\n\t<meta name=\"twitter:data2\" content=\"7 minuti\" \/>\n<script type=\"application\/ld+json\" class=\"yoast-schema-graph\">{\"@context\":\"https:\/\/schema.org\",\"@graph\":[{\"@type\":\"Organization\",\"@id\":\"https:\/\/arteeluoghi.it\/#organization\",\"name\":\"Arte e Luoghi\",\"url\":\"https:\/\/arteeluoghi.it\/\",\"sameAs\":[\"https:\/\/www.facebook.com\/ArteELuoghi\/\",\"https:\/\/www.instagram.com\/arteeluoghi\/?hl=it\",\"https:\/\/www.youtube.com\/channel\/UCuRVc4JW4-C5sg9rQB-srkw?view_as=subscriber\",\"https:\/\/twitter.com\/arteeluoghi\"],\"logo\":{\"@type\":\"ImageObject\",\"@id\":\"https:\/\/arteeluoghi.it\/#logo\",\"inLanguage\":\"it-IT\",\"url\":\"https:\/\/arteeluoghi.it\/wp-content\/uploads\/2018\/08\/logoinstagramarte.jpg\",\"contentUrl\":\"https:\/\/arteeluoghi.it\/wp-content\/uploads\/2018\/08\/logoinstagramarte.jpg\",\"width\":150,\"height\":150,\"caption\":\"Arte e Luoghi\"},\"image\":{\"@id\":\"https:\/\/arteeluoghi.it\/#logo\"}},{\"@type\":\"WebSite\",\"@id\":\"https:\/\/arteeluoghi.it\/#website\",\"url\":\"https:\/\/arteeluoghi.it\/\",\"name\":\"Arte e Luoghi\",\"description\":\"Mensile di arte, cultura, turismo e curiosit\u00e0\",\"publisher\":{\"@id\":\"https:\/\/arteeluoghi.it\/#organization\"},\"potentialAction\":[{\"@type\":\"SearchAction\",\"target\":{\"@type\":\"EntryPoint\",\"urlTemplate\":\"https:\/\/arteeluoghi.it\/?s={search_term_string}\"},\"query-input\":\"required name=search_term_string\"}],\"inLanguage\":\"it-IT\"},{\"@type\":\"ImageObject\",\"@id\":\"https:\/\/arteeluoghi.it\/index.php\/2014\/03\/27\/premio-e-donna-al-via-la-seconda-edizione\/#primaryimage\",\"inLanguage\":\"it-IT\",\"url\":\"\/images\/targa%20premio%20e%20donna%202%202014.jpg\",\"contentUrl\":\"\/images\/targa%20premio%20e%20donna%202%202014.jpg\"},{\"@type\":\"WebPage\",\"@id\":\"https:\/\/arteeluoghi.it\/index.php\/2014\/03\/27\/premio-e-donna-al-via-la-seconda-edizione\/#webpage\",\"url\":\"https:\/\/arteeluoghi.it\/index.php\/2014\/03\/27\/premio-e-donna-al-via-la-seconda-edizione\/\",\"name\":\"\\\"Premio \u00e9 Donna\\\". Al via la seconda edizione | Arte e Luoghi\",\"isPartOf\":{\"@id\":\"https:\/\/arteeluoghi.it\/#website\"},\"primaryImageOfPage\":{\"@id\":\"https:\/\/arteeluoghi.it\/index.php\/2014\/03\/27\/premio-e-donna-al-via-la-seconda-edizione\/#primaryimage\"},\"datePublished\":\"2014-03-27T13:07:55+00:00\",\"dateModified\":\"2014-03-27T13:07:55+00:00\",\"breadcrumb\":{\"@id\":\"https:\/\/arteeluoghi.it\/index.php\/2014\/03\/27\/premio-e-donna-al-via-la-seconda-edizione\/#breadcrumb\"},\"inLanguage\":\"it-IT\",\"potentialAction\":[{\"@type\":\"ReadAction\",\"target\":[\"https:\/\/arteeluoghi.it\/index.php\/2014\/03\/27\/premio-e-donna-al-via-la-seconda-edizione\/\"]}]},{\"@type\":\"BreadcrumbList\",\"@id\":\"https:\/\/arteeluoghi.it\/index.php\/2014\/03\/27\/premio-e-donna-al-via-la-seconda-edizione\/#breadcrumb\",\"itemListElement\":[{\"@type\":\"ListItem\",\"position\":1,\"name\":\"Home\",\"item\":\"https:\/\/arteeluoghi.it\/\"},{\"@type\":\"ListItem\",\"position\":2,\"name\":\"&#8220;Premio \u00e9 Donna&#8221;. Al via la seconda edizione\"}]},{\"@type\":\"Article\",\"@id\":\"https:\/\/arteeluoghi.it\/index.php\/2014\/03\/27\/premio-e-donna-al-via-la-seconda-edizione\/#article\",\"isPartOf\":{\"@id\":\"https:\/\/arteeluoghi.it\/index.php\/2014\/03\/27\/premio-e-donna-al-via-la-seconda-edizione\/#webpage\"},\"author\":{\"@id\":\"https:\/\/arteeluoghi.it\/#\/schema\/person\/f84e814e36e91e01448ee07eaadd41d4\"},\"headline\":\"&#8220;Premio \u00e9 Donna&#8221;. Al via la seconda edizione\",\"datePublished\":\"2014-03-27T13:07:55+00:00\",\"dateModified\":\"2014-03-27T13:07:55+00:00\",\"mainEntityOfPage\":{\"@id\":\"https:\/\/arteeluoghi.it\/index.php\/2014\/03\/27\/premio-e-donna-al-via-la-seconda-edizione\/#webpage\"},\"wordCount\":1490,\"commentCount\":0,\"publisher\":{\"@id\":\"https:\/\/arteeluoghi.it\/#organization\"},\"image\":{\"@id\":\"https:\/\/arteeluoghi.it\/index.php\/2014\/03\/27\/premio-e-donna-al-via-la-seconda-edizione\/#primaryimage\"},\"thumbnailUrl\":\"\/images\/targa%20premio%20e%20donna%202%202014.jpg\",\"articleSection\":[\"Notizie\"],\"inLanguage\":\"it-IT\",\"potentialAction\":[{\"@type\":\"CommentAction\",\"name\":\"Comment\",\"target\":[\"https:\/\/arteeluoghi.it\/index.php\/2014\/03\/27\/premio-e-donna-al-via-la-seconda-edizione\/#respond\"]}]},{\"@type\":\"Person\",\"@id\":\"https:\/\/arteeluoghi.it\/#\/schema\/person\/f84e814e36e91e01448ee07eaadd41d4\",\"name\":\"Staff\",\"image\":{\"@type\":\"ImageObject\",\"@id\":\"https:\/\/arteeluoghi.it\/#personlogo\",\"inLanguage\":\"it-IT\",\"url\":\"https:\/\/secure.gravatar.com\/avatar\/49d2f9e46271bb04e19cebfaf141313a?s=96&d=blank&r=g\",\"contentUrl\":\"https:\/\/secure.gravatar.com\/avatar\/49d2f9e46271bb04e19cebfaf141313a?s=96&d=blank&r=g\",\"caption\":\"Staff\"}}]}<\/script>\n<!-- \/ Yoast SEO plugin. -->","yoast_head_json":{"title":"\"Premio \u00e9 Donna\". Al via la seconda edizione | Arte e Luoghi","robots":{"index":"index","follow":"follow","max-snippet":"max-snippet:-1","max-image-preview":"max-image-preview:large","max-video-preview":"max-video-preview:-1"},"canonical":"https:\/\/arteeluoghi.it\/index.php\/2014\/03\/27\/premio-e-donna-al-via-la-seconda-edizione\/","og_locale":"it_IT","og_type":"article","og_title":"\"Premio \u00e9 Donna\". Al via la seconda edizione | Arte e Luoghi","og_description":"Sabato 29 marzo 2014 in piazza Sant&#8217;Oronzo nei pressi del Sedile il riconoscimento emanazione del Il Sallentino Un premio al","og_url":"https:\/\/arteeluoghi.it\/index.php\/2014\/03\/27\/premio-e-donna-al-via-la-seconda-edizione\/","og_site_name":"Arte e Luoghi","article_publisher":"https:\/\/www.facebook.com\/ArteELuoghi\/","article_published_time":"2014-03-27T13:07:55+00:00","og_image":[{"url":"https:\/\/arteeluoghi.it\/images\/targa%20premio%20e%20donna%202%202014.jpg"}],"twitter_card":"summary","twitter_creator":"@arteeluoghi","twitter_site":"@arteeluoghi","twitter_misc":{"Scritto da":"Staff","Tempo di lettura stimato":"7 minuti"},"schema":{"@context":"https:\/\/schema.org","@graph":[{"@type":"Organization","@id":"https:\/\/arteeluoghi.it\/#organization","name":"Arte e Luoghi","url":"https:\/\/arteeluoghi.it\/","sameAs":["https:\/\/www.facebook.com\/ArteELuoghi\/","https:\/\/www.instagram.com\/arteeluoghi\/?hl=it","https:\/\/www.youtube.com\/channel\/UCuRVc4JW4-C5sg9rQB-srkw?view_as=subscriber","https:\/\/twitter.com\/arteeluoghi"],"logo":{"@type":"ImageObject","@id":"https:\/\/arteeluoghi.it\/#logo","inLanguage":"it-IT","url":"https:\/\/arteeluoghi.it\/wp-content\/uploads\/2018\/08\/logoinstagramarte.jpg","contentUrl":"https:\/\/arteeluoghi.it\/wp-content\/uploads\/2018\/08\/logoinstagramarte.jpg","width":150,"height":150,"caption":"Arte e Luoghi"},"image":{"@id":"https:\/\/arteeluoghi.it\/#logo"}},{"@type":"WebSite","@id":"https:\/\/arteeluoghi.it\/#website","url":"https:\/\/arteeluoghi.it\/","name":"Arte e Luoghi","description":"Mensile di arte, cultura, turismo e curiosit\u00e0","publisher":{"@id":"https:\/\/arteeluoghi.it\/#organization"},"potentialAction":[{"@type":"SearchAction","target":{"@type":"EntryPoint","urlTemplate":"https:\/\/arteeluoghi.it\/?s={search_term_string}"},"query-input":"required name=search_term_string"}],"inLanguage":"it-IT"},{"@type":"ImageObject","@id":"https:\/\/arteeluoghi.it\/index.php\/2014\/03\/27\/premio-e-donna-al-via-la-seconda-edizione\/#primaryimage","inLanguage":"it-IT","url":"\/images\/targa%20premio%20e%20donna%202%202014.jpg","contentUrl":"\/images\/targa%20premio%20e%20donna%202%202014.jpg"},{"@type":"WebPage","@id":"https:\/\/arteeluoghi.it\/index.php\/2014\/03\/27\/premio-e-donna-al-via-la-seconda-edizione\/#webpage","url":"https:\/\/arteeluoghi.it\/index.php\/2014\/03\/27\/premio-e-donna-al-via-la-seconda-edizione\/","name":"\"Premio \u00e9 Donna\". Al via la seconda edizione | Arte e Luoghi","isPartOf":{"@id":"https:\/\/arteeluoghi.it\/#website"},"primaryImageOfPage":{"@id":"https:\/\/arteeluoghi.it\/index.php\/2014\/03\/27\/premio-e-donna-al-via-la-seconda-edizione\/#primaryimage"},"datePublished":"2014-03-27T13:07:55+00:00","dateModified":"2014-03-27T13:07:55+00:00","breadcrumb":{"@id":"https:\/\/arteeluoghi.it\/index.php\/2014\/03\/27\/premio-e-donna-al-via-la-seconda-edizione\/#breadcrumb"},"inLanguage":"it-IT","potentialAction":[{"@type":"ReadAction","target":["https:\/\/arteeluoghi.it\/index.php\/2014\/03\/27\/premio-e-donna-al-via-la-seconda-edizione\/"]}]},{"@type":"BreadcrumbList","@id":"https:\/\/arteeluoghi.it\/index.php\/2014\/03\/27\/premio-e-donna-al-via-la-seconda-edizione\/#breadcrumb","itemListElement":[{"@type":"ListItem","position":1,"name":"Home","item":"https:\/\/arteeluoghi.it\/"},{"@type":"ListItem","position":2,"name":"&#8220;Premio \u00e9 Donna&#8221;. Al via la seconda edizione"}]},{"@type":"Article","@id":"https:\/\/arteeluoghi.it\/index.php\/2014\/03\/27\/premio-e-donna-al-via-la-seconda-edizione\/#article","isPartOf":{"@id":"https:\/\/arteeluoghi.it\/index.php\/2014\/03\/27\/premio-e-donna-al-via-la-seconda-edizione\/#webpage"},"author":{"@id":"https:\/\/arteeluoghi.it\/#\/schema\/person\/f84e814e36e91e01448ee07eaadd41d4"},"headline":"&#8220;Premio \u00e9 Donna&#8221;. Al via la seconda edizione","datePublished":"2014-03-27T13:07:55+00:00","dateModified":"2014-03-27T13:07:55+00:00","mainEntityOfPage":{"@id":"https:\/\/arteeluoghi.it\/index.php\/2014\/03\/27\/premio-e-donna-al-via-la-seconda-edizione\/#webpage"},"wordCount":1490,"commentCount":0,"publisher":{"@id":"https:\/\/arteeluoghi.it\/#organization"},"image":{"@id":"https:\/\/arteeluoghi.it\/index.php\/2014\/03\/27\/premio-e-donna-al-via-la-seconda-edizione\/#primaryimage"},"thumbnailUrl":"\/images\/targa%20premio%20e%20donna%202%202014.jpg","articleSection":["Notizie"],"inLanguage":"it-IT","potentialAction":[{"@type":"CommentAction","name":"Comment","target":["https:\/\/arteeluoghi.it\/index.php\/2014\/03\/27\/premio-e-donna-al-via-la-seconda-edizione\/#respond"]}]},{"@type":"Person","@id":"https:\/\/arteeluoghi.it\/#\/schema\/person\/f84e814e36e91e01448ee07eaadd41d4","name":"Staff","image":{"@type":"ImageObject","@id":"https:\/\/arteeluoghi.it\/#personlogo","inLanguage":"it-IT","url":"https:\/\/secure.gravatar.com\/avatar\/49d2f9e46271bb04e19cebfaf141313a?s=96&d=blank&r=g","contentUrl":"https:\/\/secure.gravatar.com\/avatar\/49d2f9e46271bb04e19cebfaf141313a?s=96&d=blank&r=g","caption":"Staff"}}]}},"_links":{"self":[{"href":"https:\/\/arteeluoghi.it\/index.php\/wp-json\/wp\/v2\/posts\/1627"}],"collection":[{"href":"https:\/\/arteeluoghi.it\/index.php\/wp-json\/wp\/v2\/posts"}],"about":[{"href":"https:\/\/arteeluoghi.it\/index.php\/wp-json\/wp\/v2\/types\/post"}],"author":[{"embeddable":true,"href":"https:\/\/arteeluoghi.it\/index.php\/wp-json\/wp\/v2\/users\/1"}],"replies":[{"embeddable":true,"href":"https:\/\/arteeluoghi.it\/index.php\/wp-json\/wp\/v2\/comments?post=1627"}],"version-history":[{"count":0,"href":"https:\/\/arteeluoghi.it\/index.php\/wp-json\/wp\/v2\/posts\/1627\/revisions"}],"wp:attachment":[{"href":"https:\/\/arteeluoghi.it\/index.php\/wp-json\/wp\/v2\/media?parent=1627"}],"wp:term":[{"taxonomy":"category","embeddable":true,"href":"https:\/\/arteeluoghi.it\/index.php\/wp-json\/wp\/v2\/categories?post=1627"},{"taxonomy":"post_tag","embeddable":true,"href":"https:\/\/arteeluoghi.it\/index.php\/wp-json\/wp\/v2\/tags?post=1627"}],"curies":[{"name":"wp","href":"https:\/\/api.w.org\/{rel}","templated":true}]}}