{"id":1634,"date":"2014-04-02T19:24:25","date_gmt":"2014-04-02T17:24:25","guid":{"rendered":"http:\/\/arteeluoghi.it\/index.php\/2014\/04\/02\/usi-costumi-vizi-e-virtu-della-societa-contemporanea-in-note\/"},"modified":"2014-04-02T19:24:25","modified_gmt":"2014-04-02T17:24:25","slug":"usi-costumi-vizi-e-virtu-della-societa-contemporanea-in-note","status":"publish","type":"post","link":"https:\/\/arteeluoghi.it\/index.php\/2014\/04\/02\/usi-costumi-vizi-e-virtu-della-societa-contemporanea-in-note\/","title":{"rendered":"Usi, costumi, vizi e virt\u00f9 della societ\u00e0 contemporanea  in note"},"content":{"rendered":"<p style=\"text-align: left;\" align=\"center\"><img src=\"\/images\/Pasquale%202.jpg\" border=\"0\" title=\"il cantattore salentino P40\" width=\"200\" style=\"margin: 21px; float: right;\" \/>Venerd\u00ec 28 marzo 2014 lo \u201c<em>show-case<\/em>\u201d organizzato dalla Cooperativa \u201c<em>VoltaPagina<\/em>\u201d<\/p>\n<p style=\"text-align: left;\" align=\"center\"><strong>IL \u201c<em>CANTATTORE<\/em>\u201d \u201c<em>P40<\/em>\u201d ALLA LIBRERIA \u201c<em>ICARO BOOKSTORE<\/em>\u201d DI LECCE<\/strong><\/p>\n<p style=\"text-align: left;\" align=\"center\">di Gabriele De Blasi<strong><br \/><\/strong><\/p>\n<p style=\"text-align: left;\" align=\"center\">\u00a0<\/p>\n<p style=\"text-align: left;\" align=\"center\">\u00a0<\/p>\n<p>Venerd\u00ec 28 Marzo, alle ore 19, la Libreria \u201cIcaro BookStore\u201d di Lecce (v. F. Cavallotti, 7\/a)\u00a0 ha ospitato lo show-case del \u201ccantattore\u201d \u201cP40\u201d, al secolo Pasquale Quaranta. L\u2019iniziativa costituisce il primo appuntamento della rassegna \u201cIncanti Popolari\u201d, organizzata dalla Cooperativa \u201cVoltaPagina\u201d di Lecce, in collaborazione con la Libreria \u201cIcaro BookStore\u201d. Nel corso della serata, \u201cP40\u201d ha dialogato con il pubblico, raccontando la storia della sua originale carriera artistica e proponendo alcuni brani dai suoi lavori discografici.<\/p>\n<p>  <!--more-->  <\/p>\n<p>\u00a0<\/p>\n<p>Il progetto \u201cP40\u201d \u00e8 nato dodici anni fa dall\u2019idea del musicista Pasquale G. Quaranta, personaggio emergente ed estroso del variegato mondo degli artisti salentini: riesce subito a balzare agli occhi del pubblico salentino per l\u2019originalit\u00e0 della sua opera e il carisma del personaggio. Alla base del lavoro di \u201cP40\u201d c\u2019\u00e8 l\u2019osservazione attenta e critica del suo tempo che l\u2019artista cerca di risignificare nei suoi spettacoli, attraverso un repertorio di brani inediti. Incarnando un incontro tra la figura del cantautore e quella dell\u2019attore (il \u201ccantattore\u201d), \u201cP40\u201d riesce a farle convivere sul palco, portando in scena una rappresentazione quasi teatrale, essenziale, a tratti geniale, ma, nello stesso tempo, ricca di improvvisazioni che giocano sugli equivoci e sulle sensazioni del pubblico. \u201cP40\u201d appare una sorta di menestrello di corte catapultato nell\u2019et\u00e0 contemporanea dove le corti di un tempo diventano i palchi e i teatri di oggi. E sono cos\u00ec gli spettacoli di \u201cP40\u201d, dove la scena \u00e8 \u201criempita\u201d dalla figura dell\u2019artista che con chitarra e voce ama scherzare poeticamente sugli usi e costumi, vizi e virt\u00f9 della societ\u00e0 che lo circonda. Un menestrello, un cantastorie, un artista che, col tempo, ha visto maturare la sua creativit\u00e0, riuscendo a cogliere, attraverso la satira e l\u2019umorismo, significati intimi del nostro quotidiano, svelandoli al pubblico, che non pu\u00f2 far altro che disegnare sul proprio volto un sorriso e riflettere sulle \u201cverit\u00e0\u201d proposte dall\u2019artista. Numerose e importanti le sue collaborazioni musicali: tra gli altri, Emanuele \u201cPhl\u201d Flandoli, Carlo Verrienti, Daniele Leucci, Leone Marco Bartolo, Antonio De Donno e Lucia Minutello. E tanti i luoghi dove \u201cP40\u201d ha portato in musica il suo spettacolo, da osterie a feste popolari, da teatri improvvisati a \u201clive club\u201d, dove l\u2019intimit\u00e0 col pubblico riesce a rendere bene l\u2019opera del menestrello, palesando le sue capacit\u00e0 di coinvolgimento.<\/p>\n<p>La Cooperativa \u201cVoltaPagina\u201d, organizzatrice dell\u2019evento, \u00e8 una nuova realt\u00e0 salentina, che si propone nell\u2019ambito dell\u2019imprenditorialit\u00e0 culturale del territorio. Nata dalla volont\u00e0 di unire passione e ambizione di un gruppo di giovani professioniste nel settore dei beni culturali, indirizza prevalentemente i suoi servizi a biblioteche, archivi e musei, pubblici e privati. Partendo da questi luoghi, tradizionalmente deputati alla conservazione e diffusione della cultura, organizza incontri, manifestazioni ed eventi che cercano di portare la \u201ccultura\u201d, in ogni sua forma ed espressione, anche al di fuori degli spazi tradizionali ed istituzionali. Cura, organizza e gestisce attivit\u00e0 di animazione e promozione del libro e della lettura, attraverso varie tipologie di progetti e programmi. Le operatrici della Cooperativa \u201cVoltaPagina\u201d hanno gi\u00e0 gestito e organizzato spazi e servizi culturali di biblioteche, mediateche e centri di documentazione, sia pubblici, sia privati. Con una professionalit\u00e0 consolidata nel settore, si occupano di accoglienza e orientamento del pubblico, attivit\u00e0 di promozione della lettura rivolte a bambini e adulti, catalogazione di materiale librario e multimediale, formazione professionale, inventario e revisione delle collezioni librarie, monitoraggio e misurazione dei servizi, organizzazione e gestione di eventi culturali, piani d\u2019acquisto documenti e libri, prestito dei testi, \u201creference\u201d, ricerche bibliografiche e redazione di bibliografie, riordino e sistemazione fondi.\u00a0<\/p>\n<p>\u201cIcaro BookStore\u201d, invece, \u00e8 la nuova iniziativa di Francesco Fiorentino e Luigina Carlucci. Il \u201cbookstore\u201d \u00e8 nato per rispondere alla necessit\u00e0 di costruire e di offrire uno spazio non formale e non convenzionale al libro e al lettore. Un luogo in cui il mestiere del libraio possa compiersi in piena autonomia e indipendenza. Una scelta non facile, in un\u2019epoca in cui tutto pare conformarsi a canoni e consuetudini che, invece di dare valore al libro e all\u2019esperienza autoriale, la rendono cornice di altri commerci. \u201cIcaro BookStore\u201d vuole ispirarsi all\u2019amore e alla competenza per i libri, immaginando la libreria come un\u2019\u201dofficina di sentori e di sapori attraverso i quali si lascia indovinare, supporre, presentire qualcosa come una fragranza o un aroma\u201d (Jean-Luc Nancy).\u00a0\u00a0\u00a0\u00a0\u00a0\u00a0\u00a0\u00a0\u00a0\u00a0\u00a0\u00a0<em>\u00a0\u00a0\u00a0\u00a0\u00a0\u00a0\u00a0\u00a0 \u00a0<\/em><\/p>\n","protected":false},"excerpt":{"rendered":"<p>Venerd\u00ec 28 marzo 2014 lo \u201cshow-case\u201d organizzato dalla Cooperativa \u201cVoltaPagina\u201d IL \u201cCANTATTORE\u201d \u201cP40\u201d ALLA LIBRERIA \u201cICARO BOOKSTORE\u201d DI LECCE di<\/p>\n","protected":false},"author":1,"featured_media":0,"comment_status":"open","ping_status":"open","sticky":false,"template":"","format":"standard","meta":[],"categories":[12],"tags":[],"yoast_head":"<!-- This site is optimized with the Yoast SEO plugin v18.0 - https:\/\/yoast.com\/wordpress\/plugins\/seo\/ -->\n<title>Usi, costumi, vizi e virt\u00f9 della societ\u00e0 contemporanea in note | Arte e Luoghi<\/title>\n<meta name=\"robots\" content=\"index, follow, max-snippet:-1, max-image-preview:large, max-video-preview:-1\" \/>\n<link rel=\"canonical\" href=\"https:\/\/arteeluoghi.it\/index.php\/2014\/04\/02\/usi-costumi-vizi-e-virtu-della-societa-contemporanea-in-note\/\" \/>\n<meta property=\"og:locale\" content=\"it_IT\" \/>\n<meta property=\"og:type\" content=\"article\" \/>\n<meta property=\"og:title\" content=\"Usi, costumi, vizi e virt\u00f9 della societ\u00e0 contemporanea in note | Arte e Luoghi\" \/>\n<meta property=\"og:description\" content=\"Venerd\u00ec 28 marzo 2014 lo \u201cshow-case\u201d organizzato dalla Cooperativa \u201cVoltaPagina\u201d IL \u201cCANTATTORE\u201d \u201cP40\u201d ALLA LIBRERIA \u201cICARO BOOKSTORE\u201d DI LECCE di\" \/>\n<meta property=\"og:url\" content=\"https:\/\/arteeluoghi.it\/index.php\/2014\/04\/02\/usi-costumi-vizi-e-virtu-della-societa-contemporanea-in-note\/\" \/>\n<meta property=\"og:site_name\" content=\"Arte e Luoghi\" \/>\n<meta property=\"article:publisher\" content=\"https:\/\/www.facebook.com\/ArteELuoghi\/\" \/>\n<meta property=\"article:published_time\" content=\"2014-04-02T17:24:25+00:00\" \/>\n<meta property=\"og:image\" content=\"https:\/\/arteeluoghi.it\/images\/Pasquale%202.jpg\" \/>\n<meta name=\"twitter:card\" content=\"summary\" \/>\n<meta name=\"twitter:creator\" content=\"@arteeluoghi\" \/>\n<meta name=\"twitter:site\" content=\"@arteeluoghi\" \/>\n<meta name=\"twitter:label1\" content=\"Scritto da\" \/>\n\t<meta name=\"twitter:data1\" content=\"Staff\" \/>\n\t<meta name=\"twitter:label2\" content=\"Tempo di lettura stimato\" \/>\n\t<meta name=\"twitter:data2\" content=\"4 minuti\" \/>\n<script type=\"application\/ld+json\" class=\"yoast-schema-graph\">{\"@context\":\"https:\/\/schema.org\",\"@graph\":[{\"@type\":\"Organization\",\"@id\":\"https:\/\/arteeluoghi.it\/#organization\",\"name\":\"Arte e Luoghi\",\"url\":\"https:\/\/arteeluoghi.it\/\",\"sameAs\":[\"https:\/\/www.facebook.com\/ArteELuoghi\/\",\"https:\/\/www.instagram.com\/arteeluoghi\/?hl=it\",\"https:\/\/www.youtube.com\/channel\/UCuRVc4JW4-C5sg9rQB-srkw?view_as=subscriber\",\"https:\/\/twitter.com\/arteeluoghi\"],\"logo\":{\"@type\":\"ImageObject\",\"@id\":\"https:\/\/arteeluoghi.it\/#logo\",\"inLanguage\":\"it-IT\",\"url\":\"https:\/\/arteeluoghi.it\/wp-content\/uploads\/2018\/08\/logoinstagramarte.jpg\",\"contentUrl\":\"https:\/\/arteeluoghi.it\/wp-content\/uploads\/2018\/08\/logoinstagramarte.jpg\",\"width\":150,\"height\":150,\"caption\":\"Arte e Luoghi\"},\"image\":{\"@id\":\"https:\/\/arteeluoghi.it\/#logo\"}},{\"@type\":\"WebSite\",\"@id\":\"https:\/\/arteeluoghi.it\/#website\",\"url\":\"https:\/\/arteeluoghi.it\/\",\"name\":\"Arte e Luoghi\",\"description\":\"Mensile di arte, cultura, turismo e curiosit\u00e0\",\"publisher\":{\"@id\":\"https:\/\/arteeluoghi.it\/#organization\"},\"potentialAction\":[{\"@type\":\"SearchAction\",\"target\":{\"@type\":\"EntryPoint\",\"urlTemplate\":\"https:\/\/arteeluoghi.it\/?s={search_term_string}\"},\"query-input\":\"required name=search_term_string\"}],\"inLanguage\":\"it-IT\"},{\"@type\":\"ImageObject\",\"@id\":\"https:\/\/arteeluoghi.it\/index.php\/2014\/04\/02\/usi-costumi-vizi-e-virtu-della-societa-contemporanea-in-note\/#primaryimage\",\"inLanguage\":\"it-IT\",\"url\":\"\/images\/Pasquale%202.jpg\",\"contentUrl\":\"\/images\/Pasquale%202.jpg\"},{\"@type\":\"WebPage\",\"@id\":\"https:\/\/arteeluoghi.it\/index.php\/2014\/04\/02\/usi-costumi-vizi-e-virtu-della-societa-contemporanea-in-note\/#webpage\",\"url\":\"https:\/\/arteeluoghi.it\/index.php\/2014\/04\/02\/usi-costumi-vizi-e-virtu-della-societa-contemporanea-in-note\/\",\"name\":\"Usi, costumi, vizi e virt\u00f9 della societ\u00e0 contemporanea in note | Arte e Luoghi\",\"isPartOf\":{\"@id\":\"https:\/\/arteeluoghi.it\/#website\"},\"primaryImageOfPage\":{\"@id\":\"https:\/\/arteeluoghi.it\/index.php\/2014\/04\/02\/usi-costumi-vizi-e-virtu-della-societa-contemporanea-in-note\/#primaryimage\"},\"datePublished\":\"2014-04-02T17:24:25+00:00\",\"dateModified\":\"2014-04-02T17:24:25+00:00\",\"breadcrumb\":{\"@id\":\"https:\/\/arteeluoghi.it\/index.php\/2014\/04\/02\/usi-costumi-vizi-e-virtu-della-societa-contemporanea-in-note\/#breadcrumb\"},\"inLanguage\":\"it-IT\",\"potentialAction\":[{\"@type\":\"ReadAction\",\"target\":[\"https:\/\/arteeluoghi.it\/index.php\/2014\/04\/02\/usi-costumi-vizi-e-virtu-della-societa-contemporanea-in-note\/\"]}]},{\"@type\":\"BreadcrumbList\",\"@id\":\"https:\/\/arteeluoghi.it\/index.php\/2014\/04\/02\/usi-costumi-vizi-e-virtu-della-societa-contemporanea-in-note\/#breadcrumb\",\"itemListElement\":[{\"@type\":\"ListItem\",\"position\":1,\"name\":\"Home\",\"item\":\"https:\/\/arteeluoghi.it\/\"},{\"@type\":\"ListItem\",\"position\":2,\"name\":\"Usi, costumi, vizi e virt\u00f9 della societ\u00e0 contemporanea in note\"}]},{\"@type\":\"Article\",\"@id\":\"https:\/\/arteeluoghi.it\/index.php\/2014\/04\/02\/usi-costumi-vizi-e-virtu-della-societa-contemporanea-in-note\/#article\",\"isPartOf\":{\"@id\":\"https:\/\/arteeluoghi.it\/index.php\/2014\/04\/02\/usi-costumi-vizi-e-virtu-della-societa-contemporanea-in-note\/#webpage\"},\"author\":{\"@id\":\"https:\/\/arteeluoghi.it\/#\/schema\/person\/f84e814e36e91e01448ee07eaadd41d4\"},\"headline\":\"Usi, costumi, vizi e virt\u00f9 della societ\u00e0 contemporanea in note\",\"datePublished\":\"2014-04-02T17:24:25+00:00\",\"dateModified\":\"2014-04-02T17:24:25+00:00\",\"mainEntityOfPage\":{\"@id\":\"https:\/\/arteeluoghi.it\/index.php\/2014\/04\/02\/usi-costumi-vizi-e-virtu-della-societa-contemporanea-in-note\/#webpage\"},\"wordCount\":737,\"commentCount\":0,\"publisher\":{\"@id\":\"https:\/\/arteeluoghi.it\/#organization\"},\"image\":{\"@id\":\"https:\/\/arteeluoghi.it\/index.php\/2014\/04\/02\/usi-costumi-vizi-e-virtu-della-societa-contemporanea-in-note\/#primaryimage\"},\"thumbnailUrl\":\"\/images\/Pasquale%202.jpg\",\"articleSection\":[\"MUSICA\"],\"inLanguage\":\"it-IT\",\"potentialAction\":[{\"@type\":\"CommentAction\",\"name\":\"Comment\",\"target\":[\"https:\/\/arteeluoghi.it\/index.php\/2014\/04\/02\/usi-costumi-vizi-e-virtu-della-societa-contemporanea-in-note\/#respond\"]}]},{\"@type\":\"Person\",\"@id\":\"https:\/\/arteeluoghi.it\/#\/schema\/person\/f84e814e36e91e01448ee07eaadd41d4\",\"name\":\"Staff\",\"image\":{\"@type\":\"ImageObject\",\"@id\":\"https:\/\/arteeluoghi.it\/#personlogo\",\"inLanguage\":\"it-IT\",\"url\":\"https:\/\/secure.gravatar.com\/avatar\/49d2f9e46271bb04e19cebfaf141313a?s=96&d=blank&r=g\",\"contentUrl\":\"https:\/\/secure.gravatar.com\/avatar\/49d2f9e46271bb04e19cebfaf141313a?s=96&d=blank&r=g\",\"caption\":\"Staff\"}}]}<\/script>\n<!-- \/ Yoast SEO plugin. -->","yoast_head_json":{"title":"Usi, costumi, vizi e virt\u00f9 della societ\u00e0 contemporanea in note | Arte e Luoghi","robots":{"index":"index","follow":"follow","max-snippet":"max-snippet:-1","max-image-preview":"max-image-preview:large","max-video-preview":"max-video-preview:-1"},"canonical":"https:\/\/arteeluoghi.it\/index.php\/2014\/04\/02\/usi-costumi-vizi-e-virtu-della-societa-contemporanea-in-note\/","og_locale":"it_IT","og_type":"article","og_title":"Usi, costumi, vizi e virt\u00f9 della societ\u00e0 contemporanea in note | Arte e Luoghi","og_description":"Venerd\u00ec 28 marzo 2014 lo \u201cshow-case\u201d organizzato dalla Cooperativa \u201cVoltaPagina\u201d IL \u201cCANTATTORE\u201d \u201cP40\u201d ALLA LIBRERIA \u201cICARO BOOKSTORE\u201d DI LECCE di","og_url":"https:\/\/arteeluoghi.it\/index.php\/2014\/04\/02\/usi-costumi-vizi-e-virtu-della-societa-contemporanea-in-note\/","og_site_name":"Arte e Luoghi","article_publisher":"https:\/\/www.facebook.com\/ArteELuoghi\/","article_published_time":"2014-04-02T17:24:25+00:00","og_image":[{"url":"https:\/\/arteeluoghi.it\/images\/Pasquale%202.jpg"}],"twitter_card":"summary","twitter_creator":"@arteeluoghi","twitter_site":"@arteeluoghi","twitter_misc":{"Scritto da":"Staff","Tempo di lettura stimato":"4 minuti"},"schema":{"@context":"https:\/\/schema.org","@graph":[{"@type":"Organization","@id":"https:\/\/arteeluoghi.it\/#organization","name":"Arte e Luoghi","url":"https:\/\/arteeluoghi.it\/","sameAs":["https:\/\/www.facebook.com\/ArteELuoghi\/","https:\/\/www.instagram.com\/arteeluoghi\/?hl=it","https:\/\/www.youtube.com\/channel\/UCuRVc4JW4-C5sg9rQB-srkw?view_as=subscriber","https:\/\/twitter.com\/arteeluoghi"],"logo":{"@type":"ImageObject","@id":"https:\/\/arteeluoghi.it\/#logo","inLanguage":"it-IT","url":"https:\/\/arteeluoghi.it\/wp-content\/uploads\/2018\/08\/logoinstagramarte.jpg","contentUrl":"https:\/\/arteeluoghi.it\/wp-content\/uploads\/2018\/08\/logoinstagramarte.jpg","width":150,"height":150,"caption":"Arte e Luoghi"},"image":{"@id":"https:\/\/arteeluoghi.it\/#logo"}},{"@type":"WebSite","@id":"https:\/\/arteeluoghi.it\/#website","url":"https:\/\/arteeluoghi.it\/","name":"Arte e Luoghi","description":"Mensile di arte, cultura, turismo e curiosit\u00e0","publisher":{"@id":"https:\/\/arteeluoghi.it\/#organization"},"potentialAction":[{"@type":"SearchAction","target":{"@type":"EntryPoint","urlTemplate":"https:\/\/arteeluoghi.it\/?s={search_term_string}"},"query-input":"required name=search_term_string"}],"inLanguage":"it-IT"},{"@type":"ImageObject","@id":"https:\/\/arteeluoghi.it\/index.php\/2014\/04\/02\/usi-costumi-vizi-e-virtu-della-societa-contemporanea-in-note\/#primaryimage","inLanguage":"it-IT","url":"\/images\/Pasquale%202.jpg","contentUrl":"\/images\/Pasquale%202.jpg"},{"@type":"WebPage","@id":"https:\/\/arteeluoghi.it\/index.php\/2014\/04\/02\/usi-costumi-vizi-e-virtu-della-societa-contemporanea-in-note\/#webpage","url":"https:\/\/arteeluoghi.it\/index.php\/2014\/04\/02\/usi-costumi-vizi-e-virtu-della-societa-contemporanea-in-note\/","name":"Usi, costumi, vizi e virt\u00f9 della societ\u00e0 contemporanea in note | Arte e Luoghi","isPartOf":{"@id":"https:\/\/arteeluoghi.it\/#website"},"primaryImageOfPage":{"@id":"https:\/\/arteeluoghi.it\/index.php\/2014\/04\/02\/usi-costumi-vizi-e-virtu-della-societa-contemporanea-in-note\/#primaryimage"},"datePublished":"2014-04-02T17:24:25+00:00","dateModified":"2014-04-02T17:24:25+00:00","breadcrumb":{"@id":"https:\/\/arteeluoghi.it\/index.php\/2014\/04\/02\/usi-costumi-vizi-e-virtu-della-societa-contemporanea-in-note\/#breadcrumb"},"inLanguage":"it-IT","potentialAction":[{"@type":"ReadAction","target":["https:\/\/arteeluoghi.it\/index.php\/2014\/04\/02\/usi-costumi-vizi-e-virtu-della-societa-contemporanea-in-note\/"]}]},{"@type":"BreadcrumbList","@id":"https:\/\/arteeluoghi.it\/index.php\/2014\/04\/02\/usi-costumi-vizi-e-virtu-della-societa-contemporanea-in-note\/#breadcrumb","itemListElement":[{"@type":"ListItem","position":1,"name":"Home","item":"https:\/\/arteeluoghi.it\/"},{"@type":"ListItem","position":2,"name":"Usi, costumi, vizi e virt\u00f9 della societ\u00e0 contemporanea in note"}]},{"@type":"Article","@id":"https:\/\/arteeluoghi.it\/index.php\/2014\/04\/02\/usi-costumi-vizi-e-virtu-della-societa-contemporanea-in-note\/#article","isPartOf":{"@id":"https:\/\/arteeluoghi.it\/index.php\/2014\/04\/02\/usi-costumi-vizi-e-virtu-della-societa-contemporanea-in-note\/#webpage"},"author":{"@id":"https:\/\/arteeluoghi.it\/#\/schema\/person\/f84e814e36e91e01448ee07eaadd41d4"},"headline":"Usi, costumi, vizi e virt\u00f9 della societ\u00e0 contemporanea in note","datePublished":"2014-04-02T17:24:25+00:00","dateModified":"2014-04-02T17:24:25+00:00","mainEntityOfPage":{"@id":"https:\/\/arteeluoghi.it\/index.php\/2014\/04\/02\/usi-costumi-vizi-e-virtu-della-societa-contemporanea-in-note\/#webpage"},"wordCount":737,"commentCount":0,"publisher":{"@id":"https:\/\/arteeluoghi.it\/#organization"},"image":{"@id":"https:\/\/arteeluoghi.it\/index.php\/2014\/04\/02\/usi-costumi-vizi-e-virtu-della-societa-contemporanea-in-note\/#primaryimage"},"thumbnailUrl":"\/images\/Pasquale%202.jpg","articleSection":["MUSICA"],"inLanguage":"it-IT","potentialAction":[{"@type":"CommentAction","name":"Comment","target":["https:\/\/arteeluoghi.it\/index.php\/2014\/04\/02\/usi-costumi-vizi-e-virtu-della-societa-contemporanea-in-note\/#respond"]}]},{"@type":"Person","@id":"https:\/\/arteeluoghi.it\/#\/schema\/person\/f84e814e36e91e01448ee07eaadd41d4","name":"Staff","image":{"@type":"ImageObject","@id":"https:\/\/arteeluoghi.it\/#personlogo","inLanguage":"it-IT","url":"https:\/\/secure.gravatar.com\/avatar\/49d2f9e46271bb04e19cebfaf141313a?s=96&d=blank&r=g","contentUrl":"https:\/\/secure.gravatar.com\/avatar\/49d2f9e46271bb04e19cebfaf141313a?s=96&d=blank&r=g","caption":"Staff"}}]}},"_links":{"self":[{"href":"https:\/\/arteeluoghi.it\/index.php\/wp-json\/wp\/v2\/posts\/1634"}],"collection":[{"href":"https:\/\/arteeluoghi.it\/index.php\/wp-json\/wp\/v2\/posts"}],"about":[{"href":"https:\/\/arteeluoghi.it\/index.php\/wp-json\/wp\/v2\/types\/post"}],"author":[{"embeddable":true,"href":"https:\/\/arteeluoghi.it\/index.php\/wp-json\/wp\/v2\/users\/1"}],"replies":[{"embeddable":true,"href":"https:\/\/arteeluoghi.it\/index.php\/wp-json\/wp\/v2\/comments?post=1634"}],"version-history":[{"count":0,"href":"https:\/\/arteeluoghi.it\/index.php\/wp-json\/wp\/v2\/posts\/1634\/revisions"}],"wp:attachment":[{"href":"https:\/\/arteeluoghi.it\/index.php\/wp-json\/wp\/v2\/media?parent=1634"}],"wp:term":[{"taxonomy":"category","embeddable":true,"href":"https:\/\/arteeluoghi.it\/index.php\/wp-json\/wp\/v2\/categories?post=1634"},{"taxonomy":"post_tag","embeddable":true,"href":"https:\/\/arteeluoghi.it\/index.php\/wp-json\/wp\/v2\/tags?post=1634"}],"curies":[{"name":"wp","href":"https:\/\/api.w.org\/{rel}","templated":true}]}}