{"id":16428,"date":"2025-12-08T11:34:08","date_gmt":"2025-12-08T10:34:08","guid":{"rendered":"https:\/\/arteeluoghi.it\/?p=16428"},"modified":"2025-12-08T15:34:15","modified_gmt":"2025-12-08T14:34:15","slug":"16428","status":"publish","type":"post","link":"https:\/\/arteeluoghi.it\/index.php\/2025\/12\/08\/16428\/","title":{"rendered":"Fearless Five. Al teatro comunale di Corato arriva il jazz di Enrico Rava"},"content":{"rendered":"\n<p><\/p>\n\n\n\n<blockquote class=\"wp-block-quote is-style-default\"><p>Gioved\u00ec&nbsp;<strong>11 dicembre 2025<\/strong>, alle ore&nbsp;<strong>20.30<\/strong>, il&nbsp;<strong>Teatro Comunale di Corato<\/strong>&nbsp;accoglie uno dei nomi pi\u00f9 autorevoli del jazz europeo:&nbsp;<strong>Enrico Rava<\/strong>, maestro della tromba e del flicorno, punto di riferimento assoluto della scena jazzistica internazionale.<\/p><\/blockquote>\n\n\n\n<p>\u00c8 il jazzista italiano tra i pi\u00f9 autorevoli della scena jazzistica internazionale e sar\u00e0 il protagonista di un imperdibile concerto a <strong>Corato<\/strong> gioved\u00ec <strong>11 dicembre 2025<\/strong> (con inizio alle 20:30). <strong>Enrico Rava<\/strong> (foto Roberto Cifarelli), maestro della tromba e del flicorno, salir\u00e0 sul palco del <strong>Teatro Comunale di Corato<\/strong> con il progetto <strong>\u201cFearless Five\u201d<\/strong>: un quintetto dal respiro contemporaneo, in cui l\u2019esperienza del maestro dialoga con l\u2019energia, l\u2019inventiva e il rischio creativo delle nuove generazioni.  <\/p>\n\n\n\n<!--more-->\n\n\n\n<div class=\"wp-block-image\"><figure class=\"alignleft size-large is-resized\"><img loading=\"lazy\" src=\"https:\/\/arteeluoghi.it\/wp-content\/uploads\/2025\/12\/Enrico_Rava_Roberto_Cifarelli.png\" alt=\"\" class=\"wp-image-16437\" width=\"588\" height=\"671\" srcset=\"https:\/\/arteeluoghi.it\/wp-content\/uploads\/2025\/12\/Enrico_Rava_Roberto_Cifarelli.png 756w, https:\/\/arteeluoghi.it\/wp-content\/uploads\/2025\/12\/Enrico_Rava_Roberto_Cifarelli-263x300.png 263w\" sizes=\"(max-width: 588px) 100vw, 588px\" \/><figcaption>Enrico Rava, foto di Giorgio Luzi<\/figcaption><\/figure><\/div>\n\n\n\n<p><\/p>\n\n\n\n<p>Nato a Trieste nel 1939 da una famiglia piemontese, <strong>Enrico Rava<\/strong> \u00e8 cresciuto a Torino dove inizia da autodidatta a suonare il trombone &nbsp;in bande&nbsp;<em>dixieland<\/em>. Nei primi anni Sessanta si trasferisce a Roma, dove inizia a collaborare con Gato Barbieri, con cui registra la colonna sonora scritta da Piero Umiliani per il film &#8220;Una bella grinta&#8221; diretto da Giuliano Montaldo,  e con Steve Lacy  con cui suona  in un quartetto e si trasferisce per qualche tempo in Argentina dove registra nel 1966&nbsp;<em>The Forest and the Zoo<\/em>, considerato uno dei dieci dischi essenziali del&nbsp;<em>free jazz<\/em>. Poi dal 1967 approda a New York  ed \u00e8 davvero lungo l&#8217;elenco dei dei musicisti italiani, europei, americani con i quali ha collaborato: Franco D\u2019Andrea, Massimo Urbani, Stefano Bollani, Joe Henderson, John Abercrombie, Pat Metheny, Archie Shepp, Miroslav Vitous, Daniel Humair, Michel Petrucciani, Charlie Mariano, Joe Lovano, Albert Mangelsdorff, Dino Saluzzi, Richard Gallliano, Martial Solal, Steve Lacy, Mark Tuner, John Scofield &#8230;<\/p>\n\n\n\n<p>Ha tenuto concerti e tour che lo hanno portato negli Usa, Giappone, Canada, Europa, Brasile, Argentina, Uruguay partecipando a importanti Festival (Montreal, Toronto, Houston, Los Angeles, Perugia, Antibes, Berlino, Parigi, Tokyo, Rio e Sao Paulo solo per citarne alcune e non si contano i riconoscimenti ottenuti nella sua lunga e brillante carriera, pi\u00f9 volte acclamato miglior musicista nel referendum annuale della rivista \u201cMusica Jazz\u201d, risultando vincitore anche nelle categorie \u201cmiglior gruppo\u201d e \u201cmiglior disco italiano\u201d, nel 2002 ha anche ricevuto il prestigioso \u201cJazzpar Prize\u201d a Copenhagen e tra le nomine spiccano quelle di \u201cCavaliere delle Arti e delle Lettere\u201d dal Ministro della Cultura Francese e di Doctor in Music Honoris Causa presso la Berklee School of Music di Boston e nel 2018 l&#8217;onorificenza di Cavaliere dell&#8217;Ordine al Merito della Repubblica Italiana. <\/p>\n\n\n\n<div class=\"wp-block-image\"><figure class=\"alignright size-large is-resized\"><img loading=\"lazy\" src=\"https:\/\/arteeluoghi.it\/wp-content\/uploads\/2025\/12\/locandina-ENRICO-RAVA-Fearless-Five-819x1024.jpg\" alt=\"\" class=\"wp-image-16438\" width=\"469\" height=\"586\" srcset=\"https:\/\/arteeluoghi.it\/wp-content\/uploads\/2025\/12\/locandina-ENRICO-RAVA-Fearless-Five-819x1024.jpg 819w, https:\/\/arteeluoghi.it\/wp-content\/uploads\/2025\/12\/locandina-ENRICO-RAVA-Fearless-Five-240x300.jpg 240w, https:\/\/arteeluoghi.it\/wp-content\/uploads\/2025\/12\/locandina-ENRICO-RAVA-Fearless-Five-768x960.jpg 768w, https:\/\/arteeluoghi.it\/wp-content\/uploads\/2025\/12\/locandina-ENRICO-RAVA-Fearless-Five-1229x1536.jpg 1229w, https:\/\/arteeluoghi.it\/wp-content\/uploads\/2025\/12\/locandina-ENRICO-RAVA-Fearless-Five-1638x2048.jpg 1638w, https:\/\/arteeluoghi.it\/wp-content\/uploads\/2025\/12\/locandina-ENRICO-RAVA-Fearless-Five-scaled.jpg 2048w\" sizes=\"(max-width: 469px) 100vw, 469px\" \/><\/figure><\/div>\n\n\n\n<p>Con il suo progetto \u201c<strong>Fearless Five<\/strong>\u201d   ovvero i cinque senza paura \u2013 \u00e8 accompagnato da <strong>Matteo Paggi<\/strong> al trombone, <strong>Francesco Diodati <\/strong>alle chitarre, <strong>Francesco Ponticelli<\/strong> al contrabbasso e <strong>Evita Polidoro<\/strong> voce e batteria, talentuosi giovani musicisti del panorama jazzistico nazionale con cui d\u00e0 vita ad un vero laboratorio fatto di contaminazioni, in continua trasformazione, dove l\u2019improvvisazione diventa linguaggio, tensione poetica, ascolto reciproco, grandissima libert\u00e0 e rispetto nello spirito pi\u00f9 autentico del jazz.<\/p>\n\n\n\n<p>Sul palco, il suono caldo e inconfondibile di Rava guida e al tempo stesso si lascia provocare dai suoi compagni di viaggio, in una musica che rifiuta ogni automatismo e sceglie, ogni sera, di nascere da capo in un suggestivo ed emozionante viaggio sonoro dove atmosfere rarefatte all\u2019improvviso si accendono in esplosioni ritmiche, tra rimandi alla grande tradizione jazz e uno sguardo sempre rivolto al futuro.  <\/p>\n\n\n\n<p>L&#8217;evento, organizzato dall\u2019<strong>Associazione Culturale Art Promotion, <\/strong>si inserisce nel percorso di <strong>GustoJazz<\/strong>, il Festival musicale che da anni valorizza il territorio di Corato attraverso grandi nomi della scena jazzistica internazionale, con un&#8217;offerta culturale consapevolmente orientata verso innovazione e qualit\u00e0 artistica. <\/p>\n\n\n\n<p>Gi\u00e0 disponibili i biglietti last minute (18\u20ac) per il concerto <strong>fuori abbonamento<\/strong> ma in programma all\u2019interno della rassegna&nbsp;<strong>\u201cLa Grammatica delle abitudini\u201d<\/strong>, la stagione teatrale, musicale e di danza del <strong>Comune di Corato<\/strong> in collaborazione con <strong>Puglia Culture<\/strong>. (an.fu.)<\/p>\n\n\n\n<p><\/p>\n\n\n\n<p> <\/p>\n\n\n\n<p><strong>BIGLIETTO LAST MINUTE&nbsp;\u20ac 18<\/strong><br>IL BIGLIETTO LAST MINUTE&nbsp;\u00e8 disponibile:<\/p>\n\n\n\n<ul><li>online su&nbsp;<strong>vivaticket.it<\/strong><\/li><li>in tutti i punti vendita&nbsp;<strong>Vivaticket<\/strong><\/li><li>presso la&nbsp;<strong>biglietteria<\/strong>&nbsp;situata nel palazzo di fronte al Teatro Comunale di Corato (Piazza Marconi \u2013 tel.&nbsp;<strong>351 4385425<\/strong>) nei seguenti giorni e orari:<ul><li>luned\u00ec, marted\u00ec, gioved\u00ec e venerd\u00ec dalle&nbsp;<strong>17.00 alle 19.00<\/strong><\/li><\/ul><ul><li>mercoled\u00ec e sabato dalle&nbsp;<strong>10.30 alle 12.30<\/strong>.<\/li><\/ul><\/li><\/ul>\n","protected":false},"excerpt":{"rendered":"<p>Gioved\u00ec&nbsp;11 dicembre 2025, alle ore&nbsp;20.30, il&nbsp;Teatro Comunale di Corato&nbsp;accoglie uno dei nomi pi\u00f9 autorevoli del jazz europeo:&nbsp;Enrico Rava, maestro della<\/p>\n","protected":false},"author":1,"featured_media":16439,"comment_status":"open","ping_status":"open","sticky":false,"template":"","format":"standard","meta":[],"categories":[12],"tags":[6982,4154,6974,6979,6975,6977,6978,6980,790,6981,6976],"yoast_head":"<!-- This site is optimized with the Yoast SEO plugin v18.0 - https:\/\/yoast.com\/wordpress\/plugins\/seo\/ -->\n<title>Fearless Five. Al teatro comunale di Corato arriva il jazz di Enrico Rava | Arte e Luoghi<\/title>\n<meta name=\"robots\" content=\"index, follow, max-snippet:-1, max-image-preview:large, max-video-preview:-1\" \/>\n<link rel=\"canonical\" href=\"https:\/\/arteeluoghi.it\/index.php\/2025\/12\/08\/16428\/\" \/>\n<meta property=\"og:locale\" content=\"it_IT\" \/>\n<meta property=\"og:type\" content=\"article\" \/>\n<meta property=\"og:title\" content=\"Fearless Five. Al teatro comunale di Corato arriva il jazz di Enrico Rava | Arte e Luoghi\" \/>\n<meta property=\"og:description\" content=\"Gioved\u00ec&nbsp;11 dicembre 2025, alle ore&nbsp;20.30, il&nbsp;Teatro Comunale di Corato&nbsp;accoglie uno dei nomi pi\u00f9 autorevoli del jazz europeo:&nbsp;Enrico Rava, maestro della\" \/>\n<meta property=\"og:url\" content=\"https:\/\/arteeluoghi.it\/index.php\/2025\/12\/08\/16428\/\" \/>\n<meta property=\"og:site_name\" content=\"Arte e Luoghi\" \/>\n<meta property=\"article:publisher\" content=\"https:\/\/www.facebook.com\/ArteELuoghi\/\" \/>\n<meta property=\"article:published_time\" content=\"2025-12-08T10:34:08+00:00\" \/>\n<meta property=\"article:modified_time\" content=\"2025-12-08T14:34:15+00:00\" \/>\n<meta property=\"og:image\" content=\"https:\/\/arteeluoghi.it\/wp-content\/uploads\/2025\/12\/Enrico_Rava_PH_Giorgio_Luzi-scaled.jpg\" \/>\n\t<meta property=\"og:image:width\" content=\"2560\" \/>\n\t<meta property=\"og:image:height\" content=\"1920\" \/>\n\t<meta property=\"og:image:type\" content=\"image\/jpeg\" \/>\n<meta name=\"twitter:card\" content=\"summary\" \/>\n<meta name=\"twitter:creator\" content=\"@arteeluoghi\" \/>\n<meta name=\"twitter:site\" content=\"@arteeluoghi\" \/>\n<meta name=\"twitter:label1\" content=\"Scritto da\" \/>\n\t<meta name=\"twitter:data1\" content=\"Staff\" \/>\n\t<meta name=\"twitter:label2\" content=\"Tempo di lettura stimato\" \/>\n\t<meta name=\"twitter:data2\" content=\"5 minuti\" \/>\n<script type=\"application\/ld+json\" class=\"yoast-schema-graph\">{\"@context\":\"https:\/\/schema.org\",\"@graph\":[{\"@type\":\"Organization\",\"@id\":\"https:\/\/arteeluoghi.it\/#organization\",\"name\":\"Arte e Luoghi\",\"url\":\"https:\/\/arteeluoghi.it\/\",\"sameAs\":[\"https:\/\/www.facebook.com\/ArteELuoghi\/\",\"https:\/\/www.instagram.com\/arteeluoghi\/?hl=it\",\"https:\/\/www.youtube.com\/channel\/UCuRVc4JW4-C5sg9rQB-srkw?view_as=subscriber\",\"https:\/\/twitter.com\/arteeluoghi\"],\"logo\":{\"@type\":\"ImageObject\",\"@id\":\"https:\/\/arteeluoghi.it\/#logo\",\"inLanguage\":\"it-IT\",\"url\":\"https:\/\/arteeluoghi.it\/wp-content\/uploads\/2018\/08\/logoinstagramarte.jpg\",\"contentUrl\":\"https:\/\/arteeluoghi.it\/wp-content\/uploads\/2018\/08\/logoinstagramarte.jpg\",\"width\":150,\"height\":150,\"caption\":\"Arte e Luoghi\"},\"image\":{\"@id\":\"https:\/\/arteeluoghi.it\/#logo\"}},{\"@type\":\"WebSite\",\"@id\":\"https:\/\/arteeluoghi.it\/#website\",\"url\":\"https:\/\/arteeluoghi.it\/\",\"name\":\"Arte e Luoghi\",\"description\":\"Mensile di arte, cultura, turismo e curiosit\u00e0\",\"publisher\":{\"@id\":\"https:\/\/arteeluoghi.it\/#organization\"},\"potentialAction\":[{\"@type\":\"SearchAction\",\"target\":{\"@type\":\"EntryPoint\",\"urlTemplate\":\"https:\/\/arteeluoghi.it\/?s={search_term_string}\"},\"query-input\":\"required name=search_term_string\"}],\"inLanguage\":\"it-IT\"},{\"@type\":\"ImageObject\",\"@id\":\"https:\/\/arteeluoghi.it\/index.php\/2025\/12\/08\/16428\/#primaryimage\",\"inLanguage\":\"it-IT\",\"url\":\"https:\/\/arteeluoghi.it\/wp-content\/uploads\/2025\/12\/Enrico_Rava_PH_Giorgio_Luzi-scaled.jpg\",\"contentUrl\":\"https:\/\/arteeluoghi.it\/wp-content\/uploads\/2025\/12\/Enrico_Rava_PH_Giorgio_Luzi-scaled.jpg\",\"width\":2560,\"height\":1920},{\"@type\":\"WebPage\",\"@id\":\"https:\/\/arteeluoghi.it\/index.php\/2025\/12\/08\/16428\/#webpage\",\"url\":\"https:\/\/arteeluoghi.it\/index.php\/2025\/12\/08\/16428\/\",\"name\":\"Fearless Five. Al teatro comunale di Corato arriva il jazz di Enrico Rava | Arte e Luoghi\",\"isPartOf\":{\"@id\":\"https:\/\/arteeluoghi.it\/#website\"},\"primaryImageOfPage\":{\"@id\":\"https:\/\/arteeluoghi.it\/index.php\/2025\/12\/08\/16428\/#primaryimage\"},\"datePublished\":\"2025-12-08T10:34:08+00:00\",\"dateModified\":\"2025-12-08T14:34:15+00:00\",\"breadcrumb\":{\"@id\":\"https:\/\/arteeluoghi.it\/index.php\/2025\/12\/08\/16428\/#breadcrumb\"},\"inLanguage\":\"it-IT\",\"potentialAction\":[{\"@type\":\"ReadAction\",\"target\":[\"https:\/\/arteeluoghi.it\/index.php\/2025\/12\/08\/16428\/\"]}]},{\"@type\":\"BreadcrumbList\",\"@id\":\"https:\/\/arteeluoghi.it\/index.php\/2025\/12\/08\/16428\/#breadcrumb\",\"itemListElement\":[{\"@type\":\"ListItem\",\"position\":1,\"name\":\"Home\",\"item\":\"https:\/\/arteeluoghi.it\/\"},{\"@type\":\"ListItem\",\"position\":2,\"name\":\"Fearless Five. Al teatro comunale di Corato arriva il jazz di Enrico Rava\"}]},{\"@type\":\"Article\",\"@id\":\"https:\/\/arteeluoghi.it\/index.php\/2025\/12\/08\/16428\/#article\",\"isPartOf\":{\"@id\":\"https:\/\/arteeluoghi.it\/index.php\/2025\/12\/08\/16428\/#webpage\"},\"author\":{\"@id\":\"https:\/\/arteeluoghi.it\/#\/schema\/person\/f84e814e36e91e01448ee07eaadd41d4\"},\"headline\":\"Fearless Five. Al teatro comunale di Corato arriva il jazz di Enrico Rava\",\"datePublished\":\"2025-12-08T10:34:08+00:00\",\"dateModified\":\"2025-12-08T14:34:15+00:00\",\"mainEntityOfPage\":{\"@id\":\"https:\/\/arteeluoghi.it\/index.php\/2025\/12\/08\/16428\/#webpage\"},\"wordCount\":697,\"commentCount\":0,\"publisher\":{\"@id\":\"https:\/\/arteeluoghi.it\/#organization\"},\"image\":{\"@id\":\"https:\/\/arteeluoghi.it\/index.php\/2025\/12\/08\/16428\/#primaryimage\"},\"thumbnailUrl\":\"https:\/\/arteeluoghi.it\/wp-content\/uploads\/2025\/12\/Enrico_Rava_PH_Giorgio_Luzi-scaled.jpg\",\"keywords\":[\"Associazione Culturale Art Promotion\",\"Corato\",\"Enrico Rava\",\"Evita Polidoro\",\"Fearless Five\",\"Francesco Diodati\",\"Francesco Ponticelli\",\"GustoJazz\",\"Jazz\",\"La Grammatica delle abitudini\",\"Matteo Paggi\"],\"articleSection\":[\"MUSICA\"],\"inLanguage\":\"it-IT\",\"potentialAction\":[{\"@type\":\"CommentAction\",\"name\":\"Comment\",\"target\":[\"https:\/\/arteeluoghi.it\/index.php\/2025\/12\/08\/16428\/#respond\"]}]},{\"@type\":\"Person\",\"@id\":\"https:\/\/arteeluoghi.it\/#\/schema\/person\/f84e814e36e91e01448ee07eaadd41d4\",\"name\":\"Staff\",\"image\":{\"@type\":\"ImageObject\",\"@id\":\"https:\/\/arteeluoghi.it\/#personlogo\",\"inLanguage\":\"it-IT\",\"url\":\"https:\/\/secure.gravatar.com\/avatar\/49d2f9e46271bb04e19cebfaf141313a?s=96&d=blank&r=g\",\"contentUrl\":\"https:\/\/secure.gravatar.com\/avatar\/49d2f9e46271bb04e19cebfaf141313a?s=96&d=blank&r=g\",\"caption\":\"Staff\"}}]}<\/script>\n<!-- \/ Yoast SEO plugin. -->","yoast_head_json":{"title":"Fearless Five. Al teatro comunale di Corato arriva il jazz di Enrico Rava | Arte e Luoghi","robots":{"index":"index","follow":"follow","max-snippet":"max-snippet:-1","max-image-preview":"max-image-preview:large","max-video-preview":"max-video-preview:-1"},"canonical":"https:\/\/arteeluoghi.it\/index.php\/2025\/12\/08\/16428\/","og_locale":"it_IT","og_type":"article","og_title":"Fearless Five. Al teatro comunale di Corato arriva il jazz di Enrico Rava | Arte e Luoghi","og_description":"Gioved\u00ec&nbsp;11 dicembre 2025, alle ore&nbsp;20.30, il&nbsp;Teatro Comunale di Corato&nbsp;accoglie uno dei nomi pi\u00f9 autorevoli del jazz europeo:&nbsp;Enrico Rava, maestro della","og_url":"https:\/\/arteeluoghi.it\/index.php\/2025\/12\/08\/16428\/","og_site_name":"Arte e Luoghi","article_publisher":"https:\/\/www.facebook.com\/ArteELuoghi\/","article_published_time":"2025-12-08T10:34:08+00:00","article_modified_time":"2025-12-08T14:34:15+00:00","og_image":[{"width":2560,"height":1920,"url":"https:\/\/arteeluoghi.it\/wp-content\/uploads\/2025\/12\/Enrico_Rava_PH_Giorgio_Luzi-scaled.jpg","type":"image\/jpeg"}],"twitter_card":"summary","twitter_creator":"@arteeluoghi","twitter_site":"@arteeluoghi","twitter_misc":{"Scritto da":"Staff","Tempo di lettura stimato":"5 minuti"},"schema":{"@context":"https:\/\/schema.org","@graph":[{"@type":"Organization","@id":"https:\/\/arteeluoghi.it\/#organization","name":"Arte e Luoghi","url":"https:\/\/arteeluoghi.it\/","sameAs":["https:\/\/www.facebook.com\/ArteELuoghi\/","https:\/\/www.instagram.com\/arteeluoghi\/?hl=it","https:\/\/www.youtube.com\/channel\/UCuRVc4JW4-C5sg9rQB-srkw?view_as=subscriber","https:\/\/twitter.com\/arteeluoghi"],"logo":{"@type":"ImageObject","@id":"https:\/\/arteeluoghi.it\/#logo","inLanguage":"it-IT","url":"https:\/\/arteeluoghi.it\/wp-content\/uploads\/2018\/08\/logoinstagramarte.jpg","contentUrl":"https:\/\/arteeluoghi.it\/wp-content\/uploads\/2018\/08\/logoinstagramarte.jpg","width":150,"height":150,"caption":"Arte e Luoghi"},"image":{"@id":"https:\/\/arteeluoghi.it\/#logo"}},{"@type":"WebSite","@id":"https:\/\/arteeluoghi.it\/#website","url":"https:\/\/arteeluoghi.it\/","name":"Arte e Luoghi","description":"Mensile di arte, cultura, turismo e curiosit\u00e0","publisher":{"@id":"https:\/\/arteeluoghi.it\/#organization"},"potentialAction":[{"@type":"SearchAction","target":{"@type":"EntryPoint","urlTemplate":"https:\/\/arteeluoghi.it\/?s={search_term_string}"},"query-input":"required name=search_term_string"}],"inLanguage":"it-IT"},{"@type":"ImageObject","@id":"https:\/\/arteeluoghi.it\/index.php\/2025\/12\/08\/16428\/#primaryimage","inLanguage":"it-IT","url":"https:\/\/arteeluoghi.it\/wp-content\/uploads\/2025\/12\/Enrico_Rava_PH_Giorgio_Luzi-scaled.jpg","contentUrl":"https:\/\/arteeluoghi.it\/wp-content\/uploads\/2025\/12\/Enrico_Rava_PH_Giorgio_Luzi-scaled.jpg","width":2560,"height":1920},{"@type":"WebPage","@id":"https:\/\/arteeluoghi.it\/index.php\/2025\/12\/08\/16428\/#webpage","url":"https:\/\/arteeluoghi.it\/index.php\/2025\/12\/08\/16428\/","name":"Fearless Five. Al teatro comunale di Corato arriva il jazz di Enrico Rava | Arte e Luoghi","isPartOf":{"@id":"https:\/\/arteeluoghi.it\/#website"},"primaryImageOfPage":{"@id":"https:\/\/arteeluoghi.it\/index.php\/2025\/12\/08\/16428\/#primaryimage"},"datePublished":"2025-12-08T10:34:08+00:00","dateModified":"2025-12-08T14:34:15+00:00","breadcrumb":{"@id":"https:\/\/arteeluoghi.it\/index.php\/2025\/12\/08\/16428\/#breadcrumb"},"inLanguage":"it-IT","potentialAction":[{"@type":"ReadAction","target":["https:\/\/arteeluoghi.it\/index.php\/2025\/12\/08\/16428\/"]}]},{"@type":"BreadcrumbList","@id":"https:\/\/arteeluoghi.it\/index.php\/2025\/12\/08\/16428\/#breadcrumb","itemListElement":[{"@type":"ListItem","position":1,"name":"Home","item":"https:\/\/arteeluoghi.it\/"},{"@type":"ListItem","position":2,"name":"Fearless Five. Al teatro comunale di Corato arriva il jazz di Enrico Rava"}]},{"@type":"Article","@id":"https:\/\/arteeluoghi.it\/index.php\/2025\/12\/08\/16428\/#article","isPartOf":{"@id":"https:\/\/arteeluoghi.it\/index.php\/2025\/12\/08\/16428\/#webpage"},"author":{"@id":"https:\/\/arteeluoghi.it\/#\/schema\/person\/f84e814e36e91e01448ee07eaadd41d4"},"headline":"Fearless Five. Al teatro comunale di Corato arriva il jazz di Enrico Rava","datePublished":"2025-12-08T10:34:08+00:00","dateModified":"2025-12-08T14:34:15+00:00","mainEntityOfPage":{"@id":"https:\/\/arteeluoghi.it\/index.php\/2025\/12\/08\/16428\/#webpage"},"wordCount":697,"commentCount":0,"publisher":{"@id":"https:\/\/arteeluoghi.it\/#organization"},"image":{"@id":"https:\/\/arteeluoghi.it\/index.php\/2025\/12\/08\/16428\/#primaryimage"},"thumbnailUrl":"https:\/\/arteeluoghi.it\/wp-content\/uploads\/2025\/12\/Enrico_Rava_PH_Giorgio_Luzi-scaled.jpg","keywords":["Associazione Culturale Art Promotion","Corato","Enrico Rava","Evita Polidoro","Fearless Five","Francesco Diodati","Francesco Ponticelli","GustoJazz","Jazz","La Grammatica delle abitudini","Matteo Paggi"],"articleSection":["MUSICA"],"inLanguage":"it-IT","potentialAction":[{"@type":"CommentAction","name":"Comment","target":["https:\/\/arteeluoghi.it\/index.php\/2025\/12\/08\/16428\/#respond"]}]},{"@type":"Person","@id":"https:\/\/arteeluoghi.it\/#\/schema\/person\/f84e814e36e91e01448ee07eaadd41d4","name":"Staff","image":{"@type":"ImageObject","@id":"https:\/\/arteeluoghi.it\/#personlogo","inLanguage":"it-IT","url":"https:\/\/secure.gravatar.com\/avatar\/49d2f9e46271bb04e19cebfaf141313a?s=96&d=blank&r=g","contentUrl":"https:\/\/secure.gravatar.com\/avatar\/49d2f9e46271bb04e19cebfaf141313a?s=96&d=blank&r=g","caption":"Staff"}}]}},"_links":{"self":[{"href":"https:\/\/arteeluoghi.it\/index.php\/wp-json\/wp\/v2\/posts\/16428"}],"collection":[{"href":"https:\/\/arteeluoghi.it\/index.php\/wp-json\/wp\/v2\/posts"}],"about":[{"href":"https:\/\/arteeluoghi.it\/index.php\/wp-json\/wp\/v2\/types\/post"}],"author":[{"embeddable":true,"href":"https:\/\/arteeluoghi.it\/index.php\/wp-json\/wp\/v2\/users\/1"}],"replies":[{"embeddable":true,"href":"https:\/\/arteeluoghi.it\/index.php\/wp-json\/wp\/v2\/comments?post=16428"}],"version-history":[{"count":10,"href":"https:\/\/arteeluoghi.it\/index.php\/wp-json\/wp\/v2\/posts\/16428\/revisions"}],"predecessor-version":[{"id":16448,"href":"https:\/\/arteeluoghi.it\/index.php\/wp-json\/wp\/v2\/posts\/16428\/revisions\/16448"}],"wp:featuredmedia":[{"embeddable":true,"href":"https:\/\/arteeluoghi.it\/index.php\/wp-json\/wp\/v2\/media\/16439"}],"wp:attachment":[{"href":"https:\/\/arteeluoghi.it\/index.php\/wp-json\/wp\/v2\/media?parent=16428"}],"wp:term":[{"taxonomy":"category","embeddable":true,"href":"https:\/\/arteeluoghi.it\/index.php\/wp-json\/wp\/v2\/categories?post=16428"},{"taxonomy":"post_tag","embeddable":true,"href":"https:\/\/arteeluoghi.it\/index.php\/wp-json\/wp\/v2\/tags?post=16428"}],"curies":[{"name":"wp","href":"https:\/\/api.w.org\/{rel}","templated":true}]}}