{"id":1650,"date":"2014-04-10T16:21:07","date_gmt":"2014-04-10T14:21:07","guid":{"rendered":"http:\/\/arteeluoghi.it\/index.php\/2014\/04\/10\/carlo-cattaneo-e-lo-spirito-italiano\/"},"modified":"2014-04-10T16:21:07","modified_gmt":"2014-04-10T14:21:07","slug":"carlo-cattaneo-e-lo-spirito-italiano","status":"publish","type":"post","link":"https:\/\/arteeluoghi.it\/index.php\/2014\/04\/10\/carlo-cattaneo-e-lo-spirito-italiano\/","title":{"rendered":"Carlo Cattaneo e lo spirito italiano"},"content":{"rendered":"<p><img src=\"\/images\/cattaneo%20libro.jpeg\" border=\"0\" title=\"copertina del libro di Luca Meldonesi\" width=\"300\" style=\"margin: 21px; border: 1px solid black; float: left;\" \/>Venerd\u00ec 11 aprile 2014 nella Sala del Capitolo del Complesso Monumentale di San Domenico Maggiore a Napoli<\/p>\n<p><strong>Incontro con l&#8217;autore Luca Meldolesi<\/strong><\/p>\n<p><strong>\u00a0<\/strong><\/p>\n<p><strong>Venerd\u00ec 11 aprile 2014 alle ore 17.30,<\/strong> presso <strong>Sala del Capitolo del Complesso Monumentale di San Domenico Maggiore<\/strong> (vicolo San Domenico Maggiore 18 &#8211; Napoli) ci sar\u00e0 la presentazione dell&#8217;ultimo libro di Luca Meldolesi: &#8220;<strong>Carlo Cattaneo e lo spirito italiano<\/strong>&#8221; (edito da Rubbettino). <br \/> L&#8217;iniziativa, promossa dall&#8217;Assessorato alla Cultura ed al Turismo del Comune di Napoli e organizzata in collaborazione con l\u2019Associazione Pietrasanta Polo Culturale, Effedd\u00ec e la Fondazione Mezzogiorno Europa, si inserisce nell&#8217;ambito degli eventi del Forum Universale delle Culture &#8211; Napoli 2013.<\/p>\n<p>Dialogheranno con l&#8217;autore Gaetano Daniele (Assessore alla Cultura e al Turismo del Comune di Napoli), Valeria Aniello (Nucleo per la Valutazione e la Verifica degli Investimenti pubblici &#8211; Regione Campania), Luisa Pezone (Segretario generale &#8220;Fondazione Mezzogiorno Europa&#8221;), Paolo Caputo (Economista d&#8217;impresa, Effedd\u00ec), Roberto Celentano (Economista dello sviluppo, Effedd\u00ec). Moderer\u00e0 gli interventi Liliana B\u00e0culo (Prof.ssa Economia dello Sviluppo Universit\u00e0 Federico II di Napoli).<\/p>\n<p>  <!--more-->  <\/p>\n<p> &#8220;L&#8217;Europeo &#8211; ha scritto Carlo Cattaneo &#8211; Trov\u00f2 l&#8217;America e l&#8217;Australia in quello stato in cui pare che l&#8217;Asiatico trovasse l&#8217;Europa&#8221; dei tempi dei tempi. Eppure, come \u00e8 noto, le cose andarono diversamente, perch\u00e9 da noi nacque allora l&#8217;incivilimento italico, europeo, occidentale. Seguendo le orme della riflessione cattaneana (che parla in proposito di quaranta secoli) e confrontandole con le conoscenze attuali riguardo all&#8217;evoluzione antica di regioni e zone della nostra parte del mondo, questo libro esplora alcune radici della nostra civilizzazione e ne scopre la logica dell&#8217;associazione e della pluralit\u00e0, dell&#8217;ammansire la barbarie preservando l&#8217;indipendenza, del vivaio di citt\u00e0 generatrici di citt\u00e0, dell&#8217;interazione di cooperazione e di emulazione&#8230;<\/p>\n<p> \u00c8 un viaggio nel lontano passato motivato dalle esigenze dell&#8217;oggi. Esso suggerisce, infatti, di non perdersi d&#8217;animo, d&#8217;aguzzar l&#8217;ingegno, di puntare sull&#8217;autonomia e sulla libert\u00e0, di moltiplicare le iniziative, le capacit\u00e0 di direzione e le responsabilit\u00e0 di governante. E quindi di abbandonare il centralismo che ostacola la rinascita del Paese, e di avviare al suo posto un federalismo democratico che corrisponda all&#8217;unisono al meglio dell&#8217;esperienza internazionale, ed al meglio dello spirito italiano: d&#8217;ogni tempo.<\/p>\n<p> <strong>Luca Meldolesi<\/strong> (1939), economista, storico del pensiero, docente di politica economica, esperto di economia dello sviluppo, di Mezzogiorno e di funzionamento dello Stato, ha pubblicato tra l&#8217;altro per i Rubbettino: <em>Il giuoco degli d\u00e8i<\/em> (2006), <em>Federalismo democratico<\/em> (2010) e <em>Imparare a imparare<\/em> (2013).<br \/>\u00a0<\/p>\n<p>red. Arte e Luoghi<\/p>\n","protected":false},"excerpt":{"rendered":"<p>Venerd\u00ec 11 aprile 2014 nella Sala del Capitolo del Complesso Monumentale di San Domenico Maggiore a Napoli Incontro con l&#8217;autore<\/p>\n","protected":false},"author":1,"featured_media":0,"comment_status":"open","ping_status":"open","sticky":false,"template":"","format":"standard","meta":[],"categories":[17],"tags":[],"yoast_head":"<!-- This site is optimized with the Yoast SEO plugin v18.0 - https:\/\/yoast.com\/wordpress\/plugins\/seo\/ -->\n<title>Carlo Cattaneo e lo spirito italiano | Arte e Luoghi<\/title>\n<meta name=\"robots\" content=\"index, follow, max-snippet:-1, max-image-preview:large, max-video-preview:-1\" \/>\n<link rel=\"canonical\" href=\"https:\/\/arteeluoghi.it\/index.php\/2014\/04\/10\/carlo-cattaneo-e-lo-spirito-italiano\/\" \/>\n<meta property=\"og:locale\" content=\"it_IT\" \/>\n<meta property=\"og:type\" content=\"article\" \/>\n<meta property=\"og:title\" content=\"Carlo Cattaneo e lo spirito italiano | Arte e Luoghi\" \/>\n<meta property=\"og:description\" content=\"Venerd\u00ec 11 aprile 2014 nella Sala del Capitolo del Complesso Monumentale di San Domenico Maggiore a Napoli Incontro con l&#8217;autore\" \/>\n<meta property=\"og:url\" content=\"https:\/\/arteeluoghi.it\/index.php\/2014\/04\/10\/carlo-cattaneo-e-lo-spirito-italiano\/\" \/>\n<meta property=\"og:site_name\" content=\"Arte e Luoghi\" \/>\n<meta property=\"article:publisher\" content=\"https:\/\/www.facebook.com\/ArteELuoghi\/\" \/>\n<meta property=\"article:published_time\" content=\"2014-04-10T14:21:07+00:00\" \/>\n<meta property=\"og:image\" content=\"https:\/\/arteeluoghi.it\/images\/cattaneo%20libro.jpeg\" \/>\n<meta name=\"twitter:card\" content=\"summary\" \/>\n<meta name=\"twitter:creator\" content=\"@arteeluoghi\" \/>\n<meta name=\"twitter:site\" content=\"@arteeluoghi\" \/>\n<meta name=\"twitter:label1\" content=\"Scritto da\" \/>\n\t<meta name=\"twitter:data1\" content=\"Staff\" \/>\n\t<meta name=\"twitter:label2\" content=\"Tempo di lettura stimato\" \/>\n\t<meta name=\"twitter:data2\" content=\"2 minuti\" \/>\n<script type=\"application\/ld+json\" class=\"yoast-schema-graph\">{\"@context\":\"https:\/\/schema.org\",\"@graph\":[{\"@type\":\"Organization\",\"@id\":\"https:\/\/arteeluoghi.it\/#organization\",\"name\":\"Arte e Luoghi\",\"url\":\"https:\/\/arteeluoghi.it\/\",\"sameAs\":[\"https:\/\/www.facebook.com\/ArteELuoghi\/\",\"https:\/\/www.instagram.com\/arteeluoghi\/?hl=it\",\"https:\/\/www.youtube.com\/channel\/UCuRVc4JW4-C5sg9rQB-srkw?view_as=subscriber\",\"https:\/\/twitter.com\/arteeluoghi\"],\"logo\":{\"@type\":\"ImageObject\",\"@id\":\"https:\/\/arteeluoghi.it\/#logo\",\"inLanguage\":\"it-IT\",\"url\":\"https:\/\/arteeluoghi.it\/wp-content\/uploads\/2018\/08\/logoinstagramarte.jpg\",\"contentUrl\":\"https:\/\/arteeluoghi.it\/wp-content\/uploads\/2018\/08\/logoinstagramarte.jpg\",\"width\":150,\"height\":150,\"caption\":\"Arte e Luoghi\"},\"image\":{\"@id\":\"https:\/\/arteeluoghi.it\/#logo\"}},{\"@type\":\"WebSite\",\"@id\":\"https:\/\/arteeluoghi.it\/#website\",\"url\":\"https:\/\/arteeluoghi.it\/\",\"name\":\"Arte e Luoghi\",\"description\":\"Mensile di arte, cultura, turismo e curiosit\u00e0\",\"publisher\":{\"@id\":\"https:\/\/arteeluoghi.it\/#organization\"},\"potentialAction\":[{\"@type\":\"SearchAction\",\"target\":{\"@type\":\"EntryPoint\",\"urlTemplate\":\"https:\/\/arteeluoghi.it\/?s={search_term_string}\"},\"query-input\":\"required name=search_term_string\"}],\"inLanguage\":\"it-IT\"},{\"@type\":\"ImageObject\",\"@id\":\"https:\/\/arteeluoghi.it\/index.php\/2014\/04\/10\/carlo-cattaneo-e-lo-spirito-italiano\/#primaryimage\",\"inLanguage\":\"it-IT\",\"url\":\"\/images\/cattaneo%20libro.jpeg\",\"contentUrl\":\"\/images\/cattaneo%20libro.jpeg\"},{\"@type\":\"WebPage\",\"@id\":\"https:\/\/arteeluoghi.it\/index.php\/2014\/04\/10\/carlo-cattaneo-e-lo-spirito-italiano\/#webpage\",\"url\":\"https:\/\/arteeluoghi.it\/index.php\/2014\/04\/10\/carlo-cattaneo-e-lo-spirito-italiano\/\",\"name\":\"Carlo Cattaneo e lo spirito italiano | Arte e Luoghi\",\"isPartOf\":{\"@id\":\"https:\/\/arteeluoghi.it\/#website\"},\"primaryImageOfPage\":{\"@id\":\"https:\/\/arteeluoghi.it\/index.php\/2014\/04\/10\/carlo-cattaneo-e-lo-spirito-italiano\/#primaryimage\"},\"datePublished\":\"2014-04-10T14:21:07+00:00\",\"dateModified\":\"2014-04-10T14:21:07+00:00\",\"breadcrumb\":{\"@id\":\"https:\/\/arteeluoghi.it\/index.php\/2014\/04\/10\/carlo-cattaneo-e-lo-spirito-italiano\/#breadcrumb\"},\"inLanguage\":\"it-IT\",\"potentialAction\":[{\"@type\":\"ReadAction\",\"target\":[\"https:\/\/arteeluoghi.it\/index.php\/2014\/04\/10\/carlo-cattaneo-e-lo-spirito-italiano\/\"]}]},{\"@type\":\"BreadcrumbList\",\"@id\":\"https:\/\/arteeluoghi.it\/index.php\/2014\/04\/10\/carlo-cattaneo-e-lo-spirito-italiano\/#breadcrumb\",\"itemListElement\":[{\"@type\":\"ListItem\",\"position\":1,\"name\":\"Home\",\"item\":\"https:\/\/arteeluoghi.it\/\"},{\"@type\":\"ListItem\",\"position\":2,\"name\":\"Carlo Cattaneo e lo spirito italiano\"}]},{\"@type\":\"Article\",\"@id\":\"https:\/\/arteeluoghi.it\/index.php\/2014\/04\/10\/carlo-cattaneo-e-lo-spirito-italiano\/#article\",\"isPartOf\":{\"@id\":\"https:\/\/arteeluoghi.it\/index.php\/2014\/04\/10\/carlo-cattaneo-e-lo-spirito-italiano\/#webpage\"},\"author\":{\"@id\":\"https:\/\/arteeluoghi.it\/#\/schema\/person\/f84e814e36e91e01448ee07eaadd41d4\"},\"headline\":\"Carlo Cattaneo e lo spirito italiano\",\"datePublished\":\"2014-04-10T14:21:07+00:00\",\"dateModified\":\"2014-04-10T14:21:07+00:00\",\"mainEntityOfPage\":{\"@id\":\"https:\/\/arteeluoghi.it\/index.php\/2014\/04\/10\/carlo-cattaneo-e-lo-spirito-italiano\/#webpage\"},\"wordCount\":393,\"commentCount\":0,\"publisher\":{\"@id\":\"https:\/\/arteeluoghi.it\/#organization\"},\"image\":{\"@id\":\"https:\/\/arteeluoghi.it\/index.php\/2014\/04\/10\/carlo-cattaneo-e-lo-spirito-italiano\/#primaryimage\"},\"thumbnailUrl\":\"\/images\/cattaneo%20libro.jpeg\",\"articleSection\":[\"LIBRI\"],\"inLanguage\":\"it-IT\",\"potentialAction\":[{\"@type\":\"CommentAction\",\"name\":\"Comment\",\"target\":[\"https:\/\/arteeluoghi.it\/index.php\/2014\/04\/10\/carlo-cattaneo-e-lo-spirito-italiano\/#respond\"]}]},{\"@type\":\"Person\",\"@id\":\"https:\/\/arteeluoghi.it\/#\/schema\/person\/f84e814e36e91e01448ee07eaadd41d4\",\"name\":\"Staff\",\"image\":{\"@type\":\"ImageObject\",\"@id\":\"https:\/\/arteeluoghi.it\/#personlogo\",\"inLanguage\":\"it-IT\",\"url\":\"https:\/\/secure.gravatar.com\/avatar\/49d2f9e46271bb04e19cebfaf141313a?s=96&d=blank&r=g\",\"contentUrl\":\"https:\/\/secure.gravatar.com\/avatar\/49d2f9e46271bb04e19cebfaf141313a?s=96&d=blank&r=g\",\"caption\":\"Staff\"}}]}<\/script>\n<!-- \/ Yoast SEO plugin. -->","yoast_head_json":{"title":"Carlo Cattaneo e lo spirito italiano | Arte e Luoghi","robots":{"index":"index","follow":"follow","max-snippet":"max-snippet:-1","max-image-preview":"max-image-preview:large","max-video-preview":"max-video-preview:-1"},"canonical":"https:\/\/arteeluoghi.it\/index.php\/2014\/04\/10\/carlo-cattaneo-e-lo-spirito-italiano\/","og_locale":"it_IT","og_type":"article","og_title":"Carlo Cattaneo e lo spirito italiano | Arte e Luoghi","og_description":"Venerd\u00ec 11 aprile 2014 nella Sala del Capitolo del Complesso Monumentale di San Domenico Maggiore a Napoli Incontro con l&#8217;autore","og_url":"https:\/\/arteeluoghi.it\/index.php\/2014\/04\/10\/carlo-cattaneo-e-lo-spirito-italiano\/","og_site_name":"Arte e Luoghi","article_publisher":"https:\/\/www.facebook.com\/ArteELuoghi\/","article_published_time":"2014-04-10T14:21:07+00:00","og_image":[{"url":"https:\/\/arteeluoghi.it\/images\/cattaneo%20libro.jpeg"}],"twitter_card":"summary","twitter_creator":"@arteeluoghi","twitter_site":"@arteeluoghi","twitter_misc":{"Scritto da":"Staff","Tempo di lettura stimato":"2 minuti"},"schema":{"@context":"https:\/\/schema.org","@graph":[{"@type":"Organization","@id":"https:\/\/arteeluoghi.it\/#organization","name":"Arte e Luoghi","url":"https:\/\/arteeluoghi.it\/","sameAs":["https:\/\/www.facebook.com\/ArteELuoghi\/","https:\/\/www.instagram.com\/arteeluoghi\/?hl=it","https:\/\/www.youtube.com\/channel\/UCuRVc4JW4-C5sg9rQB-srkw?view_as=subscriber","https:\/\/twitter.com\/arteeluoghi"],"logo":{"@type":"ImageObject","@id":"https:\/\/arteeluoghi.it\/#logo","inLanguage":"it-IT","url":"https:\/\/arteeluoghi.it\/wp-content\/uploads\/2018\/08\/logoinstagramarte.jpg","contentUrl":"https:\/\/arteeluoghi.it\/wp-content\/uploads\/2018\/08\/logoinstagramarte.jpg","width":150,"height":150,"caption":"Arte e Luoghi"},"image":{"@id":"https:\/\/arteeluoghi.it\/#logo"}},{"@type":"WebSite","@id":"https:\/\/arteeluoghi.it\/#website","url":"https:\/\/arteeluoghi.it\/","name":"Arte e Luoghi","description":"Mensile di arte, cultura, turismo e curiosit\u00e0","publisher":{"@id":"https:\/\/arteeluoghi.it\/#organization"},"potentialAction":[{"@type":"SearchAction","target":{"@type":"EntryPoint","urlTemplate":"https:\/\/arteeluoghi.it\/?s={search_term_string}"},"query-input":"required name=search_term_string"}],"inLanguage":"it-IT"},{"@type":"ImageObject","@id":"https:\/\/arteeluoghi.it\/index.php\/2014\/04\/10\/carlo-cattaneo-e-lo-spirito-italiano\/#primaryimage","inLanguage":"it-IT","url":"\/images\/cattaneo%20libro.jpeg","contentUrl":"\/images\/cattaneo%20libro.jpeg"},{"@type":"WebPage","@id":"https:\/\/arteeluoghi.it\/index.php\/2014\/04\/10\/carlo-cattaneo-e-lo-spirito-italiano\/#webpage","url":"https:\/\/arteeluoghi.it\/index.php\/2014\/04\/10\/carlo-cattaneo-e-lo-spirito-italiano\/","name":"Carlo Cattaneo e lo spirito italiano | Arte e Luoghi","isPartOf":{"@id":"https:\/\/arteeluoghi.it\/#website"},"primaryImageOfPage":{"@id":"https:\/\/arteeluoghi.it\/index.php\/2014\/04\/10\/carlo-cattaneo-e-lo-spirito-italiano\/#primaryimage"},"datePublished":"2014-04-10T14:21:07+00:00","dateModified":"2014-04-10T14:21:07+00:00","breadcrumb":{"@id":"https:\/\/arteeluoghi.it\/index.php\/2014\/04\/10\/carlo-cattaneo-e-lo-spirito-italiano\/#breadcrumb"},"inLanguage":"it-IT","potentialAction":[{"@type":"ReadAction","target":["https:\/\/arteeluoghi.it\/index.php\/2014\/04\/10\/carlo-cattaneo-e-lo-spirito-italiano\/"]}]},{"@type":"BreadcrumbList","@id":"https:\/\/arteeluoghi.it\/index.php\/2014\/04\/10\/carlo-cattaneo-e-lo-spirito-italiano\/#breadcrumb","itemListElement":[{"@type":"ListItem","position":1,"name":"Home","item":"https:\/\/arteeluoghi.it\/"},{"@type":"ListItem","position":2,"name":"Carlo Cattaneo e lo spirito italiano"}]},{"@type":"Article","@id":"https:\/\/arteeluoghi.it\/index.php\/2014\/04\/10\/carlo-cattaneo-e-lo-spirito-italiano\/#article","isPartOf":{"@id":"https:\/\/arteeluoghi.it\/index.php\/2014\/04\/10\/carlo-cattaneo-e-lo-spirito-italiano\/#webpage"},"author":{"@id":"https:\/\/arteeluoghi.it\/#\/schema\/person\/f84e814e36e91e01448ee07eaadd41d4"},"headline":"Carlo Cattaneo e lo spirito italiano","datePublished":"2014-04-10T14:21:07+00:00","dateModified":"2014-04-10T14:21:07+00:00","mainEntityOfPage":{"@id":"https:\/\/arteeluoghi.it\/index.php\/2014\/04\/10\/carlo-cattaneo-e-lo-spirito-italiano\/#webpage"},"wordCount":393,"commentCount":0,"publisher":{"@id":"https:\/\/arteeluoghi.it\/#organization"},"image":{"@id":"https:\/\/arteeluoghi.it\/index.php\/2014\/04\/10\/carlo-cattaneo-e-lo-spirito-italiano\/#primaryimage"},"thumbnailUrl":"\/images\/cattaneo%20libro.jpeg","articleSection":["LIBRI"],"inLanguage":"it-IT","potentialAction":[{"@type":"CommentAction","name":"Comment","target":["https:\/\/arteeluoghi.it\/index.php\/2014\/04\/10\/carlo-cattaneo-e-lo-spirito-italiano\/#respond"]}]},{"@type":"Person","@id":"https:\/\/arteeluoghi.it\/#\/schema\/person\/f84e814e36e91e01448ee07eaadd41d4","name":"Staff","image":{"@type":"ImageObject","@id":"https:\/\/arteeluoghi.it\/#personlogo","inLanguage":"it-IT","url":"https:\/\/secure.gravatar.com\/avatar\/49d2f9e46271bb04e19cebfaf141313a?s=96&d=blank&r=g","contentUrl":"https:\/\/secure.gravatar.com\/avatar\/49d2f9e46271bb04e19cebfaf141313a?s=96&d=blank&r=g","caption":"Staff"}}]}},"_links":{"self":[{"href":"https:\/\/arteeluoghi.it\/index.php\/wp-json\/wp\/v2\/posts\/1650"}],"collection":[{"href":"https:\/\/arteeluoghi.it\/index.php\/wp-json\/wp\/v2\/posts"}],"about":[{"href":"https:\/\/arteeluoghi.it\/index.php\/wp-json\/wp\/v2\/types\/post"}],"author":[{"embeddable":true,"href":"https:\/\/arteeluoghi.it\/index.php\/wp-json\/wp\/v2\/users\/1"}],"replies":[{"embeddable":true,"href":"https:\/\/arteeluoghi.it\/index.php\/wp-json\/wp\/v2\/comments?post=1650"}],"version-history":[{"count":0,"href":"https:\/\/arteeluoghi.it\/index.php\/wp-json\/wp\/v2\/posts\/1650\/revisions"}],"wp:attachment":[{"href":"https:\/\/arteeluoghi.it\/index.php\/wp-json\/wp\/v2\/media?parent=1650"}],"wp:term":[{"taxonomy":"category","embeddable":true,"href":"https:\/\/arteeluoghi.it\/index.php\/wp-json\/wp\/v2\/categories?post=1650"},{"taxonomy":"post_tag","embeddable":true,"href":"https:\/\/arteeluoghi.it\/index.php\/wp-json\/wp\/v2\/tags?post=1650"}],"curies":[{"name":"wp","href":"https:\/\/api.w.org\/{rel}","templated":true}]}}