{"id":1672,"date":"2014-04-26T21:57:43","date_gmt":"2014-04-26T19:57:43","guid":{"rendered":"http:\/\/arteeluoghi.it\/index.php\/2014\/04\/26\/sei-personaggi-rinchiusi-tral-e-pgine-di-un-libro\/"},"modified":"2014-04-26T21:57:43","modified_gmt":"2014-04-26T19:57:43","slug":"sei-personaggi-rinchiusi-tral-e-pgine-di-un-libro","status":"publish","type":"post","link":"https:\/\/arteeluoghi.it\/index.php\/2014\/04\/26\/sei-personaggi-rinchiusi-tral-e-pgine-di-un-libro\/","title":{"rendered":"Sei personaggi, sei storie. L&#8217;umanit\u00e0 in un romanzo"},"content":{"rendered":"<p><span style=\"font-size: small;\"><strong><img src=\"\/images\/cop-marrone.jpg\" border=\"0\" title=\"Il tessitore di vite, Titti Marrone, Mondadori\" width=\"250\" style=\"margin: 21px; float: left;\" \/><\/strong><\/span><\/p>\n<p><span style=\"font-size: small;\"><strong>Arte\/libri<br \/><\/strong><\/span><\/p>\n<p><span style=\"font-size: small;\"><strong>Titta Marrone e\u00a0 &#8220;Il tessitore di vite<\/strong><\/span><\/p>\n<p>di Antonio Spagnuolo<\/p>\n<p><em>\u00a0<\/em><\/p>\n<p>Ogni romanzo che ci accingiamo a leggere richiede sempre una diversa modalit\u00e0 di approccio, la quale si tramuta in un diverso modo di affrontare il libro in questione, giungendo quindi a far mutare di volta in volta l\u2019architettura del commento, fra accenti e modalit\u00e0 di registro che si adattano alla simbiosi tra scrittore e fruitore. Una posizione esclusivamente favorevole che possa tratteggiare ampiamente e delineare le tracce di una continua meditazione , o interrogazione , intorno alla storia principale che viene raccontata. Bisogna allora accostarsi con garbo ad ogni scrittura , specialmente se questa \u00e8 , come nel nostro caso questa sera , una scrittura adamantina , scorrevole, ricca di emozioni e di tratteggi, entro i quali l\u2019emozione e la sensibilit\u00e0 giocano in una disciplina culturale senza alcun dubbio privilegiata. Scrivere storie \u00e8 un modo di guardare dentro le finestre aperte, di indagare l\u2019umanit\u00e0 che vive al di l\u00e0 di queste, e di ritrovare quella parte di noi stessi dispersa altrove. Cos\u00ec in questo volume le storie di sei personaggi si intrecciano inaspettatamente per ricucire piano piano un tessuto narrativo che manitene sospesi per tutto il tragitto. \u00a0Conosciamo Titti Marrone da decenni , quale esperta giornalista del Mattino e feconda creatrice di saggi ed interviste per il teatro, la storia delle idee, la letteratura e la politica, e su altro versante attenta ricamatrice di alcuni volumi che hanno delineato il movimento contadino nella storia di Italia , le speranze di un post comunismo , gli intrighi dell\u2019amministrazione cittadina, le tristezze della \u201cShoah\u201d, proprio nel precedente volume edito da Laterza \u201cMeglio non sapere\u201d.<\/p>\n<p>  <!--more-->  <\/p>\n<p>Questo romanzo, che abbiamo fra le mani ora, nasce da una realt\u00e0 incontrata per caso , dopo la lettura di una semplice notizia di agenzia per una incredibile storia vera, capitata fra le mani dell\u2019autrice durante un normale giorno di lavoro in redazione. La notizia lascia lo scarno profilo dell\u2019annuncio di stampa e diventa storia , narrazione, vita . E\u2019 stato questo il pretesto per la stesura di un romanzo profondamente umano, in cui le vite di cinque persone diversissime fra loro si tessono assieme per un inatteso, quanto realmente accaduto, colpo di scena. Massimo, Lia , Caterina , Miranda e Riccardo vivono a Napoli e nulla sembra accostarli l\u2019uno all\u2019altro. Un antropologo pessimista e alquanto vanitoso, da poco separato dalla moglie e accanito inseguitore di\u00a0 giovani studentesse.<\/p>\n<p>Una giornalista che ha perso piano\u00a0 piano l\u2019ardore che la distingueva per la sua professione, una docente universitaria in sociologia, inasprita dalle difficolt\u00e0 quotidiane e dalla solitudine, una vedova triste nel suo aspetto perch\u00e9 non ha mai amato il suo compagno, ricco di notevole fortuna, e amareggiata per una figlia ribelle ed aggressiva, attualmente invaghita di un mezzo delinquente, ed un amico di Massimo, strenuamente impegnato alla conquista di sincera amicizia per gli altri. Inoltre un sesto personaggio, Pietro, manager di successo, con moglie bionda e biondissimi figli, che lascia Napoli per un lavoro milanese. Anche questa storia raccontata dalla Marrone si svolge, come l\u2019ultima di Maurizio De Giovanni che leggemmo Gioved\u00ec 13 febbraio, si svolge a Napoli , nella citt\u00e0 in quel tempo deturpata dai cumuli di rifiuti, che per lungi mesi deturparono il nostro panorama.<\/p>\n<p>La scrittrice cerca di allontanare la discontinuit\u00e0 che nasce tra immagini, colori , suoni , tempi , per rimodellare con delicatezza\u00a0 nella nostra memoria e nei nostri sentimenti il simbolo che si apre tra la realt\u00e0 e le singole stravaganze del quotidiano. In una intervista che si trova in internet ella dichiara di essersi avvicinata al romanzo per gradi. Il suo libro precedente, \u201c<a href=\"http:\/\/www.amazon.it\/Meglio-non-sapere-Titti-Marrone\/dp\/8842078883\/ref=sr_1_2?s=books&amp;ie=UTF8&amp;qid=1370394691&amp;sr=1-2&amp;keywords=titti+marrone\">Meglio non sapere<\/a>\u201d (Laterza, 2006) era ispirato alla storia vera di tre bambini nella Shoa, mantenuta all\u2019interno della formula del reportage narrativo, avendo scelto di rispettare fino in fondo lo spartito di sofferenze autentiche di persone vere, con ferite ancora aperte. Invece, ne \u201c<a href=\"http:\/\/www.amazon.it\/Il-tessitore-vite-Titti-Marrone\/dp\/8804624868\/ref=sr_1_1?s=books&amp;ie=UTF8&amp;qid=1370394691&amp;sr=1-1&amp;keywords=titti+marrone\">Il tessitore di vite<\/a>\u201d, ha deciso di preferire l\u2019assoluta libert\u00e0 di storie costruite assecondando la \u00a0voglia di mettere a fuoco personaggi ispirati a pi\u00f9 tipi umani, cucendoli assieme secondo una trama complessa. Raccontare soprattutto lo spaesamento professionale, politico e ideologico di chi oggi ha tra i 50 e i 60 anni. Per chi viene dalla scrittura giornalistica, poi, il romanzo \u00e8 una narrazione diversa, dal respiro pi\u00f9 ampio e senza limiti d\u2019intonazione, spazio, senza vincoli di opportunit\u00e0 o di condizionamento. Romanzo \u00e8 quindi spazio di libert\u00e0 assoluta. &#8211; Qui il racconto nasce gi\u00e0 variopinto, si apre alla visibilit\u00e0 dei sentimenti di ciascun personaggio , mediante incipit ed incisi che scandagliano l\u2019intimit\u00e0 e la sensibilit\u00e0 delle figure. Di notevole interesse alcuni incisi\u00a0 che Massimo pronuncia a se stesso , descrivendo puntigliosamente sagome di soggetti che incontrando delinea . Sono pensieri che affollano la mente e descrizioni accorte \u00a0del soggetto idiota , della coppia spaiata incapace di ascoltare ,dell\u2019aspirante ricercatrice\u00a0 lunga di coscia, ma sempre cretina quanto basta , e via di seguito. Il rimbalzo delle idee che attanagliano Caterina nel suo sospeso momento di solitudine ci rivelano una donna ancora tesa nella sua svanita giovent\u00f9. Le incombenze per una madre affetta da Alzheimer , l\u2019offrirsi come affettuosa presenza\u00a0 per l\u2019intervento di isterectomia della badante , mostrano un musicale srotolarsi della personalit\u00e0. Coinvolgente subito dopo il racconto che ci offre per la dipartita di un giovane giornalista , Fiorenzo de Marchis , che risulta essere una presenza preziosa nell\u2019impegno professionale di Lia Imperatore. Con l\u2018occasione magistralmente descrive l\u2019ambiente di una redazione giornalistica, fra insoddisfazioni , rincorse alla notizia clamorosa, disillusioni e amarezze per un lavoro che alla fine sembra essere sterile e monotono. Qui a volte i ritratti ingentiliscono una sottile ironia che traspare delicatamente fra le riga: costume , politica , interessi, umori diversi e primordiali , diventano momenti validi per discutere ed elaborare, ove l\u2019influsso di momentanee disposizioni umorali resiste ad una realt\u00e0 quanto mai semplice e caratteristica. Un\u2019ombra di mistero appare nelle pagine dedicate ad una strana storia nella quale viene coinvolto il personaggio Miranda : la scomparsa della figlia adottiva , dopo un furto di gioielli e denari dichiarato dalla figliola Agata.\u00a0 Come immaginato il furto \u00e8 soltanto una messinscena in favore di un giovane dal nome Salvatore, abile adescatore.<\/p>\n<p>Le figure di questo romanzo sono tracciate con una trasparente flessuosit\u00e0 , abile gioco delle parole che rende limpide e vive le luminosit\u00e0 di ciascuna figura , sia dal lato umano, nel tremore dell\u2019animo e dei gesti , sia nello spessore psicologico , che affonda con un rapporto delineato nelle crisi quotidiane di ciascuno. Non c\u2019\u00e8 accenno ad un romanticismo, ormai superato nella scrittura contemporanea, ma insiste la rappresentazione di una realt\u00e0 incisa nei suoi contrapposti , nei sentimenti misti che daranno testimonianza della rappresentazione. Scrittura quindi distesa , ben centrata in quella ricerca letteraria che rende la pagina totalizzante , scavando nella realt\u00e0 per riferire le rappresentazioni di necessit\u00e0 e illusioni, di intuizioni e irruzioni improvvise, mediante uno scavo continuo nella visione di un mondo concluso , ristretto nei confini del tratteggio , ancestralmente iscritto in un mito che rimanda continuamente alla nostra citt\u00e0. Dunque lasciamo al lettore la sorpresa di scoprire quale sia stato il fatto di cronaca che unisce i sei personaggi del libro. E\u2019 un filo sotterraneo, una suggestione \u00a0evanescente,\u00a0 che a un certo punto viene svelato con un colpo di scena per \u00a0riposizionare le esistenze di tutti. Qui non diremo di che si tratta, per non rovinare il gusto della lettura. La storia vera sottesa a tutto il libro emerse tra le pieghe dei fatti di cronaca in un giorno qualsiasi , pieno come al solito di notizie e spunti\u00a0 di vario genere. Cos\u00ec il tocco arguto e attento del giornalista riesce a far germinare un racconto che respira di corporeit\u00e0 sua propria, giocando di strategie incorporate nella scrittura. \u00a0Il suo \u00e8 un linguaggio pulito, moderno, chiaro , privo di elucubrazioni o arzigogoli inutili, preciso, lessicalmente puntuale , adatto ed adattabile in una forma che si inquadra in contenuti esistenziali, umani , semplici ed al tempo stesso complessi.<\/p>\n<div id=\"mainImgHldr\" style=\"width: 300px; cursor: pointer;\" title=\"Il-tessitore-di-vite-Titti-Marrone-Mondadori-Scrittori-italiani-e-stranieri\">\u00a0<\/div>\n<div>\n<h1 id=\"itemTitle\" class=\"it-ttl\"><span style=\"font-size: small;\">Il tessitore di vite <\/span><\/h1>\n<h1 class=\"it-ttl\"><span style=\"font-size: small;\">Titti Marrone <\/span><\/h1>\n<h1 class=\"it-ttl\"><span style=\"font-size: small;\">Mondadori<\/span><\/h1>\n<\/p><\/div>\n","protected":false},"excerpt":{"rendered":"<p>Arte\/libri Titta Marrone e\u00a0 &#8220;Il tessitore di vite di Antonio Spagnuolo \u00a0 Ogni romanzo che ci accingiamo a leggere richiede<\/p>\n","protected":false},"author":1,"featured_media":0,"comment_status":"open","ping_status":"open","sticky":false,"template":"","format":"standard","meta":[],"categories":[17],"tags":[],"yoast_head":"<!-- This site is optimized with the Yoast SEO plugin v18.0 - https:\/\/yoast.com\/wordpress\/plugins\/seo\/ -->\n<title>Sei personaggi, sei storie. L&#039;umanit\u00e0 in un romanzo | Arte e Luoghi<\/title>\n<meta name=\"robots\" content=\"index, follow, max-snippet:-1, max-image-preview:large, max-video-preview:-1\" \/>\n<link rel=\"canonical\" href=\"https:\/\/arteeluoghi.it\/index.php\/2014\/04\/26\/sei-personaggi-rinchiusi-tral-e-pgine-di-un-libro\/\" \/>\n<meta property=\"og:locale\" content=\"it_IT\" \/>\n<meta property=\"og:type\" content=\"article\" \/>\n<meta property=\"og:title\" content=\"Sei personaggi, sei storie. L&#039;umanit\u00e0 in un romanzo | Arte e Luoghi\" \/>\n<meta property=\"og:description\" content=\"Arte\/libri Titta Marrone e\u00a0 &#8220;Il tessitore di vite di Antonio Spagnuolo \u00a0 Ogni romanzo che ci accingiamo a leggere richiede\" \/>\n<meta property=\"og:url\" content=\"https:\/\/arteeluoghi.it\/index.php\/2014\/04\/26\/sei-personaggi-rinchiusi-tral-e-pgine-di-un-libro\/\" \/>\n<meta property=\"og:site_name\" content=\"Arte e Luoghi\" \/>\n<meta property=\"article:publisher\" content=\"https:\/\/www.facebook.com\/ArteELuoghi\/\" \/>\n<meta property=\"article:published_time\" content=\"2014-04-26T19:57:43+00:00\" \/>\n<meta property=\"og:image\" content=\"https:\/\/arteeluoghi.it\/images\/cop-marrone.jpg\" \/>\n<meta name=\"twitter:card\" content=\"summary\" \/>\n<meta name=\"twitter:creator\" content=\"@arteeluoghi\" \/>\n<meta name=\"twitter:site\" content=\"@arteeluoghi\" \/>\n<meta name=\"twitter:label1\" content=\"Scritto da\" \/>\n\t<meta name=\"twitter:data1\" content=\"Staff\" \/>\n\t<meta name=\"twitter:label2\" content=\"Tempo di lettura stimato\" \/>\n\t<meta name=\"twitter:data2\" content=\"7 minuti\" \/>\n<script type=\"application\/ld+json\" class=\"yoast-schema-graph\">{\"@context\":\"https:\/\/schema.org\",\"@graph\":[{\"@type\":\"Organization\",\"@id\":\"https:\/\/arteeluoghi.it\/#organization\",\"name\":\"Arte e Luoghi\",\"url\":\"https:\/\/arteeluoghi.it\/\",\"sameAs\":[\"https:\/\/www.facebook.com\/ArteELuoghi\/\",\"https:\/\/www.instagram.com\/arteeluoghi\/?hl=it\",\"https:\/\/www.youtube.com\/channel\/UCuRVc4JW4-C5sg9rQB-srkw?view_as=subscriber\",\"https:\/\/twitter.com\/arteeluoghi\"],\"logo\":{\"@type\":\"ImageObject\",\"@id\":\"https:\/\/arteeluoghi.it\/#logo\",\"inLanguage\":\"it-IT\",\"url\":\"https:\/\/arteeluoghi.it\/wp-content\/uploads\/2018\/08\/logoinstagramarte.jpg\",\"contentUrl\":\"https:\/\/arteeluoghi.it\/wp-content\/uploads\/2018\/08\/logoinstagramarte.jpg\",\"width\":150,\"height\":150,\"caption\":\"Arte e Luoghi\"},\"image\":{\"@id\":\"https:\/\/arteeluoghi.it\/#logo\"}},{\"@type\":\"WebSite\",\"@id\":\"https:\/\/arteeluoghi.it\/#website\",\"url\":\"https:\/\/arteeluoghi.it\/\",\"name\":\"Arte e Luoghi\",\"description\":\"Mensile di arte, cultura, turismo e curiosit\u00e0\",\"publisher\":{\"@id\":\"https:\/\/arteeluoghi.it\/#organization\"},\"potentialAction\":[{\"@type\":\"SearchAction\",\"target\":{\"@type\":\"EntryPoint\",\"urlTemplate\":\"https:\/\/arteeluoghi.it\/?s={search_term_string}\"},\"query-input\":\"required name=search_term_string\"}],\"inLanguage\":\"it-IT\"},{\"@type\":\"ImageObject\",\"@id\":\"https:\/\/arteeluoghi.it\/index.php\/2014\/04\/26\/sei-personaggi-rinchiusi-tral-e-pgine-di-un-libro\/#primaryimage\",\"inLanguage\":\"it-IT\",\"url\":\"\/images\/cop-marrone.jpg\",\"contentUrl\":\"\/images\/cop-marrone.jpg\"},{\"@type\":\"WebPage\",\"@id\":\"https:\/\/arteeluoghi.it\/index.php\/2014\/04\/26\/sei-personaggi-rinchiusi-tral-e-pgine-di-un-libro\/#webpage\",\"url\":\"https:\/\/arteeluoghi.it\/index.php\/2014\/04\/26\/sei-personaggi-rinchiusi-tral-e-pgine-di-un-libro\/\",\"name\":\"Sei personaggi, sei storie. L'umanit\u00e0 in un romanzo | Arte e Luoghi\",\"isPartOf\":{\"@id\":\"https:\/\/arteeluoghi.it\/#website\"},\"primaryImageOfPage\":{\"@id\":\"https:\/\/arteeluoghi.it\/index.php\/2014\/04\/26\/sei-personaggi-rinchiusi-tral-e-pgine-di-un-libro\/#primaryimage\"},\"datePublished\":\"2014-04-26T19:57:43+00:00\",\"dateModified\":\"2014-04-26T19:57:43+00:00\",\"breadcrumb\":{\"@id\":\"https:\/\/arteeluoghi.it\/index.php\/2014\/04\/26\/sei-personaggi-rinchiusi-tral-e-pgine-di-un-libro\/#breadcrumb\"},\"inLanguage\":\"it-IT\",\"potentialAction\":[{\"@type\":\"ReadAction\",\"target\":[\"https:\/\/arteeluoghi.it\/index.php\/2014\/04\/26\/sei-personaggi-rinchiusi-tral-e-pgine-di-un-libro\/\"]}]},{\"@type\":\"BreadcrumbList\",\"@id\":\"https:\/\/arteeluoghi.it\/index.php\/2014\/04\/26\/sei-personaggi-rinchiusi-tral-e-pgine-di-un-libro\/#breadcrumb\",\"itemListElement\":[{\"@type\":\"ListItem\",\"position\":1,\"name\":\"Home\",\"item\":\"https:\/\/arteeluoghi.it\/\"},{\"@type\":\"ListItem\",\"position\":2,\"name\":\"Sei personaggi, sei storie. L&#8217;umanit\u00e0 in un romanzo\"}]},{\"@type\":\"Article\",\"@id\":\"https:\/\/arteeluoghi.it\/index.php\/2014\/04\/26\/sei-personaggi-rinchiusi-tral-e-pgine-di-un-libro\/#article\",\"isPartOf\":{\"@id\":\"https:\/\/arteeluoghi.it\/index.php\/2014\/04\/26\/sei-personaggi-rinchiusi-tral-e-pgine-di-un-libro\/#webpage\"},\"author\":{\"@id\":\"https:\/\/arteeluoghi.it\/#\/schema\/person\/f84e814e36e91e01448ee07eaadd41d4\"},\"headline\":\"Sei personaggi, sei storie. L&#8217;umanit\u00e0 in un romanzo\",\"datePublished\":\"2014-04-26T19:57:43+00:00\",\"dateModified\":\"2014-04-26T19:57:43+00:00\",\"mainEntityOfPage\":{\"@id\":\"https:\/\/arteeluoghi.it\/index.php\/2014\/04\/26\/sei-personaggi-rinchiusi-tral-e-pgine-di-un-libro\/#webpage\"},\"wordCount\":1312,\"commentCount\":0,\"publisher\":{\"@id\":\"https:\/\/arteeluoghi.it\/#organization\"},\"image\":{\"@id\":\"https:\/\/arteeluoghi.it\/index.php\/2014\/04\/26\/sei-personaggi-rinchiusi-tral-e-pgine-di-un-libro\/#primaryimage\"},\"thumbnailUrl\":\"\/images\/cop-marrone.jpg\",\"articleSection\":[\"LIBRI\"],\"inLanguage\":\"it-IT\",\"potentialAction\":[{\"@type\":\"CommentAction\",\"name\":\"Comment\",\"target\":[\"https:\/\/arteeluoghi.it\/index.php\/2014\/04\/26\/sei-personaggi-rinchiusi-tral-e-pgine-di-un-libro\/#respond\"]}]},{\"@type\":\"Person\",\"@id\":\"https:\/\/arteeluoghi.it\/#\/schema\/person\/f84e814e36e91e01448ee07eaadd41d4\",\"name\":\"Staff\",\"image\":{\"@type\":\"ImageObject\",\"@id\":\"https:\/\/arteeluoghi.it\/#personlogo\",\"inLanguage\":\"it-IT\",\"url\":\"https:\/\/secure.gravatar.com\/avatar\/49d2f9e46271bb04e19cebfaf141313a?s=96&d=blank&r=g\",\"contentUrl\":\"https:\/\/secure.gravatar.com\/avatar\/49d2f9e46271bb04e19cebfaf141313a?s=96&d=blank&r=g\",\"caption\":\"Staff\"}}]}<\/script>\n<!-- \/ Yoast SEO plugin. -->","yoast_head_json":{"title":"Sei personaggi, sei storie. L'umanit\u00e0 in un romanzo | Arte e Luoghi","robots":{"index":"index","follow":"follow","max-snippet":"max-snippet:-1","max-image-preview":"max-image-preview:large","max-video-preview":"max-video-preview:-1"},"canonical":"https:\/\/arteeluoghi.it\/index.php\/2014\/04\/26\/sei-personaggi-rinchiusi-tral-e-pgine-di-un-libro\/","og_locale":"it_IT","og_type":"article","og_title":"Sei personaggi, sei storie. L'umanit\u00e0 in un romanzo | Arte e Luoghi","og_description":"Arte\/libri Titta Marrone e\u00a0 &#8220;Il tessitore di vite di Antonio Spagnuolo \u00a0 Ogni romanzo che ci accingiamo a leggere richiede","og_url":"https:\/\/arteeluoghi.it\/index.php\/2014\/04\/26\/sei-personaggi-rinchiusi-tral-e-pgine-di-un-libro\/","og_site_name":"Arte e Luoghi","article_publisher":"https:\/\/www.facebook.com\/ArteELuoghi\/","article_published_time":"2014-04-26T19:57:43+00:00","og_image":[{"url":"https:\/\/arteeluoghi.it\/images\/cop-marrone.jpg"}],"twitter_card":"summary","twitter_creator":"@arteeluoghi","twitter_site":"@arteeluoghi","twitter_misc":{"Scritto da":"Staff","Tempo di lettura stimato":"7 minuti"},"schema":{"@context":"https:\/\/schema.org","@graph":[{"@type":"Organization","@id":"https:\/\/arteeluoghi.it\/#organization","name":"Arte e Luoghi","url":"https:\/\/arteeluoghi.it\/","sameAs":["https:\/\/www.facebook.com\/ArteELuoghi\/","https:\/\/www.instagram.com\/arteeluoghi\/?hl=it","https:\/\/www.youtube.com\/channel\/UCuRVc4JW4-C5sg9rQB-srkw?view_as=subscriber","https:\/\/twitter.com\/arteeluoghi"],"logo":{"@type":"ImageObject","@id":"https:\/\/arteeluoghi.it\/#logo","inLanguage":"it-IT","url":"https:\/\/arteeluoghi.it\/wp-content\/uploads\/2018\/08\/logoinstagramarte.jpg","contentUrl":"https:\/\/arteeluoghi.it\/wp-content\/uploads\/2018\/08\/logoinstagramarte.jpg","width":150,"height":150,"caption":"Arte e Luoghi"},"image":{"@id":"https:\/\/arteeluoghi.it\/#logo"}},{"@type":"WebSite","@id":"https:\/\/arteeluoghi.it\/#website","url":"https:\/\/arteeluoghi.it\/","name":"Arte e Luoghi","description":"Mensile di arte, cultura, turismo e curiosit\u00e0","publisher":{"@id":"https:\/\/arteeluoghi.it\/#organization"},"potentialAction":[{"@type":"SearchAction","target":{"@type":"EntryPoint","urlTemplate":"https:\/\/arteeluoghi.it\/?s={search_term_string}"},"query-input":"required name=search_term_string"}],"inLanguage":"it-IT"},{"@type":"ImageObject","@id":"https:\/\/arteeluoghi.it\/index.php\/2014\/04\/26\/sei-personaggi-rinchiusi-tral-e-pgine-di-un-libro\/#primaryimage","inLanguage":"it-IT","url":"\/images\/cop-marrone.jpg","contentUrl":"\/images\/cop-marrone.jpg"},{"@type":"WebPage","@id":"https:\/\/arteeluoghi.it\/index.php\/2014\/04\/26\/sei-personaggi-rinchiusi-tral-e-pgine-di-un-libro\/#webpage","url":"https:\/\/arteeluoghi.it\/index.php\/2014\/04\/26\/sei-personaggi-rinchiusi-tral-e-pgine-di-un-libro\/","name":"Sei personaggi, sei storie. L'umanit\u00e0 in un romanzo | Arte e Luoghi","isPartOf":{"@id":"https:\/\/arteeluoghi.it\/#website"},"primaryImageOfPage":{"@id":"https:\/\/arteeluoghi.it\/index.php\/2014\/04\/26\/sei-personaggi-rinchiusi-tral-e-pgine-di-un-libro\/#primaryimage"},"datePublished":"2014-04-26T19:57:43+00:00","dateModified":"2014-04-26T19:57:43+00:00","breadcrumb":{"@id":"https:\/\/arteeluoghi.it\/index.php\/2014\/04\/26\/sei-personaggi-rinchiusi-tral-e-pgine-di-un-libro\/#breadcrumb"},"inLanguage":"it-IT","potentialAction":[{"@type":"ReadAction","target":["https:\/\/arteeluoghi.it\/index.php\/2014\/04\/26\/sei-personaggi-rinchiusi-tral-e-pgine-di-un-libro\/"]}]},{"@type":"BreadcrumbList","@id":"https:\/\/arteeluoghi.it\/index.php\/2014\/04\/26\/sei-personaggi-rinchiusi-tral-e-pgine-di-un-libro\/#breadcrumb","itemListElement":[{"@type":"ListItem","position":1,"name":"Home","item":"https:\/\/arteeluoghi.it\/"},{"@type":"ListItem","position":2,"name":"Sei personaggi, sei storie. L&#8217;umanit\u00e0 in un romanzo"}]},{"@type":"Article","@id":"https:\/\/arteeluoghi.it\/index.php\/2014\/04\/26\/sei-personaggi-rinchiusi-tral-e-pgine-di-un-libro\/#article","isPartOf":{"@id":"https:\/\/arteeluoghi.it\/index.php\/2014\/04\/26\/sei-personaggi-rinchiusi-tral-e-pgine-di-un-libro\/#webpage"},"author":{"@id":"https:\/\/arteeluoghi.it\/#\/schema\/person\/f84e814e36e91e01448ee07eaadd41d4"},"headline":"Sei personaggi, sei storie. L&#8217;umanit\u00e0 in un romanzo","datePublished":"2014-04-26T19:57:43+00:00","dateModified":"2014-04-26T19:57:43+00:00","mainEntityOfPage":{"@id":"https:\/\/arteeluoghi.it\/index.php\/2014\/04\/26\/sei-personaggi-rinchiusi-tral-e-pgine-di-un-libro\/#webpage"},"wordCount":1312,"commentCount":0,"publisher":{"@id":"https:\/\/arteeluoghi.it\/#organization"},"image":{"@id":"https:\/\/arteeluoghi.it\/index.php\/2014\/04\/26\/sei-personaggi-rinchiusi-tral-e-pgine-di-un-libro\/#primaryimage"},"thumbnailUrl":"\/images\/cop-marrone.jpg","articleSection":["LIBRI"],"inLanguage":"it-IT","potentialAction":[{"@type":"CommentAction","name":"Comment","target":["https:\/\/arteeluoghi.it\/index.php\/2014\/04\/26\/sei-personaggi-rinchiusi-tral-e-pgine-di-un-libro\/#respond"]}]},{"@type":"Person","@id":"https:\/\/arteeluoghi.it\/#\/schema\/person\/f84e814e36e91e01448ee07eaadd41d4","name":"Staff","image":{"@type":"ImageObject","@id":"https:\/\/arteeluoghi.it\/#personlogo","inLanguage":"it-IT","url":"https:\/\/secure.gravatar.com\/avatar\/49d2f9e46271bb04e19cebfaf141313a?s=96&d=blank&r=g","contentUrl":"https:\/\/secure.gravatar.com\/avatar\/49d2f9e46271bb04e19cebfaf141313a?s=96&d=blank&r=g","caption":"Staff"}}]}},"_links":{"self":[{"href":"https:\/\/arteeluoghi.it\/index.php\/wp-json\/wp\/v2\/posts\/1672"}],"collection":[{"href":"https:\/\/arteeluoghi.it\/index.php\/wp-json\/wp\/v2\/posts"}],"about":[{"href":"https:\/\/arteeluoghi.it\/index.php\/wp-json\/wp\/v2\/types\/post"}],"author":[{"embeddable":true,"href":"https:\/\/arteeluoghi.it\/index.php\/wp-json\/wp\/v2\/users\/1"}],"replies":[{"embeddable":true,"href":"https:\/\/arteeluoghi.it\/index.php\/wp-json\/wp\/v2\/comments?post=1672"}],"version-history":[{"count":0,"href":"https:\/\/arteeluoghi.it\/index.php\/wp-json\/wp\/v2\/posts\/1672\/revisions"}],"wp:attachment":[{"href":"https:\/\/arteeluoghi.it\/index.php\/wp-json\/wp\/v2\/media?parent=1672"}],"wp:term":[{"taxonomy":"category","embeddable":true,"href":"https:\/\/arteeluoghi.it\/index.php\/wp-json\/wp\/v2\/categories?post=1672"},{"taxonomy":"post_tag","embeddable":true,"href":"https:\/\/arteeluoghi.it\/index.php\/wp-json\/wp\/v2\/tags?post=1672"}],"curies":[{"name":"wp","href":"https:\/\/api.w.org\/{rel}","templated":true}]}}