{"id":1681,"date":"2014-04-28T21:37:52","date_gmt":"2014-04-28T19:37:52","guid":{"rendered":"http:\/\/arteeluoghi.it\/index.php\/2014\/04\/28\/externa-quanto-e-bello-vivere-all-aperto\/"},"modified":"2014-04-28T21:37:52","modified_gmt":"2014-04-28T19:37:52","slug":"externa-quanto-e-bello-vivere-all-aperto","status":"publish","type":"post","link":"https:\/\/arteeluoghi.it\/index.php\/2014\/04\/28\/externa-quanto-e-bello-vivere-all-aperto\/","title":{"rendered":"Externa, quanto \u00e8 bello vivere all&#8217;aperto"},"content":{"rendered":"<p><img src=\"\/images\/biglietto-ingresso-omaggio-fiera-externa-2014-lecce.jpg\" border=\"0\" width=\"300\" style=\"margin: 21px; float: left;\" \/>Dal 30 aprile al 4 maggio 2014 nel quartiere fieristico di Lecce in piazza Palio<strong><br \/><\/strong><\/p>\n<p><strong>Arredare gli spazi esterni con trecentomila idee<br \/><\/strong><\/p>\n<p><strong>10.000 mq<\/strong> di spazio espositivo con le ultime novit\u00e0 dell\u2019outdoor, <strong>ottanta<\/strong><strong> le aziende\u00a0 <\/strong>partecipanti e quattro macro aree, <strong>Giardino, Citt\u00e0, Spiaggia e Acqua Externa, <\/strong>allestite nel quartiere fieristico di Piazza Palio a Lecce\u00a0\u00c8 Externa la pi\u00f9 importante rassegna del sud Italia sull\u2019arredamento da esterni in programma dal 30 aprile al 4 maggio 2014. Giunta alla terza edizione la fiera ha ottenuto il prestigioso riconoscimento <strong> di <strong>Fiera Nazionale dell\u2019Arredo degli Spazi Esterni <\/strong><\/strong>si impone come vetrina per le ultime novit\u00e0 per l\u2019outdoor, come indicatore delle tendenze di un mercato in continua evoluzione e come momento d\u2019incontro tra domanda e offerta.<\/p>\n<p>  <!--more-->  <\/p>\n<p>\u00a0<\/p>\n<p><img src=\"\/images\/conferenza%20externa.jpg\" border=\"0\" title=\"un momento della conferenza stampa\" width=\"300\" style=\"margin: 21px; float: left;\" \/>Organizzata dall\u2019associazione di promozione sociale Green Project e Sofran srl, in collaborazione con Camera di commercio, Cna, Confcommercio e Ordine degli Architetti Lecce e con il patrocinio di Regione Puglia, Provincia e Comune di Lecce e l&#8217;Ordine degli Ingegneri-Lecce, con il successo delle precedenti edizioni, Externa \u00e8 divenuta punto di riferimento del settore e strumento per le aziende, che trovano in essa uno straordinario veicolo di promozione.<\/p>\n<p>Un vero e proprio universo espositivo dove scoprire e soddisfare le esigenze di un settore che cambia, si evolve, presta maggiore attenzione ai particolari, alla funzionalit\u00e0, ai materiali e alle tendenze pi\u00f9\u00a0 recenti, in cui trovare il meglio degli articoli per l\u2019outdoor living, per il verde pubblico, l\u2019illuminotecnica, la segnaletica, arredi e attrezzature per spiagge, stabilimenti balneari, piscine, vasche idromassaggio e mini spa.<\/p>\n<p>\u201c<em>E&#8217; una fiera in continua crescita che ogni anno si arricchisce di contenuti, contributi e confronti con convegni tematici e il concorso di idee per piazza Mazzini &#8211; ha commentato Alfredo\u00a0<strong>Prete<\/strong><\/em>, presidente della Camera di Commercio di Lecce &#8211;<em>Externa anche quest&#8217;anno \u00e8 stata capace di riunire tanti operatori nonostante il periodo di crisi. Speriamo che ancora una volta riesca a fare da volano per il miglioramento degli affari nel settore e che gli imprenditori che esporranno riescano a trovare l\u2019incontro tra domanda e offerta che cercano\u201d. <br \/><\/em><\/p>\n<p>E a rendere ancora pi\u00f9 innovativa questa edizione il <strong>\u201cConcorso di idee per la riqualificazione di piazza Mazzini\u201d battezzato \u00abTrecentomila idee\u00bb per la riqualificazione di piazza Mazzini, ideato dall&#8217;organizzazione di Externa.<\/strong><\/p>\n<p>Un bando aperto a tutti, per raccogliere un ventaglio di proposte progettuali per la riqualificazione spaziale, funzionale ed ambientale di piazza Mazzini da regalare alla Citt\u00e0 di Lecce. Una Commissione giudicatrice, presieduta <strong>dal noto architetto Fabio Novembre, premier\u00e0 i progetti vincitori il 03\/05\/2014, durante la V\u00aa edizione della Fiera \u201cExterna\u201d. <\/strong>L&#8217;idea progettuale parte proprio da \u201cExterna\u201d, che con una percezione ampliata del \u201cvivere all&#8217;aperto\u201d, si arricchisce di questa componente nuova e stimolante con l\u2019autorevole e concreta collaborazione dell&#8217;<strong>Ordine degli Architetti,<\/strong> Paesaggisti Pianificatori e Conservatori della Provincia di Lecce, grazie alla quale si \u00e8 elaborato un bando maggiormente adeguato alla valenza culturale e sociale della proposta, anche per supportare la candidatura di <strong>\u201cLecce 2019\u201d<\/strong> Capitale Europea della Cultura .<em><br \/><\/em><\/p>\n<p>Tutti i progetti conformi al regolamento di partecipazione, saranno pubblicati sul sito della manifestazione <a href=\"http:\/\/www.externaexpo.it\/\">www.externaexpo.it<\/a>a partire dal 30\/04\/2014 e saranno oggetto di una <strong>votazione on-line <\/strong>fino al 02\/05\/2014. <strong>I lavori saranno inoltre esposti<\/strong> presso uno spazio appositamente allestito all\u2019interno della Fiera e premiati il 3 maggio. Una delle societ\u00e0 organizzatrici di Externa (Green Project), mette a disposizione un montepremi complessivo di <strong>6mila euro, <\/strong>suddivisi in: <strong>3mila euro al vincitore del concorso; 2mila euro al secondo classificato e mille euro al terzo classificato.<\/strong><\/p>\n<p>red. Arte e Luoghi<strong><br \/><\/strong><\/p>\n<p>\u00a0<\/p>\n<p style=\"text-align: left;\" align=\"center\"><strong><span style=\"text-decoration: underline;\">ORARI APERTURA <\/span><\/strong><\/p>\n<p style=\"text-align: left;\" align=\"center\"><strong>Mercoled\u00ec 30 aprile, gioved\u00ec 1 e venerd\u00ec 2 maggio dalle 17.00 alle 21.00; <\/strong><\/p>\n<p style=\"text-align: left;\" align=\"center\"><strong>sabato 3 e domenica 4 maggio dalle 10.30 alle 20.30<\/strong><\/p>\n<p style=\"text-align: left;\" align=\"center\"><strong><a href=\"http:\/\/www.externaexpo.it\/\">www.externaexpo.it<\/a><\/strong><\/p>\n<hr \/>\n<p style=\"text-align: left;\" align=\"center\">PROGRAMMA<\/p>\n<p style=\"text-align: left;\" align=\"center\"><strong><span style=\"text-decoration: underline;\">Mercoled\u00ec 30 aprile <\/span><\/strong><\/p>\n<p style=\"text-align: left;\" align=\"center\"><strong>ore 18.00<\/strong><\/p>\n<p style=\"text-align: left;\" align=\"center\"><strong>\u00a0<\/strong><\/p>\n<p style=\"text-align: left;\" align=\"center\"><strong>Inaugurazione ufficale \u201cExterna\u201d presso Lecce Fiere- Piazza Palio, taglio del nastro con Istituzioni <\/strong><\/p>\n<p style=\"text-align: left;\" align=\"center\"><strong><span style=\"text-decoration: underline;\">Venerd\u00ec 2 maggio<\/span><\/strong><\/p>\n<p style=\"text-align: left;\" align=\"center\"><strong>III\u00b0MeetExterna<\/strong><\/p>\n<p style=\"text-align: left;\" align=\"center\"><strong><em>Programma Convegni<\/em><\/strong><\/p>\n<p style=\"text-align: left;\" align=\"center\">\u00a0<\/p>\n<p style=\"text-align: left;\" align=\"center\"><strong>ore 17.30<\/strong><\/p>\n<p style=\"text-align: left;\" align=\"center\">\u201c<strong>La balneazione attrezzata pugliese: una preziosa risorsa da tutelare e proteggere\u201d<\/strong><\/p>\n<p style=\"text-align: left;\" align=\"center\">Moderatore: Antonio Capacchione \u2013 Pres. Reg. S.I.B. Confcommercio<\/p>\n<p style=\"text-align: left;\" align=\"center\">Relatori: Loredana Capone \u2013 Ass. Attivit\u00e0 Produttive Regione Puglia<\/p>\n<p style=\"text-align: left;\" align=\"center\">Paolo Perrone \u2013 Sindaco Citt\u00e0 di Lecce<\/p>\n<p style=\"text-align: left;\" align=\"center\">Alfredo Prete \u2013 Pres. Camera di Commercio Lecce<\/p>\n<p style=\"text-align: left;\" align=\"center\">Vito Vergine \u2013 Pres.S.I.B. Confcommercio Lecce<\/p>\n<p style=\"text-align: left;\" align=\"center\">Sen Barbara Lezzi \u2013 M5S<\/p>\n<p style=\"text-align: left;\" align=\"center\">Sen. Salvatore Tomaselli &#8211; PD<\/p>\n<p style=\"text-align: left;\" align=\"center\">On.Sergio Pizzolante \u2013 NCD<\/p>\n<p style=\"text-align: left;\" align=\"center\">On.Raffaele Baldassarre \u2013 Parlamentare Europeo F.I.<\/p>\n<p style=\"text-align: left;\" align=\"center\">\u00a0<\/p>\n<p style=\"text-align: left;\" align=\"center\">\u00a0<\/p>\n<p style=\"text-align: left;\" align=\"center\"><strong>ore 18.30<\/strong><\/p>\n<p style=\"text-align: left;\" align=\"center\">\u201d<strong>Soluzioni di pavimentazione autobloccante ecocompatibile ed ecosostenibile\u201d<\/strong><\/p>\n<p style=\"text-align: left;\" align=\"center\">Presenta: Pino Colazzo<\/p>\n<p style=\"text-align: left;\" align=\"center\">Relatori: Giorgio Schirinzi \u2013 Pavarredo<\/p>\n<p style=\"text-align: left;\" align=\"center\">Francesco Frangione<\/p>\n<p style=\"text-align: left;\" align=\"center\">Marco Sandri \u2013 Italcemento spa<\/p>\n<p align=\"center\">\u00a0<\/p>\n<p align=\"center\">\u00a0<\/p>\n<p style=\"text-align: left;\" align=\"center\"><strong><span style=\"text-decoration: underline;\">Sabato 3 maggio<\/span><\/strong><\/p>\n<p style=\"text-align: left;\" align=\"center\"><strong>Premiazione dei progetti vincitori del concorso di idee per la riqualificazione di Piazza Mazzini con l&#8217;architetto FABIO NOVEMBRE<\/strong><\/p>\n<p style=\"text-align: left;\" align=\"center\"><strong>\u00a0<\/strong><\/p>\n<p><strong>\u00a0<\/strong><\/p>\n","protected":false},"excerpt":{"rendered":"<p>Dal 30 aprile al 4 maggio 2014 nel quartiere fieristico di Lecce in piazza Palio Arredare gli spazi esterni con<\/p>\n","protected":false},"author":1,"featured_media":0,"comment_status":"open","ping_status":"open","sticky":false,"template":"","format":"standard","meta":[],"categories":[36],"tags":[],"yoast_head":"<!-- This site is optimized with the Yoast SEO plugin v18.0 - https:\/\/yoast.com\/wordpress\/plugins\/seo\/ -->\n<title>Externa, quanto \u00e8 bello vivere all&#039;aperto | Arte e Luoghi<\/title>\n<meta name=\"robots\" content=\"index, follow, max-snippet:-1, max-image-preview:large, max-video-preview:-1\" \/>\n<link rel=\"canonical\" href=\"https:\/\/arteeluoghi.it\/index.php\/2014\/04\/28\/externa-quanto-e-bello-vivere-all-aperto\/\" \/>\n<meta property=\"og:locale\" content=\"it_IT\" \/>\n<meta property=\"og:type\" content=\"article\" \/>\n<meta property=\"og:title\" content=\"Externa, quanto \u00e8 bello vivere all&#039;aperto | Arte e Luoghi\" \/>\n<meta property=\"og:description\" content=\"Dal 30 aprile al 4 maggio 2014 nel quartiere fieristico di Lecce in piazza Palio Arredare gli spazi esterni con\" \/>\n<meta property=\"og:url\" content=\"https:\/\/arteeluoghi.it\/index.php\/2014\/04\/28\/externa-quanto-e-bello-vivere-all-aperto\/\" \/>\n<meta property=\"og:site_name\" content=\"Arte e Luoghi\" \/>\n<meta property=\"article:publisher\" content=\"https:\/\/www.facebook.com\/ArteELuoghi\/\" \/>\n<meta property=\"article:published_time\" content=\"2014-04-28T19:37:52+00:00\" \/>\n<meta property=\"og:image\" content=\"https:\/\/arteeluoghi.it\/images\/biglietto-ingresso-omaggio-fiera-externa-2014-lecce.jpg\" \/>\n<meta name=\"twitter:card\" content=\"summary\" \/>\n<meta name=\"twitter:creator\" content=\"@arteeluoghi\" \/>\n<meta name=\"twitter:site\" content=\"@arteeluoghi\" \/>\n<meta name=\"twitter:label1\" content=\"Scritto da\" \/>\n\t<meta name=\"twitter:data1\" content=\"Staff\" \/>\n\t<meta name=\"twitter:label2\" content=\"Tempo di lettura stimato\" \/>\n\t<meta name=\"twitter:data2\" content=\"4 minuti\" \/>\n<script type=\"application\/ld+json\" class=\"yoast-schema-graph\">{\"@context\":\"https:\/\/schema.org\",\"@graph\":[{\"@type\":\"Organization\",\"@id\":\"https:\/\/arteeluoghi.it\/#organization\",\"name\":\"Arte e Luoghi\",\"url\":\"https:\/\/arteeluoghi.it\/\",\"sameAs\":[\"https:\/\/www.facebook.com\/ArteELuoghi\/\",\"https:\/\/www.instagram.com\/arteeluoghi\/?hl=it\",\"https:\/\/www.youtube.com\/channel\/UCuRVc4JW4-C5sg9rQB-srkw?view_as=subscriber\",\"https:\/\/twitter.com\/arteeluoghi\"],\"logo\":{\"@type\":\"ImageObject\",\"@id\":\"https:\/\/arteeluoghi.it\/#logo\",\"inLanguage\":\"it-IT\",\"url\":\"https:\/\/arteeluoghi.it\/wp-content\/uploads\/2018\/08\/logoinstagramarte.jpg\",\"contentUrl\":\"https:\/\/arteeluoghi.it\/wp-content\/uploads\/2018\/08\/logoinstagramarte.jpg\",\"width\":150,\"height\":150,\"caption\":\"Arte e Luoghi\"},\"image\":{\"@id\":\"https:\/\/arteeluoghi.it\/#logo\"}},{\"@type\":\"WebSite\",\"@id\":\"https:\/\/arteeluoghi.it\/#website\",\"url\":\"https:\/\/arteeluoghi.it\/\",\"name\":\"Arte e Luoghi\",\"description\":\"Mensile di arte, cultura, turismo e curiosit\u00e0\",\"publisher\":{\"@id\":\"https:\/\/arteeluoghi.it\/#organization\"},\"potentialAction\":[{\"@type\":\"SearchAction\",\"target\":{\"@type\":\"EntryPoint\",\"urlTemplate\":\"https:\/\/arteeluoghi.it\/?s={search_term_string}\"},\"query-input\":\"required name=search_term_string\"}],\"inLanguage\":\"it-IT\"},{\"@type\":\"ImageObject\",\"@id\":\"https:\/\/arteeluoghi.it\/index.php\/2014\/04\/28\/externa-quanto-e-bello-vivere-all-aperto\/#primaryimage\",\"inLanguage\":\"it-IT\",\"url\":\"\/images\/biglietto-ingresso-omaggio-fiera-externa-2014-lecce.jpg\",\"contentUrl\":\"\/images\/biglietto-ingresso-omaggio-fiera-externa-2014-lecce.jpg\"},{\"@type\":\"WebPage\",\"@id\":\"https:\/\/arteeluoghi.it\/index.php\/2014\/04\/28\/externa-quanto-e-bello-vivere-all-aperto\/#webpage\",\"url\":\"https:\/\/arteeluoghi.it\/index.php\/2014\/04\/28\/externa-quanto-e-bello-vivere-all-aperto\/\",\"name\":\"Externa, quanto \u00e8 bello vivere all'aperto | Arte e Luoghi\",\"isPartOf\":{\"@id\":\"https:\/\/arteeluoghi.it\/#website\"},\"primaryImageOfPage\":{\"@id\":\"https:\/\/arteeluoghi.it\/index.php\/2014\/04\/28\/externa-quanto-e-bello-vivere-all-aperto\/#primaryimage\"},\"datePublished\":\"2014-04-28T19:37:52+00:00\",\"dateModified\":\"2014-04-28T19:37:52+00:00\",\"breadcrumb\":{\"@id\":\"https:\/\/arteeluoghi.it\/index.php\/2014\/04\/28\/externa-quanto-e-bello-vivere-all-aperto\/#breadcrumb\"},\"inLanguage\":\"it-IT\",\"potentialAction\":[{\"@type\":\"ReadAction\",\"target\":[\"https:\/\/arteeluoghi.it\/index.php\/2014\/04\/28\/externa-quanto-e-bello-vivere-all-aperto\/\"]}]},{\"@type\":\"BreadcrumbList\",\"@id\":\"https:\/\/arteeluoghi.it\/index.php\/2014\/04\/28\/externa-quanto-e-bello-vivere-all-aperto\/#breadcrumb\",\"itemListElement\":[{\"@type\":\"ListItem\",\"position\":1,\"name\":\"Home\",\"item\":\"https:\/\/arteeluoghi.it\/\"},{\"@type\":\"ListItem\",\"position\":2,\"name\":\"Externa, quanto \u00e8 bello vivere all&#8217;aperto\"}]},{\"@type\":\"Article\",\"@id\":\"https:\/\/arteeluoghi.it\/index.php\/2014\/04\/28\/externa-quanto-e-bello-vivere-all-aperto\/#article\",\"isPartOf\":{\"@id\":\"https:\/\/arteeluoghi.it\/index.php\/2014\/04\/28\/externa-quanto-e-bello-vivere-all-aperto\/#webpage\"},\"author\":{\"@id\":\"https:\/\/arteeluoghi.it\/#\/schema\/person\/f84e814e36e91e01448ee07eaadd41d4\"},\"headline\":\"Externa, quanto \u00e8 bello vivere all&#8217;aperto\",\"datePublished\":\"2014-04-28T19:37:52+00:00\",\"dateModified\":\"2014-04-28T19:37:52+00:00\",\"mainEntityOfPage\":{\"@id\":\"https:\/\/arteeluoghi.it\/index.php\/2014\/04\/28\/externa-quanto-e-bello-vivere-all-aperto\/#webpage\"},\"wordCount\":729,\"commentCount\":0,\"publisher\":{\"@id\":\"https:\/\/arteeluoghi.it\/#organization\"},\"image\":{\"@id\":\"https:\/\/arteeluoghi.it\/index.php\/2014\/04\/28\/externa-quanto-e-bello-vivere-all-aperto\/#primaryimage\"},\"thumbnailUrl\":\"\/images\/biglietto-ingresso-omaggio-fiera-externa-2014-lecce.jpg\",\"articleSection\":[\"CuriosAr(t)e\"],\"inLanguage\":\"it-IT\",\"potentialAction\":[{\"@type\":\"CommentAction\",\"name\":\"Comment\",\"target\":[\"https:\/\/arteeluoghi.it\/index.php\/2014\/04\/28\/externa-quanto-e-bello-vivere-all-aperto\/#respond\"]}]},{\"@type\":\"Person\",\"@id\":\"https:\/\/arteeluoghi.it\/#\/schema\/person\/f84e814e36e91e01448ee07eaadd41d4\",\"name\":\"Staff\",\"image\":{\"@type\":\"ImageObject\",\"@id\":\"https:\/\/arteeluoghi.it\/#personlogo\",\"inLanguage\":\"it-IT\",\"url\":\"https:\/\/secure.gravatar.com\/avatar\/49d2f9e46271bb04e19cebfaf141313a?s=96&d=blank&r=g\",\"contentUrl\":\"https:\/\/secure.gravatar.com\/avatar\/49d2f9e46271bb04e19cebfaf141313a?s=96&d=blank&r=g\",\"caption\":\"Staff\"}}]}<\/script>\n<!-- \/ Yoast SEO plugin. -->","yoast_head_json":{"title":"Externa, quanto \u00e8 bello vivere all'aperto | Arte e Luoghi","robots":{"index":"index","follow":"follow","max-snippet":"max-snippet:-1","max-image-preview":"max-image-preview:large","max-video-preview":"max-video-preview:-1"},"canonical":"https:\/\/arteeluoghi.it\/index.php\/2014\/04\/28\/externa-quanto-e-bello-vivere-all-aperto\/","og_locale":"it_IT","og_type":"article","og_title":"Externa, quanto \u00e8 bello vivere all'aperto | Arte e Luoghi","og_description":"Dal 30 aprile al 4 maggio 2014 nel quartiere fieristico di Lecce in piazza Palio Arredare gli spazi esterni con","og_url":"https:\/\/arteeluoghi.it\/index.php\/2014\/04\/28\/externa-quanto-e-bello-vivere-all-aperto\/","og_site_name":"Arte e Luoghi","article_publisher":"https:\/\/www.facebook.com\/ArteELuoghi\/","article_published_time":"2014-04-28T19:37:52+00:00","og_image":[{"url":"https:\/\/arteeluoghi.it\/images\/biglietto-ingresso-omaggio-fiera-externa-2014-lecce.jpg"}],"twitter_card":"summary","twitter_creator":"@arteeluoghi","twitter_site":"@arteeluoghi","twitter_misc":{"Scritto da":"Staff","Tempo di lettura stimato":"4 minuti"},"schema":{"@context":"https:\/\/schema.org","@graph":[{"@type":"Organization","@id":"https:\/\/arteeluoghi.it\/#organization","name":"Arte e Luoghi","url":"https:\/\/arteeluoghi.it\/","sameAs":["https:\/\/www.facebook.com\/ArteELuoghi\/","https:\/\/www.instagram.com\/arteeluoghi\/?hl=it","https:\/\/www.youtube.com\/channel\/UCuRVc4JW4-C5sg9rQB-srkw?view_as=subscriber","https:\/\/twitter.com\/arteeluoghi"],"logo":{"@type":"ImageObject","@id":"https:\/\/arteeluoghi.it\/#logo","inLanguage":"it-IT","url":"https:\/\/arteeluoghi.it\/wp-content\/uploads\/2018\/08\/logoinstagramarte.jpg","contentUrl":"https:\/\/arteeluoghi.it\/wp-content\/uploads\/2018\/08\/logoinstagramarte.jpg","width":150,"height":150,"caption":"Arte e Luoghi"},"image":{"@id":"https:\/\/arteeluoghi.it\/#logo"}},{"@type":"WebSite","@id":"https:\/\/arteeluoghi.it\/#website","url":"https:\/\/arteeluoghi.it\/","name":"Arte e Luoghi","description":"Mensile di arte, cultura, turismo e curiosit\u00e0","publisher":{"@id":"https:\/\/arteeluoghi.it\/#organization"},"potentialAction":[{"@type":"SearchAction","target":{"@type":"EntryPoint","urlTemplate":"https:\/\/arteeluoghi.it\/?s={search_term_string}"},"query-input":"required name=search_term_string"}],"inLanguage":"it-IT"},{"@type":"ImageObject","@id":"https:\/\/arteeluoghi.it\/index.php\/2014\/04\/28\/externa-quanto-e-bello-vivere-all-aperto\/#primaryimage","inLanguage":"it-IT","url":"\/images\/biglietto-ingresso-omaggio-fiera-externa-2014-lecce.jpg","contentUrl":"\/images\/biglietto-ingresso-omaggio-fiera-externa-2014-lecce.jpg"},{"@type":"WebPage","@id":"https:\/\/arteeluoghi.it\/index.php\/2014\/04\/28\/externa-quanto-e-bello-vivere-all-aperto\/#webpage","url":"https:\/\/arteeluoghi.it\/index.php\/2014\/04\/28\/externa-quanto-e-bello-vivere-all-aperto\/","name":"Externa, quanto \u00e8 bello vivere all'aperto | Arte e Luoghi","isPartOf":{"@id":"https:\/\/arteeluoghi.it\/#website"},"primaryImageOfPage":{"@id":"https:\/\/arteeluoghi.it\/index.php\/2014\/04\/28\/externa-quanto-e-bello-vivere-all-aperto\/#primaryimage"},"datePublished":"2014-04-28T19:37:52+00:00","dateModified":"2014-04-28T19:37:52+00:00","breadcrumb":{"@id":"https:\/\/arteeluoghi.it\/index.php\/2014\/04\/28\/externa-quanto-e-bello-vivere-all-aperto\/#breadcrumb"},"inLanguage":"it-IT","potentialAction":[{"@type":"ReadAction","target":["https:\/\/arteeluoghi.it\/index.php\/2014\/04\/28\/externa-quanto-e-bello-vivere-all-aperto\/"]}]},{"@type":"BreadcrumbList","@id":"https:\/\/arteeluoghi.it\/index.php\/2014\/04\/28\/externa-quanto-e-bello-vivere-all-aperto\/#breadcrumb","itemListElement":[{"@type":"ListItem","position":1,"name":"Home","item":"https:\/\/arteeluoghi.it\/"},{"@type":"ListItem","position":2,"name":"Externa, quanto \u00e8 bello vivere all&#8217;aperto"}]},{"@type":"Article","@id":"https:\/\/arteeluoghi.it\/index.php\/2014\/04\/28\/externa-quanto-e-bello-vivere-all-aperto\/#article","isPartOf":{"@id":"https:\/\/arteeluoghi.it\/index.php\/2014\/04\/28\/externa-quanto-e-bello-vivere-all-aperto\/#webpage"},"author":{"@id":"https:\/\/arteeluoghi.it\/#\/schema\/person\/f84e814e36e91e01448ee07eaadd41d4"},"headline":"Externa, quanto \u00e8 bello vivere all&#8217;aperto","datePublished":"2014-04-28T19:37:52+00:00","dateModified":"2014-04-28T19:37:52+00:00","mainEntityOfPage":{"@id":"https:\/\/arteeluoghi.it\/index.php\/2014\/04\/28\/externa-quanto-e-bello-vivere-all-aperto\/#webpage"},"wordCount":729,"commentCount":0,"publisher":{"@id":"https:\/\/arteeluoghi.it\/#organization"},"image":{"@id":"https:\/\/arteeluoghi.it\/index.php\/2014\/04\/28\/externa-quanto-e-bello-vivere-all-aperto\/#primaryimage"},"thumbnailUrl":"\/images\/biglietto-ingresso-omaggio-fiera-externa-2014-lecce.jpg","articleSection":["CuriosAr(t)e"],"inLanguage":"it-IT","potentialAction":[{"@type":"CommentAction","name":"Comment","target":["https:\/\/arteeluoghi.it\/index.php\/2014\/04\/28\/externa-quanto-e-bello-vivere-all-aperto\/#respond"]}]},{"@type":"Person","@id":"https:\/\/arteeluoghi.it\/#\/schema\/person\/f84e814e36e91e01448ee07eaadd41d4","name":"Staff","image":{"@type":"ImageObject","@id":"https:\/\/arteeluoghi.it\/#personlogo","inLanguage":"it-IT","url":"https:\/\/secure.gravatar.com\/avatar\/49d2f9e46271bb04e19cebfaf141313a?s=96&d=blank&r=g","contentUrl":"https:\/\/secure.gravatar.com\/avatar\/49d2f9e46271bb04e19cebfaf141313a?s=96&d=blank&r=g","caption":"Staff"}}]}},"_links":{"self":[{"href":"https:\/\/arteeluoghi.it\/index.php\/wp-json\/wp\/v2\/posts\/1681"}],"collection":[{"href":"https:\/\/arteeluoghi.it\/index.php\/wp-json\/wp\/v2\/posts"}],"about":[{"href":"https:\/\/arteeluoghi.it\/index.php\/wp-json\/wp\/v2\/types\/post"}],"author":[{"embeddable":true,"href":"https:\/\/arteeluoghi.it\/index.php\/wp-json\/wp\/v2\/users\/1"}],"replies":[{"embeddable":true,"href":"https:\/\/arteeluoghi.it\/index.php\/wp-json\/wp\/v2\/comments?post=1681"}],"version-history":[{"count":0,"href":"https:\/\/arteeluoghi.it\/index.php\/wp-json\/wp\/v2\/posts\/1681\/revisions"}],"wp:attachment":[{"href":"https:\/\/arteeluoghi.it\/index.php\/wp-json\/wp\/v2\/media?parent=1681"}],"wp:term":[{"taxonomy":"category","embeddable":true,"href":"https:\/\/arteeluoghi.it\/index.php\/wp-json\/wp\/v2\/categories?post=1681"},{"taxonomy":"post_tag","embeddable":true,"href":"https:\/\/arteeluoghi.it\/index.php\/wp-json\/wp\/v2\/tags?post=1681"}],"curies":[{"name":"wp","href":"https:\/\/api.w.org\/{rel}","templated":true}]}}