{"id":1683,"date":"2014-04-29T19:32:58","date_gmt":"2014-04-29T17:32:58","guid":{"rendered":"http:\/\/arteeluoghi.it\/index.php\/2014\/04\/29\/festival-del-cinema-europeo-2014\/"},"modified":"2014-04-29T19:32:58","modified_gmt":"2014-04-29T17:32:58","slug":"festival-del-cinema-europeo-2014","status":"publish","type":"post","link":"https:\/\/arteeluoghi.it\/index.php\/2014\/04\/29\/festival-del-cinema-europeo-2014\/","title":{"rendered":"Festival del Cinema Europeo 2014"},"content":{"rendered":"<p class=\"title\" style=\"font-size: 2em; margin: 0px; padding-bottom: 13px; line-height: 23px;\"><object width=\"425\" height=\"350\" align=\"left\" hspace=\"20\" vspace=\"20\" data=\"http:\/\/www.youtube.com\/embed\/H0MTl6Ik1AM\" type=\"audio\/x-pn-realaudio-plugin\"><param name=\"src\" value=\"http:\/\/www.youtube.com\/embed\/H0MTl6Ik1AM\" \/><param name=\"frameborder\" value=\"0\" \/><\/object><\/p>\n<p class=\"title\" style=\"font-size: 2em; margin: 0px; padding-bottom: 13px; line-height: 23px;\"><strong><span style=\"font-size: small;\">\u00a0<\/span><\/strong><\/p>\n<p class=\"title\" style=\"font-size: 2em; margin: 0px; padding-bottom: 13px; line-height: 23px;\"><strong><span style=\"font-size: small;\">Riflettori su Gianni Volpi, Mario Bava e Jasmila Zbanic<\/span><br \/><\/strong><\/p>\n<p id=\"watch-uploader-info\"><strong>\u00a0da ImovePugliaTV<span id=\"eow-date\" class=\"watch-video-date\"><\/span> <\/strong><\/p>\n<div id=\"watch-description-text\">\n<p>Il Festival del Cinema Europeo 2014 parte come sempre in grande stile, puntando i riflettori su personaggi illustri della critica e del cinema italiano ed europeo. Nella Sala Pignatelli del Castello Carlo V, \u00e8 stato presentato il libro &#8220;Barricate di Carta&#8221;, a cura di Goffredo Fofi, Alfredo Rossi e Jacopo Chessa (Mimesis Edizioni). Per il ricordo di Gianni Volpi, sono intervenuti Goffredo Fofi, Jacopo Chessa, Maurizio Ponzi, Emanuela Dorigotti, Bruno Torri. Inaugurata poi una delle mostre del Festival, &#8220;La maschera e il corpo&#8221;, dedicata a Mario Bava. Curata da Massimo Causo e Davide Di Giorgio, l&#8217;esposizione nasce in collaborazione con la Mediateca Regionale Pugliese e la Biblioteca Provinciale di Foggia e propone manifesti originali dei film di Bava realizzati da alcuni dei pi\u00f9 grandi autori della cartellonistica italiana.L&#8217;anteprima nazionale di &#8220;For those who can tell no tales&#8221; apre ufficialmente la XV edizione del Festival del Cinema Europeo. Nella sala 1 del Multisala Massimo, era presente la giovane regista di Sarajevo Jasmila \u017dbani\u0107, vincitrice dell&#8217;Orso d&#8217;oro alla Berlinale 2006 per il suo primo film, &#8220;Grbavica&#8221; (Il segreto di Esma).<\/p>\n<p>  <!--more-->  <\/p>\n<p>\u00a0<\/p>\n<p><span id=\"__caret\">_<\/span>Jasmila \u017dbani\u0107 \u00e8 stata premiata per il suo lavoro di regista e di attivista a sostegno dei diritti delle vittime civili di guerra. Con il suo durissimo film &#8220;Grbavica&#8221; ha riportato al centro del dibattito pubblico dei Balcani la questione degli stupri etnici. La \u017dbani\u0107, durante le proiezioni del film nelle sale del suo paese, ha sostenuto la campagna di raccolta firme per il riconoscimento legislativo di queste donne come vittime civili di guerra. Il suo obiettivo \u00e8 stato raggiunto: le autorit\u00e0 della Federazione croato-musulmana, grazie alla pressione dell&#8217;opinione pubblica, hanno inserito la &#8220;categoria&#8221; vittime di stupro nell&#8217;elenco delle vittime civili di guerra tutelate dunque per legge dal punto di vista sociale ed economico.<\/p>\n<p><strong>Pubblicato in data <span id=\"eow-date\" class=\"watch-video-date\">29\/apr\/2014<\/span><\/strong><\/p>\n<\/p><\/div>\n","protected":false},"excerpt":{"rendered":"<p>\u00a0 Riflettori su Gianni Volpi, Mario Bava e Jasmila Zbanic \u00a0da ImovePugliaTV Il Festival del Cinema Europeo 2014 parte come<\/p>\n","protected":false},"author":1,"featured_media":0,"comment_status":"open","ping_status":"open","sticky":false,"template":"","format":"standard","meta":[],"categories":[45],"tags":[],"yoast_head":"<!-- This site is optimized with the Yoast SEO plugin v18.0 - https:\/\/yoast.com\/wordpress\/plugins\/seo\/ -->\n<title>Festival del Cinema Europeo 2014 | Arte e Luoghi<\/title>\n<meta name=\"robots\" content=\"index, follow, max-snippet:-1, max-image-preview:large, max-video-preview:-1\" \/>\n<link rel=\"canonical\" href=\"https:\/\/arteeluoghi.it\/index.php\/2014\/04\/29\/festival-del-cinema-europeo-2014\/\" \/>\n<meta property=\"og:locale\" content=\"it_IT\" \/>\n<meta property=\"og:type\" content=\"article\" \/>\n<meta property=\"og:title\" content=\"Festival del Cinema Europeo 2014 | Arte e Luoghi\" \/>\n<meta property=\"og:description\" content=\"\u00a0 Riflettori su Gianni Volpi, Mario Bava e Jasmila Zbanic \u00a0da ImovePugliaTV Il Festival del Cinema Europeo 2014 parte come\" \/>\n<meta property=\"og:url\" content=\"https:\/\/arteeluoghi.it\/index.php\/2014\/04\/29\/festival-del-cinema-europeo-2014\/\" \/>\n<meta property=\"og:site_name\" content=\"Arte e Luoghi\" \/>\n<meta property=\"article:publisher\" content=\"https:\/\/www.facebook.com\/ArteELuoghi\/\" \/>\n<meta property=\"article:published_time\" content=\"2014-04-29T17:32:58+00:00\" \/>\n<meta name=\"twitter:card\" content=\"summary\" \/>\n<meta name=\"twitter:creator\" content=\"@arteeluoghi\" \/>\n<meta name=\"twitter:site\" content=\"@arteeluoghi\" \/>\n<meta name=\"twitter:label1\" content=\"Scritto da\" \/>\n\t<meta name=\"twitter:data1\" content=\"Staff\" \/>\n\t<meta name=\"twitter:label2\" content=\"Tempo di lettura stimato\" \/>\n\t<meta name=\"twitter:data2\" content=\"2 minuti\" \/>\n<script type=\"application\/ld+json\" class=\"yoast-schema-graph\">{\"@context\":\"https:\/\/schema.org\",\"@graph\":[{\"@type\":\"Organization\",\"@id\":\"https:\/\/arteeluoghi.it\/#organization\",\"name\":\"Arte e Luoghi\",\"url\":\"https:\/\/arteeluoghi.it\/\",\"sameAs\":[\"https:\/\/www.facebook.com\/ArteELuoghi\/\",\"https:\/\/www.instagram.com\/arteeluoghi\/?hl=it\",\"https:\/\/www.youtube.com\/channel\/UCuRVc4JW4-C5sg9rQB-srkw?view_as=subscriber\",\"https:\/\/twitter.com\/arteeluoghi\"],\"logo\":{\"@type\":\"ImageObject\",\"@id\":\"https:\/\/arteeluoghi.it\/#logo\",\"inLanguage\":\"it-IT\",\"url\":\"https:\/\/arteeluoghi.it\/wp-content\/uploads\/2018\/08\/logoinstagramarte.jpg\",\"contentUrl\":\"https:\/\/arteeluoghi.it\/wp-content\/uploads\/2018\/08\/logoinstagramarte.jpg\",\"width\":150,\"height\":150,\"caption\":\"Arte e Luoghi\"},\"image\":{\"@id\":\"https:\/\/arteeluoghi.it\/#logo\"}},{\"@type\":\"WebSite\",\"@id\":\"https:\/\/arteeluoghi.it\/#website\",\"url\":\"https:\/\/arteeluoghi.it\/\",\"name\":\"Arte e Luoghi\",\"description\":\"Mensile di arte, cultura, turismo e curiosit\u00e0\",\"publisher\":{\"@id\":\"https:\/\/arteeluoghi.it\/#organization\"},\"potentialAction\":[{\"@type\":\"SearchAction\",\"target\":{\"@type\":\"EntryPoint\",\"urlTemplate\":\"https:\/\/arteeluoghi.it\/?s={search_term_string}\"},\"query-input\":\"required name=search_term_string\"}],\"inLanguage\":\"it-IT\"},{\"@type\":\"WebPage\",\"@id\":\"https:\/\/arteeluoghi.it\/index.php\/2014\/04\/29\/festival-del-cinema-europeo-2014\/#webpage\",\"url\":\"https:\/\/arteeluoghi.it\/index.php\/2014\/04\/29\/festival-del-cinema-europeo-2014\/\",\"name\":\"Festival del Cinema Europeo 2014 | Arte e Luoghi\",\"isPartOf\":{\"@id\":\"https:\/\/arteeluoghi.it\/#website\"},\"datePublished\":\"2014-04-29T17:32:58+00:00\",\"dateModified\":\"2014-04-29T17:32:58+00:00\",\"breadcrumb\":{\"@id\":\"https:\/\/arteeluoghi.it\/index.php\/2014\/04\/29\/festival-del-cinema-europeo-2014\/#breadcrumb\"},\"inLanguage\":\"it-IT\",\"potentialAction\":[{\"@type\":\"ReadAction\",\"target\":[\"https:\/\/arteeluoghi.it\/index.php\/2014\/04\/29\/festival-del-cinema-europeo-2014\/\"]}]},{\"@type\":\"BreadcrumbList\",\"@id\":\"https:\/\/arteeluoghi.it\/index.php\/2014\/04\/29\/festival-del-cinema-europeo-2014\/#breadcrumb\",\"itemListElement\":[{\"@type\":\"ListItem\",\"position\":1,\"name\":\"Home\",\"item\":\"https:\/\/arteeluoghi.it\/\"},{\"@type\":\"ListItem\",\"position\":2,\"name\":\"Festival del Cinema Europeo 2014\"}]},{\"@type\":\"Article\",\"@id\":\"https:\/\/arteeluoghi.it\/index.php\/2014\/04\/29\/festival-del-cinema-europeo-2014\/#article\",\"isPartOf\":{\"@id\":\"https:\/\/arteeluoghi.it\/index.php\/2014\/04\/29\/festival-del-cinema-europeo-2014\/#webpage\"},\"author\":{\"@id\":\"https:\/\/arteeluoghi.it\/#\/schema\/person\/f84e814e36e91e01448ee07eaadd41d4\"},\"headline\":\"Festival del Cinema Europeo 2014\",\"datePublished\":\"2014-04-29T17:32:58+00:00\",\"dateModified\":\"2014-04-29T17:32:58+00:00\",\"mainEntityOfPage\":{\"@id\":\"https:\/\/arteeluoghi.it\/index.php\/2014\/04\/29\/festival-del-cinema-europeo-2014\/#webpage\"},\"wordCount\":306,\"commentCount\":0,\"publisher\":{\"@id\":\"https:\/\/arteeluoghi.it\/#organization\"},\"articleSection\":[\"da imovepuglia.tv\"],\"inLanguage\":\"it-IT\",\"potentialAction\":[{\"@type\":\"CommentAction\",\"name\":\"Comment\",\"target\":[\"https:\/\/arteeluoghi.it\/index.php\/2014\/04\/29\/festival-del-cinema-europeo-2014\/#respond\"]}]},{\"@type\":\"Person\",\"@id\":\"https:\/\/arteeluoghi.it\/#\/schema\/person\/f84e814e36e91e01448ee07eaadd41d4\",\"name\":\"Staff\",\"image\":{\"@type\":\"ImageObject\",\"@id\":\"https:\/\/arteeluoghi.it\/#personlogo\",\"inLanguage\":\"it-IT\",\"url\":\"https:\/\/secure.gravatar.com\/avatar\/49d2f9e46271bb04e19cebfaf141313a?s=96&d=blank&r=g\",\"contentUrl\":\"https:\/\/secure.gravatar.com\/avatar\/49d2f9e46271bb04e19cebfaf141313a?s=96&d=blank&r=g\",\"caption\":\"Staff\"}}]}<\/script>\n<!-- \/ Yoast SEO plugin. -->","yoast_head_json":{"title":"Festival del Cinema Europeo 2014 | Arte e Luoghi","robots":{"index":"index","follow":"follow","max-snippet":"max-snippet:-1","max-image-preview":"max-image-preview:large","max-video-preview":"max-video-preview:-1"},"canonical":"https:\/\/arteeluoghi.it\/index.php\/2014\/04\/29\/festival-del-cinema-europeo-2014\/","og_locale":"it_IT","og_type":"article","og_title":"Festival del Cinema Europeo 2014 | Arte e Luoghi","og_description":"\u00a0 Riflettori su Gianni Volpi, Mario Bava e Jasmila Zbanic \u00a0da ImovePugliaTV Il Festival del Cinema Europeo 2014 parte come","og_url":"https:\/\/arteeluoghi.it\/index.php\/2014\/04\/29\/festival-del-cinema-europeo-2014\/","og_site_name":"Arte e Luoghi","article_publisher":"https:\/\/www.facebook.com\/ArteELuoghi\/","article_published_time":"2014-04-29T17:32:58+00:00","twitter_card":"summary","twitter_creator":"@arteeluoghi","twitter_site":"@arteeluoghi","twitter_misc":{"Scritto da":"Staff","Tempo di lettura stimato":"2 minuti"},"schema":{"@context":"https:\/\/schema.org","@graph":[{"@type":"Organization","@id":"https:\/\/arteeluoghi.it\/#organization","name":"Arte e Luoghi","url":"https:\/\/arteeluoghi.it\/","sameAs":["https:\/\/www.facebook.com\/ArteELuoghi\/","https:\/\/www.instagram.com\/arteeluoghi\/?hl=it","https:\/\/www.youtube.com\/channel\/UCuRVc4JW4-C5sg9rQB-srkw?view_as=subscriber","https:\/\/twitter.com\/arteeluoghi"],"logo":{"@type":"ImageObject","@id":"https:\/\/arteeluoghi.it\/#logo","inLanguage":"it-IT","url":"https:\/\/arteeluoghi.it\/wp-content\/uploads\/2018\/08\/logoinstagramarte.jpg","contentUrl":"https:\/\/arteeluoghi.it\/wp-content\/uploads\/2018\/08\/logoinstagramarte.jpg","width":150,"height":150,"caption":"Arte e Luoghi"},"image":{"@id":"https:\/\/arteeluoghi.it\/#logo"}},{"@type":"WebSite","@id":"https:\/\/arteeluoghi.it\/#website","url":"https:\/\/arteeluoghi.it\/","name":"Arte e Luoghi","description":"Mensile di arte, cultura, turismo e curiosit\u00e0","publisher":{"@id":"https:\/\/arteeluoghi.it\/#organization"},"potentialAction":[{"@type":"SearchAction","target":{"@type":"EntryPoint","urlTemplate":"https:\/\/arteeluoghi.it\/?s={search_term_string}"},"query-input":"required name=search_term_string"}],"inLanguage":"it-IT"},{"@type":"WebPage","@id":"https:\/\/arteeluoghi.it\/index.php\/2014\/04\/29\/festival-del-cinema-europeo-2014\/#webpage","url":"https:\/\/arteeluoghi.it\/index.php\/2014\/04\/29\/festival-del-cinema-europeo-2014\/","name":"Festival del Cinema Europeo 2014 | Arte e Luoghi","isPartOf":{"@id":"https:\/\/arteeluoghi.it\/#website"},"datePublished":"2014-04-29T17:32:58+00:00","dateModified":"2014-04-29T17:32:58+00:00","breadcrumb":{"@id":"https:\/\/arteeluoghi.it\/index.php\/2014\/04\/29\/festival-del-cinema-europeo-2014\/#breadcrumb"},"inLanguage":"it-IT","potentialAction":[{"@type":"ReadAction","target":["https:\/\/arteeluoghi.it\/index.php\/2014\/04\/29\/festival-del-cinema-europeo-2014\/"]}]},{"@type":"BreadcrumbList","@id":"https:\/\/arteeluoghi.it\/index.php\/2014\/04\/29\/festival-del-cinema-europeo-2014\/#breadcrumb","itemListElement":[{"@type":"ListItem","position":1,"name":"Home","item":"https:\/\/arteeluoghi.it\/"},{"@type":"ListItem","position":2,"name":"Festival del Cinema Europeo 2014"}]},{"@type":"Article","@id":"https:\/\/arteeluoghi.it\/index.php\/2014\/04\/29\/festival-del-cinema-europeo-2014\/#article","isPartOf":{"@id":"https:\/\/arteeluoghi.it\/index.php\/2014\/04\/29\/festival-del-cinema-europeo-2014\/#webpage"},"author":{"@id":"https:\/\/arteeluoghi.it\/#\/schema\/person\/f84e814e36e91e01448ee07eaadd41d4"},"headline":"Festival del Cinema Europeo 2014","datePublished":"2014-04-29T17:32:58+00:00","dateModified":"2014-04-29T17:32:58+00:00","mainEntityOfPage":{"@id":"https:\/\/arteeluoghi.it\/index.php\/2014\/04\/29\/festival-del-cinema-europeo-2014\/#webpage"},"wordCount":306,"commentCount":0,"publisher":{"@id":"https:\/\/arteeluoghi.it\/#organization"},"articleSection":["da imovepuglia.tv"],"inLanguage":"it-IT","potentialAction":[{"@type":"CommentAction","name":"Comment","target":["https:\/\/arteeluoghi.it\/index.php\/2014\/04\/29\/festival-del-cinema-europeo-2014\/#respond"]}]},{"@type":"Person","@id":"https:\/\/arteeluoghi.it\/#\/schema\/person\/f84e814e36e91e01448ee07eaadd41d4","name":"Staff","image":{"@type":"ImageObject","@id":"https:\/\/arteeluoghi.it\/#personlogo","inLanguage":"it-IT","url":"https:\/\/secure.gravatar.com\/avatar\/49d2f9e46271bb04e19cebfaf141313a?s=96&d=blank&r=g","contentUrl":"https:\/\/secure.gravatar.com\/avatar\/49d2f9e46271bb04e19cebfaf141313a?s=96&d=blank&r=g","caption":"Staff"}}]}},"_links":{"self":[{"href":"https:\/\/arteeluoghi.it\/index.php\/wp-json\/wp\/v2\/posts\/1683"}],"collection":[{"href":"https:\/\/arteeluoghi.it\/index.php\/wp-json\/wp\/v2\/posts"}],"about":[{"href":"https:\/\/arteeluoghi.it\/index.php\/wp-json\/wp\/v2\/types\/post"}],"author":[{"embeddable":true,"href":"https:\/\/arteeluoghi.it\/index.php\/wp-json\/wp\/v2\/users\/1"}],"replies":[{"embeddable":true,"href":"https:\/\/arteeluoghi.it\/index.php\/wp-json\/wp\/v2\/comments?post=1683"}],"version-history":[{"count":0,"href":"https:\/\/arteeluoghi.it\/index.php\/wp-json\/wp\/v2\/posts\/1683\/revisions"}],"wp:attachment":[{"href":"https:\/\/arteeluoghi.it\/index.php\/wp-json\/wp\/v2\/media?parent=1683"}],"wp:term":[{"taxonomy":"category","embeddable":true,"href":"https:\/\/arteeluoghi.it\/index.php\/wp-json\/wp\/v2\/categories?post=1683"},{"taxonomy":"post_tag","embeddable":true,"href":"https:\/\/arteeluoghi.it\/index.php\/wp-json\/wp\/v2\/tags?post=1683"}],"curies":[{"name":"wp","href":"https:\/\/api.w.org\/{rel}","templated":true}]}}