{"id":1684,"date":"2014-04-29T21:09:43","date_gmt":"2014-04-29T19:09:43","guid":{"rendered":"http:\/\/arteeluoghi.it\/index.php\/2014\/04\/29\/cinema-e-carcere\/"},"modified":"2014-04-29T21:09:43","modified_gmt":"2014-04-29T19:09:43","slug":"cinema-e-carcere","status":"publish","type":"post","link":"https:\/\/arteeluoghi.it\/index.php\/2014\/04\/29\/cinema-e-carcere\/","title":{"rendered":"Cinema e carcere"},"content":{"rendered":"<p class=\"ecxmsonormal\" style=\"text-align: left;\" align=\"center\"><img src=\"\/images\/FTG%20SBARRE.jpg\" border=\"0\" title=\"Sbarre, documentario realizzato dal Centro Sperimentale di Cinematografia nell'ambito di un laboratorio didattico curato dal regista Daniele Segre\" width=\"300\" style=\"margin: 21px; float: right;\" \/>Marted\u00ec 30 aprile 2014. E nel carcere di Borgo San Nicola il film di Caterina Gerardi<\/p>\n<p class=\"ecxmsonormal\" style=\"text-align: left;\" align=\"center\"><strong>A Lecce l\u2019anteprima nazionale di \u201cSbarre\u201d<\/strong><\/p>\n<p class=\"ecxmsonormal\" align=\"center\"><strong>\u00a0<br \/><\/strong><\/p>\n<p class=\"ecxmsonormal\">Per la terza giornata del Festival del Cinema Europeo al Multisala Massimo arriver\u00e0 \u201c<strong>Sbarre<\/strong>\u201d, un\u2019altra anteprima nazionale al Festival del Cinema Europeo. Si tratta di un film documentario realizzato dal Centro Sperimentale di Cinematografia nell&#8217;ambito di un laboratorio didattico curato dal regista Daniele Segre con gli allievi del secondo anno dei corsi di regia, sceneggiatura, suono e montaggio.<\/p>\n<p class=\"ecxmsonormal\">Il docufilm, proiettato marted\u00ec 29 nel carcere di Lecce, ha come protagonisti le detenute, i detenuti e gli agenti di polizia penitenziaria del Nuovo Complesso Penitenziario di Firenze Sollicciano. Guardando nell&#8217;obiettivo della telecamera, i protagonisti ripresi in primo piano raccontano la quotidianit\u00e0 della loro vita in carcere, dal giorno del loro arrivo alle difficolt\u00e0 di convivenza in una situazione di grave sovraffollamento, alla carenza di personale di sorveglianza.<\/p>\n<p>  <!--more-->  <\/p>\n<p class=\"ecxmsonormal\">\u00a0<\/p>\n<p class=\"ecxmsonormal\">Prima della proiezione, alle 18 in sala 4, ci sar\u00e0 un incontro con il regista e Caterina d\u2019Amico (Preside della scuola nazionale di Cinema).<\/p>\n<p class=\"ecxmsonormal\">Sbarre prosegue l\u2019esperienza iniziata da due anni dal Fes<strong><img src=\"\/images\/gerardi1.jpg\" border=\"0\" width=\"300\" style=\"margin: 21px; float: left;\" \/><\/strong>tival nella Casa Circondariale di Lecce, con il film \u201cCesare deve morire\u201d. In linea con il progetto del Ministro Andrea Orlando, il Festival proporr\u00e0 in tutto quattro eventi all&#8217;interno della sede del penitenziario leccese e dedicher\u00e0 al tema una serie di proiezioni della sezione \u201cCinema e Realt\u00e0\u201d.<\/p>\n<p class=\"ecxmsonormal\">Alle 21, in sala 3, sar\u00e0 proiettato il film \u201c<strong>Nella casa di Borgo San Nicola<\/strong>\u201d di Caterina Gerardi. All\u2019incontro con la regista, prima della proiezione, interverranno anche Silvia Baraldini (ex detenuta politica negli USA) e Margherita Michelini (Direttrice del carcere Gozzini di Firenze). Il film narra sogni, speranze, rimpianti e sofferenze delle detenute, ritenendo fondamentale di poter contribuire a dare una visione pi\u00f9 ampia del carcere, non solo come luogo afflittivo di pena, ma anche come luogo aperto alla realt\u00e0 del &#8220;fuori&#8221; e del &#8220;dopo&#8221;.<\/p>\n<p class=\"ecxmsonormal\">\u00a0<\/p>\n<p class=\"ecxmsonormal\">Ampio spazio sar\u00e0 dedicato domani al ricordo di <strong>Arnoldo Fo\u00e0<\/strong>. Alle 18.30, nella sala Pignatelli del castello Carlo V, sar\u00e0 presentato il libro \u201cIo, il teatro. Arnoldo Fo\u00e0 racconta se stesso\u201d di Anna Procaccini Fo\u00e0, pubblicato dal Festival del Cinema Europeo con Rubbettino Editore. Interverranno l\u2019autrice, l\u2019attrice Pamela Villoresi, Cosimo Damiano Damato e Rocco Capri Chiumarulo.<\/p>\n<p class=\"ecxmsonormal\">Alle 21 in sala 1 Pamela Villoresi legger\u00e0 in anteprima assoluta \u201cPericolo di vita\u201d di Arnoldo Fo\u00e0, tratto da un racconto inedito scritto da Fo\u00e0. Rocco Capri Chiumarulo invece, prester\u00e0 la sua voce a \u201cLamento per Ignacio S\u00e1nchez Mej\u00edas\u201d di Garc\u00eda Lorca. A seguire saranno proiettati il cortometraggio \u201cPretexto andaluso\u201d di Letizia Lamartire e il film \u201cIo sono il teatro. Arnoldo Fo\u00e0 raccontato da Fo\u00e0\u201d del regista pugliese Cosimo Damiano Damato. In sala sar\u00e0 presente anche Anna Procaccini Fo\u00e0.<\/p>\n<p class=\"ecxmsonormal\">(fonte: comunicato stampa)<\/p>\n","protected":false},"excerpt":{"rendered":"<p>Marted\u00ec 30 aprile 2014. E nel carcere di Borgo San Nicola il film di Caterina Gerardi A Lecce l\u2019anteprima nazionale<\/p>\n","protected":false},"author":1,"featured_media":0,"comment_status":"open","ping_status":"open","sticky":false,"template":"","format":"standard","meta":[],"categories":[29],"tags":[],"yoast_head":"<!-- This site is optimized with the Yoast SEO plugin v18.0 - https:\/\/yoast.com\/wordpress\/plugins\/seo\/ -->\n<title>Cinema e carcere | Arte e Luoghi<\/title>\n<meta name=\"robots\" content=\"index, follow, max-snippet:-1, max-image-preview:large, max-video-preview:-1\" \/>\n<link rel=\"canonical\" href=\"https:\/\/arteeluoghi.it\/index.php\/2014\/04\/29\/cinema-e-carcere\/\" \/>\n<meta property=\"og:locale\" content=\"it_IT\" \/>\n<meta property=\"og:type\" content=\"article\" \/>\n<meta property=\"og:title\" content=\"Cinema e carcere | Arte e Luoghi\" \/>\n<meta property=\"og:description\" content=\"Marted\u00ec 30 aprile 2014. E nel carcere di Borgo San Nicola il film di Caterina Gerardi A Lecce l\u2019anteprima nazionale\" \/>\n<meta property=\"og:url\" content=\"https:\/\/arteeluoghi.it\/index.php\/2014\/04\/29\/cinema-e-carcere\/\" \/>\n<meta property=\"og:site_name\" content=\"Arte e Luoghi\" \/>\n<meta property=\"article:publisher\" content=\"https:\/\/www.facebook.com\/ArteELuoghi\/\" \/>\n<meta property=\"article:published_time\" content=\"2014-04-29T19:09:43+00:00\" \/>\n<meta property=\"og:image\" content=\"https:\/\/arteeluoghi.it\/images\/FTG%20SBARRE.jpg\" \/>\n<meta name=\"twitter:card\" content=\"summary\" \/>\n<meta name=\"twitter:creator\" content=\"@arteeluoghi\" \/>\n<meta name=\"twitter:site\" content=\"@arteeluoghi\" \/>\n<meta name=\"twitter:label1\" content=\"Scritto da\" \/>\n\t<meta name=\"twitter:data1\" content=\"Staff\" \/>\n\t<meta name=\"twitter:label2\" content=\"Tempo di lettura stimato\" \/>\n\t<meta name=\"twitter:data2\" content=\"2 minuti\" \/>\n<script type=\"application\/ld+json\" class=\"yoast-schema-graph\">{\"@context\":\"https:\/\/schema.org\",\"@graph\":[{\"@type\":\"Organization\",\"@id\":\"https:\/\/arteeluoghi.it\/#organization\",\"name\":\"Arte e Luoghi\",\"url\":\"https:\/\/arteeluoghi.it\/\",\"sameAs\":[\"https:\/\/www.facebook.com\/ArteELuoghi\/\",\"https:\/\/www.instagram.com\/arteeluoghi\/?hl=it\",\"https:\/\/www.youtube.com\/channel\/UCuRVc4JW4-C5sg9rQB-srkw?view_as=subscriber\",\"https:\/\/twitter.com\/arteeluoghi\"],\"logo\":{\"@type\":\"ImageObject\",\"@id\":\"https:\/\/arteeluoghi.it\/#logo\",\"inLanguage\":\"it-IT\",\"url\":\"https:\/\/arteeluoghi.it\/wp-content\/uploads\/2018\/08\/logoinstagramarte.jpg\",\"contentUrl\":\"https:\/\/arteeluoghi.it\/wp-content\/uploads\/2018\/08\/logoinstagramarte.jpg\",\"width\":150,\"height\":150,\"caption\":\"Arte e Luoghi\"},\"image\":{\"@id\":\"https:\/\/arteeluoghi.it\/#logo\"}},{\"@type\":\"WebSite\",\"@id\":\"https:\/\/arteeluoghi.it\/#website\",\"url\":\"https:\/\/arteeluoghi.it\/\",\"name\":\"Arte e Luoghi\",\"description\":\"Mensile di arte, cultura, turismo e curiosit\u00e0\",\"publisher\":{\"@id\":\"https:\/\/arteeluoghi.it\/#organization\"},\"potentialAction\":[{\"@type\":\"SearchAction\",\"target\":{\"@type\":\"EntryPoint\",\"urlTemplate\":\"https:\/\/arteeluoghi.it\/?s={search_term_string}\"},\"query-input\":\"required name=search_term_string\"}],\"inLanguage\":\"it-IT\"},{\"@type\":\"ImageObject\",\"@id\":\"https:\/\/arteeluoghi.it\/index.php\/2014\/04\/29\/cinema-e-carcere\/#primaryimage\",\"inLanguage\":\"it-IT\",\"url\":\"\/images\/FTG%20SBARRE.jpg\",\"contentUrl\":\"\/images\/FTG%20SBARRE.jpg\"},{\"@type\":\"WebPage\",\"@id\":\"https:\/\/arteeluoghi.it\/index.php\/2014\/04\/29\/cinema-e-carcere\/#webpage\",\"url\":\"https:\/\/arteeluoghi.it\/index.php\/2014\/04\/29\/cinema-e-carcere\/\",\"name\":\"Cinema e carcere | Arte e Luoghi\",\"isPartOf\":{\"@id\":\"https:\/\/arteeluoghi.it\/#website\"},\"primaryImageOfPage\":{\"@id\":\"https:\/\/arteeluoghi.it\/index.php\/2014\/04\/29\/cinema-e-carcere\/#primaryimage\"},\"datePublished\":\"2014-04-29T19:09:43+00:00\",\"dateModified\":\"2014-04-29T19:09:43+00:00\",\"breadcrumb\":{\"@id\":\"https:\/\/arteeluoghi.it\/index.php\/2014\/04\/29\/cinema-e-carcere\/#breadcrumb\"},\"inLanguage\":\"it-IT\",\"potentialAction\":[{\"@type\":\"ReadAction\",\"target\":[\"https:\/\/arteeluoghi.it\/index.php\/2014\/04\/29\/cinema-e-carcere\/\"]}]},{\"@type\":\"BreadcrumbList\",\"@id\":\"https:\/\/arteeluoghi.it\/index.php\/2014\/04\/29\/cinema-e-carcere\/#breadcrumb\",\"itemListElement\":[{\"@type\":\"ListItem\",\"position\":1,\"name\":\"Home\",\"item\":\"https:\/\/arteeluoghi.it\/\"},{\"@type\":\"ListItem\",\"position\":2,\"name\":\"Cinema e carcere\"}]},{\"@type\":\"Article\",\"@id\":\"https:\/\/arteeluoghi.it\/index.php\/2014\/04\/29\/cinema-e-carcere\/#article\",\"isPartOf\":{\"@id\":\"https:\/\/arteeluoghi.it\/index.php\/2014\/04\/29\/cinema-e-carcere\/#webpage\"},\"author\":{\"@id\":\"https:\/\/arteeluoghi.it\/#\/schema\/person\/f84e814e36e91e01448ee07eaadd41d4\"},\"headline\":\"Cinema e carcere\",\"datePublished\":\"2014-04-29T19:09:43+00:00\",\"dateModified\":\"2014-04-29T19:09:43+00:00\",\"mainEntityOfPage\":{\"@id\":\"https:\/\/arteeluoghi.it\/index.php\/2014\/04\/29\/cinema-e-carcere\/#webpage\"},\"wordCount\":453,\"commentCount\":0,\"publisher\":{\"@id\":\"https:\/\/arteeluoghi.it\/#organization\"},\"image\":{\"@id\":\"https:\/\/arteeluoghi.it\/index.php\/2014\/04\/29\/cinema-e-carcere\/#primaryimage\"},\"thumbnailUrl\":\"\/images\/FTG%20SBARRE.jpg\",\"articleSection\":[\"Cinema\"],\"inLanguage\":\"it-IT\",\"potentialAction\":[{\"@type\":\"CommentAction\",\"name\":\"Comment\",\"target\":[\"https:\/\/arteeluoghi.it\/index.php\/2014\/04\/29\/cinema-e-carcere\/#respond\"]}]},{\"@type\":\"Person\",\"@id\":\"https:\/\/arteeluoghi.it\/#\/schema\/person\/f84e814e36e91e01448ee07eaadd41d4\",\"name\":\"Staff\",\"image\":{\"@type\":\"ImageObject\",\"@id\":\"https:\/\/arteeluoghi.it\/#personlogo\",\"inLanguage\":\"it-IT\",\"url\":\"https:\/\/secure.gravatar.com\/avatar\/49d2f9e46271bb04e19cebfaf141313a?s=96&d=blank&r=g\",\"contentUrl\":\"https:\/\/secure.gravatar.com\/avatar\/49d2f9e46271bb04e19cebfaf141313a?s=96&d=blank&r=g\",\"caption\":\"Staff\"}}]}<\/script>\n<!-- \/ Yoast SEO plugin. -->","yoast_head_json":{"title":"Cinema e carcere | Arte e Luoghi","robots":{"index":"index","follow":"follow","max-snippet":"max-snippet:-1","max-image-preview":"max-image-preview:large","max-video-preview":"max-video-preview:-1"},"canonical":"https:\/\/arteeluoghi.it\/index.php\/2014\/04\/29\/cinema-e-carcere\/","og_locale":"it_IT","og_type":"article","og_title":"Cinema e carcere | Arte e Luoghi","og_description":"Marted\u00ec 30 aprile 2014. E nel carcere di Borgo San Nicola il film di Caterina Gerardi A Lecce l\u2019anteprima nazionale","og_url":"https:\/\/arteeluoghi.it\/index.php\/2014\/04\/29\/cinema-e-carcere\/","og_site_name":"Arte e Luoghi","article_publisher":"https:\/\/www.facebook.com\/ArteELuoghi\/","article_published_time":"2014-04-29T19:09:43+00:00","og_image":[{"url":"https:\/\/arteeluoghi.it\/images\/FTG%20SBARRE.jpg"}],"twitter_card":"summary","twitter_creator":"@arteeluoghi","twitter_site":"@arteeluoghi","twitter_misc":{"Scritto da":"Staff","Tempo di lettura stimato":"2 minuti"},"schema":{"@context":"https:\/\/schema.org","@graph":[{"@type":"Organization","@id":"https:\/\/arteeluoghi.it\/#organization","name":"Arte e Luoghi","url":"https:\/\/arteeluoghi.it\/","sameAs":["https:\/\/www.facebook.com\/ArteELuoghi\/","https:\/\/www.instagram.com\/arteeluoghi\/?hl=it","https:\/\/www.youtube.com\/channel\/UCuRVc4JW4-C5sg9rQB-srkw?view_as=subscriber","https:\/\/twitter.com\/arteeluoghi"],"logo":{"@type":"ImageObject","@id":"https:\/\/arteeluoghi.it\/#logo","inLanguage":"it-IT","url":"https:\/\/arteeluoghi.it\/wp-content\/uploads\/2018\/08\/logoinstagramarte.jpg","contentUrl":"https:\/\/arteeluoghi.it\/wp-content\/uploads\/2018\/08\/logoinstagramarte.jpg","width":150,"height":150,"caption":"Arte e Luoghi"},"image":{"@id":"https:\/\/arteeluoghi.it\/#logo"}},{"@type":"WebSite","@id":"https:\/\/arteeluoghi.it\/#website","url":"https:\/\/arteeluoghi.it\/","name":"Arte e Luoghi","description":"Mensile di arte, cultura, turismo e curiosit\u00e0","publisher":{"@id":"https:\/\/arteeluoghi.it\/#organization"},"potentialAction":[{"@type":"SearchAction","target":{"@type":"EntryPoint","urlTemplate":"https:\/\/arteeluoghi.it\/?s={search_term_string}"},"query-input":"required name=search_term_string"}],"inLanguage":"it-IT"},{"@type":"ImageObject","@id":"https:\/\/arteeluoghi.it\/index.php\/2014\/04\/29\/cinema-e-carcere\/#primaryimage","inLanguage":"it-IT","url":"\/images\/FTG%20SBARRE.jpg","contentUrl":"\/images\/FTG%20SBARRE.jpg"},{"@type":"WebPage","@id":"https:\/\/arteeluoghi.it\/index.php\/2014\/04\/29\/cinema-e-carcere\/#webpage","url":"https:\/\/arteeluoghi.it\/index.php\/2014\/04\/29\/cinema-e-carcere\/","name":"Cinema e carcere | Arte e Luoghi","isPartOf":{"@id":"https:\/\/arteeluoghi.it\/#website"},"primaryImageOfPage":{"@id":"https:\/\/arteeluoghi.it\/index.php\/2014\/04\/29\/cinema-e-carcere\/#primaryimage"},"datePublished":"2014-04-29T19:09:43+00:00","dateModified":"2014-04-29T19:09:43+00:00","breadcrumb":{"@id":"https:\/\/arteeluoghi.it\/index.php\/2014\/04\/29\/cinema-e-carcere\/#breadcrumb"},"inLanguage":"it-IT","potentialAction":[{"@type":"ReadAction","target":["https:\/\/arteeluoghi.it\/index.php\/2014\/04\/29\/cinema-e-carcere\/"]}]},{"@type":"BreadcrumbList","@id":"https:\/\/arteeluoghi.it\/index.php\/2014\/04\/29\/cinema-e-carcere\/#breadcrumb","itemListElement":[{"@type":"ListItem","position":1,"name":"Home","item":"https:\/\/arteeluoghi.it\/"},{"@type":"ListItem","position":2,"name":"Cinema e carcere"}]},{"@type":"Article","@id":"https:\/\/arteeluoghi.it\/index.php\/2014\/04\/29\/cinema-e-carcere\/#article","isPartOf":{"@id":"https:\/\/arteeluoghi.it\/index.php\/2014\/04\/29\/cinema-e-carcere\/#webpage"},"author":{"@id":"https:\/\/arteeluoghi.it\/#\/schema\/person\/f84e814e36e91e01448ee07eaadd41d4"},"headline":"Cinema e carcere","datePublished":"2014-04-29T19:09:43+00:00","dateModified":"2014-04-29T19:09:43+00:00","mainEntityOfPage":{"@id":"https:\/\/arteeluoghi.it\/index.php\/2014\/04\/29\/cinema-e-carcere\/#webpage"},"wordCount":453,"commentCount":0,"publisher":{"@id":"https:\/\/arteeluoghi.it\/#organization"},"image":{"@id":"https:\/\/arteeluoghi.it\/index.php\/2014\/04\/29\/cinema-e-carcere\/#primaryimage"},"thumbnailUrl":"\/images\/FTG%20SBARRE.jpg","articleSection":["Cinema"],"inLanguage":"it-IT","potentialAction":[{"@type":"CommentAction","name":"Comment","target":["https:\/\/arteeluoghi.it\/index.php\/2014\/04\/29\/cinema-e-carcere\/#respond"]}]},{"@type":"Person","@id":"https:\/\/arteeluoghi.it\/#\/schema\/person\/f84e814e36e91e01448ee07eaadd41d4","name":"Staff","image":{"@type":"ImageObject","@id":"https:\/\/arteeluoghi.it\/#personlogo","inLanguage":"it-IT","url":"https:\/\/secure.gravatar.com\/avatar\/49d2f9e46271bb04e19cebfaf141313a?s=96&d=blank&r=g","contentUrl":"https:\/\/secure.gravatar.com\/avatar\/49d2f9e46271bb04e19cebfaf141313a?s=96&d=blank&r=g","caption":"Staff"}}]}},"_links":{"self":[{"href":"https:\/\/arteeluoghi.it\/index.php\/wp-json\/wp\/v2\/posts\/1684"}],"collection":[{"href":"https:\/\/arteeluoghi.it\/index.php\/wp-json\/wp\/v2\/posts"}],"about":[{"href":"https:\/\/arteeluoghi.it\/index.php\/wp-json\/wp\/v2\/types\/post"}],"author":[{"embeddable":true,"href":"https:\/\/arteeluoghi.it\/index.php\/wp-json\/wp\/v2\/users\/1"}],"replies":[{"embeddable":true,"href":"https:\/\/arteeluoghi.it\/index.php\/wp-json\/wp\/v2\/comments?post=1684"}],"version-history":[{"count":0,"href":"https:\/\/arteeluoghi.it\/index.php\/wp-json\/wp\/v2\/posts\/1684\/revisions"}],"wp:attachment":[{"href":"https:\/\/arteeluoghi.it\/index.php\/wp-json\/wp\/v2\/media?parent=1684"}],"wp:term":[{"taxonomy":"category","embeddable":true,"href":"https:\/\/arteeluoghi.it\/index.php\/wp-json\/wp\/v2\/categories?post=1684"},{"taxonomy":"post_tag","embeddable":true,"href":"https:\/\/arteeluoghi.it\/index.php\/wp-json\/wp\/v2\/tags?post=1684"}],"curies":[{"name":"wp","href":"https:\/\/api.w.org\/{rel}","templated":true}]}}