{"id":1704,"date":"2014-05-17T15:42:06","date_gmt":"2014-05-17T13:42:06","guid":{"rendered":"http:\/\/arteeluoghi.it\/index.php\/2014\/05\/17\/alice-non-sa-peter-si\/"},"modified":"2014-05-17T15:42:06","modified_gmt":"2014-05-17T13:42:06","slug":"alice-non-sa-peter-si","status":"publish","type":"post","link":"https:\/\/arteeluoghi.it\/index.php\/2014\/05\/17\/alice-non-sa-peter-si\/","title":{"rendered":"Alice non sa\u2026 Peter s\u00ec"},"content":{"rendered":"<p><img src=\"\/images\/alice_web480.jpg\" border=\"0\" title=\"il manifesto della mostra\" width=\"300\" style=\"margin: 21px; border: 1px solid black; float: left;\" \/>Dal 17 al 31 maggio 2014 a Lecce nelle sale di Palazzo Vernazza Castromediano<\/p>\n<p><strong>Se l&#8217;arte indaga l&#8217;iinfanzia<\/strong><\/p>\n<p>&#8220;Un interessante incontro fra autori contemporanei che ci riporter\u00e0, grazie al gesto artistico, a quell\u2019et\u00e0 che con il tempo si dimentica: l&#8217;infanzia. La prospettiva della fiaba romantica \u00e8 completamente rovesciata: agli artisti la possibilit\u00e0 di raccontare un mondo interiore, tanto personale quanto idealizzato o dis\/incantato, perch\u00e9 Alice non sapeva, Peter s\u00ec, ma potrebbe esser vero il suo esatto contrario&#8221;. Da questo assunto parte l&#8217;idea della mostra <strong><em>Alice non sa\u2026 Peter<\/em><\/strong> <strong><em>s\u00ec<\/em><\/strong>,\u00a0progetto a cura di Katia Olivieri, organizzata dall\u2019Associazione \u201cLe Ali di Pandora\u201d di Lecce in collaborazione con \u201cArt and Ars Gallery\u201d di Galatina e \u201cPiscina Comunale. spaziodarteincopisteria\u201d di Milano.<\/p>\n<p style=\"text-align: left;\" align=\"center\">Vernissage sabato 17 maggio, ore 19:30. Location della mostra le undici sale di Palazzo Vernazza Castromediano nel cuore di Lecce dove, dal 17 al 31 maggio 2014, saranno ospitate le opere di: Mirek Antoniewicz (Bratislava) &#8211; Matilde De Feo (Napoli) &#8211; Emilio D&#8217;Elia (San Pietro Vernotico &#8211; Brindisi) &#8211; Michele Giangrande (Bari) &#8211; Laboratorio Saccardi: Vincenzo Profeta, Marco Barone (Palermo) &#8211; Maurizio L\u2019Altrella (Sesto San Giovanni &#8211; Milano) &#8211; Adriano Pasquali (Milano) &#8211; Ren\u00e9 Pascal (Milano) &#8211; Giuseppe Stellato (Napoli) &#8211; Paula Sunday\u00a0 (Napoli) &#8211; Paola Zampa (Roma).<\/p>\n<p>  <!--more-->  <\/p>\n<p style=\"text-align: left;\" align=\"center\">\u00a0<\/p>\n<p>La mostra \u201cAlice non sa \u2026Peter s\u00ec\u201d si pone come obiettivo di coinvolgere il pubblico: grazie alla presenza di vari linguaggi, dalla fotografia all\u2019installazione alla pittura ai video di artisti emergenti e altri gi\u00e0 noti sul panorama\u00a0 nazionale ed internazionale, si\u00a0 proporranno nuovi percorsi per osservare e interpretare la realt\u00e0. Ma un&#8217;opera d&#8217;arte rappresenta anche un&#8217;occasione per conoscere il mondo in un&#8217;ottica nuova, addirittura di reinventarlo; crediamo che ogni evento culturale abbia come scopo finale arricchire ed educare il pubblico pi\u00f9 diverso oltre che interrogarsi sul significato e il senso dell\u2019infanzia e della difficolt\u00e0 di diventare adulti. Il nostro metodo \u00e8 accompagnare il visitatore in un&#8217;esperienza che stimoli la capacit\u00e0 di stupirsi, l&#8217;abitudine a interpretare, la voglia di esprimersi e soprattutto sensibilizzare sulle problematiche dell&#8217;infanzia e la necessit\u00e0 di capire l&#8217;altro, perch\u00e9 la citt\u00e0 accoglie spazi e l\u2019animo d\u2019ogni innocente, che dimentichiamo e spesso si consuma l\u2019abominio e l\u2019eccesso sulla carne pensante del nostro domani. Il futuro \u00e8 occhi fanciulli.<\/p>\n<p>In questo intento si indirizza la collaborazione tra le realt\u00e0 organizzatrici e la curatrice, in una sinergia mirata alla tutela e valorizzazione della persona, dei pi\u00f9 deboli, attraverso i linguaggi dell&#8217;arte con un&#8217;attenzione particolare alla legge dell&#8217;ONU del 20 novembre 1959 che sancisce Il Diritto del Fanciullo.\u00a0<\/p>\n<p>Contestualmente sar\u00e0 allestita una collettiva curata da Adriano Pasquali, che presenta pi\u00f9 di cento opere realizzate \u201cin un fazzoletto\u201d, letteralmente s\u2019intende, ovvero create su altrettanti semplici fazzoletti tra i quali spiccano \u201ci fazzoletti\u201d dei detenuti del carcere di Milano. Scrive Luca Rota: \u201cNon solo una mera reinterpretazione fuori dal comune del supporto artistico, ma pure una sorta di metafora del valore di esso e dell\u2019arte stessa, in grado di offrire un certo valore \u2013 estetico, tematico, culturale, sociale persino \u2013 al fruitore anche quando \u201crelegata\u201d su di un supporto cos\u00ec apparentemente limitato e limitante\u2026 Ma, inutile dirlo, quando l\u2019arte \u00e8 di valore (e di nuovo intendo ci\u00f2 in senso artistico, appunto, non certo \u201ccommerciale\u201d!), qualsiasi pur ridotta quantit\u00e0 non sar\u00e0 mai proporzionale alla qualit\u00e0 offerta! E in fondo, appunto, nemmeno al mero godimento estetico di essa\u201d.<\/p>\n<p style=\"text-align: left;\" align=\"center\">\u00a0La mostra \u00e8 patrocinata da Regione Puglia: del Presidente della Giunta Regionale, Provincia di Lecce; Citt\u00e0 di Lecce; Lecce Capitale della Cultura 2019.<\/p>\n<p style=\"text-align: left;\" align=\"center\">red. Arte e Luoghi<\/p>\n<p style=\"text-align: left;\" align=\"center\">\u00a0<\/p>\n<p style=\"text-align: left;\" align=\"center\">Palazzo Vernazza Castromediano- Via dei Conti di Lecce- Lecce &#8211; Italy<\/p>\n<p style=\"text-align: left;\" align=\"center\"><strong>dal 17 al 31 maggio 2014<\/strong><\/p>\n<p style=\"text-align: left;\" align=\"right\">ore 10\/12; 18\/20,30<\/p>\n<p style=\"text-align: left;\" align=\"right\">\u00a0ingresso libero<\/p>\n<p><a href=\"https:\/\/www.facebook.com\/alicenonsapetersi\">www.facebook.com\/alicenonsapetersi<\/a>.<\/p>\n<p><a href=\"http:\/\/www.artandarsgallery.it\/\">http:\/\/www.artandarsgallery.it\/<\/a><\/p>\n<p style=\"text-align: left;\" align=\"right\">https:\/\/www.facebook.com\/events\/625433074211979<\/p>\n<p style=\"text-align: left;\" align=\"center\"><strong>\u00a0<\/strong><\/p>\n<hr \/>\n<p>\u00a0<\/p>\n<p>\u00a0<\/p>\n<p style=\"text-align: left;\" align=\"center\"><strong>GLI ARTISTI<\/strong><\/p>\n<p>\u00a0<\/p>\n<p><strong>Mirek Antoniewicz v<\/strong>ive e lavora a Bratislava. I bambini di Mirek Antoniewicz.<\/p>\n<p>\u00c8 uno stato d\u2019animo quello che trapela dalle immagini dei bambini di Mirek, non un ritratto o un disegno qualunque, ma un sentimento profondo, complesso e piuttosto enigmatico. I colori sfumati, i contorni ed i confini indefiniti delle figure lasciano spazio al dubbio visivo se si tratta di bambini cresciuti troppo in fretta, a volte complici tra loro, con lo sguardo scrutatore, diffidente e la 24 ore tra le mani o di adulti mai cresciuti veramente e mascherati da bambini, quel bambino mai assopito e che ogni tanto salta fuori, lasciando un segno. Fra i premi e Gallerie di rif.: Palm Art Award 2008, i Certificati di Eccellenza, Germania Foundacion Exteril, 1\u00b0 Premio, Gran Premio d\u2019Arte Contemporanea, Porto, Portogallo, European Masters of Modern Art, Menzione d\u2019Onore, Burgau, Austria, XIV Eventi internazionali d&#8217;arte, Museo Cerveira, Portugalia, V Triennale Autoportretu, Nomination al Premio, Radom, Polonia, 6 Biennale Malych Modulo Malarskich, Premio, Torun, Polonia.<\/p>\n<p>\u00a0<\/p>\n<p><strong>Matilde De Feo <\/strong>\u00e8 interprete, regista, operatrice culturale. Si \u00e8 laureata in regia con una tesi in teatro e tecnologie al Dams di Romatre.Si \u00e8 diplomata all\u2019Accademia d\u2019Arte Drammatica del Teatro Bellini di Napoli, formandosi con Alvaro Piccardi, Paolo Giuranna e Giulia Varley.Ha lavorato in teatro con : Gerard Watkins, Marion Aubert, Guy Delamotte, Renato Carpentieri, Pierpaolo Sepe, Pierre Yves Chapelain e i videoartisti Milica Tomic, Vanessa Beecroft, Paolo Rosa (Studio Azzurro), Silavo Agosti. E\u2019 titolare dal 2003 del progetto <strong>mald\u2019\u00e8 <\/strong>che mette in relazione le arti visive a quelle sceniche e con cui ha realizzato una serie di lavoriper il Festival del fil di Roma, Short Film Corner Festival di Cannes, Festival di Volterra, Milano in digitale, Caff\u00e8 Fandango, Napolifilmfestival (menzione speciale), Riccione Tv. Lavora, come docente di teatro e operatrice culturale, e inoltre come doppiatrice di documentari provenienti da tutto il mondo per la Rai, Radio Televisione Italiana.<\/p>\n<p>\u00a0<\/p>\n<p><strong>Emilio D\u2019Elia <\/strong>nasce a San Pietro Vernotico (Br). Vive e lavora a Parigi. La sua pittura affonda le radici nello spirituale, con una forte matrice mistica. Espone in gallerie nazionali e internazionali (Francoforte, Chicago, Bruxelles), in Italia a Firenze, Fortezza da Basso e il museo di Arte Contemporanea di Bergamo (acquisizione di opere). Da diversi anni lavora con la galleria Vidal saint Phalle, l\u2019Istituto di Cultura Italiano e le gallerie Etienne de Causan, Galleria Vivas, Galerie la Petit Consiergerie Paris, Galleria Demetra Milano e Galleria AAM Roma.<\/p>\n<p>\u00a0<\/p>\n<p><strong>Michele Giangrande <\/strong>vive e lavora a Bari dove \u00e8 nato nel 1979. Artista di grande versatilit\u00e0, dotato di graffiante iro\u00adnia, trasfigura la realt\u00e0 giocando con i concetti di essere e apparire. Fin dalle prime ricerche ha con\u00adferito agli oggetti scelti, per lo pi\u00f9 di uso comune, una nuova identit\u00e0. Nella sua ultima mostra personale dal titolo <em>Urwege,<\/em> presso la Paolo Erbetta Gallery di Berlino, espone la sua nuova serie <em>Ceramics<\/em>. Essa consiste in una ricerca dell\u2019arcaico e del primitivo attraverso un approccio sistemico di pittura, scultura, artigianato, instal\u00adlazione e architettura. Partendo dalle proprie origini, l\u2019artista decide di compiere un percorso a ritro\u00adso nelle tradizioni popolari e nella stessa Storia dell\u2019Umanit\u00e0, per giungere alle prime espressioni artistiche e cogliere cos\u00ec la scintilla basilare. Fra le sue pi\u00f9 recenti espo\u00adsizioni ricordiamo nel 2011 <em>Il n&#8217;y a pas de solution parce qu&#8217;il n&#8217;y a pas de probl\u00e8me<\/em>, Officine Farneto Temporary Museum, Roma, e nel 2009 <em>Michele Giangrande<\/em> alla Fondazione Museo Pino Pascali, Polignano a mare. Le sue opere sono presenti in numerose collezioni italiane ed estere.<\/p>\n<p>\u00a0<\/p>\n<p><strong>Il Laboratorio Saccardi<\/strong>,<\/p>\n<p>noto collettivo palermitano, \u00e8 formato da Vincenzo Profeta (Palermo 1977), Marco Barone (Palermo 1978), capaci di esprimersi con \u201cdifferenti linguaggi (dalla pittura, al video, alla fotografia, alla poesia visiva&#8230;) nel segno di un dichiarato intento ludico e dissacratorio\u201d. Il loro lavoro verte principalmente su due temi: l\u2019irrisione dello star-system dell\u2019arte e l\u2019irrisione dell\u2019intellettuale. Tutto parte dalla conoscenza profonda della storia dell\u2019arte da cui traggono inesauribili spunti per poi applicarli a random nei quadri o nei video, senza risparmiare nessuno. Da San Gerolamo nel Box alla Beecroft<strong> g<\/strong>ambizzata, passando dall\u2019onnipresente Picasso con la maglietta a righe, arrivando fino a Warhol con la parrucca bianca.<\/p>\n<p><strong>Maurizio L\u2019Altrella <\/strong>\u00e8 nato a Sesto San Giovanni, Milano, dove vive e lavora. La materia si configura in racconti intimi che sono tuttavia modello archetipico di realt\u00e0 legate all\u2019infanzia, fine dell\u2019infanzia, inizio dell\u2019adolescenza e a tutto il bagaglio emotivo ed immaginario ad esse legato. Indago la facolt\u00e0 di richiamare alla coscienza i desideri e gli affetti e, traducendoli in immagini, li conservo fissandoli in visioni istantanee. L\u2019interesse \u00e8 quello di scavare nel subconscio tra ricordi di atmosfere felici e non. La ricerca legata a questo lavoro si \u00e8 evoluta relativamente alla tecnica pittorica. La sperimentazione di colori ad olio mischiati con smalti lucidi ha dato vita ad atmosfere particolari, molto intimiste, dove il sogno, la visione e i ricordi dialogano con una realt\u00e0 assai peculiare. La costruzione dell\u2019immagine \u00e8 ridotta alla sintesi. La luce e il segno sono le basi fondamentali per una fusione con il fondo, che \u00e8 co-protagonista e, non spalla dei soggetti rappresentati. Galleria di riferimento: RvB Arts, Roma. Gallerie di collaborazione<strong>:<\/strong> Stephan Stumpf, Monaco di Baviera. Delle Battaglie, Brescia.<\/p>\n<p>\u00a0<\/p>\n<p>\u00a0<\/p>\n<p><strong>Adriano Pasquali e Ren\u00e9 Pascal<\/strong>,<\/p>\n<p>parlare di uno senza l&#8217;altro sarebbe strano: sono due artisti cos\u00ec vicini che a tratti si confondono. Non sono una coppia artistica nel senso usuale del termine, non lavorano mai insieme anche se condividono lo studio e spesso usano gli stessi materiali e le medesime tecniche. Non \u00e8 semplice individuare gli elementi che li distinguono l\u2019uno dall&#8217;altro: sembrano poco propensi a rendere chiaramente riconoscibile il proprio lavoro, anzi spesso un quadro di Adriano diventa un pezzo della mostra di Ren\u00e9, a volte un\u2019istallazione di Ren\u00e9 porta la firma di Adriano.<\/p>\n<p>\u00a0<\/p>\n<p><strong>Giuseppe Stellato<\/strong><\/p>\n<p>Caserta, 1979. Laureatosi presso l\u2019Accademia di Belle Arti di Napoli con un progetto di sound art, <em>Giuseppe Stellato<\/em> si dimostra particolarmente interessato alle possibilit\u00e0 offerte dal suono-immagine. Collabora in qualit\u00e0 di sound designer con numerosi artisti provenienti da ambiti diversi come video art, design e teatro. Nel 2009 espone al MADRE di Napoli nell&#8217;ambito di Spot 1, a cura di Adriana Rispoli ed Eugenio Viola, la videoinstallazione \u201cNon si tocca\u201d, un lavoro a carattere immersivo e intangibile in cui \u00e8 il suono a disegnare lo spazio, a raccontare l&#8217;evolversi di un&#8217;azione che si ripete pi\u00f9 volte e che progressivamente emerge con un ritmo narrativo cadenzato e incalzante che sfocia in un finale a sorpresa. Vive e lavora tra Napoli e Caserta.<\/p>\n<p><strong>Paula Sunday<\/strong><\/p>\n<p>Napoli, 1981. Nel 2010 si laurea in Fotografia presso l\u2019Accademia di Belle Arti di Napoli. Ha al suo attivo diverse mostre importanti in Italia ed all\u2019estero. Ha partecipato a numerose collettive di rilievo tra cui la <strong><em>54\u00b0 Biennale di Venezia <\/em><\/strong>(Padiglione Accademie) presso l\u2019arsenale di Venezia, <strong><em>The State of the Art<\/em><\/strong> a cura di Vittorio Sgarbi presso il museo CAM, <strong><em>Celeste Prize<\/em><\/strong> presso lo spazio Invisible Dog di New York e <strong><em>Berlino Expectations 2010<\/em><\/strong> alla Moholy-Nagy Galerie di Berlino.Nel 2010 vince due premi importanti; il Premio Nazionale delle Arti nella sezione fotografia con l\u2019opera <strong><em>\u201cFabbrica\u201d<\/em><\/strong> e con <strong><em>\u201cMadre\u201d<\/em><\/strong> vince il Premio Celeste 2010 nella sezione video.<\/p>\n<p><strong>\u00a0<\/strong><\/p>\n<p><strong>Paola Zampa<\/strong> vive e lavora a Roma. Nel suo lavoro sperimenta, senza limitazioni, tematiche e te\u00adcniche diverse. Rappresenta elementi naturali prototipici: alberi, vulcani, pietre, montagne, fiumi. Riproduce parti del corpo umano. Usa la scrittura nel suo valore decorativo o come traccia di una narrazione. Costruisce assemblaggi con resti di esistenze animali e vegetali. Le sue opere sono frammenti di una genesi. Nella sua ultima produzione impiega la tecnica femminile e domestica del ricamo: riproduce immagini delle pi\u00f9 drammatiche cronache quotidiane su pezzi di biancheria per la casa o figure tratte dalla grande produzione pittorica del passato e dalla tradizione popolare su radiografie e lastre di piombo, affiorano in controluce. Lavora e collabora con Galleria Bomba e Galleria Perspectiva, Roma, Castello di Belgioioso.<\/p>\n<p>\u00a0<\/p>\n<p>\u00a0<\/p>\n<p>\u00a0<\/p>\n","protected":false},"excerpt":{"rendered":"<p>Dal 17 al 31 maggio 2014 a Lecce nelle sale di Palazzo Vernazza Castromediano Se l&#8217;arte indaga l&#8217;iinfanzia &#8220;Un interessante<\/p>\n","protected":false},"author":1,"featured_media":0,"comment_status":"open","ping_status":"open","sticky":false,"template":"","format":"standard","meta":[],"categories":[27],"tags":[],"yoast_head":"<!-- This site is optimized with the Yoast SEO plugin v18.0 - https:\/\/yoast.com\/wordpress\/plugins\/seo\/ -->\n<title>Alice non sa\u2026 Peter s\u00ec | Arte e Luoghi<\/title>\n<meta name=\"robots\" content=\"index, follow, max-snippet:-1, max-image-preview:large, max-video-preview:-1\" \/>\n<link rel=\"canonical\" href=\"https:\/\/arteeluoghi.it\/index.php\/2014\/05\/17\/alice-non-sa-peter-si\/\" \/>\n<meta property=\"og:locale\" content=\"it_IT\" \/>\n<meta property=\"og:type\" content=\"article\" \/>\n<meta property=\"og:title\" content=\"Alice non sa\u2026 Peter s\u00ec | Arte e Luoghi\" \/>\n<meta property=\"og:description\" content=\"Dal 17 al 31 maggio 2014 a Lecce nelle sale di Palazzo Vernazza Castromediano Se l&#8217;arte indaga l&#8217;iinfanzia &#8220;Un interessante\" \/>\n<meta property=\"og:url\" content=\"https:\/\/arteeluoghi.it\/index.php\/2014\/05\/17\/alice-non-sa-peter-si\/\" \/>\n<meta property=\"og:site_name\" content=\"Arte e Luoghi\" \/>\n<meta property=\"article:publisher\" content=\"https:\/\/www.facebook.com\/ArteELuoghi\/\" \/>\n<meta property=\"article:published_time\" content=\"2014-05-17T13:42:06+00:00\" \/>\n<meta property=\"og:image\" content=\"https:\/\/arteeluoghi.it\/images\/alice_web480.jpg\" \/>\n<meta name=\"twitter:card\" content=\"summary\" \/>\n<meta name=\"twitter:creator\" content=\"@arteeluoghi\" \/>\n<meta name=\"twitter:site\" content=\"@arteeluoghi\" \/>\n<meta name=\"twitter:label1\" content=\"Scritto da\" \/>\n\t<meta name=\"twitter:data1\" content=\"Staff\" \/>\n\t<meta name=\"twitter:label2\" content=\"Tempo di lettura stimato\" \/>\n\t<meta name=\"twitter:data2\" content=\"10 minuti\" \/>\n<script type=\"application\/ld+json\" class=\"yoast-schema-graph\">{\"@context\":\"https:\/\/schema.org\",\"@graph\":[{\"@type\":\"Organization\",\"@id\":\"https:\/\/arteeluoghi.it\/#organization\",\"name\":\"Arte e Luoghi\",\"url\":\"https:\/\/arteeluoghi.it\/\",\"sameAs\":[\"https:\/\/www.facebook.com\/ArteELuoghi\/\",\"https:\/\/www.instagram.com\/arteeluoghi\/?hl=it\",\"https:\/\/www.youtube.com\/channel\/UCuRVc4JW4-C5sg9rQB-srkw?view_as=subscriber\",\"https:\/\/twitter.com\/arteeluoghi\"],\"logo\":{\"@type\":\"ImageObject\",\"@id\":\"https:\/\/arteeluoghi.it\/#logo\",\"inLanguage\":\"it-IT\",\"url\":\"https:\/\/arteeluoghi.it\/wp-content\/uploads\/2018\/08\/logoinstagramarte.jpg\",\"contentUrl\":\"https:\/\/arteeluoghi.it\/wp-content\/uploads\/2018\/08\/logoinstagramarte.jpg\",\"width\":150,\"height\":150,\"caption\":\"Arte e Luoghi\"},\"image\":{\"@id\":\"https:\/\/arteeluoghi.it\/#logo\"}},{\"@type\":\"WebSite\",\"@id\":\"https:\/\/arteeluoghi.it\/#website\",\"url\":\"https:\/\/arteeluoghi.it\/\",\"name\":\"Arte e Luoghi\",\"description\":\"Mensile di arte, cultura, turismo e curiosit\u00e0\",\"publisher\":{\"@id\":\"https:\/\/arteeluoghi.it\/#organization\"},\"potentialAction\":[{\"@type\":\"SearchAction\",\"target\":{\"@type\":\"EntryPoint\",\"urlTemplate\":\"https:\/\/arteeluoghi.it\/?s={search_term_string}\"},\"query-input\":\"required name=search_term_string\"}],\"inLanguage\":\"it-IT\"},{\"@type\":\"ImageObject\",\"@id\":\"https:\/\/arteeluoghi.it\/index.php\/2014\/05\/17\/alice-non-sa-peter-si\/#primaryimage\",\"inLanguage\":\"it-IT\",\"url\":\"\/images\/alice_web480.jpg\",\"contentUrl\":\"\/images\/alice_web480.jpg\"},{\"@type\":\"WebPage\",\"@id\":\"https:\/\/arteeluoghi.it\/index.php\/2014\/05\/17\/alice-non-sa-peter-si\/#webpage\",\"url\":\"https:\/\/arteeluoghi.it\/index.php\/2014\/05\/17\/alice-non-sa-peter-si\/\",\"name\":\"Alice non sa\u2026 Peter s\u00ec | Arte e Luoghi\",\"isPartOf\":{\"@id\":\"https:\/\/arteeluoghi.it\/#website\"},\"primaryImageOfPage\":{\"@id\":\"https:\/\/arteeluoghi.it\/index.php\/2014\/05\/17\/alice-non-sa-peter-si\/#primaryimage\"},\"datePublished\":\"2014-05-17T13:42:06+00:00\",\"dateModified\":\"2014-05-17T13:42:06+00:00\",\"breadcrumb\":{\"@id\":\"https:\/\/arteeluoghi.it\/index.php\/2014\/05\/17\/alice-non-sa-peter-si\/#breadcrumb\"},\"inLanguage\":\"it-IT\",\"potentialAction\":[{\"@type\":\"ReadAction\",\"target\":[\"https:\/\/arteeluoghi.it\/index.php\/2014\/05\/17\/alice-non-sa-peter-si\/\"]}]},{\"@type\":\"BreadcrumbList\",\"@id\":\"https:\/\/arteeluoghi.it\/index.php\/2014\/05\/17\/alice-non-sa-peter-si\/#breadcrumb\",\"itemListElement\":[{\"@type\":\"ListItem\",\"position\":1,\"name\":\"Home\",\"item\":\"https:\/\/arteeluoghi.it\/\"},{\"@type\":\"ListItem\",\"position\":2,\"name\":\"Alice non sa\u2026 Peter s\u00ec\"}]},{\"@type\":\"Article\",\"@id\":\"https:\/\/arteeluoghi.it\/index.php\/2014\/05\/17\/alice-non-sa-peter-si\/#article\",\"isPartOf\":{\"@id\":\"https:\/\/arteeluoghi.it\/index.php\/2014\/05\/17\/alice-non-sa-peter-si\/#webpage\"},\"author\":{\"@id\":\"https:\/\/arteeluoghi.it\/#\/schema\/person\/f84e814e36e91e01448ee07eaadd41d4\"},\"headline\":\"Alice non sa\u2026 Peter s\u00ec\",\"datePublished\":\"2014-05-17T13:42:06+00:00\",\"dateModified\":\"2014-05-17T13:42:06+00:00\",\"mainEntityOfPage\":{\"@id\":\"https:\/\/arteeluoghi.it\/index.php\/2014\/05\/17\/alice-non-sa-peter-si\/#webpage\"},\"wordCount\":1914,\"commentCount\":0,\"publisher\":{\"@id\":\"https:\/\/arteeluoghi.it\/#organization\"},\"image\":{\"@id\":\"https:\/\/arteeluoghi.it\/index.php\/2014\/05\/17\/alice-non-sa-peter-si\/#primaryimage\"},\"thumbnailUrl\":\"\/images\/alice_web480.jpg\",\"articleSection\":[\"Arte\"],\"inLanguage\":\"it-IT\",\"potentialAction\":[{\"@type\":\"CommentAction\",\"name\":\"Comment\",\"target\":[\"https:\/\/arteeluoghi.it\/index.php\/2014\/05\/17\/alice-non-sa-peter-si\/#respond\"]}]},{\"@type\":\"Person\",\"@id\":\"https:\/\/arteeluoghi.it\/#\/schema\/person\/f84e814e36e91e01448ee07eaadd41d4\",\"name\":\"Staff\",\"image\":{\"@type\":\"ImageObject\",\"@id\":\"https:\/\/arteeluoghi.it\/#personlogo\",\"inLanguage\":\"it-IT\",\"url\":\"https:\/\/secure.gravatar.com\/avatar\/49d2f9e46271bb04e19cebfaf141313a?s=96&d=blank&r=g\",\"contentUrl\":\"https:\/\/secure.gravatar.com\/avatar\/49d2f9e46271bb04e19cebfaf141313a?s=96&d=blank&r=g\",\"caption\":\"Staff\"}}]}<\/script>\n<!-- \/ Yoast SEO plugin. -->","yoast_head_json":{"title":"Alice non sa\u2026 Peter s\u00ec | Arte e Luoghi","robots":{"index":"index","follow":"follow","max-snippet":"max-snippet:-1","max-image-preview":"max-image-preview:large","max-video-preview":"max-video-preview:-1"},"canonical":"https:\/\/arteeluoghi.it\/index.php\/2014\/05\/17\/alice-non-sa-peter-si\/","og_locale":"it_IT","og_type":"article","og_title":"Alice non sa\u2026 Peter s\u00ec | Arte e Luoghi","og_description":"Dal 17 al 31 maggio 2014 a Lecce nelle sale di Palazzo Vernazza Castromediano Se l&#8217;arte indaga l&#8217;iinfanzia &#8220;Un interessante","og_url":"https:\/\/arteeluoghi.it\/index.php\/2014\/05\/17\/alice-non-sa-peter-si\/","og_site_name":"Arte e Luoghi","article_publisher":"https:\/\/www.facebook.com\/ArteELuoghi\/","article_published_time":"2014-05-17T13:42:06+00:00","og_image":[{"url":"https:\/\/arteeluoghi.it\/images\/alice_web480.jpg"}],"twitter_card":"summary","twitter_creator":"@arteeluoghi","twitter_site":"@arteeluoghi","twitter_misc":{"Scritto da":"Staff","Tempo di lettura stimato":"10 minuti"},"schema":{"@context":"https:\/\/schema.org","@graph":[{"@type":"Organization","@id":"https:\/\/arteeluoghi.it\/#organization","name":"Arte e Luoghi","url":"https:\/\/arteeluoghi.it\/","sameAs":["https:\/\/www.facebook.com\/ArteELuoghi\/","https:\/\/www.instagram.com\/arteeluoghi\/?hl=it","https:\/\/www.youtube.com\/channel\/UCuRVc4JW4-C5sg9rQB-srkw?view_as=subscriber","https:\/\/twitter.com\/arteeluoghi"],"logo":{"@type":"ImageObject","@id":"https:\/\/arteeluoghi.it\/#logo","inLanguage":"it-IT","url":"https:\/\/arteeluoghi.it\/wp-content\/uploads\/2018\/08\/logoinstagramarte.jpg","contentUrl":"https:\/\/arteeluoghi.it\/wp-content\/uploads\/2018\/08\/logoinstagramarte.jpg","width":150,"height":150,"caption":"Arte e Luoghi"},"image":{"@id":"https:\/\/arteeluoghi.it\/#logo"}},{"@type":"WebSite","@id":"https:\/\/arteeluoghi.it\/#website","url":"https:\/\/arteeluoghi.it\/","name":"Arte e Luoghi","description":"Mensile di arte, cultura, turismo e curiosit\u00e0","publisher":{"@id":"https:\/\/arteeluoghi.it\/#organization"},"potentialAction":[{"@type":"SearchAction","target":{"@type":"EntryPoint","urlTemplate":"https:\/\/arteeluoghi.it\/?s={search_term_string}"},"query-input":"required name=search_term_string"}],"inLanguage":"it-IT"},{"@type":"ImageObject","@id":"https:\/\/arteeluoghi.it\/index.php\/2014\/05\/17\/alice-non-sa-peter-si\/#primaryimage","inLanguage":"it-IT","url":"\/images\/alice_web480.jpg","contentUrl":"\/images\/alice_web480.jpg"},{"@type":"WebPage","@id":"https:\/\/arteeluoghi.it\/index.php\/2014\/05\/17\/alice-non-sa-peter-si\/#webpage","url":"https:\/\/arteeluoghi.it\/index.php\/2014\/05\/17\/alice-non-sa-peter-si\/","name":"Alice non sa\u2026 Peter s\u00ec | Arte e Luoghi","isPartOf":{"@id":"https:\/\/arteeluoghi.it\/#website"},"primaryImageOfPage":{"@id":"https:\/\/arteeluoghi.it\/index.php\/2014\/05\/17\/alice-non-sa-peter-si\/#primaryimage"},"datePublished":"2014-05-17T13:42:06+00:00","dateModified":"2014-05-17T13:42:06+00:00","breadcrumb":{"@id":"https:\/\/arteeluoghi.it\/index.php\/2014\/05\/17\/alice-non-sa-peter-si\/#breadcrumb"},"inLanguage":"it-IT","potentialAction":[{"@type":"ReadAction","target":["https:\/\/arteeluoghi.it\/index.php\/2014\/05\/17\/alice-non-sa-peter-si\/"]}]},{"@type":"BreadcrumbList","@id":"https:\/\/arteeluoghi.it\/index.php\/2014\/05\/17\/alice-non-sa-peter-si\/#breadcrumb","itemListElement":[{"@type":"ListItem","position":1,"name":"Home","item":"https:\/\/arteeluoghi.it\/"},{"@type":"ListItem","position":2,"name":"Alice non sa\u2026 Peter s\u00ec"}]},{"@type":"Article","@id":"https:\/\/arteeluoghi.it\/index.php\/2014\/05\/17\/alice-non-sa-peter-si\/#article","isPartOf":{"@id":"https:\/\/arteeluoghi.it\/index.php\/2014\/05\/17\/alice-non-sa-peter-si\/#webpage"},"author":{"@id":"https:\/\/arteeluoghi.it\/#\/schema\/person\/f84e814e36e91e01448ee07eaadd41d4"},"headline":"Alice non sa\u2026 Peter s\u00ec","datePublished":"2014-05-17T13:42:06+00:00","dateModified":"2014-05-17T13:42:06+00:00","mainEntityOfPage":{"@id":"https:\/\/arteeluoghi.it\/index.php\/2014\/05\/17\/alice-non-sa-peter-si\/#webpage"},"wordCount":1914,"commentCount":0,"publisher":{"@id":"https:\/\/arteeluoghi.it\/#organization"},"image":{"@id":"https:\/\/arteeluoghi.it\/index.php\/2014\/05\/17\/alice-non-sa-peter-si\/#primaryimage"},"thumbnailUrl":"\/images\/alice_web480.jpg","articleSection":["Arte"],"inLanguage":"it-IT","potentialAction":[{"@type":"CommentAction","name":"Comment","target":["https:\/\/arteeluoghi.it\/index.php\/2014\/05\/17\/alice-non-sa-peter-si\/#respond"]}]},{"@type":"Person","@id":"https:\/\/arteeluoghi.it\/#\/schema\/person\/f84e814e36e91e01448ee07eaadd41d4","name":"Staff","image":{"@type":"ImageObject","@id":"https:\/\/arteeluoghi.it\/#personlogo","inLanguage":"it-IT","url":"https:\/\/secure.gravatar.com\/avatar\/49d2f9e46271bb04e19cebfaf141313a?s=96&d=blank&r=g","contentUrl":"https:\/\/secure.gravatar.com\/avatar\/49d2f9e46271bb04e19cebfaf141313a?s=96&d=blank&r=g","caption":"Staff"}}]}},"_links":{"self":[{"href":"https:\/\/arteeluoghi.it\/index.php\/wp-json\/wp\/v2\/posts\/1704"}],"collection":[{"href":"https:\/\/arteeluoghi.it\/index.php\/wp-json\/wp\/v2\/posts"}],"about":[{"href":"https:\/\/arteeluoghi.it\/index.php\/wp-json\/wp\/v2\/types\/post"}],"author":[{"embeddable":true,"href":"https:\/\/arteeluoghi.it\/index.php\/wp-json\/wp\/v2\/users\/1"}],"replies":[{"embeddable":true,"href":"https:\/\/arteeluoghi.it\/index.php\/wp-json\/wp\/v2\/comments?post=1704"}],"version-history":[{"count":0,"href":"https:\/\/arteeluoghi.it\/index.php\/wp-json\/wp\/v2\/posts\/1704\/revisions"}],"wp:attachment":[{"href":"https:\/\/arteeluoghi.it\/index.php\/wp-json\/wp\/v2\/media?parent=1704"}],"wp:term":[{"taxonomy":"category","embeddable":true,"href":"https:\/\/arteeluoghi.it\/index.php\/wp-json\/wp\/v2\/categories?post=1704"},{"taxonomy":"post_tag","embeddable":true,"href":"https:\/\/arteeluoghi.it\/index.php\/wp-json\/wp\/v2\/tags?post=1704"}],"curies":[{"name":"wp","href":"https:\/\/api.w.org\/{rel}","templated":true}]}}