{"id":1725,"date":"2014-06-10T10:03:10","date_gmt":"2014-06-10T08:03:10","guid":{"rendered":"http:\/\/arteeluoghi.it\/index.php\/2014\/06\/10\/la-realta-nella-coscienza\/"},"modified":"2017-08-06T23:24:51","modified_gmt":"2017-08-06T21:24:51","slug":"la-realta-nella-coscienza","status":"publish","type":"post","link":"https:\/\/arteeluoghi.it\/index.php\/2014\/06\/10\/la-realta-nella-coscienza\/","title":{"rendered":"La realt\u00e0 nella coscienza"},"content":{"rendered":"<p style=\"text-align: left;\" align=\"center\"><strong><span style=\"font-size: small;\"><img src=\"\/images\/Frans_Hals_-_Portret_van_Rene_Descartes.jpg\" border=\"0\" title=\"Frans Hals, Portret van Rene Descartes\" width=\"300\" style=\"margin: 21px; float: right;\" \/>I Luoghi della Parola\/pillole di filosofia<br \/><\/span><\/strong><\/p>\n<p style=\"text-align: left;\" align=\"center\"><strong><span style=\"font-size: small;\">Un itinerario sulla percezione del mondo circostante nel soggetto conoscente <\/span><\/strong><em><br \/><\/em><\/p>\n<p style=\"text-align: left;\" align=\"center\">di Luca Tenneriello<\/p>\n<p align=\"center\">\u00a0<\/p>\n<p style=\"text-align: right;\">So dunque cosa sono: una cosa che pensa. Ma che cos\u2019\u00e8 una cosa che pensa? Di certo una cosa che dubita, intende intellettualmente, afferma, nega, vuole, non vuole, e anche immagina e sente.<\/p>\n<p style=\"text-align: right;\">Se tutto ci\u00f2 mi appartiene, in verit\u00e0 non \u00e8 poco.<\/p>\n<p align=\"right\"><em>Cartesio<\/em><\/p>\n<p><strong><em>\u00a0<\/em><\/strong><\/p>\n<p><strong>Soggetto e oggetto, coscienza e fenomeno<\/strong><\/p>\n<p>Nella vita di tutti i giorni assistiamo e partecipiamo a tanti fenomeni intorno a noi: usciamo a fare la spesa e vediamo la signora del piano di sotto impegnata a tastare i pomodori per verificarne la freschezza; siamo nella nostra auto e ci capita di assistere a una rapina in banca; oppure siamo comodamente seduti a casa nostra a sorseggiare una tazza di caff\u00e9. In ogni caso, in ogni circostanza non siamo mai delle \u201cstatue\u201d, indifferenti a ci\u00f2 che succede intorno a noi; vi siamo sempre, in qualche modo, partecipi con pensieri, sentimenti e sensazioni.<\/p>\n<p>  <!--more-->  <\/p>\n<p>Di fronte alla rapina posso provare paura, curiosit\u00e0, oppure sospetto o spinta a intervenire se sono un militare, o addirittura anche un sottile piacere di vendetta se magari qualche giorno prima un ufficiale di quella banca mi aveva confiscato un bene; bere il caff\u00e9 sicuramente mi suscita piacere e distensione, ma pu\u00f2 rendermi nervoso o provocarmi acidit\u00e0 di stomaco se ne sono intollerante; persino la signora che saggia i pomodori non mi \u00e8 indifferente per il fatto stesso che la <em>vedo<\/em>, cio\u00e8 che sono partecipe di quel fenomeno con la mia vista \u2013 bench\u00e9 ci\u00f2 pu\u00f2 essermi <em>emotivamente<\/em> indifferente \u2013 come la stessa scena pu\u00f2 suggerirmi il consiglio di seguire anch\u2019io la tecnica della signora affinch\u00e9 la mia spesa sia ben oculata.<\/p>\n<p>Piccoli esempi dal carattere romanzesco e ricreativo per calarci progressivamente nel nostro argomento di analisi. In tali esempi si riscontra la presenza di un <em>io<\/em> che assiste e fa esperienza e di un <em>oggetto<\/em> che si presenta all\u2019attenzione dell\u2019io per parteciparvi in molti modi possibili; in altri termini, la signora dei pomodori, la rapina e il caff\u00e9 sono gli oggetti che si presentano alla mia attenzione e per i posso avere reazioni diverse.<\/p>\n<p>Ma poich\u00e9 l\u2019io \u00e8 sempre un soggetto conoscente, e in quanto conoscente \u00e8 <em>cosciente<\/em> di ci\u00f2 che gli accade intorno, possiamo iniziare a chiamarlo <em>coscienza<\/em>, facendo attenzione a non impregnare questo termine di sfumature morali e religiose. La coscienza in ambito filosofico \u00e8 la \u00abconsapevolezza che il soggetto ha di s\u00e9 stesso, del mondo esterno con cui \u00e8 in rapporto, della propria identit\u00e0 e del complesso delle proprie attivit\u00e0 interiori\u00bb<a href=\"#_ftn1\" title=\"\">[1]<\/a>.<\/p>\n<p>\u00c8 appannaggio della <em>fenomenologia<\/em><a href=\"#_ftn2\" title=\"\">[2]<\/a> indagare i modi possibili con cui la coscienza si rapporta agli oggetti, ovvero analizza i modi con cui un oggetto pu\u00f2 presentarsi alla coscienza come fenomeno. L\u2019analisi fenomenologica per\u00f2 deve andare oltre il fenomeno, cio\u00e8 il modo accidentale con cui un oggetto appare alla coscienza, per cogliere l\u2019oggetto stesso nella sua essenza, nel suo vero essere<a href=\"#_ftn3\" title=\"\">[3]<\/a>.<\/p>\n<p>A questo punto \u00e8 facile comprendere che la fenomenologia \u00e8 definita come \u00abanalisi della coscienza nella sua intenzionalit\u00e0. Poich\u00e9 la coscienza \u00e8 intenzionalit\u00e0 in quanto \u00e8 sempre coscienza <em>di<\/em> qualcosa, l\u2019analisi di essa \u00e8 l\u2019analisi di tutti i modi possibili in cui qualcosa pu\u00f2 essere <em>dato<\/em> alla coscienza\u00bb<a href=\"#_ftn4\" title=\"\">[4]<\/a> proprio come nei nostri esempi un unico evento (oggetto) pu\u00f2 presentarsi a uno \u201cspettatore\u201d in diversi modi.<\/p>\n<p>\u00a0<\/p>\n<p>\u00a0<\/p>\n<p><strong>L\u2019intenzionalit\u00e0 della coscienza<\/strong><\/p>\n<p>\u00a0<\/p>\n<p>Sul concetto di intenzionalit\u00e0 dell\u2019atto cognitivo si sono avvicendati diversi pensatori nel corso dei secoli. Tommaso d\u2019Aquino (1225-1274) considera l\u2019intenzionalit\u00e0 come ci\u00f2 che l\u2019intelletto (= coscienza) in se stesso concepisce della cosa, ovvero ci\u00f2 che l\u2019intelletto apprende dell\u2019oggetto. \u00c8 una <em>in-tensio<\/em>, una tensione verso la <em>res<\/em> conosciuta; in altri termini, l\u2019intelletto si muove verso l\u2019essenza stessa della cosa. Tommaso inoltre differenzia una <em>intenzionalit\u00e0 diretta<\/em>, che \u00e8 il dirigersi dell\u2019intelletto verso l\u2019<em>essenza<\/em> dell\u2019ente conosciuto, ponendosi sul piano di quest\u2019ultimo (piano oggettivo), da una <em>intenzionalit\u00e0 indiretta<\/em>, che \u00e8 il proiettarsi dell\u2019intelletto verso l\u2019oggetto non pi\u00f9 preso nella sua essenza, ma considerato come semplice rappresentazione<a href=\"#_ftn5\" title=\"\"><sup><sup>[5]<\/sup><\/sup><\/a> del soggetto<a href=\"#_ftn6\" title=\"\">[6]<\/a>. Facciamo un esempio per fissare le idee: nell\u2019intenzionalit\u00e0 diretta il soggetto (= il conoscente) viene coinvolto totalmente dall\u2019oggetto che si presenta alla sua coscienza, arrivando fino alla sua essenza, come in un rapporto sentimentale l\u2019amato conosce totalmente l\u2019amante fin dentro il suo cuore; nell\u2019intenzionalit\u00e0 indiretta invece il soggetto si limita a \u201cguardare da fuori\u201d un oggetto, un evento, il quale gli appare in maniera soggettiva, cio\u00e8 \u201cvede ci\u00f2 che vuole vedere\u201d e non vede ci\u00f2 che \u00e8 veramente quell\u2019oggetto in s\u00e9, come quando si giudica superficialmente una persona, vedendone i dettagli esteriori e non conoscendola veramente a fondo.<\/p>\n<p>Indubbiamente Franz Brentano (1838 \u2013 1917) \u00e8 il pi\u00f9 illustre antecedente della fenomenologia. Egli descrive l\u2019intenzionalit\u00e0 come il carattere specifico dei fenomeni psichici \u2013 per la qual caratteristica vengono distinti dai fenomeni fisici \u2013 i quali vengono classificati in tre ordini: le <em>rappresentazioni<\/em>, in cui l\u2019oggetto \u00e8 semplicemente presente, i <em>giudizi<\/em>, in cui esso viene affermato o negato e i <em>sentimenti<\/em>, in cui viene amato o odiato.<a href=\"#_ftn7\" title=\"\">[7]<\/a><\/p>\n<p>Possiamo allora dire che l\u2019intenzionalit\u00e0 consta nel rapporto tra la coscienza e l\u2019oggetto.<\/p>\n<p>\u00a0<\/p>\n<p>\u00a0<\/p>\n<p><strong>La <em>fenomenologia pura<\/em> di Husserl<\/strong><\/p>\n<p><strong><em>\u00a0<\/em><\/strong><\/p>\n<p>Edmund Husserl (1859 \u2013 1938) \u00e8 universalmente considerato il padre della disciplina che chiamiamo fenomenologia. Con le <em>Ricerche logiche<\/em> (1900) inizia la sua critica del punto di vista empiristico<a href=\"#_ftn8\" title=\"\">[8]<\/a>, che Husserl aveva avvicinato nei suoi primi studi, per contrapporvi una \u00ablogica pura\u00bb, mirata a conoscere l\u2019<em>essenza<\/em> dei modi di conoscenza. Questi ultimi per\u00f2 risiedono nella facolt\u00e0 della coscienza, la quale \u00e8 l\u2019oggetto della psicologia; ma Husserl oppone alla psicologia empirica l\u2019idea di una <em>fenomenologia pura<\/em>.<\/p>\n<p>Una possibile declinazione di tutto ci\u00f2 potrebbe essere una psicologia puramente descrittiva: non interessa studiare le cause di un fenomeno mentale, ma come esso si presenta nella coscienza, cosi come lo si esperisce.<\/p>\n<p>Proprio per questa possibile interpretazione delle <em>Ricerche logiche<\/em>, il pensiero di Husserl verr\u00e0 spesso interpretato come una psicologia descrittiva: andare alle cose stesse, ma non nella realt\u00e0 in s\u00e9 oggettiva, ma come le cose si danno alla coscienza del soggetto.<\/p>\n<p>Di l\u00ec a poco Husserl rettificher\u00e0, spiegando in diversi scritti il suo intento di fare non psicologia descrittiva, ma <em>fenomenologia<\/em> come scienza ontologica rigorosa. La psicologia descrittiva non pu\u00f2 cogliere l\u2019essenza della coscienza, poich\u00e9 \u00e8 scienza di fatti (enti reali, emozioni), non di essenze (appartenenti a un impianto ontologico); la fenomenologia pura si distingue dalla psicologia perch\u00e9 \u00e8 una scienza di essenze (di idee), da cui la denominazione di <em>scienza eidetica<\/em> (dal gr. <em>eidos<\/em>, idea).<\/p>\n<p>Per\u00f2, affinch\u00e9 il filosofo faccia fenomenologia, sono necessarie due \u201ctecniche\u201d. In primis, un cambiamento di atteggiamento gnoseologico, che consiste nel sospendere l\u2019affermazione sulla realt\u00e0 delle cose del mondo, per assumere i toni dello \u00abspettatore\u00bb, interessato solo a cogliere l\u2019<em>essenza<\/em> dei fenomeni che si presentano alla sua coscienza. Questo mutamento di atteggiamento \u00e8 l\u2019<em>epoch\u00e9<\/em> fenomenologica. Husserl \u00abmette tra parentesi\u00bb il mondo naturale per rendere tutto un puro fenomeno che appare alla coscienza, la quale diventa l\u2019unico spettatore-protagonista di un\u2019autentica riflessione filosofica.<\/p>\n<p>In secondo luogo, Husserl adopera la cosiddetta <em>variazione trascendentale<\/em>, consistente nel provare a modificare la cosa con la mente, sotto certi punti di vista, per vedere fino a che punto essa rimane tale; quando si coglie ci\u00f2 che la fa essere altro da s\u00e9, si coglier\u00e0 ci\u00f2 che la caratterizza per quello che \u00e8, cio\u00e8 la sua essenza<a href=\"#_ftn9\" title=\"\">[9]<\/a>.<\/p>\n<p>\u00a0<\/p>\n<p>Dalla signora che saggia i pomodori abbiamo compiuto un grosso salto. Abbiamo generalizzato, parlando di fenomeni fisici (quindi esterni alla coscienza) e fenomeni mentali, come rappresentazioni, giudizi e sentimenti, e di come il mondo intorno a noi influenzi e produca tali fenomeni.<\/p>\n<p>I quali non sono solamente dei meri oggetti di indagine, ma sono depositari di un\u2019essenza, di una <em>quidditas<\/em> ontologica \u2013 che coincide nel modo in cui la cosa <em>si d\u00e0<\/em> alla coscienza \u2013 che va colta, secondo Husserl, tramite la speculazione fenomenologica.<\/p>\n<p>\u201cTutta roba astratta\u201d si potr\u00e0 pensare. In realt\u00e0 l\u2019indagine fenomenologica di primo Novecento aprir\u00e0 la strada a prospettive filosofiche di natura molto pi\u00f9 antropologica e meno metafisica. Lo scoppio delle guerre mondiali sar\u00e0 determinante per questo cambio di rotta che segner\u00e0 profondamente pensatori e letterati che si troveranno a fare i conti con una realt\u00e0 completamente diversa da quella idilliaca cantata dai filosofi dell\u2019idealismo e delle metafisiche stataliste.<\/p>\n<p>\u00a0<\/p>\n<div><br clear=\"all\" \/><\/p>\n<hr width=\"33%\" size=\"1\" \/>\n<div>\n<p><a href=\"#_ftnref1\" title=\"\">[1]<\/a> <em>Dizionario di filosofia Treccani<\/em>, 2009.<\/p>\n<\/p><\/div>\n<div>\n<p><a href=\"#_ftnref2\" title=\"\">[2]<\/a> Disciplina filosofica fondata da Edmund Husserl, su influenze di Franz Brentano e di Carl Stumpf, di cui era allievo. Parleremo pi\u00f9 specificamente nel corso di questo articolo.<\/p>\n<\/p><\/div>\n<div>\n<p><a href=\"#_ftnref3\" title=\"\">[3]<\/a> Cfr. N. Abbagnano \u2013 G. Fornero, <em>Itinerari di filosofia<\/em>, vol. 3A, Paravia, Torino 2003, 362.<\/p>\n<\/p><\/div>\n<div>\n<p><a href=\"#_ftnref4\" title=\"\">[4]<\/a> <em>Ibidem<\/em>, 362.<\/p>\n<\/p><\/div>\n<div>\n<p><a href=\"#_ftnref5\" title=\"\">[5]<\/a> Con il termine <em>rappresentazione<\/em> s\u2019intende una sorta di copia, di figura della cosa che il soggetto si crea; cos\u00ec che quest\u2019ultimo non conosce direttamente la cosa in s\u00e9, ma si limita a esperire una sua \u201ccopia\u201d da lui creata. Il soggetto quindi non si pone quindi sul piano dell\u2019oggetto, ma rimane sul piano soggettivo.<\/p>\n<\/p><\/div>\n<div>\n<p><a href=\"#_ftnref6\" title=\"\">[6]<\/a> Cfr. Tommaso d\u2019Aquino, <em>Summa theologiae<\/em>; Ph. Larrey, <em>Lineamenti di filosofia della conoscenza<\/em>, LUP, Roma 2013.<\/p>\n<\/p><\/div>\n<div>\n<p><a href=\"#_ftnref7\" title=\"\">[7]<\/a> Cfr. N. Abbagnano \u2013 G. Fornero, <em>Itinerari di filosofia<\/em>, cit., 364<\/p>\n<\/p><\/div>\n<div>\n<p><a href=\"#_ftnref8\" title=\"\">[8]<\/a> Per punto di vista empiristico s\u2019intende quell\u2019approccio della psicologia empirica che tende a \u00abricondurre le nozioni della logica a operazioni psichiche effettuate su un contenuto empiricamente dato\u00bb, come fossero calcoli matematici. Cfr. <em>Itinerari di filosofia<\/em>, cit., 364.<\/p>\n<\/p><\/div>\n<div>\n<p><a href=\"#_ftnref9\" title=\"\">[9]<\/a> Da alcuni passaggi si evince come spesso Husserl tenda a identificare l\u2019essenza della cosa con il modo in cui la cosa <em>si d\u00e0 <\/em>alla coscienza. Questa dinamica risulta in pi\u00f9 punti problematica.<\/p>\n<\/p><\/div>\n<\/p><\/div>\n","protected":false},"excerpt":{"rendered":"<p>I Luoghi della Parola\/pillole di filosofia Un itinerario sulla percezione del mondo circostante nel soggetto conoscente di Luca Tenneriello \u00a0<\/p>\n","protected":false},"author":1,"featured_media":0,"comment_status":"open","ping_status":"open","sticky":false,"template":"","format":"standard","meta":[],"categories":[52],"tags":[],"yoast_head":"<!-- This site is optimized with the Yoast SEO plugin v18.0 - https:\/\/yoast.com\/wordpress\/plugins\/seo\/ -->\n<title>La realt\u00e0 nella coscienza | Arte e Luoghi<\/title>\n<meta name=\"robots\" content=\"index, follow, max-snippet:-1, max-image-preview:large, max-video-preview:-1\" \/>\n<link rel=\"canonical\" href=\"https:\/\/arteeluoghi.it\/index.php\/2014\/06\/10\/la-realta-nella-coscienza\/\" \/>\n<meta property=\"og:locale\" content=\"it_IT\" \/>\n<meta property=\"og:type\" content=\"article\" \/>\n<meta property=\"og:title\" content=\"La realt\u00e0 nella coscienza | Arte e Luoghi\" \/>\n<meta property=\"og:description\" content=\"I Luoghi della Parola\/pillole di filosofia Un itinerario sulla percezione del mondo circostante nel soggetto conoscente di Luca Tenneriello \u00a0\" \/>\n<meta property=\"og:url\" content=\"https:\/\/arteeluoghi.it\/index.php\/2014\/06\/10\/la-realta-nella-coscienza\/\" \/>\n<meta property=\"og:site_name\" content=\"Arte e Luoghi\" \/>\n<meta property=\"article:publisher\" content=\"https:\/\/www.facebook.com\/ArteELuoghi\/\" \/>\n<meta property=\"article:published_time\" content=\"2014-06-10T08:03:10+00:00\" \/>\n<meta property=\"article:modified_time\" content=\"2017-08-06T21:24:51+00:00\" \/>\n<meta property=\"og:image\" content=\"https:\/\/arteeluoghi.it\/images\/Frans_Hals_-_Portret_van_Rene_Descartes.jpg\" \/>\n<meta name=\"twitter:card\" content=\"summary\" \/>\n<meta name=\"twitter:creator\" content=\"@arteeluoghi\" \/>\n<meta name=\"twitter:site\" content=\"@arteeluoghi\" \/>\n<meta name=\"twitter:label1\" content=\"Scritto da\" \/>\n\t<meta name=\"twitter:data1\" content=\"Staff\" \/>\n\t<meta name=\"twitter:label2\" content=\"Tempo di lettura stimato\" \/>\n\t<meta name=\"twitter:data2\" content=\"8 minuti\" \/>\n<script type=\"application\/ld+json\" class=\"yoast-schema-graph\">{\"@context\":\"https:\/\/schema.org\",\"@graph\":[{\"@type\":\"Organization\",\"@id\":\"https:\/\/arteeluoghi.it\/#organization\",\"name\":\"Arte e Luoghi\",\"url\":\"https:\/\/arteeluoghi.it\/\",\"sameAs\":[\"https:\/\/www.facebook.com\/ArteELuoghi\/\",\"https:\/\/www.instagram.com\/arteeluoghi\/?hl=it\",\"https:\/\/www.youtube.com\/channel\/UCuRVc4JW4-C5sg9rQB-srkw?view_as=subscriber\",\"https:\/\/twitter.com\/arteeluoghi\"],\"logo\":{\"@type\":\"ImageObject\",\"@id\":\"https:\/\/arteeluoghi.it\/#logo\",\"inLanguage\":\"it-IT\",\"url\":\"https:\/\/arteeluoghi.it\/wp-content\/uploads\/2018\/08\/logoinstagramarte.jpg\",\"contentUrl\":\"https:\/\/arteeluoghi.it\/wp-content\/uploads\/2018\/08\/logoinstagramarte.jpg\",\"width\":150,\"height\":150,\"caption\":\"Arte e Luoghi\"},\"image\":{\"@id\":\"https:\/\/arteeluoghi.it\/#logo\"}},{\"@type\":\"WebSite\",\"@id\":\"https:\/\/arteeluoghi.it\/#website\",\"url\":\"https:\/\/arteeluoghi.it\/\",\"name\":\"Arte e Luoghi\",\"description\":\"Mensile di arte, cultura, turismo e curiosit\u00e0\",\"publisher\":{\"@id\":\"https:\/\/arteeluoghi.it\/#organization\"},\"potentialAction\":[{\"@type\":\"SearchAction\",\"target\":{\"@type\":\"EntryPoint\",\"urlTemplate\":\"https:\/\/arteeluoghi.it\/?s={search_term_string}\"},\"query-input\":\"required name=search_term_string\"}],\"inLanguage\":\"it-IT\"},{\"@type\":\"ImageObject\",\"@id\":\"https:\/\/arteeluoghi.it\/index.php\/2014\/06\/10\/la-realta-nella-coscienza\/#primaryimage\",\"inLanguage\":\"it-IT\",\"url\":\"\/images\/Frans_Hals_-_Portret_van_Rene_Descartes.jpg\",\"contentUrl\":\"\/images\/Frans_Hals_-_Portret_van_Rene_Descartes.jpg\"},{\"@type\":\"WebPage\",\"@id\":\"https:\/\/arteeluoghi.it\/index.php\/2014\/06\/10\/la-realta-nella-coscienza\/#webpage\",\"url\":\"https:\/\/arteeluoghi.it\/index.php\/2014\/06\/10\/la-realta-nella-coscienza\/\",\"name\":\"La realt\u00e0 nella coscienza | Arte e Luoghi\",\"isPartOf\":{\"@id\":\"https:\/\/arteeluoghi.it\/#website\"},\"primaryImageOfPage\":{\"@id\":\"https:\/\/arteeluoghi.it\/index.php\/2014\/06\/10\/la-realta-nella-coscienza\/#primaryimage\"},\"datePublished\":\"2014-06-10T08:03:10+00:00\",\"dateModified\":\"2017-08-06T21:24:51+00:00\",\"breadcrumb\":{\"@id\":\"https:\/\/arteeluoghi.it\/index.php\/2014\/06\/10\/la-realta-nella-coscienza\/#breadcrumb\"},\"inLanguage\":\"it-IT\",\"potentialAction\":[{\"@type\":\"ReadAction\",\"target\":[\"https:\/\/arteeluoghi.it\/index.php\/2014\/06\/10\/la-realta-nella-coscienza\/\"]}]},{\"@type\":\"BreadcrumbList\",\"@id\":\"https:\/\/arteeluoghi.it\/index.php\/2014\/06\/10\/la-realta-nella-coscienza\/#breadcrumb\",\"itemListElement\":[{\"@type\":\"ListItem\",\"position\":1,\"name\":\"Home\",\"item\":\"https:\/\/arteeluoghi.it\/\"},{\"@type\":\"ListItem\",\"position\":2,\"name\":\"La realt\u00e0 nella coscienza\"}]},{\"@type\":\"Article\",\"@id\":\"https:\/\/arteeluoghi.it\/index.php\/2014\/06\/10\/la-realta-nella-coscienza\/#article\",\"isPartOf\":{\"@id\":\"https:\/\/arteeluoghi.it\/index.php\/2014\/06\/10\/la-realta-nella-coscienza\/#webpage\"},\"author\":{\"@id\":\"https:\/\/arteeluoghi.it\/#\/schema\/person\/f84e814e36e91e01448ee07eaadd41d4\"},\"headline\":\"La realt\u00e0 nella coscienza\",\"datePublished\":\"2014-06-10T08:03:10+00:00\",\"dateModified\":\"2017-08-06T21:24:51+00:00\",\"mainEntityOfPage\":{\"@id\":\"https:\/\/arteeluoghi.it\/index.php\/2014\/06\/10\/la-realta-nella-coscienza\/#webpage\"},\"wordCount\":1564,\"commentCount\":0,\"publisher\":{\"@id\":\"https:\/\/arteeluoghi.it\/#organization\"},\"image\":{\"@id\":\"https:\/\/arteeluoghi.it\/index.php\/2014\/06\/10\/la-realta-nella-coscienza\/#primaryimage\"},\"thumbnailUrl\":\"\/images\/Frans_Hals_-_Portret_van_Rene_Descartes.jpg\",\"articleSection\":[\"I luoghi della parola\"],\"inLanguage\":\"it-IT\",\"potentialAction\":[{\"@type\":\"CommentAction\",\"name\":\"Comment\",\"target\":[\"https:\/\/arteeluoghi.it\/index.php\/2014\/06\/10\/la-realta-nella-coscienza\/#respond\"]}]},{\"@type\":\"Person\",\"@id\":\"https:\/\/arteeluoghi.it\/#\/schema\/person\/f84e814e36e91e01448ee07eaadd41d4\",\"name\":\"Staff\",\"image\":{\"@type\":\"ImageObject\",\"@id\":\"https:\/\/arteeluoghi.it\/#personlogo\",\"inLanguage\":\"it-IT\",\"url\":\"https:\/\/secure.gravatar.com\/avatar\/49d2f9e46271bb04e19cebfaf141313a?s=96&d=blank&r=g\",\"contentUrl\":\"https:\/\/secure.gravatar.com\/avatar\/49d2f9e46271bb04e19cebfaf141313a?s=96&d=blank&r=g\",\"caption\":\"Staff\"}}]}<\/script>\n<!-- \/ Yoast SEO plugin. -->","yoast_head_json":{"title":"La realt\u00e0 nella coscienza | Arte e Luoghi","robots":{"index":"index","follow":"follow","max-snippet":"max-snippet:-1","max-image-preview":"max-image-preview:large","max-video-preview":"max-video-preview:-1"},"canonical":"https:\/\/arteeluoghi.it\/index.php\/2014\/06\/10\/la-realta-nella-coscienza\/","og_locale":"it_IT","og_type":"article","og_title":"La realt\u00e0 nella coscienza | Arte e Luoghi","og_description":"I Luoghi della Parola\/pillole di filosofia Un itinerario sulla percezione del mondo circostante nel soggetto conoscente di Luca Tenneriello \u00a0","og_url":"https:\/\/arteeluoghi.it\/index.php\/2014\/06\/10\/la-realta-nella-coscienza\/","og_site_name":"Arte e Luoghi","article_publisher":"https:\/\/www.facebook.com\/ArteELuoghi\/","article_published_time":"2014-06-10T08:03:10+00:00","article_modified_time":"2017-08-06T21:24:51+00:00","og_image":[{"url":"https:\/\/arteeluoghi.it\/images\/Frans_Hals_-_Portret_van_Rene_Descartes.jpg"}],"twitter_card":"summary","twitter_creator":"@arteeluoghi","twitter_site":"@arteeluoghi","twitter_misc":{"Scritto da":"Staff","Tempo di lettura stimato":"8 minuti"},"schema":{"@context":"https:\/\/schema.org","@graph":[{"@type":"Organization","@id":"https:\/\/arteeluoghi.it\/#organization","name":"Arte e Luoghi","url":"https:\/\/arteeluoghi.it\/","sameAs":["https:\/\/www.facebook.com\/ArteELuoghi\/","https:\/\/www.instagram.com\/arteeluoghi\/?hl=it","https:\/\/www.youtube.com\/channel\/UCuRVc4JW4-C5sg9rQB-srkw?view_as=subscriber","https:\/\/twitter.com\/arteeluoghi"],"logo":{"@type":"ImageObject","@id":"https:\/\/arteeluoghi.it\/#logo","inLanguage":"it-IT","url":"https:\/\/arteeluoghi.it\/wp-content\/uploads\/2018\/08\/logoinstagramarte.jpg","contentUrl":"https:\/\/arteeluoghi.it\/wp-content\/uploads\/2018\/08\/logoinstagramarte.jpg","width":150,"height":150,"caption":"Arte e Luoghi"},"image":{"@id":"https:\/\/arteeluoghi.it\/#logo"}},{"@type":"WebSite","@id":"https:\/\/arteeluoghi.it\/#website","url":"https:\/\/arteeluoghi.it\/","name":"Arte e Luoghi","description":"Mensile di arte, cultura, turismo e curiosit\u00e0","publisher":{"@id":"https:\/\/arteeluoghi.it\/#organization"},"potentialAction":[{"@type":"SearchAction","target":{"@type":"EntryPoint","urlTemplate":"https:\/\/arteeluoghi.it\/?s={search_term_string}"},"query-input":"required name=search_term_string"}],"inLanguage":"it-IT"},{"@type":"ImageObject","@id":"https:\/\/arteeluoghi.it\/index.php\/2014\/06\/10\/la-realta-nella-coscienza\/#primaryimage","inLanguage":"it-IT","url":"\/images\/Frans_Hals_-_Portret_van_Rene_Descartes.jpg","contentUrl":"\/images\/Frans_Hals_-_Portret_van_Rene_Descartes.jpg"},{"@type":"WebPage","@id":"https:\/\/arteeluoghi.it\/index.php\/2014\/06\/10\/la-realta-nella-coscienza\/#webpage","url":"https:\/\/arteeluoghi.it\/index.php\/2014\/06\/10\/la-realta-nella-coscienza\/","name":"La realt\u00e0 nella coscienza | Arte e Luoghi","isPartOf":{"@id":"https:\/\/arteeluoghi.it\/#website"},"primaryImageOfPage":{"@id":"https:\/\/arteeluoghi.it\/index.php\/2014\/06\/10\/la-realta-nella-coscienza\/#primaryimage"},"datePublished":"2014-06-10T08:03:10+00:00","dateModified":"2017-08-06T21:24:51+00:00","breadcrumb":{"@id":"https:\/\/arteeluoghi.it\/index.php\/2014\/06\/10\/la-realta-nella-coscienza\/#breadcrumb"},"inLanguage":"it-IT","potentialAction":[{"@type":"ReadAction","target":["https:\/\/arteeluoghi.it\/index.php\/2014\/06\/10\/la-realta-nella-coscienza\/"]}]},{"@type":"BreadcrumbList","@id":"https:\/\/arteeluoghi.it\/index.php\/2014\/06\/10\/la-realta-nella-coscienza\/#breadcrumb","itemListElement":[{"@type":"ListItem","position":1,"name":"Home","item":"https:\/\/arteeluoghi.it\/"},{"@type":"ListItem","position":2,"name":"La realt\u00e0 nella coscienza"}]},{"@type":"Article","@id":"https:\/\/arteeluoghi.it\/index.php\/2014\/06\/10\/la-realta-nella-coscienza\/#article","isPartOf":{"@id":"https:\/\/arteeluoghi.it\/index.php\/2014\/06\/10\/la-realta-nella-coscienza\/#webpage"},"author":{"@id":"https:\/\/arteeluoghi.it\/#\/schema\/person\/f84e814e36e91e01448ee07eaadd41d4"},"headline":"La realt\u00e0 nella coscienza","datePublished":"2014-06-10T08:03:10+00:00","dateModified":"2017-08-06T21:24:51+00:00","mainEntityOfPage":{"@id":"https:\/\/arteeluoghi.it\/index.php\/2014\/06\/10\/la-realta-nella-coscienza\/#webpage"},"wordCount":1564,"commentCount":0,"publisher":{"@id":"https:\/\/arteeluoghi.it\/#organization"},"image":{"@id":"https:\/\/arteeluoghi.it\/index.php\/2014\/06\/10\/la-realta-nella-coscienza\/#primaryimage"},"thumbnailUrl":"\/images\/Frans_Hals_-_Portret_van_Rene_Descartes.jpg","articleSection":["I luoghi della parola"],"inLanguage":"it-IT","potentialAction":[{"@type":"CommentAction","name":"Comment","target":["https:\/\/arteeluoghi.it\/index.php\/2014\/06\/10\/la-realta-nella-coscienza\/#respond"]}]},{"@type":"Person","@id":"https:\/\/arteeluoghi.it\/#\/schema\/person\/f84e814e36e91e01448ee07eaadd41d4","name":"Staff","image":{"@type":"ImageObject","@id":"https:\/\/arteeluoghi.it\/#personlogo","inLanguage":"it-IT","url":"https:\/\/secure.gravatar.com\/avatar\/49d2f9e46271bb04e19cebfaf141313a?s=96&d=blank&r=g","contentUrl":"https:\/\/secure.gravatar.com\/avatar\/49d2f9e46271bb04e19cebfaf141313a?s=96&d=blank&r=g","caption":"Staff"}}]}},"_links":{"self":[{"href":"https:\/\/arteeluoghi.it\/index.php\/wp-json\/wp\/v2\/posts\/1725"}],"collection":[{"href":"https:\/\/arteeluoghi.it\/index.php\/wp-json\/wp\/v2\/posts"}],"about":[{"href":"https:\/\/arteeluoghi.it\/index.php\/wp-json\/wp\/v2\/types\/post"}],"author":[{"embeddable":true,"href":"https:\/\/arteeluoghi.it\/index.php\/wp-json\/wp\/v2\/users\/1"}],"replies":[{"embeddable":true,"href":"https:\/\/arteeluoghi.it\/index.php\/wp-json\/wp\/v2\/comments?post=1725"}],"version-history":[{"count":1,"href":"https:\/\/arteeluoghi.it\/index.php\/wp-json\/wp\/v2\/posts\/1725\/revisions"}],"predecessor-version":[{"id":3018,"href":"https:\/\/arteeluoghi.it\/index.php\/wp-json\/wp\/v2\/posts\/1725\/revisions\/3018"}],"wp:attachment":[{"href":"https:\/\/arteeluoghi.it\/index.php\/wp-json\/wp\/v2\/media?parent=1725"}],"wp:term":[{"taxonomy":"category","embeddable":true,"href":"https:\/\/arteeluoghi.it\/index.php\/wp-json\/wp\/v2\/categories?post=1725"},{"taxonomy":"post_tag","embeddable":true,"href":"https:\/\/arteeluoghi.it\/index.php\/wp-json\/wp\/v2\/tags?post=1725"}],"curies":[{"name":"wp","href":"https:\/\/api.w.org\/{rel}","templated":true}]}}