{"id":1733,"date":"2014-06-16T11:46:37","date_gmt":"2014-06-16T09:46:37","guid":{"rendered":"http:\/\/arteeluoghi.it\/index.php\/2014\/06\/16\/premio-apollonio-2014-a-renzo-arbore-l-ambito-riconoscimento\/"},"modified":"2014-06-16T11:46:37","modified_gmt":"2014-06-16T09:46:37","slug":"premio-apollonio-2014-a-renzo-arbore-l-ambito-riconoscimento","status":"publish","type":"post","link":"https:\/\/arteeluoghi.it\/index.php\/2014\/06\/16\/premio-apollonio-2014-a-renzo-arbore-l-ambito-riconoscimento\/","title":{"rendered":"Premio Apollonio 2014 a Renzo Arbore"},"content":{"rendered":"<p style=\"text-align: left;\" align=\"center\"><strong><img src=\"\/images\/Neri_Marcore_2012_cropped.jpg\" border=\"0\" title=\"L'attore e conduttore televisivo Neri Marcor\u00e8\" width=\"300\" style=\"margin: 21px; float: right;\" \/><\/strong>Appuntamento il 27 giugno 2014 presso il Chiostro del Rettorato dell\u2019Universit\u00e0 del Salento<\/p>\n<p style=\"text-align: left;\" align=\"center\"><strong><strong>Condurr\u00e0 l&#8217;evento Neri Marcor\u00e8\u00a0<\/strong> <em><br \/><\/em><\/strong><\/p>\n<p><strong>Decima edizione del Premio Apollonio venerd\u00ec 27 giugno 2014<\/strong>, come da tradizione <strong>presso il Chiostro del Rettorato dell\u2019Universit\u00e0 del Salento<\/strong>. La serata, condotta da <strong>Neri Marcor\u00e8<\/strong>, avr\u00e0 quest\u2019anno come momento centrale il conferimento del Premio allo showman <strong>Renzo Arbore<\/strong>.<\/p>\n<p>\u00a0<\/p>\n<p>Protagonisti sul palco, inoltre, il cantante <strong>Luca Barbarossa e la sua band<\/strong> e altri ospiti che renderanno alquanto frizzante, come sempre, la serata. L\u2019evento, ideato e realizzato da <strong>Marcello e Massimiliano Apollonio<\/strong>, ha come obiettivo, infatti, l\u2019omaggio alle personalit\u00e0 pugliesi che, grazie al loro talento espresso con il giornalismo, con la musica, con la letteratura, con il cinema o in altri settori, abbiano varcato per fama i confini di Puglia, contribuendo a dare lustro al territorio regionale.<\/p>\n<p>  <!--more-->  <\/p>\n<p>Il Premio Apollonio si propone dunque come espressione di una Puglia vivace e forte, ricca di eccellenze legate alla laboriosit\u00e0 e alla generosit\u00e0 di gente straordinaria che, in silenzio, costruisce le basi per un futuro migliore, per la Puglia e per l\u2019Italia. E che, come nel caso degli artigiani e dei piccoli produttori, affronta quotidianamente con forza e determinazione le sfide lanciate dalla globalizzazione dei mercati.<\/p>\n<p>Da qui, dalla gratitudine verso le piccole eccellenze che fanno grande questo Paese, nasce questa manifestazione che sostanzia l\u2019impegno di due giovani imprenditori, Marcello e Massimiliano Apollonio, sempre attenti alla qualit\u00e0 dei loro vini &#8211; sintesi armoniosa di avanguardia e tradizione &#8211; ma anche all\u2019importanza dei rapporti umani. Il riconoscimento intende cos\u00ec rappresentare un omaggio alla terra di Puglia e al Salento e alla storia della cantina Apollonio (fatta di rituali che cercano, nella loro ripetitivit\u00e0, una nuova perfezione), e alle tre generazioni che hanno preceduto i fratelli Apollonio in questa avventura, contribuendo al successo a livello nazionale e internazionale dei loro vini.<\/p>\n<p>Le scorse edizioni del Premio hanno visto tra gli altri la presenza di personaggi del panorama dello spettacolo e della cultura italiani come <strong>Franco Battiato, Serena Dandini, Lillo e Greg, Francesca Reggiani, il Trio Medusa, Giovanni Vergassola, Max Paiella, Andrea Perroni, Catena Fiorello, Erica Mou, Simone Colombari, Corrado Nuzzo, Maria De Biase, Alessandro Quarta e Roy Paci.<\/strong><\/p>\n<p>L\u2019evento, molto apprezzato dal mondo dello spettacolo italiano &#8211; <strong>Gianni Morandi<\/strong> \u00e8 tra gli ospiti fissi &#8211; \u00e8 stato promosso negli anni con stile ed efficacia, attirando l\u2019attenzione di stampa e tv, anche per la presenza di nomi illustri della politica, dell\u2019imprenditoria\u00a0 e del mondo accademico locale e nazionale.<\/p>\n<p>\u00a0<\/p>\n<p>\u00a0<\/p>\n","protected":false},"excerpt":{"rendered":"<p>Appuntamento il 27 giugno 2014 presso il Chiostro del Rettorato dell\u2019Universit\u00e0 del Salento Condurr\u00e0 l&#8217;evento Neri Marcor\u00e8\u00a0 Decima edizione del<\/p>\n","protected":false},"author":1,"featured_media":0,"comment_status":"open","ping_status":"open","sticky":false,"template":"","format":"standard","meta":[],"categories":[36],"tags":[],"yoast_head":"<!-- This site is optimized with the Yoast SEO plugin v18.0 - https:\/\/yoast.com\/wordpress\/plugins\/seo\/ -->\n<title>Premio Apollonio 2014 a Renzo Arbore | Arte e Luoghi<\/title>\n<meta name=\"robots\" content=\"index, follow, max-snippet:-1, max-image-preview:large, max-video-preview:-1\" \/>\n<link rel=\"canonical\" href=\"https:\/\/arteeluoghi.it\/index.php\/2014\/06\/16\/premio-apollonio-2014-a-renzo-arbore-l-ambito-riconoscimento\/\" \/>\n<meta property=\"og:locale\" content=\"it_IT\" \/>\n<meta property=\"og:type\" content=\"article\" \/>\n<meta property=\"og:title\" content=\"Premio Apollonio 2014 a Renzo Arbore | Arte e Luoghi\" \/>\n<meta property=\"og:description\" content=\"Appuntamento il 27 giugno 2014 presso il Chiostro del Rettorato dell\u2019Universit\u00e0 del Salento Condurr\u00e0 l&#8217;evento Neri Marcor\u00e8\u00a0 Decima edizione del\" \/>\n<meta property=\"og:url\" content=\"https:\/\/arteeluoghi.it\/index.php\/2014\/06\/16\/premio-apollonio-2014-a-renzo-arbore-l-ambito-riconoscimento\/\" \/>\n<meta property=\"og:site_name\" content=\"Arte e Luoghi\" \/>\n<meta property=\"article:publisher\" content=\"https:\/\/www.facebook.com\/ArteELuoghi\/\" \/>\n<meta property=\"article:published_time\" content=\"2014-06-16T09:46:37+00:00\" \/>\n<meta property=\"og:image\" content=\"https:\/\/arteeluoghi.it\/images\/Neri_Marcore_2012_cropped.jpg\" \/>\n<meta name=\"twitter:card\" content=\"summary\" \/>\n<meta name=\"twitter:creator\" content=\"@arteeluoghi\" \/>\n<meta name=\"twitter:site\" content=\"@arteeluoghi\" \/>\n<meta name=\"twitter:label1\" content=\"Scritto da\" \/>\n\t<meta name=\"twitter:data1\" content=\"Staff\" \/>\n\t<meta name=\"twitter:label2\" content=\"Tempo di lettura stimato\" \/>\n\t<meta name=\"twitter:data2\" content=\"2 minuti\" \/>\n<script type=\"application\/ld+json\" class=\"yoast-schema-graph\">{\"@context\":\"https:\/\/schema.org\",\"@graph\":[{\"@type\":\"Organization\",\"@id\":\"https:\/\/arteeluoghi.it\/#organization\",\"name\":\"Arte e Luoghi\",\"url\":\"https:\/\/arteeluoghi.it\/\",\"sameAs\":[\"https:\/\/www.facebook.com\/ArteELuoghi\/\",\"https:\/\/www.instagram.com\/arteeluoghi\/?hl=it\",\"https:\/\/www.youtube.com\/channel\/UCuRVc4JW4-C5sg9rQB-srkw?view_as=subscriber\",\"https:\/\/twitter.com\/arteeluoghi\"],\"logo\":{\"@type\":\"ImageObject\",\"@id\":\"https:\/\/arteeluoghi.it\/#logo\",\"inLanguage\":\"it-IT\",\"url\":\"https:\/\/arteeluoghi.it\/wp-content\/uploads\/2018\/08\/logoinstagramarte.jpg\",\"contentUrl\":\"https:\/\/arteeluoghi.it\/wp-content\/uploads\/2018\/08\/logoinstagramarte.jpg\",\"width\":150,\"height\":150,\"caption\":\"Arte e Luoghi\"},\"image\":{\"@id\":\"https:\/\/arteeluoghi.it\/#logo\"}},{\"@type\":\"WebSite\",\"@id\":\"https:\/\/arteeluoghi.it\/#website\",\"url\":\"https:\/\/arteeluoghi.it\/\",\"name\":\"Arte e Luoghi\",\"description\":\"Mensile di arte, cultura, turismo e curiosit\u00e0\",\"publisher\":{\"@id\":\"https:\/\/arteeluoghi.it\/#organization\"},\"potentialAction\":[{\"@type\":\"SearchAction\",\"target\":{\"@type\":\"EntryPoint\",\"urlTemplate\":\"https:\/\/arteeluoghi.it\/?s={search_term_string}\"},\"query-input\":\"required name=search_term_string\"}],\"inLanguage\":\"it-IT\"},{\"@type\":\"ImageObject\",\"@id\":\"https:\/\/arteeluoghi.it\/index.php\/2014\/06\/16\/premio-apollonio-2014-a-renzo-arbore-l-ambito-riconoscimento\/#primaryimage\",\"inLanguage\":\"it-IT\",\"url\":\"\/images\/Neri_Marcore_2012_cropped.jpg\",\"contentUrl\":\"\/images\/Neri_Marcore_2012_cropped.jpg\"},{\"@type\":\"WebPage\",\"@id\":\"https:\/\/arteeluoghi.it\/index.php\/2014\/06\/16\/premio-apollonio-2014-a-renzo-arbore-l-ambito-riconoscimento\/#webpage\",\"url\":\"https:\/\/arteeluoghi.it\/index.php\/2014\/06\/16\/premio-apollonio-2014-a-renzo-arbore-l-ambito-riconoscimento\/\",\"name\":\"Premio Apollonio 2014 a Renzo Arbore | Arte e Luoghi\",\"isPartOf\":{\"@id\":\"https:\/\/arteeluoghi.it\/#website\"},\"primaryImageOfPage\":{\"@id\":\"https:\/\/arteeluoghi.it\/index.php\/2014\/06\/16\/premio-apollonio-2014-a-renzo-arbore-l-ambito-riconoscimento\/#primaryimage\"},\"datePublished\":\"2014-06-16T09:46:37+00:00\",\"dateModified\":\"2014-06-16T09:46:37+00:00\",\"breadcrumb\":{\"@id\":\"https:\/\/arteeluoghi.it\/index.php\/2014\/06\/16\/premio-apollonio-2014-a-renzo-arbore-l-ambito-riconoscimento\/#breadcrumb\"},\"inLanguage\":\"it-IT\",\"potentialAction\":[{\"@type\":\"ReadAction\",\"target\":[\"https:\/\/arteeluoghi.it\/index.php\/2014\/06\/16\/premio-apollonio-2014-a-renzo-arbore-l-ambito-riconoscimento\/\"]}]},{\"@type\":\"BreadcrumbList\",\"@id\":\"https:\/\/arteeluoghi.it\/index.php\/2014\/06\/16\/premio-apollonio-2014-a-renzo-arbore-l-ambito-riconoscimento\/#breadcrumb\",\"itemListElement\":[{\"@type\":\"ListItem\",\"position\":1,\"name\":\"Home\",\"item\":\"https:\/\/arteeluoghi.it\/\"},{\"@type\":\"ListItem\",\"position\":2,\"name\":\"Premio Apollonio 2014 a Renzo Arbore\"}]},{\"@type\":\"Article\",\"@id\":\"https:\/\/arteeluoghi.it\/index.php\/2014\/06\/16\/premio-apollonio-2014-a-renzo-arbore-l-ambito-riconoscimento\/#article\",\"isPartOf\":{\"@id\":\"https:\/\/arteeluoghi.it\/index.php\/2014\/06\/16\/premio-apollonio-2014-a-renzo-arbore-l-ambito-riconoscimento\/#webpage\"},\"author\":{\"@id\":\"https:\/\/arteeluoghi.it\/#\/schema\/person\/f84e814e36e91e01448ee07eaadd41d4\"},\"headline\":\"Premio Apollonio 2014 a Renzo Arbore\",\"datePublished\":\"2014-06-16T09:46:37+00:00\",\"dateModified\":\"2014-06-16T09:46:37+00:00\",\"mainEntityOfPage\":{\"@id\":\"https:\/\/arteeluoghi.it\/index.php\/2014\/06\/16\/premio-apollonio-2014-a-renzo-arbore-l-ambito-riconoscimento\/#webpage\"},\"wordCount\":418,\"commentCount\":0,\"publisher\":{\"@id\":\"https:\/\/arteeluoghi.it\/#organization\"},\"image\":{\"@id\":\"https:\/\/arteeluoghi.it\/index.php\/2014\/06\/16\/premio-apollonio-2014-a-renzo-arbore-l-ambito-riconoscimento\/#primaryimage\"},\"thumbnailUrl\":\"\/images\/Neri_Marcore_2012_cropped.jpg\",\"articleSection\":[\"CuriosAr(t)e\"],\"inLanguage\":\"it-IT\",\"potentialAction\":[{\"@type\":\"CommentAction\",\"name\":\"Comment\",\"target\":[\"https:\/\/arteeluoghi.it\/index.php\/2014\/06\/16\/premio-apollonio-2014-a-renzo-arbore-l-ambito-riconoscimento\/#respond\"]}]},{\"@type\":\"Person\",\"@id\":\"https:\/\/arteeluoghi.it\/#\/schema\/person\/f84e814e36e91e01448ee07eaadd41d4\",\"name\":\"Staff\",\"image\":{\"@type\":\"ImageObject\",\"@id\":\"https:\/\/arteeluoghi.it\/#personlogo\",\"inLanguage\":\"it-IT\",\"url\":\"https:\/\/secure.gravatar.com\/avatar\/49d2f9e46271bb04e19cebfaf141313a?s=96&d=blank&r=g\",\"contentUrl\":\"https:\/\/secure.gravatar.com\/avatar\/49d2f9e46271bb04e19cebfaf141313a?s=96&d=blank&r=g\",\"caption\":\"Staff\"}}]}<\/script>\n<!-- \/ Yoast SEO plugin. -->","yoast_head_json":{"title":"Premio Apollonio 2014 a Renzo Arbore | Arte e Luoghi","robots":{"index":"index","follow":"follow","max-snippet":"max-snippet:-1","max-image-preview":"max-image-preview:large","max-video-preview":"max-video-preview:-1"},"canonical":"https:\/\/arteeluoghi.it\/index.php\/2014\/06\/16\/premio-apollonio-2014-a-renzo-arbore-l-ambito-riconoscimento\/","og_locale":"it_IT","og_type":"article","og_title":"Premio Apollonio 2014 a Renzo Arbore | Arte e Luoghi","og_description":"Appuntamento il 27 giugno 2014 presso il Chiostro del Rettorato dell\u2019Universit\u00e0 del Salento Condurr\u00e0 l&#8217;evento Neri Marcor\u00e8\u00a0 Decima edizione del","og_url":"https:\/\/arteeluoghi.it\/index.php\/2014\/06\/16\/premio-apollonio-2014-a-renzo-arbore-l-ambito-riconoscimento\/","og_site_name":"Arte e Luoghi","article_publisher":"https:\/\/www.facebook.com\/ArteELuoghi\/","article_published_time":"2014-06-16T09:46:37+00:00","og_image":[{"url":"https:\/\/arteeluoghi.it\/images\/Neri_Marcore_2012_cropped.jpg"}],"twitter_card":"summary","twitter_creator":"@arteeluoghi","twitter_site":"@arteeluoghi","twitter_misc":{"Scritto da":"Staff","Tempo di lettura stimato":"2 minuti"},"schema":{"@context":"https:\/\/schema.org","@graph":[{"@type":"Organization","@id":"https:\/\/arteeluoghi.it\/#organization","name":"Arte e Luoghi","url":"https:\/\/arteeluoghi.it\/","sameAs":["https:\/\/www.facebook.com\/ArteELuoghi\/","https:\/\/www.instagram.com\/arteeluoghi\/?hl=it","https:\/\/www.youtube.com\/channel\/UCuRVc4JW4-C5sg9rQB-srkw?view_as=subscriber","https:\/\/twitter.com\/arteeluoghi"],"logo":{"@type":"ImageObject","@id":"https:\/\/arteeluoghi.it\/#logo","inLanguage":"it-IT","url":"https:\/\/arteeluoghi.it\/wp-content\/uploads\/2018\/08\/logoinstagramarte.jpg","contentUrl":"https:\/\/arteeluoghi.it\/wp-content\/uploads\/2018\/08\/logoinstagramarte.jpg","width":150,"height":150,"caption":"Arte e Luoghi"},"image":{"@id":"https:\/\/arteeluoghi.it\/#logo"}},{"@type":"WebSite","@id":"https:\/\/arteeluoghi.it\/#website","url":"https:\/\/arteeluoghi.it\/","name":"Arte e Luoghi","description":"Mensile di arte, cultura, turismo e curiosit\u00e0","publisher":{"@id":"https:\/\/arteeluoghi.it\/#organization"},"potentialAction":[{"@type":"SearchAction","target":{"@type":"EntryPoint","urlTemplate":"https:\/\/arteeluoghi.it\/?s={search_term_string}"},"query-input":"required name=search_term_string"}],"inLanguage":"it-IT"},{"@type":"ImageObject","@id":"https:\/\/arteeluoghi.it\/index.php\/2014\/06\/16\/premio-apollonio-2014-a-renzo-arbore-l-ambito-riconoscimento\/#primaryimage","inLanguage":"it-IT","url":"\/images\/Neri_Marcore_2012_cropped.jpg","contentUrl":"\/images\/Neri_Marcore_2012_cropped.jpg"},{"@type":"WebPage","@id":"https:\/\/arteeluoghi.it\/index.php\/2014\/06\/16\/premio-apollonio-2014-a-renzo-arbore-l-ambito-riconoscimento\/#webpage","url":"https:\/\/arteeluoghi.it\/index.php\/2014\/06\/16\/premio-apollonio-2014-a-renzo-arbore-l-ambito-riconoscimento\/","name":"Premio Apollonio 2014 a Renzo Arbore | Arte e Luoghi","isPartOf":{"@id":"https:\/\/arteeluoghi.it\/#website"},"primaryImageOfPage":{"@id":"https:\/\/arteeluoghi.it\/index.php\/2014\/06\/16\/premio-apollonio-2014-a-renzo-arbore-l-ambito-riconoscimento\/#primaryimage"},"datePublished":"2014-06-16T09:46:37+00:00","dateModified":"2014-06-16T09:46:37+00:00","breadcrumb":{"@id":"https:\/\/arteeluoghi.it\/index.php\/2014\/06\/16\/premio-apollonio-2014-a-renzo-arbore-l-ambito-riconoscimento\/#breadcrumb"},"inLanguage":"it-IT","potentialAction":[{"@type":"ReadAction","target":["https:\/\/arteeluoghi.it\/index.php\/2014\/06\/16\/premio-apollonio-2014-a-renzo-arbore-l-ambito-riconoscimento\/"]}]},{"@type":"BreadcrumbList","@id":"https:\/\/arteeluoghi.it\/index.php\/2014\/06\/16\/premio-apollonio-2014-a-renzo-arbore-l-ambito-riconoscimento\/#breadcrumb","itemListElement":[{"@type":"ListItem","position":1,"name":"Home","item":"https:\/\/arteeluoghi.it\/"},{"@type":"ListItem","position":2,"name":"Premio Apollonio 2014 a Renzo Arbore"}]},{"@type":"Article","@id":"https:\/\/arteeluoghi.it\/index.php\/2014\/06\/16\/premio-apollonio-2014-a-renzo-arbore-l-ambito-riconoscimento\/#article","isPartOf":{"@id":"https:\/\/arteeluoghi.it\/index.php\/2014\/06\/16\/premio-apollonio-2014-a-renzo-arbore-l-ambito-riconoscimento\/#webpage"},"author":{"@id":"https:\/\/arteeluoghi.it\/#\/schema\/person\/f84e814e36e91e01448ee07eaadd41d4"},"headline":"Premio Apollonio 2014 a Renzo Arbore","datePublished":"2014-06-16T09:46:37+00:00","dateModified":"2014-06-16T09:46:37+00:00","mainEntityOfPage":{"@id":"https:\/\/arteeluoghi.it\/index.php\/2014\/06\/16\/premio-apollonio-2014-a-renzo-arbore-l-ambito-riconoscimento\/#webpage"},"wordCount":418,"commentCount":0,"publisher":{"@id":"https:\/\/arteeluoghi.it\/#organization"},"image":{"@id":"https:\/\/arteeluoghi.it\/index.php\/2014\/06\/16\/premio-apollonio-2014-a-renzo-arbore-l-ambito-riconoscimento\/#primaryimage"},"thumbnailUrl":"\/images\/Neri_Marcore_2012_cropped.jpg","articleSection":["CuriosAr(t)e"],"inLanguage":"it-IT","potentialAction":[{"@type":"CommentAction","name":"Comment","target":["https:\/\/arteeluoghi.it\/index.php\/2014\/06\/16\/premio-apollonio-2014-a-renzo-arbore-l-ambito-riconoscimento\/#respond"]}]},{"@type":"Person","@id":"https:\/\/arteeluoghi.it\/#\/schema\/person\/f84e814e36e91e01448ee07eaadd41d4","name":"Staff","image":{"@type":"ImageObject","@id":"https:\/\/arteeluoghi.it\/#personlogo","inLanguage":"it-IT","url":"https:\/\/secure.gravatar.com\/avatar\/49d2f9e46271bb04e19cebfaf141313a?s=96&d=blank&r=g","contentUrl":"https:\/\/secure.gravatar.com\/avatar\/49d2f9e46271bb04e19cebfaf141313a?s=96&d=blank&r=g","caption":"Staff"}}]}},"_links":{"self":[{"href":"https:\/\/arteeluoghi.it\/index.php\/wp-json\/wp\/v2\/posts\/1733"}],"collection":[{"href":"https:\/\/arteeluoghi.it\/index.php\/wp-json\/wp\/v2\/posts"}],"about":[{"href":"https:\/\/arteeluoghi.it\/index.php\/wp-json\/wp\/v2\/types\/post"}],"author":[{"embeddable":true,"href":"https:\/\/arteeluoghi.it\/index.php\/wp-json\/wp\/v2\/users\/1"}],"replies":[{"embeddable":true,"href":"https:\/\/arteeluoghi.it\/index.php\/wp-json\/wp\/v2\/comments?post=1733"}],"version-history":[{"count":0,"href":"https:\/\/arteeluoghi.it\/index.php\/wp-json\/wp\/v2\/posts\/1733\/revisions"}],"wp:attachment":[{"href":"https:\/\/arteeluoghi.it\/index.php\/wp-json\/wp\/v2\/media?parent=1733"}],"wp:term":[{"taxonomy":"category","embeddable":true,"href":"https:\/\/arteeluoghi.it\/index.php\/wp-json\/wp\/v2\/categories?post=1733"},{"taxonomy":"post_tag","embeddable":true,"href":"https:\/\/arteeluoghi.it\/index.php\/wp-json\/wp\/v2\/tags?post=1733"}],"curies":[{"name":"wp","href":"https:\/\/api.w.org\/{rel}","templated":true}]}}