{"id":1736,"date":"2014-06-16T13:44:48","date_gmt":"2014-06-16T11:44:48","guid":{"rendered":"http:\/\/arteeluoghi.it\/index.php\/2014\/06\/16\/premio-cupra-2014\/"},"modified":"2017-08-05T17:59:44","modified_gmt":"2017-08-05T15:59:44","slug":"premio-cupra-2014","status":"publish","type":"post","link":"https:\/\/arteeluoghi.it\/index.php\/2014\/06\/16\/premio-cupra-2014\/","title":{"rendered":"Premio Cupra 2014"},"content":{"rendered":"<p><strong><img src=\"\/images\/regolamento14.jpg\" border=\"0\" title=\"la brochure del regolamento\" width=\"200\" style=\"margin: 21px; border: 1px solid black; float: left;\" \/><\/strong><\/p>\n<p><strong>Conto alla rovescia per il Premio Cupra 2014<\/strong><\/p>\n<p><strong>Ed estemporanea &#8220;Vongola d&#8217;Oro&#8221;<\/strong><\/p>\n<p>Tutto \u00e8 pronto per la trentasettesima edizione dell&#8217;estemporanea di pittura &#8220;Vongola d&#8217;oro&#8221; nell&#8217;ambito del Premio Cupra, concorso nazionale di pittura contemporanea, in programma a Cupra Marittima dal 30 giugno al 4 luglio.<\/p>\n<p>Il premio prender\u00e0 il via Ddmenica 29 giugno- ore 18:00 Cupra Marittima con l&#8217;inaugurazione delle mostre con le opere in concorso alla presenza degli artisti e delle autorit\u00e0. Aperitivo con gli artisti. Apertura della sezione\u00a0 &#8220;Spazio Bambino creativo 2014&#8221; istituito dall&#8217;associazione artistica culturale \u201cL\u2019Arca dei Folli\u201d in collaborazione con Comune di Cupra Marittima, ISC e Pro Loco di Cupra Marittima, Regione Marche, Provincia di Ascoli Piceno e Fermo, Comuni e scuole e vari enti.Inoltre, durante la settimana del Concorso sar\u00e0 possibile visitare il Museo del Territorio ed i Siti Archeologici previa prenotazione presso la Pro Loco. <\/p>\n<p>Per quanto riguarda l&#8217;estemporanea, gli artisti dovranno realizzare, su tele formato cm 40&#215;50 fornite dall\u2019organizzazione, un\u2019opera traendo ispirazione dal paesaggio, dai monumenti e dalle attivit\u00e0 del luogo. Le tele, debitamente timbrate, potranno essere ritirate presso la Pro-Loco fin dal mattino di luned\u00ec 30 giugno negli orari d\u2019apertura dell\u2019ufficio e dovranno essere riconsegnate entro le ore12:00 di venerd\u00ec 04 luglio. Le opere consegnate oltre l\u2019orario stabilito saranno comunque accettate ed esposte \u201cfuori concorso\u201d.<\/p>\n<p>  <!--more-->  <\/p>\n<p>\u00a0<\/p>\n<p>La premiazione sar\u00e0 effettuataVenerd\u00ec 4 luglio dopo un incontro conviviale riservato ai pittori, alle autorit\u00e0 intervenute ed ai sostenitori della manifestazione.<br \/>La partecipazione all\u2019Estemporanea \u00e8 riservata ai partecipanti al \u201cPremio Cupra\u201d senza alcuna spesa aggiuntiva. Tutte le tele resteranno di propriet\u00e0 dell\u2019Organizzazione. Ricchi premi in palio. Maggiori dettagli sul sito della <a href=\"https:\/\/arteeluoghi.it\/index.php\/2006\/09\/30\/come-aggiorno-a-joomla-15\/\">Pro Loco\u00a0 <\/a><\/p>\n<p>Tutti i premi entreranno a far parte del catalogo del Premio.<\/p>\n","protected":false},"excerpt":{"rendered":"<p>Conto alla rovescia per il Premio Cupra 2014 Ed estemporanea &#8220;Vongola d&#8217;Oro&#8221; Tutto \u00e8 pronto per la trentasettesima edizione dell&#8217;estemporanea<\/p>\n","protected":false},"author":1,"featured_media":0,"comment_status":"open","ping_status":"open","sticky":false,"template":"","format":"standard","meta":[],"categories":[27],"tags":[],"yoast_head":"<!-- This site is optimized with the Yoast SEO plugin v18.0 - https:\/\/yoast.com\/wordpress\/plugins\/seo\/ -->\n<title>Premio Cupra 2014 | Arte e Luoghi<\/title>\n<meta name=\"robots\" content=\"index, follow, max-snippet:-1, max-image-preview:large, max-video-preview:-1\" \/>\n<link rel=\"canonical\" href=\"https:\/\/arteeluoghi.it\/index.php\/2014\/06\/16\/premio-cupra-2014\/\" \/>\n<meta property=\"og:locale\" content=\"it_IT\" \/>\n<meta property=\"og:type\" content=\"article\" \/>\n<meta property=\"og:title\" content=\"Premio Cupra 2014 | Arte e Luoghi\" \/>\n<meta property=\"og:description\" content=\"Conto alla rovescia per il Premio Cupra 2014 Ed estemporanea &#8220;Vongola d&#8217;Oro&#8221; Tutto \u00e8 pronto per la trentasettesima edizione dell&#8217;estemporanea\" \/>\n<meta property=\"og:url\" content=\"https:\/\/arteeluoghi.it\/index.php\/2014\/06\/16\/premio-cupra-2014\/\" \/>\n<meta property=\"og:site_name\" content=\"Arte e Luoghi\" \/>\n<meta property=\"article:publisher\" content=\"https:\/\/www.facebook.com\/ArteELuoghi\/\" \/>\n<meta property=\"article:published_time\" content=\"2014-06-16T11:44:48+00:00\" \/>\n<meta property=\"article:modified_time\" content=\"2017-08-05T15:59:44+00:00\" \/>\n<meta property=\"og:image\" content=\"https:\/\/arteeluoghi.it\/images\/regolamento14.jpg\" \/>\n<meta name=\"twitter:card\" content=\"summary\" \/>\n<meta name=\"twitter:creator\" content=\"@arteeluoghi\" \/>\n<meta name=\"twitter:site\" content=\"@arteeluoghi\" \/>\n<meta name=\"twitter:label1\" content=\"Scritto da\" \/>\n\t<meta name=\"twitter:data1\" content=\"Staff\" \/>\n\t<meta name=\"twitter:label2\" content=\"Tempo di lettura stimato\" \/>\n\t<meta name=\"twitter:data2\" content=\"1 minuto\" \/>\n<script type=\"application\/ld+json\" class=\"yoast-schema-graph\">{\"@context\":\"https:\/\/schema.org\",\"@graph\":[{\"@type\":\"Organization\",\"@id\":\"https:\/\/arteeluoghi.it\/#organization\",\"name\":\"Arte e Luoghi\",\"url\":\"https:\/\/arteeluoghi.it\/\",\"sameAs\":[\"https:\/\/www.facebook.com\/ArteELuoghi\/\",\"https:\/\/www.instagram.com\/arteeluoghi\/?hl=it\",\"https:\/\/www.youtube.com\/channel\/UCuRVc4JW4-C5sg9rQB-srkw?view_as=subscriber\",\"https:\/\/twitter.com\/arteeluoghi\"],\"logo\":{\"@type\":\"ImageObject\",\"@id\":\"https:\/\/arteeluoghi.it\/#logo\",\"inLanguage\":\"it-IT\",\"url\":\"https:\/\/arteeluoghi.it\/wp-content\/uploads\/2018\/08\/logoinstagramarte.jpg\",\"contentUrl\":\"https:\/\/arteeluoghi.it\/wp-content\/uploads\/2018\/08\/logoinstagramarte.jpg\",\"width\":150,\"height\":150,\"caption\":\"Arte e Luoghi\"},\"image\":{\"@id\":\"https:\/\/arteeluoghi.it\/#logo\"}},{\"@type\":\"WebSite\",\"@id\":\"https:\/\/arteeluoghi.it\/#website\",\"url\":\"https:\/\/arteeluoghi.it\/\",\"name\":\"Arte e Luoghi\",\"description\":\"Mensile di arte, cultura, turismo e curiosit\u00e0\",\"publisher\":{\"@id\":\"https:\/\/arteeluoghi.it\/#organization\"},\"potentialAction\":[{\"@type\":\"SearchAction\",\"target\":{\"@type\":\"EntryPoint\",\"urlTemplate\":\"https:\/\/arteeluoghi.it\/?s={search_term_string}\"},\"query-input\":\"required name=search_term_string\"}],\"inLanguage\":\"it-IT\"},{\"@type\":\"ImageObject\",\"@id\":\"https:\/\/arteeluoghi.it\/index.php\/2014\/06\/16\/premio-cupra-2014\/#primaryimage\",\"inLanguage\":\"it-IT\",\"url\":\"\/images\/regolamento14.jpg\",\"contentUrl\":\"\/images\/regolamento14.jpg\"},{\"@type\":\"WebPage\",\"@id\":\"https:\/\/arteeluoghi.it\/index.php\/2014\/06\/16\/premio-cupra-2014\/#webpage\",\"url\":\"https:\/\/arteeluoghi.it\/index.php\/2014\/06\/16\/premio-cupra-2014\/\",\"name\":\"Premio Cupra 2014 | Arte e Luoghi\",\"isPartOf\":{\"@id\":\"https:\/\/arteeluoghi.it\/#website\"},\"primaryImageOfPage\":{\"@id\":\"https:\/\/arteeluoghi.it\/index.php\/2014\/06\/16\/premio-cupra-2014\/#primaryimage\"},\"datePublished\":\"2014-06-16T11:44:48+00:00\",\"dateModified\":\"2017-08-05T15:59:44+00:00\",\"breadcrumb\":{\"@id\":\"https:\/\/arteeluoghi.it\/index.php\/2014\/06\/16\/premio-cupra-2014\/#breadcrumb\"},\"inLanguage\":\"it-IT\",\"potentialAction\":[{\"@type\":\"ReadAction\",\"target\":[\"https:\/\/arteeluoghi.it\/index.php\/2014\/06\/16\/premio-cupra-2014\/\"]}]},{\"@type\":\"BreadcrumbList\",\"@id\":\"https:\/\/arteeluoghi.it\/index.php\/2014\/06\/16\/premio-cupra-2014\/#breadcrumb\",\"itemListElement\":[{\"@type\":\"ListItem\",\"position\":1,\"name\":\"Home\",\"item\":\"https:\/\/arteeluoghi.it\/\"},{\"@type\":\"ListItem\",\"position\":2,\"name\":\"Premio Cupra 2014\"}]},{\"@type\":\"Article\",\"@id\":\"https:\/\/arteeluoghi.it\/index.php\/2014\/06\/16\/premio-cupra-2014\/#article\",\"isPartOf\":{\"@id\":\"https:\/\/arteeluoghi.it\/index.php\/2014\/06\/16\/premio-cupra-2014\/#webpage\"},\"author\":{\"@id\":\"https:\/\/arteeluoghi.it\/#\/schema\/person\/f84e814e36e91e01448ee07eaadd41d4\"},\"headline\":\"Premio Cupra 2014\",\"datePublished\":\"2014-06-16T11:44:48+00:00\",\"dateModified\":\"2017-08-05T15:59:44+00:00\",\"mainEntityOfPage\":{\"@id\":\"https:\/\/arteeluoghi.it\/index.php\/2014\/06\/16\/premio-cupra-2014\/#webpage\"},\"wordCount\":276,\"commentCount\":0,\"publisher\":{\"@id\":\"https:\/\/arteeluoghi.it\/#organization\"},\"image\":{\"@id\":\"https:\/\/arteeluoghi.it\/index.php\/2014\/06\/16\/premio-cupra-2014\/#primaryimage\"},\"thumbnailUrl\":\"\/images\/regolamento14.jpg\",\"articleSection\":[\"Arte\"],\"inLanguage\":\"it-IT\",\"potentialAction\":[{\"@type\":\"CommentAction\",\"name\":\"Comment\",\"target\":[\"https:\/\/arteeluoghi.it\/index.php\/2014\/06\/16\/premio-cupra-2014\/#respond\"]}]},{\"@type\":\"Person\",\"@id\":\"https:\/\/arteeluoghi.it\/#\/schema\/person\/f84e814e36e91e01448ee07eaadd41d4\",\"name\":\"Staff\",\"image\":{\"@type\":\"ImageObject\",\"@id\":\"https:\/\/arteeluoghi.it\/#personlogo\",\"inLanguage\":\"it-IT\",\"url\":\"https:\/\/secure.gravatar.com\/avatar\/49d2f9e46271bb04e19cebfaf141313a?s=96&d=blank&r=g\",\"contentUrl\":\"https:\/\/secure.gravatar.com\/avatar\/49d2f9e46271bb04e19cebfaf141313a?s=96&d=blank&r=g\",\"caption\":\"Staff\"}}]}<\/script>\n<!-- \/ Yoast SEO plugin. -->","yoast_head_json":{"title":"Premio Cupra 2014 | Arte e Luoghi","robots":{"index":"index","follow":"follow","max-snippet":"max-snippet:-1","max-image-preview":"max-image-preview:large","max-video-preview":"max-video-preview:-1"},"canonical":"https:\/\/arteeluoghi.it\/index.php\/2014\/06\/16\/premio-cupra-2014\/","og_locale":"it_IT","og_type":"article","og_title":"Premio Cupra 2014 | Arte e Luoghi","og_description":"Conto alla rovescia per il Premio Cupra 2014 Ed estemporanea &#8220;Vongola d&#8217;Oro&#8221; Tutto \u00e8 pronto per la trentasettesima edizione dell&#8217;estemporanea","og_url":"https:\/\/arteeluoghi.it\/index.php\/2014\/06\/16\/premio-cupra-2014\/","og_site_name":"Arte e Luoghi","article_publisher":"https:\/\/www.facebook.com\/ArteELuoghi\/","article_published_time":"2014-06-16T11:44:48+00:00","article_modified_time":"2017-08-05T15:59:44+00:00","og_image":[{"url":"https:\/\/arteeluoghi.it\/images\/regolamento14.jpg"}],"twitter_card":"summary","twitter_creator":"@arteeluoghi","twitter_site":"@arteeluoghi","twitter_misc":{"Scritto da":"Staff","Tempo di lettura stimato":"1 minuto"},"schema":{"@context":"https:\/\/schema.org","@graph":[{"@type":"Organization","@id":"https:\/\/arteeluoghi.it\/#organization","name":"Arte e Luoghi","url":"https:\/\/arteeluoghi.it\/","sameAs":["https:\/\/www.facebook.com\/ArteELuoghi\/","https:\/\/www.instagram.com\/arteeluoghi\/?hl=it","https:\/\/www.youtube.com\/channel\/UCuRVc4JW4-C5sg9rQB-srkw?view_as=subscriber","https:\/\/twitter.com\/arteeluoghi"],"logo":{"@type":"ImageObject","@id":"https:\/\/arteeluoghi.it\/#logo","inLanguage":"it-IT","url":"https:\/\/arteeluoghi.it\/wp-content\/uploads\/2018\/08\/logoinstagramarte.jpg","contentUrl":"https:\/\/arteeluoghi.it\/wp-content\/uploads\/2018\/08\/logoinstagramarte.jpg","width":150,"height":150,"caption":"Arte e Luoghi"},"image":{"@id":"https:\/\/arteeluoghi.it\/#logo"}},{"@type":"WebSite","@id":"https:\/\/arteeluoghi.it\/#website","url":"https:\/\/arteeluoghi.it\/","name":"Arte e Luoghi","description":"Mensile di arte, cultura, turismo e curiosit\u00e0","publisher":{"@id":"https:\/\/arteeluoghi.it\/#organization"},"potentialAction":[{"@type":"SearchAction","target":{"@type":"EntryPoint","urlTemplate":"https:\/\/arteeluoghi.it\/?s={search_term_string}"},"query-input":"required name=search_term_string"}],"inLanguage":"it-IT"},{"@type":"ImageObject","@id":"https:\/\/arteeluoghi.it\/index.php\/2014\/06\/16\/premio-cupra-2014\/#primaryimage","inLanguage":"it-IT","url":"\/images\/regolamento14.jpg","contentUrl":"\/images\/regolamento14.jpg"},{"@type":"WebPage","@id":"https:\/\/arteeluoghi.it\/index.php\/2014\/06\/16\/premio-cupra-2014\/#webpage","url":"https:\/\/arteeluoghi.it\/index.php\/2014\/06\/16\/premio-cupra-2014\/","name":"Premio Cupra 2014 | Arte e Luoghi","isPartOf":{"@id":"https:\/\/arteeluoghi.it\/#website"},"primaryImageOfPage":{"@id":"https:\/\/arteeluoghi.it\/index.php\/2014\/06\/16\/premio-cupra-2014\/#primaryimage"},"datePublished":"2014-06-16T11:44:48+00:00","dateModified":"2017-08-05T15:59:44+00:00","breadcrumb":{"@id":"https:\/\/arteeluoghi.it\/index.php\/2014\/06\/16\/premio-cupra-2014\/#breadcrumb"},"inLanguage":"it-IT","potentialAction":[{"@type":"ReadAction","target":["https:\/\/arteeluoghi.it\/index.php\/2014\/06\/16\/premio-cupra-2014\/"]}]},{"@type":"BreadcrumbList","@id":"https:\/\/arteeluoghi.it\/index.php\/2014\/06\/16\/premio-cupra-2014\/#breadcrumb","itemListElement":[{"@type":"ListItem","position":1,"name":"Home","item":"https:\/\/arteeluoghi.it\/"},{"@type":"ListItem","position":2,"name":"Premio Cupra 2014"}]},{"@type":"Article","@id":"https:\/\/arteeluoghi.it\/index.php\/2014\/06\/16\/premio-cupra-2014\/#article","isPartOf":{"@id":"https:\/\/arteeluoghi.it\/index.php\/2014\/06\/16\/premio-cupra-2014\/#webpage"},"author":{"@id":"https:\/\/arteeluoghi.it\/#\/schema\/person\/f84e814e36e91e01448ee07eaadd41d4"},"headline":"Premio Cupra 2014","datePublished":"2014-06-16T11:44:48+00:00","dateModified":"2017-08-05T15:59:44+00:00","mainEntityOfPage":{"@id":"https:\/\/arteeluoghi.it\/index.php\/2014\/06\/16\/premio-cupra-2014\/#webpage"},"wordCount":276,"commentCount":0,"publisher":{"@id":"https:\/\/arteeluoghi.it\/#organization"},"image":{"@id":"https:\/\/arteeluoghi.it\/index.php\/2014\/06\/16\/premio-cupra-2014\/#primaryimage"},"thumbnailUrl":"\/images\/regolamento14.jpg","articleSection":["Arte"],"inLanguage":"it-IT","potentialAction":[{"@type":"CommentAction","name":"Comment","target":["https:\/\/arteeluoghi.it\/index.php\/2014\/06\/16\/premio-cupra-2014\/#respond"]}]},{"@type":"Person","@id":"https:\/\/arteeluoghi.it\/#\/schema\/person\/f84e814e36e91e01448ee07eaadd41d4","name":"Staff","image":{"@type":"ImageObject","@id":"https:\/\/arteeluoghi.it\/#personlogo","inLanguage":"it-IT","url":"https:\/\/secure.gravatar.com\/avatar\/49d2f9e46271bb04e19cebfaf141313a?s=96&d=blank&r=g","contentUrl":"https:\/\/secure.gravatar.com\/avatar\/49d2f9e46271bb04e19cebfaf141313a?s=96&d=blank&r=g","caption":"Staff"}}]}},"_links":{"self":[{"href":"https:\/\/arteeluoghi.it\/index.php\/wp-json\/wp\/v2\/posts\/1736"}],"collection":[{"href":"https:\/\/arteeluoghi.it\/index.php\/wp-json\/wp\/v2\/posts"}],"about":[{"href":"https:\/\/arteeluoghi.it\/index.php\/wp-json\/wp\/v2\/types\/post"}],"author":[{"embeddable":true,"href":"https:\/\/arteeluoghi.it\/index.php\/wp-json\/wp\/v2\/users\/1"}],"replies":[{"embeddable":true,"href":"https:\/\/arteeluoghi.it\/index.php\/wp-json\/wp\/v2\/comments?post=1736"}],"version-history":[{"count":1,"href":"https:\/\/arteeluoghi.it\/index.php\/wp-json\/wp\/v2\/posts\/1736\/revisions"}],"predecessor-version":[{"id":2597,"href":"https:\/\/arteeluoghi.it\/index.php\/wp-json\/wp\/v2\/posts\/1736\/revisions\/2597"}],"wp:attachment":[{"href":"https:\/\/arteeluoghi.it\/index.php\/wp-json\/wp\/v2\/media?parent=1736"}],"wp:term":[{"taxonomy":"category","embeddable":true,"href":"https:\/\/arteeluoghi.it\/index.php\/wp-json\/wp\/v2\/categories?post=1736"},{"taxonomy":"post_tag","embeddable":true,"href":"https:\/\/arteeluoghi.it\/index.php\/wp-json\/wp\/v2\/tags?post=1736"}],"curies":[{"name":"wp","href":"https:\/\/api.w.org\/{rel}","templated":true}]}}