{"id":1740,"date":"2014-06-16T16:12:31","date_gmt":"2014-06-16T14:12:31","guid":{"rendered":"http:\/\/arteeluoghi.it\/index.php\/2014\/06\/16\/la-demologia-come-scienza-normale\/"},"modified":"2014-06-16T16:12:31","modified_gmt":"2014-06-16T14:12:31","slug":"la-demologia-come-scienza-normale","status":"publish","type":"post","link":"https:\/\/arteeluoghi.it\/index.php\/2014\/06\/16\/la-demologia-come-scienza-normale\/","title":{"rendered":"La demologia come scienza normale?"},"content":{"rendered":"<p><img src=\"\/images\/3909locandina_cirese.jpg\" border=\"0\" title=\"la locandina dell'evento\" width=\"300\" style=\"margin: 21px; float: left;\" \/>A Matera dal 19 al 21 giugno 2014. Universit\u00e0 della Basilicata &#8211; Dipartimento della Culture europee e del Mediterraneo &#8211; via S. Rocco &#8211; Aula Sassu<\/p>\n<p><strong>Convegno di studi a Matera<\/strong><\/p>\n<p><strong>Ricordando la figura di Alberto Mario Cirese<br \/><\/strong><\/p>\n<p>Per l\u2019antropologia culturale e la demologia italiana, la citt\u00e0 di Matera \u00e8 stata, almeno a partire dal secondo dopoguerra, un punto di riferimento cruciale. Nel tempo, si \u00e8 dimostrata capace di dialogare, reagire, e trarre vantaggio dalle spinte trasformative portate dalle molteplici \u2018letture\u2019 che riceve dai suoi \u2018ospiti\u2019 (oltre agli antropologi, importanti artisti nazionali e internazionali, enti transnazionali per la valorizzazione del patrimonio culturale, studiosi e professionisti di varie discipline).<\/p>\n<p>L\u2019iniziativa che il Dipartimento delle Culture Europee e del Mediterraneo: Architettura, Ambiente, Patrimoni Culturali (DiCEM) dell\u2019Universit\u00e0 della Basilicata ha in programma per il prossimo giugno \u2013 e che ruota attorno al lavoro dell\u2019antropologo italiano Alberto Mario Cirese e alle sue eredit\u00e0 per il presente ed il futuro degli studi &#8211; rappresenta un nuovo contributo a questa storia di fertili condizionamenti reciproci tra il mondo degli antropologi dell\u2019accademia e il tessuto sociale di questa citt\u00e0.<\/p>\n<p>  <!--more-->  <\/p>\n<p>Nel 1955, Matera ospit\u00f2 il convegno organizzato dal Partito Socialista intorno alla figura e l&#8217;opera di Rocco Scotellaro, poeta, uomo politico e intellettuale lucano che tanto ha influenzato e incide tutt\u2019ora sulla riflessione degli antropologi e i demologi italiani. Si tratt\u00f2 di un evento cruciale nel dibattito sulla \u201cquestione meridionale\u201d, di un\u2019occasione di confronto e di dibattito politico-culturale che vide la partecipazione di Carlo Levi, Franco Fortini, Manlio Rossi-Doria e numerosi uomini politici. Tra gli studiosi, era presente anche Alberto Mario Cirese, che fu uno dei protagonisti del dibattito scientifico sul mondo contadino.<\/p>\n<p>{AG rootFolder=&#8221;\/images\/sampledata\/&#8221; thumbWidth=&#8221;200&#8243; thumbHeight=&#8221;120&#8243; thumbAutoSize=&#8221;none&#8221; arrange=&#8221;priority&#8221; backgroundColor=&#8221;ffffff&#8221; foregroundColor=&#8221;808080&#8243; highliteColor=&#8221;fea804&#8243; frame_width=&#8221;500&#8243; frame_height=&#8221;300&#8243; newImageTag=&#8221;1&#8243; newImageTag_days=&#8221;7&#8243; paginUse=&#8221;1&#8243; paginImagesPerGallery=&#8221;10&#8243; albumUse=&#8221;1&#8243; showSignature=&#8221;1&#8243; plainTextCaptions=&#8221;1&#8243; ignoreError=&#8221;1&#8243; ignoreAllError=&#8221;0&#8243; template=&#8221;carousel_big&#8221; popupEngine=&#8221;slimbox&#8221;}unibasilicata{\/AG}Ulteriori riflessioni sull\u2019eredit\u00e0 contemporanea di quel dibattito sono urgenti, date le nuove sfide che i nostri territori si trovano ad affrontare. Molti antropologi italiani sono convinti della necessit\u00e0 di creare diffuse sinergie tra l\u2019attualizzazione di questo dibattito e gli sforzi oggi doverosi per la salvaguardia e la promozione della biodiversit\u00e0, della qualit\u00e0 dei prodotti agricoli e artigianali lucani e italiani e di rapporti sostenibili tra societ\u00e0 umane ed ambiente naturale.<\/p>\n<p>Matera, per la storia dei dibattiti che ha ospitato e delle trasformazioni di cui \u00e8 testimonianza, \u00e8 uno dei luoghi pi\u00f9 capaci di farsi simbolo di questa sinergia e della proposta di nuovi futuri costruiti a partire dalla \u2018terra\u2019: destinazione per eccellenza di un turismo di tipo \u2018culturale\u2019, ancora una volta accoglie prestigiosi ospiti intenzionati a farne bandiera di un futuro che non dimentichi e piuttosto rilanci le risorse dei paesaggi (agricoli, culturali, artigianali, artistici\u2026) locali come fonte di sviluppo economico e sociale.<\/p>\n<p>Per questi motivi, questa citt\u00e0 vuole ospitare il convegno in oggetto, che costituisce il terzo e conclusivo appuntamento sul tema dopo le iniziative ospitate dalle Universit\u00e0 di Firenze e Cagliari nel corso del mese di dicembre 2013.<\/p>\n<p>Oltre quarant\u2019anni fa usciva <em>Cultura egemonica e culture subalterne (CECS)<\/em> di A.M. Cirese: un manuale su cui si sono formate intere generazioni e, ancor pi\u00f9, un testo programmatico, che tentava di fondare la demologia come scienza autonoma e \u201cnormale\u201d. La nuova disciplina, nella visione di Cirese, doveva riassorbire la tradizione storica del folklorismo, integrandola tuttavia con i pi\u00f9 aggiornati indirizzi teorici delle scienze sociali; in particolare, doveva poggiare su una ridefinizione dell\u2019oggetto di studio a partire dalle categorie gramsciane di egemonia e subalternit\u00e0. Riflettere su quel momento di \u201cfondazione\u201d sembra indispensabile oggi, in un momento di forte crisi identitaria della demologia: la quale, pur conservando traccia nella denominazione del settore scientifico-disciplinare DEA, ha difficolt\u00e0 a definirsi nei termini di oggetti, confini e metodi peculiari. Le riflessioni che proponiamo in questo convegno si articolano in tre grandi tematiche, corrispondenti ad altrettante sessioni, a cui se ne aggiunger\u00e0 una quarta dedicata a \u201cMemorie, immagini, testimonianze\u201d.<\/p>\n<p>Strutturazione del Convegno:<\/p>\n<p>Prima sessione \u2013 CECS e la normalizzazione della demologia. <br \/>La prima sessione intende analizzare CECS in chiave di storia degli studi. Quali orientamenti e influssi teorici si addensano nella demologia di Cirese? Possiamo riconoscere almeno quattro grandi insiemi di fonti: a) gli studi di ispirazione filologica e letteraria, riconoscibili lungo la linea cronologicamente segnata da studiosi come Nigra, Barbi, Vidossi, Santoli, Bronzini; b) i tentativi di fondare una disciplina autonoma e nazionale, per via soprattutto empirica, ricorrendo anche a strumenti quali riviste, collane, manuali, mostre, individuabili nell\u2019attivit\u00e0 di studiosi quali Pitr\u00e8, Loria, Toschi; c) gli approcci di tipo socio-culturale che trovavano la loro matrice teorica nelle Osservazioni sul folclore di Gramsci, la loro maggiore applicazione nelle indagini sul campo e nella elaborazione concettuale di De Martino e un loro ulteriore riferimento nelle ricerche militanti, dentro e fuori il contesto accademico, degli anni Sessanta e Settanta; d) gli influssi che negli studi italiani erano stati esercitati da scuole e orientamenti internazionali quali, solo per fare qualche esempio, il comparativismo &#8211; evoluzionistico e diffusionistico &#8211; tardo ottocentesco, la linguistica saussuriana, il funzionalismo folklorico di Van Gennep o Marinus, lo strutturalismo di L\u00e9vi-Strauss, e altri ancora. In che misura si amalgamano tutti questi riferimenti? Prevale la continuit\u00e0 o la discontinuit\u00e0 rispetto alla tradizione folklorica? In che modo la prospettiva \u201cpresentista\u201d porta Cirese (nella parte A del volume), a leggere la storia degli studi italiani?<\/p>\n<p>Seconda sessione \u2013 Quali prospettive per gli studi sulla cultura popolare in Italia? <br \/>Questa sessione si interroga sulle prospettive attuali della demologia \u2013 o comunque degli studi sulla cultura popolare in Italia. La tradizione di studi che Cirese raccolse e innov\u00f2 con CECS ha ancora una forza conoscitiva? Quella \u2018scienza normale\u2019 che identificava con la \u2018demologia\u2019 \u00e8 ancora produttiva nell\u2019ambito degli studi DEA? Il problema si pu\u00f2 porre in molti modi. Se il fulcro della demologia era una peculiare demarcazione dell\u2019oggetto di studio su basi gramsciane, dovremmo chiederci in quali fenomeni culturali si possa oggi esplorare la relazione fra egemonico e subalterno. <br \/>Dentro la tradizione ciresiana, un tentativo di risposta si trova gi\u00e0 in un volume come Oltre il folklore, con una forte apertura agli studi europei e a nuovi oggetti di studio. A loro modo gli studi sulla museografia e il patrimonio, vivacissimi in Italia, sono un\u2019altra modalit\u00e0 di continuazione di quei temi. Pi\u00f9 in generale, e al di l\u00e0 degli interessi dello stesso Cirese, si pone invece il problema dei rapporti tra differenze sociali e culturali nell\u2019ambito della cultura di massa, dei contesti urbani e tecnologici, delle forme della vita quotidiana. In questo campo \u00e8 necessario confrontarsi con approcci teorici e di ricerca che finora hanno dialogato poco con la demologia, e con varie scuole internazionali che hanno sviluppato lo studio della cultura popolare ben oltre i limiti della folkloristica classica. A ci\u00f2 si collega anche un problema metodologico. CECS (soprattutto nella parte B) proponeva un quadro della ricerca empirica ampio e articolato, su cui \u00e8 utile tornare a ragionare oggi, in un contesto di superamento del paradigma del fieldwork classico.<\/p>\n<p>Terza Sessione &#8211; Esiste una cultura subalterna? Percorsi post-gramsciani<br \/>Ripensare oggi le basi della demologia significa anche interrogarsi sugli usi dei concetti di \u201ccultura egemonica\u201d e \u201cculture subalterne\u201d che i dibattiti internazionali hanno proposto dagli anni \u201970 in poi. Si tratta di percorsi complessi che attraversano discipline e orientamenti diversi. Il filone che si ricollega pi\u00f9 esplicitamente al pensiero gramsciano \u00e8 probabilmente quello dei Subaltern studies indiani, confluito poi nel vasto caleidoscopio del pensiero postcoloniale. La questione posta dalla celebre domanda di Spivak \u2013 \u201ccan the subaltern speak?\u201d \u2013 si \u00e8 articolata in molteplici ambiti disciplinari come la storia, la letteratura comparata, gli studi culturali e quelli di genere. Se la demologia ha insistito sulla relativa autonomia di una cultura subalterna rispetto a quella egemonica, tali indirizzi hanno invece sottolineato la inscindibilit\u00e0 dei due livelli \u2013 vale a dire la costituzione egemonica della stessa soggettivit\u00e0 del subalterno, da un lato, e dall\u2019altro l\u2019insinuarsi di forme di resistenza nelle pratiche dominanti. La cristallizzazione storica di forme culturali subalterne, documentabili antropologicamente (in un senso pi\u00f9 prossimo alla demologia), ha caratterizzato invece i cultural studies britannici (ad esempio con i lavori sulle subculture) e i dibattiti latino-americani sui contesti indigeni e contadini (in particolare nel lavoro di N. G. Canclini). Ripercorrere questi scenari di ricerca e di teoria sembra essenziale per aggiornare e ricostruire quella tradizione gramsciana che in Italia \u00e8 sembrata troppo bruscamente interrompersi.<\/p>\n<p>(fonte: comunicato stampa)<\/p>\n<hr \/>\n<p>Comitato Scientifico: <br \/>Pietro Clemente (Presidente), Fabio Dei, Francesco Marano, Ferdinando Mirizzi, Eugenio Testa<\/p>\n<p>Comitato Organizzatore: <br \/>Antonio Fanelli, Sandra Ferracuti, Emanuela Rossi, Vita Santoro<\/p>\n<p>Segreteria organizzativa: <br \/>Dipartimento delle Culture Europee e del Mediterraneo: Architettura, Ambiente, Patrimoni Culturali (DiCEM) \u2013 Universit\u00e0 della Basilicata <br \/>Via S. Rocco 3 &#8211; 75100 Matera <br \/>Vita Santoro tel:+39 3404015433; e-mail: vita.santoro@unibas.it; <br \/>Sandra Ferracuti tel: +39 3283361334, e-mail: sandra.ferracuti@unibas.it<\/p>\n","protected":false},"excerpt":{"rendered":"<p>A Matera dal 19 al 21 giugno 2014. Universit\u00e0 della Basilicata &#8211; Dipartimento della Culture europee e del Mediterraneo &#8211;<\/p>\n","protected":false},"author":1,"featured_media":0,"comment_status":"open","ping_status":"open","sticky":false,"template":"","format":"standard","meta":[],"categories":[28],"tags":[],"yoast_head":"<!-- This site is optimized with the Yoast SEO plugin v18.0 - https:\/\/yoast.com\/wordpress\/plugins\/seo\/ -->\n<title>La demologia come scienza normale? | Arte e Luoghi<\/title>\n<meta name=\"robots\" content=\"index, follow, max-snippet:-1, max-image-preview:large, max-video-preview:-1\" \/>\n<link rel=\"canonical\" href=\"https:\/\/arteeluoghi.it\/index.php\/2014\/06\/16\/la-demologia-come-scienza-normale\/\" \/>\n<meta property=\"og:locale\" content=\"it_IT\" \/>\n<meta property=\"og:type\" content=\"article\" \/>\n<meta property=\"og:title\" content=\"La demologia come scienza normale? | Arte e Luoghi\" \/>\n<meta property=\"og:description\" content=\"A Matera dal 19 al 21 giugno 2014. Universit\u00e0 della Basilicata &#8211; Dipartimento della Culture europee e del Mediterraneo &#8211;\" \/>\n<meta property=\"og:url\" content=\"https:\/\/arteeluoghi.it\/index.php\/2014\/06\/16\/la-demologia-come-scienza-normale\/\" \/>\n<meta property=\"og:site_name\" content=\"Arte e Luoghi\" \/>\n<meta property=\"article:publisher\" content=\"https:\/\/www.facebook.com\/ArteELuoghi\/\" \/>\n<meta property=\"article:published_time\" content=\"2014-06-16T14:12:31+00:00\" \/>\n<meta property=\"og:image\" content=\"https:\/\/arteeluoghi.it\/images\/3909locandina_cirese.jpg\" \/>\n<meta name=\"twitter:card\" content=\"summary\" \/>\n<meta name=\"twitter:creator\" content=\"@arteeluoghi\" \/>\n<meta name=\"twitter:site\" content=\"@arteeluoghi\" \/>\n<meta name=\"twitter:label1\" content=\"Scritto da\" \/>\n\t<meta name=\"twitter:data1\" content=\"Staff\" \/>\n\t<meta name=\"twitter:label2\" content=\"Tempo di lettura stimato\" \/>\n\t<meta name=\"twitter:data2\" content=\"7 minuti\" \/>\n<script type=\"application\/ld+json\" class=\"yoast-schema-graph\">{\"@context\":\"https:\/\/schema.org\",\"@graph\":[{\"@type\":\"Organization\",\"@id\":\"https:\/\/arteeluoghi.it\/#organization\",\"name\":\"Arte e Luoghi\",\"url\":\"https:\/\/arteeluoghi.it\/\",\"sameAs\":[\"https:\/\/www.facebook.com\/ArteELuoghi\/\",\"https:\/\/www.instagram.com\/arteeluoghi\/?hl=it\",\"https:\/\/www.youtube.com\/channel\/UCuRVc4JW4-C5sg9rQB-srkw?view_as=subscriber\",\"https:\/\/twitter.com\/arteeluoghi\"],\"logo\":{\"@type\":\"ImageObject\",\"@id\":\"https:\/\/arteeluoghi.it\/#logo\",\"inLanguage\":\"it-IT\",\"url\":\"https:\/\/arteeluoghi.it\/wp-content\/uploads\/2018\/08\/logoinstagramarte.jpg\",\"contentUrl\":\"https:\/\/arteeluoghi.it\/wp-content\/uploads\/2018\/08\/logoinstagramarte.jpg\",\"width\":150,\"height\":150,\"caption\":\"Arte e Luoghi\"},\"image\":{\"@id\":\"https:\/\/arteeluoghi.it\/#logo\"}},{\"@type\":\"WebSite\",\"@id\":\"https:\/\/arteeluoghi.it\/#website\",\"url\":\"https:\/\/arteeluoghi.it\/\",\"name\":\"Arte e Luoghi\",\"description\":\"Mensile di arte, cultura, turismo e curiosit\u00e0\",\"publisher\":{\"@id\":\"https:\/\/arteeluoghi.it\/#organization\"},\"potentialAction\":[{\"@type\":\"SearchAction\",\"target\":{\"@type\":\"EntryPoint\",\"urlTemplate\":\"https:\/\/arteeluoghi.it\/?s={search_term_string}\"},\"query-input\":\"required name=search_term_string\"}],\"inLanguage\":\"it-IT\"},{\"@type\":\"ImageObject\",\"@id\":\"https:\/\/arteeluoghi.it\/index.php\/2014\/06\/16\/la-demologia-come-scienza-normale\/#primaryimage\",\"inLanguage\":\"it-IT\",\"url\":\"\/images\/3909locandina_cirese.jpg\",\"contentUrl\":\"\/images\/3909locandina_cirese.jpg\"},{\"@type\":\"WebPage\",\"@id\":\"https:\/\/arteeluoghi.it\/index.php\/2014\/06\/16\/la-demologia-come-scienza-normale\/#webpage\",\"url\":\"https:\/\/arteeluoghi.it\/index.php\/2014\/06\/16\/la-demologia-come-scienza-normale\/\",\"name\":\"La demologia come scienza normale? | Arte e Luoghi\",\"isPartOf\":{\"@id\":\"https:\/\/arteeluoghi.it\/#website\"},\"primaryImageOfPage\":{\"@id\":\"https:\/\/arteeluoghi.it\/index.php\/2014\/06\/16\/la-demologia-come-scienza-normale\/#primaryimage\"},\"datePublished\":\"2014-06-16T14:12:31+00:00\",\"dateModified\":\"2014-06-16T14:12:31+00:00\",\"breadcrumb\":{\"@id\":\"https:\/\/arteeluoghi.it\/index.php\/2014\/06\/16\/la-demologia-come-scienza-normale\/#breadcrumb\"},\"inLanguage\":\"it-IT\",\"potentialAction\":[{\"@type\":\"ReadAction\",\"target\":[\"https:\/\/arteeluoghi.it\/index.php\/2014\/06\/16\/la-demologia-come-scienza-normale\/\"]}]},{\"@type\":\"BreadcrumbList\",\"@id\":\"https:\/\/arteeluoghi.it\/index.php\/2014\/06\/16\/la-demologia-come-scienza-normale\/#breadcrumb\",\"itemListElement\":[{\"@type\":\"ListItem\",\"position\":1,\"name\":\"Home\",\"item\":\"https:\/\/arteeluoghi.it\/\"},{\"@type\":\"ListItem\",\"position\":2,\"name\":\"La demologia come scienza normale?\"}]},{\"@type\":\"Article\",\"@id\":\"https:\/\/arteeluoghi.it\/index.php\/2014\/06\/16\/la-demologia-come-scienza-normale\/#article\",\"isPartOf\":{\"@id\":\"https:\/\/arteeluoghi.it\/index.php\/2014\/06\/16\/la-demologia-come-scienza-normale\/#webpage\"},\"author\":{\"@id\":\"https:\/\/arteeluoghi.it\/#\/schema\/person\/f84e814e36e91e01448ee07eaadd41d4\"},\"headline\":\"La demologia come scienza normale?\",\"datePublished\":\"2014-06-16T14:12:31+00:00\",\"dateModified\":\"2014-06-16T14:12:31+00:00\",\"mainEntityOfPage\":{\"@id\":\"https:\/\/arteeluoghi.it\/index.php\/2014\/06\/16\/la-demologia-come-scienza-normale\/#webpage\"},\"wordCount\":1456,\"commentCount\":0,\"publisher\":{\"@id\":\"https:\/\/arteeluoghi.it\/#organization\"},\"image\":{\"@id\":\"https:\/\/arteeluoghi.it\/index.php\/2014\/06\/16\/la-demologia-come-scienza-normale\/#primaryimage\"},\"thumbnailUrl\":\"\/images\/3909locandina_cirese.jpg\",\"articleSection\":[\"Notizie\"],\"inLanguage\":\"it-IT\",\"potentialAction\":[{\"@type\":\"CommentAction\",\"name\":\"Comment\",\"target\":[\"https:\/\/arteeluoghi.it\/index.php\/2014\/06\/16\/la-demologia-come-scienza-normale\/#respond\"]}]},{\"@type\":\"Person\",\"@id\":\"https:\/\/arteeluoghi.it\/#\/schema\/person\/f84e814e36e91e01448ee07eaadd41d4\",\"name\":\"Staff\",\"image\":{\"@type\":\"ImageObject\",\"@id\":\"https:\/\/arteeluoghi.it\/#personlogo\",\"inLanguage\":\"it-IT\",\"url\":\"https:\/\/secure.gravatar.com\/avatar\/49d2f9e46271bb04e19cebfaf141313a?s=96&d=blank&r=g\",\"contentUrl\":\"https:\/\/secure.gravatar.com\/avatar\/49d2f9e46271bb04e19cebfaf141313a?s=96&d=blank&r=g\",\"caption\":\"Staff\"}}]}<\/script>\n<!-- \/ Yoast SEO plugin. -->","yoast_head_json":{"title":"La demologia come scienza normale? | Arte e Luoghi","robots":{"index":"index","follow":"follow","max-snippet":"max-snippet:-1","max-image-preview":"max-image-preview:large","max-video-preview":"max-video-preview:-1"},"canonical":"https:\/\/arteeluoghi.it\/index.php\/2014\/06\/16\/la-demologia-come-scienza-normale\/","og_locale":"it_IT","og_type":"article","og_title":"La demologia come scienza normale? | Arte e Luoghi","og_description":"A Matera dal 19 al 21 giugno 2014. Universit\u00e0 della Basilicata &#8211; Dipartimento della Culture europee e del Mediterraneo &#8211;","og_url":"https:\/\/arteeluoghi.it\/index.php\/2014\/06\/16\/la-demologia-come-scienza-normale\/","og_site_name":"Arte e Luoghi","article_publisher":"https:\/\/www.facebook.com\/ArteELuoghi\/","article_published_time":"2014-06-16T14:12:31+00:00","og_image":[{"url":"https:\/\/arteeluoghi.it\/images\/3909locandina_cirese.jpg"}],"twitter_card":"summary","twitter_creator":"@arteeluoghi","twitter_site":"@arteeluoghi","twitter_misc":{"Scritto da":"Staff","Tempo di lettura stimato":"7 minuti"},"schema":{"@context":"https:\/\/schema.org","@graph":[{"@type":"Organization","@id":"https:\/\/arteeluoghi.it\/#organization","name":"Arte e Luoghi","url":"https:\/\/arteeluoghi.it\/","sameAs":["https:\/\/www.facebook.com\/ArteELuoghi\/","https:\/\/www.instagram.com\/arteeluoghi\/?hl=it","https:\/\/www.youtube.com\/channel\/UCuRVc4JW4-C5sg9rQB-srkw?view_as=subscriber","https:\/\/twitter.com\/arteeluoghi"],"logo":{"@type":"ImageObject","@id":"https:\/\/arteeluoghi.it\/#logo","inLanguage":"it-IT","url":"https:\/\/arteeluoghi.it\/wp-content\/uploads\/2018\/08\/logoinstagramarte.jpg","contentUrl":"https:\/\/arteeluoghi.it\/wp-content\/uploads\/2018\/08\/logoinstagramarte.jpg","width":150,"height":150,"caption":"Arte e Luoghi"},"image":{"@id":"https:\/\/arteeluoghi.it\/#logo"}},{"@type":"WebSite","@id":"https:\/\/arteeluoghi.it\/#website","url":"https:\/\/arteeluoghi.it\/","name":"Arte e Luoghi","description":"Mensile di arte, cultura, turismo e curiosit\u00e0","publisher":{"@id":"https:\/\/arteeluoghi.it\/#organization"},"potentialAction":[{"@type":"SearchAction","target":{"@type":"EntryPoint","urlTemplate":"https:\/\/arteeluoghi.it\/?s={search_term_string}"},"query-input":"required name=search_term_string"}],"inLanguage":"it-IT"},{"@type":"ImageObject","@id":"https:\/\/arteeluoghi.it\/index.php\/2014\/06\/16\/la-demologia-come-scienza-normale\/#primaryimage","inLanguage":"it-IT","url":"\/images\/3909locandina_cirese.jpg","contentUrl":"\/images\/3909locandina_cirese.jpg"},{"@type":"WebPage","@id":"https:\/\/arteeluoghi.it\/index.php\/2014\/06\/16\/la-demologia-come-scienza-normale\/#webpage","url":"https:\/\/arteeluoghi.it\/index.php\/2014\/06\/16\/la-demologia-come-scienza-normale\/","name":"La demologia come scienza normale? | Arte e Luoghi","isPartOf":{"@id":"https:\/\/arteeluoghi.it\/#website"},"primaryImageOfPage":{"@id":"https:\/\/arteeluoghi.it\/index.php\/2014\/06\/16\/la-demologia-come-scienza-normale\/#primaryimage"},"datePublished":"2014-06-16T14:12:31+00:00","dateModified":"2014-06-16T14:12:31+00:00","breadcrumb":{"@id":"https:\/\/arteeluoghi.it\/index.php\/2014\/06\/16\/la-demologia-come-scienza-normale\/#breadcrumb"},"inLanguage":"it-IT","potentialAction":[{"@type":"ReadAction","target":["https:\/\/arteeluoghi.it\/index.php\/2014\/06\/16\/la-demologia-come-scienza-normale\/"]}]},{"@type":"BreadcrumbList","@id":"https:\/\/arteeluoghi.it\/index.php\/2014\/06\/16\/la-demologia-come-scienza-normale\/#breadcrumb","itemListElement":[{"@type":"ListItem","position":1,"name":"Home","item":"https:\/\/arteeluoghi.it\/"},{"@type":"ListItem","position":2,"name":"La demologia come scienza normale?"}]},{"@type":"Article","@id":"https:\/\/arteeluoghi.it\/index.php\/2014\/06\/16\/la-demologia-come-scienza-normale\/#article","isPartOf":{"@id":"https:\/\/arteeluoghi.it\/index.php\/2014\/06\/16\/la-demologia-come-scienza-normale\/#webpage"},"author":{"@id":"https:\/\/arteeluoghi.it\/#\/schema\/person\/f84e814e36e91e01448ee07eaadd41d4"},"headline":"La demologia come scienza normale?","datePublished":"2014-06-16T14:12:31+00:00","dateModified":"2014-06-16T14:12:31+00:00","mainEntityOfPage":{"@id":"https:\/\/arteeluoghi.it\/index.php\/2014\/06\/16\/la-demologia-come-scienza-normale\/#webpage"},"wordCount":1456,"commentCount":0,"publisher":{"@id":"https:\/\/arteeluoghi.it\/#organization"},"image":{"@id":"https:\/\/arteeluoghi.it\/index.php\/2014\/06\/16\/la-demologia-come-scienza-normale\/#primaryimage"},"thumbnailUrl":"\/images\/3909locandina_cirese.jpg","articleSection":["Notizie"],"inLanguage":"it-IT","potentialAction":[{"@type":"CommentAction","name":"Comment","target":["https:\/\/arteeluoghi.it\/index.php\/2014\/06\/16\/la-demologia-come-scienza-normale\/#respond"]}]},{"@type":"Person","@id":"https:\/\/arteeluoghi.it\/#\/schema\/person\/f84e814e36e91e01448ee07eaadd41d4","name":"Staff","image":{"@type":"ImageObject","@id":"https:\/\/arteeluoghi.it\/#personlogo","inLanguage":"it-IT","url":"https:\/\/secure.gravatar.com\/avatar\/49d2f9e46271bb04e19cebfaf141313a?s=96&d=blank&r=g","contentUrl":"https:\/\/secure.gravatar.com\/avatar\/49d2f9e46271bb04e19cebfaf141313a?s=96&d=blank&r=g","caption":"Staff"}}]}},"_links":{"self":[{"href":"https:\/\/arteeluoghi.it\/index.php\/wp-json\/wp\/v2\/posts\/1740"}],"collection":[{"href":"https:\/\/arteeluoghi.it\/index.php\/wp-json\/wp\/v2\/posts"}],"about":[{"href":"https:\/\/arteeluoghi.it\/index.php\/wp-json\/wp\/v2\/types\/post"}],"author":[{"embeddable":true,"href":"https:\/\/arteeluoghi.it\/index.php\/wp-json\/wp\/v2\/users\/1"}],"replies":[{"embeddable":true,"href":"https:\/\/arteeluoghi.it\/index.php\/wp-json\/wp\/v2\/comments?post=1740"}],"version-history":[{"count":0,"href":"https:\/\/arteeluoghi.it\/index.php\/wp-json\/wp\/v2\/posts\/1740\/revisions"}],"wp:attachment":[{"href":"https:\/\/arteeluoghi.it\/index.php\/wp-json\/wp\/v2\/media?parent=1740"}],"wp:term":[{"taxonomy":"category","embeddable":true,"href":"https:\/\/arteeluoghi.it\/index.php\/wp-json\/wp\/v2\/categories?post=1740"},{"taxonomy":"post_tag","embeddable":true,"href":"https:\/\/arteeluoghi.it\/index.php\/wp-json\/wp\/v2\/tags?post=1740"}],"curies":[{"name":"wp","href":"https:\/\/api.w.org\/{rel}","templated":true}]}}