{"id":1745,"date":"2014-06-25T20:50:20","date_gmt":"2014-06-25T18:50:20","guid":{"rendered":"http:\/\/arteeluoghi.it\/index.php\/2014\/06\/25\/omaggio-a-michael-jackson\/"},"modified":"2014-06-25T20:50:20","modified_gmt":"2014-06-25T18:50:20","slug":"omaggio-a-michael-jackson","status":"publish","type":"post","link":"https:\/\/arteeluoghi.it\/index.php\/2014\/06\/25\/omaggio-a-michael-jackson\/","title":{"rendered":"Omaggio a Michael Jackson"},"content":{"rendered":"<p>L&#8217;artista Antonio Luceri ricorda il re del pop con un dipinto<\/p>\n<div style=\"text-align: left;\"><strong><img src=\"https:\/\/www.antonioluceri.it\/images\/idolo.jpg\" border=\"0\" title=\"Michael Jackson, 2011, olio, collage pastello su tela, 50x70 cm\" width=\"300\" style=\"margin: 21px; float: right;\" \/>Omaggio a Michael Jackson<\/strong><\/div>\n<p>&#8220;La grande musica e le grandi melodie sono immortali. Cambiano le culture; cambiano le mode; cambiano gli usi, ma la grande musica \u00e8 immortale. La gente non smetter\u00e0 mai di ascolatre Mozart; Tchaikovsky; Rachmaninov. La grande musica \u00e8 come una grandiosa scultura, un fantastico dipinto. Ha consistenza in eterno. Questo \u00e8 un fatto. (dall&#8217; <span class=\"external text\">Intervista con Geraldo Rivera, At Large With<\/span>, 07 febbraio 2005)<\/p>\n<p>Un mito \u00e8 eterno. Non conosce l&#8217;oblio. <br \/>Cinque anni fa, il 25 giugno 2009, spariva definitivamente dalle scene <strong>Michael Jackson. <\/strong>Il cuore del re del pop, alla vigilia di un mega concerto all&#8217;Arena di Londra, che annunciava il suo ritorno, cessava di battere a causa di un overdose di farmaci somministrati per errore dal medico personale Conrad Murray, poi riconosciuto colpevole di omicidio colposo involontario.<br \/>Un genio musicale forse ineguagliabile. Talento, generosit\u00e0, creativit\u00e0 e visionariet\u00e0 Michael Jackson \u00e8 stato il primo artista della storia della musica a scalare simultaneamente le classifiche dei singoli pop, dei singoli R&amp;B e degli album! <br \/>Con oltre un miliardo di dischi venduti ha fatto ballare e ancora fa ballare intere generazioni,rivoluzionando il mondo della canzone trasformandola con i suoi video in una vera e propria opera d&#8217;arte.<\/p>\n<p>  <!--more-->  <\/p>\n<p><br id=\"tinymce\" class=\"mceContentBody \" \/>&#8220;Insieme a James Dean e Tex, Michael Jackson \u00e8 stato un mio idolo. Ricorda L&#8217;artista Antonio Luceri che nel 2011 ha voluto rendergli omaggio dedicandogli un dipinto inserito nel catalogo &#8220;In continuum&#8221; edizioni IL Raggio Verde.<br \/>&#8220;Anch&#8217;io ho avuto da giovane i miei miti. James Dean l&#8217;attore e soprattutto l&#8217;eroe dei fumetti Tex che in certi casi era il mio mentore, mi ispiravo a lui, cercavo di imitarlo negli atteggiamenti. Pi\u00f9 tardi mi ha affascinato la musica di Michel Jackson e soprattutto la sua capacit\u00e0 di trasformarsi, la metamorfosi che \u00e8 stata quasi un leit motiv della sua vita, dai concerti e progetti musicali sempre diversi e nuovi, dal cambiamento del colore della sua pelle, da bianca a nera&#8230; <br \/>La notizia della sua improvvisa scomparsa ha colpito anche me&#8230;la morte mi aveva strappato il mio idolo e ho voluto fissare sulla tela alcune immagini che rimandano ad alcuni suoi celebri successi discografici e stralci di articoli comparsi all&#8217;indomani del 25 giugno di cinque anni fa&#8221;.<br \/>Con la sua particolare tecnica e la sintesi che gli \u00e8 propria in questo doppio livello tra linguaggio verbale e visivo Antonio Luceri ci regala un dipinto di grande suggestione. Sulla tela ha voluto focalizzare la metamorfosi dell&#8217;artista. Lo colloca\u00a0in alto e in basso nel dipinto, ritratto in diversi momenti della sua vita, all&#8217;apice del successo con il rimando a &#8220;Thriller\u201d\u00a0 il primo videoclip con storia e coreografia e, in assoluto l&#8217;album pi\u00f9 venduto nella storia della musica, e nella inconfondibile. Nell&#8217;altra immagine invece, si nota il suo sguardo pensieroso e il particolare del collo della giacca con gli alamari. Forse non \u00e8 un caso che nell&#8217;immagine centrale, anche se pi\u00f9 piccola rispetto alle altre, nel frammento di una lettera commemorativa, si possa leggere il sorriso sul volto di Michael vittima forse dello star system prima ancora dei farmaci. (an.fu.)<\/p>\n<p>\u00a0<\/p>\n<p>antonioluceri.it<\/p>\n","protected":false},"excerpt":{"rendered":"<p>L&#8217;artista Antonio Luceri ricorda il re del pop con un dipinto Omaggio a Michael Jackson &#8220;La grande musica e le<\/p>\n","protected":false},"author":1,"featured_media":0,"comment_status":"open","ping_status":"open","sticky":false,"template":"","format":"standard","meta":[],"categories":[27],"tags":[],"yoast_head":"<!-- This site is optimized with the Yoast SEO plugin v18.0 - https:\/\/yoast.com\/wordpress\/plugins\/seo\/ -->\n<title>Omaggio a Michael Jackson | Arte e Luoghi<\/title>\n<meta name=\"robots\" content=\"index, follow, max-snippet:-1, max-image-preview:large, max-video-preview:-1\" \/>\n<link rel=\"canonical\" href=\"https:\/\/arteeluoghi.it\/index.php\/2014\/06\/25\/omaggio-a-michael-jackson\/\" \/>\n<meta property=\"og:locale\" content=\"it_IT\" \/>\n<meta property=\"og:type\" content=\"article\" \/>\n<meta property=\"og:title\" content=\"Omaggio a Michael Jackson | Arte e Luoghi\" \/>\n<meta property=\"og:description\" content=\"L&#8217;artista Antonio Luceri ricorda il re del pop con un dipinto Omaggio a Michael Jackson &#8220;La grande musica e le\" \/>\n<meta property=\"og:url\" content=\"https:\/\/arteeluoghi.it\/index.php\/2014\/06\/25\/omaggio-a-michael-jackson\/\" \/>\n<meta property=\"og:site_name\" content=\"Arte e Luoghi\" \/>\n<meta property=\"article:publisher\" content=\"https:\/\/www.facebook.com\/ArteELuoghi\/\" \/>\n<meta property=\"article:published_time\" content=\"2014-06-25T18:50:20+00:00\" \/>\n<meta property=\"og:image\" content=\"http:\/\/www.antonioluceri.it\/images\/idolo.jpg\" \/>\n<meta name=\"twitter:card\" content=\"summary\" \/>\n<meta name=\"twitter:creator\" content=\"@arteeluoghi\" \/>\n<meta name=\"twitter:site\" content=\"@arteeluoghi\" \/>\n<meta name=\"twitter:label1\" content=\"Scritto da\" \/>\n\t<meta name=\"twitter:data1\" content=\"Staff\" \/>\n\t<meta name=\"twitter:label2\" content=\"Tempo di lettura stimato\" \/>\n\t<meta name=\"twitter:data2\" content=\"3 minuti\" \/>\n<script type=\"application\/ld+json\" class=\"yoast-schema-graph\">{\"@context\":\"https:\/\/schema.org\",\"@graph\":[{\"@type\":\"Organization\",\"@id\":\"https:\/\/arteeluoghi.it\/#organization\",\"name\":\"Arte e Luoghi\",\"url\":\"https:\/\/arteeluoghi.it\/\",\"sameAs\":[\"https:\/\/www.facebook.com\/ArteELuoghi\/\",\"https:\/\/www.instagram.com\/arteeluoghi\/?hl=it\",\"https:\/\/www.youtube.com\/channel\/UCuRVc4JW4-C5sg9rQB-srkw?view_as=subscriber\",\"https:\/\/twitter.com\/arteeluoghi\"],\"logo\":{\"@type\":\"ImageObject\",\"@id\":\"https:\/\/arteeluoghi.it\/#logo\",\"inLanguage\":\"it-IT\",\"url\":\"https:\/\/arteeluoghi.it\/wp-content\/uploads\/2018\/08\/logoinstagramarte.jpg\",\"contentUrl\":\"https:\/\/arteeluoghi.it\/wp-content\/uploads\/2018\/08\/logoinstagramarte.jpg\",\"width\":150,\"height\":150,\"caption\":\"Arte e Luoghi\"},\"image\":{\"@id\":\"https:\/\/arteeluoghi.it\/#logo\"}},{\"@type\":\"WebSite\",\"@id\":\"https:\/\/arteeluoghi.it\/#website\",\"url\":\"https:\/\/arteeluoghi.it\/\",\"name\":\"Arte e Luoghi\",\"description\":\"Mensile di arte, cultura, turismo e curiosit\u00e0\",\"publisher\":{\"@id\":\"https:\/\/arteeluoghi.it\/#organization\"},\"potentialAction\":[{\"@type\":\"SearchAction\",\"target\":{\"@type\":\"EntryPoint\",\"urlTemplate\":\"https:\/\/arteeluoghi.it\/?s={search_term_string}\"},\"query-input\":\"required name=search_term_string\"}],\"inLanguage\":\"it-IT\"},{\"@type\":\"ImageObject\",\"@id\":\"https:\/\/arteeluoghi.it\/index.php\/2014\/06\/25\/omaggio-a-michael-jackson\/#primaryimage\",\"inLanguage\":\"it-IT\",\"url\":\"http:\/\/www.antonioluceri.it\/images\/idolo.jpg\",\"contentUrl\":\"http:\/\/www.antonioluceri.it\/images\/idolo.jpg\"},{\"@type\":\"WebPage\",\"@id\":\"https:\/\/arteeluoghi.it\/index.php\/2014\/06\/25\/omaggio-a-michael-jackson\/#webpage\",\"url\":\"https:\/\/arteeluoghi.it\/index.php\/2014\/06\/25\/omaggio-a-michael-jackson\/\",\"name\":\"Omaggio a Michael Jackson | Arte e Luoghi\",\"isPartOf\":{\"@id\":\"https:\/\/arteeluoghi.it\/#website\"},\"primaryImageOfPage\":{\"@id\":\"https:\/\/arteeluoghi.it\/index.php\/2014\/06\/25\/omaggio-a-michael-jackson\/#primaryimage\"},\"datePublished\":\"2014-06-25T18:50:20+00:00\",\"dateModified\":\"2014-06-25T18:50:20+00:00\",\"breadcrumb\":{\"@id\":\"https:\/\/arteeluoghi.it\/index.php\/2014\/06\/25\/omaggio-a-michael-jackson\/#breadcrumb\"},\"inLanguage\":\"it-IT\",\"potentialAction\":[{\"@type\":\"ReadAction\",\"target\":[\"https:\/\/arteeluoghi.it\/index.php\/2014\/06\/25\/omaggio-a-michael-jackson\/\"]}]},{\"@type\":\"BreadcrumbList\",\"@id\":\"https:\/\/arteeluoghi.it\/index.php\/2014\/06\/25\/omaggio-a-michael-jackson\/#breadcrumb\",\"itemListElement\":[{\"@type\":\"ListItem\",\"position\":1,\"name\":\"Home\",\"item\":\"https:\/\/arteeluoghi.it\/\"},{\"@type\":\"ListItem\",\"position\":2,\"name\":\"Omaggio a Michael Jackson\"}]},{\"@type\":\"Article\",\"@id\":\"https:\/\/arteeluoghi.it\/index.php\/2014\/06\/25\/omaggio-a-michael-jackson\/#article\",\"isPartOf\":{\"@id\":\"https:\/\/arteeluoghi.it\/index.php\/2014\/06\/25\/omaggio-a-michael-jackson\/#webpage\"},\"author\":{\"@id\":\"https:\/\/arteeluoghi.it\/#\/schema\/person\/f84e814e36e91e01448ee07eaadd41d4\"},\"headline\":\"Omaggio a Michael Jackson\",\"datePublished\":\"2014-06-25T18:50:20+00:00\",\"dateModified\":\"2014-06-25T18:50:20+00:00\",\"mainEntityOfPage\":{\"@id\":\"https:\/\/arteeluoghi.it\/index.php\/2014\/06\/25\/omaggio-a-michael-jackson\/#webpage\"},\"wordCount\":513,\"commentCount\":0,\"publisher\":{\"@id\":\"https:\/\/arteeluoghi.it\/#organization\"},\"image\":{\"@id\":\"https:\/\/arteeluoghi.it\/index.php\/2014\/06\/25\/omaggio-a-michael-jackson\/#primaryimage\"},\"thumbnailUrl\":\"http:\/\/www.antonioluceri.it\/images\/idolo.jpg\",\"articleSection\":[\"Arte\"],\"inLanguage\":\"it-IT\",\"potentialAction\":[{\"@type\":\"CommentAction\",\"name\":\"Comment\",\"target\":[\"https:\/\/arteeluoghi.it\/index.php\/2014\/06\/25\/omaggio-a-michael-jackson\/#respond\"]}]},{\"@type\":\"Person\",\"@id\":\"https:\/\/arteeluoghi.it\/#\/schema\/person\/f84e814e36e91e01448ee07eaadd41d4\",\"name\":\"Staff\",\"image\":{\"@type\":\"ImageObject\",\"@id\":\"https:\/\/arteeluoghi.it\/#personlogo\",\"inLanguage\":\"it-IT\",\"url\":\"https:\/\/secure.gravatar.com\/avatar\/49d2f9e46271bb04e19cebfaf141313a?s=96&d=blank&r=g\",\"contentUrl\":\"https:\/\/secure.gravatar.com\/avatar\/49d2f9e46271bb04e19cebfaf141313a?s=96&d=blank&r=g\",\"caption\":\"Staff\"}}]}<\/script>\n<!-- \/ Yoast SEO plugin. -->","yoast_head_json":{"title":"Omaggio a Michael Jackson | Arte e Luoghi","robots":{"index":"index","follow":"follow","max-snippet":"max-snippet:-1","max-image-preview":"max-image-preview:large","max-video-preview":"max-video-preview:-1"},"canonical":"https:\/\/arteeluoghi.it\/index.php\/2014\/06\/25\/omaggio-a-michael-jackson\/","og_locale":"it_IT","og_type":"article","og_title":"Omaggio a Michael Jackson | Arte e Luoghi","og_description":"L&#8217;artista Antonio Luceri ricorda il re del pop con un dipinto Omaggio a Michael Jackson &#8220;La grande musica e le","og_url":"https:\/\/arteeluoghi.it\/index.php\/2014\/06\/25\/omaggio-a-michael-jackson\/","og_site_name":"Arte e Luoghi","article_publisher":"https:\/\/www.facebook.com\/ArteELuoghi\/","article_published_time":"2014-06-25T18:50:20+00:00","og_image":[{"url":"http:\/\/www.antonioluceri.it\/images\/idolo.jpg"}],"twitter_card":"summary","twitter_creator":"@arteeluoghi","twitter_site":"@arteeluoghi","twitter_misc":{"Scritto da":"Staff","Tempo di lettura stimato":"3 minuti"},"schema":{"@context":"https:\/\/schema.org","@graph":[{"@type":"Organization","@id":"https:\/\/arteeluoghi.it\/#organization","name":"Arte e Luoghi","url":"https:\/\/arteeluoghi.it\/","sameAs":["https:\/\/www.facebook.com\/ArteELuoghi\/","https:\/\/www.instagram.com\/arteeluoghi\/?hl=it","https:\/\/www.youtube.com\/channel\/UCuRVc4JW4-C5sg9rQB-srkw?view_as=subscriber","https:\/\/twitter.com\/arteeluoghi"],"logo":{"@type":"ImageObject","@id":"https:\/\/arteeluoghi.it\/#logo","inLanguage":"it-IT","url":"https:\/\/arteeluoghi.it\/wp-content\/uploads\/2018\/08\/logoinstagramarte.jpg","contentUrl":"https:\/\/arteeluoghi.it\/wp-content\/uploads\/2018\/08\/logoinstagramarte.jpg","width":150,"height":150,"caption":"Arte e Luoghi"},"image":{"@id":"https:\/\/arteeluoghi.it\/#logo"}},{"@type":"WebSite","@id":"https:\/\/arteeluoghi.it\/#website","url":"https:\/\/arteeluoghi.it\/","name":"Arte e Luoghi","description":"Mensile di arte, cultura, turismo e curiosit\u00e0","publisher":{"@id":"https:\/\/arteeluoghi.it\/#organization"},"potentialAction":[{"@type":"SearchAction","target":{"@type":"EntryPoint","urlTemplate":"https:\/\/arteeluoghi.it\/?s={search_term_string}"},"query-input":"required name=search_term_string"}],"inLanguage":"it-IT"},{"@type":"ImageObject","@id":"https:\/\/arteeluoghi.it\/index.php\/2014\/06\/25\/omaggio-a-michael-jackson\/#primaryimage","inLanguage":"it-IT","url":"http:\/\/www.antonioluceri.it\/images\/idolo.jpg","contentUrl":"http:\/\/www.antonioluceri.it\/images\/idolo.jpg"},{"@type":"WebPage","@id":"https:\/\/arteeluoghi.it\/index.php\/2014\/06\/25\/omaggio-a-michael-jackson\/#webpage","url":"https:\/\/arteeluoghi.it\/index.php\/2014\/06\/25\/omaggio-a-michael-jackson\/","name":"Omaggio a Michael Jackson | Arte e Luoghi","isPartOf":{"@id":"https:\/\/arteeluoghi.it\/#website"},"primaryImageOfPage":{"@id":"https:\/\/arteeluoghi.it\/index.php\/2014\/06\/25\/omaggio-a-michael-jackson\/#primaryimage"},"datePublished":"2014-06-25T18:50:20+00:00","dateModified":"2014-06-25T18:50:20+00:00","breadcrumb":{"@id":"https:\/\/arteeluoghi.it\/index.php\/2014\/06\/25\/omaggio-a-michael-jackson\/#breadcrumb"},"inLanguage":"it-IT","potentialAction":[{"@type":"ReadAction","target":["https:\/\/arteeluoghi.it\/index.php\/2014\/06\/25\/omaggio-a-michael-jackson\/"]}]},{"@type":"BreadcrumbList","@id":"https:\/\/arteeluoghi.it\/index.php\/2014\/06\/25\/omaggio-a-michael-jackson\/#breadcrumb","itemListElement":[{"@type":"ListItem","position":1,"name":"Home","item":"https:\/\/arteeluoghi.it\/"},{"@type":"ListItem","position":2,"name":"Omaggio a Michael Jackson"}]},{"@type":"Article","@id":"https:\/\/arteeluoghi.it\/index.php\/2014\/06\/25\/omaggio-a-michael-jackson\/#article","isPartOf":{"@id":"https:\/\/arteeluoghi.it\/index.php\/2014\/06\/25\/omaggio-a-michael-jackson\/#webpage"},"author":{"@id":"https:\/\/arteeluoghi.it\/#\/schema\/person\/f84e814e36e91e01448ee07eaadd41d4"},"headline":"Omaggio a Michael Jackson","datePublished":"2014-06-25T18:50:20+00:00","dateModified":"2014-06-25T18:50:20+00:00","mainEntityOfPage":{"@id":"https:\/\/arteeluoghi.it\/index.php\/2014\/06\/25\/omaggio-a-michael-jackson\/#webpage"},"wordCount":513,"commentCount":0,"publisher":{"@id":"https:\/\/arteeluoghi.it\/#organization"},"image":{"@id":"https:\/\/arteeluoghi.it\/index.php\/2014\/06\/25\/omaggio-a-michael-jackson\/#primaryimage"},"thumbnailUrl":"http:\/\/www.antonioluceri.it\/images\/idolo.jpg","articleSection":["Arte"],"inLanguage":"it-IT","potentialAction":[{"@type":"CommentAction","name":"Comment","target":["https:\/\/arteeluoghi.it\/index.php\/2014\/06\/25\/omaggio-a-michael-jackson\/#respond"]}]},{"@type":"Person","@id":"https:\/\/arteeluoghi.it\/#\/schema\/person\/f84e814e36e91e01448ee07eaadd41d4","name":"Staff","image":{"@type":"ImageObject","@id":"https:\/\/arteeluoghi.it\/#personlogo","inLanguage":"it-IT","url":"https:\/\/secure.gravatar.com\/avatar\/49d2f9e46271bb04e19cebfaf141313a?s=96&d=blank&r=g","contentUrl":"https:\/\/secure.gravatar.com\/avatar\/49d2f9e46271bb04e19cebfaf141313a?s=96&d=blank&r=g","caption":"Staff"}}]}},"_links":{"self":[{"href":"https:\/\/arteeluoghi.it\/index.php\/wp-json\/wp\/v2\/posts\/1745"}],"collection":[{"href":"https:\/\/arteeluoghi.it\/index.php\/wp-json\/wp\/v2\/posts"}],"about":[{"href":"https:\/\/arteeluoghi.it\/index.php\/wp-json\/wp\/v2\/types\/post"}],"author":[{"embeddable":true,"href":"https:\/\/arteeluoghi.it\/index.php\/wp-json\/wp\/v2\/users\/1"}],"replies":[{"embeddable":true,"href":"https:\/\/arteeluoghi.it\/index.php\/wp-json\/wp\/v2\/comments?post=1745"}],"version-history":[{"count":0,"href":"https:\/\/arteeluoghi.it\/index.php\/wp-json\/wp\/v2\/posts\/1745\/revisions"}],"wp:attachment":[{"href":"https:\/\/arteeluoghi.it\/index.php\/wp-json\/wp\/v2\/media?parent=1745"}],"wp:term":[{"taxonomy":"category","embeddable":true,"href":"https:\/\/arteeluoghi.it\/index.php\/wp-json\/wp\/v2\/categories?post=1745"},{"taxonomy":"post_tag","embeddable":true,"href":"https:\/\/arteeluoghi.it\/index.php\/wp-json\/wp\/v2\/tags?post=1745"}],"curies":[{"name":"wp","href":"https:\/\/api.w.org\/{rel}","templated":true}]}}