{"id":1755,"date":"2014-07-14T21:56:50","date_gmt":"2014-07-14T19:56:50","guid":{"rendered":"http:\/\/arteeluoghi.it\/index.php\/2014\/07\/14\/colori-e-forme-dal-mediterraneo\/"},"modified":"2014-07-14T21:56:50","modified_gmt":"2014-07-14T19:56:50","slug":"colori-e-forme-dal-mediterraneo","status":"publish","type":"post","link":"https:\/\/arteeluoghi.it\/index.php\/2014\/07\/14\/colori-e-forme-dal-mediterraneo\/","title":{"rendered":"Colori e forme dal Mediterraneo"},"content":{"rendered":"<div class=\"evento_descrizione\"><img src=\"https:\/\/www.ilraggioverdesrl.it\/images\/manifesto_mostrapittura_stampa.jpg\" border=\"0\" width=\"200\" style=\"margin: 21px; float: left;\" \/><\/div>\n<div class=\"evento_descrizione\">Dal 15 luglio al 31 agosto 2014\u00a0 nelle sale di Palazzo Gallone a Tricase<\/div>\n<div class=\"evento_descrizione\">\u00a0<\/div>\n<div class=\"evento_descrizione\"><strong>\u00a0<\/strong><\/div>\n<div class=\"evento_descrizione\"><strong>Palazzo Gallone si apre all&#8217;arte. Espongono Mimmo Camassa, Enzo De Giorgi, Luigi De Giovanni, Kristine Kvitka, Francesco Pasca, Andrea Ritrovato, Stefania Rizzo, Lorenzo Sparascio<\/strong><\/div>\n<div class=\"evento_descrizione\">\u00a0<\/div>\n<div class=\"evento_descrizione\">\u00a0<\/div>\n<div class=\"evento_descrizione\">L&#8217;estate tricasina si tinge di colori. Si intitola &#8220;<strong>Colori e forme dal Mediterraneo<\/strong>&#8221; la collettiva d\u2019arte che, dal 15 luglio al 31 agosto 2014, vedr\u00e0 esporre al piano nobile di Palazzo Gallone gli artisti Mimmo Camassa, Enzo De Giorgi, Luigi De Giovanni, Kristine Kvitka, Francesco Pasca, Andrea Ritrovato, Stefania Rizzo, Lorenzo Sparascio.<\/div>\n<div class=\"evento_descrizione\"> Nell\u2019ottica di un recupero dell\u2019edificio quale location espositiva \u2013 spiega l\u2019assessore Sergio Fracasso \u2013 le sale di Palazzo Gallone ospiteranno nell\u2019ambito del cartellone estivo promosso dall\u2019Assessorato alla Cultura del Comune di Tricase le opere di otto artisti e i diversi linguaggi dell\u2019arte attraverso i quali ognuno di loro riesce a tradurre il personale sguardo sul mondo.<\/div>\n<div class=\"evento_descrizione\">\u00a0<\/div>\n<div class=\"evento_descrizione\">\u00a0<\/div>\n<div class=\"evento_descrizione\">\u00a0 <!--more--> <\/div>\n<div class=\"evento_descrizione\">\u00a0<\/div>\n<p>Dalle icone di Mimmo Camassa, capace di reinventare la grande tradizione iconografica antica per raccontare le storie e i martiri di Santi e Madonne, alle visioni oniriche firmate Enzo De Giorgi che riesce a trovare una chiave lirica per leggere la realt\u00e0 anche quando si tratta di riaprire i libri di Storia e sfogliare tra le sue pagine pi\u00f9 dolorose come la Shoah.<br \/> Dalle \u201ctracce di ri\u20acvoluzione\u201d di Luigi De Giovanni con l\u2019indagine pittorica sui cambiamenti della societ\u00e0, partendo dagli anni della contestazione giovanile ad oggi, all\u2019universo femminile raccontato da Kristine Kvitka. Sui luoghi del visibile e dell\u2019intellegibile si interroga la pittura di Francesco Pasca con le sue creazioni al limite tra geometria e singlossia dove \u00e8 labile il confine tra universo visivo e verbale. Alle nuove visioni del sacro di Andrea Ritrovato con i suoi simbolici giochi prospettici ai paesaggi poetici di Stefania Rizzo che diventano spazi cromatici per la sua personale poetica sulla riflessione e la memoria. Infine, i volti espressivi e intensi del giovane Lorenzo Sparascio che ricordano le cifre stilistiche del neorealismo italiano. <br \/> La mostra patrocinata e promossa dal Comune di Tricase in collaborazione con Il Raggio Verde edizioni, si potr\u00e0 visitare tutti i giorni con ingresso libero dalle ore 20 alle ore 24. (an.fu.)<\/p>\n<hr \/>\n<p><img src=\"\/images\/Mimmo%20Camassa.jpg\" border=\"0\" title=\"Mimmo Camassa, San Carlo Borromeo, 2001, tempera su tavola, antico metodo di elaborazione, 38x60 cm  \" width=\"200\" style=\"margin: 21px; float: left;\" \/><\/p>\n<p>Schede biografiche degli artisti<br \/> <strong>Mimmo Camassa<\/strong><br \/> Nato a Bari nel 1964 Mimmo Camassa frequenta il Liceo Artistico e l&#8217;Accademia di Belle Arti. Affascinato dalla tradizione iconografica antica dell\u2019et\u00e0 medioevale segue i corsi di Arte Sacra all&#8217;Istituto Santa Scolastica di Bari con Tony Bux. Nel 1986 inizia come \u201cmadonnaro\u201d per poi dedicarsi alla pittura sacra organizzando mostre in Puglia e in Italia. Espone a Milano, Roma, Bologna, Ferrara ottenendo consensi e riconoscimenti tra i quali la lettera di ringraziamento dal Vaticano nel 2005 e l\u2019invito a partecipare a \u201cDettagli d&#8217;autore\u201d rubrica di Uno Mattina su Rai uno. Vive e ha un suo studio a Tricase. L\u2019artista &#8211; scrive Donato Valli \u2013 ha raggiunto \u201cun livello espressivo che associa all\u2019incanto della tradizione iconografica la composta decorazione di un reinventato \u201cliberty\u201d con le sue caratteristiche di stilizzazione e di simbolo. Tutto converge in un istintivo decoro di sentimenti, da intendere come coscienza della propria dignit\u00e0 ed esaltazione di una fantasia governata dalla misura e dal sentimento di una profonda umanit\u00e0\u201d.<\/p>\n<p>\u00a0<\/p>\n<p> <img src=\"\/images\/edglucinebuioweb.jpg\" border=\"0\" title=\"Enzo De Giorgi, Trittico dell\u2019amore ai tempi del Nazismo: Luci nel buio, 2014, olio su tela , cm.40x40\" width=\"200\" style=\"margin: 21px; float: right;\" \/><\/p>\n<p>\u00a0<\/p>\n<p>\u00a0<\/p>\n<p>Nato a Nizza Monferrato, in provincia di Asti, da genitori salentini, Enzo De Giorgi vive e lavora nel Salento. La sua formazione artistica parte da Lecce, dove frequenta l&#8217;Istituto d&#8217;Arte e successivamente l&#8217;Accademia di Belle Arti, e si matura negli anni con le sue personali ricerche stilistiche in luoghi e incontri diversi. Dal 1996 divide la sua passione artistica con l&#8217;attivit\u00e0 didattica svolta nel cuneese, nel bresciano e, infine, nel leccese dove tuttora insegna \u201cDiscipline Pittoriche\u201d presso il Liceo Artistico di Lecce. <br \/> La sua continua ricerca estetica lo porta a sperimentare tutti i linguaggi delle arti visive: fumetto, scenografia, scultura, decorazione, grafica, musica e video. Con la sua arte riesce a raccontare per immagini storie, in bilico tra mondo reale e onirico, che fluttuano leggere calate in atmosfere liriche e complesse in cui vale l\u2019aforisma shakespeariano \u201cSiamo fatti della stessa sostanza dei sogni\u201d.<\/p>\n<p> <img src=\"\/images\/luigi-de-giovanni-68w.jpg\" border=\"0\" title=\"Luigi De Giovanni, 1968, 2012, olio su tela cm 40x80\" width=\"200\" style=\"margin: 21px; float: left;\" \/><strong>Luigi De Giovanni<\/strong><br \/> Nato a Specchia, dove ha un proprio atelier, Luigi De Giovanni vive ed opera tra il Salento e Cagliari. Dopo aver conseguito la maturit\u00e0 all\u2019Istituto d\u2019Arte di Poggiardo nel 1969 si trasferisce a Roma dove nel 1974 si diploma in Scenografia all\u2019Accademia di Belle Arti iniziando una intensa attivit\u00e0 artistica che lo porta ad esporre a New York, Tokyo, Bruxelles, Madrid, Gent, Ginevra, Parigi oltre che a Milano, Roma, Firenze, Venezia, Bologna\u2026Nel 2012, con la curatela di Toti Carpentieri, ha esposto a Lecce il ciclo di opere \u201cTracce di rivoluzione\u201d, lettura dei cambiamenti che hanno caratterizzato la societ\u00e0 e i costumi dalla seconda met\u00e0 del Novecento andando a sfogliare le pagine pi\u00f9 dolorose della storia europea e italiana: le grandi guerre, la caduta del muro di Berlino, il \u201868, la crisi economica e politica dei nostri giorni. Nel dicembre 2012 a Specchia ha presentato l\u2019antologica \u201cIn itinere. Visioni, segni e figure 1966 \u2013 2012\u201d. Nel 2013 con la mostra \u201cDialogo con la Natura. Oltre i 16:9\u201d ha esposto a Brindisi, Mesagne, Tricase.<\/p>\n<p> <img src=\"\/images\/Kristine%20Kvitka%20Cercando%20lidentitO.%20Fiducia%20nuda.%20100x100%20olio%20su%20tela%202014.JPG\" border=\"0\" title=\"Kristine Kvitka Cercando lidentit\u00e0. Fiducia nuda. 100x100 olio su tela 2014\" width=\"200\" style=\"margin: 21px; float: right;\" \/><strong>Kristine Kvitka<\/strong> \u00e8 una pittrice di origine lettone, nata a Riga nel 1983, che attualmente vive e lavora tra Tricase(LE) e Riga(Lettonia). Ha iniziato la formazione artistica nel 1994, frequentando per due anni la Scuola Elementare di arti applicate a Riga (1994 &#8211; 1995), per poi proseguire il percorso formativo alla Jana Rozentala Rigas High Art School (1995 &#8211; 2003). La logica conseguenza del tipo di istruzione ottenuta al liceo \u00e8 stata quella di frequentare l&#8217;Accademia di Belle Arti di Lettonia (2003 &#8211; 2010), con indirizzo Pittura. Durante il percorso educativo Kristine ha studiato per due volte in Italia all\u2019Accademia di Belle Arti di Lecce (2006 e 2008). <br \/> Nella sua carriera la pittrice ha fatto molte mostre personali, tra cui due in Italia, e ha partecipato a svariati eventi artistici (mostre collettive, plein air internazionali, festivali di arte, simposi) in diversi paesi europei. Le sue opere d\u2019arte si trovano in molte collezione private in diversi paesi come Lettonia, Italia, Austria, Australia, Islanda, Germania , Regno Unito, Russia, ecc.<\/p>\n<p>\u00a0<\/p>\n<p> <img src=\"\/images\/Francesco-Pascaweb.jpg\" border=\"0\" title=\"Francesco Pasca, Comune non comune, 2014, acrilico 200x200 cm\" width=\"200\" style=\"margin: 21px; border: 1px solid black; float: left;\" \/><strong>Francesco Pasca<\/strong><br \/> Nato a Sanarica (Lecce) nel 1946 Francesco Pasca vive ed opera a San Pietro in Lama (Le). Nelle Arti Visive partecipa dal 1963 con contaminazioni che spaziano dal neocostruttivismo all&#8217;informale e con performance gestuali e visive. Nel 1979, parallelamente all\u2019adesione al Gruppo Granma, collabora al Manifesto della Singlossia voluto dalla semiologa Rossana Apicella e alle iniziative dette della stagione post-poetica visiva. <br \/> Si dedica alla scrittura, alla pittura, ai linguaggi multimediali. Partendo dall\u2019assunto longhiano \u201cL\u2019arte non \u00e8 imitazione della realt\u00e0, ma interpretazione individuale di essa\u201d Francesco Pasca elabora figurazioni, rigorosamente geometriche \u201ccontaminate\u201d da cifre e lettere che traducono il suo personale sguardo sulla realt\u00e0. Nelle sue opere convivono proporzioni matematiche, figure e simboli che trovano nella forza del colore il denominatore comune e, nella singlossia, la risultante dell\u2019incontro tra linguaggio visivo e verbale. Nel 2013 ha esposto a Lecce con la mostra Palindromie &#8211; verso e senso nel nodo rovescio del colore.<\/p>\n<p><img src=\"\/images\/Ritrovato.jpg\" border=\"0\" title=\"Andrea Ritrovato\" width=\"200\" style=\"margin: 21px; float: right;\" \/><strong>Andrea Ritrovato<\/strong> nasce a Tricase il 2.10.64. L\u2019interesse per il disegno ed un particolare amore per la pittura si rivelano al primo anno di Scuola Media. Artista successivamente frequenta l\u2019Istituto d\u2019Arte \u201cG. Pellegrino\u201d di Lecce conseguendo il diploma nel 1985. Nel capoluogo leccese Ritrovato frequenta poi l\u2019Accademia di Belle Arti e consegue il diploma nel 1988.<br \/> Nell\u2019anno scolastico 1987-\u201988 rappresenta l\u2019Accademia di lecce partecipando alla nota rassegna EXPO ART di Bari con l\u2019opera \u201cL\u2019aquilone umano\u201d. <br \/> Nel 1990 insegna Discipline Pittoriche, per l\u2019intero anno scolastico, nell\u2019Istituto Magistrale \u201cColombini\u201d di Piacenza.<br \/> Andrea ha partecipato a diversi concorsi nazionali e a diverse estemporanee di pittura e negli ultimi anni ha allestito alcune mostre personali. Nel 1998 ha partecipato, con la galleria \u201cMentana\u201d di Firenze, ad una mostra intitolata \u201cMia Arte\u201d a Milano, nel pressi di Porta C. Magno. L\u2019artista oltre alle sue particolari opere, esegue su commissione lavori di qualsiasi genere. <\/p>\n<p>\u00a0<\/p>\n<p>\u00a0<\/p>\n<p>\u00a0<\/p>\n<p><img src=\"\/images\/Stefania%20Rizzo.%20E%20ancora%20%20non%20ti%20conosco-%2080x100.jpg\" border=\"0\" title=\"Stefania Rizzo. E ancora  non ti conosco- 80x100\" width=\"200\" style=\"margin: 21px; border: 1px solid black; float: left;\" \/>Nata a Zug, in Svizzera, <strong>Stefania Rizzo<\/strong> si diploma nel 1987 all\u2019Istituto Professionale Stilista di Moda. Disegna abiti da sposa e per diversi anni confeziona abiti su misura per donna. Ma nel silenzio dello spazio tra una cucitura e l\u2019altra prende coscienza che quella non \u00e8 la sua strada. Alcune vicissitudini la porteranno a \u201cprovare\u201d a dipingere su tavole di legno dimenticate in qualche cantina\u2026Ne segue l\u2019apprezzamento da parte di cultori d\u2019arte e questo le dar\u00e0 la spinta a proseguire. Dipinge da diversi anni e il suo linguaggio pittorico si concentra soprattutto \u201c\u2026sul paesaggio come emblema del sublime e dello stato d\u2019animo e sullo spazio cosmico che diventa scenario delle composizioni <br \/> in cui l\u2019artista porta agli estremi la sua poetica della riflessione e della memoria\u2026\u201d (Nicola Cesari, \u201cCromatismo e valore poetico in perfetta simbiosi nella pittura di Stefania Rizzo\u201d). Attualmente la sua ricerca si concentra oltre che sul colore anche sui supporti di legno antico: sportelli, imposte, tavole per pressare il tabacco, su cui depone i propri linguaggi d\u2019autore. Le sue opere si trovano in varie collezioni private in Italia e all\u2019estero.<\/p>\n<p>\u00a0<\/p>\n<p>\u00a0<\/p>\n<p>\u00a0<\/p>\n<p> <img src=\"\/images\/lorenzo%20sparascio.jpg\" border=\"0\" title=\"Lorenzo Sparascio\" width=\"200\" style=\"margin: 21px; float: right;\" \/>Giovane artista di grande sensibilit\u00e0, <strong>Lorenzo Sparascio<\/strong> nasce a Tricase nel 1994, attraversa gli studi d&#8217;arte evidenziando subito un talento straordinario per un disegno, fortemente espressivo e viscerale, dai tratti immediati che ricordano cifre stilistiche del neo realismo italiano. Gli aspetti pittorici di questo giovane Artista \u2013 scrive il prof. Massimo Marangio &#8211; sono di un&#8217;efficacia fantastica, le cui risultanze estetiche abbracciano stili vicini a Freud, Guttuso e Vespignani. <br \/> L&#8217;Artista vive ed opera a Tricase.<\/p>\n","protected":false},"excerpt":{"rendered":"<p>Dal 15 luglio al 31 agosto 2014\u00a0 nelle sale di Palazzo Gallone a Tricase \u00a0 \u00a0 Palazzo Gallone si apre<\/p>\n","protected":false},"author":1,"featured_media":0,"comment_status":"open","ping_status":"open","sticky":false,"template":"","format":"standard","meta":[],"categories":[27],"tags":[],"yoast_head":"<!-- This site is optimized with the Yoast SEO plugin v18.0 - https:\/\/yoast.com\/wordpress\/plugins\/seo\/ -->\n<title>Colori e forme dal Mediterraneo | Arte e Luoghi<\/title>\n<meta name=\"robots\" content=\"index, follow, max-snippet:-1, max-image-preview:large, max-video-preview:-1\" \/>\n<link rel=\"canonical\" href=\"https:\/\/arteeluoghi.it\/index.php\/2014\/07\/14\/colori-e-forme-dal-mediterraneo\/\" \/>\n<meta property=\"og:locale\" content=\"it_IT\" \/>\n<meta property=\"og:type\" content=\"article\" \/>\n<meta property=\"og:title\" content=\"Colori e forme dal Mediterraneo | Arte e Luoghi\" \/>\n<meta property=\"og:description\" content=\"Dal 15 luglio al 31 agosto 2014\u00a0 nelle sale di Palazzo Gallone a Tricase \u00a0 \u00a0 Palazzo Gallone si apre\" \/>\n<meta property=\"og:url\" content=\"https:\/\/arteeluoghi.it\/index.php\/2014\/07\/14\/colori-e-forme-dal-mediterraneo\/\" \/>\n<meta property=\"og:site_name\" content=\"Arte e Luoghi\" \/>\n<meta property=\"article:publisher\" content=\"https:\/\/www.facebook.com\/ArteELuoghi\/\" \/>\n<meta property=\"article:published_time\" content=\"2014-07-14T19:56:50+00:00\" \/>\n<meta property=\"og:image\" content=\"http:\/\/www.ilraggioverdesrl.it\/images\/manifesto_mostrapittura_stampa.jpg\" \/>\n<meta name=\"twitter:card\" content=\"summary\" \/>\n<meta name=\"twitter:creator\" content=\"@arteeluoghi\" \/>\n<meta name=\"twitter:site\" content=\"@arteeluoghi\" \/>\n<meta name=\"twitter:label1\" content=\"Scritto da\" \/>\n\t<meta name=\"twitter:data1\" content=\"Staff\" \/>\n\t<meta name=\"twitter:label2\" content=\"Tempo di lettura stimato\" \/>\n\t<meta name=\"twitter:data2\" content=\"8 minuti\" \/>\n<script type=\"application\/ld+json\" class=\"yoast-schema-graph\">{\"@context\":\"https:\/\/schema.org\",\"@graph\":[{\"@type\":\"Organization\",\"@id\":\"https:\/\/arteeluoghi.it\/#organization\",\"name\":\"Arte e Luoghi\",\"url\":\"https:\/\/arteeluoghi.it\/\",\"sameAs\":[\"https:\/\/www.facebook.com\/ArteELuoghi\/\",\"https:\/\/www.instagram.com\/arteeluoghi\/?hl=it\",\"https:\/\/www.youtube.com\/channel\/UCuRVc4JW4-C5sg9rQB-srkw?view_as=subscriber\",\"https:\/\/twitter.com\/arteeluoghi\"],\"logo\":{\"@type\":\"ImageObject\",\"@id\":\"https:\/\/arteeluoghi.it\/#logo\",\"inLanguage\":\"it-IT\",\"url\":\"https:\/\/arteeluoghi.it\/wp-content\/uploads\/2018\/08\/logoinstagramarte.jpg\",\"contentUrl\":\"https:\/\/arteeluoghi.it\/wp-content\/uploads\/2018\/08\/logoinstagramarte.jpg\",\"width\":150,\"height\":150,\"caption\":\"Arte e Luoghi\"},\"image\":{\"@id\":\"https:\/\/arteeluoghi.it\/#logo\"}},{\"@type\":\"WebSite\",\"@id\":\"https:\/\/arteeluoghi.it\/#website\",\"url\":\"https:\/\/arteeluoghi.it\/\",\"name\":\"Arte e Luoghi\",\"description\":\"Mensile di arte, cultura, turismo e curiosit\u00e0\",\"publisher\":{\"@id\":\"https:\/\/arteeluoghi.it\/#organization\"},\"potentialAction\":[{\"@type\":\"SearchAction\",\"target\":{\"@type\":\"EntryPoint\",\"urlTemplate\":\"https:\/\/arteeluoghi.it\/?s={search_term_string}\"},\"query-input\":\"required name=search_term_string\"}],\"inLanguage\":\"it-IT\"},{\"@type\":\"ImageObject\",\"@id\":\"https:\/\/arteeluoghi.it\/index.php\/2014\/07\/14\/colori-e-forme-dal-mediterraneo\/#primaryimage\",\"inLanguage\":\"it-IT\",\"url\":\"http:\/\/www.ilraggioverdesrl.it\/images\/manifesto_mostrapittura_stampa.jpg\",\"contentUrl\":\"http:\/\/www.ilraggioverdesrl.it\/images\/manifesto_mostrapittura_stampa.jpg\"},{\"@type\":\"WebPage\",\"@id\":\"https:\/\/arteeluoghi.it\/index.php\/2014\/07\/14\/colori-e-forme-dal-mediterraneo\/#webpage\",\"url\":\"https:\/\/arteeluoghi.it\/index.php\/2014\/07\/14\/colori-e-forme-dal-mediterraneo\/\",\"name\":\"Colori e forme dal Mediterraneo | Arte e Luoghi\",\"isPartOf\":{\"@id\":\"https:\/\/arteeluoghi.it\/#website\"},\"primaryImageOfPage\":{\"@id\":\"https:\/\/arteeluoghi.it\/index.php\/2014\/07\/14\/colori-e-forme-dal-mediterraneo\/#primaryimage\"},\"datePublished\":\"2014-07-14T19:56:50+00:00\",\"dateModified\":\"2014-07-14T19:56:50+00:00\",\"breadcrumb\":{\"@id\":\"https:\/\/arteeluoghi.it\/index.php\/2014\/07\/14\/colori-e-forme-dal-mediterraneo\/#breadcrumb\"},\"inLanguage\":\"it-IT\",\"potentialAction\":[{\"@type\":\"ReadAction\",\"target\":[\"https:\/\/arteeluoghi.it\/index.php\/2014\/07\/14\/colori-e-forme-dal-mediterraneo\/\"]}]},{\"@type\":\"BreadcrumbList\",\"@id\":\"https:\/\/arteeluoghi.it\/index.php\/2014\/07\/14\/colori-e-forme-dal-mediterraneo\/#breadcrumb\",\"itemListElement\":[{\"@type\":\"ListItem\",\"position\":1,\"name\":\"Home\",\"item\":\"https:\/\/arteeluoghi.it\/\"},{\"@type\":\"ListItem\",\"position\":2,\"name\":\"Colori e forme dal Mediterraneo\"}]},{\"@type\":\"Article\",\"@id\":\"https:\/\/arteeluoghi.it\/index.php\/2014\/07\/14\/colori-e-forme-dal-mediterraneo\/#article\",\"isPartOf\":{\"@id\":\"https:\/\/arteeluoghi.it\/index.php\/2014\/07\/14\/colori-e-forme-dal-mediterraneo\/#webpage\"},\"author\":{\"@id\":\"https:\/\/arteeluoghi.it\/#\/schema\/person\/f84e814e36e91e01448ee07eaadd41d4\"},\"headline\":\"Colori e forme dal Mediterraneo\",\"datePublished\":\"2014-07-14T19:56:50+00:00\",\"dateModified\":\"2014-07-14T19:56:50+00:00\",\"mainEntityOfPage\":{\"@id\":\"https:\/\/arteeluoghi.it\/index.php\/2014\/07\/14\/colori-e-forme-dal-mediterraneo\/#webpage\"},\"wordCount\":1568,\"commentCount\":0,\"publisher\":{\"@id\":\"https:\/\/arteeluoghi.it\/#organization\"},\"image\":{\"@id\":\"https:\/\/arteeluoghi.it\/index.php\/2014\/07\/14\/colori-e-forme-dal-mediterraneo\/#primaryimage\"},\"thumbnailUrl\":\"http:\/\/www.ilraggioverdesrl.it\/images\/manifesto_mostrapittura_stampa.jpg\",\"articleSection\":[\"Arte\"],\"inLanguage\":\"it-IT\",\"potentialAction\":[{\"@type\":\"CommentAction\",\"name\":\"Comment\",\"target\":[\"https:\/\/arteeluoghi.it\/index.php\/2014\/07\/14\/colori-e-forme-dal-mediterraneo\/#respond\"]}]},{\"@type\":\"Person\",\"@id\":\"https:\/\/arteeluoghi.it\/#\/schema\/person\/f84e814e36e91e01448ee07eaadd41d4\",\"name\":\"Staff\",\"image\":{\"@type\":\"ImageObject\",\"@id\":\"https:\/\/arteeluoghi.it\/#personlogo\",\"inLanguage\":\"it-IT\",\"url\":\"https:\/\/secure.gravatar.com\/avatar\/49d2f9e46271bb04e19cebfaf141313a?s=96&d=blank&r=g\",\"contentUrl\":\"https:\/\/secure.gravatar.com\/avatar\/49d2f9e46271bb04e19cebfaf141313a?s=96&d=blank&r=g\",\"caption\":\"Staff\"}}]}<\/script>\n<!-- \/ Yoast SEO plugin. -->","yoast_head_json":{"title":"Colori e forme dal Mediterraneo | Arte e Luoghi","robots":{"index":"index","follow":"follow","max-snippet":"max-snippet:-1","max-image-preview":"max-image-preview:large","max-video-preview":"max-video-preview:-1"},"canonical":"https:\/\/arteeluoghi.it\/index.php\/2014\/07\/14\/colori-e-forme-dal-mediterraneo\/","og_locale":"it_IT","og_type":"article","og_title":"Colori e forme dal Mediterraneo | Arte e Luoghi","og_description":"Dal 15 luglio al 31 agosto 2014\u00a0 nelle sale di Palazzo Gallone a Tricase \u00a0 \u00a0 Palazzo Gallone si apre","og_url":"https:\/\/arteeluoghi.it\/index.php\/2014\/07\/14\/colori-e-forme-dal-mediterraneo\/","og_site_name":"Arte e Luoghi","article_publisher":"https:\/\/www.facebook.com\/ArteELuoghi\/","article_published_time":"2014-07-14T19:56:50+00:00","og_image":[{"url":"http:\/\/www.ilraggioverdesrl.it\/images\/manifesto_mostrapittura_stampa.jpg"}],"twitter_card":"summary","twitter_creator":"@arteeluoghi","twitter_site":"@arteeluoghi","twitter_misc":{"Scritto da":"Staff","Tempo di lettura stimato":"8 minuti"},"schema":{"@context":"https:\/\/schema.org","@graph":[{"@type":"Organization","@id":"https:\/\/arteeluoghi.it\/#organization","name":"Arte e Luoghi","url":"https:\/\/arteeluoghi.it\/","sameAs":["https:\/\/www.facebook.com\/ArteELuoghi\/","https:\/\/www.instagram.com\/arteeluoghi\/?hl=it","https:\/\/www.youtube.com\/channel\/UCuRVc4JW4-C5sg9rQB-srkw?view_as=subscriber","https:\/\/twitter.com\/arteeluoghi"],"logo":{"@type":"ImageObject","@id":"https:\/\/arteeluoghi.it\/#logo","inLanguage":"it-IT","url":"https:\/\/arteeluoghi.it\/wp-content\/uploads\/2018\/08\/logoinstagramarte.jpg","contentUrl":"https:\/\/arteeluoghi.it\/wp-content\/uploads\/2018\/08\/logoinstagramarte.jpg","width":150,"height":150,"caption":"Arte e Luoghi"},"image":{"@id":"https:\/\/arteeluoghi.it\/#logo"}},{"@type":"WebSite","@id":"https:\/\/arteeluoghi.it\/#website","url":"https:\/\/arteeluoghi.it\/","name":"Arte e Luoghi","description":"Mensile di arte, cultura, turismo e curiosit\u00e0","publisher":{"@id":"https:\/\/arteeluoghi.it\/#organization"},"potentialAction":[{"@type":"SearchAction","target":{"@type":"EntryPoint","urlTemplate":"https:\/\/arteeluoghi.it\/?s={search_term_string}"},"query-input":"required name=search_term_string"}],"inLanguage":"it-IT"},{"@type":"ImageObject","@id":"https:\/\/arteeluoghi.it\/index.php\/2014\/07\/14\/colori-e-forme-dal-mediterraneo\/#primaryimage","inLanguage":"it-IT","url":"http:\/\/www.ilraggioverdesrl.it\/images\/manifesto_mostrapittura_stampa.jpg","contentUrl":"http:\/\/www.ilraggioverdesrl.it\/images\/manifesto_mostrapittura_stampa.jpg"},{"@type":"WebPage","@id":"https:\/\/arteeluoghi.it\/index.php\/2014\/07\/14\/colori-e-forme-dal-mediterraneo\/#webpage","url":"https:\/\/arteeluoghi.it\/index.php\/2014\/07\/14\/colori-e-forme-dal-mediterraneo\/","name":"Colori e forme dal Mediterraneo | Arte e Luoghi","isPartOf":{"@id":"https:\/\/arteeluoghi.it\/#website"},"primaryImageOfPage":{"@id":"https:\/\/arteeluoghi.it\/index.php\/2014\/07\/14\/colori-e-forme-dal-mediterraneo\/#primaryimage"},"datePublished":"2014-07-14T19:56:50+00:00","dateModified":"2014-07-14T19:56:50+00:00","breadcrumb":{"@id":"https:\/\/arteeluoghi.it\/index.php\/2014\/07\/14\/colori-e-forme-dal-mediterraneo\/#breadcrumb"},"inLanguage":"it-IT","potentialAction":[{"@type":"ReadAction","target":["https:\/\/arteeluoghi.it\/index.php\/2014\/07\/14\/colori-e-forme-dal-mediterraneo\/"]}]},{"@type":"BreadcrumbList","@id":"https:\/\/arteeluoghi.it\/index.php\/2014\/07\/14\/colori-e-forme-dal-mediterraneo\/#breadcrumb","itemListElement":[{"@type":"ListItem","position":1,"name":"Home","item":"https:\/\/arteeluoghi.it\/"},{"@type":"ListItem","position":2,"name":"Colori e forme dal Mediterraneo"}]},{"@type":"Article","@id":"https:\/\/arteeluoghi.it\/index.php\/2014\/07\/14\/colori-e-forme-dal-mediterraneo\/#article","isPartOf":{"@id":"https:\/\/arteeluoghi.it\/index.php\/2014\/07\/14\/colori-e-forme-dal-mediterraneo\/#webpage"},"author":{"@id":"https:\/\/arteeluoghi.it\/#\/schema\/person\/f84e814e36e91e01448ee07eaadd41d4"},"headline":"Colori e forme dal Mediterraneo","datePublished":"2014-07-14T19:56:50+00:00","dateModified":"2014-07-14T19:56:50+00:00","mainEntityOfPage":{"@id":"https:\/\/arteeluoghi.it\/index.php\/2014\/07\/14\/colori-e-forme-dal-mediterraneo\/#webpage"},"wordCount":1568,"commentCount":0,"publisher":{"@id":"https:\/\/arteeluoghi.it\/#organization"},"image":{"@id":"https:\/\/arteeluoghi.it\/index.php\/2014\/07\/14\/colori-e-forme-dal-mediterraneo\/#primaryimage"},"thumbnailUrl":"http:\/\/www.ilraggioverdesrl.it\/images\/manifesto_mostrapittura_stampa.jpg","articleSection":["Arte"],"inLanguage":"it-IT","potentialAction":[{"@type":"CommentAction","name":"Comment","target":["https:\/\/arteeluoghi.it\/index.php\/2014\/07\/14\/colori-e-forme-dal-mediterraneo\/#respond"]}]},{"@type":"Person","@id":"https:\/\/arteeluoghi.it\/#\/schema\/person\/f84e814e36e91e01448ee07eaadd41d4","name":"Staff","image":{"@type":"ImageObject","@id":"https:\/\/arteeluoghi.it\/#personlogo","inLanguage":"it-IT","url":"https:\/\/secure.gravatar.com\/avatar\/49d2f9e46271bb04e19cebfaf141313a?s=96&d=blank&r=g","contentUrl":"https:\/\/secure.gravatar.com\/avatar\/49d2f9e46271bb04e19cebfaf141313a?s=96&d=blank&r=g","caption":"Staff"}}]}},"_links":{"self":[{"href":"https:\/\/arteeluoghi.it\/index.php\/wp-json\/wp\/v2\/posts\/1755"}],"collection":[{"href":"https:\/\/arteeluoghi.it\/index.php\/wp-json\/wp\/v2\/posts"}],"about":[{"href":"https:\/\/arteeluoghi.it\/index.php\/wp-json\/wp\/v2\/types\/post"}],"author":[{"embeddable":true,"href":"https:\/\/arteeluoghi.it\/index.php\/wp-json\/wp\/v2\/users\/1"}],"replies":[{"embeddable":true,"href":"https:\/\/arteeluoghi.it\/index.php\/wp-json\/wp\/v2\/comments?post=1755"}],"version-history":[{"count":0,"href":"https:\/\/arteeluoghi.it\/index.php\/wp-json\/wp\/v2\/posts\/1755\/revisions"}],"wp:attachment":[{"href":"https:\/\/arteeluoghi.it\/index.php\/wp-json\/wp\/v2\/media?parent=1755"}],"wp:term":[{"taxonomy":"category","embeddable":true,"href":"https:\/\/arteeluoghi.it\/index.php\/wp-json\/wp\/v2\/categories?post=1755"},{"taxonomy":"post_tag","embeddable":true,"href":"https:\/\/arteeluoghi.it\/index.php\/wp-json\/wp\/v2\/tags?post=1755"}],"curies":[{"name":"wp","href":"https:\/\/api.w.org\/{rel}","templated":true}]}}