{"id":17567,"date":"2026-09-01T18:08:22","date_gmt":"2026-09-01T16:08:22","guid":{"rendered":"https:\/\/arteeluoghi.it\/?p=17567"},"modified":"2026-09-01T18:09:06","modified_gmt":"2026-09-01T16:09:06","slug":"con-un-omaggio-a-troisi-si-conclude-lunedilumiere","status":"publish","type":"post","link":"https:\/\/arteeluoghi.it\/index.php\/2026\/09\/01\/con-un-omaggio-a-troisi-si-conclude-lunedilumiere\/","title":{"rendered":"Con un omaggio a Troisi si conclude Luned\u00ecL\u00f9Mi\u00e8re"},"content":{"rendered":"\n<blockquote class=\"wp-block-quote is-style-default\"><p>La rassegna enoproiettiva, ideata da Antonio Manzo e promossa dal Comune di Lecce si conclude luned\u00ec 7 settembre con la pellicola d&#8217;esordio dell&#8217;indimenticabile attore e regista napoletano<\/p><\/blockquote>\n\n\n\n<p>Con un omaggio all&#8217;indimenticabile Massimo Troisi si chiude la rassegna <strong>LuneD\u00ecL\u00f9Mi\u00e8re calicidicinema <\/strong>ideata da <strong>Antonio Manzo<\/strong> e promossa dal <strong>Comune di Lecce<\/strong> che ha animato l&#8217;estate leccese. Un ultimo atteso appuntamento, come sempre nel chiostro dell&#8217;<strong>ex Convento degli Agostiniani,<\/strong> con il film d&#8217;esordio alla regia di <strong>Massimo Troisi <\/strong>che oltre a fare incassi record valse all&#8217;attore napoletano ben 2 David di Donatello come miglior film e miglior attore e 4 Nastri d&#8217;Argento ed altri riconoscimenti.\u00a0\u00a0<\/p>\n\n\n\n<!--more-->\n\n\n\n<p>Il film esce nelle sale il 5 marzo 1981 e vede <strong>Troisi<\/strong> nel ruolo di Gaetano giovane timido napoletano che decide di trasferirsi a Firenze, dalla zia paterna in cerca di nuove esperienze. Lo seguir\u00e0 l&#8217;amico Raffaele Sodano alias <strong>Lello Arena<\/strong> e nel capoluogo toscano incontrer\u00e0 Marta, un&#8217;infermiera con la passione per la scrittura interpretata da <strong>Fiorenza Marchegiani<\/strong>, recentemente scomparsa.\u00a0 \u00a0Ricomincio da tre, con la colonna sonora firmata <strong>Pino Daniele<\/strong>, \u00e8 un film straordinario che mostra il potenziale comico dell&#8217;attore e regista nato e cresciuto all&#8217;ombra del Vesuvio che ha rivoluzionato il cinema sdoganando l&#8217;uso della lingua napoletana. Prima di lui, sia nel cinema che nel teatro, il napoletano veniva utilizzato per personaggi stereotipati come il camorrista, il pazzo, il guappo, lo scugnizzo, l&#8217;emigrante&#8230; Massimo Troisi ha distrutto questi clich\u00e9 per elevare il napoletano a universale lingua dell&#8217;anima dimostrando che i sentimenti espressi in napoletano possono essere compresi da Firenze \u2013 non a caso citt\u00e0 del sommo poeta \u2013 a Hollywood dando voce alle istanze dei giovani napoletani negli anni Ottanta con le loro timidezze e fragilit\u00e0.<\/p>\n\n\n\n<p>Gli ingressi sono gratuiti con prenotazione, per motivi organizzativi, su\u00a0<a href=\"http:\/\/www.eventbrite.it\/\" target=\"_blank\" rel=\"noreferrer noopener\">www.eventbrite.it<\/a>\u00a0\u00a0o telefonando a:\u00a0<a href=\"tel:(327)%20543-3127\" target=\"_blank\" rel=\"noreferrer noopener\">3275433127<\/a><\/p>\n\n\n\n<p>Come sempre ad introdurre la serata sar\u00e0 il direttore artistico&nbsp;<strong>Antonio Manzo<\/strong>&nbsp;che illustrer\u00e0 la trama del film, il cast, curiosit\u00e0, prima per\u00f2 per tutti. i partecipanti la degustazione di un calice abbinata alla pellicola in visione, tra le prestigiose etichette della casa vinicola&nbsp;<strong>Palam\u00e0 di Cutrofiano compagna di viaggio delle enoproiezioni targate L\u00f9 Mi\u00e8re.<\/strong><\/p>\n","protected":false},"excerpt":{"rendered":"<p>La rassegna enoproiettiva, ideata da Antonio Manzo e promossa dal Comune di Lecce si conclude luned\u00ec 7 settembre con la<\/p>\n","protected":false},"author":1,"featured_media":17568,"comment_status":"open","ping_status":"open","sticky":true,"template":"","format":"standard","meta":[],"categories":[29],"tags":[383,389,4957,134,7419,3160],"yoast_head":"<!-- This site is optimized with the Yoast SEO plugin v18.0 - https:\/\/yoast.com\/wordpress\/plugins\/seo\/ -->\n<title>Con un omaggio a Troisi si conclude Luned\u00ecL\u00f9Mi\u00e8re | Arte e Luoghi<\/title>\n<meta name=\"description\" content=\"La rassegna enoproiettiva, ideata da Antonio Manzo e promossa dal Comune di Lecce si conclude luned\u00ec 7 settembre con la pellicola d&#039;esordio\" \/>\n<meta name=\"robots\" content=\"index, follow, max-snippet:-1, max-image-preview:large, max-video-preview:-1\" \/>\n<link rel=\"canonical\" href=\"https:\/\/arteeluoghi.it\/index.php\/2026\/09\/01\/con-un-omaggio-a-troisi-si-conclude-lunedilumiere\/\" \/>\n<meta property=\"og:locale\" content=\"it_IT\" \/>\n<meta property=\"og:type\" content=\"article\" \/>\n<meta property=\"og:title\" content=\"Con un omaggio a Troisi si conclude Luned\u00ecL\u00f9Mi\u00e8re | Arte e Luoghi\" \/>\n<meta property=\"og:description\" content=\"La rassegna enoproiettiva, ideata da Antonio Manzo e promossa dal Comune di Lecce si conclude luned\u00ec 7 settembre con la pellicola d&#039;esordio\" \/>\n<meta property=\"og:url\" content=\"https:\/\/arteeluoghi.it\/index.php\/2026\/09\/01\/con-un-omaggio-a-troisi-si-conclude-lunedilumiere\/\" \/>\n<meta property=\"og:site_name\" content=\"Arte e Luoghi\" \/>\n<meta property=\"article:publisher\" content=\"https:\/\/www.facebook.com\/ArteELuoghi\/\" \/>\n<meta property=\"article:published_time\" content=\"2026-09-01T16:08:22+00:00\" \/>\n<meta property=\"article:modified_time\" content=\"2026-09-01T16:09:06+00:00\" \/>\n<meta property=\"og:image\" content=\"https:\/\/arteeluoghi.it\/wp-content\/uploads\/2026\/09\/lumiere8.jpg\" \/>\n\t<meta property=\"og:image:width\" content=\"2048\" \/>\n\t<meta property=\"og:image:height\" content=\"1490\" \/>\n\t<meta property=\"og:image:type\" content=\"image\/jpeg\" \/>\n<meta name=\"twitter:card\" content=\"summary\" \/>\n<meta name=\"twitter:creator\" content=\"@arteeluoghi\" \/>\n<meta name=\"twitter:site\" content=\"@arteeluoghi\" \/>\n<meta name=\"twitter:label1\" content=\"Scritto da\" \/>\n\t<meta name=\"twitter:data1\" content=\"Staff\" \/>\n\t<meta name=\"twitter:label2\" content=\"Tempo di lettura stimato\" \/>\n\t<meta name=\"twitter:data2\" content=\"2 minuti\" \/>\n<script type=\"application\/ld+json\" class=\"yoast-schema-graph\">{\"@context\":\"https:\/\/schema.org\",\"@graph\":[{\"@type\":\"Organization\",\"@id\":\"https:\/\/arteeluoghi.it\/#organization\",\"name\":\"Arte e Luoghi\",\"url\":\"https:\/\/arteeluoghi.it\/\",\"sameAs\":[\"https:\/\/www.facebook.com\/ArteELuoghi\/\",\"https:\/\/www.instagram.com\/arteeluoghi\/?hl=it\",\"https:\/\/www.youtube.com\/channel\/UCuRVc4JW4-C5sg9rQB-srkw?view_as=subscriber\",\"https:\/\/twitter.com\/arteeluoghi\"],\"logo\":{\"@type\":\"ImageObject\",\"@id\":\"https:\/\/arteeluoghi.it\/#logo\",\"inLanguage\":\"it-IT\",\"url\":\"https:\/\/arteeluoghi.it\/wp-content\/uploads\/2018\/08\/logoinstagramarte.jpg\",\"contentUrl\":\"https:\/\/arteeluoghi.it\/wp-content\/uploads\/2018\/08\/logoinstagramarte.jpg\",\"width\":150,\"height\":150,\"caption\":\"Arte e Luoghi\"},\"image\":{\"@id\":\"https:\/\/arteeluoghi.it\/#logo\"}},{\"@type\":\"WebSite\",\"@id\":\"https:\/\/arteeluoghi.it\/#website\",\"url\":\"https:\/\/arteeluoghi.it\/\",\"name\":\"Arte e Luoghi\",\"description\":\"Mensile di arte, cultura, turismo e curiosit\u00e0\",\"publisher\":{\"@id\":\"https:\/\/arteeluoghi.it\/#organization\"},\"potentialAction\":[{\"@type\":\"SearchAction\",\"target\":{\"@type\":\"EntryPoint\",\"urlTemplate\":\"https:\/\/arteeluoghi.it\/?s={search_term_string}\"},\"query-input\":\"required name=search_term_string\"}],\"inLanguage\":\"it-IT\"},{\"@type\":\"ImageObject\",\"@id\":\"https:\/\/arteeluoghi.it\/index.php\/2026\/09\/01\/con-un-omaggio-a-troisi-si-conclude-lunedilumiere\/#primaryimage\",\"inLanguage\":\"it-IT\",\"url\":\"https:\/\/arteeluoghi.it\/wp-content\/uploads\/2026\/09\/lumiere8.jpg\",\"contentUrl\":\"https:\/\/arteeluoghi.it\/wp-content\/uploads\/2026\/09\/lumiere8.jpg\",\"width\":2048,\"height\":1490},{\"@type\":\"WebPage\",\"@id\":\"https:\/\/arteeluoghi.it\/index.php\/2026\/09\/01\/con-un-omaggio-a-troisi-si-conclude-lunedilumiere\/#webpage\",\"url\":\"https:\/\/arteeluoghi.it\/index.php\/2026\/09\/01\/con-un-omaggio-a-troisi-si-conclude-lunedilumiere\/\",\"name\":\"Con un omaggio a Troisi si conclude Luned\u00ecL\u00f9Mi\u00e8re | Arte e Luoghi\",\"isPartOf\":{\"@id\":\"https:\/\/arteeluoghi.it\/#website\"},\"primaryImageOfPage\":{\"@id\":\"https:\/\/arteeluoghi.it\/index.php\/2026\/09\/01\/con-un-omaggio-a-troisi-si-conclude-lunedilumiere\/#primaryimage\"},\"datePublished\":\"2026-09-01T16:08:22+00:00\",\"dateModified\":\"2026-09-01T16:09:06+00:00\",\"description\":\"La rassegna enoproiettiva, ideata da Antonio Manzo e promossa dal Comune di Lecce si conclude luned\u00ec 7 settembre con la pellicola d'esordio\",\"breadcrumb\":{\"@id\":\"https:\/\/arteeluoghi.it\/index.php\/2026\/09\/01\/con-un-omaggio-a-troisi-si-conclude-lunedilumiere\/#breadcrumb\"},\"inLanguage\":\"it-IT\",\"potentialAction\":[{\"@type\":\"ReadAction\",\"target\":[\"https:\/\/arteeluoghi.it\/index.php\/2026\/09\/01\/con-un-omaggio-a-troisi-si-conclude-lunedilumiere\/\"]}]},{\"@type\":\"BreadcrumbList\",\"@id\":\"https:\/\/arteeluoghi.it\/index.php\/2026\/09\/01\/con-un-omaggio-a-troisi-si-conclude-lunedilumiere\/#breadcrumb\",\"itemListElement\":[{\"@type\":\"ListItem\",\"position\":1,\"name\":\"Home\",\"item\":\"https:\/\/arteeluoghi.it\/\"},{\"@type\":\"ListItem\",\"position\":2,\"name\":\"Con un omaggio a Troisi si conclude Luned\u00ecL\u00f9Mi\u00e8re\"}]},{\"@type\":\"Article\",\"@id\":\"https:\/\/arteeluoghi.it\/index.php\/2026\/09\/01\/con-un-omaggio-a-troisi-si-conclude-lunedilumiere\/#article\",\"isPartOf\":{\"@id\":\"https:\/\/arteeluoghi.it\/index.php\/2026\/09\/01\/con-un-omaggio-a-troisi-si-conclude-lunedilumiere\/#webpage\"},\"author\":{\"@id\":\"https:\/\/arteeluoghi.it\/#\/schema\/person\/f84e814e36e91e01448ee07eaadd41d4\"},\"headline\":\"Con un omaggio a Troisi si conclude Luned\u00ecL\u00f9Mi\u00e8re\",\"datePublished\":\"2026-09-01T16:08:22+00:00\",\"dateModified\":\"2026-09-01T16:09:06+00:00\",\"mainEntityOfPage\":{\"@id\":\"https:\/\/arteeluoghi.it\/index.php\/2026\/09\/01\/con-un-omaggio-a-troisi-si-conclude-lunedilumiere\/#webpage\"},\"wordCount\":360,\"commentCount\":0,\"publisher\":{\"@id\":\"https:\/\/arteeluoghi.it\/#organization\"},\"image\":{\"@id\":\"https:\/\/arteeluoghi.it\/index.php\/2026\/09\/01\/con-un-omaggio-a-troisi-si-conclude-lunedilumiere\/#primaryimage\"},\"thumbnailUrl\":\"https:\/\/arteeluoghi.it\/wp-content\/uploads\/2026\/09\/lumiere8.jpg\",\"keywords\":[\"Antonio Manzo\",\"cinema\",\"ex Convento degli Agostiniani\",\"Lecce\",\"luned\u00ecl\u00f9mi\u00e8re calicidicinema\",\"Massimo Troisi\"],\"articleSection\":[\"Cinema\"],\"inLanguage\":\"it-IT\",\"potentialAction\":[{\"@type\":\"CommentAction\",\"name\":\"Comment\",\"target\":[\"https:\/\/arteeluoghi.it\/index.php\/2026\/09\/01\/con-un-omaggio-a-troisi-si-conclude-lunedilumiere\/#respond\"]}]},{\"@type\":\"Person\",\"@id\":\"https:\/\/arteeluoghi.it\/#\/schema\/person\/f84e814e36e91e01448ee07eaadd41d4\",\"name\":\"Staff\",\"image\":{\"@type\":\"ImageObject\",\"@id\":\"https:\/\/arteeluoghi.it\/#personlogo\",\"inLanguage\":\"it-IT\",\"url\":\"https:\/\/secure.gravatar.com\/avatar\/49d2f9e46271bb04e19cebfaf141313a?s=96&d=blank&r=g\",\"contentUrl\":\"https:\/\/secure.gravatar.com\/avatar\/49d2f9e46271bb04e19cebfaf141313a?s=96&d=blank&r=g\",\"caption\":\"Staff\"}}]}<\/script>\n<!-- \/ Yoast SEO plugin. -->","yoast_head_json":{"title":"Con un omaggio a Troisi si conclude Luned\u00ecL\u00f9Mi\u00e8re | Arte e Luoghi","description":"La rassegna enoproiettiva, ideata da Antonio Manzo e promossa dal Comune di Lecce si conclude luned\u00ec 7 settembre con la pellicola d'esordio","robots":{"index":"index","follow":"follow","max-snippet":"max-snippet:-1","max-image-preview":"max-image-preview:large","max-video-preview":"max-video-preview:-1"},"canonical":"https:\/\/arteeluoghi.it\/index.php\/2026\/09\/01\/con-un-omaggio-a-troisi-si-conclude-lunedilumiere\/","og_locale":"it_IT","og_type":"article","og_title":"Con un omaggio a Troisi si conclude Luned\u00ecL\u00f9Mi\u00e8re | Arte e Luoghi","og_description":"La rassegna enoproiettiva, ideata da Antonio Manzo e promossa dal Comune di Lecce si conclude luned\u00ec 7 settembre con la pellicola d'esordio","og_url":"https:\/\/arteeluoghi.it\/index.php\/2026\/09\/01\/con-un-omaggio-a-troisi-si-conclude-lunedilumiere\/","og_site_name":"Arte e Luoghi","article_publisher":"https:\/\/www.facebook.com\/ArteELuoghi\/","article_published_time":"2026-09-01T16:08:22+00:00","article_modified_time":"2026-09-01T16:09:06+00:00","og_image":[{"width":2048,"height":1490,"url":"https:\/\/arteeluoghi.it\/wp-content\/uploads\/2026\/09\/lumiere8.jpg","type":"image\/jpeg"}],"twitter_card":"summary","twitter_creator":"@arteeluoghi","twitter_site":"@arteeluoghi","twitter_misc":{"Scritto da":"Staff","Tempo di lettura stimato":"2 minuti"},"schema":{"@context":"https:\/\/schema.org","@graph":[{"@type":"Organization","@id":"https:\/\/arteeluoghi.it\/#organization","name":"Arte e Luoghi","url":"https:\/\/arteeluoghi.it\/","sameAs":["https:\/\/www.facebook.com\/ArteELuoghi\/","https:\/\/www.instagram.com\/arteeluoghi\/?hl=it","https:\/\/www.youtube.com\/channel\/UCuRVc4JW4-C5sg9rQB-srkw?view_as=subscriber","https:\/\/twitter.com\/arteeluoghi"],"logo":{"@type":"ImageObject","@id":"https:\/\/arteeluoghi.it\/#logo","inLanguage":"it-IT","url":"https:\/\/arteeluoghi.it\/wp-content\/uploads\/2018\/08\/logoinstagramarte.jpg","contentUrl":"https:\/\/arteeluoghi.it\/wp-content\/uploads\/2018\/08\/logoinstagramarte.jpg","width":150,"height":150,"caption":"Arte e Luoghi"},"image":{"@id":"https:\/\/arteeluoghi.it\/#logo"}},{"@type":"WebSite","@id":"https:\/\/arteeluoghi.it\/#website","url":"https:\/\/arteeluoghi.it\/","name":"Arte e Luoghi","description":"Mensile di arte, cultura, turismo e curiosit\u00e0","publisher":{"@id":"https:\/\/arteeluoghi.it\/#organization"},"potentialAction":[{"@type":"SearchAction","target":{"@type":"EntryPoint","urlTemplate":"https:\/\/arteeluoghi.it\/?s={search_term_string}"},"query-input":"required name=search_term_string"}],"inLanguage":"it-IT"},{"@type":"ImageObject","@id":"https:\/\/arteeluoghi.it\/index.php\/2026\/09\/01\/con-un-omaggio-a-troisi-si-conclude-lunedilumiere\/#primaryimage","inLanguage":"it-IT","url":"https:\/\/arteeluoghi.it\/wp-content\/uploads\/2026\/09\/lumiere8.jpg","contentUrl":"https:\/\/arteeluoghi.it\/wp-content\/uploads\/2026\/09\/lumiere8.jpg","width":2048,"height":1490},{"@type":"WebPage","@id":"https:\/\/arteeluoghi.it\/index.php\/2026\/09\/01\/con-un-omaggio-a-troisi-si-conclude-lunedilumiere\/#webpage","url":"https:\/\/arteeluoghi.it\/index.php\/2026\/09\/01\/con-un-omaggio-a-troisi-si-conclude-lunedilumiere\/","name":"Con un omaggio a Troisi si conclude Luned\u00ecL\u00f9Mi\u00e8re | Arte e Luoghi","isPartOf":{"@id":"https:\/\/arteeluoghi.it\/#website"},"primaryImageOfPage":{"@id":"https:\/\/arteeluoghi.it\/index.php\/2026\/09\/01\/con-un-omaggio-a-troisi-si-conclude-lunedilumiere\/#primaryimage"},"datePublished":"2026-09-01T16:08:22+00:00","dateModified":"2026-09-01T16:09:06+00:00","description":"La rassegna enoproiettiva, ideata da Antonio Manzo e promossa dal Comune di Lecce si conclude luned\u00ec 7 settembre con la pellicola d'esordio","breadcrumb":{"@id":"https:\/\/arteeluoghi.it\/index.php\/2026\/09\/01\/con-un-omaggio-a-troisi-si-conclude-lunedilumiere\/#breadcrumb"},"inLanguage":"it-IT","potentialAction":[{"@type":"ReadAction","target":["https:\/\/arteeluoghi.it\/index.php\/2026\/09\/01\/con-un-omaggio-a-troisi-si-conclude-lunedilumiere\/"]}]},{"@type":"BreadcrumbList","@id":"https:\/\/arteeluoghi.it\/index.php\/2026\/09\/01\/con-un-omaggio-a-troisi-si-conclude-lunedilumiere\/#breadcrumb","itemListElement":[{"@type":"ListItem","position":1,"name":"Home","item":"https:\/\/arteeluoghi.it\/"},{"@type":"ListItem","position":2,"name":"Con un omaggio a Troisi si conclude Luned\u00ecL\u00f9Mi\u00e8re"}]},{"@type":"Article","@id":"https:\/\/arteeluoghi.it\/index.php\/2026\/09\/01\/con-un-omaggio-a-troisi-si-conclude-lunedilumiere\/#article","isPartOf":{"@id":"https:\/\/arteeluoghi.it\/index.php\/2026\/09\/01\/con-un-omaggio-a-troisi-si-conclude-lunedilumiere\/#webpage"},"author":{"@id":"https:\/\/arteeluoghi.it\/#\/schema\/person\/f84e814e36e91e01448ee07eaadd41d4"},"headline":"Con un omaggio a Troisi si conclude Luned\u00ecL\u00f9Mi\u00e8re","datePublished":"2026-09-01T16:08:22+00:00","dateModified":"2026-09-01T16:09:06+00:00","mainEntityOfPage":{"@id":"https:\/\/arteeluoghi.it\/index.php\/2026\/09\/01\/con-un-omaggio-a-troisi-si-conclude-lunedilumiere\/#webpage"},"wordCount":360,"commentCount":0,"publisher":{"@id":"https:\/\/arteeluoghi.it\/#organization"},"image":{"@id":"https:\/\/arteeluoghi.it\/index.php\/2026\/09\/01\/con-un-omaggio-a-troisi-si-conclude-lunedilumiere\/#primaryimage"},"thumbnailUrl":"https:\/\/arteeluoghi.it\/wp-content\/uploads\/2026\/09\/lumiere8.jpg","keywords":["Antonio Manzo","cinema","ex Convento degli Agostiniani","Lecce","luned\u00ecl\u00f9mi\u00e8re calicidicinema","Massimo Troisi"],"articleSection":["Cinema"],"inLanguage":"it-IT","potentialAction":[{"@type":"CommentAction","name":"Comment","target":["https:\/\/arteeluoghi.it\/index.php\/2026\/09\/01\/con-un-omaggio-a-troisi-si-conclude-lunedilumiere\/#respond"]}]},{"@type":"Person","@id":"https:\/\/arteeluoghi.it\/#\/schema\/person\/f84e814e36e91e01448ee07eaadd41d4","name":"Staff","image":{"@type":"ImageObject","@id":"https:\/\/arteeluoghi.it\/#personlogo","inLanguage":"it-IT","url":"https:\/\/secure.gravatar.com\/avatar\/49d2f9e46271bb04e19cebfaf141313a?s=96&d=blank&r=g","contentUrl":"https:\/\/secure.gravatar.com\/avatar\/49d2f9e46271bb04e19cebfaf141313a?s=96&d=blank&r=g","caption":"Staff"}}]}},"_links":{"self":[{"href":"https:\/\/arteeluoghi.it\/index.php\/wp-json\/wp\/v2\/posts\/17567"}],"collection":[{"href":"https:\/\/arteeluoghi.it\/index.php\/wp-json\/wp\/v2\/posts"}],"about":[{"href":"https:\/\/arteeluoghi.it\/index.php\/wp-json\/wp\/v2\/types\/post"}],"author":[{"embeddable":true,"href":"https:\/\/arteeluoghi.it\/index.php\/wp-json\/wp\/v2\/users\/1"}],"replies":[{"embeddable":true,"href":"https:\/\/arteeluoghi.it\/index.php\/wp-json\/wp\/v2\/comments?post=17567"}],"version-history":[{"count":1,"href":"https:\/\/arteeluoghi.it\/index.php\/wp-json\/wp\/v2\/posts\/17567\/revisions"}],"predecessor-version":[{"id":17569,"href":"https:\/\/arteeluoghi.it\/index.php\/wp-json\/wp\/v2\/posts\/17567\/revisions\/17569"}],"wp:featuredmedia":[{"embeddable":true,"href":"https:\/\/arteeluoghi.it\/index.php\/wp-json\/wp\/v2\/media\/17568"}],"wp:attachment":[{"href":"https:\/\/arteeluoghi.it\/index.php\/wp-json\/wp\/v2\/media?parent=17567"}],"wp:term":[{"taxonomy":"category","embeddable":true,"href":"https:\/\/arteeluoghi.it\/index.php\/wp-json\/wp\/v2\/categories?post=17567"},{"taxonomy":"post_tag","embeddable":true,"href":"https:\/\/arteeluoghi.it\/index.php\/wp-json\/wp\/v2\/tags?post=17567"}],"curies":[{"name":"wp","href":"https:\/\/api.w.org\/{rel}","templated":true}]}}