{"id":17575,"date":"2026-09-02T22:04:04","date_gmt":"2026-09-02T20:04:04","guid":{"rendered":"https:\/\/arteeluoghi.it\/?p=17575"},"modified":"2026-09-02T22:04:05","modified_gmt":"2026-09-02T20:04:05","slug":"la-cura-di-concita-de-gregorio","status":"publish","type":"post","link":"https:\/\/arteeluoghi.it\/index.php\/2026\/09\/02\/la-cura-di-concita-de-gregorio\/","title":{"rendered":"\u201cLa cura\u201d   di Concita De Gregorio"},"content":{"rendered":"\n<blockquote class=\"wp-block-quote is-style-default\"><p>Concita De Gregorio  sar\u00e0 protagonista del Salento Book Festival che ospiter\u00e0 tra gli altri Gard Lerner, Dario Stef\u00e0np, Antonio Caprarica e Ivan Cotroneo<\/p><\/blockquote>\n\n\n\n<p><strong>Domani,\u00a0Gioved\u00ec 3 Settembre, tappa a Taviano. In<\/strong>\u00a0Piazzetta don Pompeo Cacciatore, due appuntamenti. Alle 20:30\u00a0<strong>MIMMA GATTULLI<\/strong>\u00a0e\u00a0<strong>DON PASQUALE RUBINI<\/strong>\u00a0presentano il libro\u00a0<strong>\u201cLe parole di don Tonino Bello per una politica dei volti\u201d<\/strong>\u00a0(Cacucci Editore).<\/p>\n\n\n\n<p>Le parole di don Tonino Bello sono pi\u00f9 che attuali in un tempo caratterizzato da conflitti e da una devastante povert\u00e0 economica, morale e culturale. Esse travalicano i confini della Chiesa Cattolica e diventano patrimonio di uomini e donne che vogliono assumersi la responsabilit\u00e0 di costruire nel presente il mondo futuro. Il suo Magistero si rivolge a ogni essere umano chiamato a vivere in comunit\u00e0, ma anche a quanti dedicano la propria esistenza per lo sviluppo del bene comune. In tal senso la politica pi\u00f9 che tessere dei legami con il conflitto e la violenza spazia i suoi orizzonti nei percorsi della giustizia e della libert\u00e0. Per questo il volume vuole decifrare le parole di don Tonino per favorire un&#8217;azione sociale che metta al centro il volto di persona umana, essendo capaci di creare, con il linguaggio simbolico che le caratterizza, dei filtri interpretativi della realt\u00e0 per denunciare le criticit\u00e0, orientando a rinunciare alla logica dell&#8217;autoreferenzialit\u00e0 narcisistica per annunciare nuovi progetti di speranza.<\/p>\n\n\n\n<p>Modera l\u2019incontro&nbsp;<strong>TOMMASO D\u2019ANTICO.<\/strong><\/p>\n\n\n\n<p>A seguire, alle 21:30, Concita De Gregorio con il suo \u201cLa cura\u201d (Einaudi).<\/p>\n\n\n\n<p>Toccante e lieve, intimo e pieno di umanit\u00e0, questo libro racconta come prendersi cura degli altri sia l&#8217;unico modo per prendersi cura di s\u00e9. Perch\u00e9 anche nella fragilit\u00e0 e nei guasti la vita non smette di incantarci, di rivelarci nuovi mondi.<\/p>\n\n\n\n<p>Un giorno d\u2019agosto una donna si prepara a stare via per un po\u2019. Lascia una lettera di istruzioni ai figli, perch\u00e9 anche in sua assenza possano trovare le cose che non trovano mai. Per esempio i doposci. Non \u00e8 la stagione dello sci, ma chiss\u00e0 quando lei potr\u00e0 tornare. Questa \u00e8 la sua storia. Non \u00e8 il diario di una malattia, ma la testimonianza esatta che nessuno si salva da solo. A risuonare in queste pagine sono le voci degli altri. La voce di Angelina, che ha il piglio di una capobanda e tratta le altre pazienti con tenerezza. La voce del Professore, cresciuto in un paesino dell\u2019Aspromonte e diventato un luminare, che non dimentica le sue origini. La voce di un infermiere che impiantandoti un port endovenoso ti chiede quale sia la tua canzone preferita, e te la canta. In questa sinfonia di voci ci sono risate e stupore, sopracciglia tatuate e pur\u00e8 di carote, sigarette fumate di nascosto e pennarelli che disegnano sul corpo, madri che si preoccupano dei piedi freddi e uomini che conoscono la \u00ablogistica dell\u2019amore\u00bb. Ci sono l\u2019intelligenza e la sensibilit\u00e0 di una&nbsp;scrittrice che ribalta ogni stereotipo, sulla malattia come sulla cura, e che \u00e8 troppo curiosa delle persone per non raccontarle, perch\u00e9 sa che solo attraverso le storie altrui scopriamo la nostra.<\/p>\n\n\n\n<p>Incontra l\u2019autrice Emanuele Gatto.<\/p>\n\n\n\n<p>Il giorno successivo, venerd\u00ec 4 settembre, alle ore 21 De Gregorio presenter\u00e0 il suo libro nell\u2019atrio del Palazzo Marchesale di\u00a0GALATONE (Le). Incontra l\u2019autrice Valeria Blanco. Ma il Salento Book festival continua domenica 6 settembre a Racale con un doppio appuntamento in Piazza San Sebastiano dove alle 20.30 Yanko Tedeschi presenta\u00a0\u201cQuanto tempo \u00e8 per sempre\u201d\u00a0(Manni). Questo romanzo racconta di\u00a0Edoardo Delle Foglie\u00a0un irrequieto quarantenne di successo che si misura con s\u00e9 stesso, combattuto tra il peso del restare e il miraggio del fuggire, in una Bari percorsa di giorno e di notte contando i passi tra il mare, il locale dove incontra i veri amici, i vicoli e i personaggi del centro storico, mentre una folla di pensieri gli agita la mente.<br>In un labirintico viaggio per riconoscersi, Edoardo ritrova suo padre, figura tenera e autorevole, la donna che ha amato e all\u2019improvviso ricompare, una ragazza volitiva che insegue e conquista il proprio sogno di lavoro, e poi le voci di poeti, narratori, jazzisti e cantautori che alimentano il suo ragionare. Per comprendere fino in fondo quello che \u00e8 stato e quello che pu\u00f2 ancora essere. Dialoga con l\u2019autore<strong>\u00a0<\/strong>Gianluca Capochiani, Direttore Generale Asl di Lecce.<\/p>\n\n\n\n<p>A seguire alle 21:30 Gad Lerner presenta, con la partecipazione di Marco Cataldo, \u201cEbrei in guerra\u201d\u00a0(Feltrinelli).\u00a0Il rabbino capo di Roma e un ebreo che ha assunto posizioni critiche su Israele in guerra si confrontano sulla tragedia in corso e sulle divisioni dell&#8217;ebraismo contemporaneo. Affrontano temi di cruciale attualit\u00e0: le sofferenze di tutte le popolazioni coinvolte nel conflitto, il sionismo religioso, il nuovo antisemitismo, il rapporto difficile con la Chiesa cattolica, la sospetta ammirazione delle destre nazionaliste per Israele, il divorzio degli ebrei dalla sinistra, i rapporti fra la diaspora e lo Stato ebraico, la piaga del fanatismo. I giudizi restano distanti anche sulle polemiche che hanno agitato le Comunit\u00e0 ebraiche italiane dopo la pubblicazione di un appello contro la pulizia etnica sottoscritto da una minoranza di dissidenti. L&#8217;ebraismo \u00e8 al tempo stesso una religione, una cultura e una nazione, ma in che misura questi aspetti possono coesistere senza entrare in conflitto? &#8220;Ebrei in guerra&#8221; ha dunque molteplici significati.<\/p>\n\n\n\n<p><strong>MARTEDI 8 SETTEMBRE a TRICASE.&nbsp;<\/strong>Nell\u2019Atrio di Palazzo Gallone il Salento Book Festival incontra alle 20:00 Dario Stefano che presenta il libro&nbsp;\u201cVino &amp; Turismo. Teoria e Pratica dell\u2019enoturismo in cantina\u201d&nbsp;(Agra). Un vero e proprio manuale sull\u2019enoturismo curato insieme a Donatella Cinelli Colombini.&nbsp;Il libro nasce nell\u2019ambito delle attivit\u00e0 del&nbsp;<strong>CESEO<\/strong>, l\u2019Osservatorio nato in sinergia con il&nbsp;<strong>Movimento Turismo del Vino.&nbsp;<\/strong><em>Con questo volume abbiamo voluto colmare un vuoto nel panorama della formazione dedicata all\u2019enoturismo&nbsp;<\/em>\u2013 ha dichiarato&nbsp;<strong>Dario<\/strong><strong>&nbsp;<\/strong><strong>Stef\u00e0no<\/strong>, docente di Management e Marketing del Turismo all\u2019Universit\u00e0 LUMSA. \u2013<em>&nbsp;Il vino \u00e8 oggi uno straordinario fattore di valorizzazione territoriale, capace di generare economia, occupazione e attrattivit\u00e0. Al tempo stesso contribuisce a qualificare l\u2019offerta turistica e rappresenta per le imprese vitivinicole una concreta opportunit\u00e0 di diversificazione e ottimizzazione del reddito. Incontra l\u2019autore Leda Cesari.<\/em><em><strong><\/strong><\/em><\/p>\n\n\n\n<p><em>A seguire alle 21:00 Ivan Cotroneo, con la partecipazione dell\u2019attrice Vittoria Schisano, presenta il libro&nbsp;<\/em>\u201cGrande\u201d&nbsp;(La Nave di Teseo).&nbsp;L\u2019autore torna al romanzo per raccontare la malattia, il sesso e la morte senza filtri, in maniera inedita, intrecciando il privato e l\u2019universale, l\u2019affetto e l\u2019attrazione sessuale, in una citt\u00e0 calda e viva, specchio del protagonista e delle sue avventure. Ernesto, sceneggiatore che vive tra Roma e Napoli, si trova improvvisamente a dover affrontare la malattia della madre, colpita da un Alzheimer che ne consuma identit\u00e0 e corpo. \u00c8 costretto a gestire il progressivo crollo fisico e mentale della madre e, insieme, a scoprire il disastro economico nascosto per anni. Nel corso di un\u2019estate torrida, mentre la vita famigliare si svela e si sgretola, Ernesto trova una forma di sopravvivenza nel desiderio e nella carne, nella scoperta di altri corpi: gli incontri in una Napoli d\u2019agosto, tra locali notturni e strade deserte, diventano un contrappunto liberatorio al dolore dell\u2019assistenza quotidiana.<\/p>\n\n\n\n<p><strong>MERCOLEDI 9 SETTEMBRE &#8211; TAURISANO<\/strong><\/p>\n\n\n\n<p>In Piazza Castello alle 20:30 Antonio Caprarica, in compagnia di Rossella Galante, presenta&nbsp;\u201cIl bullo\u201d&nbsp;(Piemme).&nbsp;Che lo si disprezzi o lo si ammiri, lo si odi o lo si ami, \u00e8 indubbio che Donald J. Trump non possa lasciare indifferenti, o neutrali. Da rampollo di una famiglia immigrata dalla Germania a \u00abpalazzinaro\u00bb e protagonista del jet-set newyorkese fino a diventare per due volte presidente degli Stati Uniti, la sua \u00e8 stata senz&#8217;altro una scalata straordinaria verso l&#8217;agognato potere. Ma a quale prezzo? The Donald forse non passer\u00e0 alla storia come colui che \u00abha reso di nuovo grande l&#8217;America\u00bb, ma certo un primato l&#8217;ha conquistato: nessun leader ha mai lastricato di tante bugie la propria via verso la vetta. Eppure, anche grazie alla sua diabolica abilit\u00e0 mediatica, nulla sembra scalfire la corazza che lo rende immune a qualsiasi attacco o passo falso. E lo stesso vale sul piano internazionale: capo dello Stato pi\u00f9 potente del mondo, patria della libert\u00e0 e della democrazia, calpesta gli ideali occidentali esaltando la violenza bruta e la legge del pi\u00f9 forte, tratta amabilmente con dittatori e criminali di guerra, umilia le istituzioni, fa la voce grossa contro gli oppressi e, nonostante ci\u00f2, esige il Nobel per la pace e si vanta dei propri successi diplomatici. Ed \u00e8 qui che sta la sua forza: nella capacit\u00e0 di manipolare la realt\u00e0 a suo piacimento. Da questa considerazione parte Antonio Caprarica per tracciare un ritratto del tycoon e porre la domanda fondamentale: Donald Trump \u00e8 un abile politico, l&#8217;unico che possa tenere testa ai leader delle altre potenze che governano il pianeta, o non \u00e8 altro che un prepotente ciarlatano che ha costruito il proprio successo sulle macerie di ci\u00f2 che ha distrutto, senza rimorsi n\u00e9 piet\u00e0?<\/p>\n\n\n\n<p><\/p>\n","protected":false},"excerpt":{"rendered":"<p>Concita De Gregorio sar\u00e0 protagonista del Salento Book Festival che ospiter\u00e0 tra gli altri Gard Lerner, Dario Stef\u00e0np, Antonio Caprarica<\/p>\n","protected":false},"author":1,"featured_media":17576,"comment_status":"open","ping_status":"open","sticky":true,"template":"","format":"standard","meta":[],"categories":[17],"tags":[7680,7677,7678,7679,7681,1051],"yoast_head":"<!-- This site is optimized with the Yoast SEO plugin v18.0 - https:\/\/yoast.com\/wordpress\/plugins\/seo\/ -->\n<title>\u201cLa cura\u201d  di Concita De Gregorio | Arte e Luoghi<\/title>\n<meta name=\"description\" content=\"Concita De Gregorio sar\u00e0 protagonista del Salento Book Festival che ospiter\u00e0 tra gli altri Gard Lerner, Dario Stef\u00e0np, Antonio Caprarica\" \/>\n<meta name=\"robots\" content=\"index, follow, max-snippet:-1, max-image-preview:large, max-video-preview:-1\" \/>\n<link rel=\"canonical\" href=\"https:\/\/arteeluoghi.it\/index.php\/2026\/09\/02\/la-cura-di-concita-de-gregorio\/\" \/>\n<meta property=\"og:locale\" content=\"it_IT\" \/>\n<meta property=\"og:type\" content=\"article\" \/>\n<meta property=\"og:title\" content=\"\u201cLa cura\u201d  di Concita De Gregorio | Arte e Luoghi\" \/>\n<meta property=\"og:description\" content=\"Concita De Gregorio sar\u00e0 protagonista del Salento Book Festival che ospiter\u00e0 tra gli altri Gard Lerner, Dario Stef\u00e0np, Antonio Caprarica\" \/>\n<meta property=\"og:url\" content=\"https:\/\/arteeluoghi.it\/index.php\/2026\/09\/02\/la-cura-di-concita-de-gregorio\/\" \/>\n<meta property=\"og:site_name\" content=\"Arte e Luoghi\" \/>\n<meta property=\"article:publisher\" content=\"https:\/\/www.facebook.com\/ArteELuoghi\/\" \/>\n<meta property=\"article:published_time\" content=\"2026-09-02T20:04:04+00:00\" \/>\n<meta property=\"article:modified_time\" content=\"2026-09-02T20:04:05+00:00\" \/>\n<meta property=\"og:image\" content=\"https:\/\/arteeluoghi.it\/wp-content\/uploads\/2026\/09\/De-Greg-scaled.jpg\" \/>\n\t<meta property=\"og:image:width\" content=\"2560\" \/>\n\t<meta property=\"og:image:height\" content=\"1707\" \/>\n\t<meta property=\"og:image:type\" content=\"image\/jpeg\" \/>\n<meta name=\"twitter:card\" content=\"summary\" \/>\n<meta name=\"twitter:creator\" content=\"@arteeluoghi\" \/>\n<meta name=\"twitter:site\" content=\"@arteeluoghi\" \/>\n<meta name=\"twitter:label1\" content=\"Scritto da\" \/>\n\t<meta name=\"twitter:data1\" content=\"Staff\" \/>\n\t<meta name=\"twitter:label2\" content=\"Tempo di lettura stimato\" \/>\n\t<meta name=\"twitter:data2\" content=\"8 minuti\" \/>\n<script type=\"application\/ld+json\" class=\"yoast-schema-graph\">{\"@context\":\"https:\/\/schema.org\",\"@graph\":[{\"@type\":\"Organization\",\"@id\":\"https:\/\/arteeluoghi.it\/#organization\",\"name\":\"Arte e Luoghi\",\"url\":\"https:\/\/arteeluoghi.it\/\",\"sameAs\":[\"https:\/\/www.facebook.com\/ArteELuoghi\/\",\"https:\/\/www.instagram.com\/arteeluoghi\/?hl=it\",\"https:\/\/www.youtube.com\/channel\/UCuRVc4JW4-C5sg9rQB-srkw?view_as=subscriber\",\"https:\/\/twitter.com\/arteeluoghi\"],\"logo\":{\"@type\":\"ImageObject\",\"@id\":\"https:\/\/arteeluoghi.it\/#logo\",\"inLanguage\":\"it-IT\",\"url\":\"https:\/\/arteeluoghi.it\/wp-content\/uploads\/2018\/08\/logoinstagramarte.jpg\",\"contentUrl\":\"https:\/\/arteeluoghi.it\/wp-content\/uploads\/2018\/08\/logoinstagramarte.jpg\",\"width\":150,\"height\":150,\"caption\":\"Arte e Luoghi\"},\"image\":{\"@id\":\"https:\/\/arteeluoghi.it\/#logo\"}},{\"@type\":\"WebSite\",\"@id\":\"https:\/\/arteeluoghi.it\/#website\",\"url\":\"https:\/\/arteeluoghi.it\/\",\"name\":\"Arte e Luoghi\",\"description\":\"Mensile di arte, cultura, turismo e curiosit\u00e0\",\"publisher\":{\"@id\":\"https:\/\/arteeluoghi.it\/#organization\"},\"potentialAction\":[{\"@type\":\"SearchAction\",\"target\":{\"@type\":\"EntryPoint\",\"urlTemplate\":\"https:\/\/arteeluoghi.it\/?s={search_term_string}\"},\"query-input\":\"required name=search_term_string\"}],\"inLanguage\":\"it-IT\"},{\"@type\":\"ImageObject\",\"@id\":\"https:\/\/arteeluoghi.it\/index.php\/2026\/09\/02\/la-cura-di-concita-de-gregorio\/#primaryimage\",\"inLanguage\":\"it-IT\",\"url\":\"https:\/\/arteeluoghi.it\/wp-content\/uploads\/2026\/09\/De-Greg-scaled.jpg\",\"contentUrl\":\"https:\/\/arteeluoghi.it\/wp-content\/uploads\/2026\/09\/De-Greg-scaled.jpg\",\"width\":2560,\"height\":1707},{\"@type\":\"WebPage\",\"@id\":\"https:\/\/arteeluoghi.it\/index.php\/2026\/09\/02\/la-cura-di-concita-de-gregorio\/#webpage\",\"url\":\"https:\/\/arteeluoghi.it\/index.php\/2026\/09\/02\/la-cura-di-concita-de-gregorio\/\",\"name\":\"\u201cLa cura\u201d di Concita De Gregorio | Arte e Luoghi\",\"isPartOf\":{\"@id\":\"https:\/\/arteeluoghi.it\/#website\"},\"primaryImageOfPage\":{\"@id\":\"https:\/\/arteeluoghi.it\/index.php\/2026\/09\/02\/la-cura-di-concita-de-gregorio\/#primaryimage\"},\"datePublished\":\"2026-09-02T20:04:04+00:00\",\"dateModified\":\"2026-09-02T20:04:05+00:00\",\"description\":\"Concita De Gregorio sar\u00e0 protagonista del Salento Book Festival che ospiter\u00e0 tra gli altri Gard Lerner, Dario Stef\u00e0np, Antonio Caprarica\",\"breadcrumb\":{\"@id\":\"https:\/\/arteeluoghi.it\/index.php\/2026\/09\/02\/la-cura-di-concita-de-gregorio\/#breadcrumb\"},\"inLanguage\":\"it-IT\",\"potentialAction\":[{\"@type\":\"ReadAction\",\"target\":[\"https:\/\/arteeluoghi.it\/index.php\/2026\/09\/02\/la-cura-di-concita-de-gregorio\/\"]}]},{\"@type\":\"BreadcrumbList\",\"@id\":\"https:\/\/arteeluoghi.it\/index.php\/2026\/09\/02\/la-cura-di-concita-de-gregorio\/#breadcrumb\",\"itemListElement\":[{\"@type\":\"ListItem\",\"position\":1,\"name\":\"Home\",\"item\":\"https:\/\/arteeluoghi.it\/\"},{\"@type\":\"ListItem\",\"position\":2,\"name\":\"\u201cLa cura\u201d di Concita De Gregorio\"}]},{\"@type\":\"Article\",\"@id\":\"https:\/\/arteeluoghi.it\/index.php\/2026\/09\/02\/la-cura-di-concita-de-gregorio\/#article\",\"isPartOf\":{\"@id\":\"https:\/\/arteeluoghi.it\/index.php\/2026\/09\/02\/la-cura-di-concita-de-gregorio\/#webpage\"},\"author\":{\"@id\":\"https:\/\/arteeluoghi.it\/#\/schema\/person\/f84e814e36e91e01448ee07eaadd41d4\"},\"headline\":\"\u201cLa cura\u201d di Concita De Gregorio\",\"datePublished\":\"2026-09-02T20:04:04+00:00\",\"dateModified\":\"2026-09-02T20:04:05+00:00\",\"mainEntityOfPage\":{\"@id\":\"https:\/\/arteeluoghi.it\/index.php\/2026\/09\/02\/la-cura-di-concita-de-gregorio\/#webpage\"},\"wordCount\":1479,\"commentCount\":0,\"publisher\":{\"@id\":\"https:\/\/arteeluoghi.it\/#organization\"},\"image\":{\"@id\":\"https:\/\/arteeluoghi.it\/index.php\/2026\/09\/02\/la-cura-di-concita-de-gregorio\/#primaryimage\"},\"thumbnailUrl\":\"https:\/\/arteeluoghi.it\/wp-content\/uploads\/2026\/09\/De-Greg-scaled.jpg\",\"keywords\":[\"Antonio Caprarica\",\"Concita De Gregori\",\"dario Stef\u00e0anp\",\"Gard Lerner\",\"Ivan Cotroneo\",\"Salento Book festival\"],\"articleSection\":[\"LIBRI\"],\"inLanguage\":\"it-IT\",\"potentialAction\":[{\"@type\":\"CommentAction\",\"name\":\"Comment\",\"target\":[\"https:\/\/arteeluoghi.it\/index.php\/2026\/09\/02\/la-cura-di-concita-de-gregorio\/#respond\"]}]},{\"@type\":\"Person\",\"@id\":\"https:\/\/arteeluoghi.it\/#\/schema\/person\/f84e814e36e91e01448ee07eaadd41d4\",\"name\":\"Staff\",\"image\":{\"@type\":\"ImageObject\",\"@id\":\"https:\/\/arteeluoghi.it\/#personlogo\",\"inLanguage\":\"it-IT\",\"url\":\"https:\/\/secure.gravatar.com\/avatar\/49d2f9e46271bb04e19cebfaf141313a?s=96&d=blank&r=g\",\"contentUrl\":\"https:\/\/secure.gravatar.com\/avatar\/49d2f9e46271bb04e19cebfaf141313a?s=96&d=blank&r=g\",\"caption\":\"Staff\"}}]}<\/script>\n<!-- \/ Yoast SEO plugin. -->","yoast_head_json":{"title":"\u201cLa cura\u201d  di Concita De Gregorio | Arte e Luoghi","description":"Concita De Gregorio sar\u00e0 protagonista del Salento Book Festival che ospiter\u00e0 tra gli altri Gard Lerner, Dario Stef\u00e0np, Antonio Caprarica","robots":{"index":"index","follow":"follow","max-snippet":"max-snippet:-1","max-image-preview":"max-image-preview:large","max-video-preview":"max-video-preview:-1"},"canonical":"https:\/\/arteeluoghi.it\/index.php\/2026\/09\/02\/la-cura-di-concita-de-gregorio\/","og_locale":"it_IT","og_type":"article","og_title":"\u201cLa cura\u201d  di Concita De Gregorio | Arte e Luoghi","og_description":"Concita De Gregorio sar\u00e0 protagonista del Salento Book Festival che ospiter\u00e0 tra gli altri Gard Lerner, Dario Stef\u00e0np, Antonio Caprarica","og_url":"https:\/\/arteeluoghi.it\/index.php\/2026\/09\/02\/la-cura-di-concita-de-gregorio\/","og_site_name":"Arte e Luoghi","article_publisher":"https:\/\/www.facebook.com\/ArteELuoghi\/","article_published_time":"2026-09-02T20:04:04+00:00","article_modified_time":"2026-09-02T20:04:05+00:00","og_image":[{"width":2560,"height":1707,"url":"https:\/\/arteeluoghi.it\/wp-content\/uploads\/2026\/09\/De-Greg-scaled.jpg","type":"image\/jpeg"}],"twitter_card":"summary","twitter_creator":"@arteeluoghi","twitter_site":"@arteeluoghi","twitter_misc":{"Scritto da":"Staff","Tempo di lettura stimato":"8 minuti"},"schema":{"@context":"https:\/\/schema.org","@graph":[{"@type":"Organization","@id":"https:\/\/arteeluoghi.it\/#organization","name":"Arte e Luoghi","url":"https:\/\/arteeluoghi.it\/","sameAs":["https:\/\/www.facebook.com\/ArteELuoghi\/","https:\/\/www.instagram.com\/arteeluoghi\/?hl=it","https:\/\/www.youtube.com\/channel\/UCuRVc4JW4-C5sg9rQB-srkw?view_as=subscriber","https:\/\/twitter.com\/arteeluoghi"],"logo":{"@type":"ImageObject","@id":"https:\/\/arteeluoghi.it\/#logo","inLanguage":"it-IT","url":"https:\/\/arteeluoghi.it\/wp-content\/uploads\/2018\/08\/logoinstagramarte.jpg","contentUrl":"https:\/\/arteeluoghi.it\/wp-content\/uploads\/2018\/08\/logoinstagramarte.jpg","width":150,"height":150,"caption":"Arte e Luoghi"},"image":{"@id":"https:\/\/arteeluoghi.it\/#logo"}},{"@type":"WebSite","@id":"https:\/\/arteeluoghi.it\/#website","url":"https:\/\/arteeluoghi.it\/","name":"Arte e Luoghi","description":"Mensile di arte, cultura, turismo e curiosit\u00e0","publisher":{"@id":"https:\/\/arteeluoghi.it\/#organization"},"potentialAction":[{"@type":"SearchAction","target":{"@type":"EntryPoint","urlTemplate":"https:\/\/arteeluoghi.it\/?s={search_term_string}"},"query-input":"required name=search_term_string"}],"inLanguage":"it-IT"},{"@type":"ImageObject","@id":"https:\/\/arteeluoghi.it\/index.php\/2026\/09\/02\/la-cura-di-concita-de-gregorio\/#primaryimage","inLanguage":"it-IT","url":"https:\/\/arteeluoghi.it\/wp-content\/uploads\/2026\/09\/De-Greg-scaled.jpg","contentUrl":"https:\/\/arteeluoghi.it\/wp-content\/uploads\/2026\/09\/De-Greg-scaled.jpg","width":2560,"height":1707},{"@type":"WebPage","@id":"https:\/\/arteeluoghi.it\/index.php\/2026\/09\/02\/la-cura-di-concita-de-gregorio\/#webpage","url":"https:\/\/arteeluoghi.it\/index.php\/2026\/09\/02\/la-cura-di-concita-de-gregorio\/","name":"\u201cLa cura\u201d di Concita De Gregorio | Arte e Luoghi","isPartOf":{"@id":"https:\/\/arteeluoghi.it\/#website"},"primaryImageOfPage":{"@id":"https:\/\/arteeluoghi.it\/index.php\/2026\/09\/02\/la-cura-di-concita-de-gregorio\/#primaryimage"},"datePublished":"2026-09-02T20:04:04+00:00","dateModified":"2026-09-02T20:04:05+00:00","description":"Concita De Gregorio sar\u00e0 protagonista del Salento Book Festival che ospiter\u00e0 tra gli altri Gard Lerner, Dario Stef\u00e0np, Antonio Caprarica","breadcrumb":{"@id":"https:\/\/arteeluoghi.it\/index.php\/2026\/09\/02\/la-cura-di-concita-de-gregorio\/#breadcrumb"},"inLanguage":"it-IT","potentialAction":[{"@type":"ReadAction","target":["https:\/\/arteeluoghi.it\/index.php\/2026\/09\/02\/la-cura-di-concita-de-gregorio\/"]}]},{"@type":"BreadcrumbList","@id":"https:\/\/arteeluoghi.it\/index.php\/2026\/09\/02\/la-cura-di-concita-de-gregorio\/#breadcrumb","itemListElement":[{"@type":"ListItem","position":1,"name":"Home","item":"https:\/\/arteeluoghi.it\/"},{"@type":"ListItem","position":2,"name":"\u201cLa cura\u201d di Concita De Gregorio"}]},{"@type":"Article","@id":"https:\/\/arteeluoghi.it\/index.php\/2026\/09\/02\/la-cura-di-concita-de-gregorio\/#article","isPartOf":{"@id":"https:\/\/arteeluoghi.it\/index.php\/2026\/09\/02\/la-cura-di-concita-de-gregorio\/#webpage"},"author":{"@id":"https:\/\/arteeluoghi.it\/#\/schema\/person\/f84e814e36e91e01448ee07eaadd41d4"},"headline":"\u201cLa cura\u201d di Concita De Gregorio","datePublished":"2026-09-02T20:04:04+00:00","dateModified":"2026-09-02T20:04:05+00:00","mainEntityOfPage":{"@id":"https:\/\/arteeluoghi.it\/index.php\/2026\/09\/02\/la-cura-di-concita-de-gregorio\/#webpage"},"wordCount":1479,"commentCount":0,"publisher":{"@id":"https:\/\/arteeluoghi.it\/#organization"},"image":{"@id":"https:\/\/arteeluoghi.it\/index.php\/2026\/09\/02\/la-cura-di-concita-de-gregorio\/#primaryimage"},"thumbnailUrl":"https:\/\/arteeluoghi.it\/wp-content\/uploads\/2026\/09\/De-Greg-scaled.jpg","keywords":["Antonio Caprarica","Concita De Gregori","dario Stef\u00e0anp","Gard Lerner","Ivan Cotroneo","Salento Book festival"],"articleSection":["LIBRI"],"inLanguage":"it-IT","potentialAction":[{"@type":"CommentAction","name":"Comment","target":["https:\/\/arteeluoghi.it\/index.php\/2026\/09\/02\/la-cura-di-concita-de-gregorio\/#respond"]}]},{"@type":"Person","@id":"https:\/\/arteeluoghi.it\/#\/schema\/person\/f84e814e36e91e01448ee07eaadd41d4","name":"Staff","image":{"@type":"ImageObject","@id":"https:\/\/arteeluoghi.it\/#personlogo","inLanguage":"it-IT","url":"https:\/\/secure.gravatar.com\/avatar\/49d2f9e46271bb04e19cebfaf141313a?s=96&d=blank&r=g","contentUrl":"https:\/\/secure.gravatar.com\/avatar\/49d2f9e46271bb04e19cebfaf141313a?s=96&d=blank&r=g","caption":"Staff"}}]}},"_links":{"self":[{"href":"https:\/\/arteeluoghi.it\/index.php\/wp-json\/wp\/v2\/posts\/17575"}],"collection":[{"href":"https:\/\/arteeluoghi.it\/index.php\/wp-json\/wp\/v2\/posts"}],"about":[{"href":"https:\/\/arteeluoghi.it\/index.php\/wp-json\/wp\/v2\/types\/post"}],"author":[{"embeddable":true,"href":"https:\/\/arteeluoghi.it\/index.php\/wp-json\/wp\/v2\/users\/1"}],"replies":[{"embeddable":true,"href":"https:\/\/arteeluoghi.it\/index.php\/wp-json\/wp\/v2\/comments?post=17575"}],"version-history":[{"count":1,"href":"https:\/\/arteeluoghi.it\/index.php\/wp-json\/wp\/v2\/posts\/17575\/revisions"}],"predecessor-version":[{"id":17577,"href":"https:\/\/arteeluoghi.it\/index.php\/wp-json\/wp\/v2\/posts\/17575\/revisions\/17577"}],"wp:featuredmedia":[{"embeddable":true,"href":"https:\/\/arteeluoghi.it\/index.php\/wp-json\/wp\/v2\/media\/17576"}],"wp:attachment":[{"href":"https:\/\/arteeluoghi.it\/index.php\/wp-json\/wp\/v2\/media?parent=17575"}],"wp:term":[{"taxonomy":"category","embeddable":true,"href":"https:\/\/arteeluoghi.it\/index.php\/wp-json\/wp\/v2\/categories?post=17575"},{"taxonomy":"post_tag","embeddable":true,"href":"https:\/\/arteeluoghi.it\/index.php\/wp-json\/wp\/v2\/tags?post=17575"}],"curies":[{"name":"wp","href":"https:\/\/api.w.org\/{rel}","templated":true}]}}