{"id":17583,"date":"2026-09-05T20:12:09","date_gmt":"2026-09-05T18:12:09","guid":{"rendered":"https:\/\/arteeluoghi.it\/?p=17583"},"modified":"2026-09-05T21:48:50","modified_gmt":"2026-09-05T19:48:50","slug":"lu-miere-calicidicinema-la-xii-edizione-a-felline","status":"publish","type":"post","link":"https:\/\/arteeluoghi.it\/index.php\/2026\/09\/05\/lu-miere-calicidicinema-la-xii-edizione-a-felline\/","title":{"rendered":"L\u00f9 Mi\u00e8re calicidicinema, la XII edizione a Felline"},"content":{"rendered":"\n<p><\/p>\n\n\n\n<blockquote class=\"wp-block-quote is-style-default\"><p>Si rinnova per il dodicesimo anno la rassegna targata L\u00f9Mi\u00e8ere e l&#8217;enosteria Vite Colta di Marta Cesi nel centro storico di Felline frazione di Alliste tra i borghi pi\u00f9 belli del Salento. Due proiezioni, l&#8217;8 e il 15 settembre, per ricordare la straordinaria attrice Claudia Cardinale scomparsa  il 23 settembre di un anno fa<\/p><\/blockquote>\n\n\n\n<p>L\u00f9 Mi\u00e8re calicidicinema approda nel centro storico di Felline con la XII edizione che rende omaggio all&#8217;attrice Claudia Cardinale, scomparsa un anno fa, \u00a0con due straordinarie proiezioni: \u00a0La Ragazza di Bube&#8221; (L. Comencini, 1963) e &#8220;Il Magnifico Cornuto&#8221; (A. Pietrangeli, 1964) rispettivamente \u00a0in visione l&#8217;8 e il 15 settembre 2026.<\/p>\n\n\n\n<!--more-->\n\n\n\n<p><br>Si rinnova per il dodicesimo anno la rassegna targata L\u00f9Mi\u00e8re e l&#8217;enosteria Vite Colta di Marta Cesi  storicamente famosa per le sue prelibatezze enogastronomiche e per ritagliare, durante l&#8217;anno, momenti culturali all&#8217; interno e all&#8217; esterno del suo locale. La rassegna fa parte del marchio di produzioni, ideate da Antonio Manzo, che introdurr\u00e0, come da tradizione, i film attraverso la storia e gli aneddoti dei protagonisti&#8230;<br>&#8220;La ragazza di Bube&#8221; \u00e8 il primo film in visione marted\u00ec 8 settembre trasposizione cinematografica del celebre romanzo di Carlo Cassola del 1960 che vinse, nello stesso anno, il premio Strega. \u00a0<br>Nella Toscana del dopoguerra, la sedicenne Mara si innamora di Bube, un giovane ex partigiano. Il ragazzo, commetter\u00e0 un omicidio &#8220;politico&#8221; per vendetta e ideali legati alla Resistenza, diventando un ricercato&#8230;<br>Un&#8217;opera chiave nella filmografia di Antonio Pietrangeli, &#8220;Il Magnifico Cornuto&#8221; (A1964) sar\u00e0 proiettato invece marted\u00ec 15 settembre con consueto inizio alle ore 21. Il film sposta l&#8217;attenzione del regista, dalle consuete analisi del mondo femminile, a una critica feroce e grottesca della mentalit\u00e0 maschile.<br>Andrea Artusi (Ugo Tognazzi) \u00e8 un ricco e stimato industriale di Brescia. Dopo una sua scappatella extraconiugale, viene assalito da un dubbio feroce: se \u00e8 stato facile per lui tradire, perch\u00e9 non dovrebbe fare altrettanto sua moglie Maria Grazia (Claudia Cardinale), donna bellissima e anche \/ ancora fedele?<br>Andrea si convince quindi che la consorte abbia un amante&#8230;<\/p>\n\n\n\n<p>Felline (Lecce)<br>Vite Colta<br>piazza Castello<br>ore 21:00 (ingresso con prenotazione Info. 348 779 2184)<\/p>\n","protected":false},"excerpt":{"rendered":"<p>Si rinnova per il dodicesimo anno la rassegna targata L\u00f9Mi\u00e8ere e l&#8217;enosteria Vite Colta di Marta Cesi nel centro storico<\/p>\n","protected":false},"author":1,"featured_media":17584,"comment_status":"open","ping_status":"open","sticky":true,"template":"","format":"standard","meta":[],"categories":[29],"tags":[7682,389,7429,7684,3962,2809,7683],"yoast_head":"<!-- This site is optimized with the Yoast SEO plugin v18.0 - https:\/\/yoast.com\/wordpress\/plugins\/seo\/ -->\n<title>L\u00f9 Mi\u00e8re calicidicinema, la XII edizione a Felline | Arte e Luoghi<\/title>\n<meta name=\"description\" content=\"Si rinnova per il dodicesimo anno la rassegna targata L\u00f9Mi\u00e8ere e l&#039;enosteria Vite Colta di Marta Cesi nel centro storico di Felline\" \/>\n<meta name=\"robots\" content=\"index, follow, max-snippet:-1, max-image-preview:large, max-video-preview:-1\" \/>\n<link rel=\"canonical\" href=\"https:\/\/arteeluoghi.it\/index.php\/2026\/09\/05\/lu-miere-calicidicinema-la-xii-edizione-a-felline\/\" \/>\n<meta property=\"og:locale\" content=\"it_IT\" \/>\n<meta property=\"og:type\" content=\"article\" \/>\n<meta property=\"og:title\" content=\"L\u00f9 Mi\u00e8re calicidicinema, la XII edizione a Felline | Arte e Luoghi\" \/>\n<meta property=\"og:description\" content=\"Si rinnova per il dodicesimo anno la rassegna targata L\u00f9Mi\u00e8ere e l&#039;enosteria Vite Colta di Marta Cesi nel centro storico di Felline\" \/>\n<meta property=\"og:url\" content=\"https:\/\/arteeluoghi.it\/index.php\/2026\/09\/05\/lu-miere-calicidicinema-la-xii-edizione-a-felline\/\" \/>\n<meta property=\"og:site_name\" content=\"Arte e Luoghi\" \/>\n<meta property=\"article:publisher\" content=\"https:\/\/www.facebook.com\/ArteELuoghi\/\" \/>\n<meta property=\"article:published_time\" content=\"2026-09-05T18:12:09+00:00\" \/>\n<meta property=\"article:modified_time\" content=\"2026-09-05T19:48:50+00:00\" \/>\n<meta property=\"og:image\" content=\"https:\/\/arteeluoghi.it\/wp-content\/uploads\/2026\/09\/WhatsApp-Image-2026-08-31-at-11.25.23.jpeg\" \/>\n\t<meta property=\"og:image:width\" content=\"1131\" \/>\n\t<meta property=\"og:image:height\" content=\"1600\" \/>\n\t<meta property=\"og:image:type\" content=\"image\/jpeg\" \/>\n<meta name=\"twitter:card\" content=\"summary\" \/>\n<meta name=\"twitter:creator\" content=\"@arteeluoghi\" \/>\n<meta name=\"twitter:site\" content=\"@arteeluoghi\" \/>\n<meta name=\"twitter:label1\" content=\"Scritto da\" \/>\n\t<meta name=\"twitter:data1\" content=\"Staff\" \/>\n\t<meta name=\"twitter:label2\" content=\"Tempo di lettura stimato\" \/>\n\t<meta name=\"twitter:data2\" content=\"2 minuti\" \/>\n<script type=\"application\/ld+json\" class=\"yoast-schema-graph\">{\"@context\":\"https:\/\/schema.org\",\"@graph\":[{\"@type\":\"Organization\",\"@id\":\"https:\/\/arteeluoghi.it\/#organization\",\"name\":\"Arte e Luoghi\",\"url\":\"https:\/\/arteeluoghi.it\/\",\"sameAs\":[\"https:\/\/www.facebook.com\/ArteELuoghi\/\",\"https:\/\/www.instagram.com\/arteeluoghi\/?hl=it\",\"https:\/\/www.youtube.com\/channel\/UCuRVc4JW4-C5sg9rQB-srkw?view_as=subscriber\",\"https:\/\/twitter.com\/arteeluoghi\"],\"logo\":{\"@type\":\"ImageObject\",\"@id\":\"https:\/\/arteeluoghi.it\/#logo\",\"inLanguage\":\"it-IT\",\"url\":\"https:\/\/arteeluoghi.it\/wp-content\/uploads\/2018\/08\/logoinstagramarte.jpg\",\"contentUrl\":\"https:\/\/arteeluoghi.it\/wp-content\/uploads\/2018\/08\/logoinstagramarte.jpg\",\"width\":150,\"height\":150,\"caption\":\"Arte e Luoghi\"},\"image\":{\"@id\":\"https:\/\/arteeluoghi.it\/#logo\"}},{\"@type\":\"WebSite\",\"@id\":\"https:\/\/arteeluoghi.it\/#website\",\"url\":\"https:\/\/arteeluoghi.it\/\",\"name\":\"Arte e Luoghi\",\"description\":\"Mensile di arte, cultura, turismo e curiosit\u00e0\",\"publisher\":{\"@id\":\"https:\/\/arteeluoghi.it\/#organization\"},\"potentialAction\":[{\"@type\":\"SearchAction\",\"target\":{\"@type\":\"EntryPoint\",\"urlTemplate\":\"https:\/\/arteeluoghi.it\/?s={search_term_string}\"},\"query-input\":\"required name=search_term_string\"}],\"inLanguage\":\"it-IT\"},{\"@type\":\"ImageObject\",\"@id\":\"https:\/\/arteeluoghi.it\/index.php\/2026\/09\/05\/lu-miere-calicidicinema-la-xii-edizione-a-felline\/#primaryimage\",\"inLanguage\":\"it-IT\",\"url\":\"https:\/\/arteeluoghi.it\/wp-content\/uploads\/2026\/09\/WhatsApp-Image-2026-08-31-at-11.25.23.jpeg\",\"contentUrl\":\"https:\/\/arteeluoghi.it\/wp-content\/uploads\/2026\/09\/WhatsApp-Image-2026-08-31-at-11.25.23.jpeg\",\"width\":1131,\"height\":1600},{\"@type\":\"WebPage\",\"@id\":\"https:\/\/arteeluoghi.it\/index.php\/2026\/09\/05\/lu-miere-calicidicinema-la-xii-edizione-a-felline\/#webpage\",\"url\":\"https:\/\/arteeluoghi.it\/index.php\/2026\/09\/05\/lu-miere-calicidicinema-la-xii-edizione-a-felline\/\",\"name\":\"L\u00f9 Mi\u00e8re calicidicinema, la XII edizione a Felline | Arte e Luoghi\",\"isPartOf\":{\"@id\":\"https:\/\/arteeluoghi.it\/#website\"},\"primaryImageOfPage\":{\"@id\":\"https:\/\/arteeluoghi.it\/index.php\/2026\/09\/05\/lu-miere-calicidicinema-la-xii-edizione-a-felline\/#primaryimage\"},\"datePublished\":\"2026-09-05T18:12:09+00:00\",\"dateModified\":\"2026-09-05T19:48:50+00:00\",\"description\":\"Si rinnova per il dodicesimo anno la rassegna targata L\u00f9Mi\u00e8ere e l'enosteria Vite Colta di Marta Cesi nel centro storico di Felline\",\"breadcrumb\":{\"@id\":\"https:\/\/arteeluoghi.it\/index.php\/2026\/09\/05\/lu-miere-calicidicinema-la-xii-edizione-a-felline\/#breadcrumb\"},\"inLanguage\":\"it-IT\",\"potentialAction\":[{\"@type\":\"ReadAction\",\"target\":[\"https:\/\/arteeluoghi.it\/index.php\/2026\/09\/05\/lu-miere-calicidicinema-la-xii-edizione-a-felline\/\"]}]},{\"@type\":\"BreadcrumbList\",\"@id\":\"https:\/\/arteeluoghi.it\/index.php\/2026\/09\/05\/lu-miere-calicidicinema-la-xii-edizione-a-felline\/#breadcrumb\",\"itemListElement\":[{\"@type\":\"ListItem\",\"position\":1,\"name\":\"Home\",\"item\":\"https:\/\/arteeluoghi.it\/\"},{\"@type\":\"ListItem\",\"position\":2,\"name\":\"L\u00f9 Mi\u00e8re calicidicinema, la XII edizione a Felline\"}]},{\"@type\":\"Article\",\"@id\":\"https:\/\/arteeluoghi.it\/index.php\/2026\/09\/05\/lu-miere-calicidicinema-la-xii-edizione-a-felline\/#article\",\"isPartOf\":{\"@id\":\"https:\/\/arteeluoghi.it\/index.php\/2026\/09\/05\/lu-miere-calicidicinema-la-xii-edizione-a-felline\/#webpage\"},\"author\":{\"@id\":\"https:\/\/arteeluoghi.it\/#\/schema\/person\/f84e814e36e91e01448ee07eaadd41d4\"},\"headline\":\"L\u00f9 Mi\u00e8re calicidicinema, la XII edizione a Felline\",\"datePublished\":\"2026-09-05T18:12:09+00:00\",\"dateModified\":\"2026-09-05T19:48:50+00:00\",\"mainEntityOfPage\":{\"@id\":\"https:\/\/arteeluoghi.it\/index.php\/2026\/09\/05\/lu-miere-calicidicinema-la-xii-edizione-a-felline\/#webpage\"},\"wordCount\":343,\"commentCount\":0,\"publisher\":{\"@id\":\"https:\/\/arteeluoghi.it\/#organization\"},\"image\":{\"@id\":\"https:\/\/arteeluoghi.it\/index.php\/2026\/09\/05\/lu-miere-calicidicinema-la-xii-edizione-a-felline\/#primaryimage\"},\"thumbnailUrl\":\"https:\/\/arteeluoghi.it\/wp-content\/uploads\/2026\/09\/WhatsApp-Image-2026-08-31-at-11.25.23.jpeg\",\"keywords\":[\"Alliste\",\"cinema\",\"Claudia Cardinale\",\"Enosteria Vite Colta\",\"Felline\",\"Lu MI\u00e8re Calici di Cinema\",\"Marta Cesi\"],\"articleSection\":[\"Cinema\"],\"inLanguage\":\"it-IT\",\"potentialAction\":[{\"@type\":\"CommentAction\",\"name\":\"Comment\",\"target\":[\"https:\/\/arteeluoghi.it\/index.php\/2026\/09\/05\/lu-miere-calicidicinema-la-xii-edizione-a-felline\/#respond\"]}]},{\"@type\":\"Person\",\"@id\":\"https:\/\/arteeluoghi.it\/#\/schema\/person\/f84e814e36e91e01448ee07eaadd41d4\",\"name\":\"Staff\",\"image\":{\"@type\":\"ImageObject\",\"@id\":\"https:\/\/arteeluoghi.it\/#personlogo\",\"inLanguage\":\"it-IT\",\"url\":\"https:\/\/secure.gravatar.com\/avatar\/49d2f9e46271bb04e19cebfaf141313a?s=96&d=blank&r=g\",\"contentUrl\":\"https:\/\/secure.gravatar.com\/avatar\/49d2f9e46271bb04e19cebfaf141313a?s=96&d=blank&r=g\",\"caption\":\"Staff\"}}]}<\/script>\n<!-- \/ Yoast SEO plugin. -->","yoast_head_json":{"title":"L\u00f9 Mi\u00e8re calicidicinema, la XII edizione a Felline | Arte e Luoghi","description":"Si rinnova per il dodicesimo anno la rassegna targata L\u00f9Mi\u00e8ere e l'enosteria Vite Colta di Marta Cesi nel centro storico di Felline","robots":{"index":"index","follow":"follow","max-snippet":"max-snippet:-1","max-image-preview":"max-image-preview:large","max-video-preview":"max-video-preview:-1"},"canonical":"https:\/\/arteeluoghi.it\/index.php\/2026\/09\/05\/lu-miere-calicidicinema-la-xii-edizione-a-felline\/","og_locale":"it_IT","og_type":"article","og_title":"L\u00f9 Mi\u00e8re calicidicinema, la XII edizione a Felline | Arte e Luoghi","og_description":"Si rinnova per il dodicesimo anno la rassegna targata L\u00f9Mi\u00e8ere e l'enosteria Vite Colta di Marta Cesi nel centro storico di Felline","og_url":"https:\/\/arteeluoghi.it\/index.php\/2026\/09\/05\/lu-miere-calicidicinema-la-xii-edizione-a-felline\/","og_site_name":"Arte e Luoghi","article_publisher":"https:\/\/www.facebook.com\/ArteELuoghi\/","article_published_time":"2026-09-05T18:12:09+00:00","article_modified_time":"2026-09-05T19:48:50+00:00","og_image":[{"width":1131,"height":1600,"url":"https:\/\/arteeluoghi.it\/wp-content\/uploads\/2026\/09\/WhatsApp-Image-2026-08-31-at-11.25.23.jpeg","type":"image\/jpeg"}],"twitter_card":"summary","twitter_creator":"@arteeluoghi","twitter_site":"@arteeluoghi","twitter_misc":{"Scritto da":"Staff","Tempo di lettura stimato":"2 minuti"},"schema":{"@context":"https:\/\/schema.org","@graph":[{"@type":"Organization","@id":"https:\/\/arteeluoghi.it\/#organization","name":"Arte e Luoghi","url":"https:\/\/arteeluoghi.it\/","sameAs":["https:\/\/www.facebook.com\/ArteELuoghi\/","https:\/\/www.instagram.com\/arteeluoghi\/?hl=it","https:\/\/www.youtube.com\/channel\/UCuRVc4JW4-C5sg9rQB-srkw?view_as=subscriber","https:\/\/twitter.com\/arteeluoghi"],"logo":{"@type":"ImageObject","@id":"https:\/\/arteeluoghi.it\/#logo","inLanguage":"it-IT","url":"https:\/\/arteeluoghi.it\/wp-content\/uploads\/2018\/08\/logoinstagramarte.jpg","contentUrl":"https:\/\/arteeluoghi.it\/wp-content\/uploads\/2018\/08\/logoinstagramarte.jpg","width":150,"height":150,"caption":"Arte e Luoghi"},"image":{"@id":"https:\/\/arteeluoghi.it\/#logo"}},{"@type":"WebSite","@id":"https:\/\/arteeluoghi.it\/#website","url":"https:\/\/arteeluoghi.it\/","name":"Arte e Luoghi","description":"Mensile di arte, cultura, turismo e curiosit\u00e0","publisher":{"@id":"https:\/\/arteeluoghi.it\/#organization"},"potentialAction":[{"@type":"SearchAction","target":{"@type":"EntryPoint","urlTemplate":"https:\/\/arteeluoghi.it\/?s={search_term_string}"},"query-input":"required name=search_term_string"}],"inLanguage":"it-IT"},{"@type":"ImageObject","@id":"https:\/\/arteeluoghi.it\/index.php\/2026\/09\/05\/lu-miere-calicidicinema-la-xii-edizione-a-felline\/#primaryimage","inLanguage":"it-IT","url":"https:\/\/arteeluoghi.it\/wp-content\/uploads\/2026\/09\/WhatsApp-Image-2026-08-31-at-11.25.23.jpeg","contentUrl":"https:\/\/arteeluoghi.it\/wp-content\/uploads\/2026\/09\/WhatsApp-Image-2026-08-31-at-11.25.23.jpeg","width":1131,"height":1600},{"@type":"WebPage","@id":"https:\/\/arteeluoghi.it\/index.php\/2026\/09\/05\/lu-miere-calicidicinema-la-xii-edizione-a-felline\/#webpage","url":"https:\/\/arteeluoghi.it\/index.php\/2026\/09\/05\/lu-miere-calicidicinema-la-xii-edizione-a-felline\/","name":"L\u00f9 Mi\u00e8re calicidicinema, la XII edizione a Felline | Arte e Luoghi","isPartOf":{"@id":"https:\/\/arteeluoghi.it\/#website"},"primaryImageOfPage":{"@id":"https:\/\/arteeluoghi.it\/index.php\/2026\/09\/05\/lu-miere-calicidicinema-la-xii-edizione-a-felline\/#primaryimage"},"datePublished":"2026-09-05T18:12:09+00:00","dateModified":"2026-09-05T19:48:50+00:00","description":"Si rinnova per il dodicesimo anno la rassegna targata L\u00f9Mi\u00e8ere e l'enosteria Vite Colta di Marta Cesi nel centro storico di Felline","breadcrumb":{"@id":"https:\/\/arteeluoghi.it\/index.php\/2026\/09\/05\/lu-miere-calicidicinema-la-xii-edizione-a-felline\/#breadcrumb"},"inLanguage":"it-IT","potentialAction":[{"@type":"ReadAction","target":["https:\/\/arteeluoghi.it\/index.php\/2026\/09\/05\/lu-miere-calicidicinema-la-xii-edizione-a-felline\/"]}]},{"@type":"BreadcrumbList","@id":"https:\/\/arteeluoghi.it\/index.php\/2026\/09\/05\/lu-miere-calicidicinema-la-xii-edizione-a-felline\/#breadcrumb","itemListElement":[{"@type":"ListItem","position":1,"name":"Home","item":"https:\/\/arteeluoghi.it\/"},{"@type":"ListItem","position":2,"name":"L\u00f9 Mi\u00e8re calicidicinema, la XII edizione a Felline"}]},{"@type":"Article","@id":"https:\/\/arteeluoghi.it\/index.php\/2026\/09\/05\/lu-miere-calicidicinema-la-xii-edizione-a-felline\/#article","isPartOf":{"@id":"https:\/\/arteeluoghi.it\/index.php\/2026\/09\/05\/lu-miere-calicidicinema-la-xii-edizione-a-felline\/#webpage"},"author":{"@id":"https:\/\/arteeluoghi.it\/#\/schema\/person\/f84e814e36e91e01448ee07eaadd41d4"},"headline":"L\u00f9 Mi\u00e8re calicidicinema, la XII edizione a Felline","datePublished":"2026-09-05T18:12:09+00:00","dateModified":"2026-09-05T19:48:50+00:00","mainEntityOfPage":{"@id":"https:\/\/arteeluoghi.it\/index.php\/2026\/09\/05\/lu-miere-calicidicinema-la-xii-edizione-a-felline\/#webpage"},"wordCount":343,"commentCount":0,"publisher":{"@id":"https:\/\/arteeluoghi.it\/#organization"},"image":{"@id":"https:\/\/arteeluoghi.it\/index.php\/2026\/09\/05\/lu-miere-calicidicinema-la-xii-edizione-a-felline\/#primaryimage"},"thumbnailUrl":"https:\/\/arteeluoghi.it\/wp-content\/uploads\/2026\/09\/WhatsApp-Image-2026-08-31-at-11.25.23.jpeg","keywords":["Alliste","cinema","Claudia Cardinale","Enosteria Vite Colta","Felline","Lu MI\u00e8re Calici di Cinema","Marta Cesi"],"articleSection":["Cinema"],"inLanguage":"it-IT","potentialAction":[{"@type":"CommentAction","name":"Comment","target":["https:\/\/arteeluoghi.it\/index.php\/2026\/09\/05\/lu-miere-calicidicinema-la-xii-edizione-a-felline\/#respond"]}]},{"@type":"Person","@id":"https:\/\/arteeluoghi.it\/#\/schema\/person\/f84e814e36e91e01448ee07eaadd41d4","name":"Staff","image":{"@type":"ImageObject","@id":"https:\/\/arteeluoghi.it\/#personlogo","inLanguage":"it-IT","url":"https:\/\/secure.gravatar.com\/avatar\/49d2f9e46271bb04e19cebfaf141313a?s=96&d=blank&r=g","contentUrl":"https:\/\/secure.gravatar.com\/avatar\/49d2f9e46271bb04e19cebfaf141313a?s=96&d=blank&r=g","caption":"Staff"}}]}},"_links":{"self":[{"href":"https:\/\/arteeluoghi.it\/index.php\/wp-json\/wp\/v2\/posts\/17583"}],"collection":[{"href":"https:\/\/arteeluoghi.it\/index.php\/wp-json\/wp\/v2\/posts"}],"about":[{"href":"https:\/\/arteeluoghi.it\/index.php\/wp-json\/wp\/v2\/types\/post"}],"author":[{"embeddable":true,"href":"https:\/\/arteeluoghi.it\/index.php\/wp-json\/wp\/v2\/users\/1"}],"replies":[{"embeddable":true,"href":"https:\/\/arteeluoghi.it\/index.php\/wp-json\/wp\/v2\/comments?post=17583"}],"version-history":[{"count":2,"href":"https:\/\/arteeluoghi.it\/index.php\/wp-json\/wp\/v2\/posts\/17583\/revisions"}],"predecessor-version":[{"id":17586,"href":"https:\/\/arteeluoghi.it\/index.php\/wp-json\/wp\/v2\/posts\/17583\/revisions\/17586"}],"wp:featuredmedia":[{"embeddable":true,"href":"https:\/\/arteeluoghi.it\/index.php\/wp-json\/wp\/v2\/media\/17584"}],"wp:attachment":[{"href":"https:\/\/arteeluoghi.it\/index.php\/wp-json\/wp\/v2\/media?parent=17583"}],"wp:term":[{"taxonomy":"category","embeddable":true,"href":"https:\/\/arteeluoghi.it\/index.php\/wp-json\/wp\/v2\/categories?post=17583"},{"taxonomy":"post_tag","embeddable":true,"href":"https:\/\/arteeluoghi.it\/index.php\/wp-json\/wp\/v2\/tags?post=17583"}],"curies":[{"name":"wp","href":"https:\/\/api.w.org\/{rel}","templated":true}]}}