{"id":1761,"date":"2014-07-15T13:51:02","date_gmt":"2014-07-15T11:51:02","guid":{"rendered":"http:\/\/arteeluoghi.it\/index.php\/2014\/07\/15\/aspettando-charme-in-rosa\/"},"modified":"2017-08-06T23:42:39","modified_gmt":"2017-08-06T21:42:39","slug":"aspettando-charme-in-rosa","status":"publish","type":"post","link":"https:\/\/arteeluoghi.it\/index.php\/2014\/07\/15\/aspettando-charme-in-rosa\/","title":{"rendered":"Aspettando Charme in rosa"},"content":{"rendered":"<p><img src=\"\/images\/sampledata\/bollicine\/Herve%20Deschamps-2.jpg\" border=\"0\" title=\"Herve Deschamps\" width=\"300\" style=\"margin: 21px; float: left;\" \/>Mercoled\u00ec 16 luglio 2014 all&#8217;Hotel Tiziano di Lecce<strong><br \/><\/strong><\/p>\n<p><strong><strong>Masterclass Champagne Perrier Jouet. Ospiti doc <strong>Herv\u00e9 Deschamps<\/strong> e Alberto Lupetti<br \/><\/strong><\/strong><\/p>\n<p><strong>Bollicine francesi, aspettando i rosati e gli oli di Puglia<\/strong>. Insomma, ancora due appuntamenti con le etichette d\u2019autore nella frizzante estate dell\u2019Associazione Italiana Sommelier di Lecce, guidata da <strong>Amedeo Pasquino.<\/strong><\/p>\n<p><strong>Domani sera all\u2019Hotel Tiziano (ore 19.30), Masterclass Champagne Perrier Jouet <\/strong>\u00a0a cura di due esperti d\u2019eccezione, <strong>Herv\u00e9 Deschamps<\/strong> (chef de cave della Maison) e <strong>Alberto Lupetti<\/strong> (curatore della prestigiosa guida \u201cGrandi Champagne\u201d e ideatore del sito <a href=\"http:\/\/www.lemiebollicine.com\/\">www.lemiebollicine.com<\/a>, \u201cBibbia\u201d dello Champagne in Italia e non solo). In programma infatti, per una serata realizzata in collaborazione con lo stesso Lupetti e\u00a0l\u2019associazione \u201cTrois C\u00e9pages di Roma\u201d, <strong>una verticale della cuv\u00e9e de prestige Belle Epoque:<\/strong><strong> Grand Brut, Blason Ros\u00e9, Belle Epoque 2006, \u00a0Belle Epoque 2002, Belle Epoque 1999 e Belle Epoque 1998 in formato J\u00e9roboam<\/strong> (millesimo storico ormai introvabile; per saperne di pi\u00f9 <a href=\"http:\/\/www.lemiebollicine.com\/4535-anteprima-perrier-jouet-edition-premiere-la-belle-epoque-diversa\/\">http:\/\/www.lemiebollicine.com\/4535-anteprima-perrier-jouet-edition-premiere-la-belle-epoque-diversa\/<\/a> ).<\/p>\n<p>\u00a0<\/p>\n<p>  <!--more-->  <\/p>\n<p>\u00a0<\/p>\n<p>{AG rootFolder=&#8221;\/images\/sampledata&#8221; thumbWidth=&#8221;200&#8243; thumbHeight=&#8221;120&#8243; thumbAutoSize=&#8221;none&#8221; arrange=&#8221;priority&#8221; backgroundColor=&#8221;ffffff&#8221; foregroundColor=&#8221;808080&#8243; highliteColor=&#8221;fea804&#8243; frame_width=&#8221;500&#8243; frame_height=&#8221;300&#8243; newImageTag=&#8221;1&#8243; newImageTag_days=&#8221;7&#8243; paginUse=&#8221;1&#8243; paginImagesPerGallery=&#8221;10&#8243; albumUse=&#8221;1&#8243; showSignature=&#8221;1&#8243; plainTextCaptions=&#8221;1&#8243; ignoreError=&#8221;1&#8243; ignoreAllError=&#8221;0&#8243; template=&#8221;classic&#8221; popupEngine=&#8221;slimbox&#8221;}\/bollicine{\/AG}<\/p>\n<p>Il wine-tasting si concluder\u00e0 con l\u2019abbinamento delle bollicine francesi ai prodotti gastronomici dell\u2019eccellenza salentina. Solo 45 posti disponibili, attesa la rarit\u00e0 delle cuv\u00e9e, pertanto gli interessati, al fine di garantirsi la partecipazione, sono pregati di curare la prenotazione al pi\u00f9 presto (331.3698835, <a href=\"mailto:amedeo.pasquino@gmail.com\">amedeo.pasquino@gmail.com<\/a>).Contributo di partecipazione 50 euro.<\/p>\n<p><strong>Rosati e oli extra-vergini di Puglia<\/strong> protagonisti incontrastati invece <strong>sabato sera, 19 luglio, presso l\u2019ex convento dei Teatini<\/strong>, dove appassionati locali e turisti potranno apprezzare 150 diverse etichette di vini ros\u00e9 e 50 tipi di oli di altrettante aziende pugliesi, grazie alla quarta edizione di <strong>\u201cCharme in rosa\u201d<\/strong>. In abbinamento ai rosati di Puglia i prodotti tipici del caseificio <strong>\u201cMasseria Cinque Santi\u201d di Vernole, \u201cLe Saittole\u201d di Castr\u00ec, l\u2019azienda agricola \u201cRaffaele Carlino\u201d di Aradeo, \u201cIl gusto del pane\u201d\u00a0 (Lecce) e del salumificio \u201cSantoro\u201d di Carovigno<\/strong>. Durante la serata sar\u00e0 inoltre possibile acquistare i volumi \u201cUna terra vestita di rosa. Viaggio alla scoperta dei rosati di Puglia\u201d di <strong>Giuseppe Baldassarre<\/strong> (responsabile nazionale AIS per il monitoraggio Vino e salute), \u201cDio, come ti Olio!\u201d e \u201cIl Gusto del Tacco\u201d, pubblicati dal <strong>Raggio Verde Edizioni.<\/strong><\/p>\n<p>\u00a0<\/p>\n<p>Per accedere alla serata sar\u00e0 sufficiente acquistare il ticket d\u2019ingresso di 10 euro, comprensivo di calice di degustazione. \u00a0<\/p>\n","protected":false},"excerpt":{"rendered":"<p>Mercoled\u00ec 16 luglio 2014 all&#8217;Hotel Tiziano di Lecce Masterclass Champagne Perrier Jouet. Ospiti doc Herv\u00e9 Deschamps e Alberto Lupetti Bollicine<\/p>\n","protected":false},"author":1,"featured_media":0,"comment_status":"open","ping_status":"open","sticky":false,"template":"","format":"standard","meta":[],"categories":[35],"tags":[],"yoast_head":"<!-- This site is optimized with the Yoast SEO plugin v18.0 - https:\/\/yoast.com\/wordpress\/plugins\/seo\/ -->\n<title>Aspettando Charme in rosa | Arte e Luoghi<\/title>\n<meta name=\"robots\" content=\"index, follow, max-snippet:-1, max-image-preview:large, max-video-preview:-1\" \/>\n<link rel=\"canonical\" href=\"https:\/\/arteeluoghi.it\/index.php\/2014\/07\/15\/aspettando-charme-in-rosa\/\" \/>\n<meta property=\"og:locale\" content=\"it_IT\" \/>\n<meta property=\"og:type\" content=\"article\" \/>\n<meta property=\"og:title\" content=\"Aspettando Charme in rosa | Arte e Luoghi\" \/>\n<meta property=\"og:description\" content=\"Mercoled\u00ec 16 luglio 2014 all&#8217;Hotel Tiziano di Lecce Masterclass Champagne Perrier Jouet. Ospiti doc Herv\u00e9 Deschamps e Alberto Lupetti Bollicine\" \/>\n<meta property=\"og:url\" content=\"https:\/\/arteeluoghi.it\/index.php\/2014\/07\/15\/aspettando-charme-in-rosa\/\" \/>\n<meta property=\"og:site_name\" content=\"Arte e Luoghi\" \/>\n<meta property=\"article:publisher\" content=\"https:\/\/www.facebook.com\/ArteELuoghi\/\" \/>\n<meta property=\"article:published_time\" content=\"2014-07-15T11:51:02+00:00\" \/>\n<meta property=\"article:modified_time\" content=\"2017-08-06T21:42:39+00:00\" \/>\n<meta property=\"og:image\" content=\"https:\/\/arteeluoghi.it\/images\/sampledata\/bollicine\/Herve%20Deschamps-2.jpg\" \/>\n<meta name=\"twitter:card\" content=\"summary\" \/>\n<meta name=\"twitter:creator\" content=\"@arteeluoghi\" \/>\n<meta name=\"twitter:site\" content=\"@arteeluoghi\" \/>\n<meta name=\"twitter:label1\" content=\"Scritto da\" \/>\n\t<meta name=\"twitter:data1\" content=\"Staff\" \/>\n\t<meta name=\"twitter:label2\" content=\"Tempo di lettura stimato\" \/>\n\t<meta name=\"twitter:data2\" content=\"2 minuti\" \/>\n<script type=\"application\/ld+json\" class=\"yoast-schema-graph\">{\"@context\":\"https:\/\/schema.org\",\"@graph\":[{\"@type\":\"Organization\",\"@id\":\"https:\/\/arteeluoghi.it\/#organization\",\"name\":\"Arte e Luoghi\",\"url\":\"https:\/\/arteeluoghi.it\/\",\"sameAs\":[\"https:\/\/www.facebook.com\/ArteELuoghi\/\",\"https:\/\/www.instagram.com\/arteeluoghi\/?hl=it\",\"https:\/\/www.youtube.com\/channel\/UCuRVc4JW4-C5sg9rQB-srkw?view_as=subscriber\",\"https:\/\/twitter.com\/arteeluoghi\"],\"logo\":{\"@type\":\"ImageObject\",\"@id\":\"https:\/\/arteeluoghi.it\/#logo\",\"inLanguage\":\"it-IT\",\"url\":\"https:\/\/arteeluoghi.it\/wp-content\/uploads\/2018\/08\/logoinstagramarte.jpg\",\"contentUrl\":\"https:\/\/arteeluoghi.it\/wp-content\/uploads\/2018\/08\/logoinstagramarte.jpg\",\"width\":150,\"height\":150,\"caption\":\"Arte e Luoghi\"},\"image\":{\"@id\":\"https:\/\/arteeluoghi.it\/#logo\"}},{\"@type\":\"WebSite\",\"@id\":\"https:\/\/arteeluoghi.it\/#website\",\"url\":\"https:\/\/arteeluoghi.it\/\",\"name\":\"Arte e Luoghi\",\"description\":\"Mensile di arte, cultura, turismo e curiosit\u00e0\",\"publisher\":{\"@id\":\"https:\/\/arteeluoghi.it\/#organization\"},\"potentialAction\":[{\"@type\":\"SearchAction\",\"target\":{\"@type\":\"EntryPoint\",\"urlTemplate\":\"https:\/\/arteeluoghi.it\/?s={search_term_string}\"},\"query-input\":\"required name=search_term_string\"}],\"inLanguage\":\"it-IT\"},{\"@type\":\"ImageObject\",\"@id\":\"https:\/\/arteeluoghi.it\/index.php\/2014\/07\/15\/aspettando-charme-in-rosa\/#primaryimage\",\"inLanguage\":\"it-IT\",\"url\":\"\/images\/sampledata\/bollicine\/Herve%20Deschamps-2.jpg\",\"contentUrl\":\"\/images\/sampledata\/bollicine\/Herve%20Deschamps-2.jpg\"},{\"@type\":\"WebPage\",\"@id\":\"https:\/\/arteeluoghi.it\/index.php\/2014\/07\/15\/aspettando-charme-in-rosa\/#webpage\",\"url\":\"https:\/\/arteeluoghi.it\/index.php\/2014\/07\/15\/aspettando-charme-in-rosa\/\",\"name\":\"Aspettando Charme in rosa | Arte e Luoghi\",\"isPartOf\":{\"@id\":\"https:\/\/arteeluoghi.it\/#website\"},\"primaryImageOfPage\":{\"@id\":\"https:\/\/arteeluoghi.it\/index.php\/2014\/07\/15\/aspettando-charme-in-rosa\/#primaryimage\"},\"datePublished\":\"2014-07-15T11:51:02+00:00\",\"dateModified\":\"2017-08-06T21:42:39+00:00\",\"breadcrumb\":{\"@id\":\"https:\/\/arteeluoghi.it\/index.php\/2014\/07\/15\/aspettando-charme-in-rosa\/#breadcrumb\"},\"inLanguage\":\"it-IT\",\"potentialAction\":[{\"@type\":\"ReadAction\",\"target\":[\"https:\/\/arteeluoghi.it\/index.php\/2014\/07\/15\/aspettando-charme-in-rosa\/\"]}]},{\"@type\":\"BreadcrumbList\",\"@id\":\"https:\/\/arteeluoghi.it\/index.php\/2014\/07\/15\/aspettando-charme-in-rosa\/#breadcrumb\",\"itemListElement\":[{\"@type\":\"ListItem\",\"position\":1,\"name\":\"Home\",\"item\":\"https:\/\/arteeluoghi.it\/\"},{\"@type\":\"ListItem\",\"position\":2,\"name\":\"Aspettando Charme in rosa\"}]},{\"@type\":\"Article\",\"@id\":\"https:\/\/arteeluoghi.it\/index.php\/2014\/07\/15\/aspettando-charme-in-rosa\/#article\",\"isPartOf\":{\"@id\":\"https:\/\/arteeluoghi.it\/index.php\/2014\/07\/15\/aspettando-charme-in-rosa\/#webpage\"},\"author\":{\"@id\":\"https:\/\/arteeluoghi.it\/#\/schema\/person\/f84e814e36e91e01448ee07eaadd41d4\"},\"headline\":\"Aspettando Charme in rosa\",\"datePublished\":\"2014-07-15T11:51:02+00:00\",\"dateModified\":\"2017-08-06T21:42:39+00:00\",\"mainEntityOfPage\":{\"@id\":\"https:\/\/arteeluoghi.it\/index.php\/2014\/07\/15\/aspettando-charme-in-rosa\/#webpage\"},\"wordCount\":396,\"commentCount\":0,\"publisher\":{\"@id\":\"https:\/\/arteeluoghi.it\/#organization\"},\"image\":{\"@id\":\"https:\/\/arteeluoghi.it\/index.php\/2014\/07\/15\/aspettando-charme-in-rosa\/#primaryimage\"},\"thumbnailUrl\":\"\/images\/sampledata\/bollicine\/Herve%20Deschamps-2.jpg\",\"articleSection\":[\"I luoghi del Gusto\"],\"inLanguage\":\"it-IT\",\"potentialAction\":[{\"@type\":\"CommentAction\",\"name\":\"Comment\",\"target\":[\"https:\/\/arteeluoghi.it\/index.php\/2014\/07\/15\/aspettando-charme-in-rosa\/#respond\"]}]},{\"@type\":\"Person\",\"@id\":\"https:\/\/arteeluoghi.it\/#\/schema\/person\/f84e814e36e91e01448ee07eaadd41d4\",\"name\":\"Staff\",\"image\":{\"@type\":\"ImageObject\",\"@id\":\"https:\/\/arteeluoghi.it\/#personlogo\",\"inLanguage\":\"it-IT\",\"url\":\"https:\/\/secure.gravatar.com\/avatar\/49d2f9e46271bb04e19cebfaf141313a?s=96&d=blank&r=g\",\"contentUrl\":\"https:\/\/secure.gravatar.com\/avatar\/49d2f9e46271bb04e19cebfaf141313a?s=96&d=blank&r=g\",\"caption\":\"Staff\"}}]}<\/script>\n<!-- \/ Yoast SEO plugin. -->","yoast_head_json":{"title":"Aspettando Charme in rosa | Arte e Luoghi","robots":{"index":"index","follow":"follow","max-snippet":"max-snippet:-1","max-image-preview":"max-image-preview:large","max-video-preview":"max-video-preview:-1"},"canonical":"https:\/\/arteeluoghi.it\/index.php\/2014\/07\/15\/aspettando-charme-in-rosa\/","og_locale":"it_IT","og_type":"article","og_title":"Aspettando Charme in rosa | Arte e Luoghi","og_description":"Mercoled\u00ec 16 luglio 2014 all&#8217;Hotel Tiziano di Lecce Masterclass Champagne Perrier Jouet. Ospiti doc Herv\u00e9 Deschamps e Alberto Lupetti Bollicine","og_url":"https:\/\/arteeluoghi.it\/index.php\/2014\/07\/15\/aspettando-charme-in-rosa\/","og_site_name":"Arte e Luoghi","article_publisher":"https:\/\/www.facebook.com\/ArteELuoghi\/","article_published_time":"2014-07-15T11:51:02+00:00","article_modified_time":"2017-08-06T21:42:39+00:00","og_image":[{"url":"https:\/\/arteeluoghi.it\/images\/sampledata\/bollicine\/Herve%20Deschamps-2.jpg"}],"twitter_card":"summary","twitter_creator":"@arteeluoghi","twitter_site":"@arteeluoghi","twitter_misc":{"Scritto da":"Staff","Tempo di lettura stimato":"2 minuti"},"schema":{"@context":"https:\/\/schema.org","@graph":[{"@type":"Organization","@id":"https:\/\/arteeluoghi.it\/#organization","name":"Arte e Luoghi","url":"https:\/\/arteeluoghi.it\/","sameAs":["https:\/\/www.facebook.com\/ArteELuoghi\/","https:\/\/www.instagram.com\/arteeluoghi\/?hl=it","https:\/\/www.youtube.com\/channel\/UCuRVc4JW4-C5sg9rQB-srkw?view_as=subscriber","https:\/\/twitter.com\/arteeluoghi"],"logo":{"@type":"ImageObject","@id":"https:\/\/arteeluoghi.it\/#logo","inLanguage":"it-IT","url":"https:\/\/arteeluoghi.it\/wp-content\/uploads\/2018\/08\/logoinstagramarte.jpg","contentUrl":"https:\/\/arteeluoghi.it\/wp-content\/uploads\/2018\/08\/logoinstagramarte.jpg","width":150,"height":150,"caption":"Arte e Luoghi"},"image":{"@id":"https:\/\/arteeluoghi.it\/#logo"}},{"@type":"WebSite","@id":"https:\/\/arteeluoghi.it\/#website","url":"https:\/\/arteeluoghi.it\/","name":"Arte e Luoghi","description":"Mensile di arte, cultura, turismo e curiosit\u00e0","publisher":{"@id":"https:\/\/arteeluoghi.it\/#organization"},"potentialAction":[{"@type":"SearchAction","target":{"@type":"EntryPoint","urlTemplate":"https:\/\/arteeluoghi.it\/?s={search_term_string}"},"query-input":"required name=search_term_string"}],"inLanguage":"it-IT"},{"@type":"ImageObject","@id":"https:\/\/arteeluoghi.it\/index.php\/2014\/07\/15\/aspettando-charme-in-rosa\/#primaryimage","inLanguage":"it-IT","url":"\/images\/sampledata\/bollicine\/Herve%20Deschamps-2.jpg","contentUrl":"\/images\/sampledata\/bollicine\/Herve%20Deschamps-2.jpg"},{"@type":"WebPage","@id":"https:\/\/arteeluoghi.it\/index.php\/2014\/07\/15\/aspettando-charme-in-rosa\/#webpage","url":"https:\/\/arteeluoghi.it\/index.php\/2014\/07\/15\/aspettando-charme-in-rosa\/","name":"Aspettando Charme in rosa | Arte e Luoghi","isPartOf":{"@id":"https:\/\/arteeluoghi.it\/#website"},"primaryImageOfPage":{"@id":"https:\/\/arteeluoghi.it\/index.php\/2014\/07\/15\/aspettando-charme-in-rosa\/#primaryimage"},"datePublished":"2014-07-15T11:51:02+00:00","dateModified":"2017-08-06T21:42:39+00:00","breadcrumb":{"@id":"https:\/\/arteeluoghi.it\/index.php\/2014\/07\/15\/aspettando-charme-in-rosa\/#breadcrumb"},"inLanguage":"it-IT","potentialAction":[{"@type":"ReadAction","target":["https:\/\/arteeluoghi.it\/index.php\/2014\/07\/15\/aspettando-charme-in-rosa\/"]}]},{"@type":"BreadcrumbList","@id":"https:\/\/arteeluoghi.it\/index.php\/2014\/07\/15\/aspettando-charme-in-rosa\/#breadcrumb","itemListElement":[{"@type":"ListItem","position":1,"name":"Home","item":"https:\/\/arteeluoghi.it\/"},{"@type":"ListItem","position":2,"name":"Aspettando Charme in rosa"}]},{"@type":"Article","@id":"https:\/\/arteeluoghi.it\/index.php\/2014\/07\/15\/aspettando-charme-in-rosa\/#article","isPartOf":{"@id":"https:\/\/arteeluoghi.it\/index.php\/2014\/07\/15\/aspettando-charme-in-rosa\/#webpage"},"author":{"@id":"https:\/\/arteeluoghi.it\/#\/schema\/person\/f84e814e36e91e01448ee07eaadd41d4"},"headline":"Aspettando Charme in rosa","datePublished":"2014-07-15T11:51:02+00:00","dateModified":"2017-08-06T21:42:39+00:00","mainEntityOfPage":{"@id":"https:\/\/arteeluoghi.it\/index.php\/2014\/07\/15\/aspettando-charme-in-rosa\/#webpage"},"wordCount":396,"commentCount":0,"publisher":{"@id":"https:\/\/arteeluoghi.it\/#organization"},"image":{"@id":"https:\/\/arteeluoghi.it\/index.php\/2014\/07\/15\/aspettando-charme-in-rosa\/#primaryimage"},"thumbnailUrl":"\/images\/sampledata\/bollicine\/Herve%20Deschamps-2.jpg","articleSection":["I luoghi del Gusto"],"inLanguage":"it-IT","potentialAction":[{"@type":"CommentAction","name":"Comment","target":["https:\/\/arteeluoghi.it\/index.php\/2014\/07\/15\/aspettando-charme-in-rosa\/#respond"]}]},{"@type":"Person","@id":"https:\/\/arteeluoghi.it\/#\/schema\/person\/f84e814e36e91e01448ee07eaadd41d4","name":"Staff","image":{"@type":"ImageObject","@id":"https:\/\/arteeluoghi.it\/#personlogo","inLanguage":"it-IT","url":"https:\/\/secure.gravatar.com\/avatar\/49d2f9e46271bb04e19cebfaf141313a?s=96&d=blank&r=g","contentUrl":"https:\/\/secure.gravatar.com\/avatar\/49d2f9e46271bb04e19cebfaf141313a?s=96&d=blank&r=g","caption":"Staff"}}]}},"_links":{"self":[{"href":"https:\/\/arteeluoghi.it\/index.php\/wp-json\/wp\/v2\/posts\/1761"}],"collection":[{"href":"https:\/\/arteeluoghi.it\/index.php\/wp-json\/wp\/v2\/posts"}],"about":[{"href":"https:\/\/arteeluoghi.it\/index.php\/wp-json\/wp\/v2\/types\/post"}],"author":[{"embeddable":true,"href":"https:\/\/arteeluoghi.it\/index.php\/wp-json\/wp\/v2\/users\/1"}],"replies":[{"embeddable":true,"href":"https:\/\/arteeluoghi.it\/index.php\/wp-json\/wp\/v2\/comments?post=1761"}],"version-history":[{"count":1,"href":"https:\/\/arteeluoghi.it\/index.php\/wp-json\/wp\/v2\/posts\/1761\/revisions"}],"predecessor-version":[{"id":3048,"href":"https:\/\/arteeluoghi.it\/index.php\/wp-json\/wp\/v2\/posts\/1761\/revisions\/3048"}],"wp:attachment":[{"href":"https:\/\/arteeluoghi.it\/index.php\/wp-json\/wp\/v2\/media?parent=1761"}],"wp:term":[{"taxonomy":"category","embeddable":true,"href":"https:\/\/arteeluoghi.it\/index.php\/wp-json\/wp\/v2\/categories?post=1761"},{"taxonomy":"post_tag","embeddable":true,"href":"https:\/\/arteeluoghi.it\/index.php\/wp-json\/wp\/v2\/tags?post=1761"}],"curies":[{"name":"wp","href":"https:\/\/api.w.org\/{rel}","templated":true}]}}