{"id":1770,"date":"2014-07-21T16:06:28","date_gmt":"2014-07-21T14:06:28","guid":{"rendered":"http:\/\/arteeluoghi.it\/index.php\/2014\/07\/21\/razionalismo-a-lecce-stile-arte-e-progetto-1930-1950\/"},"modified":"2014-07-21T16:06:28","modified_gmt":"2014-07-21T14:06:28","slug":"razionalismo-a-lecce-stile-arte-e-progetto-1930-1950","status":"publish","type":"post","link":"https:\/\/arteeluoghi.it\/index.php\/2014\/07\/21\/razionalismo-a-lecce-stile-arte-e-progetto-1930-1950\/","title":{"rendered":"Razionalismo a Lecce: stile arte e progetto 1930-1950"},"content":{"rendered":"<p><img src=\"\/images\/razionalismo.jpg\" border=\"0\" title=\"l'invito dell'evento\" width=\"300\" style=\"margin: 21px; float: left;\" \/>Ex Chiesa di San Francesco della Scarpa, nel centro storico di Lecce, dal 21 luglio al 30 settembre 2014<\/p>\n<p><strong>Le architetture e le arti nel Salento tra 1930-1955<\/strong><\/p>\n<p>Progetti, bozzetti, schizzi, foto d\u2019epoca e plastici provenienti da archivi pubblici e da collezioni private. A legare insieme tutti questi <strong>materiali originali<\/strong>, lungo un percorso espositivo del tutto nuovo e che anche per questo si annuncia molto interessante, il filo conduttore di un tema inedito per il Capoluogo salentino. S\u2019intitola, infatti, <strong><em>\u201c<\/em>Razionalismo a Lecce: stile arte e progetto 1930 &#8211; 1955<\/strong>\u201d,la mostra che si inaugura questa sera, luned\u00ec 21 luglio, nelle belle sale espositive dell\u2019ex Chiesa di San Francesco della Scarpa, nel centro storico di Lecce, dove\u00a0 rester\u00e0 in allestimento fino al 30 settembre.<\/p>\n<p>  <!--more-->  <\/p>\n<p><img src=\"\/images\/mostra%20razionalismo%20-%2014.7.14.jpg\" border=\"0\" title=\"un momento della conferenza stampa\" width=\"300\" style=\"float: left; margin: 21px;\" \/><\/p>\n<p>&#8220;Un progetto a cui abbiamo lavorato moltissimo e tra tante difficolt\u00e0. In questi anni, la Provincia di Lecce ha puntato molto sul tema dell\u2019architettura &#8211; spiega l&#8217;assessore provinciale alla cultura Simona Manca. Con quest\u2019ultima iniziativa &#8211; aggiunge &#8211;\u00a0 portiamo in luce un\u2019altra fetta di storia di Lecce, citt\u00e0 in cui \u00e8 protagonista il Barocco ed altri periodi come l\u2019epoca romana e l\u2019et\u00e0 messapica, e diamo valore ad opere poco conosciute che circondano i leccesi e i salentini, ma che in pochi conoscono, forse perch\u00e9 appaiono come contemporanee tanta \u00e8 la loro modernit\u00e0\u201d.<\/p>\n<p>L\u2019esposizione vuole fornire in modo organico ed interdisciplinare un primo contributo ad un tema inedito, ovvero alla produzione dell\u2019architettura e delle arti decorative nel Salento fra il 1930 ed il 1955 circa: un periodo denso di interessanti esperimenti sul tema dell\u2019abitazione privata e dell\u2019edificio pubblico, fatti oggetto di una vera e propria rivoluzione nelle forme e nelle idee artistiche.<\/p>\n<p>\u00a0\u00a0\u00a0\u00a0\u00a0\u00a0\u00a0\u00a0<img src=\"\/images\/A_Ed_Pubblici_22.jpg\" border=\"0\" title=\"A_Ed_Pubblici_22\" width=\"300\" style=\"margin: 21px; float: left;\" \/> \u201cE\u2019 una mostra sulla storia culturale della Citt\u00e0 di Lecce\u201d, ha affermato il direttore dell\u2019Istituto di Culture Mediterranee <strong>Luigi De Luca,<\/strong> che ha ricordato come questo progetto espositivo s\u2019inserisce nel percorso dedicato in questi anni dall\u2019Istituto di Culture Mediterranee della Provincia di Lecce all\u2019architettura, con protagonisti come <strong>Steven Hall, Alvaro Siza, Pier Luigi Nervi.<\/strong><\/p>\n<p>In effetti, lo slancio innovatore derivante dai fermenti delle avanguardie europee e dal movimento razionalista viene recepito nel Capoluogo salentino grazie ad una nuova generazione di tecnici e di artisti &#8211; decoratori che, formatisi nelle facolt\u00e0 o negli ambienti artistici di Roma e Milano, rientrano nel Salento e si propongono come alfieri e diffusori della nuova architettura e della decorazione di interni. Tutto ci\u00f2 si traduce in una decisa frattura rispetto alla produzione del panorama dell\u2019architettura locale dei primi due decenni del Novecento, standardizzata in una stanca ripetizione di stilemi dell\u2019architettura tardoumbertina, dell\u2019eclettismo e del liberty.<\/p>\n<p>Lecce si configura come un centro geograficamente periferico, ma partecipe in prima linea al dibattito sul volto della nuova architettura nazionale. Il contributo dei tecnici locali consiste nel reinterpretare il linguaggio razionalista secondo l\u2019uso di materiali tradizionali come la pietra leccese ed il c\u00e0rparo. Inoltre, sul territorio salentino operano alcuni tra i maggiori architetti e ingegneri del Novecento italiano come Pier Luigi Nervi, Luigi Piccinato, Marcello Piacentini, lo studio romano Paniconi e Pediconi, Concezio Petrucci, Gaetano Minnucci e altri.<\/p>\n<p>Il discorso architettonico \u00e8 strettamente connesso con l\u2019apporto proveniente dalle arti decorative, appannaggio di una nutrita schiera di artisti &#8211; decoratori locali, che con le proprie opere connotano in modo inedito e contemporaneo le facciate e la spazialit\u00e0 interna: si pensi a personaggi come Antonio D\u2019Andrea, Nino Della Notte e Michele Massari, la cui produzione in questi ambiti viene per la prima volta esplorata.<\/p>\n<p>L\u2019intento quindi del progetto espositivo \u00e8 di colmare un vuoto su tale ricca e interessante produzione artistica ed architettonica, estendendo il discorso anche a centri della provincia come <strong>Maglie <\/strong>e <strong>Gallipoli<\/strong>.<\/p>\n<p>\u00a0\u00a0\u00a0\u00a0\u00a0\u00a0\u00a0\u00a0 \u201cNon \u00e8 una mostra esaustiva, ma sicuramente fornisce un contributo essenziale, offrendo una panoramica di questo importante periodo storico ed artistico\u201d, ha sottolineato l\u2019ideatore e curatore del progetto espositivo <strong>Andrea Mantovano<\/strong>.<\/p>\n<p>L\u2019allestimento della mostra, in cui sar\u00e0 esposta anche una selezione di foto attuali di edifici leccesi, eretti tra gli anni Trenta e Cinquanta, realizzate dallo studio \u201cPhoto 11\u201d di Antonio Palma, \u00e8 curato dalla ditta \u201cMQ Allestimenti\u201d. L\u2019esposizione artistica \u00e8 inserita nel calendario di eventi <strong>Lecce 2019,<\/strong> per la candidatura del Capoluogo salentino a Capitale europea della Cultura. Il progetto grafico e la comunicazione sono curate dalla visual designer Beatrice Bambi.<\/p>\n<p>La mostra sar\u00e0 inaugurata <span style=\"text-decoration: underline;\">luned\u00ec 21 luglio alle ore 20, nell\u2019ex Chiesa di San Francesco della Scarpa, in via B. Cairoli a Lecce<\/span> e sar\u00e0 aperta al pubblico <span style=\"text-decoration: underline;\">fino al 30 settembre, dal luned\u00ec alla domenica, dalle ore 10 alle ore 13 e dalle ore 18 alle ore 21.<\/span> Il costo del biglietto \u00e8 <strong>5 euro<\/strong>, ridotto <strong>3 euro<\/strong>.<\/p>\n<p>L\u2019evento \u00e8 promosso da Provincia di Lecce ed Istituto di Culture mediterranee della Provincia di Lecce, in collaborazione con l\u2019Archivio di Stato di Lecce e l\u2019Archivio Storico Comunale di Lecce, e con i contributi di Regione Puglia, Comune di Lecce, Ordini degli Architetti, Pianificatori, Paesaggisti e Conservatori della Provincia di Lecce, Ordine degli Ingegneri di Lecce, Collegio Provinciale dei Geometri e dei Geometri Laureati di Lecce, Camera di Commercio di Lecce, Vetreria Calasso Luigi srl.<\/p>\n<p>red. Arte e Luoghi<\/p>\n","protected":false},"excerpt":{"rendered":"<p>Ex Chiesa di San Francesco della Scarpa, nel centro storico di Lecce, dal 21 luglio al 30 settembre 2014 Le<\/p>\n","protected":false},"author":1,"featured_media":0,"comment_status":"open","ping_status":"open","sticky":false,"template":"","format":"standard","meta":[],"categories":[18],"tags":[],"yoast_head":"<!-- This site is optimized with the Yoast SEO plugin v18.0 - https:\/\/yoast.com\/wordpress\/plugins\/seo\/ -->\n<title>Razionalismo a Lecce: stile arte e progetto 1930-1950 | Arte e Luoghi<\/title>\n<meta name=\"robots\" content=\"index, follow, max-snippet:-1, max-image-preview:large, max-video-preview:-1\" \/>\n<link rel=\"canonical\" href=\"https:\/\/arteeluoghi.it\/index.php\/2014\/07\/21\/razionalismo-a-lecce-stile-arte-e-progetto-1930-1950\/\" \/>\n<meta property=\"og:locale\" content=\"it_IT\" \/>\n<meta property=\"og:type\" content=\"article\" \/>\n<meta property=\"og:title\" content=\"Razionalismo a Lecce: stile arte e progetto 1930-1950 | Arte e Luoghi\" \/>\n<meta property=\"og:description\" content=\"Ex Chiesa di San Francesco della Scarpa, nel centro storico di Lecce, dal 21 luglio al 30 settembre 2014 Le\" \/>\n<meta property=\"og:url\" content=\"https:\/\/arteeluoghi.it\/index.php\/2014\/07\/21\/razionalismo-a-lecce-stile-arte-e-progetto-1930-1950\/\" \/>\n<meta property=\"og:site_name\" content=\"Arte e Luoghi\" \/>\n<meta property=\"article:publisher\" content=\"https:\/\/www.facebook.com\/ArteELuoghi\/\" \/>\n<meta property=\"article:published_time\" content=\"2014-07-21T14:06:28+00:00\" \/>\n<meta property=\"og:image\" content=\"https:\/\/arteeluoghi.it\/images\/razionalismo.jpg\" \/>\n<meta name=\"twitter:card\" content=\"summary\" \/>\n<meta name=\"twitter:creator\" content=\"@arteeluoghi\" \/>\n<meta name=\"twitter:site\" content=\"@arteeluoghi\" \/>\n<meta name=\"twitter:label1\" content=\"Scritto da\" \/>\n\t<meta name=\"twitter:data1\" content=\"Staff\" \/>\n\t<meta name=\"twitter:label2\" content=\"Tempo di lettura stimato\" \/>\n\t<meta name=\"twitter:data2\" content=\"4 minuti\" \/>\n<script type=\"application\/ld+json\" class=\"yoast-schema-graph\">{\"@context\":\"https:\/\/schema.org\",\"@graph\":[{\"@type\":\"Organization\",\"@id\":\"https:\/\/arteeluoghi.it\/#organization\",\"name\":\"Arte e Luoghi\",\"url\":\"https:\/\/arteeluoghi.it\/\",\"sameAs\":[\"https:\/\/www.facebook.com\/ArteELuoghi\/\",\"https:\/\/www.instagram.com\/arteeluoghi\/?hl=it\",\"https:\/\/www.youtube.com\/channel\/UCuRVc4JW4-C5sg9rQB-srkw?view_as=subscriber\",\"https:\/\/twitter.com\/arteeluoghi\"],\"logo\":{\"@type\":\"ImageObject\",\"@id\":\"https:\/\/arteeluoghi.it\/#logo\",\"inLanguage\":\"it-IT\",\"url\":\"https:\/\/arteeluoghi.it\/wp-content\/uploads\/2018\/08\/logoinstagramarte.jpg\",\"contentUrl\":\"https:\/\/arteeluoghi.it\/wp-content\/uploads\/2018\/08\/logoinstagramarte.jpg\",\"width\":150,\"height\":150,\"caption\":\"Arte e Luoghi\"},\"image\":{\"@id\":\"https:\/\/arteeluoghi.it\/#logo\"}},{\"@type\":\"WebSite\",\"@id\":\"https:\/\/arteeluoghi.it\/#website\",\"url\":\"https:\/\/arteeluoghi.it\/\",\"name\":\"Arte e Luoghi\",\"description\":\"Mensile di arte, cultura, turismo e curiosit\u00e0\",\"publisher\":{\"@id\":\"https:\/\/arteeluoghi.it\/#organization\"},\"potentialAction\":[{\"@type\":\"SearchAction\",\"target\":{\"@type\":\"EntryPoint\",\"urlTemplate\":\"https:\/\/arteeluoghi.it\/?s={search_term_string}\"},\"query-input\":\"required name=search_term_string\"}],\"inLanguage\":\"it-IT\"},{\"@type\":\"ImageObject\",\"@id\":\"https:\/\/arteeluoghi.it\/index.php\/2014\/07\/21\/razionalismo-a-lecce-stile-arte-e-progetto-1930-1950\/#primaryimage\",\"inLanguage\":\"it-IT\",\"url\":\"\/images\/razionalismo.jpg\",\"contentUrl\":\"\/images\/razionalismo.jpg\"},{\"@type\":\"WebPage\",\"@id\":\"https:\/\/arteeluoghi.it\/index.php\/2014\/07\/21\/razionalismo-a-lecce-stile-arte-e-progetto-1930-1950\/#webpage\",\"url\":\"https:\/\/arteeluoghi.it\/index.php\/2014\/07\/21\/razionalismo-a-lecce-stile-arte-e-progetto-1930-1950\/\",\"name\":\"Razionalismo a Lecce: stile arte e progetto 1930-1950 | Arte e Luoghi\",\"isPartOf\":{\"@id\":\"https:\/\/arteeluoghi.it\/#website\"},\"primaryImageOfPage\":{\"@id\":\"https:\/\/arteeluoghi.it\/index.php\/2014\/07\/21\/razionalismo-a-lecce-stile-arte-e-progetto-1930-1950\/#primaryimage\"},\"datePublished\":\"2014-07-21T14:06:28+00:00\",\"dateModified\":\"2014-07-21T14:06:28+00:00\",\"breadcrumb\":{\"@id\":\"https:\/\/arteeluoghi.it\/index.php\/2014\/07\/21\/razionalismo-a-lecce-stile-arte-e-progetto-1930-1950\/#breadcrumb\"},\"inLanguage\":\"it-IT\",\"potentialAction\":[{\"@type\":\"ReadAction\",\"target\":[\"https:\/\/arteeluoghi.it\/index.php\/2014\/07\/21\/razionalismo-a-lecce-stile-arte-e-progetto-1930-1950\/\"]}]},{\"@type\":\"BreadcrumbList\",\"@id\":\"https:\/\/arteeluoghi.it\/index.php\/2014\/07\/21\/razionalismo-a-lecce-stile-arte-e-progetto-1930-1950\/#breadcrumb\",\"itemListElement\":[{\"@type\":\"ListItem\",\"position\":1,\"name\":\"Home\",\"item\":\"https:\/\/arteeluoghi.it\/\"},{\"@type\":\"ListItem\",\"position\":2,\"name\":\"Razionalismo a Lecce: stile arte e progetto 1930-1950\"}]},{\"@type\":\"Article\",\"@id\":\"https:\/\/arteeluoghi.it\/index.php\/2014\/07\/21\/razionalismo-a-lecce-stile-arte-e-progetto-1930-1950\/#article\",\"isPartOf\":{\"@id\":\"https:\/\/arteeluoghi.it\/index.php\/2014\/07\/21\/razionalismo-a-lecce-stile-arte-e-progetto-1930-1950\/#webpage\"},\"author\":{\"@id\":\"https:\/\/arteeluoghi.it\/#\/schema\/person\/f84e814e36e91e01448ee07eaadd41d4\"},\"headline\":\"Razionalismo a Lecce: stile arte e progetto 1930-1950\",\"datePublished\":\"2014-07-21T14:06:28+00:00\",\"dateModified\":\"2014-07-21T14:06:28+00:00\",\"mainEntityOfPage\":{\"@id\":\"https:\/\/arteeluoghi.it\/index.php\/2014\/07\/21\/razionalismo-a-lecce-stile-arte-e-progetto-1930-1950\/#webpage\"},\"wordCount\":848,\"commentCount\":0,\"publisher\":{\"@id\":\"https:\/\/arteeluoghi.it\/#organization\"},\"image\":{\"@id\":\"https:\/\/arteeluoghi.it\/index.php\/2014\/07\/21\/razionalismo-a-lecce-stile-arte-e-progetto-1930-1950\/#primaryimage\"},\"thumbnailUrl\":\"\/images\/razionalismo.jpg\",\"articleSection\":[\"architettura\"],\"inLanguage\":\"it-IT\",\"potentialAction\":[{\"@type\":\"CommentAction\",\"name\":\"Comment\",\"target\":[\"https:\/\/arteeluoghi.it\/index.php\/2014\/07\/21\/razionalismo-a-lecce-stile-arte-e-progetto-1930-1950\/#respond\"]}]},{\"@type\":\"Person\",\"@id\":\"https:\/\/arteeluoghi.it\/#\/schema\/person\/f84e814e36e91e01448ee07eaadd41d4\",\"name\":\"Staff\",\"image\":{\"@type\":\"ImageObject\",\"@id\":\"https:\/\/arteeluoghi.it\/#personlogo\",\"inLanguage\":\"it-IT\",\"url\":\"https:\/\/secure.gravatar.com\/avatar\/49d2f9e46271bb04e19cebfaf141313a?s=96&d=blank&r=g\",\"contentUrl\":\"https:\/\/secure.gravatar.com\/avatar\/49d2f9e46271bb04e19cebfaf141313a?s=96&d=blank&r=g\",\"caption\":\"Staff\"}}]}<\/script>\n<!-- \/ Yoast SEO plugin. -->","yoast_head_json":{"title":"Razionalismo a Lecce: stile arte e progetto 1930-1950 | Arte e Luoghi","robots":{"index":"index","follow":"follow","max-snippet":"max-snippet:-1","max-image-preview":"max-image-preview:large","max-video-preview":"max-video-preview:-1"},"canonical":"https:\/\/arteeluoghi.it\/index.php\/2014\/07\/21\/razionalismo-a-lecce-stile-arte-e-progetto-1930-1950\/","og_locale":"it_IT","og_type":"article","og_title":"Razionalismo a Lecce: stile arte e progetto 1930-1950 | Arte e Luoghi","og_description":"Ex Chiesa di San Francesco della Scarpa, nel centro storico di Lecce, dal 21 luglio al 30 settembre 2014 Le","og_url":"https:\/\/arteeluoghi.it\/index.php\/2014\/07\/21\/razionalismo-a-lecce-stile-arte-e-progetto-1930-1950\/","og_site_name":"Arte e Luoghi","article_publisher":"https:\/\/www.facebook.com\/ArteELuoghi\/","article_published_time":"2014-07-21T14:06:28+00:00","og_image":[{"url":"https:\/\/arteeluoghi.it\/images\/razionalismo.jpg"}],"twitter_card":"summary","twitter_creator":"@arteeluoghi","twitter_site":"@arteeluoghi","twitter_misc":{"Scritto da":"Staff","Tempo di lettura stimato":"4 minuti"},"schema":{"@context":"https:\/\/schema.org","@graph":[{"@type":"Organization","@id":"https:\/\/arteeluoghi.it\/#organization","name":"Arte e Luoghi","url":"https:\/\/arteeluoghi.it\/","sameAs":["https:\/\/www.facebook.com\/ArteELuoghi\/","https:\/\/www.instagram.com\/arteeluoghi\/?hl=it","https:\/\/www.youtube.com\/channel\/UCuRVc4JW4-C5sg9rQB-srkw?view_as=subscriber","https:\/\/twitter.com\/arteeluoghi"],"logo":{"@type":"ImageObject","@id":"https:\/\/arteeluoghi.it\/#logo","inLanguage":"it-IT","url":"https:\/\/arteeluoghi.it\/wp-content\/uploads\/2018\/08\/logoinstagramarte.jpg","contentUrl":"https:\/\/arteeluoghi.it\/wp-content\/uploads\/2018\/08\/logoinstagramarte.jpg","width":150,"height":150,"caption":"Arte e Luoghi"},"image":{"@id":"https:\/\/arteeluoghi.it\/#logo"}},{"@type":"WebSite","@id":"https:\/\/arteeluoghi.it\/#website","url":"https:\/\/arteeluoghi.it\/","name":"Arte e Luoghi","description":"Mensile di arte, cultura, turismo e curiosit\u00e0","publisher":{"@id":"https:\/\/arteeluoghi.it\/#organization"},"potentialAction":[{"@type":"SearchAction","target":{"@type":"EntryPoint","urlTemplate":"https:\/\/arteeluoghi.it\/?s={search_term_string}"},"query-input":"required name=search_term_string"}],"inLanguage":"it-IT"},{"@type":"ImageObject","@id":"https:\/\/arteeluoghi.it\/index.php\/2014\/07\/21\/razionalismo-a-lecce-stile-arte-e-progetto-1930-1950\/#primaryimage","inLanguage":"it-IT","url":"\/images\/razionalismo.jpg","contentUrl":"\/images\/razionalismo.jpg"},{"@type":"WebPage","@id":"https:\/\/arteeluoghi.it\/index.php\/2014\/07\/21\/razionalismo-a-lecce-stile-arte-e-progetto-1930-1950\/#webpage","url":"https:\/\/arteeluoghi.it\/index.php\/2014\/07\/21\/razionalismo-a-lecce-stile-arte-e-progetto-1930-1950\/","name":"Razionalismo a Lecce: stile arte e progetto 1930-1950 | Arte e Luoghi","isPartOf":{"@id":"https:\/\/arteeluoghi.it\/#website"},"primaryImageOfPage":{"@id":"https:\/\/arteeluoghi.it\/index.php\/2014\/07\/21\/razionalismo-a-lecce-stile-arte-e-progetto-1930-1950\/#primaryimage"},"datePublished":"2014-07-21T14:06:28+00:00","dateModified":"2014-07-21T14:06:28+00:00","breadcrumb":{"@id":"https:\/\/arteeluoghi.it\/index.php\/2014\/07\/21\/razionalismo-a-lecce-stile-arte-e-progetto-1930-1950\/#breadcrumb"},"inLanguage":"it-IT","potentialAction":[{"@type":"ReadAction","target":["https:\/\/arteeluoghi.it\/index.php\/2014\/07\/21\/razionalismo-a-lecce-stile-arte-e-progetto-1930-1950\/"]}]},{"@type":"BreadcrumbList","@id":"https:\/\/arteeluoghi.it\/index.php\/2014\/07\/21\/razionalismo-a-lecce-stile-arte-e-progetto-1930-1950\/#breadcrumb","itemListElement":[{"@type":"ListItem","position":1,"name":"Home","item":"https:\/\/arteeluoghi.it\/"},{"@type":"ListItem","position":2,"name":"Razionalismo a Lecce: stile arte e progetto 1930-1950"}]},{"@type":"Article","@id":"https:\/\/arteeluoghi.it\/index.php\/2014\/07\/21\/razionalismo-a-lecce-stile-arte-e-progetto-1930-1950\/#article","isPartOf":{"@id":"https:\/\/arteeluoghi.it\/index.php\/2014\/07\/21\/razionalismo-a-lecce-stile-arte-e-progetto-1930-1950\/#webpage"},"author":{"@id":"https:\/\/arteeluoghi.it\/#\/schema\/person\/f84e814e36e91e01448ee07eaadd41d4"},"headline":"Razionalismo a Lecce: stile arte e progetto 1930-1950","datePublished":"2014-07-21T14:06:28+00:00","dateModified":"2014-07-21T14:06:28+00:00","mainEntityOfPage":{"@id":"https:\/\/arteeluoghi.it\/index.php\/2014\/07\/21\/razionalismo-a-lecce-stile-arte-e-progetto-1930-1950\/#webpage"},"wordCount":848,"commentCount":0,"publisher":{"@id":"https:\/\/arteeluoghi.it\/#organization"},"image":{"@id":"https:\/\/arteeluoghi.it\/index.php\/2014\/07\/21\/razionalismo-a-lecce-stile-arte-e-progetto-1930-1950\/#primaryimage"},"thumbnailUrl":"\/images\/razionalismo.jpg","articleSection":["architettura"],"inLanguage":"it-IT","potentialAction":[{"@type":"CommentAction","name":"Comment","target":["https:\/\/arteeluoghi.it\/index.php\/2014\/07\/21\/razionalismo-a-lecce-stile-arte-e-progetto-1930-1950\/#respond"]}]},{"@type":"Person","@id":"https:\/\/arteeluoghi.it\/#\/schema\/person\/f84e814e36e91e01448ee07eaadd41d4","name":"Staff","image":{"@type":"ImageObject","@id":"https:\/\/arteeluoghi.it\/#personlogo","inLanguage":"it-IT","url":"https:\/\/secure.gravatar.com\/avatar\/49d2f9e46271bb04e19cebfaf141313a?s=96&d=blank&r=g","contentUrl":"https:\/\/secure.gravatar.com\/avatar\/49d2f9e46271bb04e19cebfaf141313a?s=96&d=blank&r=g","caption":"Staff"}}]}},"_links":{"self":[{"href":"https:\/\/arteeluoghi.it\/index.php\/wp-json\/wp\/v2\/posts\/1770"}],"collection":[{"href":"https:\/\/arteeluoghi.it\/index.php\/wp-json\/wp\/v2\/posts"}],"about":[{"href":"https:\/\/arteeluoghi.it\/index.php\/wp-json\/wp\/v2\/types\/post"}],"author":[{"embeddable":true,"href":"https:\/\/arteeluoghi.it\/index.php\/wp-json\/wp\/v2\/users\/1"}],"replies":[{"embeddable":true,"href":"https:\/\/arteeluoghi.it\/index.php\/wp-json\/wp\/v2\/comments?post=1770"}],"version-history":[{"count":0,"href":"https:\/\/arteeluoghi.it\/index.php\/wp-json\/wp\/v2\/posts\/1770\/revisions"}],"wp:attachment":[{"href":"https:\/\/arteeluoghi.it\/index.php\/wp-json\/wp\/v2\/media?parent=1770"}],"wp:term":[{"taxonomy":"category","embeddable":true,"href":"https:\/\/arteeluoghi.it\/index.php\/wp-json\/wp\/v2\/categories?post=1770"},{"taxonomy":"post_tag","embeddable":true,"href":"https:\/\/arteeluoghi.it\/index.php\/wp-json\/wp\/v2\/tags?post=1770"}],"curies":[{"name":"wp","href":"https:\/\/api.w.org\/{rel}","templated":true}]}}