{"id":1779,"date":"2014-07-21T21:10:52","date_gmt":"2014-07-21T19:10:52","guid":{"rendered":"http:\/\/arteeluoghi.it\/index.php\/2014\/07\/21\/le-matite-di-oscar-verrico\/"},"modified":"2014-07-21T21:10:52","modified_gmt":"2014-07-21T19:10:52","slug":"le-matite-di-oscar-verrico","status":"publish","type":"post","link":"https:\/\/arteeluoghi.it\/index.php\/2014\/07\/21\/le-matite-di-oscar-verrico\/","title":{"rendered":"Le matite di Oscar Verrico"},"content":{"rendered":"<p><img src=\"\/images\/foto%20Oscar%20Verrico%202.jpg\" border=\"0\" title=\"Oscar Verrico\" width=\"300\" style=\"margin: 21px; float: left;\" \/>Dal 19 al 30 luglio 2014, Fondo Verri, via S.Maria del Paradiso Lecce\u00a0 <\/p>\n<p><strong><span style=\"font-size: small;\">SERENDIPITY<\/span><\/strong><br \/>mostra personale di Oscar Verrico a cura di Monica Lisi<\/p>\n<p>\u00a0<\/p>\n<p>Serendipity come il titolo di un celebre film. Si \u00e8 iinaugurata sabato 19 Luglio presso il Fondo Verri, via S.Maria del Paradiso Lecce, la mostra personale dell&#8217;artista Oscar Verrico, a cura di Monica Lisi.<br \/>Come scrive la curatrice \u201dL&#8217;artista indaga il femminile in una ricerca raffinata e gentile, dallo studio accurato dell&#8217;anatomia al significato pi\u00f9 profondo delle relazioni tra le cose naturali e tecnologiche. Costruendo nuove soluzioni Verrico indaga il creato, lo osserva, lo analizza e lo riassembla. Trova preziose figure angeliche e se ne innamora.<\/p>\n<p>Serendipity \u00e8 l&#8217;aver trovato inaspettatamente ma non casualmente ci\u00f2 di cui ha bisogno, un costante confronto per produrre con maestria e talento. La sua arte si nutre di grandi capacit\u00e0 tecniche, quelle che Verrico ci mostra, prefigurando la sua prossima ricerca, al confine tra natura e spazi futurissimi di tecnologie avanzate.\u201d<\/p>\n<p>  <!--more-->  <\/p>\n<p>\u00a0<\/p>\n<p>\u00a0\u201cLa tecnica mi ha scelto, \u00e8 una cosa che mi viene naturale e poi sono sempre stato molto attratto sin da piccolo dalle vecchie foto in bianco e nero e cercavo di esplorare tutte quelle carature di grigi , il disegno richiede molto tempo , pazienza e precisione, deve essere piacevole; e poi son sempre stato attratto dalle ombre.\u201d &#8211; ha spiegato in una intervista lo stesso artista.<br \/>Vi proponiamo\u00a0 il testo della conversazione ad Arte tra artista e curatrice che si \u00e8 tenuta durante l&#8217;inaugurazione impreziosita dal Label set di Davide Spada.<\/p>\n<p>red. Arte e Luoghi<\/p>\n<p>\u00a0<\/p>\n<p><span style=\"font-size: small;\"><strong><img src=\"\/images\/foto%20Oscar%20Verrico.jpg\" border=\"0\" title=\"Oscar Verrico\" width=\"300\" style=\"margin: 21px; float: right;\" \/>Una conversazione ad arte con Oscar Verrico a cura di Monica Lisi<\/strong><\/span><\/p>\n<p>\u00a0\u00a0 \u00a0\u2022\u00a0\u00a0 \u00a0ML \u201cSerendipity \u00e8 trovare qualcosa di prezioso quando si \u00e8 impegnati a cercare qualcos&#8217;altro. Quale donna hai trovato nella tua ricerca?\u201d<br \/>\u00a0\u00a0 \u00a0\u2022\u00a0\u00a0 \u00a0OV\u201d La donna che \u00e8 in me. Nella sfera interiore.\u201d<br \/>\u00a0\u00a0 \u00a0\u2022\u00a0\u00a0 \u00a0ML \u201cChe tipo di donna \u00e8?\u201d<br \/>\u00a0\u00a0 \u00a0\u2022\u00a0\u00a0 \u00a0OV \u201c Creativa, come la terra. Protettiva\u201d.<br \/>\u00a0\u00a0 \u00a0\u2022\u00a0\u00a0 \u00a0ML \u201c I tuoi disegni sono straordinari, oserei dire impressionanti. Perch\u00e8 hai scelto una tecnica cos\u00ec difficile? Sappiamo bene essere spesso trascurata.\u201d<br \/>\u00a0\u00a0 \u00a0\u2022\u00a0\u00a0 \u00a0OV\u201d La tecnica mi ha scelto, \u00e8 una cosa che mi viene naturale e poi sono sempre stato molto attratto sin da piccolo dalle vecchie foto in bianco e nero e cercavo di esplorare tutte quelle carature di grigi , il disegno richiede molto tempo , pazienza e precisione, deve essere piacevole; e poi son sempre stato attratto dalle ombre.\u201d<br \/>\u00a0\u00a0 \u00a0\u2022\u00a0\u00a0 \u00a0ML\u201d Il disegno \u00e9 il modo migliore per conoscere la realt\u00e0, \u00e8 come accarezzare un volto ad occhi chiusi per carpirne la forma. \u00c8 questo che sento nei tuoi lavori. La tua capacit\u00e0 di catturare anatomia e pensieri. Quanto \u00e8 importante lo studio dei grandi artisti del passato?\u201d<br \/>\u00a0\u00a0 \u00a0\u2022\u00a0\u00a0 \u00a0OV\u201d E&#8217; fondamentale\u00a0 per me, essendo un autodidatta .Ho cominciato a studiare e assimilare quanto pi\u00f9 possibile dai grandi maestri e dalla realt\u00e0, come hai detto, per fondere materia e pensiero, e chi meglio dei maestri del passato poteva mostrarmi la via.\u201d<br \/>\u00a0\u00a0 \u00a0\u2022\u00a0\u00a0 \u00a0ML \u201c Una via piena di luce che amalgama sapientemente passato a futuro. Com&#8217;\u00e8 la donna tecnologica che rappresenti nella tua ultima ricerca?\u201d<br \/>\u00a0\u00a0 \u00a0\u2022\u00a0\u00a0 \u00a0OV \u201cUna donna ipnotizzante dal volto nuovo, dalla calma agghiacciante , un po&#8217;\u00a0\u00a0\u00a0\u00a0\u00a0\u00a0\u00a0\u00a0\u00a0 sacerdotessa, antica regina o futura dominatrice delle macchine.\u201d<br \/>\u00a0\u00a0 \u00a0\u2022\u00a0\u00a0 \u00a0ML\u201d \u00c8 possibile che questa donna nuova possa disumanizzarsi?\u201d<br \/>\u00a0\u00a0 \u00a0\u2022\u00a0\u00a0 \u00a0OV\u201d Ha dovuto farlo, per rinascere e rigenerare se stessa, per dare alla vita\u00a0 un nuovo essere umano.\u201d<br \/>\u00a0\u00a0 \u00a0\u2022\u00a0\u00a0 \u00a0ML\u201d Bene, ho molto da imparare da lei. Dici di essere un autodidatta, sei la prova che il talento \u00e8 innato. Dove andrai? Quale strada seguirai?\u201d<br \/>\u00a0\u00a0 \u00a0\u2022\u00a0\u00a0 \u00a0OV\u201d Come ho sempre fatto seguir\u00f2\u00a0 l&#8217;intuito,\u00a0 la nuova strada sar\u00e0 l&#8217;istinto creativo. La strada nuova volge sopratutto allo studio, all&#8217;osservazione del corpo, alla pittura a olio,\u00a0 alla scoperta del colore e delle sue infinite possibilit\u00e0.\u201d<br \/>\u00a0\u00a0 \u00a0\u2022\u00a0\u00a0 \u00a0ML\u201d Ti auguro di percorrere questa nuova strada con l&#8217;entusiasmo ed il desiderio della scoperta, un pizzico di capacit\u00e0 di stupirsi sempre della vita\u00a0 ed una buona manciata di fortuna, che in arte non basta mai.\u201d<\/p>\n<p>\u00a0<\/p>\n<p>\u00a0<\/p>\n","protected":false},"excerpt":{"rendered":"<p>Dal 19 al 30 luglio 2014, Fondo Verri, via S.Maria del Paradiso Lecce\u00a0 SERENDIPITYmostra personale di Oscar Verrico a cura<\/p>\n","protected":false},"author":1,"featured_media":0,"comment_status":"open","ping_status":"open","sticky":false,"template":"","format":"standard","meta":[],"categories":[27],"tags":[],"yoast_head":"<!-- This site is optimized with the Yoast SEO plugin v18.0 - https:\/\/yoast.com\/wordpress\/plugins\/seo\/ -->\n<title>Le matite di Oscar Verrico | Arte e Luoghi<\/title>\n<meta name=\"robots\" content=\"index, follow, max-snippet:-1, max-image-preview:large, max-video-preview:-1\" \/>\n<link rel=\"canonical\" href=\"https:\/\/arteeluoghi.it\/index.php\/2014\/07\/21\/le-matite-di-oscar-verrico\/\" \/>\n<meta property=\"og:locale\" content=\"it_IT\" \/>\n<meta property=\"og:type\" content=\"article\" \/>\n<meta property=\"og:title\" content=\"Le matite di Oscar Verrico | Arte e Luoghi\" \/>\n<meta property=\"og:description\" content=\"Dal 19 al 30 luglio 2014, Fondo Verri, via S.Maria del Paradiso Lecce\u00a0 SERENDIPITYmostra personale di Oscar Verrico a cura\" \/>\n<meta property=\"og:url\" content=\"https:\/\/arteeluoghi.it\/index.php\/2014\/07\/21\/le-matite-di-oscar-verrico\/\" \/>\n<meta property=\"og:site_name\" content=\"Arte e Luoghi\" \/>\n<meta property=\"article:publisher\" content=\"https:\/\/www.facebook.com\/ArteELuoghi\/\" \/>\n<meta property=\"article:published_time\" content=\"2014-07-21T19:10:52+00:00\" \/>\n<meta property=\"og:image\" content=\"https:\/\/arteeluoghi.it\/images\/foto%20Oscar%20Verrico%202.jpg\" \/>\n<meta name=\"twitter:card\" content=\"summary\" \/>\n<meta name=\"twitter:creator\" content=\"@arteeluoghi\" \/>\n<meta name=\"twitter:site\" content=\"@arteeluoghi\" \/>\n<meta name=\"twitter:label1\" content=\"Scritto da\" \/>\n\t<meta name=\"twitter:data1\" content=\"Staff\" \/>\n\t<meta name=\"twitter:label2\" content=\"Tempo di lettura stimato\" \/>\n\t<meta name=\"twitter:data2\" content=\"3 minuti\" \/>\n<script type=\"application\/ld+json\" class=\"yoast-schema-graph\">{\"@context\":\"https:\/\/schema.org\",\"@graph\":[{\"@type\":\"Organization\",\"@id\":\"https:\/\/arteeluoghi.it\/#organization\",\"name\":\"Arte e Luoghi\",\"url\":\"https:\/\/arteeluoghi.it\/\",\"sameAs\":[\"https:\/\/www.facebook.com\/ArteELuoghi\/\",\"https:\/\/www.instagram.com\/arteeluoghi\/?hl=it\",\"https:\/\/www.youtube.com\/channel\/UCuRVc4JW4-C5sg9rQB-srkw?view_as=subscriber\",\"https:\/\/twitter.com\/arteeluoghi\"],\"logo\":{\"@type\":\"ImageObject\",\"@id\":\"https:\/\/arteeluoghi.it\/#logo\",\"inLanguage\":\"it-IT\",\"url\":\"https:\/\/arteeluoghi.it\/wp-content\/uploads\/2018\/08\/logoinstagramarte.jpg\",\"contentUrl\":\"https:\/\/arteeluoghi.it\/wp-content\/uploads\/2018\/08\/logoinstagramarte.jpg\",\"width\":150,\"height\":150,\"caption\":\"Arte e Luoghi\"},\"image\":{\"@id\":\"https:\/\/arteeluoghi.it\/#logo\"}},{\"@type\":\"WebSite\",\"@id\":\"https:\/\/arteeluoghi.it\/#website\",\"url\":\"https:\/\/arteeluoghi.it\/\",\"name\":\"Arte e Luoghi\",\"description\":\"Mensile di arte, cultura, turismo e curiosit\u00e0\",\"publisher\":{\"@id\":\"https:\/\/arteeluoghi.it\/#organization\"},\"potentialAction\":[{\"@type\":\"SearchAction\",\"target\":{\"@type\":\"EntryPoint\",\"urlTemplate\":\"https:\/\/arteeluoghi.it\/?s={search_term_string}\"},\"query-input\":\"required name=search_term_string\"}],\"inLanguage\":\"it-IT\"},{\"@type\":\"ImageObject\",\"@id\":\"https:\/\/arteeluoghi.it\/index.php\/2014\/07\/21\/le-matite-di-oscar-verrico\/#primaryimage\",\"inLanguage\":\"it-IT\",\"url\":\"\/images\/foto%20Oscar%20Verrico%202.jpg\",\"contentUrl\":\"\/images\/foto%20Oscar%20Verrico%202.jpg\"},{\"@type\":\"WebPage\",\"@id\":\"https:\/\/arteeluoghi.it\/index.php\/2014\/07\/21\/le-matite-di-oscar-verrico\/#webpage\",\"url\":\"https:\/\/arteeluoghi.it\/index.php\/2014\/07\/21\/le-matite-di-oscar-verrico\/\",\"name\":\"Le matite di Oscar Verrico | Arte e Luoghi\",\"isPartOf\":{\"@id\":\"https:\/\/arteeluoghi.it\/#website\"},\"primaryImageOfPage\":{\"@id\":\"https:\/\/arteeluoghi.it\/index.php\/2014\/07\/21\/le-matite-di-oscar-verrico\/#primaryimage\"},\"datePublished\":\"2014-07-21T19:10:52+00:00\",\"dateModified\":\"2014-07-21T19:10:52+00:00\",\"breadcrumb\":{\"@id\":\"https:\/\/arteeluoghi.it\/index.php\/2014\/07\/21\/le-matite-di-oscar-verrico\/#breadcrumb\"},\"inLanguage\":\"it-IT\",\"potentialAction\":[{\"@type\":\"ReadAction\",\"target\":[\"https:\/\/arteeluoghi.it\/index.php\/2014\/07\/21\/le-matite-di-oscar-verrico\/\"]}]},{\"@type\":\"BreadcrumbList\",\"@id\":\"https:\/\/arteeluoghi.it\/index.php\/2014\/07\/21\/le-matite-di-oscar-verrico\/#breadcrumb\",\"itemListElement\":[{\"@type\":\"ListItem\",\"position\":1,\"name\":\"Home\",\"item\":\"https:\/\/arteeluoghi.it\/\"},{\"@type\":\"ListItem\",\"position\":2,\"name\":\"Le matite di Oscar Verrico\"}]},{\"@type\":\"Article\",\"@id\":\"https:\/\/arteeluoghi.it\/index.php\/2014\/07\/21\/le-matite-di-oscar-verrico\/#article\",\"isPartOf\":{\"@id\":\"https:\/\/arteeluoghi.it\/index.php\/2014\/07\/21\/le-matite-di-oscar-verrico\/#webpage\"},\"author\":{\"@id\":\"https:\/\/arteeluoghi.it\/#\/schema\/person\/f84e814e36e91e01448ee07eaadd41d4\"},\"headline\":\"Le matite di Oscar Verrico\",\"datePublished\":\"2014-07-21T19:10:52+00:00\",\"dateModified\":\"2014-07-21T19:10:52+00:00\",\"mainEntityOfPage\":{\"@id\":\"https:\/\/arteeluoghi.it\/index.php\/2014\/07\/21\/le-matite-di-oscar-verrico\/#webpage\"},\"wordCount\":634,\"commentCount\":0,\"publisher\":{\"@id\":\"https:\/\/arteeluoghi.it\/#organization\"},\"image\":{\"@id\":\"https:\/\/arteeluoghi.it\/index.php\/2014\/07\/21\/le-matite-di-oscar-verrico\/#primaryimage\"},\"thumbnailUrl\":\"\/images\/foto%20Oscar%20Verrico%202.jpg\",\"articleSection\":[\"Arte\"],\"inLanguage\":\"it-IT\",\"potentialAction\":[{\"@type\":\"CommentAction\",\"name\":\"Comment\",\"target\":[\"https:\/\/arteeluoghi.it\/index.php\/2014\/07\/21\/le-matite-di-oscar-verrico\/#respond\"]}]},{\"@type\":\"Person\",\"@id\":\"https:\/\/arteeluoghi.it\/#\/schema\/person\/f84e814e36e91e01448ee07eaadd41d4\",\"name\":\"Staff\",\"image\":{\"@type\":\"ImageObject\",\"@id\":\"https:\/\/arteeluoghi.it\/#personlogo\",\"inLanguage\":\"it-IT\",\"url\":\"https:\/\/secure.gravatar.com\/avatar\/49d2f9e46271bb04e19cebfaf141313a?s=96&d=blank&r=g\",\"contentUrl\":\"https:\/\/secure.gravatar.com\/avatar\/49d2f9e46271bb04e19cebfaf141313a?s=96&d=blank&r=g\",\"caption\":\"Staff\"}}]}<\/script>\n<!-- \/ Yoast SEO plugin. -->","yoast_head_json":{"title":"Le matite di Oscar Verrico | Arte e Luoghi","robots":{"index":"index","follow":"follow","max-snippet":"max-snippet:-1","max-image-preview":"max-image-preview:large","max-video-preview":"max-video-preview:-1"},"canonical":"https:\/\/arteeluoghi.it\/index.php\/2014\/07\/21\/le-matite-di-oscar-verrico\/","og_locale":"it_IT","og_type":"article","og_title":"Le matite di Oscar Verrico | Arte e Luoghi","og_description":"Dal 19 al 30 luglio 2014, Fondo Verri, via S.Maria del Paradiso Lecce\u00a0 SERENDIPITYmostra personale di Oscar Verrico a cura","og_url":"https:\/\/arteeluoghi.it\/index.php\/2014\/07\/21\/le-matite-di-oscar-verrico\/","og_site_name":"Arte e Luoghi","article_publisher":"https:\/\/www.facebook.com\/ArteELuoghi\/","article_published_time":"2014-07-21T19:10:52+00:00","og_image":[{"url":"https:\/\/arteeluoghi.it\/images\/foto%20Oscar%20Verrico%202.jpg"}],"twitter_card":"summary","twitter_creator":"@arteeluoghi","twitter_site":"@arteeluoghi","twitter_misc":{"Scritto da":"Staff","Tempo di lettura stimato":"3 minuti"},"schema":{"@context":"https:\/\/schema.org","@graph":[{"@type":"Organization","@id":"https:\/\/arteeluoghi.it\/#organization","name":"Arte e Luoghi","url":"https:\/\/arteeluoghi.it\/","sameAs":["https:\/\/www.facebook.com\/ArteELuoghi\/","https:\/\/www.instagram.com\/arteeluoghi\/?hl=it","https:\/\/www.youtube.com\/channel\/UCuRVc4JW4-C5sg9rQB-srkw?view_as=subscriber","https:\/\/twitter.com\/arteeluoghi"],"logo":{"@type":"ImageObject","@id":"https:\/\/arteeluoghi.it\/#logo","inLanguage":"it-IT","url":"https:\/\/arteeluoghi.it\/wp-content\/uploads\/2018\/08\/logoinstagramarte.jpg","contentUrl":"https:\/\/arteeluoghi.it\/wp-content\/uploads\/2018\/08\/logoinstagramarte.jpg","width":150,"height":150,"caption":"Arte e Luoghi"},"image":{"@id":"https:\/\/arteeluoghi.it\/#logo"}},{"@type":"WebSite","@id":"https:\/\/arteeluoghi.it\/#website","url":"https:\/\/arteeluoghi.it\/","name":"Arte e Luoghi","description":"Mensile di arte, cultura, turismo e curiosit\u00e0","publisher":{"@id":"https:\/\/arteeluoghi.it\/#organization"},"potentialAction":[{"@type":"SearchAction","target":{"@type":"EntryPoint","urlTemplate":"https:\/\/arteeluoghi.it\/?s={search_term_string}"},"query-input":"required name=search_term_string"}],"inLanguage":"it-IT"},{"@type":"ImageObject","@id":"https:\/\/arteeluoghi.it\/index.php\/2014\/07\/21\/le-matite-di-oscar-verrico\/#primaryimage","inLanguage":"it-IT","url":"\/images\/foto%20Oscar%20Verrico%202.jpg","contentUrl":"\/images\/foto%20Oscar%20Verrico%202.jpg"},{"@type":"WebPage","@id":"https:\/\/arteeluoghi.it\/index.php\/2014\/07\/21\/le-matite-di-oscar-verrico\/#webpage","url":"https:\/\/arteeluoghi.it\/index.php\/2014\/07\/21\/le-matite-di-oscar-verrico\/","name":"Le matite di Oscar Verrico | Arte e Luoghi","isPartOf":{"@id":"https:\/\/arteeluoghi.it\/#website"},"primaryImageOfPage":{"@id":"https:\/\/arteeluoghi.it\/index.php\/2014\/07\/21\/le-matite-di-oscar-verrico\/#primaryimage"},"datePublished":"2014-07-21T19:10:52+00:00","dateModified":"2014-07-21T19:10:52+00:00","breadcrumb":{"@id":"https:\/\/arteeluoghi.it\/index.php\/2014\/07\/21\/le-matite-di-oscar-verrico\/#breadcrumb"},"inLanguage":"it-IT","potentialAction":[{"@type":"ReadAction","target":["https:\/\/arteeluoghi.it\/index.php\/2014\/07\/21\/le-matite-di-oscar-verrico\/"]}]},{"@type":"BreadcrumbList","@id":"https:\/\/arteeluoghi.it\/index.php\/2014\/07\/21\/le-matite-di-oscar-verrico\/#breadcrumb","itemListElement":[{"@type":"ListItem","position":1,"name":"Home","item":"https:\/\/arteeluoghi.it\/"},{"@type":"ListItem","position":2,"name":"Le matite di Oscar Verrico"}]},{"@type":"Article","@id":"https:\/\/arteeluoghi.it\/index.php\/2014\/07\/21\/le-matite-di-oscar-verrico\/#article","isPartOf":{"@id":"https:\/\/arteeluoghi.it\/index.php\/2014\/07\/21\/le-matite-di-oscar-verrico\/#webpage"},"author":{"@id":"https:\/\/arteeluoghi.it\/#\/schema\/person\/f84e814e36e91e01448ee07eaadd41d4"},"headline":"Le matite di Oscar Verrico","datePublished":"2014-07-21T19:10:52+00:00","dateModified":"2014-07-21T19:10:52+00:00","mainEntityOfPage":{"@id":"https:\/\/arteeluoghi.it\/index.php\/2014\/07\/21\/le-matite-di-oscar-verrico\/#webpage"},"wordCount":634,"commentCount":0,"publisher":{"@id":"https:\/\/arteeluoghi.it\/#organization"},"image":{"@id":"https:\/\/arteeluoghi.it\/index.php\/2014\/07\/21\/le-matite-di-oscar-verrico\/#primaryimage"},"thumbnailUrl":"\/images\/foto%20Oscar%20Verrico%202.jpg","articleSection":["Arte"],"inLanguage":"it-IT","potentialAction":[{"@type":"CommentAction","name":"Comment","target":["https:\/\/arteeluoghi.it\/index.php\/2014\/07\/21\/le-matite-di-oscar-verrico\/#respond"]}]},{"@type":"Person","@id":"https:\/\/arteeluoghi.it\/#\/schema\/person\/f84e814e36e91e01448ee07eaadd41d4","name":"Staff","image":{"@type":"ImageObject","@id":"https:\/\/arteeluoghi.it\/#personlogo","inLanguage":"it-IT","url":"https:\/\/secure.gravatar.com\/avatar\/49d2f9e46271bb04e19cebfaf141313a?s=96&d=blank&r=g","contentUrl":"https:\/\/secure.gravatar.com\/avatar\/49d2f9e46271bb04e19cebfaf141313a?s=96&d=blank&r=g","caption":"Staff"}}]}},"_links":{"self":[{"href":"https:\/\/arteeluoghi.it\/index.php\/wp-json\/wp\/v2\/posts\/1779"}],"collection":[{"href":"https:\/\/arteeluoghi.it\/index.php\/wp-json\/wp\/v2\/posts"}],"about":[{"href":"https:\/\/arteeluoghi.it\/index.php\/wp-json\/wp\/v2\/types\/post"}],"author":[{"embeddable":true,"href":"https:\/\/arteeluoghi.it\/index.php\/wp-json\/wp\/v2\/users\/1"}],"replies":[{"embeddable":true,"href":"https:\/\/arteeluoghi.it\/index.php\/wp-json\/wp\/v2\/comments?post=1779"}],"version-history":[{"count":0,"href":"https:\/\/arteeluoghi.it\/index.php\/wp-json\/wp\/v2\/posts\/1779\/revisions"}],"wp:attachment":[{"href":"https:\/\/arteeluoghi.it\/index.php\/wp-json\/wp\/v2\/media?parent=1779"}],"wp:term":[{"taxonomy":"category","embeddable":true,"href":"https:\/\/arteeluoghi.it\/index.php\/wp-json\/wp\/v2\/categories?post=1779"},{"taxonomy":"post_tag","embeddable":true,"href":"https:\/\/arteeluoghi.it\/index.php\/wp-json\/wp\/v2\/tags?post=1779"}],"curies":[{"name":"wp","href":"https:\/\/api.w.org\/{rel}","templated":true}]}}