{"id":1789,"date":"2014-07-30T17:07:46","date_gmt":"2014-07-30T15:07:46","guid":{"rendered":"http:\/\/arteeluoghi.it\/index.php\/2014\/07\/30\/passeggiata-letteraria-nel-borgo\/"},"modified":"2014-07-30T17:07:46","modified_gmt":"2014-07-30T15:07:46","slug":"passeggiata-letteraria-nel-borgo","status":"publish","type":"post","link":"https:\/\/arteeluoghi.it\/index.php\/2014\/07\/30\/passeggiata-letteraria-nel-borgo\/","title":{"rendered":"Passeggiata letteraria nel borgo"},"content":{"rendered":"<p style=\"text-align: left;\" align=\"center\"><img src=\"\/images\/Passeggiata%20Letteraria2.jpg\" border=\"0\" title=\"il manifesto dell'iniziativa\" width=\"300\" style=\"margin: 21px; border: 1px solid black; float: right;\" \/>A Specchia domenica 3 agosto 2014<\/p>\n<p style=\"text-align: left;\" align=\"center\"><strong>15 SCRITTORI CHE LEGGONO I PROPRI LIBRI <\/strong><\/p>\n<p style=\"text-align: left;\" align=\"center\"><strong>E RICORDANO VITTORIO BODINI NEL BORGO ANTICO DI SPECCHIA<\/strong><\/p>\n<p align=\"center\"><strong>\u00a0<\/strong><\/p>\n<p>Promuovere il territorio a suon di&#8230; pagine. Si potrebbe sintetizzare cos\u00ec l&#8217;iniziativa &#8220;<strong>Passeggiata letteraria nel borgo<\/strong>&#8221; che vedr\u00e0 il centro storico di Specchia, tra i pi\u00f9 belli d&#8217;Italia, affollarsi di autori che leggeranno per il pubblico in un contesto scenografico allestito ad hoc dall&#8217;architetto <strong>Stefania Branca<\/strong>. Con la direzione artistica della scrittrice <strong>Tiziana Cazzato<\/strong> domenica 3 agosto prender\u00e0 il via la prima edizione della &#8220;Passeggiata letteraria nel borgo&#8221; promossa dall&#8217;associazione culturale &#8220;<strong>e20Cult<\/strong> <strong>\u201d<\/strong>, con il Patrocinio e contributo <strong>della Presidenza del Consiglio della<\/strong> <strong>Regione Puglia<\/strong> e patrocinio del <strong>Comune di Specchia<\/strong>, in seno al progetto \u201cSPECCHIAmoci&#8230; nei libri\u201d.<\/p>\n<p>Prima che l\u2019evento abbia inizio tutto il pubblico e gli scrittori protagonisti si troveranno in Piazza del Popolo, dove interverranno per un breve saluto: Rocco <strong>Pagliara,<\/strong> Sindaco di Specchia, Giorgio <strong>Biasco<\/strong>, Assessore alla Cultura e Federica <strong>Murgia<\/strong>, Presidente dell&#8217; Associazione Culturale \u201ce20cult\u201d.<\/p>\n<p>  <!--more-->  <\/p>\n<p><img src=\"\/images\/piantinaspecchialibri.jpg\" border=\"0\" title=\"la piantina del centro storico\" width=\"300\" style=\"margin: 21px; float: left;\" \/>Seguir\u00e0 la presentazione di <strong>\u201cIl fiore dell&#8217;amicizia\u201d <\/strong>di Vittorio Bodini, scrittore e poeta che pi\u00f9 di ogni altro ha saputo ascoltare e dipingere con le sue poesie, i suoi racconti la luce, i colori, la vita del nostro Salento. La giornalista e scrittrice <strong>Luisa Ruggio<\/strong> guider\u00e0 e accompagner\u00e0 il pubblico nelle pagine dell&#8217;unico romanzo di Bodini rimasto incompiuto e pubblicato in occasione del centenario della sua nascita, da BESA editrice. Prester\u00e0 la sua voce, nella lettura di qualche brano del libro, <strong>Antonio Maniglio,<\/strong>\u00a0 Vice Presidente del Consiglio Regionale della Puglia<strong>. <\/strong>\u00a0\u00a0\u00a0\u00a0\u00a0\u00a0\u00a0\u00a0\u00a0\u00a0\u00a0\u00a0\u00a0\u00a0<\/p>\n<p><strong>Il fiore dell&#8217;amicizia , <\/strong>il primo e unico romanzo di Vittorio Bodini (Bari 1914 \u2013 Roma 1970) , composto tra il 1942 e il 1946, narra le vicende di un gruppo di giovani ambientate nella Lecce dei primi anni Trenta tra gioco, amori, caff\u00e8 cittadini, notti insonni. Bodini \u00e8 considerato uno tra i maggiori interpreti e traduttori italiani della letteratura spagnola, oltre che poeta, tra i pi\u00f9 originali e significativi del Novecento; \u00e8 stato anche narratore, critico, operatore\u00a0 culturale.<\/p>\n<p><strong>La \u201cPasseggiata Letteraria nel Borgo\u201d vedr\u00e0 protagonisti 15, voci fra le pi\u00f9 interessanti e originali della contemporanea\u00a0 letteratura salentina e non, Gli\u00a0 scrittori e i libri che saranno letti saranno:<\/strong><strong>Vito Adamo \u201cAntica Terra- viaggio sentimentale nel Salento\u201d (Lupo Editore),Alberto Colangiulo \u201cIl Tesoro Di Sant&#8217;Ippazio\u201d(Lupo Editore), Gianluca Conte \u201cCani Acerbi\u201d (Musicaos:ed), Giuseppe Cristaldi \u201cMacelleria Equitalia\u201d (Lupo Editore), Chiara Curione \u201cUna ricetta per la felicit\u00e0\u201d (Besa), Carmen De Stasio e Francesco Pasca \u201cLa poesia lunga un chilometro\u201d (Il Raggio Verde Edizioni), Marco Esposito\u00a0 \u201cI segreti della scogliera\u201d (Lupo Editore), Isabella Gubello \u201cMi piaci quando taci\u201d (Besa), Davide Morgagni \u201c Pornomadi\u201d (Musicaos:ed), Federica Francesca Ricchiuto \u201cBenedetto il frutto\u201d (Libellula Edizioni), Livio Romano \u201cNiente Da Ridere\u201d (Marsilio), Luisa Ruggio \u201cAfra\u201d (Besa), Lara Savoia \u201cI versi della polvere &#8211; L&#8217;Aquila, 6 Aprile 2009\u201d (Argo), Walter Spennato \u201cQuanto mi dai se ti uccido?\u201d (Besa)<\/strong><strong>. <\/strong><strong>Tutti gli autori leggeranno, contemporaneamente, per due ore e far\u00e0 loro da scenario il suggestivo e incantevole centro storico di uno dei borghi pi\u00f9 belli d&#8217;Italia.<\/strong><\/p>\n<p>\u00a0\u00c8 un&#8217;occasione originale per presentare e far conoscere ai lettori opere e scrittori di generi e stili differenti. Inoltre, gli autori daranno voce, oltre che alle loro, anche alle opere di due dei loro scrittori preferiti. Ogni autore, nel suo personale reading, omagger\u00e0 l\u2019illustre Bodini con la lettura di un brano o di una poesia tratto dalla sua produzione letteraria.<\/p>\n<p style=\"text-align: left;\">Il pubblico, passeggiando fra le antiche stradine, potr\u00e0 fermarsi ad ascoltare in una caratteristica corte o nel cortile di un antico palazzo, la voce di uno scrittore, e scoprire e conoscere cos\u00ec un autore, un libro e vivere un&#8217;emozione nuova e unica. Proseguendo, il pubblico incontrer\u00e0 in un altro angolo, in un&#8217;altra corte un nuovo scrittore e libri e sensazioni nuove. E se l\u2019ascolto della lettura di un\u00a0 libro avr\u00e0 suscitato la sua curiosit\u00e0, avr\u00e0 la possibilit\u00e0 di acquistarlo presso la \u201c<strong>Libreria sotto le stelle del borgo\u201d<\/strong>, allestita per l&#8217;occasione in Piazza del Popolo e che vender\u00e0 solo i libri degli autori presenti all&#8217;evento.<\/p>\n<p>red. Arte e Luoghi<\/p>\n","protected":false},"excerpt":{"rendered":"<p>A Specchia domenica 3 agosto 2014 15 SCRITTORI CHE LEGGONO I PROPRI LIBRI E RICORDANO VITTORIO BODINI NEL BORGO ANTICO<\/p>\n","protected":false},"author":1,"featured_media":0,"comment_status":"open","ping_status":"open","sticky":false,"template":"","format":"standard","meta":[],"categories":[17],"tags":[],"yoast_head":"<!-- This site is optimized with the Yoast SEO plugin v18.0 - https:\/\/yoast.com\/wordpress\/plugins\/seo\/ -->\n<title>Passeggiata letteraria nel borgo | Arte e Luoghi<\/title>\n<meta name=\"robots\" content=\"index, follow, max-snippet:-1, max-image-preview:large, max-video-preview:-1\" \/>\n<link rel=\"canonical\" href=\"https:\/\/arteeluoghi.it\/index.php\/2014\/07\/30\/passeggiata-letteraria-nel-borgo\/\" \/>\n<meta property=\"og:locale\" content=\"it_IT\" \/>\n<meta property=\"og:type\" content=\"article\" \/>\n<meta property=\"og:title\" content=\"Passeggiata letteraria nel borgo | Arte e Luoghi\" \/>\n<meta property=\"og:description\" content=\"A Specchia domenica 3 agosto 2014 15 SCRITTORI CHE LEGGONO I PROPRI LIBRI E RICORDANO VITTORIO BODINI NEL BORGO ANTICO\" \/>\n<meta property=\"og:url\" content=\"https:\/\/arteeluoghi.it\/index.php\/2014\/07\/30\/passeggiata-letteraria-nel-borgo\/\" \/>\n<meta property=\"og:site_name\" content=\"Arte e Luoghi\" \/>\n<meta property=\"article:publisher\" content=\"https:\/\/www.facebook.com\/ArteELuoghi\/\" \/>\n<meta property=\"article:published_time\" content=\"2014-07-30T15:07:46+00:00\" \/>\n<meta property=\"og:image\" content=\"https:\/\/arteeluoghi.it\/images\/Passeggiata%20Letteraria2.jpg\" \/>\n<meta name=\"twitter:card\" content=\"summary\" \/>\n<meta name=\"twitter:creator\" content=\"@arteeluoghi\" \/>\n<meta name=\"twitter:site\" content=\"@arteeluoghi\" \/>\n<meta name=\"twitter:label1\" content=\"Scritto da\" \/>\n\t<meta name=\"twitter:data1\" content=\"Staff\" \/>\n\t<meta name=\"twitter:label2\" content=\"Tempo di lettura stimato\" \/>\n\t<meta name=\"twitter:data2\" content=\"3 minuti\" \/>\n<script type=\"application\/ld+json\" class=\"yoast-schema-graph\">{\"@context\":\"https:\/\/schema.org\",\"@graph\":[{\"@type\":\"Organization\",\"@id\":\"https:\/\/arteeluoghi.it\/#organization\",\"name\":\"Arte e Luoghi\",\"url\":\"https:\/\/arteeluoghi.it\/\",\"sameAs\":[\"https:\/\/www.facebook.com\/ArteELuoghi\/\",\"https:\/\/www.instagram.com\/arteeluoghi\/?hl=it\",\"https:\/\/www.youtube.com\/channel\/UCuRVc4JW4-C5sg9rQB-srkw?view_as=subscriber\",\"https:\/\/twitter.com\/arteeluoghi\"],\"logo\":{\"@type\":\"ImageObject\",\"@id\":\"https:\/\/arteeluoghi.it\/#logo\",\"inLanguage\":\"it-IT\",\"url\":\"https:\/\/arteeluoghi.it\/wp-content\/uploads\/2018\/08\/logoinstagramarte.jpg\",\"contentUrl\":\"https:\/\/arteeluoghi.it\/wp-content\/uploads\/2018\/08\/logoinstagramarte.jpg\",\"width\":150,\"height\":150,\"caption\":\"Arte e Luoghi\"},\"image\":{\"@id\":\"https:\/\/arteeluoghi.it\/#logo\"}},{\"@type\":\"WebSite\",\"@id\":\"https:\/\/arteeluoghi.it\/#website\",\"url\":\"https:\/\/arteeluoghi.it\/\",\"name\":\"Arte e Luoghi\",\"description\":\"Mensile di arte, cultura, turismo e curiosit\u00e0\",\"publisher\":{\"@id\":\"https:\/\/arteeluoghi.it\/#organization\"},\"potentialAction\":[{\"@type\":\"SearchAction\",\"target\":{\"@type\":\"EntryPoint\",\"urlTemplate\":\"https:\/\/arteeluoghi.it\/?s={search_term_string}\"},\"query-input\":\"required name=search_term_string\"}],\"inLanguage\":\"it-IT\"},{\"@type\":\"ImageObject\",\"@id\":\"https:\/\/arteeluoghi.it\/index.php\/2014\/07\/30\/passeggiata-letteraria-nel-borgo\/#primaryimage\",\"inLanguage\":\"it-IT\",\"url\":\"\/images\/Passeggiata%20Letteraria2.jpg\",\"contentUrl\":\"\/images\/Passeggiata%20Letteraria2.jpg\"},{\"@type\":\"WebPage\",\"@id\":\"https:\/\/arteeluoghi.it\/index.php\/2014\/07\/30\/passeggiata-letteraria-nel-borgo\/#webpage\",\"url\":\"https:\/\/arteeluoghi.it\/index.php\/2014\/07\/30\/passeggiata-letteraria-nel-borgo\/\",\"name\":\"Passeggiata letteraria nel borgo | Arte e Luoghi\",\"isPartOf\":{\"@id\":\"https:\/\/arteeluoghi.it\/#website\"},\"primaryImageOfPage\":{\"@id\":\"https:\/\/arteeluoghi.it\/index.php\/2014\/07\/30\/passeggiata-letteraria-nel-borgo\/#primaryimage\"},\"datePublished\":\"2014-07-30T15:07:46+00:00\",\"dateModified\":\"2014-07-30T15:07:46+00:00\",\"breadcrumb\":{\"@id\":\"https:\/\/arteeluoghi.it\/index.php\/2014\/07\/30\/passeggiata-letteraria-nel-borgo\/#breadcrumb\"},\"inLanguage\":\"it-IT\",\"potentialAction\":[{\"@type\":\"ReadAction\",\"target\":[\"https:\/\/arteeluoghi.it\/index.php\/2014\/07\/30\/passeggiata-letteraria-nel-borgo\/\"]}]},{\"@type\":\"BreadcrumbList\",\"@id\":\"https:\/\/arteeluoghi.it\/index.php\/2014\/07\/30\/passeggiata-letteraria-nel-borgo\/#breadcrumb\",\"itemListElement\":[{\"@type\":\"ListItem\",\"position\":1,\"name\":\"Home\",\"item\":\"https:\/\/arteeluoghi.it\/\"},{\"@type\":\"ListItem\",\"position\":2,\"name\":\"Passeggiata letteraria nel borgo\"}]},{\"@type\":\"Article\",\"@id\":\"https:\/\/arteeluoghi.it\/index.php\/2014\/07\/30\/passeggiata-letteraria-nel-borgo\/#article\",\"isPartOf\":{\"@id\":\"https:\/\/arteeluoghi.it\/index.php\/2014\/07\/30\/passeggiata-letteraria-nel-borgo\/#webpage\"},\"author\":{\"@id\":\"https:\/\/arteeluoghi.it\/#\/schema\/person\/f84e814e36e91e01448ee07eaadd41d4\"},\"headline\":\"Passeggiata letteraria nel borgo\",\"datePublished\":\"2014-07-30T15:07:46+00:00\",\"dateModified\":\"2014-07-30T15:07:46+00:00\",\"mainEntityOfPage\":{\"@id\":\"https:\/\/arteeluoghi.it\/index.php\/2014\/07\/30\/passeggiata-letteraria-nel-borgo\/#webpage\"},\"wordCount\":658,\"commentCount\":0,\"publisher\":{\"@id\":\"https:\/\/arteeluoghi.it\/#organization\"},\"image\":{\"@id\":\"https:\/\/arteeluoghi.it\/index.php\/2014\/07\/30\/passeggiata-letteraria-nel-borgo\/#primaryimage\"},\"thumbnailUrl\":\"\/images\/Passeggiata%20Letteraria2.jpg\",\"articleSection\":[\"LIBRI\"],\"inLanguage\":\"it-IT\",\"potentialAction\":[{\"@type\":\"CommentAction\",\"name\":\"Comment\",\"target\":[\"https:\/\/arteeluoghi.it\/index.php\/2014\/07\/30\/passeggiata-letteraria-nel-borgo\/#respond\"]}]},{\"@type\":\"Person\",\"@id\":\"https:\/\/arteeluoghi.it\/#\/schema\/person\/f84e814e36e91e01448ee07eaadd41d4\",\"name\":\"Staff\",\"image\":{\"@type\":\"ImageObject\",\"@id\":\"https:\/\/arteeluoghi.it\/#personlogo\",\"inLanguage\":\"it-IT\",\"url\":\"https:\/\/secure.gravatar.com\/avatar\/49d2f9e46271bb04e19cebfaf141313a?s=96&d=blank&r=g\",\"contentUrl\":\"https:\/\/secure.gravatar.com\/avatar\/49d2f9e46271bb04e19cebfaf141313a?s=96&d=blank&r=g\",\"caption\":\"Staff\"}}]}<\/script>\n<!-- \/ Yoast SEO plugin. -->","yoast_head_json":{"title":"Passeggiata letteraria nel borgo | Arte e Luoghi","robots":{"index":"index","follow":"follow","max-snippet":"max-snippet:-1","max-image-preview":"max-image-preview:large","max-video-preview":"max-video-preview:-1"},"canonical":"https:\/\/arteeluoghi.it\/index.php\/2014\/07\/30\/passeggiata-letteraria-nel-borgo\/","og_locale":"it_IT","og_type":"article","og_title":"Passeggiata letteraria nel borgo | Arte e Luoghi","og_description":"A Specchia domenica 3 agosto 2014 15 SCRITTORI CHE LEGGONO I PROPRI LIBRI E RICORDANO VITTORIO BODINI NEL BORGO ANTICO","og_url":"https:\/\/arteeluoghi.it\/index.php\/2014\/07\/30\/passeggiata-letteraria-nel-borgo\/","og_site_name":"Arte e Luoghi","article_publisher":"https:\/\/www.facebook.com\/ArteELuoghi\/","article_published_time":"2014-07-30T15:07:46+00:00","og_image":[{"url":"https:\/\/arteeluoghi.it\/images\/Passeggiata%20Letteraria2.jpg"}],"twitter_card":"summary","twitter_creator":"@arteeluoghi","twitter_site":"@arteeluoghi","twitter_misc":{"Scritto da":"Staff","Tempo di lettura stimato":"3 minuti"},"schema":{"@context":"https:\/\/schema.org","@graph":[{"@type":"Organization","@id":"https:\/\/arteeluoghi.it\/#organization","name":"Arte e Luoghi","url":"https:\/\/arteeluoghi.it\/","sameAs":["https:\/\/www.facebook.com\/ArteELuoghi\/","https:\/\/www.instagram.com\/arteeluoghi\/?hl=it","https:\/\/www.youtube.com\/channel\/UCuRVc4JW4-C5sg9rQB-srkw?view_as=subscriber","https:\/\/twitter.com\/arteeluoghi"],"logo":{"@type":"ImageObject","@id":"https:\/\/arteeluoghi.it\/#logo","inLanguage":"it-IT","url":"https:\/\/arteeluoghi.it\/wp-content\/uploads\/2018\/08\/logoinstagramarte.jpg","contentUrl":"https:\/\/arteeluoghi.it\/wp-content\/uploads\/2018\/08\/logoinstagramarte.jpg","width":150,"height":150,"caption":"Arte e Luoghi"},"image":{"@id":"https:\/\/arteeluoghi.it\/#logo"}},{"@type":"WebSite","@id":"https:\/\/arteeluoghi.it\/#website","url":"https:\/\/arteeluoghi.it\/","name":"Arte e Luoghi","description":"Mensile di arte, cultura, turismo e curiosit\u00e0","publisher":{"@id":"https:\/\/arteeluoghi.it\/#organization"},"potentialAction":[{"@type":"SearchAction","target":{"@type":"EntryPoint","urlTemplate":"https:\/\/arteeluoghi.it\/?s={search_term_string}"},"query-input":"required name=search_term_string"}],"inLanguage":"it-IT"},{"@type":"ImageObject","@id":"https:\/\/arteeluoghi.it\/index.php\/2014\/07\/30\/passeggiata-letteraria-nel-borgo\/#primaryimage","inLanguage":"it-IT","url":"\/images\/Passeggiata%20Letteraria2.jpg","contentUrl":"\/images\/Passeggiata%20Letteraria2.jpg"},{"@type":"WebPage","@id":"https:\/\/arteeluoghi.it\/index.php\/2014\/07\/30\/passeggiata-letteraria-nel-borgo\/#webpage","url":"https:\/\/arteeluoghi.it\/index.php\/2014\/07\/30\/passeggiata-letteraria-nel-borgo\/","name":"Passeggiata letteraria nel borgo | Arte e Luoghi","isPartOf":{"@id":"https:\/\/arteeluoghi.it\/#website"},"primaryImageOfPage":{"@id":"https:\/\/arteeluoghi.it\/index.php\/2014\/07\/30\/passeggiata-letteraria-nel-borgo\/#primaryimage"},"datePublished":"2014-07-30T15:07:46+00:00","dateModified":"2014-07-30T15:07:46+00:00","breadcrumb":{"@id":"https:\/\/arteeluoghi.it\/index.php\/2014\/07\/30\/passeggiata-letteraria-nel-borgo\/#breadcrumb"},"inLanguage":"it-IT","potentialAction":[{"@type":"ReadAction","target":["https:\/\/arteeluoghi.it\/index.php\/2014\/07\/30\/passeggiata-letteraria-nel-borgo\/"]}]},{"@type":"BreadcrumbList","@id":"https:\/\/arteeluoghi.it\/index.php\/2014\/07\/30\/passeggiata-letteraria-nel-borgo\/#breadcrumb","itemListElement":[{"@type":"ListItem","position":1,"name":"Home","item":"https:\/\/arteeluoghi.it\/"},{"@type":"ListItem","position":2,"name":"Passeggiata letteraria nel borgo"}]},{"@type":"Article","@id":"https:\/\/arteeluoghi.it\/index.php\/2014\/07\/30\/passeggiata-letteraria-nel-borgo\/#article","isPartOf":{"@id":"https:\/\/arteeluoghi.it\/index.php\/2014\/07\/30\/passeggiata-letteraria-nel-borgo\/#webpage"},"author":{"@id":"https:\/\/arteeluoghi.it\/#\/schema\/person\/f84e814e36e91e01448ee07eaadd41d4"},"headline":"Passeggiata letteraria nel borgo","datePublished":"2014-07-30T15:07:46+00:00","dateModified":"2014-07-30T15:07:46+00:00","mainEntityOfPage":{"@id":"https:\/\/arteeluoghi.it\/index.php\/2014\/07\/30\/passeggiata-letteraria-nel-borgo\/#webpage"},"wordCount":658,"commentCount":0,"publisher":{"@id":"https:\/\/arteeluoghi.it\/#organization"},"image":{"@id":"https:\/\/arteeluoghi.it\/index.php\/2014\/07\/30\/passeggiata-letteraria-nel-borgo\/#primaryimage"},"thumbnailUrl":"\/images\/Passeggiata%20Letteraria2.jpg","articleSection":["LIBRI"],"inLanguage":"it-IT","potentialAction":[{"@type":"CommentAction","name":"Comment","target":["https:\/\/arteeluoghi.it\/index.php\/2014\/07\/30\/passeggiata-letteraria-nel-borgo\/#respond"]}]},{"@type":"Person","@id":"https:\/\/arteeluoghi.it\/#\/schema\/person\/f84e814e36e91e01448ee07eaadd41d4","name":"Staff","image":{"@type":"ImageObject","@id":"https:\/\/arteeluoghi.it\/#personlogo","inLanguage":"it-IT","url":"https:\/\/secure.gravatar.com\/avatar\/49d2f9e46271bb04e19cebfaf141313a?s=96&d=blank&r=g","contentUrl":"https:\/\/secure.gravatar.com\/avatar\/49d2f9e46271bb04e19cebfaf141313a?s=96&d=blank&r=g","caption":"Staff"}}]}},"_links":{"self":[{"href":"https:\/\/arteeluoghi.it\/index.php\/wp-json\/wp\/v2\/posts\/1789"}],"collection":[{"href":"https:\/\/arteeluoghi.it\/index.php\/wp-json\/wp\/v2\/posts"}],"about":[{"href":"https:\/\/arteeluoghi.it\/index.php\/wp-json\/wp\/v2\/types\/post"}],"author":[{"embeddable":true,"href":"https:\/\/arteeluoghi.it\/index.php\/wp-json\/wp\/v2\/users\/1"}],"replies":[{"embeddable":true,"href":"https:\/\/arteeluoghi.it\/index.php\/wp-json\/wp\/v2\/comments?post=1789"}],"version-history":[{"count":0,"href":"https:\/\/arteeluoghi.it\/index.php\/wp-json\/wp\/v2\/posts\/1789\/revisions"}],"wp:attachment":[{"href":"https:\/\/arteeluoghi.it\/index.php\/wp-json\/wp\/v2\/media?parent=1789"}],"wp:term":[{"taxonomy":"category","embeddable":true,"href":"https:\/\/arteeluoghi.it\/index.php\/wp-json\/wp\/v2\/categories?post=1789"},{"taxonomy":"post_tag","embeddable":true,"href":"https:\/\/arteeluoghi.it\/index.php\/wp-json\/wp\/v2\/tags?post=1789"}],"curies":[{"name":"wp","href":"https:\/\/api.w.org\/{rel}","templated":true}]}}