{"id":18,"date":"2006-10-09T07:49:20","date_gmt":"2006-10-09T05:49:20","guid":{"rendered":"http:\/\/arteeluoghi.it\/index.php\/2006\/10\/09\/descrizione-generale-joomla\/"},"modified":"2006-10-09T07:49:20","modified_gmt":"2006-10-09T05:49:20","slug":"descrizione-generale-joomla","status":"publish","type":"post","link":"https:\/\/arteeluoghi.it\/index.php\/2006\/10\/09\/descrizione-generale-joomla\/","title":{"rendered":"Caravaggio. Una mostra impossibile"},"content":{"rendered":"<p><img src=\"\/images\/stories\/caravaggio_bacco.jpg\" border=\"0\" style=\"margin: 4px 6px; vertical-align: text-top; float: left;\" \/>CARAVAGGIO<\/p>\n<p>Una mostra impossibile<br \/>Milano, Palazzo della Ragione<br \/>10 novembre 2010 \u2013 13 febbraio 2011<\/p>\n<p>Un nuovo straordinario evento dedicato a Caravaggio, nella sua terra di origine, chiude le celebrazioni per il quarto centenario della morte del maestro lombardo.<\/p>\n<p>Tutte le opere di Michelangelo Merisi (1571 \u2013 1610) si potranno ammirare nel loro folgorante splendore nella mostra Caravaggio. Una mostra impossibile allestita in Palazzo della Ragione a Milano, dal 10 novembre 2010 al 13 febbraio 2011. Ma non solo. Entrando nello spazio espositivo il pubblico sar\u00e0 accompagnato da Caravaggio in un affascinante viaggio alla scoperta dei segreti della sua vita e della sua arte.<\/p>\n<p>Promossa dall\u2019Assessorato alla Cultura del Comune di Milano, dalla Rai Radiotelevisione Italiana, e prodotta e organizzata da Arthemisia Group e Palazzo della Ragione, la Mostra impossibile del Caravaggio raccoglie 65 capolavori &#8211; l\u2019intero corpus delle opere di Michelangelo Merisi, nessuna esclusa e comprese alcune attribuite \u2013 riprodotti ad altissima definizione e disposti lungo un itinerario cronologico. Un viaggio \u201cimpossibile\u201d tra dipinti disseminati nei musei, nelle chiese e nelle collezioni private di tutto il mondo, che diventa realt\u00e0 nell\u2019era della riproducibilit\u00e0 digitale dell\u2019opera d\u2019arte.<\/p>\n<p>&#8220;Un Caravaggio impossibile ma probabile, con una premessa: non c&#8217;\u00e8 cultura senza educazione. Questo \u00e8 il senso del progetto &#8211; spiega l&#8217;Assessore alla Cultura Massimiliano Finazzer Flory -. L&#8217;arte antica ha bisogno di futuro e questo Caravaggio virtuale ha qualcosa di molto reale: la possibilit\u00e0 di conoscere la bellezza dell&#8217;arte attraverso la tecnologia, con il sorprendente risultato di riuscire a vedere tutte le opere di Caravaggio in un unico spazio scenico&#8221;.<\/p>\n<p>  <!--more-->  <\/p>\n<p>Grazie a questo progetto ideato e curato da Renato Parascandolo, realizzato dalla Rai in collaborazione con il Ministero per i Beni e le Attivit\u00e0 Culturali, e con un comitato scientifico composto da Ferdinando Bologna e Claudio Strinati, le opere di Caravaggio conservate da Parigi a San Pietroburgo, da New York a Princeton, da Dublino a Vienna, da Roma a Napoli, Firenze, Siracusa, ecc. sono oggi fruibili in uno stesso luogo. I quadri, riprodotti in digitale con tecnologie d\u2019avanguardia ad altissima definizione, nel rigoroso rispetto delle dimensioni, dei colori e della luce originali, si trovano finalmente riuniti realizzando un sogno a lungo coltivato da studiosi, critici e appassionati.<\/p>\n<p>L\u2019esposizione supera spazio e tempo e fa rivivere a distanza di secoli il pittore pi\u00f9 moderno e rivoluzionario della storia, seguendo passo dopo passo le tappe dalla sua opera e della sua vita burrascosa.<\/p>\n<p>Entrando in una vera e propria wunderkammer, i visitatori saranno infatti accolti da performer nei panni del grande maestro e verranno condotti nel suo mondo attraverso aneddoti di vita vissuta e racconti sulle opere, scanditi in tre fasi temporali: gli esordi, la maturit\u00e0, il periodo precedente la prematura scomparsa. Caravaggio rivive altres\u00ec attraverso numerosi film, documentari storici e spettacoli a tema, proiettati su grandi schermi televisivi; l\u2019atmosfera dell\u2019epoca si respira nella sezione con i quattro dipinti del maestro in cui compaiono strumenti musicali e spartiti. Un sottofondo sonoro di madrigali, cantati da un coro a quattro voci, pervade l\u2019ambiente: sono le musiche dipinte dal Caravaggio in quattro opere famose: Riposo durante la fuga in Egitto (1596), le due versioni del Giovane che suona il liuto (1596-97) e Amore vincitore (1602).<\/p>\n<p>CARAVAGGIO<br \/>Una mostra impossibile<br \/>Milano, Palazzo della Ragione<br \/>10 novembre 2010 \u2013 13 febbraio 2011<br \/>A cura di Renato Parascandolo<\/p>\n<p>www.comune.milano.it\/palazzoreale<br \/>www.arthemisia.it<br \/>www.caravaggio.rai.it<\/p>\n<p>\u00a0<\/p>\n<p>MOSTRE PRECEDENTI<\/p>\n<p><strong><span style=\"color: #9b061c\">20 febbraio &#8211; 13 giugno 2010<br \/><\/span>Mostra ideata da Claudio Strinati. A cura di Rossella Vodret e Francesco Buranelli<\/strong><\/p>\n<p>\u00a0<\/p>\n<p>\u00a0<\/p>\n<p>Una mostra dedicata al celeberrimo, e celebratissimo, &#8220;genio lombardo&#8221; in un&#8217;ottica radicalmente innovativa e aggiornata.<br \/>In anni recenti, il gran numero di ricerche, studi, esposizioni e interventi sulle vicende biografiche e artistiche di Michelangelo Merisi detto il Caravaggio ha confermato l&#8217;universale e crescente interesse intorno alle vicende artistiche del pittore e al suo ruolo cardine all&#8217;interno della storia dell&#8217;arte degli ultimi quattrocento anni. E&#8217; questo lo sfondo e il clima in cui \u00e8 nata l&#8217;idea di una nuova e ambiziosa &#8211; pur nella sua &#8220;semplicit\u00e0&#8221; &#8211; iniziativa espositiva. Una mostra lineare ed emozionante, immaginata secondo un criterio assolutamente rigoroso, presentata al pubblico in un percorso sintetico, non antologico, incentrato sulle sole opere &#8220;capitali&#8221;, vale a dire sulle sole opere di Caravaggio storicamente accertate.<br \/>La scelta di privilegiare l&#8217;autografia sicura dei dipinti ha portato a escludere la produzione variamente riferita alla sua &#8220;bottega&#8221;, cos\u00ec come sono state poste a margine, quasi lasciate momentaneamente in sospeso, le &#8220;ulteriori versioni&#8221; e tutte le questioni sulle quali la critica del Novecento si \u00e8 pi\u00f9 volte confrontata, e continua a farlo, con pareri non sempre concordi. Il risultato finale \u00e8 un percorso coerente e rigoroso che getta una nuova luce sui diversi momenti del sofferto iter evolutivo del linguaggio di Caravaggio: un percorso emozionante e cristallino che depura ed esalta l&#8217;eccezionalit\u00e0 e unicit\u00e0 della sua opera.<\/p>\n<p>In mostra opere tra le pi\u00f9 rappresentative dell&#8217;artista lombardo come la <em>Canestra di frutta (fiscella)<\/em> dalla Veneranda Biblioteca Ambrosiana di Milano, il <em>Bacco<\/em> dalla Galleria degli Uffizi di Firenze, <em>Davide con la testa di Golia<\/em> dalla Galleria Borghese di Roma, <em>I musici<\/em> dal Metropolitan Museum di New York, il <em>Suonatore di liuto<\/em> del Museo dell&#8217;Ermitage di San Pietroburgo, l&#8217;<em>Amor vincit omnia<\/em> dallo Staatliche Museum di Berlino e altri capolavori dai pi\u00f9 importanti musei d&#8217;Italia e del mondo; una sorta di omaggio all&#8217;unicit\u00e0 dell&#8217;opera di Caravaggio proprio nell&#8217;anno dedicato alle celebrazioni per i quattrocento anni dalla morte del maestro lombardo.<\/p>\n<p>La mostra delle Scuderie del Quirinale si pone, quindi, come un nuovo e appassionato momento di riflessione, un&#8217;occasione unica per penetrare l&#8217;essenza dell&#8217;arte del pittore &#8220;terribilmente naturale&#8221;, il suo rivoluzionario e sbalorditivo criterio di naturalismo, la sua ostinata, seppure dialettica, deferenza al vero, irriducibile a schemi e a scuola, solitaria nella sua grandezza e poesia.<\/p>\n<p>Il progetto, ideato per celebrare il IV centenario della morte del grande artista e posto sotto l&#8217;Alto Patronato del Presidente della Repubblica, nasce sotto l&#8217;egida e per volere della Soprintendenza Speciale per il Patrimonio Storico Artistico ed Etnoantropologico e per il Polo Museale della Citt\u00e0 di Roma.<\/p>\n<p><strong>A PROPOSITO DI CARAVAGGIO: LEZIONI D&#8217;AUTORE<\/strong><br \/>incontri \/ 25 febbraio &#8211; 9 aprile 2010<\/p>\n<p>Palazzo delle esposizioni\u00a0\/ sala cinema<br \/>scalinata di via Milano 9a<br \/>Ingresso libero fino a esaurimento posti<\/p>\n<p>Un ciclo di incontri di approfondimento sulla biografia e le opere del Caravaggio. Sette<br \/>fra i pi\u00f9 noti e autorevoli storici dell&#8217;arte, che hanno dedicato al Merisi alcune fra le loro<br \/>pagine pi\u00f9 celebri, introducono il pubblico agli interrogativi e alle interpretazioni che,<br \/>oggi pi\u00f9 che mai, appassionano gli studiosi di tutto il mondo.<\/p>\n<p><span style=\"color: #9b061b\"><strong>gioved\u00ec 25 febbraio ore 18.30<\/strong><br \/><\/span><strong>Claudio Strinati<br \/><\/strong>Introduzione a una mostra<br \/>L&#8217;ideatore della mostra allestita alle Scuderie del Quirinale racconta la propria idea di<br \/>un Caravaggio essenziale e di un percorso espositivo composto solo di poche, sublimi,<br \/>opere storicamente accertate.<\/p>\n<p><strong><span style=\"color: #9b061b\">gioved\u00ec 4 marzo ore 18.30<br \/><\/span>Rossella Vodret<\/strong><br \/>Caravaggio: la tecnica<br \/>La Soprintendente del Polo Museale Romano, autrice di una recentissima monografia<br \/>su Caravaggio e tra i curatori della mostra alle Scuderie del Quirinale, svela i segreti<br \/>della tecnica del maestro lombardo a partire dalla sua formazione.<\/p>\n<p><span style=\"color: #9b061b\"><strong>gioved\u00ec 11 marzo ore 18.30<\/strong><br \/><\/span><strong>Antonio Paolucci<\/strong><br \/>La religione di Caravaggio. Considerazioni sulla &#8220;Deposizione&#8221;<br \/>Una conversazione informale con uno dei nostri pi\u00f9 autorevoli storici dell&#8217;arte, oggi direttore dei Musei Vaticani, all&#8217;interno della cui Pinacoteca \u00e8 conservata la celeberrima<br \/>opera del Caravaggio.<\/p>\n<p><strong><span style=\"color: #9b061b\">gioved\u00ec 18 marzo ore 18.30<\/span><br \/>Maurizio Calvesi<\/strong><br \/>Caravaggio senza maledizioni<br \/>Il Presidente del Comitato Nazionale per le Celebrazioni del Caravaggio, da sempre<br \/>studioso attento della vita e delle opere del genio lombardo, propone qui la sua<br \/>avvincente lettura delle vicende dell&#8217;artista: lontano dalla leggenda di pittore maledetto, un uomo in eterna ricerca di salvazione.<\/p>\n<p><strong><span style=\"color: #9b061b\">gioved\u00ec 25 marzo ore 18.30<\/span><br \/>Alessandro Zuccari<br \/><\/strong>&#8220;L&#8217;annunciazione&#8221; del Caravaggio. Il particolare smarrito<br \/>Dopo il restauro, realizzato a Roma in previsione della mostra alle Scuderie del<br \/>Quirinale, e gli esiti delle nuove indagini scientifiche sul capolavoro, uno fra i pi\u00f9 stimati<br \/>storici dell&#8217;arte racconta le nuove scoperte e gli interrogativi che ancora oggi ci pone<br \/>l&#8217;opera di Nancy.<\/p>\n<p><strong><span style=\"color: #9b061b\">gioved\u00ec 1 aprile ore 18.30<\/span><br \/>Mina Gregori<br \/><\/strong>Ricerche caravaggesche<br \/>Gli studi e le ricerche sull&#8217;opera del Caravaggio avanzano in continuazione dubbi<br \/>sull&#8217;attribuzione di alcune tele. Una fra le pi\u00f9 note studiose dell&#8217;opera di Michelangelo<br \/>Merisi si confronta con le pi\u00f9 recenti proposte per il catalogo delle opere certe.<\/p>\n<p><strong><span style=\"color: #9b061b\">venerd\u00ec 9 aprile ore 18.30<\/span><br \/>Maurizio Marini<\/strong><br \/>Verso Sud<br \/>Uno fra i massimi esperti della biografia e dell&#8217;opera di Caravaggio racconta le vicende<br \/>di uno dei periodi pi\u00f9 turbolenti e affascinanti che caratterizzarono la vita dell&#8217;artista: la<br \/>fuga verso Sud. A incontro iniziato non \u00e8 possibile accedere alla sala.<\/p>\n<p>Si consiglia di arrivare al Palazzo delle Esposizioni con discreto anticipo.<br \/>Possibilit\u00e0 di prenotare riservata ai soli possessori della membership card<br \/>(nei limiti dei posti disponibili agli abbonati)<\/p>\n","protected":false},"excerpt":{"rendered":"<p>CARAVAGGIO Una mostra impossibileMilano, Palazzo della Ragione10 novembre 2010 \u2013 13 febbraio 2011 Un nuovo straordinario evento dedicato a Caravaggio,<\/p>\n","protected":false},"author":1,"featured_media":0,"comment_status":"open","ping_status":"open","sticky":false,"template":"","format":"standard","meta":[],"categories":[3],"tags":[],"yoast_head":"<!-- This site is optimized with the Yoast SEO plugin v18.0 - https:\/\/yoast.com\/wordpress\/plugins\/seo\/ -->\n<title>Caravaggio. Una mostra impossibile | Arte e Luoghi<\/title>\n<meta name=\"robots\" content=\"index, follow, max-snippet:-1, max-image-preview:large, max-video-preview:-1\" \/>\n<link rel=\"canonical\" href=\"https:\/\/arteeluoghi.it\/index.php\/2006\/10\/09\/descrizione-generale-joomla\/\" \/>\n<meta property=\"og:locale\" content=\"it_IT\" \/>\n<meta property=\"og:type\" content=\"article\" \/>\n<meta property=\"og:title\" content=\"Caravaggio. Una mostra impossibile | Arte e Luoghi\" \/>\n<meta property=\"og:description\" content=\"CARAVAGGIO Una mostra impossibileMilano, Palazzo della Ragione10 novembre 2010 \u2013 13 febbraio 2011 Un nuovo straordinario evento dedicato a Caravaggio,\" \/>\n<meta property=\"og:url\" content=\"https:\/\/arteeluoghi.it\/index.php\/2006\/10\/09\/descrizione-generale-joomla\/\" \/>\n<meta property=\"og:site_name\" content=\"Arte e Luoghi\" \/>\n<meta property=\"article:publisher\" content=\"https:\/\/www.facebook.com\/ArteELuoghi\/\" \/>\n<meta property=\"article:published_time\" content=\"2006-10-09T05:49:20+00:00\" \/>\n<meta property=\"og:image\" content=\"https:\/\/arteeluoghi.it\/images\/stories\/caravaggio_bacco.jpg\" \/>\n<meta name=\"twitter:card\" content=\"summary\" \/>\n<meta name=\"twitter:creator\" content=\"@arteeluoghi\" \/>\n<meta name=\"twitter:site\" content=\"@arteeluoghi\" \/>\n<meta name=\"twitter:label1\" content=\"Scritto da\" \/>\n\t<meta name=\"twitter:data1\" content=\"Staff\" \/>\n\t<meta name=\"twitter:label2\" content=\"Tempo di lettura stimato\" \/>\n\t<meta name=\"twitter:data2\" content=\"7 minuti\" \/>\n<script type=\"application\/ld+json\" class=\"yoast-schema-graph\">{\"@context\":\"https:\/\/schema.org\",\"@graph\":[{\"@type\":\"Organization\",\"@id\":\"https:\/\/arteeluoghi.it\/#organization\",\"name\":\"Arte e Luoghi\",\"url\":\"https:\/\/arteeluoghi.it\/\",\"sameAs\":[\"https:\/\/www.facebook.com\/ArteELuoghi\/\",\"https:\/\/www.instagram.com\/arteeluoghi\/?hl=it\",\"https:\/\/www.youtube.com\/channel\/UCuRVc4JW4-C5sg9rQB-srkw?view_as=subscriber\",\"https:\/\/twitter.com\/arteeluoghi\"],\"logo\":{\"@type\":\"ImageObject\",\"@id\":\"https:\/\/arteeluoghi.it\/#logo\",\"inLanguage\":\"it-IT\",\"url\":\"https:\/\/arteeluoghi.it\/wp-content\/uploads\/2018\/08\/logoinstagramarte.jpg\",\"contentUrl\":\"https:\/\/arteeluoghi.it\/wp-content\/uploads\/2018\/08\/logoinstagramarte.jpg\",\"width\":150,\"height\":150,\"caption\":\"Arte e Luoghi\"},\"image\":{\"@id\":\"https:\/\/arteeluoghi.it\/#logo\"}},{\"@type\":\"WebSite\",\"@id\":\"https:\/\/arteeluoghi.it\/#website\",\"url\":\"https:\/\/arteeluoghi.it\/\",\"name\":\"Arte e Luoghi\",\"description\":\"Mensile di arte, cultura, turismo e curiosit\u00e0\",\"publisher\":{\"@id\":\"https:\/\/arteeluoghi.it\/#organization\"},\"potentialAction\":[{\"@type\":\"SearchAction\",\"target\":{\"@type\":\"EntryPoint\",\"urlTemplate\":\"https:\/\/arteeluoghi.it\/?s={search_term_string}\"},\"query-input\":\"required name=search_term_string\"}],\"inLanguage\":\"it-IT\"},{\"@type\":\"ImageObject\",\"@id\":\"https:\/\/arteeluoghi.it\/index.php\/2006\/10\/09\/descrizione-generale-joomla\/#primaryimage\",\"inLanguage\":\"it-IT\",\"url\":\"\/images\/stories\/caravaggio_bacco.jpg\",\"contentUrl\":\"\/images\/stories\/caravaggio_bacco.jpg\"},{\"@type\":\"WebPage\",\"@id\":\"https:\/\/arteeluoghi.it\/index.php\/2006\/10\/09\/descrizione-generale-joomla\/#webpage\",\"url\":\"https:\/\/arteeluoghi.it\/index.php\/2006\/10\/09\/descrizione-generale-joomla\/\",\"name\":\"Caravaggio. Una mostra impossibile | Arte e Luoghi\",\"isPartOf\":{\"@id\":\"https:\/\/arteeluoghi.it\/#website\"},\"primaryImageOfPage\":{\"@id\":\"https:\/\/arteeluoghi.it\/index.php\/2006\/10\/09\/descrizione-generale-joomla\/#primaryimage\"},\"datePublished\":\"2006-10-09T05:49:20+00:00\",\"dateModified\":\"2006-10-09T05:49:20+00:00\",\"breadcrumb\":{\"@id\":\"https:\/\/arteeluoghi.it\/index.php\/2006\/10\/09\/descrizione-generale-joomla\/#breadcrumb\"},\"inLanguage\":\"it-IT\",\"potentialAction\":[{\"@type\":\"ReadAction\",\"target\":[\"https:\/\/arteeluoghi.it\/index.php\/2006\/10\/09\/descrizione-generale-joomla\/\"]}]},{\"@type\":\"BreadcrumbList\",\"@id\":\"https:\/\/arteeluoghi.it\/index.php\/2006\/10\/09\/descrizione-generale-joomla\/#breadcrumb\",\"itemListElement\":[{\"@type\":\"ListItem\",\"position\":1,\"name\":\"Home\",\"item\":\"https:\/\/arteeluoghi.it\/\"},{\"@type\":\"ListItem\",\"position\":2,\"name\":\"Caravaggio. Una mostra impossibile\"}]},{\"@type\":\"Article\",\"@id\":\"https:\/\/arteeluoghi.it\/index.php\/2006\/10\/09\/descrizione-generale-joomla\/#article\",\"isPartOf\":{\"@id\":\"https:\/\/arteeluoghi.it\/index.php\/2006\/10\/09\/descrizione-generale-joomla\/#webpage\"},\"author\":{\"@id\":\"https:\/\/arteeluoghi.it\/#\/schema\/person\/f84e814e36e91e01448ee07eaadd41d4\"},\"headline\":\"Caravaggio. Una mostra impossibile\",\"datePublished\":\"2006-10-09T05:49:20+00:00\",\"dateModified\":\"2006-10-09T05:49:20+00:00\",\"mainEntityOfPage\":{\"@id\":\"https:\/\/arteeluoghi.it\/index.php\/2006\/10\/09\/descrizione-generale-joomla\/#webpage\"},\"wordCount\":1381,\"commentCount\":0,\"publisher\":{\"@id\":\"https:\/\/arteeluoghi.it\/#organization\"},\"image\":{\"@id\":\"https:\/\/arteeluoghi.it\/index.php\/2006\/10\/09\/descrizione-generale-joomla\/#primaryimage\"},\"thumbnailUrl\":\"\/images\/stories\/caravaggio_bacco.jpg\",\"articleSection\":[\"Arti visive\"],\"inLanguage\":\"it-IT\",\"potentialAction\":[{\"@type\":\"CommentAction\",\"name\":\"Comment\",\"target\":[\"https:\/\/arteeluoghi.it\/index.php\/2006\/10\/09\/descrizione-generale-joomla\/#respond\"]}]},{\"@type\":\"Person\",\"@id\":\"https:\/\/arteeluoghi.it\/#\/schema\/person\/f84e814e36e91e01448ee07eaadd41d4\",\"name\":\"Staff\",\"image\":{\"@type\":\"ImageObject\",\"@id\":\"https:\/\/arteeluoghi.it\/#personlogo\",\"inLanguage\":\"it-IT\",\"url\":\"https:\/\/secure.gravatar.com\/avatar\/49d2f9e46271bb04e19cebfaf141313a?s=96&d=blank&r=g\",\"contentUrl\":\"https:\/\/secure.gravatar.com\/avatar\/49d2f9e46271bb04e19cebfaf141313a?s=96&d=blank&r=g\",\"caption\":\"Staff\"}}]}<\/script>\n<!-- \/ Yoast SEO plugin. -->","yoast_head_json":{"title":"Caravaggio. Una mostra impossibile | Arte e Luoghi","robots":{"index":"index","follow":"follow","max-snippet":"max-snippet:-1","max-image-preview":"max-image-preview:large","max-video-preview":"max-video-preview:-1"},"canonical":"https:\/\/arteeluoghi.it\/index.php\/2006\/10\/09\/descrizione-generale-joomla\/","og_locale":"it_IT","og_type":"article","og_title":"Caravaggio. Una mostra impossibile | Arte e Luoghi","og_description":"CARAVAGGIO Una mostra impossibileMilano, Palazzo della Ragione10 novembre 2010 \u2013 13 febbraio 2011 Un nuovo straordinario evento dedicato a Caravaggio,","og_url":"https:\/\/arteeluoghi.it\/index.php\/2006\/10\/09\/descrizione-generale-joomla\/","og_site_name":"Arte e Luoghi","article_publisher":"https:\/\/www.facebook.com\/ArteELuoghi\/","article_published_time":"2006-10-09T05:49:20+00:00","og_image":[{"url":"https:\/\/arteeluoghi.it\/images\/stories\/caravaggio_bacco.jpg"}],"twitter_card":"summary","twitter_creator":"@arteeluoghi","twitter_site":"@arteeluoghi","twitter_misc":{"Scritto da":"Staff","Tempo di lettura stimato":"7 minuti"},"schema":{"@context":"https:\/\/schema.org","@graph":[{"@type":"Organization","@id":"https:\/\/arteeluoghi.it\/#organization","name":"Arte e Luoghi","url":"https:\/\/arteeluoghi.it\/","sameAs":["https:\/\/www.facebook.com\/ArteELuoghi\/","https:\/\/www.instagram.com\/arteeluoghi\/?hl=it","https:\/\/www.youtube.com\/channel\/UCuRVc4JW4-C5sg9rQB-srkw?view_as=subscriber","https:\/\/twitter.com\/arteeluoghi"],"logo":{"@type":"ImageObject","@id":"https:\/\/arteeluoghi.it\/#logo","inLanguage":"it-IT","url":"https:\/\/arteeluoghi.it\/wp-content\/uploads\/2018\/08\/logoinstagramarte.jpg","contentUrl":"https:\/\/arteeluoghi.it\/wp-content\/uploads\/2018\/08\/logoinstagramarte.jpg","width":150,"height":150,"caption":"Arte e Luoghi"},"image":{"@id":"https:\/\/arteeluoghi.it\/#logo"}},{"@type":"WebSite","@id":"https:\/\/arteeluoghi.it\/#website","url":"https:\/\/arteeluoghi.it\/","name":"Arte e Luoghi","description":"Mensile di arte, cultura, turismo e curiosit\u00e0","publisher":{"@id":"https:\/\/arteeluoghi.it\/#organization"},"potentialAction":[{"@type":"SearchAction","target":{"@type":"EntryPoint","urlTemplate":"https:\/\/arteeluoghi.it\/?s={search_term_string}"},"query-input":"required name=search_term_string"}],"inLanguage":"it-IT"},{"@type":"ImageObject","@id":"https:\/\/arteeluoghi.it\/index.php\/2006\/10\/09\/descrizione-generale-joomla\/#primaryimage","inLanguage":"it-IT","url":"\/images\/stories\/caravaggio_bacco.jpg","contentUrl":"\/images\/stories\/caravaggio_bacco.jpg"},{"@type":"WebPage","@id":"https:\/\/arteeluoghi.it\/index.php\/2006\/10\/09\/descrizione-generale-joomla\/#webpage","url":"https:\/\/arteeluoghi.it\/index.php\/2006\/10\/09\/descrizione-generale-joomla\/","name":"Caravaggio. Una mostra impossibile | Arte e Luoghi","isPartOf":{"@id":"https:\/\/arteeluoghi.it\/#website"},"primaryImageOfPage":{"@id":"https:\/\/arteeluoghi.it\/index.php\/2006\/10\/09\/descrizione-generale-joomla\/#primaryimage"},"datePublished":"2006-10-09T05:49:20+00:00","dateModified":"2006-10-09T05:49:20+00:00","breadcrumb":{"@id":"https:\/\/arteeluoghi.it\/index.php\/2006\/10\/09\/descrizione-generale-joomla\/#breadcrumb"},"inLanguage":"it-IT","potentialAction":[{"@type":"ReadAction","target":["https:\/\/arteeluoghi.it\/index.php\/2006\/10\/09\/descrizione-generale-joomla\/"]}]},{"@type":"BreadcrumbList","@id":"https:\/\/arteeluoghi.it\/index.php\/2006\/10\/09\/descrizione-generale-joomla\/#breadcrumb","itemListElement":[{"@type":"ListItem","position":1,"name":"Home","item":"https:\/\/arteeluoghi.it\/"},{"@type":"ListItem","position":2,"name":"Caravaggio. Una mostra impossibile"}]},{"@type":"Article","@id":"https:\/\/arteeluoghi.it\/index.php\/2006\/10\/09\/descrizione-generale-joomla\/#article","isPartOf":{"@id":"https:\/\/arteeluoghi.it\/index.php\/2006\/10\/09\/descrizione-generale-joomla\/#webpage"},"author":{"@id":"https:\/\/arteeluoghi.it\/#\/schema\/person\/f84e814e36e91e01448ee07eaadd41d4"},"headline":"Caravaggio. Una mostra impossibile","datePublished":"2006-10-09T05:49:20+00:00","dateModified":"2006-10-09T05:49:20+00:00","mainEntityOfPage":{"@id":"https:\/\/arteeluoghi.it\/index.php\/2006\/10\/09\/descrizione-generale-joomla\/#webpage"},"wordCount":1381,"commentCount":0,"publisher":{"@id":"https:\/\/arteeluoghi.it\/#organization"},"image":{"@id":"https:\/\/arteeluoghi.it\/index.php\/2006\/10\/09\/descrizione-generale-joomla\/#primaryimage"},"thumbnailUrl":"\/images\/stories\/caravaggio_bacco.jpg","articleSection":["Arti visive"],"inLanguage":"it-IT","potentialAction":[{"@type":"CommentAction","name":"Comment","target":["https:\/\/arteeluoghi.it\/index.php\/2006\/10\/09\/descrizione-generale-joomla\/#respond"]}]},{"@type":"Person","@id":"https:\/\/arteeluoghi.it\/#\/schema\/person\/f84e814e36e91e01448ee07eaadd41d4","name":"Staff","image":{"@type":"ImageObject","@id":"https:\/\/arteeluoghi.it\/#personlogo","inLanguage":"it-IT","url":"https:\/\/secure.gravatar.com\/avatar\/49d2f9e46271bb04e19cebfaf141313a?s=96&d=blank&r=g","contentUrl":"https:\/\/secure.gravatar.com\/avatar\/49d2f9e46271bb04e19cebfaf141313a?s=96&d=blank&r=g","caption":"Staff"}}]}},"_links":{"self":[{"href":"https:\/\/arteeluoghi.it\/index.php\/wp-json\/wp\/v2\/posts\/18"}],"collection":[{"href":"https:\/\/arteeluoghi.it\/index.php\/wp-json\/wp\/v2\/posts"}],"about":[{"href":"https:\/\/arteeluoghi.it\/index.php\/wp-json\/wp\/v2\/types\/post"}],"author":[{"embeddable":true,"href":"https:\/\/arteeluoghi.it\/index.php\/wp-json\/wp\/v2\/users\/1"}],"replies":[{"embeddable":true,"href":"https:\/\/arteeluoghi.it\/index.php\/wp-json\/wp\/v2\/comments?post=18"}],"version-history":[{"count":0,"href":"https:\/\/arteeluoghi.it\/index.php\/wp-json\/wp\/v2\/posts\/18\/revisions"}],"wp:attachment":[{"href":"https:\/\/arteeluoghi.it\/index.php\/wp-json\/wp\/v2\/media?parent=18"}],"wp:term":[{"taxonomy":"category","embeddable":true,"href":"https:\/\/arteeluoghi.it\/index.php\/wp-json\/wp\/v2\/categories?post=18"},{"taxonomy":"post_tag","embeddable":true,"href":"https:\/\/arteeluoghi.it\/index.php\/wp-json\/wp\/v2\/tags?post=18"}],"curies":[{"name":"wp","href":"https:\/\/api.w.org\/{rel}","templated":true}]}}