{"id":1824,"date":"2014-08-09T21:01:00","date_gmt":"2014-08-09T19:01:00","guid":{"rendered":"http:\/\/arteeluoghi.it\/index.php\/2014\/08\/09\/al-babilonia-i-ritmi-della-tradizione\/"},"modified":"2014-08-09T21:01:00","modified_gmt":"2014-08-09T19:01:00","slug":"al-babilonia-i-ritmi-della-tradizione","status":"publish","type":"post","link":"https:\/\/arteeluoghi.it\/index.php\/2014\/08\/09\/al-babilonia-i-ritmi-della-tradizione\/","title":{"rendered":"Al Babilonia i ritmi della tradizione"},"content":{"rendered":"<p><img src=\"\/images\/antoniocastrignano.jpg\" border=\"0\" title=\"Antonio Castrignan\u00f2\" width=\"300\" style=\"margin: 21px; border: 1px solid black; float: left;\" \/>Domenica 10 agosto 2014<\/p>\n<p><strong>Antonio Castrignan\u00f2 &#8220;Fomenta&#8221; Sant&#8217;Andrea nella notte delle stelle cadenti<\/strong><\/p>\n<p> Notte di San Lorenzo, occhi al cielo e cuori aperti. L&#8217;estate, la notte del 10 agosto, assume contorni pi\u00f9 nitidi e c&#8217;\u00e8 sempre spazio per esprimere un desiderio quando si scorge una stella cadente.<\/p>\n<p> E&#8217; la notte pi\u00f9 attesa e per questo Babilonia, Porticciolo e Comune di Melendugno (BluFestival) hanno deciso di ospitare uno tra i pi\u00f9 interessanti e innovativi autori della scena musicale tradizionale salentina nella suggestiva baia di Sant&#8217;Andrea. Antonio Castrignan\u00f2, musicista salentino, voce e tamburo de La Notte della Taranta, la cui musica ha accompagnato grandi artisti (da Mauro Pagani a Giuliano Sangiorgi, da Goran Bregovic a Ludovico Einaudi) e anche premiatissime pellicole cinematografiche, presenter\u00e0 il 10 agosto, a partire dalle 22.30, il suo nuovo progetto discografico, &#8220;Fomenta&#8221;. <\/p>\n<p>  <!--more-->  <\/p>\n<p> Essere &#8220;fomentati&#8221;, appunto, dal suo tamburello, non \u00e8 di certo difficile. Con questo nuovo album, Castrignan\u00f2 compie una svolta nella sua gi\u00e0 eclettica proposta artistica che nell\u2019incontro con il dj e polistrumentista turco Mercan Dede, che firma anche la produzione (insieme ad Alberto Fabris), si apre alle incursioni elettroniche e ai respiri provenienti da oriente, ed entrambe queste nuove direzioni lo aiutano a tirare le somme di vent\u2019anni di esperienze e influenze musicali rendendo il proprio repertorio sempre particolarmente personale. <\/p>\n<p> Il primo singolo estratto dall&#8217;album \u00e8 proprio &#8220;Fomenta&#8221;, il quale scatta un&#8217;istantanea di una metamorfosi geografica e autobiografica e che, fedele al titolo anche nel ritmo, si propone di far ballare e far conoscere l\u2019album, anche grazie al videoclip d\u2019autore diretto dal regista Emanuele Crialese (un Leone d\u2019Argento, tre David di Donatello, due candidature agli Oscar).<\/p>\n<p> Molti altri i brani presenti nell&#8217;album e firmati dall&#8217;artista salentino, come \u201cNu Me Lassare\u201d, \u201cCore Meu\u201d,\u201cLa Ciuccia Nera\u201d e \u201cLi Culuri de la Terra\u201d, pezzi trascinanti e coinvolgenti. <\/p>\n<p> Con l&#8217;orecchio ben teso a carpire i suoni del passato e la curiosit\u00e0 di un giovane talentuoso artista, quella di Antonio Castrignan\u00f2 \u00e8 una vera ricerca all&#8217;interno dei suoni e dei colori della sua terra che mescola, sapientemente, con quelli dei mondi lontani tornando poi, come in &#8220;Luna otrantina&#8221;, a cantare della nostra storia stretta, com&#8217;\u00e8 da sempre, nell&#8217;abbraccio, benevolo e non, del Mediterraneo. (m.b.)<\/p>\n<p> \u00a0 <\/p>\n<p> 10 Agosto 2014 <\/p>\n<p> Torre Sant&#8217;Andrea \/\/start 22:30 \/\/ free entry<\/p>\n<p> per info 0832841099<\/p>\n","protected":false},"excerpt":{"rendered":"<p>Domenica 10 agosto 2014 Antonio Castrignan\u00f2 &#8220;Fomenta&#8221; Sant&#8217;Andrea nella notte delle stelle cadenti Notte di San Lorenzo, occhi al cielo<\/p>\n","protected":false},"author":1,"featured_media":0,"comment_status":"open","ping_status":"open","sticky":false,"template":"","format":"standard","meta":[],"categories":[12],"tags":[],"yoast_head":"<!-- This site is optimized with the Yoast SEO plugin v18.0 - https:\/\/yoast.com\/wordpress\/plugins\/seo\/ -->\n<title>Al Babilonia i ritmi della tradizione | Arte e Luoghi<\/title>\n<meta name=\"robots\" content=\"index, follow, max-snippet:-1, max-image-preview:large, max-video-preview:-1\" \/>\n<link rel=\"canonical\" href=\"https:\/\/arteeluoghi.it\/index.php\/2014\/08\/09\/al-babilonia-i-ritmi-della-tradizione\/\" \/>\n<meta property=\"og:locale\" content=\"it_IT\" \/>\n<meta property=\"og:type\" content=\"article\" \/>\n<meta property=\"og:title\" content=\"Al Babilonia i ritmi della tradizione | Arte e Luoghi\" \/>\n<meta property=\"og:description\" content=\"Domenica 10 agosto 2014 Antonio Castrignan\u00f2 &#8220;Fomenta&#8221; Sant&#8217;Andrea nella notte delle stelle cadenti Notte di San Lorenzo, occhi al cielo\" \/>\n<meta property=\"og:url\" content=\"https:\/\/arteeluoghi.it\/index.php\/2014\/08\/09\/al-babilonia-i-ritmi-della-tradizione\/\" \/>\n<meta property=\"og:site_name\" content=\"Arte e Luoghi\" \/>\n<meta property=\"article:publisher\" content=\"https:\/\/www.facebook.com\/ArteELuoghi\/\" \/>\n<meta property=\"article:published_time\" content=\"2014-08-09T19:01:00+00:00\" \/>\n<meta property=\"og:image\" content=\"https:\/\/arteeluoghi.it\/images\/antoniocastrignano.jpg\" \/>\n<meta name=\"twitter:card\" content=\"summary\" \/>\n<meta name=\"twitter:creator\" content=\"@arteeluoghi\" \/>\n<meta name=\"twitter:site\" content=\"@arteeluoghi\" \/>\n<meta name=\"twitter:label1\" content=\"Scritto da\" \/>\n\t<meta name=\"twitter:data1\" content=\"Staff\" \/>\n\t<meta name=\"twitter:label2\" content=\"Tempo di lettura stimato\" \/>\n\t<meta name=\"twitter:data2\" content=\"2 minuti\" \/>\n<script type=\"application\/ld+json\" class=\"yoast-schema-graph\">{\"@context\":\"https:\/\/schema.org\",\"@graph\":[{\"@type\":\"Organization\",\"@id\":\"https:\/\/arteeluoghi.it\/#organization\",\"name\":\"Arte e Luoghi\",\"url\":\"https:\/\/arteeluoghi.it\/\",\"sameAs\":[\"https:\/\/www.facebook.com\/ArteELuoghi\/\",\"https:\/\/www.instagram.com\/arteeluoghi\/?hl=it\",\"https:\/\/www.youtube.com\/channel\/UCuRVc4JW4-C5sg9rQB-srkw?view_as=subscriber\",\"https:\/\/twitter.com\/arteeluoghi\"],\"logo\":{\"@type\":\"ImageObject\",\"@id\":\"https:\/\/arteeluoghi.it\/#logo\",\"inLanguage\":\"it-IT\",\"url\":\"https:\/\/arteeluoghi.it\/wp-content\/uploads\/2018\/08\/logoinstagramarte.jpg\",\"contentUrl\":\"https:\/\/arteeluoghi.it\/wp-content\/uploads\/2018\/08\/logoinstagramarte.jpg\",\"width\":150,\"height\":150,\"caption\":\"Arte e Luoghi\"},\"image\":{\"@id\":\"https:\/\/arteeluoghi.it\/#logo\"}},{\"@type\":\"WebSite\",\"@id\":\"https:\/\/arteeluoghi.it\/#website\",\"url\":\"https:\/\/arteeluoghi.it\/\",\"name\":\"Arte e Luoghi\",\"description\":\"Mensile di arte, cultura, turismo e curiosit\u00e0\",\"publisher\":{\"@id\":\"https:\/\/arteeluoghi.it\/#organization\"},\"potentialAction\":[{\"@type\":\"SearchAction\",\"target\":{\"@type\":\"EntryPoint\",\"urlTemplate\":\"https:\/\/arteeluoghi.it\/?s={search_term_string}\"},\"query-input\":\"required name=search_term_string\"}],\"inLanguage\":\"it-IT\"},{\"@type\":\"ImageObject\",\"@id\":\"https:\/\/arteeluoghi.it\/index.php\/2014\/08\/09\/al-babilonia-i-ritmi-della-tradizione\/#primaryimage\",\"inLanguage\":\"it-IT\",\"url\":\"\/images\/antoniocastrignano.jpg\",\"contentUrl\":\"\/images\/antoniocastrignano.jpg\"},{\"@type\":\"WebPage\",\"@id\":\"https:\/\/arteeluoghi.it\/index.php\/2014\/08\/09\/al-babilonia-i-ritmi-della-tradizione\/#webpage\",\"url\":\"https:\/\/arteeluoghi.it\/index.php\/2014\/08\/09\/al-babilonia-i-ritmi-della-tradizione\/\",\"name\":\"Al Babilonia i ritmi della tradizione | Arte e Luoghi\",\"isPartOf\":{\"@id\":\"https:\/\/arteeluoghi.it\/#website\"},\"primaryImageOfPage\":{\"@id\":\"https:\/\/arteeluoghi.it\/index.php\/2014\/08\/09\/al-babilonia-i-ritmi-della-tradizione\/#primaryimage\"},\"datePublished\":\"2014-08-09T19:01:00+00:00\",\"dateModified\":\"2014-08-09T19:01:00+00:00\",\"breadcrumb\":{\"@id\":\"https:\/\/arteeluoghi.it\/index.php\/2014\/08\/09\/al-babilonia-i-ritmi-della-tradizione\/#breadcrumb\"},\"inLanguage\":\"it-IT\",\"potentialAction\":[{\"@type\":\"ReadAction\",\"target\":[\"https:\/\/arteeluoghi.it\/index.php\/2014\/08\/09\/al-babilonia-i-ritmi-della-tradizione\/\"]}]},{\"@type\":\"BreadcrumbList\",\"@id\":\"https:\/\/arteeluoghi.it\/index.php\/2014\/08\/09\/al-babilonia-i-ritmi-della-tradizione\/#breadcrumb\",\"itemListElement\":[{\"@type\":\"ListItem\",\"position\":1,\"name\":\"Home\",\"item\":\"https:\/\/arteeluoghi.it\/\"},{\"@type\":\"ListItem\",\"position\":2,\"name\":\"Al Babilonia i ritmi della tradizione\"}]},{\"@type\":\"Article\",\"@id\":\"https:\/\/arteeluoghi.it\/index.php\/2014\/08\/09\/al-babilonia-i-ritmi-della-tradizione\/#article\",\"isPartOf\":{\"@id\":\"https:\/\/arteeluoghi.it\/index.php\/2014\/08\/09\/al-babilonia-i-ritmi-della-tradizione\/#webpage\"},\"author\":{\"@id\":\"https:\/\/arteeluoghi.it\/#\/schema\/person\/f84e814e36e91e01448ee07eaadd41d4\"},\"headline\":\"Al Babilonia i ritmi della tradizione\",\"datePublished\":\"2014-08-09T19:01:00+00:00\",\"dateModified\":\"2014-08-09T19:01:00+00:00\",\"mainEntityOfPage\":{\"@id\":\"https:\/\/arteeluoghi.it\/index.php\/2014\/08\/09\/al-babilonia-i-ritmi-della-tradizione\/#webpage\"},\"wordCount\":376,\"commentCount\":0,\"publisher\":{\"@id\":\"https:\/\/arteeluoghi.it\/#organization\"},\"image\":{\"@id\":\"https:\/\/arteeluoghi.it\/index.php\/2014\/08\/09\/al-babilonia-i-ritmi-della-tradizione\/#primaryimage\"},\"thumbnailUrl\":\"\/images\/antoniocastrignano.jpg\",\"articleSection\":[\"MUSICA\"],\"inLanguage\":\"it-IT\",\"potentialAction\":[{\"@type\":\"CommentAction\",\"name\":\"Comment\",\"target\":[\"https:\/\/arteeluoghi.it\/index.php\/2014\/08\/09\/al-babilonia-i-ritmi-della-tradizione\/#respond\"]}]},{\"@type\":\"Person\",\"@id\":\"https:\/\/arteeluoghi.it\/#\/schema\/person\/f84e814e36e91e01448ee07eaadd41d4\",\"name\":\"Staff\",\"image\":{\"@type\":\"ImageObject\",\"@id\":\"https:\/\/arteeluoghi.it\/#personlogo\",\"inLanguage\":\"it-IT\",\"url\":\"https:\/\/secure.gravatar.com\/avatar\/49d2f9e46271bb04e19cebfaf141313a?s=96&d=blank&r=g\",\"contentUrl\":\"https:\/\/secure.gravatar.com\/avatar\/49d2f9e46271bb04e19cebfaf141313a?s=96&d=blank&r=g\",\"caption\":\"Staff\"}}]}<\/script>\n<!-- \/ Yoast SEO plugin. -->","yoast_head_json":{"title":"Al Babilonia i ritmi della tradizione | Arte e Luoghi","robots":{"index":"index","follow":"follow","max-snippet":"max-snippet:-1","max-image-preview":"max-image-preview:large","max-video-preview":"max-video-preview:-1"},"canonical":"https:\/\/arteeluoghi.it\/index.php\/2014\/08\/09\/al-babilonia-i-ritmi-della-tradizione\/","og_locale":"it_IT","og_type":"article","og_title":"Al Babilonia i ritmi della tradizione | Arte e Luoghi","og_description":"Domenica 10 agosto 2014 Antonio Castrignan\u00f2 &#8220;Fomenta&#8221; Sant&#8217;Andrea nella notte delle stelle cadenti Notte di San Lorenzo, occhi al cielo","og_url":"https:\/\/arteeluoghi.it\/index.php\/2014\/08\/09\/al-babilonia-i-ritmi-della-tradizione\/","og_site_name":"Arte e Luoghi","article_publisher":"https:\/\/www.facebook.com\/ArteELuoghi\/","article_published_time":"2014-08-09T19:01:00+00:00","og_image":[{"url":"https:\/\/arteeluoghi.it\/images\/antoniocastrignano.jpg"}],"twitter_card":"summary","twitter_creator":"@arteeluoghi","twitter_site":"@arteeluoghi","twitter_misc":{"Scritto da":"Staff","Tempo di lettura stimato":"2 minuti"},"schema":{"@context":"https:\/\/schema.org","@graph":[{"@type":"Organization","@id":"https:\/\/arteeluoghi.it\/#organization","name":"Arte e Luoghi","url":"https:\/\/arteeluoghi.it\/","sameAs":["https:\/\/www.facebook.com\/ArteELuoghi\/","https:\/\/www.instagram.com\/arteeluoghi\/?hl=it","https:\/\/www.youtube.com\/channel\/UCuRVc4JW4-C5sg9rQB-srkw?view_as=subscriber","https:\/\/twitter.com\/arteeluoghi"],"logo":{"@type":"ImageObject","@id":"https:\/\/arteeluoghi.it\/#logo","inLanguage":"it-IT","url":"https:\/\/arteeluoghi.it\/wp-content\/uploads\/2018\/08\/logoinstagramarte.jpg","contentUrl":"https:\/\/arteeluoghi.it\/wp-content\/uploads\/2018\/08\/logoinstagramarte.jpg","width":150,"height":150,"caption":"Arte e Luoghi"},"image":{"@id":"https:\/\/arteeluoghi.it\/#logo"}},{"@type":"WebSite","@id":"https:\/\/arteeluoghi.it\/#website","url":"https:\/\/arteeluoghi.it\/","name":"Arte e Luoghi","description":"Mensile di arte, cultura, turismo e curiosit\u00e0","publisher":{"@id":"https:\/\/arteeluoghi.it\/#organization"},"potentialAction":[{"@type":"SearchAction","target":{"@type":"EntryPoint","urlTemplate":"https:\/\/arteeluoghi.it\/?s={search_term_string}"},"query-input":"required name=search_term_string"}],"inLanguage":"it-IT"},{"@type":"ImageObject","@id":"https:\/\/arteeluoghi.it\/index.php\/2014\/08\/09\/al-babilonia-i-ritmi-della-tradizione\/#primaryimage","inLanguage":"it-IT","url":"\/images\/antoniocastrignano.jpg","contentUrl":"\/images\/antoniocastrignano.jpg"},{"@type":"WebPage","@id":"https:\/\/arteeluoghi.it\/index.php\/2014\/08\/09\/al-babilonia-i-ritmi-della-tradizione\/#webpage","url":"https:\/\/arteeluoghi.it\/index.php\/2014\/08\/09\/al-babilonia-i-ritmi-della-tradizione\/","name":"Al Babilonia i ritmi della tradizione | Arte e Luoghi","isPartOf":{"@id":"https:\/\/arteeluoghi.it\/#website"},"primaryImageOfPage":{"@id":"https:\/\/arteeluoghi.it\/index.php\/2014\/08\/09\/al-babilonia-i-ritmi-della-tradizione\/#primaryimage"},"datePublished":"2014-08-09T19:01:00+00:00","dateModified":"2014-08-09T19:01:00+00:00","breadcrumb":{"@id":"https:\/\/arteeluoghi.it\/index.php\/2014\/08\/09\/al-babilonia-i-ritmi-della-tradizione\/#breadcrumb"},"inLanguage":"it-IT","potentialAction":[{"@type":"ReadAction","target":["https:\/\/arteeluoghi.it\/index.php\/2014\/08\/09\/al-babilonia-i-ritmi-della-tradizione\/"]}]},{"@type":"BreadcrumbList","@id":"https:\/\/arteeluoghi.it\/index.php\/2014\/08\/09\/al-babilonia-i-ritmi-della-tradizione\/#breadcrumb","itemListElement":[{"@type":"ListItem","position":1,"name":"Home","item":"https:\/\/arteeluoghi.it\/"},{"@type":"ListItem","position":2,"name":"Al Babilonia i ritmi della tradizione"}]},{"@type":"Article","@id":"https:\/\/arteeluoghi.it\/index.php\/2014\/08\/09\/al-babilonia-i-ritmi-della-tradizione\/#article","isPartOf":{"@id":"https:\/\/arteeluoghi.it\/index.php\/2014\/08\/09\/al-babilonia-i-ritmi-della-tradizione\/#webpage"},"author":{"@id":"https:\/\/arteeluoghi.it\/#\/schema\/person\/f84e814e36e91e01448ee07eaadd41d4"},"headline":"Al Babilonia i ritmi della tradizione","datePublished":"2014-08-09T19:01:00+00:00","dateModified":"2014-08-09T19:01:00+00:00","mainEntityOfPage":{"@id":"https:\/\/arteeluoghi.it\/index.php\/2014\/08\/09\/al-babilonia-i-ritmi-della-tradizione\/#webpage"},"wordCount":376,"commentCount":0,"publisher":{"@id":"https:\/\/arteeluoghi.it\/#organization"},"image":{"@id":"https:\/\/arteeluoghi.it\/index.php\/2014\/08\/09\/al-babilonia-i-ritmi-della-tradizione\/#primaryimage"},"thumbnailUrl":"\/images\/antoniocastrignano.jpg","articleSection":["MUSICA"],"inLanguage":"it-IT","potentialAction":[{"@type":"CommentAction","name":"Comment","target":["https:\/\/arteeluoghi.it\/index.php\/2014\/08\/09\/al-babilonia-i-ritmi-della-tradizione\/#respond"]}]},{"@type":"Person","@id":"https:\/\/arteeluoghi.it\/#\/schema\/person\/f84e814e36e91e01448ee07eaadd41d4","name":"Staff","image":{"@type":"ImageObject","@id":"https:\/\/arteeluoghi.it\/#personlogo","inLanguage":"it-IT","url":"https:\/\/secure.gravatar.com\/avatar\/49d2f9e46271bb04e19cebfaf141313a?s=96&d=blank&r=g","contentUrl":"https:\/\/secure.gravatar.com\/avatar\/49d2f9e46271bb04e19cebfaf141313a?s=96&d=blank&r=g","caption":"Staff"}}]}},"_links":{"self":[{"href":"https:\/\/arteeluoghi.it\/index.php\/wp-json\/wp\/v2\/posts\/1824"}],"collection":[{"href":"https:\/\/arteeluoghi.it\/index.php\/wp-json\/wp\/v2\/posts"}],"about":[{"href":"https:\/\/arteeluoghi.it\/index.php\/wp-json\/wp\/v2\/types\/post"}],"author":[{"embeddable":true,"href":"https:\/\/arteeluoghi.it\/index.php\/wp-json\/wp\/v2\/users\/1"}],"replies":[{"embeddable":true,"href":"https:\/\/arteeluoghi.it\/index.php\/wp-json\/wp\/v2\/comments?post=1824"}],"version-history":[{"count":0,"href":"https:\/\/arteeluoghi.it\/index.php\/wp-json\/wp\/v2\/posts\/1824\/revisions"}],"wp:attachment":[{"href":"https:\/\/arteeluoghi.it\/index.php\/wp-json\/wp\/v2\/media?parent=1824"}],"wp:term":[{"taxonomy":"category","embeddable":true,"href":"https:\/\/arteeluoghi.it\/index.php\/wp-json\/wp\/v2\/categories?post=1824"},{"taxonomy":"post_tag","embeddable":true,"href":"https:\/\/arteeluoghi.it\/index.php\/wp-json\/wp\/v2\/tags?post=1824"}],"curies":[{"name":"wp","href":"https:\/\/api.w.org\/{rel}","templated":true}]}}