{"id":1838,"date":"2014-08-19T23:04:25","date_gmt":"2014-08-19T21:04:25","guid":{"rendered":"http:\/\/arteeluoghi.it\/index.php\/2014\/08\/19\/dialogo-con-le-stelle-astrologia-e-dintorni\/"},"modified":"2017-08-06T23:49:12","modified_gmt":"2017-08-06T21:49:12","slug":"dialogo-con-le-stelle-astrologia-e-dintorni","status":"publish","type":"post","link":"https:\/\/arteeluoghi.it\/index.php\/2014\/08\/19\/dialogo-con-le-stelle-astrologia-e-dintorni\/","title":{"rendered":"Dialogo con le stelle. Astrologia e dintorni"},"content":{"rendered":"<p><span class=\"fsl\">Domenica 24 agosto 2014. A San Pancrazio Salentino (Lecce)<br \/><\/span><\/p>\n<p><span class=\"fsl\"><span style=\"font-size: small;\"><strong>Viaggio nei miti e negli astri. Incontro con l&#8217;astrologa Iuly Ferrari<\/strong><\/span><br \/><\/span><\/p>\n<p><span class=\"fsl\">Si intitola &#8220;Dialogo con le stelle. Astrologia e dintorni&#8221; la conferenza in programma domenica 24 agosto con l&#8217;astrologa Iuly Ferrari presso la sede dell&#8217;associazione culturale <span id=\"u_6j_2f\" class=\"_5xhk\"><span>&#8220;<\/span>l&#8217;ar<\/span><\/span><span><span class=\"fsl\"><strong><img src=\"\/images\/iuly.jpg\" border=\"0\" title=\"l'astrologa Iuly Ferrari \" width=\"400\" style=\"margin: 21px; float: left;\" \/><\/strong><\/span><\/span><span class=\"fsl\"><span id=\"u_6j_2f\" class=\"_5xhk\">te che accomuna&#8221; \u00a0 in Via Caduti di via Fani <span class=\"fsl\"><span id=\"u_6j_2f\" class=\"_5xhk\">a San<\/span><\/span><\/span><\/span><span class=\"fsl\"><span id=\"u_6j_2f\" class=\"_5xhk\"><span class=\"fsl\"><span id=\"u_6j_2f\" class=\"_5xhk\"> Pancrazio Salentino (Lecce), con inizio alle 19.30. Ingresso libero.<\/span><\/span><\/span><br \/><\/span><\/p>\n<p><span class=\"fsl\">Si parler\u00e0 dell&#8217;affascinante universo astrologico attraverso brevi cenni storici, astronomici e filosofici, dei miti legati ai segni zodiacali e del loro significato psicologico. Sar\u00e0 fatta una breve introduzione sulla struttura del cerchio zodiacale e sul significato del Tema natale. Infine si dar\u00e0 spazio ad esempi pratici analizzando il cielo di nascita dei partecipanti.<\/span><\/p>\n<p><span class=\"fsl\">Durante la conferenza, inoltre,\u00a0 sar\u00e0 presentato il <\/span><span class=\"fsl\">testo &#8220;Il cerchio zodiacale, l&#8217;uomo, il cosmo, il destino&#8221; edito da &#8220;Il Raggio Verde&#8221;.<\/span><\/p>\n<p>  <!--more-->  <\/p>\n<p>\u00a0<\/p>\n<p><span><span class=\"fsl\"><strong><img src=\"\/images\/copertina%20iuly.jpg\" border=\"0\" title=\"Il cerchio zodiacale -l'uomo il cosmo il destino di Iuly Ferrari, ed. Il Raggio Verde\" width=\"300\" style=\"margin: 21px; float: right;\" \/>Il libro<\/strong><br \/><\/span><\/span><\/p>\n<p><span><span class=\"fsl\">Il libro \u201cIl cerchio zodiacale. l\u2019Uomo, il Cosmo, il Destino\u201d dell\u2019astrologa Iuly Ferrari apre la collana 18\u00b011\u2019 Longitudine Est (ovvero le coordinate geografiche di Lecce) un progetto editoriale legato alla letteratura esoterica. L\u2019Astrologia \u00e8 una disciplina umanistica, un mezzo di conoscenza personale, una filosofia di vita che aiuta alla comprensione di se stessi. Essere consapevoli delle proprie potenzialit\u00e0,\u00a0 delle proprie fragilit\u00e0, dei propri pregi e difetti permette di accettare la vita per quella che \u00e8: la serenit\u00e0 interiore che ne deriva aiuta a capire quale \u00e8 la strada giusta da percorrere per dare un senso alla propria esistenza.<br \/>Con questo libro &#8211; spiega la stessa autrice &#8211; \u201cFaremo un viaggio nel cerchio zodiacale partendo dall\u2019Ariete, che apre il ciclo della natura, per giungere fino ai Pesci, con cui tutto si rinnova. Il lettore potr\u00e0 comprendere il linguaggio simbolico racchiuso nel mito espressione di quegli archetipi onnipresenti nel cosmo che si manifestano nella vita di ogni giorno e nella psiche umana in una danza<br \/>armoniosa con i cicli naturali, suggerita dal destino\u201d.<\/span><\/span><\/p>\n<p><span><span class=\"fsl\">L&#8217;autrice<br \/><\/span><\/span><\/p>\n<p><span><span class=\"fsl\">Iuly Ferrari, leccese, funzionaria presso un ente pubblico, si occupa di astrologia da 27 anni. Dirigente della delegazione leccese del CIDA (Centro Italiano Discipline Astrologiche), unica sede in Puglia, coordina la Scuola superiore parificata del CIDA \u201cStupor Mundi\u201d di Lecce. \u00e8 iscritta all\u2019albo nazionale degli Astrologi d\u2019Italia ed \u00e8 docente certificata del CIDA. Tiene conferenze e seminari su argomenti specialistici di astrologia avanzata in tutta Italia. \u00e8 fiduciaria italiana dell\u2019astrologo olandese Erik van Slooten per l\u2019applicazione del metodo previsionale di astrologia oraria ed elettiva.<br \/>Ha pubblicato vari articoli su riviste specializzate e di cultura generale, e per alcuni anni ha curato la rubrica &#8220;Astrarte\u201d per il mensile \u201cArte e Luoghi\u201d (edizioni Il Raggio Verde).<br \/>Nell\u2019anno 2008 le \u00e8 stato conferito il premio \u201cPericle d\u2019oro per l\u2019Astrologia\u201d.<br \/>Attualmente collabora con \u201cKosmos Salento\u201d, associazione di giovani astrologi\/amici\/allievi, tutti soci certificati CIDA, con i quali condivide le esperienze pi\u00f9 belle ed emozionanti legate al magico mondo di questa meravigliosa disciplina.<\/span><\/span><\/p>\n<p><span class=\"fsl\">\u00a0<\/span><\/p>\n","protected":false},"excerpt":{"rendered":"<p>Domenica 24 agosto 2014. A San Pancrazio Salentino (Lecce) Viaggio nei miti e negli astri. Incontro con l&#8217;astrologa Iuly Ferrari<\/p>\n","protected":false},"author":1,"featured_media":0,"comment_status":"open","ping_status":"open","sticky":false,"template":"","format":"standard","meta":[],"categories":[52],"tags":[],"yoast_head":"<!-- This site is optimized with the Yoast SEO plugin v18.0 - https:\/\/yoast.com\/wordpress\/plugins\/seo\/ -->\n<title>Dialogo con le stelle. Astrologia e dintorni | Arte e Luoghi<\/title>\n<meta name=\"robots\" content=\"index, follow, max-snippet:-1, max-image-preview:large, max-video-preview:-1\" \/>\n<link rel=\"canonical\" href=\"https:\/\/arteeluoghi.it\/index.php\/2014\/08\/19\/dialogo-con-le-stelle-astrologia-e-dintorni\/\" \/>\n<meta property=\"og:locale\" content=\"it_IT\" \/>\n<meta property=\"og:type\" content=\"article\" \/>\n<meta property=\"og:title\" content=\"Dialogo con le stelle. Astrologia e dintorni | Arte e Luoghi\" \/>\n<meta property=\"og:description\" content=\"Domenica 24 agosto 2014. A San Pancrazio Salentino (Lecce) Viaggio nei miti e negli astri. Incontro con l&#8217;astrologa Iuly Ferrari\" \/>\n<meta property=\"og:url\" content=\"https:\/\/arteeluoghi.it\/index.php\/2014\/08\/19\/dialogo-con-le-stelle-astrologia-e-dintorni\/\" \/>\n<meta property=\"og:site_name\" content=\"Arte e Luoghi\" \/>\n<meta property=\"article:publisher\" content=\"https:\/\/www.facebook.com\/ArteELuoghi\/\" \/>\n<meta property=\"article:published_time\" content=\"2014-08-19T21:04:25+00:00\" \/>\n<meta property=\"article:modified_time\" content=\"2017-08-06T21:49:12+00:00\" \/>\n<meta property=\"og:image\" content=\"https:\/\/arteeluoghi.it\/images\/iuly.jpg\" \/>\n<meta name=\"twitter:card\" content=\"summary\" \/>\n<meta name=\"twitter:creator\" content=\"@arteeluoghi\" \/>\n<meta name=\"twitter:site\" content=\"@arteeluoghi\" \/>\n<meta name=\"twitter:label1\" content=\"Scritto da\" \/>\n\t<meta name=\"twitter:data1\" content=\"Staff\" \/>\n\t<meta name=\"twitter:label2\" content=\"Tempo di lettura stimato\" \/>\n\t<meta name=\"twitter:data2\" content=\"2 minuti\" \/>\n<script type=\"application\/ld+json\" class=\"yoast-schema-graph\">{\"@context\":\"https:\/\/schema.org\",\"@graph\":[{\"@type\":\"Organization\",\"@id\":\"https:\/\/arteeluoghi.it\/#organization\",\"name\":\"Arte e Luoghi\",\"url\":\"https:\/\/arteeluoghi.it\/\",\"sameAs\":[\"https:\/\/www.facebook.com\/ArteELuoghi\/\",\"https:\/\/www.instagram.com\/arteeluoghi\/?hl=it\",\"https:\/\/www.youtube.com\/channel\/UCuRVc4JW4-C5sg9rQB-srkw?view_as=subscriber\",\"https:\/\/twitter.com\/arteeluoghi\"],\"logo\":{\"@type\":\"ImageObject\",\"@id\":\"https:\/\/arteeluoghi.it\/#logo\",\"inLanguage\":\"it-IT\",\"url\":\"https:\/\/arteeluoghi.it\/wp-content\/uploads\/2018\/08\/logoinstagramarte.jpg\",\"contentUrl\":\"https:\/\/arteeluoghi.it\/wp-content\/uploads\/2018\/08\/logoinstagramarte.jpg\",\"width\":150,\"height\":150,\"caption\":\"Arte e Luoghi\"},\"image\":{\"@id\":\"https:\/\/arteeluoghi.it\/#logo\"}},{\"@type\":\"WebSite\",\"@id\":\"https:\/\/arteeluoghi.it\/#website\",\"url\":\"https:\/\/arteeluoghi.it\/\",\"name\":\"Arte e Luoghi\",\"description\":\"Mensile di arte, cultura, turismo e curiosit\u00e0\",\"publisher\":{\"@id\":\"https:\/\/arteeluoghi.it\/#organization\"},\"potentialAction\":[{\"@type\":\"SearchAction\",\"target\":{\"@type\":\"EntryPoint\",\"urlTemplate\":\"https:\/\/arteeluoghi.it\/?s={search_term_string}\"},\"query-input\":\"required name=search_term_string\"}],\"inLanguage\":\"it-IT\"},{\"@type\":\"ImageObject\",\"@id\":\"https:\/\/arteeluoghi.it\/index.php\/2014\/08\/19\/dialogo-con-le-stelle-astrologia-e-dintorni\/#primaryimage\",\"inLanguage\":\"it-IT\",\"url\":\"\/images\/iuly.jpg\",\"contentUrl\":\"\/images\/iuly.jpg\"},{\"@type\":\"WebPage\",\"@id\":\"https:\/\/arteeluoghi.it\/index.php\/2014\/08\/19\/dialogo-con-le-stelle-astrologia-e-dintorni\/#webpage\",\"url\":\"https:\/\/arteeluoghi.it\/index.php\/2014\/08\/19\/dialogo-con-le-stelle-astrologia-e-dintorni\/\",\"name\":\"Dialogo con le stelle. Astrologia e dintorni | Arte e Luoghi\",\"isPartOf\":{\"@id\":\"https:\/\/arteeluoghi.it\/#website\"},\"primaryImageOfPage\":{\"@id\":\"https:\/\/arteeluoghi.it\/index.php\/2014\/08\/19\/dialogo-con-le-stelle-astrologia-e-dintorni\/#primaryimage\"},\"datePublished\":\"2014-08-19T21:04:25+00:00\",\"dateModified\":\"2017-08-06T21:49:12+00:00\",\"breadcrumb\":{\"@id\":\"https:\/\/arteeluoghi.it\/index.php\/2014\/08\/19\/dialogo-con-le-stelle-astrologia-e-dintorni\/#breadcrumb\"},\"inLanguage\":\"it-IT\",\"potentialAction\":[{\"@type\":\"ReadAction\",\"target\":[\"https:\/\/arteeluoghi.it\/index.php\/2014\/08\/19\/dialogo-con-le-stelle-astrologia-e-dintorni\/\"]}]},{\"@type\":\"BreadcrumbList\",\"@id\":\"https:\/\/arteeluoghi.it\/index.php\/2014\/08\/19\/dialogo-con-le-stelle-astrologia-e-dintorni\/#breadcrumb\",\"itemListElement\":[{\"@type\":\"ListItem\",\"position\":1,\"name\":\"Home\",\"item\":\"https:\/\/arteeluoghi.it\/\"},{\"@type\":\"ListItem\",\"position\":2,\"name\":\"Dialogo con le stelle. Astrologia e dintorni\"}]},{\"@type\":\"Article\",\"@id\":\"https:\/\/arteeluoghi.it\/index.php\/2014\/08\/19\/dialogo-con-le-stelle-astrologia-e-dintorni\/#article\",\"isPartOf\":{\"@id\":\"https:\/\/arteeluoghi.it\/index.php\/2014\/08\/19\/dialogo-con-le-stelle-astrologia-e-dintorni\/#webpage\"},\"author\":{\"@id\":\"https:\/\/arteeluoghi.it\/#\/schema\/person\/f84e814e36e91e01448ee07eaadd41d4\"},\"headline\":\"Dialogo con le stelle. Astrologia e dintorni\",\"datePublished\":\"2014-08-19T21:04:25+00:00\",\"dateModified\":\"2017-08-06T21:49:12+00:00\",\"mainEntityOfPage\":{\"@id\":\"https:\/\/arteeluoghi.it\/index.php\/2014\/08\/19\/dialogo-con-le-stelle-astrologia-e-dintorni\/#webpage\"},\"wordCount\":475,\"commentCount\":0,\"publisher\":{\"@id\":\"https:\/\/arteeluoghi.it\/#organization\"},\"image\":{\"@id\":\"https:\/\/arteeluoghi.it\/index.php\/2014\/08\/19\/dialogo-con-le-stelle-astrologia-e-dintorni\/#primaryimage\"},\"thumbnailUrl\":\"\/images\/iuly.jpg\",\"articleSection\":[\"I luoghi della parola\"],\"inLanguage\":\"it-IT\",\"potentialAction\":[{\"@type\":\"CommentAction\",\"name\":\"Comment\",\"target\":[\"https:\/\/arteeluoghi.it\/index.php\/2014\/08\/19\/dialogo-con-le-stelle-astrologia-e-dintorni\/#respond\"]}]},{\"@type\":\"Person\",\"@id\":\"https:\/\/arteeluoghi.it\/#\/schema\/person\/f84e814e36e91e01448ee07eaadd41d4\",\"name\":\"Staff\",\"image\":{\"@type\":\"ImageObject\",\"@id\":\"https:\/\/arteeluoghi.it\/#personlogo\",\"inLanguage\":\"it-IT\",\"url\":\"https:\/\/secure.gravatar.com\/avatar\/49d2f9e46271bb04e19cebfaf141313a?s=96&d=blank&r=g\",\"contentUrl\":\"https:\/\/secure.gravatar.com\/avatar\/49d2f9e46271bb04e19cebfaf141313a?s=96&d=blank&r=g\",\"caption\":\"Staff\"}}]}<\/script>\n<!-- \/ Yoast SEO plugin. -->","yoast_head_json":{"title":"Dialogo con le stelle. Astrologia e dintorni | Arte e Luoghi","robots":{"index":"index","follow":"follow","max-snippet":"max-snippet:-1","max-image-preview":"max-image-preview:large","max-video-preview":"max-video-preview:-1"},"canonical":"https:\/\/arteeluoghi.it\/index.php\/2014\/08\/19\/dialogo-con-le-stelle-astrologia-e-dintorni\/","og_locale":"it_IT","og_type":"article","og_title":"Dialogo con le stelle. Astrologia e dintorni | Arte e Luoghi","og_description":"Domenica 24 agosto 2014. A San Pancrazio Salentino (Lecce) Viaggio nei miti e negli astri. Incontro con l&#8217;astrologa Iuly Ferrari","og_url":"https:\/\/arteeluoghi.it\/index.php\/2014\/08\/19\/dialogo-con-le-stelle-astrologia-e-dintorni\/","og_site_name":"Arte e Luoghi","article_publisher":"https:\/\/www.facebook.com\/ArteELuoghi\/","article_published_time":"2014-08-19T21:04:25+00:00","article_modified_time":"2017-08-06T21:49:12+00:00","og_image":[{"url":"https:\/\/arteeluoghi.it\/images\/iuly.jpg"}],"twitter_card":"summary","twitter_creator":"@arteeluoghi","twitter_site":"@arteeluoghi","twitter_misc":{"Scritto da":"Staff","Tempo di lettura stimato":"2 minuti"},"schema":{"@context":"https:\/\/schema.org","@graph":[{"@type":"Organization","@id":"https:\/\/arteeluoghi.it\/#organization","name":"Arte e Luoghi","url":"https:\/\/arteeluoghi.it\/","sameAs":["https:\/\/www.facebook.com\/ArteELuoghi\/","https:\/\/www.instagram.com\/arteeluoghi\/?hl=it","https:\/\/www.youtube.com\/channel\/UCuRVc4JW4-C5sg9rQB-srkw?view_as=subscriber","https:\/\/twitter.com\/arteeluoghi"],"logo":{"@type":"ImageObject","@id":"https:\/\/arteeluoghi.it\/#logo","inLanguage":"it-IT","url":"https:\/\/arteeluoghi.it\/wp-content\/uploads\/2018\/08\/logoinstagramarte.jpg","contentUrl":"https:\/\/arteeluoghi.it\/wp-content\/uploads\/2018\/08\/logoinstagramarte.jpg","width":150,"height":150,"caption":"Arte e Luoghi"},"image":{"@id":"https:\/\/arteeluoghi.it\/#logo"}},{"@type":"WebSite","@id":"https:\/\/arteeluoghi.it\/#website","url":"https:\/\/arteeluoghi.it\/","name":"Arte e Luoghi","description":"Mensile di arte, cultura, turismo e curiosit\u00e0","publisher":{"@id":"https:\/\/arteeluoghi.it\/#organization"},"potentialAction":[{"@type":"SearchAction","target":{"@type":"EntryPoint","urlTemplate":"https:\/\/arteeluoghi.it\/?s={search_term_string}"},"query-input":"required name=search_term_string"}],"inLanguage":"it-IT"},{"@type":"ImageObject","@id":"https:\/\/arteeluoghi.it\/index.php\/2014\/08\/19\/dialogo-con-le-stelle-astrologia-e-dintorni\/#primaryimage","inLanguage":"it-IT","url":"\/images\/iuly.jpg","contentUrl":"\/images\/iuly.jpg"},{"@type":"WebPage","@id":"https:\/\/arteeluoghi.it\/index.php\/2014\/08\/19\/dialogo-con-le-stelle-astrologia-e-dintorni\/#webpage","url":"https:\/\/arteeluoghi.it\/index.php\/2014\/08\/19\/dialogo-con-le-stelle-astrologia-e-dintorni\/","name":"Dialogo con le stelle. Astrologia e dintorni | Arte e Luoghi","isPartOf":{"@id":"https:\/\/arteeluoghi.it\/#website"},"primaryImageOfPage":{"@id":"https:\/\/arteeluoghi.it\/index.php\/2014\/08\/19\/dialogo-con-le-stelle-astrologia-e-dintorni\/#primaryimage"},"datePublished":"2014-08-19T21:04:25+00:00","dateModified":"2017-08-06T21:49:12+00:00","breadcrumb":{"@id":"https:\/\/arteeluoghi.it\/index.php\/2014\/08\/19\/dialogo-con-le-stelle-astrologia-e-dintorni\/#breadcrumb"},"inLanguage":"it-IT","potentialAction":[{"@type":"ReadAction","target":["https:\/\/arteeluoghi.it\/index.php\/2014\/08\/19\/dialogo-con-le-stelle-astrologia-e-dintorni\/"]}]},{"@type":"BreadcrumbList","@id":"https:\/\/arteeluoghi.it\/index.php\/2014\/08\/19\/dialogo-con-le-stelle-astrologia-e-dintorni\/#breadcrumb","itemListElement":[{"@type":"ListItem","position":1,"name":"Home","item":"https:\/\/arteeluoghi.it\/"},{"@type":"ListItem","position":2,"name":"Dialogo con le stelle. Astrologia e dintorni"}]},{"@type":"Article","@id":"https:\/\/arteeluoghi.it\/index.php\/2014\/08\/19\/dialogo-con-le-stelle-astrologia-e-dintorni\/#article","isPartOf":{"@id":"https:\/\/arteeluoghi.it\/index.php\/2014\/08\/19\/dialogo-con-le-stelle-astrologia-e-dintorni\/#webpage"},"author":{"@id":"https:\/\/arteeluoghi.it\/#\/schema\/person\/f84e814e36e91e01448ee07eaadd41d4"},"headline":"Dialogo con le stelle. Astrologia e dintorni","datePublished":"2014-08-19T21:04:25+00:00","dateModified":"2017-08-06T21:49:12+00:00","mainEntityOfPage":{"@id":"https:\/\/arteeluoghi.it\/index.php\/2014\/08\/19\/dialogo-con-le-stelle-astrologia-e-dintorni\/#webpage"},"wordCount":475,"commentCount":0,"publisher":{"@id":"https:\/\/arteeluoghi.it\/#organization"},"image":{"@id":"https:\/\/arteeluoghi.it\/index.php\/2014\/08\/19\/dialogo-con-le-stelle-astrologia-e-dintorni\/#primaryimage"},"thumbnailUrl":"\/images\/iuly.jpg","articleSection":["I luoghi della parola"],"inLanguage":"it-IT","potentialAction":[{"@type":"CommentAction","name":"Comment","target":["https:\/\/arteeluoghi.it\/index.php\/2014\/08\/19\/dialogo-con-le-stelle-astrologia-e-dintorni\/#respond"]}]},{"@type":"Person","@id":"https:\/\/arteeluoghi.it\/#\/schema\/person\/f84e814e36e91e01448ee07eaadd41d4","name":"Staff","image":{"@type":"ImageObject","@id":"https:\/\/arteeluoghi.it\/#personlogo","inLanguage":"it-IT","url":"https:\/\/secure.gravatar.com\/avatar\/49d2f9e46271bb04e19cebfaf141313a?s=96&d=blank&r=g","contentUrl":"https:\/\/secure.gravatar.com\/avatar\/49d2f9e46271bb04e19cebfaf141313a?s=96&d=blank&r=g","caption":"Staff"}}]}},"_links":{"self":[{"href":"https:\/\/arteeluoghi.it\/index.php\/wp-json\/wp\/v2\/posts\/1838"}],"collection":[{"href":"https:\/\/arteeluoghi.it\/index.php\/wp-json\/wp\/v2\/posts"}],"about":[{"href":"https:\/\/arteeluoghi.it\/index.php\/wp-json\/wp\/v2\/types\/post"}],"author":[{"embeddable":true,"href":"https:\/\/arteeluoghi.it\/index.php\/wp-json\/wp\/v2\/users\/1"}],"replies":[{"embeddable":true,"href":"https:\/\/arteeluoghi.it\/index.php\/wp-json\/wp\/v2\/comments?post=1838"}],"version-history":[{"count":1,"href":"https:\/\/arteeluoghi.it\/index.php\/wp-json\/wp\/v2\/posts\/1838\/revisions"}],"predecessor-version":[{"id":3079,"href":"https:\/\/arteeluoghi.it\/index.php\/wp-json\/wp\/v2\/posts\/1838\/revisions\/3079"}],"wp:attachment":[{"href":"https:\/\/arteeluoghi.it\/index.php\/wp-json\/wp\/v2\/media?parent=1838"}],"wp:term":[{"taxonomy":"category","embeddable":true,"href":"https:\/\/arteeluoghi.it\/index.php\/wp-json\/wp\/v2\/categories?post=1838"},{"taxonomy":"post_tag","embeddable":true,"href":"https:\/\/arteeluoghi.it\/index.php\/wp-json\/wp\/v2\/tags?post=1838"}],"curies":[{"name":"wp","href":"https:\/\/api.w.org\/{rel}","templated":true}]}}