{"id":1842,"date":"2014-08-20T00:44:19","date_gmt":"2014-08-19T22:44:19","guid":{"rendered":"http:\/\/arteeluoghi.it\/index.php\/2014\/08\/20\/controra-elogio-della-sopravvivenza\/"},"modified":"2014-08-20T00:44:19","modified_gmt":"2014-08-19T22:44:19","slug":"controra-elogio-della-sopravvivenza","status":"publish","type":"post","link":"https:\/\/arteeluoghi.it\/index.php\/2014\/08\/20\/controra-elogio-della-sopravvivenza\/","title":{"rendered":"Controra: elogio della sopravvivenza"},"content":{"rendered":"<p><img src=\"\/images\/locandinacontrora.jpg\" border=\"0\" title=\"la locandina dello spettacolo\" width=\"300\" style=\"margin: 21px; float: left;\" \/>Spettacolo di teatro nell&#8217;ex Convento di Santa Chiara a Brindisi gioved\u00ec 21 agosto 2014 nell&#8217;ambito del cartellone estivo del Comune di Brindisi<\/p>\n<p><span style=\"font-size: small;\"><strong>Il TeatrodellePietre a Brindisi <\/strong><\/span><\/p>\n<p>Il Chiostro dell&#8217;ex Convento di Santa Chiara sar\u00e0 il palcoscenico ideale per la compagnia \u00abTeatroDellePietre\u00bb che domani, gioved\u00ec 21 agosto (sipario alle ore 21), metter\u00e0 in scena lo spettacolo &#8220;Controra: elogio della sopravvivenza&#8221; da un\u2019idea di Marcantonio Gallo e Fabrizio Cito.\u00a0 <br \/>\u00abControra: elogio della sopravvivenza\u00bb scava nella memoria, nelle persone, nelle storie, nei fatti, e attraverso un attento lavoro di valorizzazione, li rende elementi determinanti per la forma e la struttura del reading teatrale, che grazie alla ricerca musicale di Giancarlo Pagliara, Luciano Gennari e il loro ensemble, fa in modo che la rappresentazione diventi un\u2019occasione per riflettere e guardare alla nostra terra con occhi attenti e ritrovata appartenenza. In scena Marcantonio Gallo, Giancarlo Pagliara, Isabella Benone, Alessandro Muscillo e Luciano Gennari.<br \/>Attraverso il gioco teatrale, nello spettacolo la narrazione e la poesia diventano un unico mezzo per svelare un racconto composto da memorie perdute che, intervallate da canti e accompagnate da tappeti sonori, evocano la nostra Terra.<\/p>\n<p>  <!--more-->  <\/p>\n<p>\u00a0<\/p>\n<p>Tutto parte da quel silenzio che allaga le strade nella controra, quel lasso di tempo che \u00e8 di nessuno o di chi sa prenderselo. In quell\u2019ora in cui si ammutolisce il vociare, anche i piccoli suoni si fanno importanti. Camminando per le strade si pu\u00f2 sentire il cucchiaino che mescola lo zucchero nella tazza del caff\u00e8, un televisore acceso, il ronfare di un uomo. Il silenzio si attacca alla pelle come lo scirocco e non ti lascia pi\u00f9 fino all\u2019imbrunire. Spetter\u00e0 alla voce dell\u2019anima fermare il vento, raccontando l\u2019ozio e il pensiero con una raffinatezza estetica che ne cancella i luoghi comuni.<\/p>\n<p>Le parole, scritte da Marcantonio Gallo ma mescolate alle poesie di Vittorio Bodini, Salvatore Toma, Girolamo Comi non sono pi\u00f9 soltanto parole, ma diventano carezze, specchi, occhi, che dialogano con tutto, con la pietra, con l\u2019albero, con un paese che dorme, immaginario luogo di confine o forse no: non c\u2019\u00e8 parola che non si confronti con una nostalgia della terra e delle creature che la abitano. \u00c8 la nostalgia che appartiene alla memoria di ciascuno di noi, alla radicalit\u00e0 del vivere in questo lembo di Sud, immaginaria e immaginosa linea di confine. La visione poetica diventa sguardo che scandaglia, restituisce esistenze, ribadisce un\u2019appartenenza a un luogo &#8211; una terra -, avvertito costantemente come un altrove. <br \/>\u00a0<br \/>L\u2019ingresso \u00e8 libero fino ad esaurimento posti.<\/p>\n<p>red. Arte e Luoghi<\/p>\n","protected":false},"excerpt":{"rendered":"<p>Spettacolo di teatro nell&#8217;ex Convento di Santa Chiara a Brindisi gioved\u00ec 21 agosto 2014 nell&#8217;ambito del cartellone estivo del Comune<\/p>\n","protected":false},"author":1,"featured_media":0,"comment_status":"open","ping_status":"open","sticky":false,"template":"","format":"standard","meta":[],"categories":[13],"tags":[],"yoast_head":"<!-- This site is optimized with the Yoast SEO plugin v18.0 - https:\/\/yoast.com\/wordpress\/plugins\/seo\/ -->\n<title>Controra: elogio della sopravvivenza | Arte e Luoghi<\/title>\n<meta name=\"robots\" content=\"index, follow, max-snippet:-1, max-image-preview:large, max-video-preview:-1\" \/>\n<link rel=\"canonical\" href=\"https:\/\/arteeluoghi.it\/index.php\/2014\/08\/20\/controra-elogio-della-sopravvivenza\/\" \/>\n<meta property=\"og:locale\" content=\"it_IT\" \/>\n<meta property=\"og:type\" content=\"article\" \/>\n<meta property=\"og:title\" content=\"Controra: elogio della sopravvivenza | Arte e Luoghi\" \/>\n<meta property=\"og:description\" content=\"Spettacolo di teatro nell&#8217;ex Convento di Santa Chiara a Brindisi gioved\u00ec 21 agosto 2014 nell&#8217;ambito del cartellone estivo del Comune\" \/>\n<meta property=\"og:url\" content=\"https:\/\/arteeluoghi.it\/index.php\/2014\/08\/20\/controra-elogio-della-sopravvivenza\/\" \/>\n<meta property=\"og:site_name\" content=\"Arte e Luoghi\" \/>\n<meta property=\"article:publisher\" content=\"https:\/\/www.facebook.com\/ArteELuoghi\/\" \/>\n<meta property=\"article:published_time\" content=\"2014-08-19T22:44:19+00:00\" \/>\n<meta property=\"og:image\" content=\"https:\/\/arteeluoghi.it\/images\/locandinacontrora.jpg\" \/>\n<meta name=\"twitter:card\" content=\"summary\" \/>\n<meta name=\"twitter:creator\" content=\"@arteeluoghi\" \/>\n<meta name=\"twitter:site\" content=\"@arteeluoghi\" \/>\n<meta name=\"twitter:label1\" content=\"Scritto da\" \/>\n\t<meta name=\"twitter:data1\" content=\"Staff\" \/>\n\t<meta name=\"twitter:label2\" content=\"Tempo di lettura stimato\" \/>\n\t<meta name=\"twitter:data2\" content=\"2 minuti\" \/>\n<script type=\"application\/ld+json\" class=\"yoast-schema-graph\">{\"@context\":\"https:\/\/schema.org\",\"@graph\":[{\"@type\":\"Organization\",\"@id\":\"https:\/\/arteeluoghi.it\/#organization\",\"name\":\"Arte e Luoghi\",\"url\":\"https:\/\/arteeluoghi.it\/\",\"sameAs\":[\"https:\/\/www.facebook.com\/ArteELuoghi\/\",\"https:\/\/www.instagram.com\/arteeluoghi\/?hl=it\",\"https:\/\/www.youtube.com\/channel\/UCuRVc4JW4-C5sg9rQB-srkw?view_as=subscriber\",\"https:\/\/twitter.com\/arteeluoghi\"],\"logo\":{\"@type\":\"ImageObject\",\"@id\":\"https:\/\/arteeluoghi.it\/#logo\",\"inLanguage\":\"it-IT\",\"url\":\"https:\/\/arteeluoghi.it\/wp-content\/uploads\/2018\/08\/logoinstagramarte.jpg\",\"contentUrl\":\"https:\/\/arteeluoghi.it\/wp-content\/uploads\/2018\/08\/logoinstagramarte.jpg\",\"width\":150,\"height\":150,\"caption\":\"Arte e Luoghi\"},\"image\":{\"@id\":\"https:\/\/arteeluoghi.it\/#logo\"}},{\"@type\":\"WebSite\",\"@id\":\"https:\/\/arteeluoghi.it\/#website\",\"url\":\"https:\/\/arteeluoghi.it\/\",\"name\":\"Arte e Luoghi\",\"description\":\"Mensile di arte, cultura, turismo e curiosit\u00e0\",\"publisher\":{\"@id\":\"https:\/\/arteeluoghi.it\/#organization\"},\"potentialAction\":[{\"@type\":\"SearchAction\",\"target\":{\"@type\":\"EntryPoint\",\"urlTemplate\":\"https:\/\/arteeluoghi.it\/?s={search_term_string}\"},\"query-input\":\"required name=search_term_string\"}],\"inLanguage\":\"it-IT\"},{\"@type\":\"ImageObject\",\"@id\":\"https:\/\/arteeluoghi.it\/index.php\/2014\/08\/20\/controra-elogio-della-sopravvivenza\/#primaryimage\",\"inLanguage\":\"it-IT\",\"url\":\"\/images\/locandinacontrora.jpg\",\"contentUrl\":\"\/images\/locandinacontrora.jpg\"},{\"@type\":\"WebPage\",\"@id\":\"https:\/\/arteeluoghi.it\/index.php\/2014\/08\/20\/controra-elogio-della-sopravvivenza\/#webpage\",\"url\":\"https:\/\/arteeluoghi.it\/index.php\/2014\/08\/20\/controra-elogio-della-sopravvivenza\/\",\"name\":\"Controra: elogio della sopravvivenza | Arte e Luoghi\",\"isPartOf\":{\"@id\":\"https:\/\/arteeluoghi.it\/#website\"},\"primaryImageOfPage\":{\"@id\":\"https:\/\/arteeluoghi.it\/index.php\/2014\/08\/20\/controra-elogio-della-sopravvivenza\/#primaryimage\"},\"datePublished\":\"2014-08-19T22:44:19+00:00\",\"dateModified\":\"2014-08-19T22:44:19+00:00\",\"breadcrumb\":{\"@id\":\"https:\/\/arteeluoghi.it\/index.php\/2014\/08\/20\/controra-elogio-della-sopravvivenza\/#breadcrumb\"},\"inLanguage\":\"it-IT\",\"potentialAction\":[{\"@type\":\"ReadAction\",\"target\":[\"https:\/\/arteeluoghi.it\/index.php\/2014\/08\/20\/controra-elogio-della-sopravvivenza\/\"]}]},{\"@type\":\"BreadcrumbList\",\"@id\":\"https:\/\/arteeluoghi.it\/index.php\/2014\/08\/20\/controra-elogio-della-sopravvivenza\/#breadcrumb\",\"itemListElement\":[{\"@type\":\"ListItem\",\"position\":1,\"name\":\"Home\",\"item\":\"https:\/\/arteeluoghi.it\/\"},{\"@type\":\"ListItem\",\"position\":2,\"name\":\"Controra: elogio della sopravvivenza\"}]},{\"@type\":\"Article\",\"@id\":\"https:\/\/arteeluoghi.it\/index.php\/2014\/08\/20\/controra-elogio-della-sopravvivenza\/#article\",\"isPartOf\":{\"@id\":\"https:\/\/arteeluoghi.it\/index.php\/2014\/08\/20\/controra-elogio-della-sopravvivenza\/#webpage\"},\"author\":{\"@id\":\"https:\/\/arteeluoghi.it\/#\/schema\/person\/f84e814e36e91e01448ee07eaadd41d4\"},\"headline\":\"Controra: elogio della sopravvivenza\",\"datePublished\":\"2014-08-19T22:44:19+00:00\",\"dateModified\":\"2014-08-19T22:44:19+00:00\",\"mainEntityOfPage\":{\"@id\":\"https:\/\/arteeluoghi.it\/index.php\/2014\/08\/20\/controra-elogio-della-sopravvivenza\/#webpage\"},\"wordCount\":418,\"commentCount\":0,\"publisher\":{\"@id\":\"https:\/\/arteeluoghi.it\/#organization\"},\"image\":{\"@id\":\"https:\/\/arteeluoghi.it\/index.php\/2014\/08\/20\/controra-elogio-della-sopravvivenza\/#primaryimage\"},\"thumbnailUrl\":\"\/images\/locandinacontrora.jpg\",\"articleSection\":[\"teatro\"],\"inLanguage\":\"it-IT\",\"potentialAction\":[{\"@type\":\"CommentAction\",\"name\":\"Comment\",\"target\":[\"https:\/\/arteeluoghi.it\/index.php\/2014\/08\/20\/controra-elogio-della-sopravvivenza\/#respond\"]}]},{\"@type\":\"Person\",\"@id\":\"https:\/\/arteeluoghi.it\/#\/schema\/person\/f84e814e36e91e01448ee07eaadd41d4\",\"name\":\"Staff\",\"image\":{\"@type\":\"ImageObject\",\"@id\":\"https:\/\/arteeluoghi.it\/#personlogo\",\"inLanguage\":\"it-IT\",\"url\":\"https:\/\/secure.gravatar.com\/avatar\/49d2f9e46271bb04e19cebfaf141313a?s=96&d=blank&r=g\",\"contentUrl\":\"https:\/\/secure.gravatar.com\/avatar\/49d2f9e46271bb04e19cebfaf141313a?s=96&d=blank&r=g\",\"caption\":\"Staff\"}}]}<\/script>\n<!-- \/ Yoast SEO plugin. -->","yoast_head_json":{"title":"Controra: elogio della sopravvivenza | Arte e Luoghi","robots":{"index":"index","follow":"follow","max-snippet":"max-snippet:-1","max-image-preview":"max-image-preview:large","max-video-preview":"max-video-preview:-1"},"canonical":"https:\/\/arteeluoghi.it\/index.php\/2014\/08\/20\/controra-elogio-della-sopravvivenza\/","og_locale":"it_IT","og_type":"article","og_title":"Controra: elogio della sopravvivenza | Arte e Luoghi","og_description":"Spettacolo di teatro nell&#8217;ex Convento di Santa Chiara a Brindisi gioved\u00ec 21 agosto 2014 nell&#8217;ambito del cartellone estivo del Comune","og_url":"https:\/\/arteeluoghi.it\/index.php\/2014\/08\/20\/controra-elogio-della-sopravvivenza\/","og_site_name":"Arte e Luoghi","article_publisher":"https:\/\/www.facebook.com\/ArteELuoghi\/","article_published_time":"2014-08-19T22:44:19+00:00","og_image":[{"url":"https:\/\/arteeluoghi.it\/images\/locandinacontrora.jpg"}],"twitter_card":"summary","twitter_creator":"@arteeluoghi","twitter_site":"@arteeluoghi","twitter_misc":{"Scritto da":"Staff","Tempo di lettura stimato":"2 minuti"},"schema":{"@context":"https:\/\/schema.org","@graph":[{"@type":"Organization","@id":"https:\/\/arteeluoghi.it\/#organization","name":"Arte e Luoghi","url":"https:\/\/arteeluoghi.it\/","sameAs":["https:\/\/www.facebook.com\/ArteELuoghi\/","https:\/\/www.instagram.com\/arteeluoghi\/?hl=it","https:\/\/www.youtube.com\/channel\/UCuRVc4JW4-C5sg9rQB-srkw?view_as=subscriber","https:\/\/twitter.com\/arteeluoghi"],"logo":{"@type":"ImageObject","@id":"https:\/\/arteeluoghi.it\/#logo","inLanguage":"it-IT","url":"https:\/\/arteeluoghi.it\/wp-content\/uploads\/2018\/08\/logoinstagramarte.jpg","contentUrl":"https:\/\/arteeluoghi.it\/wp-content\/uploads\/2018\/08\/logoinstagramarte.jpg","width":150,"height":150,"caption":"Arte e Luoghi"},"image":{"@id":"https:\/\/arteeluoghi.it\/#logo"}},{"@type":"WebSite","@id":"https:\/\/arteeluoghi.it\/#website","url":"https:\/\/arteeluoghi.it\/","name":"Arte e Luoghi","description":"Mensile di arte, cultura, turismo e curiosit\u00e0","publisher":{"@id":"https:\/\/arteeluoghi.it\/#organization"},"potentialAction":[{"@type":"SearchAction","target":{"@type":"EntryPoint","urlTemplate":"https:\/\/arteeluoghi.it\/?s={search_term_string}"},"query-input":"required name=search_term_string"}],"inLanguage":"it-IT"},{"@type":"ImageObject","@id":"https:\/\/arteeluoghi.it\/index.php\/2014\/08\/20\/controra-elogio-della-sopravvivenza\/#primaryimage","inLanguage":"it-IT","url":"\/images\/locandinacontrora.jpg","contentUrl":"\/images\/locandinacontrora.jpg"},{"@type":"WebPage","@id":"https:\/\/arteeluoghi.it\/index.php\/2014\/08\/20\/controra-elogio-della-sopravvivenza\/#webpage","url":"https:\/\/arteeluoghi.it\/index.php\/2014\/08\/20\/controra-elogio-della-sopravvivenza\/","name":"Controra: elogio della sopravvivenza | Arte e Luoghi","isPartOf":{"@id":"https:\/\/arteeluoghi.it\/#website"},"primaryImageOfPage":{"@id":"https:\/\/arteeluoghi.it\/index.php\/2014\/08\/20\/controra-elogio-della-sopravvivenza\/#primaryimage"},"datePublished":"2014-08-19T22:44:19+00:00","dateModified":"2014-08-19T22:44:19+00:00","breadcrumb":{"@id":"https:\/\/arteeluoghi.it\/index.php\/2014\/08\/20\/controra-elogio-della-sopravvivenza\/#breadcrumb"},"inLanguage":"it-IT","potentialAction":[{"@type":"ReadAction","target":["https:\/\/arteeluoghi.it\/index.php\/2014\/08\/20\/controra-elogio-della-sopravvivenza\/"]}]},{"@type":"BreadcrumbList","@id":"https:\/\/arteeluoghi.it\/index.php\/2014\/08\/20\/controra-elogio-della-sopravvivenza\/#breadcrumb","itemListElement":[{"@type":"ListItem","position":1,"name":"Home","item":"https:\/\/arteeluoghi.it\/"},{"@type":"ListItem","position":2,"name":"Controra: elogio della sopravvivenza"}]},{"@type":"Article","@id":"https:\/\/arteeluoghi.it\/index.php\/2014\/08\/20\/controra-elogio-della-sopravvivenza\/#article","isPartOf":{"@id":"https:\/\/arteeluoghi.it\/index.php\/2014\/08\/20\/controra-elogio-della-sopravvivenza\/#webpage"},"author":{"@id":"https:\/\/arteeluoghi.it\/#\/schema\/person\/f84e814e36e91e01448ee07eaadd41d4"},"headline":"Controra: elogio della sopravvivenza","datePublished":"2014-08-19T22:44:19+00:00","dateModified":"2014-08-19T22:44:19+00:00","mainEntityOfPage":{"@id":"https:\/\/arteeluoghi.it\/index.php\/2014\/08\/20\/controra-elogio-della-sopravvivenza\/#webpage"},"wordCount":418,"commentCount":0,"publisher":{"@id":"https:\/\/arteeluoghi.it\/#organization"},"image":{"@id":"https:\/\/arteeluoghi.it\/index.php\/2014\/08\/20\/controra-elogio-della-sopravvivenza\/#primaryimage"},"thumbnailUrl":"\/images\/locandinacontrora.jpg","articleSection":["teatro"],"inLanguage":"it-IT","potentialAction":[{"@type":"CommentAction","name":"Comment","target":["https:\/\/arteeluoghi.it\/index.php\/2014\/08\/20\/controra-elogio-della-sopravvivenza\/#respond"]}]},{"@type":"Person","@id":"https:\/\/arteeluoghi.it\/#\/schema\/person\/f84e814e36e91e01448ee07eaadd41d4","name":"Staff","image":{"@type":"ImageObject","@id":"https:\/\/arteeluoghi.it\/#personlogo","inLanguage":"it-IT","url":"https:\/\/secure.gravatar.com\/avatar\/49d2f9e46271bb04e19cebfaf141313a?s=96&d=blank&r=g","contentUrl":"https:\/\/secure.gravatar.com\/avatar\/49d2f9e46271bb04e19cebfaf141313a?s=96&d=blank&r=g","caption":"Staff"}}]}},"_links":{"self":[{"href":"https:\/\/arteeluoghi.it\/index.php\/wp-json\/wp\/v2\/posts\/1842"}],"collection":[{"href":"https:\/\/arteeluoghi.it\/index.php\/wp-json\/wp\/v2\/posts"}],"about":[{"href":"https:\/\/arteeluoghi.it\/index.php\/wp-json\/wp\/v2\/types\/post"}],"author":[{"embeddable":true,"href":"https:\/\/arteeluoghi.it\/index.php\/wp-json\/wp\/v2\/users\/1"}],"replies":[{"embeddable":true,"href":"https:\/\/arteeluoghi.it\/index.php\/wp-json\/wp\/v2\/comments?post=1842"}],"version-history":[{"count":0,"href":"https:\/\/arteeluoghi.it\/index.php\/wp-json\/wp\/v2\/posts\/1842\/revisions"}],"wp:attachment":[{"href":"https:\/\/arteeluoghi.it\/index.php\/wp-json\/wp\/v2\/media?parent=1842"}],"wp:term":[{"taxonomy":"category","embeddable":true,"href":"https:\/\/arteeluoghi.it\/index.php\/wp-json\/wp\/v2\/categories?post=1842"},{"taxonomy":"post_tag","embeddable":true,"href":"https:\/\/arteeluoghi.it\/index.php\/wp-json\/wp\/v2\/tags?post=1842"}],"curies":[{"name":"wp","href":"https:\/\/api.w.org\/{rel}","templated":true}]}}