{"id":1849,"date":"2014-08-23T13:36:49","date_gmt":"2014-08-23T11:36:49","guid":{"rendered":"http:\/\/arteeluoghi.it\/index.php\/2014\/08\/23\/raffaele-casarano-e-il-locomotive-jazz-quartet-al-lido-di-venezia\/"},"modified":"2014-08-23T13:36:49","modified_gmt":"2014-08-23T11:36:49","slug":"raffaele-casarano-e-il-locomotive-jazz-quartet-al-lido-di-venezia","status":"publish","type":"post","link":"https:\/\/arteeluoghi.it\/index.php\/2014\/08\/23\/raffaele-casarano-e-il-locomotive-jazz-quartet-al-lido-di-venezia\/","title":{"rendered":"Raffaele Casarano e il Locomotive Jazz Quartet al Lido di Venezia"},"content":{"rendered":"<p style=\"text-align: left;\" align=\"center\"><img src=\"\/images\/raffaele%20casarano%20-noe-%2005%20ph%20roberto%20cifarelli.jpg\" border=\"0\" title=\"Raffaele Casarano e il Locomotive Jazz quartet, Foto Roberto Cifarelli \" width=\"300\" style=\"margin: 21px; float: right;\" \/>Marted\u00ec 26 agosto in occasione della preapertura della Mostra del Cinema di Venezia<\/p>\n<p style=\"text-align: left;\" align=\"center\"><strong>Il Locomotive Jazz Quartet far\u00e0 da colonna sonora alla proiezione della\u00a0versione restaurata di &#8220;Maciste alpino&#8221;<\/strong><\/p>\n<p>Raffaele Casarano ed il Locomotive Jazz Quartet saranno protagonisti alla preapertura della 71ma Mostra del Cinema di Venezia, in programma la sera di marted\u00ec 26 agosto.<\/p>\n<p>Il quartetto del sassofonista salentino, infatti, accompagner\u00e0 con l&#8217;esecuzione di musiche dal vivo la proiezione della versione restaurata di &#8220;Maciste alpino&#8221; (1916, 97\u2019) di Luigi Maggi e Luigi Romano Borgnetto con Bartolomeo Pagano nel ruolo di Maciste). Il restauro della pellicola \u00e8 avvenuto in occasione del Centenario della Grande Guerra. Si tratter\u00e0 della prima proiezione pubblica alla Sala Darsena, anch&#8217;essa completamente rinnovata e ampliata da 1300 a 1409 posti.<\/p>\n<p>La scelta di affidare l&#8217;esecuzione delle musiche al quartetto salentino \u00e8 stata fatta dal direttore della Biennale Musica, il compositore leccese Ivan Fedele, anche direttore artistico dell&#8217;Orchestra Sinfonica Tito Schipa di Lecce.<\/p>\n<p>  <!--more-->  <\/p>\n<p>\u00a0<\/p>\n<p>\u201cSar\u00e0 una sorta di &#8216;Jazz Suite&#8217; tra musica scritta e musica improvvisata \u2013 spiega Casarano \u2013 lasciando ai musicisti la libera interpretazione di quel momento. Un viaggio dove la musica non far\u00e0 altro che &#8216;raccontare&#8217; emotivamente le immagini e gli stati d&#8217;animo\u201d.<\/p>\n<p>Il Locomotive Quartet \u00e8 formato, oltre che da Casarano (alto e soprano sax, live electronics), da Mirko Signorile (piano), Marco Bardoscia (contrabbasso, live electronics) e Marcello Nisi\u00a0 (batteria).<\/p>\n<p>Dopo Venezia, gioved\u00ec 28 agosto, Raffaele Casarano insieme a Boris Savoldelli e a Marco Bardoscia sar\u00e0 ospite al Ravello Festival dove il trio presenter\u00e0 il progetto jazz dedicato ai Pink Floyd e intitolato &#8220;The great Jazz Gig in the Sky&#8221;.<\/p>\n<p>(fonte: comunicato stampa)<\/p>\n<p>\u00a0<\/p>\n<p>\u00a0<\/p>\n","protected":false},"excerpt":{"rendered":"<p>Marted\u00ec 26 agosto in occasione della preapertura della Mostra del Cinema di Venezia Il Locomotive Jazz Quartet far\u00e0 da colonna<\/p>\n","protected":false},"author":1,"featured_media":0,"comment_status":"open","ping_status":"open","sticky":false,"template":"","format":"standard","meta":[],"categories":[12],"tags":[],"yoast_head":"<!-- This site is optimized with the Yoast SEO plugin v18.0 - https:\/\/yoast.com\/wordpress\/plugins\/seo\/ -->\n<title>Raffaele Casarano e il Locomotive Jazz Quartet al Lido di Venezia | Arte e Luoghi<\/title>\n<meta name=\"robots\" content=\"index, follow, max-snippet:-1, max-image-preview:large, max-video-preview:-1\" \/>\n<link rel=\"canonical\" href=\"https:\/\/arteeluoghi.it\/index.php\/2014\/08\/23\/raffaele-casarano-e-il-locomotive-jazz-quartet-al-lido-di-venezia\/\" \/>\n<meta property=\"og:locale\" content=\"it_IT\" \/>\n<meta property=\"og:type\" content=\"article\" \/>\n<meta property=\"og:title\" content=\"Raffaele Casarano e il Locomotive Jazz Quartet al Lido di Venezia | Arte e Luoghi\" \/>\n<meta property=\"og:description\" content=\"Marted\u00ec 26 agosto in occasione della preapertura della Mostra del Cinema di Venezia Il Locomotive Jazz Quartet far\u00e0 da colonna\" \/>\n<meta property=\"og:url\" content=\"https:\/\/arteeluoghi.it\/index.php\/2014\/08\/23\/raffaele-casarano-e-il-locomotive-jazz-quartet-al-lido-di-venezia\/\" \/>\n<meta property=\"og:site_name\" content=\"Arte e Luoghi\" \/>\n<meta property=\"article:publisher\" content=\"https:\/\/www.facebook.com\/ArteELuoghi\/\" \/>\n<meta property=\"article:published_time\" content=\"2014-08-23T11:36:49+00:00\" \/>\n<meta property=\"og:image\" content=\"https:\/\/arteeluoghi.it\/images\/raffaele%20casarano%20-noe-%2005%20ph%20roberto%20cifarelli.jpg\" \/>\n<meta name=\"twitter:card\" content=\"summary\" \/>\n<meta name=\"twitter:creator\" content=\"@arteeluoghi\" \/>\n<meta name=\"twitter:site\" content=\"@arteeluoghi\" \/>\n<meta name=\"twitter:label1\" content=\"Scritto da\" \/>\n\t<meta name=\"twitter:data1\" content=\"Staff\" \/>\n\t<meta name=\"twitter:label2\" content=\"Tempo di lettura stimato\" \/>\n\t<meta name=\"twitter:data2\" content=\"1 minuto\" \/>\n<script type=\"application\/ld+json\" class=\"yoast-schema-graph\">{\"@context\":\"https:\/\/schema.org\",\"@graph\":[{\"@type\":\"Organization\",\"@id\":\"https:\/\/arteeluoghi.it\/#organization\",\"name\":\"Arte e Luoghi\",\"url\":\"https:\/\/arteeluoghi.it\/\",\"sameAs\":[\"https:\/\/www.facebook.com\/ArteELuoghi\/\",\"https:\/\/www.instagram.com\/arteeluoghi\/?hl=it\",\"https:\/\/www.youtube.com\/channel\/UCuRVc4JW4-C5sg9rQB-srkw?view_as=subscriber\",\"https:\/\/twitter.com\/arteeluoghi\"],\"logo\":{\"@type\":\"ImageObject\",\"@id\":\"https:\/\/arteeluoghi.it\/#logo\",\"inLanguage\":\"it-IT\",\"url\":\"https:\/\/arteeluoghi.it\/wp-content\/uploads\/2018\/08\/logoinstagramarte.jpg\",\"contentUrl\":\"https:\/\/arteeluoghi.it\/wp-content\/uploads\/2018\/08\/logoinstagramarte.jpg\",\"width\":150,\"height\":150,\"caption\":\"Arte e Luoghi\"},\"image\":{\"@id\":\"https:\/\/arteeluoghi.it\/#logo\"}},{\"@type\":\"WebSite\",\"@id\":\"https:\/\/arteeluoghi.it\/#website\",\"url\":\"https:\/\/arteeluoghi.it\/\",\"name\":\"Arte e Luoghi\",\"description\":\"Mensile di arte, cultura, turismo e curiosit\u00e0\",\"publisher\":{\"@id\":\"https:\/\/arteeluoghi.it\/#organization\"},\"potentialAction\":[{\"@type\":\"SearchAction\",\"target\":{\"@type\":\"EntryPoint\",\"urlTemplate\":\"https:\/\/arteeluoghi.it\/?s={search_term_string}\"},\"query-input\":\"required name=search_term_string\"}],\"inLanguage\":\"it-IT\"},{\"@type\":\"ImageObject\",\"@id\":\"https:\/\/arteeluoghi.it\/index.php\/2014\/08\/23\/raffaele-casarano-e-il-locomotive-jazz-quartet-al-lido-di-venezia\/#primaryimage\",\"inLanguage\":\"it-IT\",\"url\":\"\/images\/raffaele%20casarano%20-noe-%2005%20ph%20roberto%20cifarelli.jpg\",\"contentUrl\":\"\/images\/raffaele%20casarano%20-noe-%2005%20ph%20roberto%20cifarelli.jpg\"},{\"@type\":\"WebPage\",\"@id\":\"https:\/\/arteeluoghi.it\/index.php\/2014\/08\/23\/raffaele-casarano-e-il-locomotive-jazz-quartet-al-lido-di-venezia\/#webpage\",\"url\":\"https:\/\/arteeluoghi.it\/index.php\/2014\/08\/23\/raffaele-casarano-e-il-locomotive-jazz-quartet-al-lido-di-venezia\/\",\"name\":\"Raffaele Casarano e il Locomotive Jazz Quartet al Lido di Venezia | Arte e Luoghi\",\"isPartOf\":{\"@id\":\"https:\/\/arteeluoghi.it\/#website\"},\"primaryImageOfPage\":{\"@id\":\"https:\/\/arteeluoghi.it\/index.php\/2014\/08\/23\/raffaele-casarano-e-il-locomotive-jazz-quartet-al-lido-di-venezia\/#primaryimage\"},\"datePublished\":\"2014-08-23T11:36:49+00:00\",\"dateModified\":\"2014-08-23T11:36:49+00:00\",\"breadcrumb\":{\"@id\":\"https:\/\/arteeluoghi.it\/index.php\/2014\/08\/23\/raffaele-casarano-e-il-locomotive-jazz-quartet-al-lido-di-venezia\/#breadcrumb\"},\"inLanguage\":\"it-IT\",\"potentialAction\":[{\"@type\":\"ReadAction\",\"target\":[\"https:\/\/arteeluoghi.it\/index.php\/2014\/08\/23\/raffaele-casarano-e-il-locomotive-jazz-quartet-al-lido-di-venezia\/\"]}]},{\"@type\":\"BreadcrumbList\",\"@id\":\"https:\/\/arteeluoghi.it\/index.php\/2014\/08\/23\/raffaele-casarano-e-il-locomotive-jazz-quartet-al-lido-di-venezia\/#breadcrumb\",\"itemListElement\":[{\"@type\":\"ListItem\",\"position\":1,\"name\":\"Home\",\"item\":\"https:\/\/arteeluoghi.it\/\"},{\"@type\":\"ListItem\",\"position\":2,\"name\":\"Raffaele Casarano e il Locomotive Jazz Quartet al Lido di Venezia\"}]},{\"@type\":\"Article\",\"@id\":\"https:\/\/arteeluoghi.it\/index.php\/2014\/08\/23\/raffaele-casarano-e-il-locomotive-jazz-quartet-al-lido-di-venezia\/#article\",\"isPartOf\":{\"@id\":\"https:\/\/arteeluoghi.it\/index.php\/2014\/08\/23\/raffaele-casarano-e-il-locomotive-jazz-quartet-al-lido-di-venezia\/#webpage\"},\"author\":{\"@id\":\"https:\/\/arteeluoghi.it\/#\/schema\/person\/f84e814e36e91e01448ee07eaadd41d4\"},\"headline\":\"Raffaele Casarano e il Locomotive Jazz Quartet al Lido di Venezia\",\"datePublished\":\"2014-08-23T11:36:49+00:00\",\"dateModified\":\"2014-08-23T11:36:49+00:00\",\"mainEntityOfPage\":{\"@id\":\"https:\/\/arteeluoghi.it\/index.php\/2014\/08\/23\/raffaele-casarano-e-il-locomotive-jazz-quartet-al-lido-di-venezia\/#webpage\"},\"wordCount\":268,\"commentCount\":0,\"publisher\":{\"@id\":\"https:\/\/arteeluoghi.it\/#organization\"},\"image\":{\"@id\":\"https:\/\/arteeluoghi.it\/index.php\/2014\/08\/23\/raffaele-casarano-e-il-locomotive-jazz-quartet-al-lido-di-venezia\/#primaryimage\"},\"thumbnailUrl\":\"\/images\/raffaele%20casarano%20-noe-%2005%20ph%20roberto%20cifarelli.jpg\",\"articleSection\":[\"MUSICA\"],\"inLanguage\":\"it-IT\",\"potentialAction\":[{\"@type\":\"CommentAction\",\"name\":\"Comment\",\"target\":[\"https:\/\/arteeluoghi.it\/index.php\/2014\/08\/23\/raffaele-casarano-e-il-locomotive-jazz-quartet-al-lido-di-venezia\/#respond\"]}]},{\"@type\":\"Person\",\"@id\":\"https:\/\/arteeluoghi.it\/#\/schema\/person\/f84e814e36e91e01448ee07eaadd41d4\",\"name\":\"Staff\",\"image\":{\"@type\":\"ImageObject\",\"@id\":\"https:\/\/arteeluoghi.it\/#personlogo\",\"inLanguage\":\"it-IT\",\"url\":\"https:\/\/secure.gravatar.com\/avatar\/49d2f9e46271bb04e19cebfaf141313a?s=96&d=blank&r=g\",\"contentUrl\":\"https:\/\/secure.gravatar.com\/avatar\/49d2f9e46271bb04e19cebfaf141313a?s=96&d=blank&r=g\",\"caption\":\"Staff\"}}]}<\/script>\n<!-- \/ Yoast SEO plugin. -->","yoast_head_json":{"title":"Raffaele Casarano e il Locomotive Jazz Quartet al Lido di Venezia | Arte e Luoghi","robots":{"index":"index","follow":"follow","max-snippet":"max-snippet:-1","max-image-preview":"max-image-preview:large","max-video-preview":"max-video-preview:-1"},"canonical":"https:\/\/arteeluoghi.it\/index.php\/2014\/08\/23\/raffaele-casarano-e-il-locomotive-jazz-quartet-al-lido-di-venezia\/","og_locale":"it_IT","og_type":"article","og_title":"Raffaele Casarano e il Locomotive Jazz Quartet al Lido di Venezia | Arte e Luoghi","og_description":"Marted\u00ec 26 agosto in occasione della preapertura della Mostra del Cinema di Venezia Il Locomotive Jazz Quartet far\u00e0 da colonna","og_url":"https:\/\/arteeluoghi.it\/index.php\/2014\/08\/23\/raffaele-casarano-e-il-locomotive-jazz-quartet-al-lido-di-venezia\/","og_site_name":"Arte e Luoghi","article_publisher":"https:\/\/www.facebook.com\/ArteELuoghi\/","article_published_time":"2014-08-23T11:36:49+00:00","og_image":[{"url":"https:\/\/arteeluoghi.it\/images\/raffaele%20casarano%20-noe-%2005%20ph%20roberto%20cifarelli.jpg"}],"twitter_card":"summary","twitter_creator":"@arteeluoghi","twitter_site":"@arteeluoghi","twitter_misc":{"Scritto da":"Staff","Tempo di lettura stimato":"1 minuto"},"schema":{"@context":"https:\/\/schema.org","@graph":[{"@type":"Organization","@id":"https:\/\/arteeluoghi.it\/#organization","name":"Arte e Luoghi","url":"https:\/\/arteeluoghi.it\/","sameAs":["https:\/\/www.facebook.com\/ArteELuoghi\/","https:\/\/www.instagram.com\/arteeluoghi\/?hl=it","https:\/\/www.youtube.com\/channel\/UCuRVc4JW4-C5sg9rQB-srkw?view_as=subscriber","https:\/\/twitter.com\/arteeluoghi"],"logo":{"@type":"ImageObject","@id":"https:\/\/arteeluoghi.it\/#logo","inLanguage":"it-IT","url":"https:\/\/arteeluoghi.it\/wp-content\/uploads\/2018\/08\/logoinstagramarte.jpg","contentUrl":"https:\/\/arteeluoghi.it\/wp-content\/uploads\/2018\/08\/logoinstagramarte.jpg","width":150,"height":150,"caption":"Arte e Luoghi"},"image":{"@id":"https:\/\/arteeluoghi.it\/#logo"}},{"@type":"WebSite","@id":"https:\/\/arteeluoghi.it\/#website","url":"https:\/\/arteeluoghi.it\/","name":"Arte e Luoghi","description":"Mensile di arte, cultura, turismo e curiosit\u00e0","publisher":{"@id":"https:\/\/arteeluoghi.it\/#organization"},"potentialAction":[{"@type":"SearchAction","target":{"@type":"EntryPoint","urlTemplate":"https:\/\/arteeluoghi.it\/?s={search_term_string}"},"query-input":"required name=search_term_string"}],"inLanguage":"it-IT"},{"@type":"ImageObject","@id":"https:\/\/arteeluoghi.it\/index.php\/2014\/08\/23\/raffaele-casarano-e-il-locomotive-jazz-quartet-al-lido-di-venezia\/#primaryimage","inLanguage":"it-IT","url":"\/images\/raffaele%20casarano%20-noe-%2005%20ph%20roberto%20cifarelli.jpg","contentUrl":"\/images\/raffaele%20casarano%20-noe-%2005%20ph%20roberto%20cifarelli.jpg"},{"@type":"WebPage","@id":"https:\/\/arteeluoghi.it\/index.php\/2014\/08\/23\/raffaele-casarano-e-il-locomotive-jazz-quartet-al-lido-di-venezia\/#webpage","url":"https:\/\/arteeluoghi.it\/index.php\/2014\/08\/23\/raffaele-casarano-e-il-locomotive-jazz-quartet-al-lido-di-venezia\/","name":"Raffaele Casarano e il Locomotive Jazz Quartet al Lido di Venezia | Arte e Luoghi","isPartOf":{"@id":"https:\/\/arteeluoghi.it\/#website"},"primaryImageOfPage":{"@id":"https:\/\/arteeluoghi.it\/index.php\/2014\/08\/23\/raffaele-casarano-e-il-locomotive-jazz-quartet-al-lido-di-venezia\/#primaryimage"},"datePublished":"2014-08-23T11:36:49+00:00","dateModified":"2014-08-23T11:36:49+00:00","breadcrumb":{"@id":"https:\/\/arteeluoghi.it\/index.php\/2014\/08\/23\/raffaele-casarano-e-il-locomotive-jazz-quartet-al-lido-di-venezia\/#breadcrumb"},"inLanguage":"it-IT","potentialAction":[{"@type":"ReadAction","target":["https:\/\/arteeluoghi.it\/index.php\/2014\/08\/23\/raffaele-casarano-e-il-locomotive-jazz-quartet-al-lido-di-venezia\/"]}]},{"@type":"BreadcrumbList","@id":"https:\/\/arteeluoghi.it\/index.php\/2014\/08\/23\/raffaele-casarano-e-il-locomotive-jazz-quartet-al-lido-di-venezia\/#breadcrumb","itemListElement":[{"@type":"ListItem","position":1,"name":"Home","item":"https:\/\/arteeluoghi.it\/"},{"@type":"ListItem","position":2,"name":"Raffaele Casarano e il Locomotive Jazz Quartet al Lido di Venezia"}]},{"@type":"Article","@id":"https:\/\/arteeluoghi.it\/index.php\/2014\/08\/23\/raffaele-casarano-e-il-locomotive-jazz-quartet-al-lido-di-venezia\/#article","isPartOf":{"@id":"https:\/\/arteeluoghi.it\/index.php\/2014\/08\/23\/raffaele-casarano-e-il-locomotive-jazz-quartet-al-lido-di-venezia\/#webpage"},"author":{"@id":"https:\/\/arteeluoghi.it\/#\/schema\/person\/f84e814e36e91e01448ee07eaadd41d4"},"headline":"Raffaele Casarano e il Locomotive Jazz Quartet al Lido di Venezia","datePublished":"2014-08-23T11:36:49+00:00","dateModified":"2014-08-23T11:36:49+00:00","mainEntityOfPage":{"@id":"https:\/\/arteeluoghi.it\/index.php\/2014\/08\/23\/raffaele-casarano-e-il-locomotive-jazz-quartet-al-lido-di-venezia\/#webpage"},"wordCount":268,"commentCount":0,"publisher":{"@id":"https:\/\/arteeluoghi.it\/#organization"},"image":{"@id":"https:\/\/arteeluoghi.it\/index.php\/2014\/08\/23\/raffaele-casarano-e-il-locomotive-jazz-quartet-al-lido-di-venezia\/#primaryimage"},"thumbnailUrl":"\/images\/raffaele%20casarano%20-noe-%2005%20ph%20roberto%20cifarelli.jpg","articleSection":["MUSICA"],"inLanguage":"it-IT","potentialAction":[{"@type":"CommentAction","name":"Comment","target":["https:\/\/arteeluoghi.it\/index.php\/2014\/08\/23\/raffaele-casarano-e-il-locomotive-jazz-quartet-al-lido-di-venezia\/#respond"]}]},{"@type":"Person","@id":"https:\/\/arteeluoghi.it\/#\/schema\/person\/f84e814e36e91e01448ee07eaadd41d4","name":"Staff","image":{"@type":"ImageObject","@id":"https:\/\/arteeluoghi.it\/#personlogo","inLanguage":"it-IT","url":"https:\/\/secure.gravatar.com\/avatar\/49d2f9e46271bb04e19cebfaf141313a?s=96&d=blank&r=g","contentUrl":"https:\/\/secure.gravatar.com\/avatar\/49d2f9e46271bb04e19cebfaf141313a?s=96&d=blank&r=g","caption":"Staff"}}]}},"_links":{"self":[{"href":"https:\/\/arteeluoghi.it\/index.php\/wp-json\/wp\/v2\/posts\/1849"}],"collection":[{"href":"https:\/\/arteeluoghi.it\/index.php\/wp-json\/wp\/v2\/posts"}],"about":[{"href":"https:\/\/arteeluoghi.it\/index.php\/wp-json\/wp\/v2\/types\/post"}],"author":[{"embeddable":true,"href":"https:\/\/arteeluoghi.it\/index.php\/wp-json\/wp\/v2\/users\/1"}],"replies":[{"embeddable":true,"href":"https:\/\/arteeluoghi.it\/index.php\/wp-json\/wp\/v2\/comments?post=1849"}],"version-history":[{"count":0,"href":"https:\/\/arteeluoghi.it\/index.php\/wp-json\/wp\/v2\/posts\/1849\/revisions"}],"wp:attachment":[{"href":"https:\/\/arteeluoghi.it\/index.php\/wp-json\/wp\/v2\/media?parent=1849"}],"wp:term":[{"taxonomy":"category","embeddable":true,"href":"https:\/\/arteeluoghi.it\/index.php\/wp-json\/wp\/v2\/categories?post=1849"},{"taxonomy":"post_tag","embeddable":true,"href":"https:\/\/arteeluoghi.it\/index.php\/wp-json\/wp\/v2\/tags?post=1849"}],"curies":[{"name":"wp","href":"https:\/\/api.w.org\/{rel}","templated":true}]}}