{"id":1855,"date":"2014-08-23T22:27:47","date_gmt":"2014-08-23T20:27:47","guid":{"rendered":"http:\/\/arteeluoghi.it\/index.php\/2014\/08\/23\/al-via-la-festa-di-sant-oronzo\/"},"modified":"2014-08-23T22:27:47","modified_gmt":"2014-08-23T20:27:47","slug":"al-via-la-festa-di-sant-oronzo","status":"publish","type":"post","link":"https:\/\/arteeluoghi.it\/index.php\/2014\/08\/23\/al-via-la-festa-di-sant-oronzo\/","title":{"rendered":"Al via la Festa di Sant&#8217;Oronzo"},"content":{"rendered":"<p><strong><img src=\"\/images\/Lecceconfsoronzo.jpg\" border=\"0\" title=\"un momento della conferenza stampa\" width=\"300\" style=\"margin: 21px; float: left;\" \/><\/strong><\/p>\n<p><strong>Dal 24 al 26 agosto 2014. Ritorna la festa patronale<br \/><\/strong><\/p>\n<p><strong>Oronzo, Giusto e Fortunato. I Santi di Lecce<\/strong><\/p>\n<p>E\u2019 tutto pronto per la festa patronale in onore dei Santi Patroni della citt\u00e0 di Lecce Oronzo, Giusto e Fortunato. Questa mattina, nel Palazzo Arcivescovile in piazza Duomo, monsignor <strong>Domenico D&#8217;Ambrosio<\/strong>, arcivescovo metropolita di Lecce, <strong>Paolo Perrone<\/strong>, sindaco di Lecce, il presidente del Comitato Feste Patronali, <strong>Gianni Renna, <\/strong>il consigliere comunale delegato all\u2019organizzazione delle Feste Patronali, <strong>Rocco Ciardo <\/strong>e<strong> don Damiano Madaro <\/strong>hannopresentato il programma ufficiale civile e religioso dei festeggiamenti.<\/p>\n<p><em>\u201cQuesta non \u00e8 una festa di un solo giorno\u201d,<\/em> ha precisato l\u2019Arcivescovo Domenico D\u2019Ambrosio ricordando che l\u2019undena ha preso il via lo scorso 16 agosto in Cattedrale e si chiuder\u00e0 il 27 agosto con la celebrazione eucaristica di ringraziamento, <em>\u201cun percorso grazie al quale abbiamo voluto coinvolgere l\u2019intera Diocesi di Lecce\u201d<\/em>.<\/p>\n<p>  <!--more-->  <\/p>\n<p>\u00a0<\/p>\n<p><em>\u201cE\u2019 una festa <\/em>&#8211; spiega monsignor D\u2019Ambrosio &#8211;<em> che affonda le radici nella fede cristiana: all\u2019origine di tutto, infatti, c\u2019\u00e8 il martirio di Sant\u2019Oronzo. La dimensione religiosa \u00e8 sicuramente importante, ma questi giorni diventano anche l\u2019occasione per un momento di gioia e di accoglienza<\/em> <em>reciproca\u201d<\/em>. \u00a0L\u2019alto prelato ha promesso un\u2019attenzione particolare alla Chiesa di Sant\u2019Oronzo Fuori le Mura, con l\u2019auspicio che possa diventare <em>\u201cun luogo di incontro e di preghiera\u201d. <\/em><\/p>\n<p><em>\u201cQuesta \u00e8 la festa di Lecce e dei leccesi <\/em>&#8211; ha affermato il sindaco <strong>Paolo Perrone<\/strong> \u2013<em> in virt\u00f9 di un rapporto millenario con la Chiesa e la fede cristiana. Ed \u00e8 una festa che rinnova, di anno in anno, il senso di appartenenza ad una comunit\u00e0.<\/em> <em>Un rituale immancabile che coniuga perfettamente religiosit\u00e0 e mondanit\u00e0 al quale nessun leccese intende sfuggire. Perch\u00e9 ce lo hanno insegnato i nostri padri e perch\u00e9 noi lo tramandiamo ai nostri figli affinch\u00e9 questa tradizione possa continuare a perpetuarsi. Vorrei fare solo una raccomandazione ai cittadini e ai turisti che in questi giorni affollano le vie del centro cittadino: questa \u00e8 una citt\u00e0 bellissima, ma delicata: viviamo allora con gioia questi giorni di festa ma nel rispetto delle cose e dei luoghi, il decoro urbano \u00e8 fondamentale\u201d. \u00a0<\/em><\/p>\n<p><em>\u201cLa nostra citt\u00e0 &#8211;<\/em> aggiunge il consigliere comunale delegato all\u2019organizzazione delle Feste Patronali, <strong>Rocco Ciardo &#8211;<\/strong><em> ritrova i suoi Santi protettori per celebrarne il sacrificio e commemorarne cos\u00ec il martirio e la morte in un clima di festosa gioia che rende a tutti noi il valore autentico della consolazione della pace\u201d. <\/em><\/p>\n<p><em>\u201cLa festa &#8211;<\/em> conclude <strong>Gianni Renna<\/strong>, presidente del Comitato Feste Patronali<em> &#8211; assume un alto valore: \u00e8 lo strumento privilegiato che consente di trasmettere nei secoli il senso della fede, il valore della tradizione\u201d. <\/em><\/p>\n<p>Anche quest&#8217;anno la Santa Messa di SS. Oronzo, Giusto e Fortunato sar\u00e0 in <strong>Lingua dei Segni<\/strong> <strong>italiana<\/strong> grazie alla collaborazione tra l&#8217;Arcidiocesi di Lecce, il Comitato Promotore della Candidatura di Lecce a Capitale Europea della Cultura 2019 e l\u2019associazione POIESIS che da anni organizza il SoundMakers Festival.<br \/> La solennit\u00e0 dei Santi Oronzo, Giusto e Fortunato rappresenta un momento fondamentale per la citt\u00e0 di Lecce, un momento in cui si esprime appieno il senso stesso dell\u2019intera comunit\u00e0. Proprio nell\u2019ottica di rafforzare ulteriormente il senso di comunit\u00e0, l&#8217;Arcidiocesi di Lecce, Lecce2019 e POIESIS che organizza il SoundMakers Festival, il primo festival multidisciplinare in Italia progettato per una cultura accessibile a tutti che quest&#8217;anno si svolger\u00e0 dal 1\u00b0 al 7 settembre, hanno deciso di offrire anche per quest&#8217;anno il servizio di interpretariato in Lingua <br \/> dei Segni italiana durante il Solenne Pontificale del 26 agosto. Offrire il servizio di interpretariato in LIS permetter\u00e0 cos\u00ec alle persone sorde di poter partecipare attivamente al momento pi\u00f9 importante della festa dei Santi Patroni, dando cos\u00ec ulteriore segno di concretezza al senso di comunit\u00e0 nella direzione del sostegno del pi\u00f9 equo godimento dei diritti da parte di tutti.<\/p>\n<p>(fonte: comunicato stampa)<\/p>\n","protected":false},"excerpt":{"rendered":"<p>Dal 24 al 26 agosto 2014. Ritorna la festa patronale Oronzo, Giusto e Fortunato. I Santi di Lecce E\u2019 tutto<\/p>\n","protected":false},"author":1,"featured_media":0,"comment_status":"open","ping_status":"open","sticky":false,"template":"","format":"standard","meta":[],"categories":[36],"tags":[],"yoast_head":"<!-- This site is optimized with the Yoast SEO plugin v18.0 - https:\/\/yoast.com\/wordpress\/plugins\/seo\/ -->\n<title>Al via la Festa di Sant&#039;Oronzo | Arte e Luoghi<\/title>\n<meta name=\"robots\" content=\"index, follow, max-snippet:-1, max-image-preview:large, max-video-preview:-1\" \/>\n<link rel=\"canonical\" href=\"https:\/\/arteeluoghi.it\/index.php\/2014\/08\/23\/al-via-la-festa-di-sant-oronzo\/\" \/>\n<meta property=\"og:locale\" content=\"it_IT\" \/>\n<meta property=\"og:type\" content=\"article\" \/>\n<meta property=\"og:title\" content=\"Al via la Festa di Sant&#039;Oronzo | Arte e Luoghi\" \/>\n<meta property=\"og:description\" content=\"Dal 24 al 26 agosto 2014. Ritorna la festa patronale Oronzo, Giusto e Fortunato. I Santi di Lecce E\u2019 tutto\" \/>\n<meta property=\"og:url\" content=\"https:\/\/arteeluoghi.it\/index.php\/2014\/08\/23\/al-via-la-festa-di-sant-oronzo\/\" \/>\n<meta property=\"og:site_name\" content=\"Arte e Luoghi\" \/>\n<meta property=\"article:publisher\" content=\"https:\/\/www.facebook.com\/ArteELuoghi\/\" \/>\n<meta property=\"article:published_time\" content=\"2014-08-23T20:27:47+00:00\" \/>\n<meta property=\"og:image\" content=\"https:\/\/arteeluoghi.it\/images\/Lecceconfsoronzo.jpg\" \/>\n<meta name=\"twitter:card\" content=\"summary\" \/>\n<meta name=\"twitter:creator\" content=\"@arteeluoghi\" \/>\n<meta name=\"twitter:site\" content=\"@arteeluoghi\" \/>\n<meta name=\"twitter:label1\" content=\"Scritto da\" \/>\n\t<meta name=\"twitter:data1\" content=\"Staff\" \/>\n\t<meta name=\"twitter:label2\" content=\"Tempo di lettura stimato\" \/>\n\t<meta name=\"twitter:data2\" content=\"3 minuti\" \/>\n<script type=\"application\/ld+json\" class=\"yoast-schema-graph\">{\"@context\":\"https:\/\/schema.org\",\"@graph\":[{\"@type\":\"Organization\",\"@id\":\"https:\/\/arteeluoghi.it\/#organization\",\"name\":\"Arte e Luoghi\",\"url\":\"https:\/\/arteeluoghi.it\/\",\"sameAs\":[\"https:\/\/www.facebook.com\/ArteELuoghi\/\",\"https:\/\/www.instagram.com\/arteeluoghi\/?hl=it\",\"https:\/\/www.youtube.com\/channel\/UCuRVc4JW4-C5sg9rQB-srkw?view_as=subscriber\",\"https:\/\/twitter.com\/arteeluoghi\"],\"logo\":{\"@type\":\"ImageObject\",\"@id\":\"https:\/\/arteeluoghi.it\/#logo\",\"inLanguage\":\"it-IT\",\"url\":\"https:\/\/arteeluoghi.it\/wp-content\/uploads\/2018\/08\/logoinstagramarte.jpg\",\"contentUrl\":\"https:\/\/arteeluoghi.it\/wp-content\/uploads\/2018\/08\/logoinstagramarte.jpg\",\"width\":150,\"height\":150,\"caption\":\"Arte e Luoghi\"},\"image\":{\"@id\":\"https:\/\/arteeluoghi.it\/#logo\"}},{\"@type\":\"WebSite\",\"@id\":\"https:\/\/arteeluoghi.it\/#website\",\"url\":\"https:\/\/arteeluoghi.it\/\",\"name\":\"Arte e Luoghi\",\"description\":\"Mensile di arte, cultura, turismo e curiosit\u00e0\",\"publisher\":{\"@id\":\"https:\/\/arteeluoghi.it\/#organization\"},\"potentialAction\":[{\"@type\":\"SearchAction\",\"target\":{\"@type\":\"EntryPoint\",\"urlTemplate\":\"https:\/\/arteeluoghi.it\/?s={search_term_string}\"},\"query-input\":\"required name=search_term_string\"}],\"inLanguage\":\"it-IT\"},{\"@type\":\"ImageObject\",\"@id\":\"https:\/\/arteeluoghi.it\/index.php\/2014\/08\/23\/al-via-la-festa-di-sant-oronzo\/#primaryimage\",\"inLanguage\":\"it-IT\",\"url\":\"\/images\/Lecceconfsoronzo.jpg\",\"contentUrl\":\"\/images\/Lecceconfsoronzo.jpg\"},{\"@type\":\"WebPage\",\"@id\":\"https:\/\/arteeluoghi.it\/index.php\/2014\/08\/23\/al-via-la-festa-di-sant-oronzo\/#webpage\",\"url\":\"https:\/\/arteeluoghi.it\/index.php\/2014\/08\/23\/al-via-la-festa-di-sant-oronzo\/\",\"name\":\"Al via la Festa di Sant'Oronzo | Arte e Luoghi\",\"isPartOf\":{\"@id\":\"https:\/\/arteeluoghi.it\/#website\"},\"primaryImageOfPage\":{\"@id\":\"https:\/\/arteeluoghi.it\/index.php\/2014\/08\/23\/al-via-la-festa-di-sant-oronzo\/#primaryimage\"},\"datePublished\":\"2014-08-23T20:27:47+00:00\",\"dateModified\":\"2014-08-23T20:27:47+00:00\",\"breadcrumb\":{\"@id\":\"https:\/\/arteeluoghi.it\/index.php\/2014\/08\/23\/al-via-la-festa-di-sant-oronzo\/#breadcrumb\"},\"inLanguage\":\"it-IT\",\"potentialAction\":[{\"@type\":\"ReadAction\",\"target\":[\"https:\/\/arteeluoghi.it\/index.php\/2014\/08\/23\/al-via-la-festa-di-sant-oronzo\/\"]}]},{\"@type\":\"BreadcrumbList\",\"@id\":\"https:\/\/arteeluoghi.it\/index.php\/2014\/08\/23\/al-via-la-festa-di-sant-oronzo\/#breadcrumb\",\"itemListElement\":[{\"@type\":\"ListItem\",\"position\":1,\"name\":\"Home\",\"item\":\"https:\/\/arteeluoghi.it\/\"},{\"@type\":\"ListItem\",\"position\":2,\"name\":\"Al via la Festa di Sant&#8217;Oronzo\"}]},{\"@type\":\"Article\",\"@id\":\"https:\/\/arteeluoghi.it\/index.php\/2014\/08\/23\/al-via-la-festa-di-sant-oronzo\/#article\",\"isPartOf\":{\"@id\":\"https:\/\/arteeluoghi.it\/index.php\/2014\/08\/23\/al-via-la-festa-di-sant-oronzo\/#webpage\"},\"author\":{\"@id\":\"https:\/\/arteeluoghi.it\/#\/schema\/person\/f84e814e36e91e01448ee07eaadd41d4\"},\"headline\":\"Al via la Festa di Sant&#8217;Oronzo\",\"datePublished\":\"2014-08-23T20:27:47+00:00\",\"dateModified\":\"2014-08-23T20:27:47+00:00\",\"mainEntityOfPage\":{\"@id\":\"https:\/\/arteeluoghi.it\/index.php\/2014\/08\/23\/al-via-la-festa-di-sant-oronzo\/#webpage\"},\"wordCount\":627,\"commentCount\":0,\"publisher\":{\"@id\":\"https:\/\/arteeluoghi.it\/#organization\"},\"image\":{\"@id\":\"https:\/\/arteeluoghi.it\/index.php\/2014\/08\/23\/al-via-la-festa-di-sant-oronzo\/#primaryimage\"},\"thumbnailUrl\":\"\/images\/Lecceconfsoronzo.jpg\",\"articleSection\":[\"CuriosAr(t)e\"],\"inLanguage\":\"it-IT\",\"potentialAction\":[{\"@type\":\"CommentAction\",\"name\":\"Comment\",\"target\":[\"https:\/\/arteeluoghi.it\/index.php\/2014\/08\/23\/al-via-la-festa-di-sant-oronzo\/#respond\"]}]},{\"@type\":\"Person\",\"@id\":\"https:\/\/arteeluoghi.it\/#\/schema\/person\/f84e814e36e91e01448ee07eaadd41d4\",\"name\":\"Staff\",\"image\":{\"@type\":\"ImageObject\",\"@id\":\"https:\/\/arteeluoghi.it\/#personlogo\",\"inLanguage\":\"it-IT\",\"url\":\"https:\/\/secure.gravatar.com\/avatar\/49d2f9e46271bb04e19cebfaf141313a?s=96&d=blank&r=g\",\"contentUrl\":\"https:\/\/secure.gravatar.com\/avatar\/49d2f9e46271bb04e19cebfaf141313a?s=96&d=blank&r=g\",\"caption\":\"Staff\"}}]}<\/script>\n<!-- \/ Yoast SEO plugin. -->","yoast_head_json":{"title":"Al via la Festa di Sant'Oronzo | Arte e Luoghi","robots":{"index":"index","follow":"follow","max-snippet":"max-snippet:-1","max-image-preview":"max-image-preview:large","max-video-preview":"max-video-preview:-1"},"canonical":"https:\/\/arteeluoghi.it\/index.php\/2014\/08\/23\/al-via-la-festa-di-sant-oronzo\/","og_locale":"it_IT","og_type":"article","og_title":"Al via la Festa di Sant'Oronzo | Arte e Luoghi","og_description":"Dal 24 al 26 agosto 2014. Ritorna la festa patronale Oronzo, Giusto e Fortunato. I Santi di Lecce E\u2019 tutto","og_url":"https:\/\/arteeluoghi.it\/index.php\/2014\/08\/23\/al-via-la-festa-di-sant-oronzo\/","og_site_name":"Arte e Luoghi","article_publisher":"https:\/\/www.facebook.com\/ArteELuoghi\/","article_published_time":"2014-08-23T20:27:47+00:00","og_image":[{"url":"https:\/\/arteeluoghi.it\/images\/Lecceconfsoronzo.jpg"}],"twitter_card":"summary","twitter_creator":"@arteeluoghi","twitter_site":"@arteeluoghi","twitter_misc":{"Scritto da":"Staff","Tempo di lettura stimato":"3 minuti"},"schema":{"@context":"https:\/\/schema.org","@graph":[{"@type":"Organization","@id":"https:\/\/arteeluoghi.it\/#organization","name":"Arte e Luoghi","url":"https:\/\/arteeluoghi.it\/","sameAs":["https:\/\/www.facebook.com\/ArteELuoghi\/","https:\/\/www.instagram.com\/arteeluoghi\/?hl=it","https:\/\/www.youtube.com\/channel\/UCuRVc4JW4-C5sg9rQB-srkw?view_as=subscriber","https:\/\/twitter.com\/arteeluoghi"],"logo":{"@type":"ImageObject","@id":"https:\/\/arteeluoghi.it\/#logo","inLanguage":"it-IT","url":"https:\/\/arteeluoghi.it\/wp-content\/uploads\/2018\/08\/logoinstagramarte.jpg","contentUrl":"https:\/\/arteeluoghi.it\/wp-content\/uploads\/2018\/08\/logoinstagramarte.jpg","width":150,"height":150,"caption":"Arte e Luoghi"},"image":{"@id":"https:\/\/arteeluoghi.it\/#logo"}},{"@type":"WebSite","@id":"https:\/\/arteeluoghi.it\/#website","url":"https:\/\/arteeluoghi.it\/","name":"Arte e Luoghi","description":"Mensile di arte, cultura, turismo e curiosit\u00e0","publisher":{"@id":"https:\/\/arteeluoghi.it\/#organization"},"potentialAction":[{"@type":"SearchAction","target":{"@type":"EntryPoint","urlTemplate":"https:\/\/arteeluoghi.it\/?s={search_term_string}"},"query-input":"required name=search_term_string"}],"inLanguage":"it-IT"},{"@type":"ImageObject","@id":"https:\/\/arteeluoghi.it\/index.php\/2014\/08\/23\/al-via-la-festa-di-sant-oronzo\/#primaryimage","inLanguage":"it-IT","url":"\/images\/Lecceconfsoronzo.jpg","contentUrl":"\/images\/Lecceconfsoronzo.jpg"},{"@type":"WebPage","@id":"https:\/\/arteeluoghi.it\/index.php\/2014\/08\/23\/al-via-la-festa-di-sant-oronzo\/#webpage","url":"https:\/\/arteeluoghi.it\/index.php\/2014\/08\/23\/al-via-la-festa-di-sant-oronzo\/","name":"Al via la Festa di Sant'Oronzo | Arte e Luoghi","isPartOf":{"@id":"https:\/\/arteeluoghi.it\/#website"},"primaryImageOfPage":{"@id":"https:\/\/arteeluoghi.it\/index.php\/2014\/08\/23\/al-via-la-festa-di-sant-oronzo\/#primaryimage"},"datePublished":"2014-08-23T20:27:47+00:00","dateModified":"2014-08-23T20:27:47+00:00","breadcrumb":{"@id":"https:\/\/arteeluoghi.it\/index.php\/2014\/08\/23\/al-via-la-festa-di-sant-oronzo\/#breadcrumb"},"inLanguage":"it-IT","potentialAction":[{"@type":"ReadAction","target":["https:\/\/arteeluoghi.it\/index.php\/2014\/08\/23\/al-via-la-festa-di-sant-oronzo\/"]}]},{"@type":"BreadcrumbList","@id":"https:\/\/arteeluoghi.it\/index.php\/2014\/08\/23\/al-via-la-festa-di-sant-oronzo\/#breadcrumb","itemListElement":[{"@type":"ListItem","position":1,"name":"Home","item":"https:\/\/arteeluoghi.it\/"},{"@type":"ListItem","position":2,"name":"Al via la Festa di Sant&#8217;Oronzo"}]},{"@type":"Article","@id":"https:\/\/arteeluoghi.it\/index.php\/2014\/08\/23\/al-via-la-festa-di-sant-oronzo\/#article","isPartOf":{"@id":"https:\/\/arteeluoghi.it\/index.php\/2014\/08\/23\/al-via-la-festa-di-sant-oronzo\/#webpage"},"author":{"@id":"https:\/\/arteeluoghi.it\/#\/schema\/person\/f84e814e36e91e01448ee07eaadd41d4"},"headline":"Al via la Festa di Sant&#8217;Oronzo","datePublished":"2014-08-23T20:27:47+00:00","dateModified":"2014-08-23T20:27:47+00:00","mainEntityOfPage":{"@id":"https:\/\/arteeluoghi.it\/index.php\/2014\/08\/23\/al-via-la-festa-di-sant-oronzo\/#webpage"},"wordCount":627,"commentCount":0,"publisher":{"@id":"https:\/\/arteeluoghi.it\/#organization"},"image":{"@id":"https:\/\/arteeluoghi.it\/index.php\/2014\/08\/23\/al-via-la-festa-di-sant-oronzo\/#primaryimage"},"thumbnailUrl":"\/images\/Lecceconfsoronzo.jpg","articleSection":["CuriosAr(t)e"],"inLanguage":"it-IT","potentialAction":[{"@type":"CommentAction","name":"Comment","target":["https:\/\/arteeluoghi.it\/index.php\/2014\/08\/23\/al-via-la-festa-di-sant-oronzo\/#respond"]}]},{"@type":"Person","@id":"https:\/\/arteeluoghi.it\/#\/schema\/person\/f84e814e36e91e01448ee07eaadd41d4","name":"Staff","image":{"@type":"ImageObject","@id":"https:\/\/arteeluoghi.it\/#personlogo","inLanguage":"it-IT","url":"https:\/\/secure.gravatar.com\/avatar\/49d2f9e46271bb04e19cebfaf141313a?s=96&d=blank&r=g","contentUrl":"https:\/\/secure.gravatar.com\/avatar\/49d2f9e46271bb04e19cebfaf141313a?s=96&d=blank&r=g","caption":"Staff"}}]}},"_links":{"self":[{"href":"https:\/\/arteeluoghi.it\/index.php\/wp-json\/wp\/v2\/posts\/1855"}],"collection":[{"href":"https:\/\/arteeluoghi.it\/index.php\/wp-json\/wp\/v2\/posts"}],"about":[{"href":"https:\/\/arteeluoghi.it\/index.php\/wp-json\/wp\/v2\/types\/post"}],"author":[{"embeddable":true,"href":"https:\/\/arteeluoghi.it\/index.php\/wp-json\/wp\/v2\/users\/1"}],"replies":[{"embeddable":true,"href":"https:\/\/arteeluoghi.it\/index.php\/wp-json\/wp\/v2\/comments?post=1855"}],"version-history":[{"count":0,"href":"https:\/\/arteeluoghi.it\/index.php\/wp-json\/wp\/v2\/posts\/1855\/revisions"}],"wp:attachment":[{"href":"https:\/\/arteeluoghi.it\/index.php\/wp-json\/wp\/v2\/media?parent=1855"}],"wp:term":[{"taxonomy":"category","embeddable":true,"href":"https:\/\/arteeluoghi.it\/index.php\/wp-json\/wp\/v2\/categories?post=1855"},{"taxonomy":"post_tag","embeddable":true,"href":"https:\/\/arteeluoghi.it\/index.php\/wp-json\/wp\/v2\/tags?post=1855"}],"curies":[{"name":"wp","href":"https:\/\/api.w.org\/{rel}","templated":true}]}}