{"id":1868,"date":"2014-08-31T17:37:41","date_gmt":"2014-08-31T15:37:41","guid":{"rendered":"http:\/\/arteeluoghi.it\/index.php\/2014\/08\/31\/al-via-l-undicesima-edizione-de-il-sallentino\/"},"modified":"2014-08-31T17:37:41","modified_gmt":"2014-08-31T15:37:41","slug":"al-via-l-undicesima-edizione-de-il-sallentino","status":"publish","type":"post","link":"https:\/\/arteeluoghi.it\/index.php\/2014\/08\/31\/al-via-l-undicesima-edizione-de-il-sallentino\/","title":{"rendered":"Al via l&#8217;undicesima edizione de Il Sallentino"},"content":{"rendered":"<p><img src=\"\/images\/Vittoria_Messapica-sfondo-X-COVER-WEB.jpg\" border=\"0\" title=\"la Vittoria messapica scultura realizzata per il Sallentino dallo scultore Salvatore Spedicato\" width=\"200\" style=\"margin: 21px; float: left;\" \/>Il 1\u00b0 settembre 2014 l&#8217;inaugurazione della Kermesse ideata da Amedeo Calogiuri che premia le eccellenze del territorio<\/p>\n<p><span style=\"font-size: small;\"><strong>Cantasalento.Giovani artisti crescono<\/strong><\/span><\/p>\n<p>Una settimana di eventi nel segno di cultura, musica, arte, moda, danza e spettacolo. Vetrina per talenti in erba e occasione di promozione del territorio. Un territorio, la cui identit\u00e0 culturale, viene rafforzata ogni anno dalle presenze eccellenti che vengono premiate. Il Sallentino, edizione numero undici, va in scena da questa sera nell&#8217;Anfiteatro romano, nel cuore di Lecce, in piazza Sant&#8217;Oronzo.<\/p>\n<p>Nel solco di un format collaudato, che dedica grande attenzione alle nuove proposte del panorama musicale,\u00a0 sar\u00e0 il <strong>Cantasalento<\/strong>, <em>Festival salentino delle voci e della musica, <\/em>ad aprire, <strong><span style=\"text-decoration: underline;\">luned\u00ec 1\u00b0 settembre<\/span>, (inaugurazione ore 20:30)<\/strong> la <strong>Settimana<\/strong> <strong>della Cultura Salentina ed Euromediterranea. <\/strong>Si esibiranno i dodici talenti emergenti che hanno superato le rigorose selezioni del concorso canoro, tra i punti di forza della manifestazione che\u2013 spiega il patron <strong>Amedeo Calogiuri \u2013 <\/strong>oltre a celebrare e premiare le eccellenze in ogni campo, politica, arte, lettere, scienze, economia, cooperazione, \u00e8 anche una concreta opportunit\u00e0 per ricercare giovani talenti da promuovere e valorizzare in tutti i campi dello spettacolo.\u00c8 questo che facciamo da anni guardando al nostro territorio come vivaio di giovani talentuosi ai quali dare la possibilit\u00e0 di farsi conoscere ed apprezzare dal pubblico e dagli addetti ai lavori, non solo localmente ma anche a livello nazionale ed internazionale, con la concreta opportunit\u00e0 di inserimento nei circuiti che possono rappresentare anche il meritato e agognato sbocco professionale\u201d.<\/p>\n<p>  <!--more-->  <\/p>\n<p>\u00a0<\/p>\n<p>Sul palco saliranno, dunque, <strong>Lidia Cuppone<\/strong>,<strong> Davide De Luca<\/strong>,<strong> Mattia Festa<\/strong>,<strong> Francesco Giausa, Federica Madaro<\/strong>,<strong> Roberta Madaro<\/strong>,<strong> Marika Mazzotta<\/strong>,<strong> Mary Palumbo, Lorenza Pellegrino,<\/strong> <strong>Claudia Presicci<\/strong>,<strong> Debora Tundo<\/strong>,<strong> Caterina Vergari. <\/strong><\/p>\n<p>Seguir\u00e0 il <strong>Gran Gal\u00e0 della Moda<\/strong> che porter\u00e0 in passerella le collezioni <strong>Intimo Giovani a cura di Aldo Nemola<\/strong> mentre per la sezione dedicata allo <em>spettacolo delle Stelle d\u2019Otranto<\/em> sul palco i ballerini <strong>dell\u2019Accademia di Scena<\/strong>, diretta da <strong>Simona Monticchio<\/strong>, eseguiranno una coreografia tratta dal musical \u201c<em>In fondo al mar<\/em>\u201d. Infine, ancora moda, con la sfilata dei costumi di scena della stilista <strong>Daniela Melcore <\/strong>e, musica, con l\u2019esibizione della cantante<strong> Elisa Calogiuri.<\/strong><\/p>\n<p>Tutti gli spettacoli, con inizio alle ore 21, sono ad ingresso libero.<\/p>\n","protected":false},"excerpt":{"rendered":"<p>Il 1\u00b0 settembre 2014 l&#8217;inaugurazione della Kermesse ideata da Amedeo Calogiuri che premia le eccellenze del territorio Cantasalento.Giovani artisti crescono<\/p>\n","protected":false},"author":1,"featured_media":0,"comment_status":"open","ping_status":"open","sticky":false,"template":"","format":"standard","meta":[],"categories":[12],"tags":[],"yoast_head":"<!-- This site is optimized with the Yoast SEO plugin v18.0 - https:\/\/yoast.com\/wordpress\/plugins\/seo\/ -->\n<title>Al via l&#039;undicesima edizione de Il Sallentino | Arte e Luoghi<\/title>\n<meta name=\"robots\" content=\"index, follow, max-snippet:-1, max-image-preview:large, max-video-preview:-1\" \/>\n<link rel=\"canonical\" href=\"https:\/\/arteeluoghi.it\/index.php\/2014\/08\/31\/al-via-l-undicesima-edizione-de-il-sallentino\/\" \/>\n<meta property=\"og:locale\" content=\"it_IT\" \/>\n<meta property=\"og:type\" content=\"article\" \/>\n<meta property=\"og:title\" content=\"Al via l&#039;undicesima edizione de Il Sallentino | Arte e Luoghi\" \/>\n<meta property=\"og:description\" content=\"Il 1\u00b0 settembre 2014 l&#8217;inaugurazione della Kermesse ideata da Amedeo Calogiuri che premia le eccellenze del territorio Cantasalento.Giovani artisti crescono\" \/>\n<meta property=\"og:url\" content=\"https:\/\/arteeluoghi.it\/index.php\/2014\/08\/31\/al-via-l-undicesima-edizione-de-il-sallentino\/\" \/>\n<meta property=\"og:site_name\" content=\"Arte e Luoghi\" \/>\n<meta property=\"article:publisher\" content=\"https:\/\/www.facebook.com\/ArteELuoghi\/\" \/>\n<meta property=\"article:published_time\" content=\"2014-08-31T15:37:41+00:00\" \/>\n<meta property=\"og:image\" content=\"https:\/\/arteeluoghi.it\/images\/Vittoria_Messapica-sfondo-X-COVER-WEB.jpg\" \/>\n<meta name=\"twitter:card\" content=\"summary\" \/>\n<meta name=\"twitter:creator\" content=\"@arteeluoghi\" \/>\n<meta name=\"twitter:site\" content=\"@arteeluoghi\" \/>\n<meta name=\"twitter:label1\" content=\"Scritto da\" \/>\n\t<meta name=\"twitter:data1\" content=\"Staff\" \/>\n\t<meta name=\"twitter:label2\" content=\"Tempo di lettura stimato\" \/>\n\t<meta name=\"twitter:data2\" content=\"2 minuti\" \/>\n<script type=\"application\/ld+json\" class=\"yoast-schema-graph\">{\"@context\":\"https:\/\/schema.org\",\"@graph\":[{\"@type\":\"Organization\",\"@id\":\"https:\/\/arteeluoghi.it\/#organization\",\"name\":\"Arte e Luoghi\",\"url\":\"https:\/\/arteeluoghi.it\/\",\"sameAs\":[\"https:\/\/www.facebook.com\/ArteELuoghi\/\",\"https:\/\/www.instagram.com\/arteeluoghi\/?hl=it\",\"https:\/\/www.youtube.com\/channel\/UCuRVc4JW4-C5sg9rQB-srkw?view_as=subscriber\",\"https:\/\/twitter.com\/arteeluoghi\"],\"logo\":{\"@type\":\"ImageObject\",\"@id\":\"https:\/\/arteeluoghi.it\/#logo\",\"inLanguage\":\"it-IT\",\"url\":\"https:\/\/arteeluoghi.it\/wp-content\/uploads\/2018\/08\/logoinstagramarte.jpg\",\"contentUrl\":\"https:\/\/arteeluoghi.it\/wp-content\/uploads\/2018\/08\/logoinstagramarte.jpg\",\"width\":150,\"height\":150,\"caption\":\"Arte e Luoghi\"},\"image\":{\"@id\":\"https:\/\/arteeluoghi.it\/#logo\"}},{\"@type\":\"WebSite\",\"@id\":\"https:\/\/arteeluoghi.it\/#website\",\"url\":\"https:\/\/arteeluoghi.it\/\",\"name\":\"Arte e Luoghi\",\"description\":\"Mensile di arte, cultura, turismo e curiosit\u00e0\",\"publisher\":{\"@id\":\"https:\/\/arteeluoghi.it\/#organization\"},\"potentialAction\":[{\"@type\":\"SearchAction\",\"target\":{\"@type\":\"EntryPoint\",\"urlTemplate\":\"https:\/\/arteeluoghi.it\/?s={search_term_string}\"},\"query-input\":\"required name=search_term_string\"}],\"inLanguage\":\"it-IT\"},{\"@type\":\"ImageObject\",\"@id\":\"https:\/\/arteeluoghi.it\/index.php\/2014\/08\/31\/al-via-l-undicesima-edizione-de-il-sallentino\/#primaryimage\",\"inLanguage\":\"it-IT\",\"url\":\"\/images\/Vittoria_Messapica-sfondo-X-COVER-WEB.jpg\",\"contentUrl\":\"\/images\/Vittoria_Messapica-sfondo-X-COVER-WEB.jpg\"},{\"@type\":\"WebPage\",\"@id\":\"https:\/\/arteeluoghi.it\/index.php\/2014\/08\/31\/al-via-l-undicesima-edizione-de-il-sallentino\/#webpage\",\"url\":\"https:\/\/arteeluoghi.it\/index.php\/2014\/08\/31\/al-via-l-undicesima-edizione-de-il-sallentino\/\",\"name\":\"Al via l'undicesima edizione de Il Sallentino | Arte e Luoghi\",\"isPartOf\":{\"@id\":\"https:\/\/arteeluoghi.it\/#website\"},\"primaryImageOfPage\":{\"@id\":\"https:\/\/arteeluoghi.it\/index.php\/2014\/08\/31\/al-via-l-undicesima-edizione-de-il-sallentino\/#primaryimage\"},\"datePublished\":\"2014-08-31T15:37:41+00:00\",\"dateModified\":\"2014-08-31T15:37:41+00:00\",\"breadcrumb\":{\"@id\":\"https:\/\/arteeluoghi.it\/index.php\/2014\/08\/31\/al-via-l-undicesima-edizione-de-il-sallentino\/#breadcrumb\"},\"inLanguage\":\"it-IT\",\"potentialAction\":[{\"@type\":\"ReadAction\",\"target\":[\"https:\/\/arteeluoghi.it\/index.php\/2014\/08\/31\/al-via-l-undicesima-edizione-de-il-sallentino\/\"]}]},{\"@type\":\"BreadcrumbList\",\"@id\":\"https:\/\/arteeluoghi.it\/index.php\/2014\/08\/31\/al-via-l-undicesima-edizione-de-il-sallentino\/#breadcrumb\",\"itemListElement\":[{\"@type\":\"ListItem\",\"position\":1,\"name\":\"Home\",\"item\":\"https:\/\/arteeluoghi.it\/\"},{\"@type\":\"ListItem\",\"position\":2,\"name\":\"Al via l&#8217;undicesima edizione de Il Sallentino\"}]},{\"@type\":\"Article\",\"@id\":\"https:\/\/arteeluoghi.it\/index.php\/2014\/08\/31\/al-via-l-undicesima-edizione-de-il-sallentino\/#article\",\"isPartOf\":{\"@id\":\"https:\/\/arteeluoghi.it\/index.php\/2014\/08\/31\/al-via-l-undicesima-edizione-de-il-sallentino\/#webpage\"},\"author\":{\"@id\":\"https:\/\/arteeluoghi.it\/#\/schema\/person\/f84e814e36e91e01448ee07eaadd41d4\"},\"headline\":\"Al via l&#8217;undicesima edizione de Il Sallentino\",\"datePublished\":\"2014-08-31T15:37:41+00:00\",\"dateModified\":\"2014-08-31T15:37:41+00:00\",\"mainEntityOfPage\":{\"@id\":\"https:\/\/arteeluoghi.it\/index.php\/2014\/08\/31\/al-via-l-undicesima-edizione-de-il-sallentino\/#webpage\"},\"wordCount\":362,\"commentCount\":0,\"publisher\":{\"@id\":\"https:\/\/arteeluoghi.it\/#organization\"},\"image\":{\"@id\":\"https:\/\/arteeluoghi.it\/index.php\/2014\/08\/31\/al-via-l-undicesima-edizione-de-il-sallentino\/#primaryimage\"},\"thumbnailUrl\":\"\/images\/Vittoria_Messapica-sfondo-X-COVER-WEB.jpg\",\"articleSection\":[\"MUSICA\"],\"inLanguage\":\"it-IT\",\"potentialAction\":[{\"@type\":\"CommentAction\",\"name\":\"Comment\",\"target\":[\"https:\/\/arteeluoghi.it\/index.php\/2014\/08\/31\/al-via-l-undicesima-edizione-de-il-sallentino\/#respond\"]}]},{\"@type\":\"Person\",\"@id\":\"https:\/\/arteeluoghi.it\/#\/schema\/person\/f84e814e36e91e01448ee07eaadd41d4\",\"name\":\"Staff\",\"image\":{\"@type\":\"ImageObject\",\"@id\":\"https:\/\/arteeluoghi.it\/#personlogo\",\"inLanguage\":\"it-IT\",\"url\":\"https:\/\/secure.gravatar.com\/avatar\/49d2f9e46271bb04e19cebfaf141313a?s=96&d=blank&r=g\",\"contentUrl\":\"https:\/\/secure.gravatar.com\/avatar\/49d2f9e46271bb04e19cebfaf141313a?s=96&d=blank&r=g\",\"caption\":\"Staff\"}}]}<\/script>\n<!-- \/ Yoast SEO plugin. -->","yoast_head_json":{"title":"Al via l'undicesima edizione de Il Sallentino | Arte e Luoghi","robots":{"index":"index","follow":"follow","max-snippet":"max-snippet:-1","max-image-preview":"max-image-preview:large","max-video-preview":"max-video-preview:-1"},"canonical":"https:\/\/arteeluoghi.it\/index.php\/2014\/08\/31\/al-via-l-undicesima-edizione-de-il-sallentino\/","og_locale":"it_IT","og_type":"article","og_title":"Al via l'undicesima edizione de Il Sallentino | Arte e Luoghi","og_description":"Il 1\u00b0 settembre 2014 l&#8217;inaugurazione della Kermesse ideata da Amedeo Calogiuri che premia le eccellenze del territorio Cantasalento.Giovani artisti crescono","og_url":"https:\/\/arteeluoghi.it\/index.php\/2014\/08\/31\/al-via-l-undicesima-edizione-de-il-sallentino\/","og_site_name":"Arte e Luoghi","article_publisher":"https:\/\/www.facebook.com\/ArteELuoghi\/","article_published_time":"2014-08-31T15:37:41+00:00","og_image":[{"url":"https:\/\/arteeluoghi.it\/images\/Vittoria_Messapica-sfondo-X-COVER-WEB.jpg"}],"twitter_card":"summary","twitter_creator":"@arteeluoghi","twitter_site":"@arteeluoghi","twitter_misc":{"Scritto da":"Staff","Tempo di lettura stimato":"2 minuti"},"schema":{"@context":"https:\/\/schema.org","@graph":[{"@type":"Organization","@id":"https:\/\/arteeluoghi.it\/#organization","name":"Arte e Luoghi","url":"https:\/\/arteeluoghi.it\/","sameAs":["https:\/\/www.facebook.com\/ArteELuoghi\/","https:\/\/www.instagram.com\/arteeluoghi\/?hl=it","https:\/\/www.youtube.com\/channel\/UCuRVc4JW4-C5sg9rQB-srkw?view_as=subscriber","https:\/\/twitter.com\/arteeluoghi"],"logo":{"@type":"ImageObject","@id":"https:\/\/arteeluoghi.it\/#logo","inLanguage":"it-IT","url":"https:\/\/arteeluoghi.it\/wp-content\/uploads\/2018\/08\/logoinstagramarte.jpg","contentUrl":"https:\/\/arteeluoghi.it\/wp-content\/uploads\/2018\/08\/logoinstagramarte.jpg","width":150,"height":150,"caption":"Arte e Luoghi"},"image":{"@id":"https:\/\/arteeluoghi.it\/#logo"}},{"@type":"WebSite","@id":"https:\/\/arteeluoghi.it\/#website","url":"https:\/\/arteeluoghi.it\/","name":"Arte e Luoghi","description":"Mensile di arte, cultura, turismo e curiosit\u00e0","publisher":{"@id":"https:\/\/arteeluoghi.it\/#organization"},"potentialAction":[{"@type":"SearchAction","target":{"@type":"EntryPoint","urlTemplate":"https:\/\/arteeluoghi.it\/?s={search_term_string}"},"query-input":"required name=search_term_string"}],"inLanguage":"it-IT"},{"@type":"ImageObject","@id":"https:\/\/arteeluoghi.it\/index.php\/2014\/08\/31\/al-via-l-undicesima-edizione-de-il-sallentino\/#primaryimage","inLanguage":"it-IT","url":"\/images\/Vittoria_Messapica-sfondo-X-COVER-WEB.jpg","contentUrl":"\/images\/Vittoria_Messapica-sfondo-X-COVER-WEB.jpg"},{"@type":"WebPage","@id":"https:\/\/arteeluoghi.it\/index.php\/2014\/08\/31\/al-via-l-undicesima-edizione-de-il-sallentino\/#webpage","url":"https:\/\/arteeluoghi.it\/index.php\/2014\/08\/31\/al-via-l-undicesima-edizione-de-il-sallentino\/","name":"Al via l'undicesima edizione de Il Sallentino | Arte e Luoghi","isPartOf":{"@id":"https:\/\/arteeluoghi.it\/#website"},"primaryImageOfPage":{"@id":"https:\/\/arteeluoghi.it\/index.php\/2014\/08\/31\/al-via-l-undicesima-edizione-de-il-sallentino\/#primaryimage"},"datePublished":"2014-08-31T15:37:41+00:00","dateModified":"2014-08-31T15:37:41+00:00","breadcrumb":{"@id":"https:\/\/arteeluoghi.it\/index.php\/2014\/08\/31\/al-via-l-undicesima-edizione-de-il-sallentino\/#breadcrumb"},"inLanguage":"it-IT","potentialAction":[{"@type":"ReadAction","target":["https:\/\/arteeluoghi.it\/index.php\/2014\/08\/31\/al-via-l-undicesima-edizione-de-il-sallentino\/"]}]},{"@type":"BreadcrumbList","@id":"https:\/\/arteeluoghi.it\/index.php\/2014\/08\/31\/al-via-l-undicesima-edizione-de-il-sallentino\/#breadcrumb","itemListElement":[{"@type":"ListItem","position":1,"name":"Home","item":"https:\/\/arteeluoghi.it\/"},{"@type":"ListItem","position":2,"name":"Al via l&#8217;undicesima edizione de Il Sallentino"}]},{"@type":"Article","@id":"https:\/\/arteeluoghi.it\/index.php\/2014\/08\/31\/al-via-l-undicesima-edizione-de-il-sallentino\/#article","isPartOf":{"@id":"https:\/\/arteeluoghi.it\/index.php\/2014\/08\/31\/al-via-l-undicesima-edizione-de-il-sallentino\/#webpage"},"author":{"@id":"https:\/\/arteeluoghi.it\/#\/schema\/person\/f84e814e36e91e01448ee07eaadd41d4"},"headline":"Al via l&#8217;undicesima edizione de Il Sallentino","datePublished":"2014-08-31T15:37:41+00:00","dateModified":"2014-08-31T15:37:41+00:00","mainEntityOfPage":{"@id":"https:\/\/arteeluoghi.it\/index.php\/2014\/08\/31\/al-via-l-undicesima-edizione-de-il-sallentino\/#webpage"},"wordCount":362,"commentCount":0,"publisher":{"@id":"https:\/\/arteeluoghi.it\/#organization"},"image":{"@id":"https:\/\/arteeluoghi.it\/index.php\/2014\/08\/31\/al-via-l-undicesima-edizione-de-il-sallentino\/#primaryimage"},"thumbnailUrl":"\/images\/Vittoria_Messapica-sfondo-X-COVER-WEB.jpg","articleSection":["MUSICA"],"inLanguage":"it-IT","potentialAction":[{"@type":"CommentAction","name":"Comment","target":["https:\/\/arteeluoghi.it\/index.php\/2014\/08\/31\/al-via-l-undicesima-edizione-de-il-sallentino\/#respond"]}]},{"@type":"Person","@id":"https:\/\/arteeluoghi.it\/#\/schema\/person\/f84e814e36e91e01448ee07eaadd41d4","name":"Staff","image":{"@type":"ImageObject","@id":"https:\/\/arteeluoghi.it\/#personlogo","inLanguage":"it-IT","url":"https:\/\/secure.gravatar.com\/avatar\/49d2f9e46271bb04e19cebfaf141313a?s=96&d=blank&r=g","contentUrl":"https:\/\/secure.gravatar.com\/avatar\/49d2f9e46271bb04e19cebfaf141313a?s=96&d=blank&r=g","caption":"Staff"}}]}},"_links":{"self":[{"href":"https:\/\/arteeluoghi.it\/index.php\/wp-json\/wp\/v2\/posts\/1868"}],"collection":[{"href":"https:\/\/arteeluoghi.it\/index.php\/wp-json\/wp\/v2\/posts"}],"about":[{"href":"https:\/\/arteeluoghi.it\/index.php\/wp-json\/wp\/v2\/types\/post"}],"author":[{"embeddable":true,"href":"https:\/\/arteeluoghi.it\/index.php\/wp-json\/wp\/v2\/users\/1"}],"replies":[{"embeddable":true,"href":"https:\/\/arteeluoghi.it\/index.php\/wp-json\/wp\/v2\/comments?post=1868"}],"version-history":[{"count":0,"href":"https:\/\/arteeluoghi.it\/index.php\/wp-json\/wp\/v2\/posts\/1868\/revisions"}],"wp:attachment":[{"href":"https:\/\/arteeluoghi.it\/index.php\/wp-json\/wp\/v2\/media?parent=1868"}],"wp:term":[{"taxonomy":"category","embeddable":true,"href":"https:\/\/arteeluoghi.it\/index.php\/wp-json\/wp\/v2\/categories?post=1868"},{"taxonomy":"post_tag","embeddable":true,"href":"https:\/\/arteeluoghi.it\/index.php\/wp-json\/wp\/v2\/tags?post=1868"}],"curies":[{"name":"wp","href":"https:\/\/api.w.org\/{rel}","templated":true}]}}