{"id":1877,"date":"2014-09-07T16:01:43","date_gmt":"2014-09-07T14:01:43","guid":{"rendered":"http:\/\/arteeluoghi.it\/index.php\/2014\/09\/07\/jazz-al-bargello\/"},"modified":"2014-09-07T16:01:43","modified_gmt":"2014-09-07T14:01:43","slug":"jazz-al-bargello","status":"publish","type":"post","link":"https:\/\/arteeluoghi.it\/index.php\/2014\/09\/07\/jazz-al-bargello\/","title":{"rendered":"Jazz al Bargello"},"content":{"rendered":"<p style=\"text-align: left;\" align=\"center\"><img src=\"\/images\/bargellojazz14%20copia.jpg\" border=\"0\" title=\"la locandina di Bargelloin jazz\" width=\"250\" style=\"margin: 21px; float: right;\" \/>Firenze, Cortile del Museo del Bargello dall&#8217;8 al 15 settembre 2014<\/p>\n<p style=\"text-align: left;\" align=\"center\"><strong>Enrico Rava apre la rassegna fiorentina <br \/><\/strong><\/p>\n<p>Torna <strong><em>Jazz al Bargello<\/em><\/strong>, la rassegna organizzata da Music Pool in collaborazione con il Polo Museale Fiorentino nella stupenda cornice del Cortile del Museo Nazionale del Bargello di Firenze.<\/p>\n<p>Luned\u00ec 8 settembre spazio al meglio del jazz nostrano: <strong>Enrico Rav<\/strong><strong>a<\/strong>, instancabile come non mai si mette alla guida di un quartetto formato da giovanissimi talenti e sforna per la stagione 2014 l\u2019<strong>Enrico Rava New Quartet<\/strong>. Ne fanno parte <strong>Francesco Diodati<\/strong>, <strong>Gabriele Evangelista<\/strong> ed <strong>Enrico Morello<\/strong>. Rava \u00e8 sicuramente il jazzista italiano pi\u00f9 conosciuto ed apprezzato a livello internazionale. Da sempre impegnato nelle esperienze pi\u00f9 diverse e pi\u00f9 stimolanti, \u00e8 apparso sulla scena jazzistica a met\u00e0 degli anni sessanta, imponendosi rapidamente come uno dei pi\u00f9 convincenti solisti del jazz europeo.<\/p>\n<p>Venerd\u00ec 12 settembre in concerto per <em>Jazz al Bargello<\/em> uno dei percussionisti pi\u00f9 conosciuti, <strong>Trilok Gurtu<\/strong>. Nell\u2019arco della sua carriera ha suonato nei festival di tutto il mondo, collaborando con tantissimi artisti quali, tra gli altri, John McLaughlin e gli Oregon di Ralph Towner. La strumentazione che Trilok Gurtu usa \u00e8 semplice quanto fantasiosa: accanto ai soliti\u00a0 cimbali, congas, tabla indiani, timpani e campanacci figurano cajon del flamenco e, addirittura, recipienti pieni d&#8217;acqua nei quali vengono immersi oggetti sonori che, vibrando, realizzano effetti acustici sorprendenti.<\/p>\n<p>\u00a0<\/p>\n<p>  <!--more-->  <\/p>\n<p>Chiude Luned\u00ec 15 settembre il trio di <strong>Peppe Servillo<\/strong>, <strong>Natalio Mangalavite<\/strong> e <strong>Javier Girotto<\/strong>. Un trio quasi naturale, nonostante provenga da culture musicali diverse, nato dalle ripetute collaborazioni che i singoli musicisti si sono scambiate nel corso degli anni, dotato di una personalit\u00e0 musicale fuori dal comune, di una essenzialit\u00e0 sonora capace di generare mille emozioni. Il trio ha pubblicato l\u2019album <em>\u201cL\u2019amico di Cordoba\u201d<\/em> che segue rotte sonore simili a quelle degli Avion Travel ma con una maggior propensione verso il jazz e soprattutto verso il tango, generi che riescono ad amalgamarsi comodamente grazie all\u2019estro pianistico di <strong>Mangalavite<\/strong>, ai preziosi inserti di sax di <strong>Girotto<\/strong> e ad un <img src=\"\/images\/Bargello%20sala%20Michelangelo%20DOPO%20IL%20RIALLESTIMENTO1.JPG\" border=\"0\" title=\"Bargello sala Michelangelo dopo il riallestimento (foto d'archivio)\" width=\"300\" style=\"margin: 21px; float: left;\" \/><strong>Servillo<\/strong> come sempre interprete elegante.<\/p>\n<p>\u00a0Aprir\u00e0 la rassegna <strong>Enrico Rava <\/strong>che\u00a0 instancabile come non mai si mette alla guida di un quartetto formato da giovanissimi talenti e sforna per la stagione 2014 il <strong>RAVA NEW QUARTET<\/strong>. Ne fanno parte Francesco Diodati, Gabriele Evangelista ed Enrico Morello.<\/p>\n<p><strong>Francesco Diodati<\/strong> \u00e8 un chitarrista moderno che prende ispirazione dalla tradizione e guarda alla musica contemporanea, rock, folk, per sviluppare un linguaggio personale, combinando un approccio spontaneo alla melodia e al suono acustico con un brillante utilizzo di elettronica e effetti. Considerato uno dei contrabbassisti italiani pi\u00f9 creativi ed eclettici <strong>Gabriele Evangelista <\/strong>\u00e8 l&#8217;ultimo dei talenti valorizzati da Rava. Scoperto ai\u00a0seminari jazz di Siena, sta bruciando le tappe a velocit\u00e0 supersonica ed \u00e8 richiestissimo per le sue straordinarie doti\u00a0(precisione unita ad una sfrenata creativit\u00e0 ed ad un grande <em>interplay<\/em>) da molti musicisti italiani. <strong>Enrico Morello<\/strong> \u00e8 un batterista dal drumming raffinato, un musicista curioso e rispettoso della tradizione, con uno swing stupefacente e grande sensibilit\u00e0 nella scelta delle dinamiche, che guarda al futuro, costantemente impegnato in una personale ricerca che parte dal jazz ma esplora tutto l&#8217;universo musicale.\u00a0<strong>Enrico Rava<\/strong> \u00e8 sicuramente il jazzista italiano pi\u00f9 conosciuto ed apprezzato a livello internazionale. Da sempre impegnato nelle esperienze pi\u00f9 diverse e pi\u00f9 stimolanti, \u00e8 apparso sulla scena jazzistica a met\u00e0 degli anni sessanta, imponendosi rapidamente come uno dei pi\u00f9 convincenti solisti del jazz europeo. La sua schiettezza umana ed artistica lo pone al di fuori di ogni schema e ne fa un musicista rigoroso ma incurante delle convenzioni. La sua poetica immediatamente riconoscibile, la sua sonorit\u00e0 lirica e struggente sempre sorretta da una stupefacente freschezza d\u2019ispirazione, risaltano fortemente in tutte le sue avventure musicali. Nominato \u201cCavaliere delle Arti e delle Lettere\u201d dal Ministro della Cultura Francese, nel 2002 ha anche ricevuto il prestigioso \u201cJazzpar Prize\u201d a Copenhagen. Negli ultimi\u00a0 anni \u00e8 comparso spesso ai primi posti\u00a0 del referendum della rivista americana Down Beat, nella sezione riservata ai trombettisti, alle spalle di Dave Douglas, Wynton Marsalis e Roy Hargrove. E nel referendum di quest&#8217;anno un gruppo europeo \u00e8 stato nominato per la prima volta nella classifica riservata ai migliori gruppi:\u00a0Tribe!\u00a0<\/p>\n<p>\u00a0<\/p>\n<p style=\"text-align: left;\" align=\"center\">INGRESSO 15,00 \u20ac<\/p>\n<p>\u00a0<\/p>\n<p><strong><span style=\"text-decoration: underline;\">Programma Jazz al Bargello<\/span><\/strong><\/p>\n<p>Luned\u00ec 8 settembre \u2013 Enrico Rava New Quartet<\/p>\n<p>Venerd\u00ec 12 settembre \u2013 Trilok Gurtu<\/p>\n<p>Luned\u00ec 15 settembre \u2013 Servillo, Mangalavite, Girotto<\/p>\n<p>\u00a0<\/p>\n<p>Inizio concerti ore 21.30<\/p>\n<p>Ingresso: \u00a0posto unico 15 euro<\/p>\n<p>Info: \u00a0055 240397 \u2013 www.eventimusicpool.it<\/p>\n<p>Prevendite: \u00a0www.boxol.it, www.ticketone.it<\/p>\n<p>(fonte: comunicato stampa)<\/p>\n","protected":false},"excerpt":{"rendered":"<p>Firenze, Cortile del Museo del Bargello dall&#8217;8 al 15 settembre 2014 Enrico Rava apre la rassegna fiorentina Torna Jazz al<\/p>\n","protected":false},"author":1,"featured_media":0,"comment_status":"open","ping_status":"open","sticky":false,"template":"","format":"standard","meta":[],"categories":[12],"tags":[],"yoast_head":"<!-- This site is optimized with the Yoast SEO plugin v18.0 - https:\/\/yoast.com\/wordpress\/plugins\/seo\/ -->\n<title>Jazz al Bargello | Arte e Luoghi<\/title>\n<meta name=\"robots\" content=\"index, follow, max-snippet:-1, max-image-preview:large, max-video-preview:-1\" \/>\n<link rel=\"canonical\" href=\"https:\/\/arteeluoghi.it\/index.php\/2014\/09\/07\/jazz-al-bargello\/\" \/>\n<meta property=\"og:locale\" content=\"it_IT\" \/>\n<meta property=\"og:type\" content=\"article\" \/>\n<meta property=\"og:title\" content=\"Jazz al Bargello | Arte e Luoghi\" \/>\n<meta property=\"og:description\" content=\"Firenze, Cortile del Museo del Bargello dall&#8217;8 al 15 settembre 2014 Enrico Rava apre la rassegna fiorentina Torna Jazz al\" \/>\n<meta property=\"og:url\" content=\"https:\/\/arteeluoghi.it\/index.php\/2014\/09\/07\/jazz-al-bargello\/\" \/>\n<meta property=\"og:site_name\" content=\"Arte e Luoghi\" \/>\n<meta property=\"article:publisher\" content=\"https:\/\/www.facebook.com\/ArteELuoghi\/\" \/>\n<meta property=\"article:published_time\" content=\"2014-09-07T14:01:43+00:00\" \/>\n<meta property=\"og:image\" content=\"https:\/\/arteeluoghi.it\/images\/bargellojazz14%20copia.jpg\" \/>\n<meta name=\"twitter:card\" content=\"summary\" \/>\n<meta name=\"twitter:creator\" content=\"@arteeluoghi\" \/>\n<meta name=\"twitter:site\" content=\"@arteeluoghi\" \/>\n<meta name=\"twitter:label1\" content=\"Scritto da\" \/>\n\t<meta name=\"twitter:data1\" content=\"Staff\" \/>\n\t<meta name=\"twitter:label2\" content=\"Tempo di lettura stimato\" \/>\n\t<meta name=\"twitter:data2\" content=\"4 minuti\" \/>\n<script type=\"application\/ld+json\" class=\"yoast-schema-graph\">{\"@context\":\"https:\/\/schema.org\",\"@graph\":[{\"@type\":\"Organization\",\"@id\":\"https:\/\/arteeluoghi.it\/#organization\",\"name\":\"Arte e Luoghi\",\"url\":\"https:\/\/arteeluoghi.it\/\",\"sameAs\":[\"https:\/\/www.facebook.com\/ArteELuoghi\/\",\"https:\/\/www.instagram.com\/arteeluoghi\/?hl=it\",\"https:\/\/www.youtube.com\/channel\/UCuRVc4JW4-C5sg9rQB-srkw?view_as=subscriber\",\"https:\/\/twitter.com\/arteeluoghi\"],\"logo\":{\"@type\":\"ImageObject\",\"@id\":\"https:\/\/arteeluoghi.it\/#logo\",\"inLanguage\":\"it-IT\",\"url\":\"https:\/\/arteeluoghi.it\/wp-content\/uploads\/2018\/08\/logoinstagramarte.jpg\",\"contentUrl\":\"https:\/\/arteeluoghi.it\/wp-content\/uploads\/2018\/08\/logoinstagramarte.jpg\",\"width\":150,\"height\":150,\"caption\":\"Arte e Luoghi\"},\"image\":{\"@id\":\"https:\/\/arteeluoghi.it\/#logo\"}},{\"@type\":\"WebSite\",\"@id\":\"https:\/\/arteeluoghi.it\/#website\",\"url\":\"https:\/\/arteeluoghi.it\/\",\"name\":\"Arte e Luoghi\",\"description\":\"Mensile di arte, cultura, turismo e curiosit\u00e0\",\"publisher\":{\"@id\":\"https:\/\/arteeluoghi.it\/#organization\"},\"potentialAction\":[{\"@type\":\"SearchAction\",\"target\":{\"@type\":\"EntryPoint\",\"urlTemplate\":\"https:\/\/arteeluoghi.it\/?s={search_term_string}\"},\"query-input\":\"required name=search_term_string\"}],\"inLanguage\":\"it-IT\"},{\"@type\":\"ImageObject\",\"@id\":\"https:\/\/arteeluoghi.it\/index.php\/2014\/09\/07\/jazz-al-bargello\/#primaryimage\",\"inLanguage\":\"it-IT\",\"url\":\"\/images\/bargellojazz14%20copia.jpg\",\"contentUrl\":\"\/images\/bargellojazz14%20copia.jpg\"},{\"@type\":\"WebPage\",\"@id\":\"https:\/\/arteeluoghi.it\/index.php\/2014\/09\/07\/jazz-al-bargello\/#webpage\",\"url\":\"https:\/\/arteeluoghi.it\/index.php\/2014\/09\/07\/jazz-al-bargello\/\",\"name\":\"Jazz al Bargello | Arte e Luoghi\",\"isPartOf\":{\"@id\":\"https:\/\/arteeluoghi.it\/#website\"},\"primaryImageOfPage\":{\"@id\":\"https:\/\/arteeluoghi.it\/index.php\/2014\/09\/07\/jazz-al-bargello\/#primaryimage\"},\"datePublished\":\"2014-09-07T14:01:43+00:00\",\"dateModified\":\"2014-09-07T14:01:43+00:00\",\"breadcrumb\":{\"@id\":\"https:\/\/arteeluoghi.it\/index.php\/2014\/09\/07\/jazz-al-bargello\/#breadcrumb\"},\"inLanguage\":\"it-IT\",\"potentialAction\":[{\"@type\":\"ReadAction\",\"target\":[\"https:\/\/arteeluoghi.it\/index.php\/2014\/09\/07\/jazz-al-bargello\/\"]}]},{\"@type\":\"BreadcrumbList\",\"@id\":\"https:\/\/arteeluoghi.it\/index.php\/2014\/09\/07\/jazz-al-bargello\/#breadcrumb\",\"itemListElement\":[{\"@type\":\"ListItem\",\"position\":1,\"name\":\"Home\",\"item\":\"https:\/\/arteeluoghi.it\/\"},{\"@type\":\"ListItem\",\"position\":2,\"name\":\"Jazz al Bargello\"}]},{\"@type\":\"Article\",\"@id\":\"https:\/\/arteeluoghi.it\/index.php\/2014\/09\/07\/jazz-al-bargello\/#article\",\"isPartOf\":{\"@id\":\"https:\/\/arteeluoghi.it\/index.php\/2014\/09\/07\/jazz-al-bargello\/#webpage\"},\"author\":{\"@id\":\"https:\/\/arteeluoghi.it\/#\/schema\/person\/f84e814e36e91e01448ee07eaadd41d4\"},\"headline\":\"Jazz al Bargello\",\"datePublished\":\"2014-09-07T14:01:43+00:00\",\"dateModified\":\"2014-09-07T14:01:43+00:00\",\"mainEntityOfPage\":{\"@id\":\"https:\/\/arteeluoghi.it\/index.php\/2014\/09\/07\/jazz-al-bargello\/#webpage\"},\"wordCount\":717,\"commentCount\":0,\"publisher\":{\"@id\":\"https:\/\/arteeluoghi.it\/#organization\"},\"image\":{\"@id\":\"https:\/\/arteeluoghi.it\/index.php\/2014\/09\/07\/jazz-al-bargello\/#primaryimage\"},\"thumbnailUrl\":\"\/images\/bargellojazz14%20copia.jpg\",\"articleSection\":[\"MUSICA\"],\"inLanguage\":\"it-IT\",\"potentialAction\":[{\"@type\":\"CommentAction\",\"name\":\"Comment\",\"target\":[\"https:\/\/arteeluoghi.it\/index.php\/2014\/09\/07\/jazz-al-bargello\/#respond\"]}]},{\"@type\":\"Person\",\"@id\":\"https:\/\/arteeluoghi.it\/#\/schema\/person\/f84e814e36e91e01448ee07eaadd41d4\",\"name\":\"Staff\",\"image\":{\"@type\":\"ImageObject\",\"@id\":\"https:\/\/arteeluoghi.it\/#personlogo\",\"inLanguage\":\"it-IT\",\"url\":\"https:\/\/secure.gravatar.com\/avatar\/49d2f9e46271bb04e19cebfaf141313a?s=96&d=blank&r=g\",\"contentUrl\":\"https:\/\/secure.gravatar.com\/avatar\/49d2f9e46271bb04e19cebfaf141313a?s=96&d=blank&r=g\",\"caption\":\"Staff\"}}]}<\/script>\n<!-- \/ Yoast SEO plugin. -->","yoast_head_json":{"title":"Jazz al Bargello | Arte e Luoghi","robots":{"index":"index","follow":"follow","max-snippet":"max-snippet:-1","max-image-preview":"max-image-preview:large","max-video-preview":"max-video-preview:-1"},"canonical":"https:\/\/arteeluoghi.it\/index.php\/2014\/09\/07\/jazz-al-bargello\/","og_locale":"it_IT","og_type":"article","og_title":"Jazz al Bargello | Arte e Luoghi","og_description":"Firenze, Cortile del Museo del Bargello dall&#8217;8 al 15 settembre 2014 Enrico Rava apre la rassegna fiorentina Torna Jazz al","og_url":"https:\/\/arteeluoghi.it\/index.php\/2014\/09\/07\/jazz-al-bargello\/","og_site_name":"Arte e Luoghi","article_publisher":"https:\/\/www.facebook.com\/ArteELuoghi\/","article_published_time":"2014-09-07T14:01:43+00:00","og_image":[{"url":"https:\/\/arteeluoghi.it\/images\/bargellojazz14%20copia.jpg"}],"twitter_card":"summary","twitter_creator":"@arteeluoghi","twitter_site":"@arteeluoghi","twitter_misc":{"Scritto da":"Staff","Tempo di lettura stimato":"4 minuti"},"schema":{"@context":"https:\/\/schema.org","@graph":[{"@type":"Organization","@id":"https:\/\/arteeluoghi.it\/#organization","name":"Arte e Luoghi","url":"https:\/\/arteeluoghi.it\/","sameAs":["https:\/\/www.facebook.com\/ArteELuoghi\/","https:\/\/www.instagram.com\/arteeluoghi\/?hl=it","https:\/\/www.youtube.com\/channel\/UCuRVc4JW4-C5sg9rQB-srkw?view_as=subscriber","https:\/\/twitter.com\/arteeluoghi"],"logo":{"@type":"ImageObject","@id":"https:\/\/arteeluoghi.it\/#logo","inLanguage":"it-IT","url":"https:\/\/arteeluoghi.it\/wp-content\/uploads\/2018\/08\/logoinstagramarte.jpg","contentUrl":"https:\/\/arteeluoghi.it\/wp-content\/uploads\/2018\/08\/logoinstagramarte.jpg","width":150,"height":150,"caption":"Arte e Luoghi"},"image":{"@id":"https:\/\/arteeluoghi.it\/#logo"}},{"@type":"WebSite","@id":"https:\/\/arteeluoghi.it\/#website","url":"https:\/\/arteeluoghi.it\/","name":"Arte e Luoghi","description":"Mensile di arte, cultura, turismo e curiosit\u00e0","publisher":{"@id":"https:\/\/arteeluoghi.it\/#organization"},"potentialAction":[{"@type":"SearchAction","target":{"@type":"EntryPoint","urlTemplate":"https:\/\/arteeluoghi.it\/?s={search_term_string}"},"query-input":"required name=search_term_string"}],"inLanguage":"it-IT"},{"@type":"ImageObject","@id":"https:\/\/arteeluoghi.it\/index.php\/2014\/09\/07\/jazz-al-bargello\/#primaryimage","inLanguage":"it-IT","url":"\/images\/bargellojazz14%20copia.jpg","contentUrl":"\/images\/bargellojazz14%20copia.jpg"},{"@type":"WebPage","@id":"https:\/\/arteeluoghi.it\/index.php\/2014\/09\/07\/jazz-al-bargello\/#webpage","url":"https:\/\/arteeluoghi.it\/index.php\/2014\/09\/07\/jazz-al-bargello\/","name":"Jazz al Bargello | Arte e Luoghi","isPartOf":{"@id":"https:\/\/arteeluoghi.it\/#website"},"primaryImageOfPage":{"@id":"https:\/\/arteeluoghi.it\/index.php\/2014\/09\/07\/jazz-al-bargello\/#primaryimage"},"datePublished":"2014-09-07T14:01:43+00:00","dateModified":"2014-09-07T14:01:43+00:00","breadcrumb":{"@id":"https:\/\/arteeluoghi.it\/index.php\/2014\/09\/07\/jazz-al-bargello\/#breadcrumb"},"inLanguage":"it-IT","potentialAction":[{"@type":"ReadAction","target":["https:\/\/arteeluoghi.it\/index.php\/2014\/09\/07\/jazz-al-bargello\/"]}]},{"@type":"BreadcrumbList","@id":"https:\/\/arteeluoghi.it\/index.php\/2014\/09\/07\/jazz-al-bargello\/#breadcrumb","itemListElement":[{"@type":"ListItem","position":1,"name":"Home","item":"https:\/\/arteeluoghi.it\/"},{"@type":"ListItem","position":2,"name":"Jazz al Bargello"}]},{"@type":"Article","@id":"https:\/\/arteeluoghi.it\/index.php\/2014\/09\/07\/jazz-al-bargello\/#article","isPartOf":{"@id":"https:\/\/arteeluoghi.it\/index.php\/2014\/09\/07\/jazz-al-bargello\/#webpage"},"author":{"@id":"https:\/\/arteeluoghi.it\/#\/schema\/person\/f84e814e36e91e01448ee07eaadd41d4"},"headline":"Jazz al Bargello","datePublished":"2014-09-07T14:01:43+00:00","dateModified":"2014-09-07T14:01:43+00:00","mainEntityOfPage":{"@id":"https:\/\/arteeluoghi.it\/index.php\/2014\/09\/07\/jazz-al-bargello\/#webpage"},"wordCount":717,"commentCount":0,"publisher":{"@id":"https:\/\/arteeluoghi.it\/#organization"},"image":{"@id":"https:\/\/arteeluoghi.it\/index.php\/2014\/09\/07\/jazz-al-bargello\/#primaryimage"},"thumbnailUrl":"\/images\/bargellojazz14%20copia.jpg","articleSection":["MUSICA"],"inLanguage":"it-IT","potentialAction":[{"@type":"CommentAction","name":"Comment","target":["https:\/\/arteeluoghi.it\/index.php\/2014\/09\/07\/jazz-al-bargello\/#respond"]}]},{"@type":"Person","@id":"https:\/\/arteeluoghi.it\/#\/schema\/person\/f84e814e36e91e01448ee07eaadd41d4","name":"Staff","image":{"@type":"ImageObject","@id":"https:\/\/arteeluoghi.it\/#personlogo","inLanguage":"it-IT","url":"https:\/\/secure.gravatar.com\/avatar\/49d2f9e46271bb04e19cebfaf141313a?s=96&d=blank&r=g","contentUrl":"https:\/\/secure.gravatar.com\/avatar\/49d2f9e46271bb04e19cebfaf141313a?s=96&d=blank&r=g","caption":"Staff"}}]}},"_links":{"self":[{"href":"https:\/\/arteeluoghi.it\/index.php\/wp-json\/wp\/v2\/posts\/1877"}],"collection":[{"href":"https:\/\/arteeluoghi.it\/index.php\/wp-json\/wp\/v2\/posts"}],"about":[{"href":"https:\/\/arteeluoghi.it\/index.php\/wp-json\/wp\/v2\/types\/post"}],"author":[{"embeddable":true,"href":"https:\/\/arteeluoghi.it\/index.php\/wp-json\/wp\/v2\/users\/1"}],"replies":[{"embeddable":true,"href":"https:\/\/arteeluoghi.it\/index.php\/wp-json\/wp\/v2\/comments?post=1877"}],"version-history":[{"count":0,"href":"https:\/\/arteeluoghi.it\/index.php\/wp-json\/wp\/v2\/posts\/1877\/revisions"}],"wp:attachment":[{"href":"https:\/\/arteeluoghi.it\/index.php\/wp-json\/wp\/v2\/media?parent=1877"}],"wp:term":[{"taxonomy":"category","embeddable":true,"href":"https:\/\/arteeluoghi.it\/index.php\/wp-json\/wp\/v2\/categories?post=1877"},{"taxonomy":"post_tag","embeddable":true,"href":"https:\/\/arteeluoghi.it\/index.php\/wp-json\/wp\/v2\/tags?post=1877"}],"curies":[{"name":"wp","href":"https:\/\/api.w.org\/{rel}","templated":true}]}}