{"id":1881,"date":"2014-09-10T23:58:54","date_gmt":"2014-09-10T21:58:54","guid":{"rendered":"http:\/\/arteeluoghi.it\/index.php\/2014\/09\/10\/nel-segno-di-beethoven\/"},"modified":"2014-09-10T23:58:54","modified_gmt":"2014-09-10T21:58:54","slug":"nel-segno-di-beethoven","status":"publish","type":"post","link":"https:\/\/arteeluoghi.it\/index.php\/2014\/09\/10\/nel-segno-di-beethoven\/","title":{"rendered":"Nel segno di Beethoven"},"content":{"rendered":"<p style=\"text-align: left;\" align=\"center\"><img src=\"\/images\/Benedetto Lupo 2.jpg\" border=\"0\" alt=\"\" style=\"float: right;\" \/>Venerd\u00ec 12 settembre nell\u2019Atrio dei Teatini (in caso di maltempo nella Basilica di Santa Croce) il concerto nel segno di Beethoven, Liadov e Prokoviev<\/p>\n<p><strong>IL PIANISTA BENEDETTO LUPO per il Festival Salento Classica<br \/><\/strong><\/p>\n<p>Continuano gli appuntamenti con il <strong>Festival Salento Classica <\/strong>organizzato dalla <strong>Fondazione ICO Tito Schipa <\/strong>per la direzione artistica di<strong> Ivan Fedele<\/strong>. Il protagonista del secondo concerto per pianoforte e orchestra \u2013 <em>in programma Venerd\u00ec 12 settembre nell\u2019Atrio dei Teatini (in caso di maltempo nella Basilica di Santa Croce), alle ore 21.00 <\/em>\u2013 \u00e8 il pianista <strong>Benedetto Lupo<\/strong>, docente all\u2019Accademia di Santa Cecilia a Roma. Sul podio torna come da programma il <strong>M\u00b0<\/strong> <strong>Stanislav Kochanovsky<\/strong>, il giovane direttore russo, infatti, diriger\u00e0 l\u2019<strong>Orchestra ICO Tito Schipa <\/strong>anche negli altri appuntamenti dedicati a Beethoven.<\/p>\n<p>  <!--more-->  <\/p>\n<p><img src=\"\/images\/Kochanovsky.jpg\" border=\"0\" title=\"M\u00b0 Stanislav Kochanovsky\" width=\"300\" style=\"margin: 21px; float: left;\" \/><\/p>\n<p>Considerato dalla critica internazionale come uno dei talenti pi\u00f9 interessanti e completi della sua generazione, <strong>Benedetto Lupo<\/strong> interpreter\u00e0 il <strong>Concerto n. 5, in mi bem magg. op. 73 di Ludvig van Beethoven<\/strong>. Conosciuto con la denominazione \u201cImperatore\u201d per la concezione monumentale, a partire dalla tonalit\u00e0 eroica e solenne del mi bemolle maggiore, e per il contesto bellico in atto tra Francia ed Austria nel periodo della sua composizione tra il 1808 e il 1809, il Concerto n. 5 non rinnega l\u2019ormai acquisito rapporto concertante tra il solista e l\u2019orchestra.<\/p>\n<p>In programma anche lo <strong><em>Scherzo<\/em><\/strong> op. 16 di <strong>Liadov<\/strong> e la Suite n. 2 da <strong><em>Romeo e Giulietta<\/em><\/strong> di <strong>Prokof\u2019ev<\/strong>.<\/p>\n<p>Un viaggio musicale che percorre tre personalit\u00e0, quello proposto al pubblico del secondo appuntamento con il <strong>Festival Salento Classica<\/strong>. Accanto al genio beethoveniano, infatti, imperdibili le atmosfere ottocentesche di <strong>Liadov<\/strong>, straordinario collezionista di miniature orchestrali, sognanti e cesellate al punto che gli valsero il soprannome di \u201cfabbro ferraio\u201d.<\/p>\n<p>La ricchezza musicale di questo secondo concerto, inoltre, \u00e8 ulteriormente impreziosita dai due brani postromantici tratti dalle suite di \u201c<strong>Romeo e Giulietta<\/strong>\u201d, il balletto in 4 atti e 10 quadri che fu scritto da <strong>Prokofiev<\/strong> tra il 1935 e 1936 e che segna l\u2019apice dell\u2019ardore creativo del compositore.<\/p>\n<p>Continua la campagna #savetheorchestra: partecipare ai concerti significa salvaguardare la cultura musicale del nostro Paese.<\/p>\n<p>\u00a0<\/p>\n<p><strong>I<\/strong><strong> b<\/strong><strong>iglietti, cos\u00ec come gli abbonamenti, sono disponibili presso il Castello Carlo V &#8211; via XXV Luglio, Lecce tel. 0832 246517. La biglietteria \u00e8 aperta tutti i giorni dalle ore 9.00 alle 20.30<\/strong><strong>, nei giorni di programmazione i biglietti sono disponibili presso i luoghi dei concerti dalle ore 20.00 in poi.<\/strong><strong>\u00a0<\/strong><\/p>\n<p>\u00a0<\/p>\n<p><strong>Stanislav Kochanovsky<\/strong> nasce e studia a San Pietroburgo dove si \u00e8 subito messo in evidenza per il suo inusuale talento diplomandosi precocemente in organo, composizione e direzione (coro e orchestra). Segnalato da direttori quali Mikhail Jurowsky, Yuri Simonov e Eric Klas, al suo debutto sul podio \u00e8 stato subito salutato dalla stampa come uno delle promesse pi\u00f9 interessanti della nuova scena musicale russa: \u201cHe is a natural and an intelligent musician with a fluent technique with a strong sense of sound and style\u201d scrive Colin Metters; \u201cI consider Mr. Kochanovsky one of the brightest and most promising young conductors in Russia today\u201d scrive Victor Yampolsky. Nel 2010 Stanislav Kochanovsky \u00e8 nominato Direttore Principale dell\u2019Orchestra Filarmonica di Kislovodsk (citt\u00e0 della Russia europea, situata alle pendici del Caucaso, che ha dato i natali allo scrittore Aleksandr Sol\u017eenicyn). Con questa orchestra ha gi\u00e0 diretto oltre 50 programmi sinfonici e 6 produzioni liriche. Fra questi ricordiamo il Prometheus (Poem of fire) e la Sinfonia n. 3 (Le Divin Poeme) di Scriabin, l\u2019integrale delle Sinfonie e la nuova produzione dell\u2019Aleko di Rachmaninov, Das Lied von der Erde di Mahler. Le tourn\u00e9e dell\u2019Orchestra a Kazan, Vladikavkaz e Mosca sono state acclimate dalla critica: &#8220;Orchestra led by S. Kochanovsky proved itself to be a firm, well-organized, balanced team, and has shown perfect ensemble with beautiful soft sound and inspiration. For the short time conductor succeeded to approach an ideal contact with the Orchestra&#8221; &#8211; Musical News in occasione del concerto alla Tchaikovsky Hall di Mosca. Contemporaneamente, nell\u2019opera, il giovane direttore inizia un\u2019intensa collaborazione con il Teatro Mikhailovsky di San Pietroburgo dove, fino ad oggi, ha diretto trenta titoli tra melodramma e balletto. Come direttore ospite Stanislav Kochanovsky ha bruciato le tappe debuttando in tutte le pi\u00f9 importanti orchestre e teatri del suo paese: tra questi ricordiamo il Teatro Mariinsky, l\u2019Orchestra Filarmonica di San Pietroburgo, l\u2019Orchestra Sinfonica Svetlanov, l\u2019Orchestra Filarmonica di Mosca, l\u2019Orchestra Filarmonica Nazionale Russa, le Orchestre Capella e Hermitage oltre alle Orchestra Sinfoniche di Volgograd e Yaroslavl: \u201cStanislav Kochanovsky a soli 30 anni \u00e8 diventato uno dei migliori direttori del suo paese, ospite di tutte le principali orchestre russe. [\u2026] E &#8216;gi\u00e0 evidente che questo giovane direttore \u00e8 un fenomeno: ha un senso della musica e dello stile incredibilmente raffinati.\u201d \u2013 scrive il Udm-info dopo il debutto con la prestigiosa Svetlanov Symphony Orchestra nel 2012. Il 2013 lo vede debuttare al Festival delle Notti Bianche di San Pietroburgo dirigendo per la prima volta l\u2019Orchestra Sinfonica del Mariinsky. Fra i solisti con cui collabora ricordiamo, fra gli altri, Denis Matsuev e Anna Netrebko. Negli ultimi anni, parallelamente alle sue attivit\u00e0 in Russia, la carriera internazionale si \u00e8 andata sviluppando con i primi importanti debutti presso l\u2019Accademia Nazionale di Santa Cecilia, la hr-Sinfonieorchester di Francoforte, la Finnish Radio Symphony, gli Hamburger Symphoniker. Altre collaborazioni lo hanno visto tornare pi\u00f9 volte sul podio della Svetlanov Orchestra anche in tourn\u00e9e in Russia e dirigere la Lithuanian Symphony Orchestra, la Tallinn Chamber Orchestra, fra le molte altre. In Italia ha anche diretto la Filarmonica Arturo Toscanini, l\u2019Orchestra Haydn Orchestra di Bolzano, I Pomeriggi Musicali, l\u2019Orchestra Sinfonica Tito Schipa. Fra i principali impegni futuri si segnala la tourn\u00e9e in Germania con la Svetlanov Orchestra e i debutti con l\u2019Orchestra Sinfonica di Milano Giuseppe Verdi e la Groninger Noordnederlands Orkest.<\/p>\n<p><strong>Benedetto Lupo<\/strong>, nato a Bari, ha iniziato gli studi musicali nella sua citt\u00e0, sotto la guida di Michele Marvulli -dopo un&#8217;audizione con Nino Rota- presso il Conservatorio &#8220;Niccol\u00f2 Piccinni&#8221;, concludendoli con Pierluigi Camicia e diplomandosi con il massimo dei voti, la lode e la menzione speciale. Ha studiato successivamente con Marisa Somma, Sergio Perticaroli, Aldo Ciccolini e frequentato le masterclass di Carlo Zecchi, Nikita Magaloff, Jorge Bolet e Murray Perahia. \u00a0Considerato dalla critica internazionale come uno dei \u00a0talenti \u00a0pi\u00f9 interessanti e completi della sua generazione, Benedetto \u00a0Lupo ha debuttato a tredici anni con \u00a0il Primo Concerto di Beethoven, imponendosi subito in numerosi concorsi internazionali, tra i quali il &#8220;Cortot&#8221; ed il &#8220;Ciudad de Ja\u00e9n&#8221; in Europa ed il &#8220;Robert Casadesus&#8221;, &#8220;Gina Bachauer&#8221; e &#8220;Van Cliburn&#8221; negli Stati Uniti. Nel \u00a01992, quando la sua \u00a0intensa \u00a0attivit\u00e0 concertistica \u00a0lo \u00a0vedeva \u00a0gi\u00e0 impegnato nelle Americhe, in Giappone ed in Europa, ha vinto a \u00a0Londra il \u00a0Premio \u00a0&#8220;Terence \u00a0Judd&#8221;. Benedetto Lupo ha suonato al Lincoln Center di New York, Salle Pleyel \u00a0a \u00a0Parigi, Wigmore Hall a Londra, Philharmonie a Berlino, Palais des Beaux Arts di Bruxelles, Festival Internazionale di Istanbul, Festival &#8220;Enescu&#8221; di Bucarest, Tivoli Festival di Copenaghen; per i pi\u00f9 importanti teatri italiani &#8220;\u201cTeatro alla Scala di Milano, San Carlo di Napoli, La Fenice di Venezia, Comunale di Bologna e di Firenze, Regio di Torino, Verdi di Trieste, Carlo Felice di Genova, Filarmonico di Verona e Massimo di Palermo- e per le maggiori istituzioni concertistiche nazionali, tra le quali l&#8217;Accademia di S. Cecilia, l&#8217;Orchestra Nazionale della RAI, l&#8217;Unione Musicale di Torino, La Societ\u00e0 del Quartetto di Milano, l&#8217;Accademia Filarmonica Romana, gli Amici della Musica di Firenze, il Festival Pianistico Internazionale &#8220;A.B. Michelangeli&#8221; di Bergamo e Brescia. Tra le orchestre di fama mondiale con cui ha suonato ricordiamo la Gewandhaus Orchester di Lipsia e la London Philharmonic dirette da Vladimir Jurowski, la Hall\u00e9 Orchestra, l&#8217;Orchestra di Montr\u00e9al e la Deutsches Symphonie-Orchester dirette da Kent Nagano, la Chicago Symphony, New World Symphony, Saint Louis Symphony e Seattle Symphony dirette da Bernard Labadie. Nel 2006, con l&#8217;Orchestra Sinfonica di Milano &#8220;Giuseppe Verdi&#8221;\u009d, diretta da Marko Letonja, ha effettuato una tourn\u00e9e in Italia per le pi\u00f9 importanti \u00a0istituzioni concertistiche, eseguendo il Concerto di Schumann e il 3\u00b0 Concerto di Rachmaninov. Altri direttori con cui spesso ha collaborato sono Yves Abel, Piero Bellugi, Umberto Benedetti Michelangeli, Daniele Callegari, Aldo Ceccato, Yoram David, Gabriele Ferro, L\u00e0\u00bc Jia, Pavel Kogan, Louis Langr\u00e9e, Alain Lombard, Juanjo Mena, \u00a0Daniel Oren, George Pehlivanian, Zoltan Pesko, Michel Plasson, Josep Pons e Alexander Vedernikov. Nel 2008 ha suonato con orchestra e in recital per il Mostly Mozart Festival di New York ed \u00e8 stato il solista al pianoforte del grande concerto beethoveniano in Canada per i 400 anni della fondazione della citt\u00e0 di Qu\u00e9bec, in cui \u00e8 stato proposto integralmente il programma beethoveniano del 22 dicembre 1808 a Vienna -che ebbe al pianoforte lo stesso Beethoven- con il 4\u00b0 Concerto, la Fantasia op.77 e la Fantasia Corale op.80. Nella stagione 2008-2009, oltre al debutto con la Chicago Symphony &#8220;\u201caccolto da un grandissimo successo di pubblico e di critica-, ha suonato con l&#8217;Orchestra Filarmonica di Rotterdam, l&#8217;Orchestra del Carlo Felice di Genova, del Comunale di Bologna, la Orquestra Sinfonica Brasileira di Rio de Janeiro e altre prestigiose orchestre europee e americane; \u00e8 stato anche ospite della prima edizione del Reate Festival, suonando la Fantasia Corale di Beethoven nel concerto conclusivo diretto da Kent Nagano. Nella stagione 2009-2010 sar\u00e0 ospite della Philadelphia Orchestra diretta da Vladimir Jurowski, torner\u00e0 a suonare con l&#8217;Orchestra dell&#8217;Accademia di Santa Cecilia di Roma diretta da Kent Nagano e con l&#8217;Orchestra Verdi di Milano diretta da Xian Zhang, e suoner\u00e0 con gli Stuttgarter Philharmoniker, l&#8217;O.R.T., e per numerose e prestigiose istituzioni europee e statunitensi. Nella stagione 2010-2011 sar\u00e0 ospite della Orquesta Nacional de Espa\u00e0na a Madrid e torner\u00e0 a suonare con l&#8217;Orchestra della Gewandhaus di Lipsia e l&#8217;Orchestra Verdi di Milano. Pianista \u00a0dal \u00a0vasto \u00a0repertorio, Benedetto Lupo ha \u00a0al \u00a0suo \u00a0attivo \u00a0anche un&#8217;importante attivit\u00e0 cameristica e didattica; insegna al Conservatorio &#8220;Nino Rota&#8221; di Monopoli, tiene masterclass presso importanti istituzioni internazionali ed \u00e8 spesso invitato nelle giurie di prestigiosi concorsi pianistici internazionali. Oltre alle sue registrazioni per numerose radiotelevisioni europee e statunitensi, Lupo ha inciso per TELDEC, BMG, VAI, NUOVA ERA e l&#8217;integrale delle composizioni per pianoforte e orchestra di Schumann per la ARTS. Nel 2005 \u00e8 uscita una nuova incisione del Concerto Soir\u00e9e di Nino Rota per Harmonia Mundi che ha ottenuto ben cinque premi internazionali, tra i quali il &#8220;Diapason d&#8217;Or&#8221;.<\/p>\n<p>(fonte: comunicato stampa)<\/p>\n","protected":false},"excerpt":{"rendered":"<p>Venerd\u00ec 12 settembre nell\u2019Atrio dei Teatini (in caso di maltempo nella Basilica di Santa Croce) il concerto nel segno di<\/p>\n","protected":false},"author":1,"featured_media":0,"comment_status":"open","ping_status":"open","sticky":false,"template":"","format":"standard","meta":[],"categories":[12],"tags":[],"yoast_head":"<!-- This site is optimized with the Yoast SEO plugin v18.0 - https:\/\/yoast.com\/wordpress\/plugins\/seo\/ -->\n<title>Nel segno di Beethoven | Arte e Luoghi<\/title>\n<meta name=\"robots\" content=\"index, follow, max-snippet:-1, max-image-preview:large, max-video-preview:-1\" \/>\n<link rel=\"canonical\" href=\"https:\/\/arteeluoghi.it\/index.php\/2014\/09\/10\/nel-segno-di-beethoven\/\" \/>\n<meta property=\"og:locale\" content=\"it_IT\" \/>\n<meta property=\"og:type\" content=\"article\" \/>\n<meta property=\"og:title\" content=\"Nel segno di Beethoven | Arte e Luoghi\" \/>\n<meta property=\"og:description\" content=\"Venerd\u00ec 12 settembre nell\u2019Atrio dei Teatini (in caso di maltempo nella Basilica di Santa Croce) il concerto nel segno di\" \/>\n<meta property=\"og:url\" content=\"https:\/\/arteeluoghi.it\/index.php\/2014\/09\/10\/nel-segno-di-beethoven\/\" \/>\n<meta property=\"og:site_name\" content=\"Arte e Luoghi\" \/>\n<meta property=\"article:publisher\" content=\"https:\/\/www.facebook.com\/ArteELuoghi\/\" \/>\n<meta property=\"article:published_time\" content=\"2014-09-10T21:58:54+00:00\" \/>\n<meta property=\"og:image\" content=\"https:\/\/arteeluoghi.it\/images\/Benedetto%20Lupo%202.jpg\" \/>\n<meta name=\"twitter:card\" content=\"summary\" \/>\n<meta name=\"twitter:creator\" content=\"@arteeluoghi\" \/>\n<meta name=\"twitter:site\" content=\"@arteeluoghi\" \/>\n<meta name=\"twitter:label1\" content=\"Scritto da\" \/>\n\t<meta name=\"twitter:data1\" content=\"Staff\" \/>\n\t<meta name=\"twitter:label2\" content=\"Tempo di lettura stimato\" \/>\n\t<meta name=\"twitter:data2\" content=\"8 minuti\" \/>\n<script type=\"application\/ld+json\" class=\"yoast-schema-graph\">{\"@context\":\"https:\/\/schema.org\",\"@graph\":[{\"@type\":\"Organization\",\"@id\":\"https:\/\/arteeluoghi.it\/#organization\",\"name\":\"Arte e Luoghi\",\"url\":\"https:\/\/arteeluoghi.it\/\",\"sameAs\":[\"https:\/\/www.facebook.com\/ArteELuoghi\/\",\"https:\/\/www.instagram.com\/arteeluoghi\/?hl=it\",\"https:\/\/www.youtube.com\/channel\/UCuRVc4JW4-C5sg9rQB-srkw?view_as=subscriber\",\"https:\/\/twitter.com\/arteeluoghi\"],\"logo\":{\"@type\":\"ImageObject\",\"@id\":\"https:\/\/arteeluoghi.it\/#logo\",\"inLanguage\":\"it-IT\",\"url\":\"https:\/\/arteeluoghi.it\/wp-content\/uploads\/2018\/08\/logoinstagramarte.jpg\",\"contentUrl\":\"https:\/\/arteeluoghi.it\/wp-content\/uploads\/2018\/08\/logoinstagramarte.jpg\",\"width\":150,\"height\":150,\"caption\":\"Arte e Luoghi\"},\"image\":{\"@id\":\"https:\/\/arteeluoghi.it\/#logo\"}},{\"@type\":\"WebSite\",\"@id\":\"https:\/\/arteeluoghi.it\/#website\",\"url\":\"https:\/\/arteeluoghi.it\/\",\"name\":\"Arte e Luoghi\",\"description\":\"Mensile di arte, cultura, turismo e curiosit\u00e0\",\"publisher\":{\"@id\":\"https:\/\/arteeluoghi.it\/#organization\"},\"potentialAction\":[{\"@type\":\"SearchAction\",\"target\":{\"@type\":\"EntryPoint\",\"urlTemplate\":\"https:\/\/arteeluoghi.it\/?s={search_term_string}\"},\"query-input\":\"required name=search_term_string\"}],\"inLanguage\":\"it-IT\"},{\"@type\":\"ImageObject\",\"@id\":\"https:\/\/arteeluoghi.it\/index.php\/2014\/09\/10\/nel-segno-di-beethoven\/#primaryimage\",\"inLanguage\":\"it-IT\",\"url\":\"\/images\/Benedetto Lupo 2.jpg\",\"contentUrl\":\"\/images\/Benedetto Lupo 2.jpg\"},{\"@type\":\"WebPage\",\"@id\":\"https:\/\/arteeluoghi.it\/index.php\/2014\/09\/10\/nel-segno-di-beethoven\/#webpage\",\"url\":\"https:\/\/arteeluoghi.it\/index.php\/2014\/09\/10\/nel-segno-di-beethoven\/\",\"name\":\"Nel segno di Beethoven | Arte e Luoghi\",\"isPartOf\":{\"@id\":\"https:\/\/arteeluoghi.it\/#website\"},\"primaryImageOfPage\":{\"@id\":\"https:\/\/arteeluoghi.it\/index.php\/2014\/09\/10\/nel-segno-di-beethoven\/#primaryimage\"},\"datePublished\":\"2014-09-10T21:58:54+00:00\",\"dateModified\":\"2014-09-10T21:58:54+00:00\",\"breadcrumb\":{\"@id\":\"https:\/\/arteeluoghi.it\/index.php\/2014\/09\/10\/nel-segno-di-beethoven\/#breadcrumb\"},\"inLanguage\":\"it-IT\",\"potentialAction\":[{\"@type\":\"ReadAction\",\"target\":[\"https:\/\/arteeluoghi.it\/index.php\/2014\/09\/10\/nel-segno-di-beethoven\/\"]}]},{\"@type\":\"BreadcrumbList\",\"@id\":\"https:\/\/arteeluoghi.it\/index.php\/2014\/09\/10\/nel-segno-di-beethoven\/#breadcrumb\",\"itemListElement\":[{\"@type\":\"ListItem\",\"position\":1,\"name\":\"Home\",\"item\":\"https:\/\/arteeluoghi.it\/\"},{\"@type\":\"ListItem\",\"position\":2,\"name\":\"Nel segno di Beethoven\"}]},{\"@type\":\"Article\",\"@id\":\"https:\/\/arteeluoghi.it\/index.php\/2014\/09\/10\/nel-segno-di-beethoven\/#article\",\"isPartOf\":{\"@id\":\"https:\/\/arteeluoghi.it\/index.php\/2014\/09\/10\/nel-segno-di-beethoven\/#webpage\"},\"author\":{\"@id\":\"https:\/\/arteeluoghi.it\/#\/schema\/person\/f84e814e36e91e01448ee07eaadd41d4\"},\"headline\":\"Nel segno di Beethoven\",\"datePublished\":\"2014-09-10T21:58:54+00:00\",\"dateModified\":\"2014-09-10T21:58:54+00:00\",\"mainEntityOfPage\":{\"@id\":\"https:\/\/arteeluoghi.it\/index.php\/2014\/09\/10\/nel-segno-di-beethoven\/#webpage\"},\"wordCount\":1683,\"commentCount\":0,\"publisher\":{\"@id\":\"https:\/\/arteeluoghi.it\/#organization\"},\"image\":{\"@id\":\"https:\/\/arteeluoghi.it\/index.php\/2014\/09\/10\/nel-segno-di-beethoven\/#primaryimage\"},\"thumbnailUrl\":\"\/images\/Benedetto Lupo 2.jpg\",\"articleSection\":[\"MUSICA\"],\"inLanguage\":\"it-IT\",\"potentialAction\":[{\"@type\":\"CommentAction\",\"name\":\"Comment\",\"target\":[\"https:\/\/arteeluoghi.it\/index.php\/2014\/09\/10\/nel-segno-di-beethoven\/#respond\"]}]},{\"@type\":\"Person\",\"@id\":\"https:\/\/arteeluoghi.it\/#\/schema\/person\/f84e814e36e91e01448ee07eaadd41d4\",\"name\":\"Staff\",\"image\":{\"@type\":\"ImageObject\",\"@id\":\"https:\/\/arteeluoghi.it\/#personlogo\",\"inLanguage\":\"it-IT\",\"url\":\"https:\/\/secure.gravatar.com\/avatar\/49d2f9e46271bb04e19cebfaf141313a?s=96&d=blank&r=g\",\"contentUrl\":\"https:\/\/secure.gravatar.com\/avatar\/49d2f9e46271bb04e19cebfaf141313a?s=96&d=blank&r=g\",\"caption\":\"Staff\"}}]}<\/script>\n<!-- \/ Yoast SEO plugin. -->","yoast_head_json":{"title":"Nel segno di Beethoven | Arte e Luoghi","robots":{"index":"index","follow":"follow","max-snippet":"max-snippet:-1","max-image-preview":"max-image-preview:large","max-video-preview":"max-video-preview:-1"},"canonical":"https:\/\/arteeluoghi.it\/index.php\/2014\/09\/10\/nel-segno-di-beethoven\/","og_locale":"it_IT","og_type":"article","og_title":"Nel segno di Beethoven | Arte e Luoghi","og_description":"Venerd\u00ec 12 settembre nell\u2019Atrio dei Teatini (in caso di maltempo nella Basilica di Santa Croce) il concerto nel segno di","og_url":"https:\/\/arteeluoghi.it\/index.php\/2014\/09\/10\/nel-segno-di-beethoven\/","og_site_name":"Arte e Luoghi","article_publisher":"https:\/\/www.facebook.com\/ArteELuoghi\/","article_published_time":"2014-09-10T21:58:54+00:00","og_image":[{"url":"https:\/\/arteeluoghi.it\/images\/Benedetto Lupo 2.jpg"}],"twitter_card":"summary","twitter_creator":"@arteeluoghi","twitter_site":"@arteeluoghi","twitter_misc":{"Scritto da":"Staff","Tempo di lettura stimato":"8 minuti"},"schema":{"@context":"https:\/\/schema.org","@graph":[{"@type":"Organization","@id":"https:\/\/arteeluoghi.it\/#organization","name":"Arte e Luoghi","url":"https:\/\/arteeluoghi.it\/","sameAs":["https:\/\/www.facebook.com\/ArteELuoghi\/","https:\/\/www.instagram.com\/arteeluoghi\/?hl=it","https:\/\/www.youtube.com\/channel\/UCuRVc4JW4-C5sg9rQB-srkw?view_as=subscriber","https:\/\/twitter.com\/arteeluoghi"],"logo":{"@type":"ImageObject","@id":"https:\/\/arteeluoghi.it\/#logo","inLanguage":"it-IT","url":"https:\/\/arteeluoghi.it\/wp-content\/uploads\/2018\/08\/logoinstagramarte.jpg","contentUrl":"https:\/\/arteeluoghi.it\/wp-content\/uploads\/2018\/08\/logoinstagramarte.jpg","width":150,"height":150,"caption":"Arte e Luoghi"},"image":{"@id":"https:\/\/arteeluoghi.it\/#logo"}},{"@type":"WebSite","@id":"https:\/\/arteeluoghi.it\/#website","url":"https:\/\/arteeluoghi.it\/","name":"Arte e Luoghi","description":"Mensile di arte, cultura, turismo e curiosit\u00e0","publisher":{"@id":"https:\/\/arteeluoghi.it\/#organization"},"potentialAction":[{"@type":"SearchAction","target":{"@type":"EntryPoint","urlTemplate":"https:\/\/arteeluoghi.it\/?s={search_term_string}"},"query-input":"required name=search_term_string"}],"inLanguage":"it-IT"},{"@type":"ImageObject","@id":"https:\/\/arteeluoghi.it\/index.php\/2014\/09\/10\/nel-segno-di-beethoven\/#primaryimage","inLanguage":"it-IT","url":"\/images\/Benedetto Lupo 2.jpg","contentUrl":"\/images\/Benedetto Lupo 2.jpg"},{"@type":"WebPage","@id":"https:\/\/arteeluoghi.it\/index.php\/2014\/09\/10\/nel-segno-di-beethoven\/#webpage","url":"https:\/\/arteeluoghi.it\/index.php\/2014\/09\/10\/nel-segno-di-beethoven\/","name":"Nel segno di Beethoven | Arte e Luoghi","isPartOf":{"@id":"https:\/\/arteeluoghi.it\/#website"},"primaryImageOfPage":{"@id":"https:\/\/arteeluoghi.it\/index.php\/2014\/09\/10\/nel-segno-di-beethoven\/#primaryimage"},"datePublished":"2014-09-10T21:58:54+00:00","dateModified":"2014-09-10T21:58:54+00:00","breadcrumb":{"@id":"https:\/\/arteeluoghi.it\/index.php\/2014\/09\/10\/nel-segno-di-beethoven\/#breadcrumb"},"inLanguage":"it-IT","potentialAction":[{"@type":"ReadAction","target":["https:\/\/arteeluoghi.it\/index.php\/2014\/09\/10\/nel-segno-di-beethoven\/"]}]},{"@type":"BreadcrumbList","@id":"https:\/\/arteeluoghi.it\/index.php\/2014\/09\/10\/nel-segno-di-beethoven\/#breadcrumb","itemListElement":[{"@type":"ListItem","position":1,"name":"Home","item":"https:\/\/arteeluoghi.it\/"},{"@type":"ListItem","position":2,"name":"Nel segno di Beethoven"}]},{"@type":"Article","@id":"https:\/\/arteeluoghi.it\/index.php\/2014\/09\/10\/nel-segno-di-beethoven\/#article","isPartOf":{"@id":"https:\/\/arteeluoghi.it\/index.php\/2014\/09\/10\/nel-segno-di-beethoven\/#webpage"},"author":{"@id":"https:\/\/arteeluoghi.it\/#\/schema\/person\/f84e814e36e91e01448ee07eaadd41d4"},"headline":"Nel segno di Beethoven","datePublished":"2014-09-10T21:58:54+00:00","dateModified":"2014-09-10T21:58:54+00:00","mainEntityOfPage":{"@id":"https:\/\/arteeluoghi.it\/index.php\/2014\/09\/10\/nel-segno-di-beethoven\/#webpage"},"wordCount":1683,"commentCount":0,"publisher":{"@id":"https:\/\/arteeluoghi.it\/#organization"},"image":{"@id":"https:\/\/arteeluoghi.it\/index.php\/2014\/09\/10\/nel-segno-di-beethoven\/#primaryimage"},"thumbnailUrl":"\/images\/Benedetto Lupo 2.jpg","articleSection":["MUSICA"],"inLanguage":"it-IT","potentialAction":[{"@type":"CommentAction","name":"Comment","target":["https:\/\/arteeluoghi.it\/index.php\/2014\/09\/10\/nel-segno-di-beethoven\/#respond"]}]},{"@type":"Person","@id":"https:\/\/arteeluoghi.it\/#\/schema\/person\/f84e814e36e91e01448ee07eaadd41d4","name":"Staff","image":{"@type":"ImageObject","@id":"https:\/\/arteeluoghi.it\/#personlogo","inLanguage":"it-IT","url":"https:\/\/secure.gravatar.com\/avatar\/49d2f9e46271bb04e19cebfaf141313a?s=96&d=blank&r=g","contentUrl":"https:\/\/secure.gravatar.com\/avatar\/49d2f9e46271bb04e19cebfaf141313a?s=96&d=blank&r=g","caption":"Staff"}}]}},"_links":{"self":[{"href":"https:\/\/arteeluoghi.it\/index.php\/wp-json\/wp\/v2\/posts\/1881"}],"collection":[{"href":"https:\/\/arteeluoghi.it\/index.php\/wp-json\/wp\/v2\/posts"}],"about":[{"href":"https:\/\/arteeluoghi.it\/index.php\/wp-json\/wp\/v2\/types\/post"}],"author":[{"embeddable":true,"href":"https:\/\/arteeluoghi.it\/index.php\/wp-json\/wp\/v2\/users\/1"}],"replies":[{"embeddable":true,"href":"https:\/\/arteeluoghi.it\/index.php\/wp-json\/wp\/v2\/comments?post=1881"}],"version-history":[{"count":0,"href":"https:\/\/arteeluoghi.it\/index.php\/wp-json\/wp\/v2\/posts\/1881\/revisions"}],"wp:attachment":[{"href":"https:\/\/arteeluoghi.it\/index.php\/wp-json\/wp\/v2\/media?parent=1881"}],"wp:term":[{"taxonomy":"category","embeddable":true,"href":"https:\/\/arteeluoghi.it\/index.php\/wp-json\/wp\/v2\/categories?post=1881"},{"taxonomy":"post_tag","embeddable":true,"href":"https:\/\/arteeluoghi.it\/index.php\/wp-json\/wp\/v2\/tags?post=1881"}],"curies":[{"name":"wp","href":"https:\/\/api.w.org\/{rel}","templated":true}]}}