{"id":1890,"date":"2014-09-23T13:11:00","date_gmt":"2014-09-23T11:11:00","guid":{"rendered":"http:\/\/arteeluoghi.it\/index.php\/2014\/09\/23\/artlab14\/"},"modified":"2014-09-23T13:11:00","modified_gmt":"2014-09-23T11:11:00","slug":"artlab14","status":"publish","type":"post","link":"https:\/\/arteeluoghi.it\/index.php\/2014\/09\/23\/artlab14\/","title":{"rendered":"ArtLab14. Territori, Pubblici, Sostenibilit\u00e0"},"content":{"rendered":"<p><img src=\"\/images\/ArtLab14_conferenza_stampa%203.JPG\" border=\"0\" title=\"un momento della conferenza di presentazione\" width=\"300\" style=\"margin: 21px; float: left;\" \/>Dal 24 al 27 settembre nel cuore di Lecce<\/p>\n<p style=\"text-align: left;\" align=\"center\"><strong>L&#8217;APPUNTAMENTO ANNUALE SUL MANAGEMENT CULTURALE<\/strong><\/p>\n<p><strong>Territori, Pubblici, Sostenibilit\u00e0<\/strong>: sono i <strong>percorsi tematici<\/strong> lungo i quali si snoderanno, dal 24 al 27 settembre 2014,\u00a0 quattro giorni di incontri, workshop, presentazioni, seminari e tavole rotonde sullo stato dell\u2019arte e le prospettive evolutive del \u201cpianeta cultura\u201d nel nostro Paese. A questi si aggiunge <strong>ArtLab+<\/strong>, un contenitore di eventi speciali che promette molte sorprese. &#8220;Si tratta di un\u2019occasione unica per affrontare da vicino il processo di candidatura della nostra citt\u00e0 a Capitale Europea della Cultura. Un\u2019avventura avvincente, una sfida ambiziosa che, a prescindere dal risultato finale, ha apportato una serie di contributi in termini di fattivit\u00e0 popolare e di attivit\u00e0 da parte di associazioni e istituzioni nei pi\u00f9 diversi ambiti della vita economica e culturale del Salento&#8221; cn queste parole il sindaco Paolo Perrone spiega l&#8217;assunto di partenza della nona edizione di Art Lab.<\/p>\n<p>Anche quest\u2019anno, dunque, <strong>Fondazione Fitzcarraldo<\/strong> riunisce a Lecce esponenti delle istituzioni locali, nazionali ed europee, professionisti, imprese, artisti, manager, operatori culturali e del Terzo Settore. Fil rouge della programmazione 2014 sar\u00e0<strong> la relazione tra cultura, crescita economica e sociale e sviluppo del territorio<\/strong>.<\/p>\n<p>  <!--more-->  <\/p>\n<p>\u00a0<\/p>\n<p>Cinque le location d\u2019eccezione: il <strong>Teatro Politeama Greco, Casa Eutopia, Officine Cantelmo, Palazzo Turrisi-Palumbo e il MUST<\/strong>. Garantire la pi\u00f9 ampia fruizione possibile di tutti i luoghi e le iniziative della manifestazione \u00e8 d\u2019obbligo per Fitzcarraldo: per <strong>questo la partecipazione \u00e8 gratuita e incontri, materiali e spazi sono pensati all\u2019insegna dell\u2019accessibilit\u00e0<\/strong>, tema da sempre centrale per ArtLab.<\/p>\n<p>Imprese, Terzo settore, societ\u00e0 civile e policy makers si confronteranno su come arte e cultura possono contribuire alla crescita economica e sociale dei territori.<\/p>\n<p>\u00a0<\/p>\n<p>Un ricco programma di eventi, sin dalla prima giornata caratterizzata dalla <strong><em>5\u00b0 tappa del Roadshow del Manifesto\u00a0 <\/em><\/strong>\u201c<strong><em>Fiducia e nuove risorse per la crescita del Terzo Settore\u201d<\/em> <\/strong>e la presentazione della<strong> <em>\u201cGuida alla conservazione programmata ad uso dei volontari<\/em>\u201d. <\/strong>Per il Percorso <strong>Territori <\/strong>si terr\u00e0 la presentazione della ricerca <strong>\u201c<em>Le fabbriche della creativit\u00e0. Un&#8217;analisi organizzativa dei distretti evoluti<\/em>\u201d <\/strong>di Pamela<strong> Palmi. <\/strong>Il contenitore speciale <strong>ArtLab+ <\/strong>infine ospiter\u00e0 la presentazione\u00a0 di <strong><em>TedxLecce, Fiera dell\u2019Innovazione, Bibliopride, Settimana della Cultura e Encact 2015<\/em> <\/strong>e in chiusura di giornata l\u2019incontro con il filosofo<strong>Diego Fusaro <\/strong>dal titolo<strong> <em>La via della cultura e del pensiero critico: il futuro \u00e8 nostro! <\/em><\/strong><\/p>\n<p>La seconda giornata di ArtLab14 si apre all\u2019insegna di un tema particolarmente caro e importante per l\u2019economia del nostro territorio, il turismo culturale con il seminario <strong><em>Politiche, strategie e strumenti per lo sviluppo del turismo culturale in Puglia, <\/em><\/strong>per il percorso <em>Territori<\/em>, che include\u00a0 anche altri due momenti, <strong>Oltre il giardino: i Festival e la dimensione internazionale <\/strong>e <strong>Nuove tecnologie per conoscere e vivere la cultura<\/strong><\/p>\n<p><strong><em>\u00a0<\/em><\/strong><\/p>\n<p>Ancora, uno dei temi della giornata sar\u00e0, per il percorso <em>Sostenibilit\u00e0<\/em>, la possibilit\u00e0 e nuove forme di finanziamento e contributo per la cultura, sviluppato\u00a0 in tre incontri\u00a0 : <strong>Oltre il contributo. Nuove forme di sussidiariet\u00e0 orizzontale in ambito culturale, Pillola formativa: 10 cose che non puoi non sapere sui programmi europei per la cultura, Pi\u00f9 credito per la cultura.<\/strong><\/p>\n<p>Il percorso <em>Pubblici<\/em> \u00a0presenta <strong>Nuove competenze per l\u2019imprenditoria culturale e l\u2019innovazione <\/strong>e a concludere anche la seconda giornata ancora una riflessione sulla filosofia con <strong>La filosofia salver\u00e0 il mondo? Armando Massarenti autore di \u201cIstruzioni per rendersi felici\u201d in dialogo con Michelina Borsari e Ada Fiore. <\/strong><\/p>\n<p>Le <strong>iscrizioni<\/strong> &#8211; come partecipanti, volontari dell\u2019organizzazione o giornalisti &#8211; sono aperte e tutte le informazioni su ArtLab 14 sono disponibili all\u2019indirizzo <a href=\"http:\/\/artlab.fitzcarraldo.it\/\">http:\/\/artlab.fitzcarraldo.it\/<\/a><\/p>\n<p>(fonte: comunicato stampa)<\/p>\n<hr \/>\n<p style=\"text-align: left;\">\u00a0<\/p>\n<p style=\"text-align: left;\" align=\"center\"><strong><span style=\"text-decoration: underline;\">Programma gioved\u00ec 25 settembre<\/span><\/strong><\/p>\n<p align=\"center\"><strong><span style=\"text-decoration: underline;\">\u00a0<br \/><\/span><\/strong><\/p>\n<p><em>Percorso territori<\/em><\/p>\n<p><strong>Camera 14 (con vista) <\/strong><\/p>\n<p><strong>Politiche, strategie e strumenti per lo sviluppo del turismo culturale in Puglia <\/strong><\/p>\n<p>MUST<\/p>\n<p>Ore 10.30 -13.30<\/p>\n<p>Introducono: \u00a0Luca dal Pozzolo, Direttore Osservatorio Culturale del Piemonte , Andrea Pollarini, Presidente della Scuola Superiore del Loisir, Rimini<\/p>\n<p>Modera: Adelmo Gaetani, giornalista<\/p>\n<p>\u00a0<\/p>\n<p>Una sovrabbondante retorica ha incrostato e appesantito in questi anni il binomio cultura-turismo di certezze non verificate, attese economiche sopra e sottostimate, avversioni elitarie ed entusiasmi velleitari, che hanno contribuito non poco ad annebbiare i dibattiti pubblici, relegando in secondo piano una valutazione razionale e approfondita delle traiettorie di programmazione congiunta tra beni culturali-ambiente e turismo. Nonostante ci\u00f2, molte esperienze concrete, sia positive che negative, hanno evidenziato alcuni elementi che dovrebbero essere ormai acquisiti come termini per la perimetrazione del campo entro cui operare. Ne proponiamo solo i pi\u00f9 evidenti.<\/p>\n<p>1) <strong>Il turismo non \u00e8 una conseguenza automatica di investimenti sui beni culturali, <\/strong><strong>o un effetto collaterale di un policy culturale. <\/strong><\/p>\n<p>2) <strong>Il turismo \u00e8 un fenomeno complesso, sfaccettato e ricco di ricadute; anche negative<\/strong>. <strong>Non esiste il turismo, esistono tanti turismi<\/strong>.<\/p>\n<p>\u00a03) <strong>Per i territori il turismo rappresenta sempre e comunque un\u2019opportunit\u00e0 e un rischio<\/strong>.<\/p>\n<p>E\u2019 su questo sfondo di considerazioni generali \u00a0che si chieder\u00e0 agli operatori diversamente coinvolti nell\u2019organizzazione del turismo e nella gestione e programmazione delle attivit\u00e0 culturali di arricchire il tema generale .<\/p>\n<p>A rispondere, commentare, interagire con quest\u2019ordine di questioni sono chiamate le istituzioni in un secondo giro di opinioni per focalizzare i termini operativi.<\/p>\n<p>\u00a0<\/p>\n<p><em>Percorso sostenibilit\u00e0 <\/em><\/p>\n<p><strong>Oltre il contributo. Nuove forme di sussidiariet\u00e0 orizzontale in ambito culturale<\/strong><\/p>\n<p>In collaborazione con Associazione RENA<\/p>\n<p>PALAZZO TURRISI &#8211; PALUMBO<\/p>\n<p>Ore 11 &#8211; 13.30<\/p>\n<p>Incontro con iscrizione obbligatoria a: artlab@fitzcarraldo.it<\/p>\n<p>\u00a0<\/p>\n<p>Da un lato, una crisi economica e sociale con cui fare i conti; dall\u2019altro, una sempre maggiore diffusione delle nuove tecnologie, che ha dato il via a un nuovo tipo di intelligenza e collaborazione diffusa, basata su relazioni strette, dinamiche, fiduciarie. A modalit\u00e0 di scambio orizzontali, a micro-molteplicit\u00e0, macroscopicamente pi\u00f9 pregnanti e partecipate. Queste realt\u00e0 culturali \u201cminori\u201d sono cresciute in un contesto sociale in trasformazione, sono parte integrante e attiva di questo nuovo modus vivendi, hanno dovuto e devono starci in mezzo per sostanziare s\u00e9 stesse ed \u00e8 il contesto stesso ad avere bisogno delle loro capacit\u00e0. Queste realt\u00e0, costituite da operatori che sono al contempo cittadini e fruitori, danno vita inevitabilmente a fenomeni e spazi fisici e mentali ibridi, chiamano l\u2019azione culturale ad attivare la propria comunit\u00e0 di riferimento nella co-produzione del progetto stesso, utilizzano l\u2019azione culturale come un mezzo per affrontare criticit\u00e0 territoriali, temi controversi, riconnettere tessuti e relazioni: non progetti \u201ca s\u00e9 stanti\u201d, ma inseriti in un hic et nunc preciso.<\/p>\n<p>Che sia l\u2019impiego di denaro pubblico o privato, che vi sia una partecipazione economica diretta dei fruitori, \u00e8 necessario accettare l\u2019idea che quello culturale sia oggi un settore economico in piena regola, con una elevatissima valenza sociale, e che in quanto tale debba essere fondato sulla base dei pi\u00f9 onesti valori di trasparenza, equilibrio e responsabilit\u00e0 di tutti gli attori in gioco, che devono studiare congiuntamente nuove forme di relazione e sussidiariet\u00e0, definendole in un quadro disciplinare chiaro e quanto pi\u00f9 possibile semplice. Convenzioni pluriennali, concessioni ed usufrutti, agevolazioni fiscali e amministrative, partnership tecniche, finanziamenti parziali, tassi agevolati, crowdfunding, riconoscimento di reti di relazione, cooperative-paese: questi sono solo alcuni degli strumenti possibili, in diversi casi gi\u00e0 sperimentati con successo, attuabili insieme o al di l\u00e0 del contributo in denaro, che possono concorrere a stabilizzare le strutture culturali e chi vi opera (legittimandole nella loro autonomia e professionalit\u00e0), a rendere sempre pi\u00f9 capillare e immediato l\u2019accesso alle attivit\u00e0 culturali e al patrimonio, a concorrere, attraverso l\u2019azione culturale, alle pratiche di buon governo, avendo come fine ultimo e condiviso il benessere della propria comunit\u00e0.<\/p>\n<p>\u00a0<\/p>\n<p><em>Percorso sostenibilit\u00e0<\/em><\/p>\n<p><strong>Pillola formativa: 10 cose che non puoi non sapere sui programmi europei per la cultura<\/strong><\/p>\n<p>CASA EUTOPIA<\/p>\n<p>Ore 12 &#8211; 13.30<\/p>\n<p>A cura di: Ludovica De Angelis, Project manager e researcher, Melting Pro, Roma<\/p>\n<p>\u00a0<\/p>\n<p><em>Percorso territori<\/em><\/p>\n<p><strong>Oltre il giardino: i Festival e la dimensione internazionale <\/strong><\/p>\n<p>Incontro legato alla presentazione del progetto EFFE<\/p>\n<p>PALAZZO TURRISI &#8211; PALUMBO<\/p>\n<p>Ore 15 &#8211; 17<\/p>\n<p>\u00a0<\/p>\n<p>Ma \u00e8 davvero necessario (o imprescindibile) per un festival, oggi, guardare all\u2019Europa?<\/p>\n<p>E, soprattutto, cosa vuol dire sviluppare una dimensione internazionale per un festival? Trovare dei partner europei con i quali condividere una progettualit\u00e0, la realizzazione di uno spettacolo, l\u2019organizzazione di una tourn\u00e9e? O sviluppare una dimensione internazionale significa cooperare per progettare congiuntamente qualsivoglia attivit\u00e0 culturale che possa nascere dall\u2019analisi di urgenze artistiche che vogliono leggere il presente?<\/p>\n<p>E, inoltre, lo sguardo all\u2019Europa nasce solo sotto l\u2019egida della convergenza artistica? O pu\u00f2 nascere anche per rispondere al desiderio di avviare nuovi modelli organizzativi e gestionali, in cui le economie di scala sono maggiormente efficaci se sviluppate secondo una logica di inclusivit\u00e0 fra settori non solo artistici, ma culturali ed economici, oltre che sociali e antropologici attigui?<\/p>\n<p>Guardare all\u2019Europa significa anche guardare ai pubblici di domani, ai nativi digitali, per i quali i confini spazio temporali assumono dimensioni sempre pi\u00f9 blande, flessibili e labili e che hanno mutato la natura stessa dei consumi culturali, alimentando modelli sempre pi\u00f9 partecipativi, relazionali, esperienziali, in cui diventa difficile districare la componente digitale da quella reale e in cui sfumano le categorie stesse del produttore e del consumatore.<\/p>\n<p>Esiste davvero una strada corretta da perseguire? Parzialmente, una risposta la si pu\u00f2 trovare nel nuovo programma quadro europeo di sostegno alla cultura e alla creativit\u00e0, \u201cEuropa Creativa\u201d, che copre un orizzonte temporale fino al 2020, nel cui indirizzo generale si evidenzia la frammentariet\u00e0 dei mercati culturali europei e la necessit\u00e0 di ampliare i pubblici di tali prodotti &#8211; superando in tal modo barriere linguistiche e nazionali -.<\/p>\n<p>Anche nel mondo culturale viene a manifestarsi la necessit\u00e0 di lavorare con i legami sociali, di \u2018fare societ\u00e0\u2019 instaurando nuove relazioni produttive che riescano sia a contribuire al bene comune, sia a generare quella legittimit\u00e0 e quell\u2019entusiasmo necessari per il funzionamento e la competitivit\u00e0 di un festival.<\/p>\n<p>Una logica di partecipazione estesa a 360 su diverse direttrici forse si rivela la strada maggiormente percorribile da parte di quei festival (soprattutto meno istituzionali e pi\u00f9 giovani) per meglio adattarsi e muoversi in Europa.<\/p>\n<p>\u00a0<\/p>\n<p>A seguire:<\/p>\n<p>\u00a0<\/p>\n<p><em>Artlab+<\/em><\/p>\n<p><strong>Presentazione Progetto EFFE -Europe for Festivals, Festivals for Europe<\/strong><\/p>\n<p><strong>In collaborazione con EFA &#8211; European Festival Association<\/strong><\/p>\n<p>PALAZZO TURRISI &#8211; PALUMBO<\/p>\n<p>Ore 17 &#8211; 17.30<\/p>\n<p>\u00a0<\/p>\n<p>Interventi:<br \/> Ugo Bacchella, Presidente Fondazione Fitzcarraldo, Kathrin Deventer, Segretario Generale EFA &#8211; European Festival Association, Francesco Maria Perrotta, Presidente Italiafestival, Roma*<\/p>\n<p>\u00a0<\/p>\n<p>EFFE &#8211; Europe for Festivals, Festivals for Europe, \u00e8 un progetto pilota della Commissione Europea mirato alla creazione di\u00a0una Piattaforma Europea per i Festival attivi nel campo della cultura. Promosso dall&#8217;EFA &#8211; European Festivals Association\u00a0&#8211; rappresenta un&#8217;opportunit\u00e0 per gli operatori che desiderano promuovere il loro festival a livello europeo e trovare\u00a0nuove occasioni per fare network. Il programma, che desidera promuovere eccellenza e innovazione nel mondo dei\u00a0festival, premia l&#8217;impegno artistico, la capacit\u00e0 di coinvolgimento delle comunit\u00e0 locali e la vocazione europea e globale\u00a0di un festival attraverso una serie di riconoscimenti: la Label dei Festival, il Premio dei festival e la Guida cartacea e\u00a0<\/p>\n<p>multimediale che raccoglie dettagliate informazioni sulle migliori realt\u00e0 presenti sul territorio europeo.<\/p>\n<p><em>\u00a0<\/em><\/p>\n<p><em>Percorso pubblici<\/em><\/p>\n<p><strong>Nuove competenze per l\u2019imprenditoria culturale e l\u2019innovazione <\/strong><\/p>\n<p>MUST<\/p>\n<p>Ore 15 &#8211; 17<\/p>\n<p>\u00a0<\/p>\n<p>Introduce: Annibale D&#8217;Elia, Dirigente dell&#8217;Ufficio Politiche Giovanili della\u00a0Regione Puglia<\/p>\n<p>Modera: Ugo Bacchella, Presidente Fondazione Fitzcarraldo, Interventi: Alberto Carpaneto, Direttore Fondazione Human Plus, Torino, Luca Fois, Docente di Comunicazione, Scuola del Design, Politecnico di Milano, Carlo Forcolini, Vice Chairman\u00a0IED, Istituto Europeo di Design, Bertram Niessen, Project Manager del bando cheFare, Associazione culturale Doppiozero, Milano, Giovanni Petrini, Principal Avanzi, Milano<\/p>\n<p>Alessandra Valerio, Progetti internazionali Fondazione Cariplo, Milano*, Note a margine: Flaviano Zandonai, Euricse -Iris Network.<\/p>\n<p>\u00a0<\/p>\n<p>\u00a0\u201cGli analfabeti del futuro non saranno quelli che non sanno leggere e scrivere ma quelli che non saranno capaci di imparare, disimparare e imparare di nuovo\u201d.<\/p>\n<p>Si chiudeva cos\u00ec, al TedX di Lecce di due anni fa, l\u2019intervento di Marco Zamperini, meglio noto come Funky Professor, uno che di imprenditorialit\u00e0 e innovazione se ne intendeva.<\/p>\n<p>Parto da qui, per introdurre il tema dell\u2019incontro. E aggiungo alcuni punti che ho buttato gi\u00f9 basandomi sull\u2019esperienza che stiamo facendo con Bollenti Spiriti nel campo delle politiche per i giovani e dell\u2019educazione all\u2019imprenditorialit\u00e0.<\/p>\n<p>Il <strong>primo punto <\/strong>\u2013 ovvio &#8211; \u00e8 che la faccenda ci riguarda tutti.<\/p>\n<p><strong>Secondo punto<\/strong>, altrettanto ovvio: chi sta imparando deve poter mettere le mani sulle cose.<\/p>\n<p><strong>Terzo punto. <\/strong>Imparare \u00e8 un atto volontario, consapevole. Non \u00e8 una questione di funzioni ma di intenzioni.<\/p>\n<p><strong>Quarto e ultimo punto<\/strong>. Imparare non vuol dire (solo) seguire un corso. Un docente, certo, deve conoscere a fondo ci\u00f2 che insegna. E, possibilmente, dovrebbe averlo messo in pratica in prima persona. Ma si impara soprattutto dal contesto in cui si \u00e8 immersi. Dall\u2019ambiente, o come si dice oggi, dall\u2019\u201cecosistema\u201d.<\/p>\n<p>Pi\u00f9 che un erogatore efficiente di servizi, chi si occupa di apprendimento dovrebbe diventare un costruttore di contesti.<\/p>\n<p>\u00a0<\/p>\n<p><em>Percorso sostenibilit\u00e0<\/em><br \/> <strong>Pi\u00f9 credito per la cultura<\/strong><\/p>\n<p>In collaborazione con Istituto di Credito Sportivo e COFIDI<\/p>\n<p>MUST<\/p>\n<p>Ore 15 &#8211; 17<\/p>\n<p>\u00a0<\/p>\n<p>Introduce: Eduardo Gugliotta, Responsabile del Supporto Commerciale e Marketing, Istituto per il Credito Sportivo<\/p>\n<p>Interventi: Luca Celi, Presidente COFIDI Puglia, Antonio De Rosa, Sovrintendente Ravenna Festival<\/p>\n<p>Chiara Galloni, Principal Articolture, Bologna, Carmelo Grassi, Presidente Consorzio Teatro Pubblico Pugliese e Presidente AGIS Puglia e Basilicata, Pietro Marcolini Assessore Cultura e Bilancio, Regione Marche , Lorenzo Pestellini, Segretario Nazionale AGIS*<\/p>\n<p>\u00a0<\/p>\n<p>La tavola rotonda \u201cpi\u00f9 credito alla cultura\u201d vuole essere un\u2019occasione di confronto tra gli attori istituzionali e settoriali dell\u2019impresa culturale e creativa e l\u2019istituzione bancaria rispetto alle esigenze di credito espresse dal settore. Un tavolo dove banca e operatori culturali possano dialogare su come soggetti di norma considerati dal sistema creditizio \u201cbancabilmente deboli\u201d possano e debbano oggi essere messi nelle condizioni di poter accedere al credito.<\/p>\n<p>Nel quadro attuale diventa una priorit\u00e0 assoluta cercare nuove forme di sostenibilit\u00e0 economica e finanziaria che aiutino gli operatori culturali in una gestione pi\u00f9 equilibrata ed efficiente delle strutture e delle attivit\u00e0.<\/p>\n<p>In un sistema di risorse e flussi finanziari incerti, dovuti ai ritardi strutturali e agli impedimenti degli enti pubblici (patto di stabilit\u00e0) e a fronte di una struttura dei costi poco elastica, le attivit\u00e0 culturali sono programmate (e spesso realizzate) a patto di riuscire ad avere anticipatamente le risorse per coprire le spese di produzione e realizzazione. La sfida diventa trovare la copertura anno dopo anno.<\/p>\n<p>Ne consegue che se fundraising e nuove competenza nello stakeholder management diventano fondamentali, indispensabile \u00e8 anche la capacit\u00e0 lato banca e lato operatori di interrogarsi e rispondere al mercato della cultura con l\u2019identificazione e l\u2019attivazione di prodotti e servizi finanziari (prodotti specifici, anticipazioni di credito, fondo di garanzia, gestione dei fondi strutturali ed europei) rispondenti efficacemente alle esigenze delle organizzazioni, delle istituzioni e delle imprese attive sui mercati culturali.<\/p>\n<p>La precariet\u00e0 di questi equilibri chiaramente non agevola il rapporto con il sistema del credito che dovrebbe intervenire quale strumento a supporto delle organizzazioni culturali, per far fronte alle dinamiche degli incassi\/pagamenti del settore o per finanziare piani di investimento.<\/p>\n<p><em>\u00a0<\/em><\/p>\n<p><em>Percorso territori<\/em><\/p>\n<p><strong>Nuove tecnologie per conoscere e vivere la cultura<\/strong><\/p>\n<p>MUST<\/p>\n<p>Ore 15.30 \u2013 17.30<\/p>\n<p>\u00a0<\/p>\n<p>Introduce:\u00a0Silvia Boi, Responsabile progetti sui beni culturali e turismo, Dipartimento di Ricerca e Sviluppo Engineering Ingegneria Informatica<\/p>\n<p>Interventi: Luca Bevilacqua, Head Tourism and Culture R&amp;D lab, Engineering Ingegneria Informatica, Napoli, Rita Cucchiara, Direttore del Centro Softech-ICT, Universit\u00e0 di Modena e Reggio Emilia, Francesco Gabellone, Responsabile scientifico CNR-IBAM, Lecce, Luca Mainetti, Professore Associato, Facolt\u00e0 di Ingegneria, Universit\u00e0 del Salento , Antonio Petruzzella, Project Manager del Progetto Liguria Heritage<\/p>\n<p>Alessandra Spada, Socio TSC Consulting, Cagliari<\/p>\n<p>\u00a0<\/p>\n<p>Quanto possono incidere le nuove tecnologie sull\u2019effettiva valorizzazione dei beni culturali e sullo sviluppo del territorio? A questa domanda daranno una risposta concreta alcuni partner del Progetto di ricerca DiCet- InMoto e Gianluca Petruzzella, Project Manager del Progetto Liguria Heritage che, presentando i risultati delle loro attivit\u00e0, ci mostreranno come l\u2019uso delle pi\u00f9 recenti tecnologie renda possibile visitare la citt\u00e0 di Lecce e i principali siti culturali liguri in modi nuovi e innovativi.\u00a0<\/p>\n<p>\u00a0<\/p>\n<p>\u00a0<\/p>\n<p><em>Artlab+<\/em><\/p>\n<p>Sessione Plenaria<\/p>\n<p><strong>Io sono cultura: l\u2019Italia della qualit\u00e0 e della bellezza sfida la crisi<\/strong><\/p>\n<p><strong>Dialogo intorno al Rapporto 2014 a cura di Fondazione Symbola e Unioncamere <\/strong><\/p>\n<p>OFFICINE CANTELMO<\/p>\n<p>Ore 18 &#8211; 20<\/p>\n<p>\u00a0<\/p>\n<p>Prologo: Michiel Schwarz, Innovatore culturale e consulente strategico, Amsterdam<\/p>\n<p>Introduzione: Claudio Gagliardi, Segretario Generale Unioncamere<\/p>\n<p>Modera: Ugo Bacchella, Presidente Fondazione Fitzcarraldo<\/p>\n<p>Interventi: Cristina Alga, Manager culturale, CLAC Centro Laboratorio Arti Contemporanee, Palermo<\/p>\n<p>Carlo Forcolini, Vice Chairman\u00a0IED, Istituto Europeo di Design, Pietro Marcolini Assessore Cultura e Bilancio, Regione Marche, Francesco Palumbo, Direttore Area Politiche per la Promozione del Territorio, dei Saperi e dei Talenti, Regione Puglia, Fabio Renzi, Segretario Generale Fondazione Symbola<\/p>\n<p>Erminia Sciacchitano, Policy Officer &#8211; Culture &#8211; Heritage, Economy of Culture, European Commision, Directorate-General for Education and Culture (DG EAC) Unit E1 &#8211; Culture policy and intercultural dialogue<\/p>\n<p>\u00a0<\/p>\n<p>Il rapporto 2014, realizzato da Fondazione Symbola e Unioncamere in partnership con Fondazione Fitzcarraldo e Si.Camera e con il contributo di quaranta esperti e operatori, \u00e8 l\u2019unico studio che annualmente quantifica il peso della cultura nell\u2019economia nazionale non limitando il campo d\u2019osservazione ai settori tradizionalmente intesi della cultura dei beni storico-artistici, ma allargando il perimetro per comprendere la dimensione culturale e creativa nel complesso delle attivit\u00e0 economiche italiane.<\/p>\n<p>Il sistema culturale \u00e8 classificato in quattro macro settori: le industrie culturali propriamente dette, le industrie creative, il patrimonio culturale e architettonico, le performing arts e le arti visive.<\/p>\n<p>Accanto all\u2019analisi quantitativa, rafforzata dalla presentazione di alcune esperienze e storie aziendali, il rapporto contiene un\u2019indagine sulla filiera allargata attivata dalla cultura, turismo innanzitutto, nonch\u00e9 un\u2019analisi della distribuzione geografica del sistema culturale su base regionale.<\/p>\n<p>\u00a0<\/p>\n<p>\u00a0<\/p>\n<p><em>Artlab+<\/em><\/p>\n<p><strong>La filosofia salver\u00e0 il mondo?<\/strong><\/p>\n<p><strong>Armando Massarenti autore di \u201cIstruzioni per rendersi felici\u201d in dialogo con Michelina Borsari e Ada Fiore<\/strong><\/p>\n<p>OFFICINE CANTELMO<\/p>\n<p>Ore 21.30<\/p>\n<p>\u00a0<\/p>\n<p>Interventi: \u00a0Michelina Borsari, Direttore Scientifico Festival Filosofia di Modena, Carpi e Sassuolo; Ada Fiore, Filosofa e Sindaco di Corigliano d\u2019Otranto (Le); Armando Massarenti, Direttore\u00a0supplemento culturale\u00a0Domenica\u00a0de Il Sole 24 Ore, Milano<\/p>\n<p>\u00a0<\/p>\n<p>La conquista della felicit\u00e0 \u00e8 il nostro chiodo fisso, inutile negarlo. Solo che, come per un sortilegio, pare che siamo irresistibilmente orientati a cercarla dove non c\u2019\u00e8. Armando Massarenti suggerisce una via per trovare, ognuno con i propri mezzi, l\u2019equilibrio necessario. La scommessa di questo libro \u00e8 mostrare che una formula, neppure tanto complicata, ce l\u2019avevano proposta i filosofi antichi, elaborando massime ed esercizi pratici che disegnavano stili di vita improntati alla saggezza e al buon vivere. E l\u2019efficacia di tale formula \u00e8 oggi confermata dagli esperimenti e dalle nuove scoperte di neuroscienziati e psicologi morali: da qui la proposta di tornare ad attingere a una fonte che i secoli non hanno affatto inaridito. Cos\u00ec, dall\u2019eros all\u2019amicizia, dalla politica alla conoscenza, dalla bellezza alla morale, Platone e Aristotele, Eraclito e Democrito, Epitteto e Marco Aurelio, Epicuro e Lucrezio, Seneca e Cicerone ci insegnano ad abbandonare le vie sbagliate e gli errori pi\u00f9 comuni per trasformarci in fortunati cercatori di felicit\u00e0.<\/p>\n<p>\u00a0<\/p>\n<p>Programma<\/p>\n","protected":false},"excerpt":{"rendered":"<p>Dal 24 al 27 settembre nel cuore di Lecce L&#8217;APPUNTAMENTO ANNUALE SUL MANAGEMENT CULTURALE Territori, Pubblici, Sostenibilit\u00e0: sono i percorsi<\/p>\n","protected":false},"author":1,"featured_media":0,"comment_status":"open","ping_status":"open","sticky":false,"template":"","format":"standard","meta":[],"categories":[28],"tags":[],"yoast_head":"<!-- This site is optimized with the Yoast SEO plugin v18.0 - https:\/\/yoast.com\/wordpress\/plugins\/seo\/ -->\n<title>ArtLab14. Territori, Pubblici, Sostenibilit\u00e0 | Arte e Luoghi<\/title>\n<meta name=\"robots\" content=\"index, follow, max-snippet:-1, max-image-preview:large, max-video-preview:-1\" \/>\n<link rel=\"canonical\" href=\"https:\/\/arteeluoghi.it\/index.php\/2014\/09\/23\/artlab14\/\" \/>\n<meta property=\"og:locale\" content=\"it_IT\" \/>\n<meta property=\"og:type\" content=\"article\" \/>\n<meta property=\"og:title\" content=\"ArtLab14. Territori, Pubblici, Sostenibilit\u00e0 | Arte e Luoghi\" \/>\n<meta property=\"og:description\" content=\"Dal 24 al 27 settembre nel cuore di Lecce L&#8217;APPUNTAMENTO ANNUALE SUL MANAGEMENT CULTURALE Territori, Pubblici, Sostenibilit\u00e0: sono i percorsi\" \/>\n<meta property=\"og:url\" content=\"https:\/\/arteeluoghi.it\/index.php\/2014\/09\/23\/artlab14\/\" \/>\n<meta property=\"og:site_name\" content=\"Arte e Luoghi\" \/>\n<meta property=\"article:publisher\" content=\"https:\/\/www.facebook.com\/ArteELuoghi\/\" \/>\n<meta property=\"article:published_time\" content=\"2014-09-23T11:11:00+00:00\" \/>\n<meta property=\"og:image\" content=\"https:\/\/arteeluoghi.it\/images\/ArtLab14_conferenza_stampa%203.JPG\" \/>\n<meta name=\"twitter:card\" content=\"summary\" \/>\n<meta name=\"twitter:creator\" content=\"@arteeluoghi\" \/>\n<meta name=\"twitter:site\" content=\"@arteeluoghi\" \/>\n<meta name=\"twitter:label1\" content=\"Scritto da\" \/>\n\t<meta name=\"twitter:data1\" content=\"Staff\" \/>\n\t<meta name=\"twitter:label2\" content=\"Tempo di lettura stimato\" \/>\n\t<meta name=\"twitter:data2\" content=\"15 minuti\" \/>\n<script type=\"application\/ld+json\" class=\"yoast-schema-graph\">{\"@context\":\"https:\/\/schema.org\",\"@graph\":[{\"@type\":\"Organization\",\"@id\":\"https:\/\/arteeluoghi.it\/#organization\",\"name\":\"Arte e Luoghi\",\"url\":\"https:\/\/arteeluoghi.it\/\",\"sameAs\":[\"https:\/\/www.facebook.com\/ArteELuoghi\/\",\"https:\/\/www.instagram.com\/arteeluoghi\/?hl=it\",\"https:\/\/www.youtube.com\/channel\/UCuRVc4JW4-C5sg9rQB-srkw?view_as=subscriber\",\"https:\/\/twitter.com\/arteeluoghi\"],\"logo\":{\"@type\":\"ImageObject\",\"@id\":\"https:\/\/arteeluoghi.it\/#logo\",\"inLanguage\":\"it-IT\",\"url\":\"https:\/\/arteeluoghi.it\/wp-content\/uploads\/2018\/08\/logoinstagramarte.jpg\",\"contentUrl\":\"https:\/\/arteeluoghi.it\/wp-content\/uploads\/2018\/08\/logoinstagramarte.jpg\",\"width\":150,\"height\":150,\"caption\":\"Arte e Luoghi\"},\"image\":{\"@id\":\"https:\/\/arteeluoghi.it\/#logo\"}},{\"@type\":\"WebSite\",\"@id\":\"https:\/\/arteeluoghi.it\/#website\",\"url\":\"https:\/\/arteeluoghi.it\/\",\"name\":\"Arte e Luoghi\",\"description\":\"Mensile di arte, cultura, turismo e curiosit\u00e0\",\"publisher\":{\"@id\":\"https:\/\/arteeluoghi.it\/#organization\"},\"potentialAction\":[{\"@type\":\"SearchAction\",\"target\":{\"@type\":\"EntryPoint\",\"urlTemplate\":\"https:\/\/arteeluoghi.it\/?s={search_term_string}\"},\"query-input\":\"required name=search_term_string\"}],\"inLanguage\":\"it-IT\"},{\"@type\":\"ImageObject\",\"@id\":\"https:\/\/arteeluoghi.it\/index.php\/2014\/09\/23\/artlab14\/#primaryimage\",\"inLanguage\":\"it-IT\",\"url\":\"\/images\/ArtLab14_conferenza_stampa%203.JPG\",\"contentUrl\":\"\/images\/ArtLab14_conferenza_stampa%203.JPG\"},{\"@type\":\"WebPage\",\"@id\":\"https:\/\/arteeluoghi.it\/index.php\/2014\/09\/23\/artlab14\/#webpage\",\"url\":\"https:\/\/arteeluoghi.it\/index.php\/2014\/09\/23\/artlab14\/\",\"name\":\"ArtLab14. Territori, Pubblici, Sostenibilit\u00e0 | Arte e Luoghi\",\"isPartOf\":{\"@id\":\"https:\/\/arteeluoghi.it\/#website\"},\"primaryImageOfPage\":{\"@id\":\"https:\/\/arteeluoghi.it\/index.php\/2014\/09\/23\/artlab14\/#primaryimage\"},\"datePublished\":\"2014-09-23T11:11:00+00:00\",\"dateModified\":\"2014-09-23T11:11:00+00:00\",\"breadcrumb\":{\"@id\":\"https:\/\/arteeluoghi.it\/index.php\/2014\/09\/23\/artlab14\/#breadcrumb\"},\"inLanguage\":\"it-IT\",\"potentialAction\":[{\"@type\":\"ReadAction\",\"target\":[\"https:\/\/arteeluoghi.it\/index.php\/2014\/09\/23\/artlab14\/\"]}]},{\"@type\":\"BreadcrumbList\",\"@id\":\"https:\/\/arteeluoghi.it\/index.php\/2014\/09\/23\/artlab14\/#breadcrumb\",\"itemListElement\":[{\"@type\":\"ListItem\",\"position\":1,\"name\":\"Home\",\"item\":\"https:\/\/arteeluoghi.it\/\"},{\"@type\":\"ListItem\",\"position\":2,\"name\":\"ArtLab14. Territori, Pubblici, Sostenibilit\u00e0\"}]},{\"@type\":\"Article\",\"@id\":\"https:\/\/arteeluoghi.it\/index.php\/2014\/09\/23\/artlab14\/#article\",\"isPartOf\":{\"@id\":\"https:\/\/arteeluoghi.it\/index.php\/2014\/09\/23\/artlab14\/#webpage\"},\"author\":{\"@id\":\"https:\/\/arteeluoghi.it\/#\/schema\/person\/f84e814e36e91e01448ee07eaadd41d4\"},\"headline\":\"ArtLab14. Territori, Pubblici, Sostenibilit\u00e0\",\"datePublished\":\"2014-09-23T11:11:00+00:00\",\"dateModified\":\"2014-09-23T11:11:00+00:00\",\"mainEntityOfPage\":{\"@id\":\"https:\/\/arteeluoghi.it\/index.php\/2014\/09\/23\/artlab14\/#webpage\"},\"wordCount\":3073,\"commentCount\":0,\"publisher\":{\"@id\":\"https:\/\/arteeluoghi.it\/#organization\"},\"image\":{\"@id\":\"https:\/\/arteeluoghi.it\/index.php\/2014\/09\/23\/artlab14\/#primaryimage\"},\"thumbnailUrl\":\"\/images\/ArtLab14_conferenza_stampa%203.JPG\",\"articleSection\":[\"Notizie\"],\"inLanguage\":\"it-IT\",\"potentialAction\":[{\"@type\":\"CommentAction\",\"name\":\"Comment\",\"target\":[\"https:\/\/arteeluoghi.it\/index.php\/2014\/09\/23\/artlab14\/#respond\"]}]},{\"@type\":\"Person\",\"@id\":\"https:\/\/arteeluoghi.it\/#\/schema\/person\/f84e814e36e91e01448ee07eaadd41d4\",\"name\":\"Staff\",\"image\":{\"@type\":\"ImageObject\",\"@id\":\"https:\/\/arteeluoghi.it\/#personlogo\",\"inLanguage\":\"it-IT\",\"url\":\"https:\/\/secure.gravatar.com\/avatar\/49d2f9e46271bb04e19cebfaf141313a?s=96&d=blank&r=g\",\"contentUrl\":\"https:\/\/secure.gravatar.com\/avatar\/49d2f9e46271bb04e19cebfaf141313a?s=96&d=blank&r=g\",\"caption\":\"Staff\"}}]}<\/script>\n<!-- \/ Yoast SEO plugin. -->","yoast_head_json":{"title":"ArtLab14. Territori, Pubblici, Sostenibilit\u00e0 | Arte e Luoghi","robots":{"index":"index","follow":"follow","max-snippet":"max-snippet:-1","max-image-preview":"max-image-preview:large","max-video-preview":"max-video-preview:-1"},"canonical":"https:\/\/arteeluoghi.it\/index.php\/2014\/09\/23\/artlab14\/","og_locale":"it_IT","og_type":"article","og_title":"ArtLab14. Territori, Pubblici, Sostenibilit\u00e0 | Arte e Luoghi","og_description":"Dal 24 al 27 settembre nel cuore di Lecce L&#8217;APPUNTAMENTO ANNUALE SUL MANAGEMENT CULTURALE Territori, Pubblici, Sostenibilit\u00e0: sono i percorsi","og_url":"https:\/\/arteeluoghi.it\/index.php\/2014\/09\/23\/artlab14\/","og_site_name":"Arte e Luoghi","article_publisher":"https:\/\/www.facebook.com\/ArteELuoghi\/","article_published_time":"2014-09-23T11:11:00+00:00","og_image":[{"url":"https:\/\/arteeluoghi.it\/images\/ArtLab14_conferenza_stampa%203.JPG"}],"twitter_card":"summary","twitter_creator":"@arteeluoghi","twitter_site":"@arteeluoghi","twitter_misc":{"Scritto da":"Staff","Tempo di lettura stimato":"15 minuti"},"schema":{"@context":"https:\/\/schema.org","@graph":[{"@type":"Organization","@id":"https:\/\/arteeluoghi.it\/#organization","name":"Arte e Luoghi","url":"https:\/\/arteeluoghi.it\/","sameAs":["https:\/\/www.facebook.com\/ArteELuoghi\/","https:\/\/www.instagram.com\/arteeluoghi\/?hl=it","https:\/\/www.youtube.com\/channel\/UCuRVc4JW4-C5sg9rQB-srkw?view_as=subscriber","https:\/\/twitter.com\/arteeluoghi"],"logo":{"@type":"ImageObject","@id":"https:\/\/arteeluoghi.it\/#logo","inLanguage":"it-IT","url":"https:\/\/arteeluoghi.it\/wp-content\/uploads\/2018\/08\/logoinstagramarte.jpg","contentUrl":"https:\/\/arteeluoghi.it\/wp-content\/uploads\/2018\/08\/logoinstagramarte.jpg","width":150,"height":150,"caption":"Arte e Luoghi"},"image":{"@id":"https:\/\/arteeluoghi.it\/#logo"}},{"@type":"WebSite","@id":"https:\/\/arteeluoghi.it\/#website","url":"https:\/\/arteeluoghi.it\/","name":"Arte e Luoghi","description":"Mensile di arte, cultura, turismo e curiosit\u00e0","publisher":{"@id":"https:\/\/arteeluoghi.it\/#organization"},"potentialAction":[{"@type":"SearchAction","target":{"@type":"EntryPoint","urlTemplate":"https:\/\/arteeluoghi.it\/?s={search_term_string}"},"query-input":"required name=search_term_string"}],"inLanguage":"it-IT"},{"@type":"ImageObject","@id":"https:\/\/arteeluoghi.it\/index.php\/2014\/09\/23\/artlab14\/#primaryimage","inLanguage":"it-IT","url":"\/images\/ArtLab14_conferenza_stampa%203.JPG","contentUrl":"\/images\/ArtLab14_conferenza_stampa%203.JPG"},{"@type":"WebPage","@id":"https:\/\/arteeluoghi.it\/index.php\/2014\/09\/23\/artlab14\/#webpage","url":"https:\/\/arteeluoghi.it\/index.php\/2014\/09\/23\/artlab14\/","name":"ArtLab14. Territori, Pubblici, Sostenibilit\u00e0 | Arte e Luoghi","isPartOf":{"@id":"https:\/\/arteeluoghi.it\/#website"},"primaryImageOfPage":{"@id":"https:\/\/arteeluoghi.it\/index.php\/2014\/09\/23\/artlab14\/#primaryimage"},"datePublished":"2014-09-23T11:11:00+00:00","dateModified":"2014-09-23T11:11:00+00:00","breadcrumb":{"@id":"https:\/\/arteeluoghi.it\/index.php\/2014\/09\/23\/artlab14\/#breadcrumb"},"inLanguage":"it-IT","potentialAction":[{"@type":"ReadAction","target":["https:\/\/arteeluoghi.it\/index.php\/2014\/09\/23\/artlab14\/"]}]},{"@type":"BreadcrumbList","@id":"https:\/\/arteeluoghi.it\/index.php\/2014\/09\/23\/artlab14\/#breadcrumb","itemListElement":[{"@type":"ListItem","position":1,"name":"Home","item":"https:\/\/arteeluoghi.it\/"},{"@type":"ListItem","position":2,"name":"ArtLab14. Territori, Pubblici, Sostenibilit\u00e0"}]},{"@type":"Article","@id":"https:\/\/arteeluoghi.it\/index.php\/2014\/09\/23\/artlab14\/#article","isPartOf":{"@id":"https:\/\/arteeluoghi.it\/index.php\/2014\/09\/23\/artlab14\/#webpage"},"author":{"@id":"https:\/\/arteeluoghi.it\/#\/schema\/person\/f84e814e36e91e01448ee07eaadd41d4"},"headline":"ArtLab14. Territori, Pubblici, Sostenibilit\u00e0","datePublished":"2014-09-23T11:11:00+00:00","dateModified":"2014-09-23T11:11:00+00:00","mainEntityOfPage":{"@id":"https:\/\/arteeluoghi.it\/index.php\/2014\/09\/23\/artlab14\/#webpage"},"wordCount":3073,"commentCount":0,"publisher":{"@id":"https:\/\/arteeluoghi.it\/#organization"},"image":{"@id":"https:\/\/arteeluoghi.it\/index.php\/2014\/09\/23\/artlab14\/#primaryimage"},"thumbnailUrl":"\/images\/ArtLab14_conferenza_stampa%203.JPG","articleSection":["Notizie"],"inLanguage":"it-IT","potentialAction":[{"@type":"CommentAction","name":"Comment","target":["https:\/\/arteeluoghi.it\/index.php\/2014\/09\/23\/artlab14\/#respond"]}]},{"@type":"Person","@id":"https:\/\/arteeluoghi.it\/#\/schema\/person\/f84e814e36e91e01448ee07eaadd41d4","name":"Staff","image":{"@type":"ImageObject","@id":"https:\/\/arteeluoghi.it\/#personlogo","inLanguage":"it-IT","url":"https:\/\/secure.gravatar.com\/avatar\/49d2f9e46271bb04e19cebfaf141313a?s=96&d=blank&r=g","contentUrl":"https:\/\/secure.gravatar.com\/avatar\/49d2f9e46271bb04e19cebfaf141313a?s=96&d=blank&r=g","caption":"Staff"}}]}},"_links":{"self":[{"href":"https:\/\/arteeluoghi.it\/index.php\/wp-json\/wp\/v2\/posts\/1890"}],"collection":[{"href":"https:\/\/arteeluoghi.it\/index.php\/wp-json\/wp\/v2\/posts"}],"about":[{"href":"https:\/\/arteeluoghi.it\/index.php\/wp-json\/wp\/v2\/types\/post"}],"author":[{"embeddable":true,"href":"https:\/\/arteeluoghi.it\/index.php\/wp-json\/wp\/v2\/users\/1"}],"replies":[{"embeddable":true,"href":"https:\/\/arteeluoghi.it\/index.php\/wp-json\/wp\/v2\/comments?post=1890"}],"version-history":[{"count":0,"href":"https:\/\/arteeluoghi.it\/index.php\/wp-json\/wp\/v2\/posts\/1890\/revisions"}],"wp:attachment":[{"href":"https:\/\/arteeluoghi.it\/index.php\/wp-json\/wp\/v2\/media?parent=1890"}],"wp:term":[{"taxonomy":"category","embeddable":true,"href":"https:\/\/arteeluoghi.it\/index.php\/wp-json\/wp\/v2\/categories?post=1890"},{"taxonomy":"post_tag","embeddable":true,"href":"https:\/\/arteeluoghi.it\/index.php\/wp-json\/wp\/v2\/tags?post=1890"}],"curies":[{"name":"wp","href":"https:\/\/api.w.org\/{rel}","templated":true}]}}