{"id":1894,"date":"2014-09-29T01:06:00","date_gmt":"2014-09-28T23:06:00","guid":{"rendered":"http:\/\/arteeluoghi.it\/index.php\/2014\/09\/29\/balducci-maurogiovanni-bass-duo\/"},"modified":"2014-09-29T01:06:00","modified_gmt":"2014-09-28T23:06:00","slug":"balducci-maurogiovanni-bass-duo","status":"publish","type":"post","link":"https:\/\/arteeluoghi.it\/index.php\/2014\/09\/29\/balducci-maurogiovanni-bass-duo\/","title":{"rendered":"Balducci e Maurogiovanni Bass Duo"},"content":{"rendered":"<p style=\"text-align: left;\" align=\"center\"><img src=\"\/images\/locandinajazz.jpg\" border=\"0\" title=\"la locandina dell'evento\" width=\"250\" style=\"margin: 21px; float: right;\" \/>L\u2019ex chiesa di San Francesco ospiter\u00e0 venerd\u00ec 3 ottobre 2014 il concerto ispirato alle grandi melodie del cinema<\/p>\n<p><strong>Sonorit\u00e0 jazz per il cinema a Corato<\/strong><\/p>\n<p>di Stefano Dentice<strong><br \/><\/strong><\/p>\n<p>Note jazz a Corato nell\u2019ex chiesa di San Francesco. Venerd\u00ec 3 ottobre, ore 21.30, un duo d\u2019eccezione formato dai bassisti Pierluigi Balducci e Vincenzo Maurogiovanni. I musicisti pugliesi presenteranno, in anteprima, il loro nuovo progetto discografico. \u201cCinema Volume 1\u201d \u00e8 il titolo che Vincenzo Maurogiovanni ha coniato ispirandosi alle trilogie cinematografiche, un singolare omaggio dedicato alle pi\u00f9 famose e significative colonne sonore \u00a0a firma di alcuni tra i pi\u00f9 autorevoli compositori contemporanei, tra i quali Piero Piccioni, Michel Colombier, Ennio Morricone, John Williams.<\/p>\n<p>  <!--more-->  <\/p>\n<p>Un disco che gi\u00e0 nel titolo vuole essere un chiaro omaggio al mondo cinematografico: accanto alle rivisitazioni in chiave moderna di composizioni celebri, quasi un cameo, i due brani originali del duo Balducci Maurogiovanni. Un sodalizio musicale che nasce da una profonda e reciproca stima, umana e professionale. Pierluigi Balducci \u00e8 un musicista dalla spiccata sensibilit\u00e0 artistica. Il suo fraseggio \u00e8 impregnato di un lucente e colto lirismo, puntualmente impreziosito da una cerebrale e affascinante ricerca armonica. Le sue pregevoli qualit\u00e0 artistiche gli consentono di condividere palco e studio di registrazione con svariati musicisti di caratura internazionale, quali: Ernst Reijseger, Javier Girotto, Robert Bonisolo, Paul McCandless, John Taylor, Michael Rosen, Lutte Berg, Fabrizio Bosso, Daniele Scannapieco, solo per citarne alcuni. Vincenzo Maurogiovanni \u00e8 uno tra i pi\u00f9 poliedrici e interessanti bassisti italiani. Il suo caratteristico approccio stilistico allo strumento non \u00e8 meramente ed esclusivamente incardinato sull\u2019aspetto ritmico, bens\u00ec si focalizza accuratamente sul concetto armonico-melodico. Questa sua particolare concezione gli permette di costruire, regolarmente, improvvisazioni stimolanti e totalmente scevre di banalit\u00e0. Nel 2007, a Verona, consegue il primo premio al rinomato concorso \u201cEuro Bass Day\u201d, come miglior bassista europeo emergente. Nel 2010, invece, ottiene il primo premio al concorso internazionale \u201cBass Master\u201d di Zagabria. Maurogiovanni annovera nel suo considerevole curriculum una pletora di collaborazioni con alcuni musicisti di rango mondiale, come: Dennis Chambers, Tuck &amp; Patti, John Stowell, Guthrie Govan, Phil Maturano, Gene Jackson, Robertinho De Paula, Massimo Moriconi, Luca Aquino e moltissimi altri ancora. Un concerto da vivere con intenso pathos, dunque, all\u2019insegna della buona musica interpretata da un duo altamente raffinato.<\/p>\n<p><strong>\u00a0<br \/><\/strong><\/p>\n<p>ex chiesa di San Francesco, Corato, Via Carmine \u2013 6<\/p>\n<p>Venerd\u00ec 3 ottobre, ore 21.30<\/p>\n<p>Info: 328.3022613<\/p>\n","protected":false},"excerpt":{"rendered":"<p>L\u2019ex chiesa di San Francesco ospiter\u00e0 venerd\u00ec 3 ottobre 2014 il concerto ispirato alle grandi melodie del cinema Sonorit\u00e0 jazz<\/p>\n","protected":false},"author":1,"featured_media":0,"comment_status":"open","ping_status":"open","sticky":false,"template":"","format":"standard","meta":[],"categories":[12],"tags":[],"yoast_head":"<!-- This site is optimized with the Yoast SEO plugin v18.0 - https:\/\/yoast.com\/wordpress\/plugins\/seo\/ -->\n<title>Balducci e Maurogiovanni Bass Duo | Arte e Luoghi<\/title>\n<meta name=\"robots\" content=\"index, follow, max-snippet:-1, max-image-preview:large, max-video-preview:-1\" \/>\n<link rel=\"canonical\" href=\"https:\/\/arteeluoghi.it\/index.php\/2014\/09\/29\/balducci-maurogiovanni-bass-duo\/\" \/>\n<meta property=\"og:locale\" content=\"it_IT\" \/>\n<meta property=\"og:type\" content=\"article\" \/>\n<meta property=\"og:title\" content=\"Balducci e Maurogiovanni Bass Duo | Arte e Luoghi\" \/>\n<meta property=\"og:description\" content=\"L\u2019ex chiesa di San Francesco ospiter\u00e0 venerd\u00ec 3 ottobre 2014 il concerto ispirato alle grandi melodie del cinema Sonorit\u00e0 jazz\" \/>\n<meta property=\"og:url\" content=\"https:\/\/arteeluoghi.it\/index.php\/2014\/09\/29\/balducci-maurogiovanni-bass-duo\/\" \/>\n<meta property=\"og:site_name\" content=\"Arte e Luoghi\" \/>\n<meta property=\"article:publisher\" content=\"https:\/\/www.facebook.com\/ArteELuoghi\/\" \/>\n<meta property=\"article:published_time\" content=\"2014-09-28T23:06:00+00:00\" \/>\n<meta property=\"og:image\" content=\"https:\/\/arteeluoghi.it\/images\/locandinajazz.jpg\" \/>\n<meta name=\"twitter:card\" content=\"summary\" \/>\n<meta name=\"twitter:creator\" content=\"@arteeluoghi\" \/>\n<meta name=\"twitter:site\" content=\"@arteeluoghi\" \/>\n<meta name=\"twitter:label1\" content=\"Scritto da\" \/>\n\t<meta name=\"twitter:data1\" content=\"Staff\" \/>\n\t<meta name=\"twitter:label2\" content=\"Tempo di lettura stimato\" \/>\n\t<meta name=\"twitter:data2\" content=\"2 minuti\" \/>\n<script type=\"application\/ld+json\" class=\"yoast-schema-graph\">{\"@context\":\"https:\/\/schema.org\",\"@graph\":[{\"@type\":\"Organization\",\"@id\":\"https:\/\/arteeluoghi.it\/#organization\",\"name\":\"Arte e Luoghi\",\"url\":\"https:\/\/arteeluoghi.it\/\",\"sameAs\":[\"https:\/\/www.facebook.com\/ArteELuoghi\/\",\"https:\/\/www.instagram.com\/arteeluoghi\/?hl=it\",\"https:\/\/www.youtube.com\/channel\/UCuRVc4JW4-C5sg9rQB-srkw?view_as=subscriber\",\"https:\/\/twitter.com\/arteeluoghi\"],\"logo\":{\"@type\":\"ImageObject\",\"@id\":\"https:\/\/arteeluoghi.it\/#logo\",\"inLanguage\":\"it-IT\",\"url\":\"https:\/\/arteeluoghi.it\/wp-content\/uploads\/2018\/08\/logoinstagramarte.jpg\",\"contentUrl\":\"https:\/\/arteeluoghi.it\/wp-content\/uploads\/2018\/08\/logoinstagramarte.jpg\",\"width\":150,\"height\":150,\"caption\":\"Arte e Luoghi\"},\"image\":{\"@id\":\"https:\/\/arteeluoghi.it\/#logo\"}},{\"@type\":\"WebSite\",\"@id\":\"https:\/\/arteeluoghi.it\/#website\",\"url\":\"https:\/\/arteeluoghi.it\/\",\"name\":\"Arte e Luoghi\",\"description\":\"Mensile di arte, cultura, turismo e curiosit\u00e0\",\"publisher\":{\"@id\":\"https:\/\/arteeluoghi.it\/#organization\"},\"potentialAction\":[{\"@type\":\"SearchAction\",\"target\":{\"@type\":\"EntryPoint\",\"urlTemplate\":\"https:\/\/arteeluoghi.it\/?s={search_term_string}\"},\"query-input\":\"required name=search_term_string\"}],\"inLanguage\":\"it-IT\"},{\"@type\":\"ImageObject\",\"@id\":\"https:\/\/arteeluoghi.it\/index.php\/2014\/09\/29\/balducci-maurogiovanni-bass-duo\/#primaryimage\",\"inLanguage\":\"it-IT\",\"url\":\"\/images\/locandinajazz.jpg\",\"contentUrl\":\"\/images\/locandinajazz.jpg\"},{\"@type\":\"WebPage\",\"@id\":\"https:\/\/arteeluoghi.it\/index.php\/2014\/09\/29\/balducci-maurogiovanni-bass-duo\/#webpage\",\"url\":\"https:\/\/arteeluoghi.it\/index.php\/2014\/09\/29\/balducci-maurogiovanni-bass-duo\/\",\"name\":\"Balducci e Maurogiovanni Bass Duo | Arte e Luoghi\",\"isPartOf\":{\"@id\":\"https:\/\/arteeluoghi.it\/#website\"},\"primaryImageOfPage\":{\"@id\":\"https:\/\/arteeluoghi.it\/index.php\/2014\/09\/29\/balducci-maurogiovanni-bass-duo\/#primaryimage\"},\"datePublished\":\"2014-09-28T23:06:00+00:00\",\"dateModified\":\"2014-09-28T23:06:00+00:00\",\"breadcrumb\":{\"@id\":\"https:\/\/arteeluoghi.it\/index.php\/2014\/09\/29\/balducci-maurogiovanni-bass-duo\/#breadcrumb\"},\"inLanguage\":\"it-IT\",\"potentialAction\":[{\"@type\":\"ReadAction\",\"target\":[\"https:\/\/arteeluoghi.it\/index.php\/2014\/09\/29\/balducci-maurogiovanni-bass-duo\/\"]}]},{\"@type\":\"BreadcrumbList\",\"@id\":\"https:\/\/arteeluoghi.it\/index.php\/2014\/09\/29\/balducci-maurogiovanni-bass-duo\/#breadcrumb\",\"itemListElement\":[{\"@type\":\"ListItem\",\"position\":1,\"name\":\"Home\",\"item\":\"https:\/\/arteeluoghi.it\/\"},{\"@type\":\"ListItem\",\"position\":2,\"name\":\"Balducci e Maurogiovanni Bass Duo\"}]},{\"@type\":\"Article\",\"@id\":\"https:\/\/arteeluoghi.it\/index.php\/2014\/09\/29\/balducci-maurogiovanni-bass-duo\/#article\",\"isPartOf\":{\"@id\":\"https:\/\/arteeluoghi.it\/index.php\/2014\/09\/29\/balducci-maurogiovanni-bass-duo\/#webpage\"},\"author\":{\"@id\":\"https:\/\/arteeluoghi.it\/#\/schema\/person\/f84e814e36e91e01448ee07eaadd41d4\"},\"headline\":\"Balducci e Maurogiovanni Bass Duo\",\"datePublished\":\"2014-09-28T23:06:00+00:00\",\"dateModified\":\"2014-09-28T23:06:00+00:00\",\"mainEntityOfPage\":{\"@id\":\"https:\/\/arteeluoghi.it\/index.php\/2014\/09\/29\/balducci-maurogiovanni-bass-duo\/#webpage\"},\"wordCount\":383,\"commentCount\":0,\"publisher\":{\"@id\":\"https:\/\/arteeluoghi.it\/#organization\"},\"image\":{\"@id\":\"https:\/\/arteeluoghi.it\/index.php\/2014\/09\/29\/balducci-maurogiovanni-bass-duo\/#primaryimage\"},\"thumbnailUrl\":\"\/images\/locandinajazz.jpg\",\"articleSection\":[\"MUSICA\"],\"inLanguage\":\"it-IT\",\"potentialAction\":[{\"@type\":\"CommentAction\",\"name\":\"Comment\",\"target\":[\"https:\/\/arteeluoghi.it\/index.php\/2014\/09\/29\/balducci-maurogiovanni-bass-duo\/#respond\"]}]},{\"@type\":\"Person\",\"@id\":\"https:\/\/arteeluoghi.it\/#\/schema\/person\/f84e814e36e91e01448ee07eaadd41d4\",\"name\":\"Staff\",\"image\":{\"@type\":\"ImageObject\",\"@id\":\"https:\/\/arteeluoghi.it\/#personlogo\",\"inLanguage\":\"it-IT\",\"url\":\"https:\/\/secure.gravatar.com\/avatar\/49d2f9e46271bb04e19cebfaf141313a?s=96&d=blank&r=g\",\"contentUrl\":\"https:\/\/secure.gravatar.com\/avatar\/49d2f9e46271bb04e19cebfaf141313a?s=96&d=blank&r=g\",\"caption\":\"Staff\"}}]}<\/script>\n<!-- \/ Yoast SEO plugin. -->","yoast_head_json":{"title":"Balducci e Maurogiovanni Bass Duo | Arte e Luoghi","robots":{"index":"index","follow":"follow","max-snippet":"max-snippet:-1","max-image-preview":"max-image-preview:large","max-video-preview":"max-video-preview:-1"},"canonical":"https:\/\/arteeluoghi.it\/index.php\/2014\/09\/29\/balducci-maurogiovanni-bass-duo\/","og_locale":"it_IT","og_type":"article","og_title":"Balducci e Maurogiovanni Bass Duo | Arte e Luoghi","og_description":"L\u2019ex chiesa di San Francesco ospiter\u00e0 venerd\u00ec 3 ottobre 2014 il concerto ispirato alle grandi melodie del cinema Sonorit\u00e0 jazz","og_url":"https:\/\/arteeluoghi.it\/index.php\/2014\/09\/29\/balducci-maurogiovanni-bass-duo\/","og_site_name":"Arte e Luoghi","article_publisher":"https:\/\/www.facebook.com\/ArteELuoghi\/","article_published_time":"2014-09-28T23:06:00+00:00","og_image":[{"url":"https:\/\/arteeluoghi.it\/images\/locandinajazz.jpg"}],"twitter_card":"summary","twitter_creator":"@arteeluoghi","twitter_site":"@arteeluoghi","twitter_misc":{"Scritto da":"Staff","Tempo di lettura stimato":"2 minuti"},"schema":{"@context":"https:\/\/schema.org","@graph":[{"@type":"Organization","@id":"https:\/\/arteeluoghi.it\/#organization","name":"Arte e Luoghi","url":"https:\/\/arteeluoghi.it\/","sameAs":["https:\/\/www.facebook.com\/ArteELuoghi\/","https:\/\/www.instagram.com\/arteeluoghi\/?hl=it","https:\/\/www.youtube.com\/channel\/UCuRVc4JW4-C5sg9rQB-srkw?view_as=subscriber","https:\/\/twitter.com\/arteeluoghi"],"logo":{"@type":"ImageObject","@id":"https:\/\/arteeluoghi.it\/#logo","inLanguage":"it-IT","url":"https:\/\/arteeluoghi.it\/wp-content\/uploads\/2018\/08\/logoinstagramarte.jpg","contentUrl":"https:\/\/arteeluoghi.it\/wp-content\/uploads\/2018\/08\/logoinstagramarte.jpg","width":150,"height":150,"caption":"Arte e Luoghi"},"image":{"@id":"https:\/\/arteeluoghi.it\/#logo"}},{"@type":"WebSite","@id":"https:\/\/arteeluoghi.it\/#website","url":"https:\/\/arteeluoghi.it\/","name":"Arte e Luoghi","description":"Mensile di arte, cultura, turismo e curiosit\u00e0","publisher":{"@id":"https:\/\/arteeluoghi.it\/#organization"},"potentialAction":[{"@type":"SearchAction","target":{"@type":"EntryPoint","urlTemplate":"https:\/\/arteeluoghi.it\/?s={search_term_string}"},"query-input":"required name=search_term_string"}],"inLanguage":"it-IT"},{"@type":"ImageObject","@id":"https:\/\/arteeluoghi.it\/index.php\/2014\/09\/29\/balducci-maurogiovanni-bass-duo\/#primaryimage","inLanguage":"it-IT","url":"\/images\/locandinajazz.jpg","contentUrl":"\/images\/locandinajazz.jpg"},{"@type":"WebPage","@id":"https:\/\/arteeluoghi.it\/index.php\/2014\/09\/29\/balducci-maurogiovanni-bass-duo\/#webpage","url":"https:\/\/arteeluoghi.it\/index.php\/2014\/09\/29\/balducci-maurogiovanni-bass-duo\/","name":"Balducci e Maurogiovanni Bass Duo | Arte e Luoghi","isPartOf":{"@id":"https:\/\/arteeluoghi.it\/#website"},"primaryImageOfPage":{"@id":"https:\/\/arteeluoghi.it\/index.php\/2014\/09\/29\/balducci-maurogiovanni-bass-duo\/#primaryimage"},"datePublished":"2014-09-28T23:06:00+00:00","dateModified":"2014-09-28T23:06:00+00:00","breadcrumb":{"@id":"https:\/\/arteeluoghi.it\/index.php\/2014\/09\/29\/balducci-maurogiovanni-bass-duo\/#breadcrumb"},"inLanguage":"it-IT","potentialAction":[{"@type":"ReadAction","target":["https:\/\/arteeluoghi.it\/index.php\/2014\/09\/29\/balducci-maurogiovanni-bass-duo\/"]}]},{"@type":"BreadcrumbList","@id":"https:\/\/arteeluoghi.it\/index.php\/2014\/09\/29\/balducci-maurogiovanni-bass-duo\/#breadcrumb","itemListElement":[{"@type":"ListItem","position":1,"name":"Home","item":"https:\/\/arteeluoghi.it\/"},{"@type":"ListItem","position":2,"name":"Balducci e Maurogiovanni Bass Duo"}]},{"@type":"Article","@id":"https:\/\/arteeluoghi.it\/index.php\/2014\/09\/29\/balducci-maurogiovanni-bass-duo\/#article","isPartOf":{"@id":"https:\/\/arteeluoghi.it\/index.php\/2014\/09\/29\/balducci-maurogiovanni-bass-duo\/#webpage"},"author":{"@id":"https:\/\/arteeluoghi.it\/#\/schema\/person\/f84e814e36e91e01448ee07eaadd41d4"},"headline":"Balducci e Maurogiovanni Bass Duo","datePublished":"2014-09-28T23:06:00+00:00","dateModified":"2014-09-28T23:06:00+00:00","mainEntityOfPage":{"@id":"https:\/\/arteeluoghi.it\/index.php\/2014\/09\/29\/balducci-maurogiovanni-bass-duo\/#webpage"},"wordCount":383,"commentCount":0,"publisher":{"@id":"https:\/\/arteeluoghi.it\/#organization"},"image":{"@id":"https:\/\/arteeluoghi.it\/index.php\/2014\/09\/29\/balducci-maurogiovanni-bass-duo\/#primaryimage"},"thumbnailUrl":"\/images\/locandinajazz.jpg","articleSection":["MUSICA"],"inLanguage":"it-IT","potentialAction":[{"@type":"CommentAction","name":"Comment","target":["https:\/\/arteeluoghi.it\/index.php\/2014\/09\/29\/balducci-maurogiovanni-bass-duo\/#respond"]}]},{"@type":"Person","@id":"https:\/\/arteeluoghi.it\/#\/schema\/person\/f84e814e36e91e01448ee07eaadd41d4","name":"Staff","image":{"@type":"ImageObject","@id":"https:\/\/arteeluoghi.it\/#personlogo","inLanguage":"it-IT","url":"https:\/\/secure.gravatar.com\/avatar\/49d2f9e46271bb04e19cebfaf141313a?s=96&d=blank&r=g","contentUrl":"https:\/\/secure.gravatar.com\/avatar\/49d2f9e46271bb04e19cebfaf141313a?s=96&d=blank&r=g","caption":"Staff"}}]}},"_links":{"self":[{"href":"https:\/\/arteeluoghi.it\/index.php\/wp-json\/wp\/v2\/posts\/1894"}],"collection":[{"href":"https:\/\/arteeluoghi.it\/index.php\/wp-json\/wp\/v2\/posts"}],"about":[{"href":"https:\/\/arteeluoghi.it\/index.php\/wp-json\/wp\/v2\/types\/post"}],"author":[{"embeddable":true,"href":"https:\/\/arteeluoghi.it\/index.php\/wp-json\/wp\/v2\/users\/1"}],"replies":[{"embeddable":true,"href":"https:\/\/arteeluoghi.it\/index.php\/wp-json\/wp\/v2\/comments?post=1894"}],"version-history":[{"count":0,"href":"https:\/\/arteeluoghi.it\/index.php\/wp-json\/wp\/v2\/posts\/1894\/revisions"}],"wp:attachment":[{"href":"https:\/\/arteeluoghi.it\/index.php\/wp-json\/wp\/v2\/media?parent=1894"}],"wp:term":[{"taxonomy":"category","embeddable":true,"href":"https:\/\/arteeluoghi.it\/index.php\/wp-json\/wp\/v2\/categories?post=1894"},{"taxonomy":"post_tag","embeddable":true,"href":"https:\/\/arteeluoghi.it\/index.php\/wp-json\/wp\/v2\/tags?post=1894"}],"curies":[{"name":"wp","href":"https:\/\/api.w.org\/{rel}","templated":true}]}}