{"id":19,"date":"2006-10-09T08:33:57","date_gmt":"2006-10-09T06:33:57","guid":{"rendered":"http:\/\/arteeluoghi.it\/index.php\/2006\/10\/09\/calendario-mostre-2010\/"},"modified":"2017-08-07T00:37:56","modified_gmt":"2017-08-06T22:37:56","slug":"calendario-mostre-2010","status":"publish","type":"post","link":"https:\/\/arteeluoghi.it\/index.php\/2006\/10\/09\/calendario-mostre-2010\/","title":{"rendered":"Calendario mostre 2010 &#8211; anticipazioni"},"content":{"rendered":"<p><img src=\"\/images\/stories\/image003.gif\" border=\"0\" style=\"vertical-align: text-top; margin: 3px 6px;\" \/><\/p>\n<p>LO SPAZIO DEL SACRO<br \/>Modena, Palazzo Santa Margherita e Palazzina dei Giardini (corso Canalgrande)<br \/>5 dicembre 2010 &#8211; 6 marzo 2011<\/p>\n<p>\u00a0<\/p>\n<p>La Galleria Civica di Modena inaugura sabato 4 dicembre 2010 alle 18.00 alla Palazzina dei Giardini e a Palazzo Santa Margherita, in corso Canalgrande a Modena, la mostra Lo spazio del sacro.<br \/>Organizzata e coprodotta dalla Galleria Civica di Modena, e dalla Fondazione Cassa di Risparmio di Modena, la collettiva presenta opere provenienti da istituzioni pubbliche e collezioni private italiane e straniere di alcuni fra gli artisti della scena contemporanea internazionale che hanno maggiormente riflettuto sul tema del sacro: Adel Abdessemed, Giovanni Anselmo, Kader Attia, Paolo Cavinato, Chen Zhen, Vittorio Corsini, Josep Ginestar, Anish Kapoor, Richard Long, Roberto Paci Dal\u00f2, Jaume Plensa, Wael Shawky.<\/p>\n<p>\u00a0<\/p>\n<p> <!--nextpage--> <\/p>\n<hr width=\"1\" style=\"width: 1px;\" \/>\n<p \/>  <!--more-->  Ogni opera occuper\u00e0 in completa solitudine un ambiente della Galleria, da una parte accentuando il rapporto diretto, esclusivo, intimo che ciascuna di esse instaura con lo spettatore, dall\u2019altra amplificando la propria capacit\u00e0 di entrare in relazione con gli spazi architettonici.<br \/>L\u2019idea fondante della mostra risente molto delle parole di Mircea Eliade sul fatto che il sacro, nell\u2019arte contemporanea, \u201c\u00e8 divenuto irriconoscibile; si \u00e8 camuffato in forme, propositi e significati che sono apparentemente \u2018profani\u2019. Il sacro non \u00e8 scontato, com\u2019era per esempio nell\u2019arte del Medioevo. Non si riconosce immediatamente e facilmente, perch\u00e9 non \u00e8 pi\u00f9 espresso attraverso il convenzionale linguaggio religioso\u201d. Se queste sono le premesse teoriche relativamente all\u2019arte contemporanea, i saggi di Michele Emmer, Vito Mancuso, Vincenzo Pace e Vincenzo Vitiello guideranno i lettori del catalogo verso una pi\u00f9 ampia comprensione dei limiti, dei significati e delle possibilit\u00e0 che la parola \u2018sacro\u2019 ancora conserva ai nostri giorni.<br \/>\u201cNon di rado \u2013 si legge nel testo in catalogo del curatore della mostra Marco Pierini \u2013 l\u2019opera d\u2019arte definisce con la sua mera presenza uno spazio di riguardo, inviolabile, sacro nell\u2019accezione che rimanda direttamente all\u2019etimologia della parola: circoscritto, ristretto, separato. La distanza che essa delimita \u2013 quand\u2019anche non abbia a che vedere con una dimensione trascendente, o comunque \u2018superiore\u2019 \u2013 pu\u00f2 essere sia puramente spaziale, fisica, sia temporale, sia culturale. In ogni caso, tuttavia, questa distanza rimarr\u00e0 invariabilmente a segnare una straordinariet\u00e0, un\u2019eccezionalit\u00e0, una dimensione non ordinaria n\u00e9 quotidiana. Ma tale dimensione non \u00e8, contrariamente alle apparenze, avulsa dalla vita perch\u00e9, anzi, alla sua forza attrattiva \u00e8 quasi impossibile resistere, che sia fondata sull\u2019incanto e la fascinazione oppure sul timore e l\u2019inquietudine dell\u2019ignoto. Limite e soglia, confine e passaggio, lo spazio sacro si costituisce sempre come rapporto \u2013 quando esclusivo e privato, quando collettivo e condiviso \u2013 tra mondi diversi e come invito per chi guardi a lasciarsi trasportare, ad affidarsi all\u2019opera e sperimentare una sorta di estraniamento contemplativo o di empatetica immedesimazione\u201d.<\/p>\n<p>Con Lo spazio del sacro riaprir\u00e0 al pubblico la Palazzina dei Giardini, a conclusione del secondo stralcio dei restauri curato dal Settore Lavori Pubblici del Comune di Modena che ha interessato gli interni dell\u2019edificio, con il rinnovo degli impianti elettrici e termici alimentati a energia geotermica e che si concluder\u00e0 con il recupero pittorico dei decori della cupola.<\/p>\n<p>\u00a0<\/p>\n<h1>Dopo Milano, Hopper approda a Roma<\/h1>\n<p>\u00a0<\/p>\n<p class=\"MsoNormal\" style=\"line-height: normal\"><span style=\"font-size: 9pt; font-family: Arial\">Per la prima volta in Italia, <strong>Milano<\/strong> e<strong> Roma<\/strong> rendono omaggio all\u2019intera carriera di <strong>Edward Hopper (1882-1967)<\/strong> il pi\u00f9 popolare e noto artista americano del XX secolo, con una grande rassegna antologica senza precedenti nel nostro paese.<\/span><\/p>\n<p class=\"MsoNormal\" style=\"line-height: normal\"><span style=\"font-size: 9pt; font-family: Arial\"> <\/span><\/p>\n<p class=\"MsoNormal\" style=\"line-height: normal\"><span style=\"font-size: 9pt; font-family: Arial\">Accolta dal pubblico con grande successo nella sede di Palazzo Reale a Milano, con oltre 1600 visitatori al giorno, la mostra \u00e8 attesissima a <strong>Roma<\/strong>, dove sar\u00e0 inaugurata il <strong>16 febbraio 2010 <\/strong><strong><span style=\"font-weight: normal\">nelle sale del<\/span><span> <\/span>Museo Fondazione Roma, <\/strong><strong><span style=\"font-weight: normal\">con importanti novit\u00e0: l\u2019arrivo di <\/span>altri capolavori dai musei americani<\/strong><strong><span style=\"font-weight: normal\">, un originale e suggestivo <\/span>allestimento<\/strong> e una <strong>nuova edizione del catalogo.<\/strong><\/span><\/p>\n<p class=\"MsoNormal\" style=\"line-height: normal\"><strong><span style=\"font-size: 9pt; font-family: Arial\"> <\/span><\/strong><\/p>\n<p class=\"MsoNormal\" style=\"line-height: normal\"><span style=\"font-size: 9pt; font-family: Arial\">Promossa dalla <strong>Fondazione Roma,<\/strong> cui si deve l\u2019impulso iniziale alla realizzazione dell\u2019evento, grazie all\u2019iniziativa del Presidente <strong>Prof. Avv. Emmanuele Francesco Maria Emanuele<\/strong>, la mostra \u00e8 realizzata in collaborazione con il <strong>Comune di Milano &#8211; Cultura<\/strong>, il <strong>Whitney Museum of American Art di New York<\/strong> e la <strong>Fondation de l\u2019Hermitage di Losanna<\/strong><strong><span style=\"font-weight: normal\">; <\/span><\/strong>coprodotta e\u00a0organizzata da <strong>Arthemisia Group<\/strong>,\u00a0proseguir\u00e0 alla\u00a0Fondation de l\u2019Hermitage di Losanna, dal 25 giugno al 17 ottobre 2010.<\/span><\/p>\n<p class=\"MsoNormal\" style=\"line-height: normal\">\u00a0<\/p>\n<p class=\"MsoNormal\" style=\"line-height: normal\">\u00a0<\/p>\n<p class=\"MsoNormal\" style=\"line-height: normal\"><strong><span style=\"font-size: 9pt; font-family: Arial\">A Roma nuovi eccezionali dipinti<\/span><\/strong><\/p>\n<p class=\"MsoNormal\" style=\"line-height: normal\"><span style=\"font-size: 9pt; font-family: Arial\">Tra le oltre <strong>160 opere<\/strong> esposte, a Roma saranno visibili nuovi capolavori quali il bellissimo <em>Self-Portrait<\/em><span> <\/span>del 1925-1930 e, inoltre, <em>The Sheridan Theatre<\/em> (1937), <em>New York Interior<\/em> (1921 circa), <em>Seven A. M.<\/em> (1948); <em>South Carolina Morning (<\/em>1955) accanto ai relativi disegni preparatori.\u00a0Dipinti straordinari\u00a0che completano il gruppo delle opere celebri gi\u00e0\u00a0presenti a Milano,\u00a0tra cui\u00a0<em>Summer Interior<\/em> (1909),<em> Pennsylvania Coal Town<\/em> (1947), <em>Morning Sun<\/em> (1952), <em>Second Story Sunlight<\/em> (1960), <em>A Woman in the Sun<\/em> (1961) e la bellissima <em>Girlie Show<\/em> (1941).<strong> <\/strong>Un percorso, a cura di <strong>Carter Foster,<\/strong> che attraversa tutta la produzione di Hopper e tutte le tecniche di un artista considerato oggi un grande classico della pittura del Novecento.<\/span><\/p>\n<p class=\"MsoNormal\" style=\"line-height: normal\">\u00a0<\/p>\n<p class=\"MsoNormal\" style=\"line-height: normal\"><strong><span style=\"font-size: 9pt; font-family: Arial\">L\u2019artista<\/span><\/strong><span style=\"font-size: 9pt; font-family: Arial\"> <br \/> Nato e cresciuto a Nyack una piccola cittadina nello Stato di New York, Hopper studia per un breve periodo illustrazione e poi pittura alla New York School of Art con i leggendari maestri William Mer\u00adritt Chase e Robert Henri. Si reca in Europa tre volte (dal 1906 al 1907, nel 1909 e nel 1910) e soprattutto le esperienze parigine lasciano in lui un segno indelebile, alimentando quel sentimento francofilo che non lo avrebbe mai abbandonato, anche dopo essersi stabilito definitivamente a New York, dal 1913.<\/span><\/p>\n<p class=\"MsoNormal\" style=\"line-height: normal\"><span style=\"font-size: 9pt; font-family: Arial\">Alto un metro e novanta, nonostante la forte presenza fisica, era famoso per la sua reticenza, scriveva o parlava pochissimo del suo lavoro. Scomparso all\u2019et\u00e0 di ottantaquattro anni, la sua arte gode della stima della critica e del pubblico nel corso di tutta la carriera, nonostante il successo dei nuovi movimenti d\u2019avanguardia, dal Surrealismo all\u2019Espressionismo astratto, alla Pop art.<\/span><\/p>\n<p class=\"MsoNormal\" style=\"line-height: normal\"><span style=\"font-size: 9pt; font-family: Arial\">Nel 1948 la rivista \u201cLook\u201d lo nomina uno dei migliori pittori americani; nel 1950 il Whitney Museum organizza un\u2019importante retrospettiva su di lui e nel 1956 il \u201cTime\u201d gli dedica la copertina. <\/span><\/p>\n<p class=\"MsoNormal\" style=\"line-height: normal\"><span style=\"font-size: 9pt; font-family: Arial\">Nel 1967, l\u2019anno della sua morte, rappresenta gli Stati Uniti alla prestigiosa Bienal di S\u00e3o Paulo.<\/span><\/p>\n<p class=\"MsoNormal\" style=\"line-height: normal\"><span style=\"font-size: 9pt; font-family: Arial\">Da allora, l\u2019opera di Hopper \u00e8 stata celebrata in diverse mostre e ha ispirato innumerevoli pittori, poeti e registi. Eloquente il tributo del grande John Updike che in un saggio del 1995, definisce i suoi quadri \u201ccalmi, silenti, stoici, luminosi, classici\u201d.<\/span><\/p>\n<p class=\"MsoNormal\" style=\"line-height: normal\"><strong><span style=\"font-size: 9pt; font-family: Arial\"> <\/span><\/strong><\/p>\n<p class=\"MsoNormal\" style=\"line-height: normal\"><strong><span style=\"font-size: 9pt; font-family: Arial\">La mostra<\/span><\/strong><\/p>\n<p class=\"MsoNormal\" style=\"line-height: normal\"><span style=\"font-size: 9pt; font-family: Arial\">La storia di Edward Hopper \u00e8 indissolubilmente legata al <strong>Whitney Museum of American Art<\/strong> che ospit\u00f2 varie mostre dell\u2019artista, dalla prima nel 1920 al Whitney Studio Club a quelle memorabili nel museo, del 1960, 1964 e 1980. Dal 1968, grazie al lascito della vedova Josephine, il Whitney ospita tutta l\u2019eredit\u00e0 dell\u2019artista: oltre 3000 opere tra dipinti, disegni e incisioni.<\/span><\/p>\n<p class=\"MsoNormal\" style=\"line-height: normal\"><span style=\"font-size: 9pt; font-family: Arial\"><br \/> A cura di <strong>Carter Foster<\/strong>, conservatore del <strong>Whitney Museum<\/strong> che ha concesso per l\u2019occasione il nucleo pi\u00f9 consistente di opere, la rassegna, realizzata con il coordinamento scientifico di <strong>Carol Troyen<\/strong>, vanta tuttavia importanti prestiti anche dal <strong>Brooklyn Museum of Art<\/strong> di New York, dal <strong>Terra Foundation for American Art di Chicago<\/strong>, dal <strong>Columbus Museum of Art <\/strong><span> <\/span>e per la sede di Roma anche dal <strong>Newark Museum <\/strong>del New Jersey.<\/span><\/p>\n<p>\u00a0<\/p>\n<p class=\"MsoNormal\" style=\"line-height: normal\"><span style=\"font-size: 9pt; line-height: 150%; font-family: Arial\"><br \/> Suddivisa in <strong>sette sezioni<\/strong>, seguendo un ordine tematico e cronologico, l\u2019esposizione italiana ri\u00adpercorre tutta la produzione di Hopper, dalla formazione accademica agli anni in cui studiava a Parigi, fino al periodo \u201cclassico\u201d e pi\u00f9 noto degli anni \u201830, \u201840 e \u201950, per concludere con le grandi e intense immagini degli ultimi anni. Il percorso prende in esame tutte le tecniche predilette dall\u2019ar\u00adtista: l\u2019olio, l\u2019acquerello e l\u2019incisione, con particolare attenzione all\u2019affascinante rapporto che lega i disegni preparatori ai dipinti: un aspetto fondamentale della sua produzione fino ad ora ancora poco considerato nelle rassegne a lui dedicate.<\/span><\/p>\n<p>\u00a0<\/p>\n<p class=\"MsoNormal\" style=\"line-height: normal\"><span style=\"font-size: 9pt; font-family: Arial\">La mostra \u00e8 arricchita di un importante apparato fotografico, biografico e storico, in cui viene riper\u00adcorsa la storia americana dagli anni \u201920 agli anni \u201960 del XX secolo: la grande crisi, il sogno dei Kennedy, il boom economico. Un\u2019occasione dunque per capire meglio anche la nuova crisi di oggi e l\u2019America di Barack Obama.<\/span><\/p>\n<p class=\"MsoNormal\" style=\"line-height: normal\"><span style=\"font-size: 9pt; font-family: Arial\"> <\/span><\/p>\n<p class=\"MsoNormal\" style=\"line-height: normal\"><strong><span style=\"font-size: 9pt; font-family: Arial\">Infoline > 199 202 202 <span> <\/span><\/span><\/strong><span style=\"font-size: 9pt; font-family: Arial\"><a href=\"http:\/\/www.edwardhopper.it\/\"><strong><span style=\"color: blue\">www.edwardhopper.it<\/span><\/strong><\/a><\/span><\/p>\n<p>\u00a0<\/p>\n<p>\u00a0<\/p>\n<p><a class=\"urlextern\" href=\"http:\/\/forum.joomla.org\/index.php\/board,391.0.html\" target=\"_blank\" title=\"http:\/\/forum.joomla.org\/index.php\/board,59.0.html\"><br \/><\/a><\/p>\n","protected":false},"excerpt":{"rendered":"<p>LO SPAZIO DEL SACROModena, Palazzo Santa Margherita e Palazzina dei Giardini (corso Canalgrande)5 dicembre 2010 &#8211; 6 marzo 2011 \u00a0<\/p>\n","protected":false},"author":1,"featured_media":0,"comment_status":"open","ping_status":"open","sticky":false,"template":"","format":"standard","meta":[],"categories":[27],"tags":[],"yoast_head":"<!-- This site is optimized with the Yoast SEO plugin v18.0 - https:\/\/yoast.com\/wordpress\/plugins\/seo\/ -->\n<title>Calendario mostre 2010 - anticipazioni | Arte e Luoghi<\/title>\n<meta name=\"robots\" content=\"index, follow, max-snippet:-1, max-image-preview:large, max-video-preview:-1\" \/>\n<link rel=\"canonical\" href=\"https:\/\/arteeluoghi.it\/index.php\/2006\/10\/09\/calendario-mostre-2010\/\" \/>\n<link rel=\"next\" href=\"https:\/\/arteeluoghi.it\/index.php\/2006\/10\/09\/calendario-mostre-2010\/2\/\" \/>\n<meta property=\"og:locale\" content=\"it_IT\" \/>\n<meta property=\"og:type\" content=\"article\" \/>\n<meta property=\"og:title\" content=\"Calendario mostre 2010 - anticipazioni | Arte e Luoghi\" \/>\n<meta property=\"og:description\" content=\"LO SPAZIO DEL SACROModena, Palazzo Santa Margherita e Palazzina dei Giardini (corso Canalgrande)5 dicembre 2010 &#8211; 6 marzo 2011 \u00a0\" \/>\n<meta property=\"og:url\" content=\"https:\/\/arteeluoghi.it\/index.php\/2006\/10\/09\/calendario-mostre-2010\/\" \/>\n<meta property=\"og:site_name\" content=\"Arte e Luoghi\" \/>\n<meta property=\"article:publisher\" content=\"https:\/\/www.facebook.com\/ArteELuoghi\/\" \/>\n<meta property=\"article:published_time\" content=\"2006-10-09T06:33:57+00:00\" \/>\n<meta property=\"article:modified_time\" content=\"2017-08-06T22:37:56+00:00\" \/>\n<meta property=\"og:image\" content=\"https:\/\/arteeluoghi.it\/images\/stories\/image003.gif\" \/>\n<meta name=\"twitter:card\" content=\"summary\" \/>\n<meta name=\"twitter:creator\" content=\"@arteeluoghi\" \/>\n<meta name=\"twitter:site\" content=\"@arteeluoghi\" \/>\n<meta name=\"twitter:label1\" content=\"Scritto da\" \/>\n\t<meta name=\"twitter:data1\" content=\"Staff\" \/>\n\t<meta name=\"twitter:label2\" content=\"Tempo di lettura stimato\" \/>\n\t<meta name=\"twitter:data2\" content=\"6 minuti\" \/>\n<script type=\"application\/ld+json\" class=\"yoast-schema-graph\">{\"@context\":\"https:\/\/schema.org\",\"@graph\":[{\"@type\":\"Organization\",\"@id\":\"https:\/\/arteeluoghi.it\/#organization\",\"name\":\"Arte e Luoghi\",\"url\":\"https:\/\/arteeluoghi.it\/\",\"sameAs\":[\"https:\/\/www.facebook.com\/ArteELuoghi\/\",\"https:\/\/www.instagram.com\/arteeluoghi\/?hl=it\",\"https:\/\/www.youtube.com\/channel\/UCuRVc4JW4-C5sg9rQB-srkw?view_as=subscriber\",\"https:\/\/twitter.com\/arteeluoghi\"],\"logo\":{\"@type\":\"ImageObject\",\"@id\":\"https:\/\/arteeluoghi.it\/#logo\",\"inLanguage\":\"it-IT\",\"url\":\"https:\/\/arteeluoghi.it\/wp-content\/uploads\/2018\/08\/logoinstagramarte.jpg\",\"contentUrl\":\"https:\/\/arteeluoghi.it\/wp-content\/uploads\/2018\/08\/logoinstagramarte.jpg\",\"width\":150,\"height\":150,\"caption\":\"Arte e Luoghi\"},\"image\":{\"@id\":\"https:\/\/arteeluoghi.it\/#logo\"}},{\"@type\":\"WebSite\",\"@id\":\"https:\/\/arteeluoghi.it\/#website\",\"url\":\"https:\/\/arteeluoghi.it\/\",\"name\":\"Arte e Luoghi\",\"description\":\"Mensile di arte, cultura, turismo e curiosit\u00e0\",\"publisher\":{\"@id\":\"https:\/\/arteeluoghi.it\/#organization\"},\"potentialAction\":[{\"@type\":\"SearchAction\",\"target\":{\"@type\":\"EntryPoint\",\"urlTemplate\":\"https:\/\/arteeluoghi.it\/?s={search_term_string}\"},\"query-input\":\"required name=search_term_string\"}],\"inLanguage\":\"it-IT\"},{\"@type\":\"ImageObject\",\"@id\":\"https:\/\/arteeluoghi.it\/index.php\/2006\/10\/09\/calendario-mostre-2010\/#primaryimage\",\"inLanguage\":\"it-IT\",\"url\":\"\/images\/stories\/image003.gif\",\"contentUrl\":\"\/images\/stories\/image003.gif\"},{\"@type\":\"WebPage\",\"@id\":\"https:\/\/arteeluoghi.it\/index.php\/2006\/10\/09\/calendario-mostre-2010\/#webpage\",\"url\":\"https:\/\/arteeluoghi.it\/index.php\/2006\/10\/09\/calendario-mostre-2010\/\",\"name\":\"Calendario mostre 2010 - anticipazioni | Arte e Luoghi\",\"isPartOf\":{\"@id\":\"https:\/\/arteeluoghi.it\/#website\"},\"primaryImageOfPage\":{\"@id\":\"https:\/\/arteeluoghi.it\/index.php\/2006\/10\/09\/calendario-mostre-2010\/#primaryimage\"},\"datePublished\":\"2006-10-09T06:33:57+00:00\",\"dateModified\":\"2017-08-06T22:37:56+00:00\",\"breadcrumb\":{\"@id\":\"https:\/\/arteeluoghi.it\/index.php\/2006\/10\/09\/calendario-mostre-2010\/#breadcrumb\"},\"inLanguage\":\"it-IT\",\"potentialAction\":[{\"@type\":\"ReadAction\",\"target\":[\"https:\/\/arteeluoghi.it\/index.php\/2006\/10\/09\/calendario-mostre-2010\/\"]}]},{\"@type\":\"BreadcrumbList\",\"@id\":\"https:\/\/arteeluoghi.it\/index.php\/2006\/10\/09\/calendario-mostre-2010\/#breadcrumb\",\"itemListElement\":[{\"@type\":\"ListItem\",\"position\":1,\"name\":\"Home\"}]},{\"@type\":\"Article\",\"@id\":\"https:\/\/arteeluoghi.it\/index.php\/2006\/10\/09\/calendario-mostre-2010\/#article\",\"isPartOf\":{\"@id\":\"https:\/\/arteeluoghi.it\/index.php\/2006\/10\/09\/calendario-mostre-2010\/#webpage\"},\"author\":{\"@id\":\"https:\/\/arteeluoghi.it\/#\/schema\/person\/f84e814e36e91e01448ee07eaadd41d4\"},\"headline\":\"Calendario mostre 2010 &#8211; anticipazioni\",\"datePublished\":\"2006-10-09T06:33:57+00:00\",\"dateModified\":\"2017-08-06T22:37:56+00:00\",\"mainEntityOfPage\":{\"@id\":\"https:\/\/arteeluoghi.it\/index.php\/2006\/10\/09\/calendario-mostre-2010\/#webpage\"},\"wordCount\":1301,\"commentCount\":0,\"publisher\":{\"@id\":\"https:\/\/arteeluoghi.it\/#organization\"},\"image\":{\"@id\":\"https:\/\/arteeluoghi.it\/index.php\/2006\/10\/09\/calendario-mostre-2010\/#primaryimage\"},\"thumbnailUrl\":\"\/images\/stories\/image003.gif\",\"articleSection\":[\"Arte\"],\"inLanguage\":\"it-IT\",\"potentialAction\":[{\"@type\":\"CommentAction\",\"name\":\"Comment\",\"target\":[\"https:\/\/arteeluoghi.it\/index.php\/2006\/10\/09\/calendario-mostre-2010\/#respond\"]}]},{\"@type\":\"Person\",\"@id\":\"https:\/\/arteeluoghi.it\/#\/schema\/person\/f84e814e36e91e01448ee07eaadd41d4\",\"name\":\"Staff\",\"image\":{\"@type\":\"ImageObject\",\"@id\":\"https:\/\/arteeluoghi.it\/#personlogo\",\"inLanguage\":\"it-IT\",\"url\":\"https:\/\/secure.gravatar.com\/avatar\/49d2f9e46271bb04e19cebfaf141313a?s=96&d=blank&r=g\",\"contentUrl\":\"https:\/\/secure.gravatar.com\/avatar\/49d2f9e46271bb04e19cebfaf141313a?s=96&d=blank&r=g\",\"caption\":\"Staff\"}}]}<\/script>\n<!-- \/ Yoast SEO plugin. -->","yoast_head_json":{"title":"Calendario mostre 2010 - anticipazioni | Arte e Luoghi","robots":{"index":"index","follow":"follow","max-snippet":"max-snippet:-1","max-image-preview":"max-image-preview:large","max-video-preview":"max-video-preview:-1"},"canonical":"https:\/\/arteeluoghi.it\/index.php\/2006\/10\/09\/calendario-mostre-2010\/","next":"https:\/\/arteeluoghi.it\/index.php\/2006\/10\/09\/calendario-mostre-2010\/2\/","og_locale":"it_IT","og_type":"article","og_title":"Calendario mostre 2010 - anticipazioni | Arte e Luoghi","og_description":"LO SPAZIO DEL SACROModena, Palazzo Santa Margherita e Palazzina dei Giardini (corso Canalgrande)5 dicembre 2010 &#8211; 6 marzo 2011 \u00a0","og_url":"https:\/\/arteeluoghi.it\/index.php\/2006\/10\/09\/calendario-mostre-2010\/","og_site_name":"Arte e Luoghi","article_publisher":"https:\/\/www.facebook.com\/ArteELuoghi\/","article_published_time":"2006-10-09T06:33:57+00:00","article_modified_time":"2017-08-06T22:37:56+00:00","og_image":[{"url":"https:\/\/arteeluoghi.it\/images\/stories\/image003.gif"}],"twitter_card":"summary","twitter_creator":"@arteeluoghi","twitter_site":"@arteeluoghi","twitter_misc":{"Scritto da":"Staff","Tempo di lettura stimato":"6 minuti"},"schema":{"@context":"https:\/\/schema.org","@graph":[{"@type":"Organization","@id":"https:\/\/arteeluoghi.it\/#organization","name":"Arte e Luoghi","url":"https:\/\/arteeluoghi.it\/","sameAs":["https:\/\/www.facebook.com\/ArteELuoghi\/","https:\/\/www.instagram.com\/arteeluoghi\/?hl=it","https:\/\/www.youtube.com\/channel\/UCuRVc4JW4-C5sg9rQB-srkw?view_as=subscriber","https:\/\/twitter.com\/arteeluoghi"],"logo":{"@type":"ImageObject","@id":"https:\/\/arteeluoghi.it\/#logo","inLanguage":"it-IT","url":"https:\/\/arteeluoghi.it\/wp-content\/uploads\/2018\/08\/logoinstagramarte.jpg","contentUrl":"https:\/\/arteeluoghi.it\/wp-content\/uploads\/2018\/08\/logoinstagramarte.jpg","width":150,"height":150,"caption":"Arte e Luoghi"},"image":{"@id":"https:\/\/arteeluoghi.it\/#logo"}},{"@type":"WebSite","@id":"https:\/\/arteeluoghi.it\/#website","url":"https:\/\/arteeluoghi.it\/","name":"Arte e Luoghi","description":"Mensile di arte, cultura, turismo e curiosit\u00e0","publisher":{"@id":"https:\/\/arteeluoghi.it\/#organization"},"potentialAction":[{"@type":"SearchAction","target":{"@type":"EntryPoint","urlTemplate":"https:\/\/arteeluoghi.it\/?s={search_term_string}"},"query-input":"required name=search_term_string"}],"inLanguage":"it-IT"},{"@type":"ImageObject","@id":"https:\/\/arteeluoghi.it\/index.php\/2006\/10\/09\/calendario-mostre-2010\/#primaryimage","inLanguage":"it-IT","url":"\/images\/stories\/image003.gif","contentUrl":"\/images\/stories\/image003.gif"},{"@type":"WebPage","@id":"https:\/\/arteeluoghi.it\/index.php\/2006\/10\/09\/calendario-mostre-2010\/#webpage","url":"https:\/\/arteeluoghi.it\/index.php\/2006\/10\/09\/calendario-mostre-2010\/","name":"Calendario mostre 2010 - anticipazioni | Arte e Luoghi","isPartOf":{"@id":"https:\/\/arteeluoghi.it\/#website"},"primaryImageOfPage":{"@id":"https:\/\/arteeluoghi.it\/index.php\/2006\/10\/09\/calendario-mostre-2010\/#primaryimage"},"datePublished":"2006-10-09T06:33:57+00:00","dateModified":"2017-08-06T22:37:56+00:00","breadcrumb":{"@id":"https:\/\/arteeluoghi.it\/index.php\/2006\/10\/09\/calendario-mostre-2010\/#breadcrumb"},"inLanguage":"it-IT","potentialAction":[{"@type":"ReadAction","target":["https:\/\/arteeluoghi.it\/index.php\/2006\/10\/09\/calendario-mostre-2010\/"]}]},{"@type":"BreadcrumbList","@id":"https:\/\/arteeluoghi.it\/index.php\/2006\/10\/09\/calendario-mostre-2010\/#breadcrumb","itemListElement":[{"@type":"ListItem","position":1,"name":"Home"}]},{"@type":"Article","@id":"https:\/\/arteeluoghi.it\/index.php\/2006\/10\/09\/calendario-mostre-2010\/#article","isPartOf":{"@id":"https:\/\/arteeluoghi.it\/index.php\/2006\/10\/09\/calendario-mostre-2010\/#webpage"},"author":{"@id":"https:\/\/arteeluoghi.it\/#\/schema\/person\/f84e814e36e91e01448ee07eaadd41d4"},"headline":"Calendario mostre 2010 &#8211; anticipazioni","datePublished":"2006-10-09T06:33:57+00:00","dateModified":"2017-08-06T22:37:56+00:00","mainEntityOfPage":{"@id":"https:\/\/arteeluoghi.it\/index.php\/2006\/10\/09\/calendario-mostre-2010\/#webpage"},"wordCount":1301,"commentCount":0,"publisher":{"@id":"https:\/\/arteeluoghi.it\/#organization"},"image":{"@id":"https:\/\/arteeluoghi.it\/index.php\/2006\/10\/09\/calendario-mostre-2010\/#primaryimage"},"thumbnailUrl":"\/images\/stories\/image003.gif","articleSection":["Arte"],"inLanguage":"it-IT","potentialAction":[{"@type":"CommentAction","name":"Comment","target":["https:\/\/arteeluoghi.it\/index.php\/2006\/10\/09\/calendario-mostre-2010\/#respond"]}]},{"@type":"Person","@id":"https:\/\/arteeluoghi.it\/#\/schema\/person\/f84e814e36e91e01448ee07eaadd41d4","name":"Staff","image":{"@type":"ImageObject","@id":"https:\/\/arteeluoghi.it\/#personlogo","inLanguage":"it-IT","url":"https:\/\/secure.gravatar.com\/avatar\/49d2f9e46271bb04e19cebfaf141313a?s=96&d=blank&r=g","contentUrl":"https:\/\/secure.gravatar.com\/avatar\/49d2f9e46271bb04e19cebfaf141313a?s=96&d=blank&r=g","caption":"Staff"}}]}},"_links":{"self":[{"href":"https:\/\/arteeluoghi.it\/index.php\/wp-json\/wp\/v2\/posts\/19"}],"collection":[{"href":"https:\/\/arteeluoghi.it\/index.php\/wp-json\/wp\/v2\/posts"}],"about":[{"href":"https:\/\/arteeluoghi.it\/index.php\/wp-json\/wp\/v2\/types\/post"}],"author":[{"embeddable":true,"href":"https:\/\/arteeluoghi.it\/index.php\/wp-json\/wp\/v2\/users\/1"}],"replies":[{"embeddable":true,"href":"https:\/\/arteeluoghi.it\/index.php\/wp-json\/wp\/v2\/comments?post=19"}],"version-history":[{"count":1,"href":"https:\/\/arteeluoghi.it\/index.php\/wp-json\/wp\/v2\/posts\/19\/revisions"}],"predecessor-version":[{"id":3194,"href":"https:\/\/arteeluoghi.it\/index.php\/wp-json\/wp\/v2\/posts\/19\/revisions\/3194"}],"wp:attachment":[{"href":"https:\/\/arteeluoghi.it\/index.php\/wp-json\/wp\/v2\/media?parent=19"}],"wp:term":[{"taxonomy":"category","embeddable":true,"href":"https:\/\/arteeluoghi.it\/index.php\/wp-json\/wp\/v2\/categories?post=19"},{"taxonomy":"post_tag","embeddable":true,"href":"https:\/\/arteeluoghi.it\/index.php\/wp-json\/wp\/v2\/tags?post=19"}],"curies":[{"name":"wp","href":"https:\/\/api.w.org\/{rel}","templated":true}]}}