{"id":1904,"date":"2014-10-10T00:41:22","date_gmt":"2014-10-09T22:41:22","guid":{"rendered":"http:\/\/arteeluoghi.it\/index.php\/2014\/10\/10\/le-relazioni-al-rosso-cinabro\/"},"modified":"2014-10-10T00:41:22","modified_gmt":"2014-10-09T22:41:22","slug":"le-relazioni-al-rosso-cinabro","status":"publish","type":"post","link":"https:\/\/arteeluoghi.it\/index.php\/2014\/10\/10\/le-relazioni-al-rosso-cinabro\/","title":{"rendered":"Le relazioni. Al Rosso Cinabro"},"content":{"rendered":"<p><img src=\"\/images\/valli_it_is_not_a_tree.jpg\" border=\"0\" width=\"250\" style=\"margin: 21px; border: 1px solid black; float: left;\" \/>Dal 10 al 23 ottobre 2014<\/p>\n<p><strong>Dialogo tra gli artisti Giovanni Boldrini, Marta Fiorentini, Mario Formica, Stefano Mariotti, Gabriele Massaro, Luca Pascucci, Federico Pisciotta, Daniela Rebecchi, Tiziana Rufo, Alfio Sacco, Giovanna Valli<\/strong><\/p>\n<p>\u00a0<\/p>\n<p>In occasione della X Giornata del Contemporaneo AMACI, con l\u2019apertura straordinaria di sabato 11 ottobre, la galleria presenta al suo pubblico la mostra collettiva <em>Le relazioni<\/em>. Saranno esposte le opere di: Giovanni Boldrini, Marta Fiorentini, Mario Formica, Stefano Mariotti, Gabriele Massaro, Luca Pascucci, Federico Pisciotta, Daniela Rebecchi, Tiziana Rufo, Alfio Sacco, Giovanna Valli.<\/p>\n<p>Gli artisti amano l\u2019associazione mentale, la franchezza d&#8217;intenti e sono sensibili\u00a0 nell\u2019intuire il sentire contemporaneo.\u00a0 Oggi viviamo in una societ\u00e0 stressata ed eccitabile, una societ\u00e0 formata da singole individualit\u00e0 in costante ricerca di autonomia. Questo \u00e8 un cammino chiaro e incontrovertibile. La globalizzazione fa il resto, provocando\u00a0 forzate nuove relazioni e convivenze. Questa situazione pu\u00f2 essere fonte di resistenza se non si coltiva la pi\u00f9 grande capacit\u00e0 \u00a0dell&#8217;essere umano: il dialogo.<\/p>\n<p>  <!--more-->  <\/p>\n<p>\u00a0<\/p>\n<p>Questa esposizione \u00e8 un invito ad un dialogo sia tra artisti che tra artisti e lo spettatore e poco importa se lo sguardo non rispetta l&#8217;idea tradizionale. Attraverso la ripetizione, l&#8217;accumulazione o le molte trasformazioni, la sintesi, la memoria, l&#8217;occhio realizza il mondo, lo rivela anzi alla sua origine. Gli artisti e lo spettatore insieme possono creare un catalogo dinamico di forze, di stimoli, \u00a0di volizioni che permette ad ambedue \u00a0di tornare nuovamente a vedere.<\/p>\n<p>\u00a0<\/p>\n<p><strong>Attivit\u00e0 collaterali<\/strong><\/p>\n<p>Presentazione dell&#8217;ultimo volume di Annamaria Biagini in collaborazione con Florence Art Edizioni e Libreria Mondadori, Via Piave 18 Roma sabato 11 ottobre ore 17:00 gradita prenotazione (tel. 06 42014726), previsto laboratorio didattico per bambini et\u00e0 5 &#8211; 11 anni <em>(sar\u00e0 presente l\u2019artista)<\/em><\/p>\n<p><em>\u00a0<\/em><\/p>\n<p>RossoCinabro Via Raffaele Cadorna 28, Roma tel 06 60658125 rossocinabro.com<\/p>\n<p>visitabile da luned\u00ec a venerd\u00ec ore 11:00-19:00<\/p>\n<p>opening sabato 11 ottobre ore 17:00<\/p>\n<p><em>ingresso libero<\/em><\/p>\n<p>\u00a0<\/p>\n","protected":false},"excerpt":{"rendered":"<p>Dal 10 al 23 ottobre 2014 Dialogo tra gli artisti Giovanni Boldrini, Marta Fiorentini, Mario Formica, Stefano Mariotti, Gabriele Massaro,<\/p>\n","protected":false},"author":1,"featured_media":0,"comment_status":"open","ping_status":"open","sticky":false,"template":"","format":"standard","meta":[],"categories":[27],"tags":[],"yoast_head":"<!-- This site is optimized with the Yoast SEO plugin v18.0 - https:\/\/yoast.com\/wordpress\/plugins\/seo\/ -->\n<title>Le relazioni. Al Rosso Cinabro | Arte e Luoghi<\/title>\n<meta name=\"robots\" content=\"index, follow, max-snippet:-1, max-image-preview:large, max-video-preview:-1\" \/>\n<link rel=\"canonical\" href=\"https:\/\/arteeluoghi.it\/index.php\/2014\/10\/10\/le-relazioni-al-rosso-cinabro\/\" \/>\n<meta property=\"og:locale\" content=\"it_IT\" \/>\n<meta property=\"og:type\" content=\"article\" \/>\n<meta property=\"og:title\" content=\"Le relazioni. Al Rosso Cinabro | Arte e Luoghi\" \/>\n<meta property=\"og:description\" content=\"Dal 10 al 23 ottobre 2014 Dialogo tra gli artisti Giovanni Boldrini, Marta Fiorentini, Mario Formica, Stefano Mariotti, Gabriele Massaro,\" \/>\n<meta property=\"og:url\" content=\"https:\/\/arteeluoghi.it\/index.php\/2014\/10\/10\/le-relazioni-al-rosso-cinabro\/\" \/>\n<meta property=\"og:site_name\" content=\"Arte e Luoghi\" \/>\n<meta property=\"article:publisher\" content=\"https:\/\/www.facebook.com\/ArteELuoghi\/\" \/>\n<meta property=\"article:published_time\" content=\"2014-10-09T22:41:22+00:00\" \/>\n<meta property=\"og:image\" content=\"https:\/\/arteeluoghi.it\/images\/valli_it_is_not_a_tree.jpg\" \/>\n<meta name=\"twitter:card\" content=\"summary\" \/>\n<meta name=\"twitter:creator\" content=\"@arteeluoghi\" \/>\n<meta name=\"twitter:site\" content=\"@arteeluoghi\" \/>\n<meta name=\"twitter:label1\" content=\"Scritto da\" \/>\n\t<meta name=\"twitter:data1\" content=\"Staff\" \/>\n\t<meta name=\"twitter:label2\" content=\"Tempo di lettura stimato\" \/>\n\t<meta name=\"twitter:data2\" content=\"1 minuto\" \/>\n<script type=\"application\/ld+json\" class=\"yoast-schema-graph\">{\"@context\":\"https:\/\/schema.org\",\"@graph\":[{\"@type\":\"Organization\",\"@id\":\"https:\/\/arteeluoghi.it\/#organization\",\"name\":\"Arte e Luoghi\",\"url\":\"https:\/\/arteeluoghi.it\/\",\"sameAs\":[\"https:\/\/www.facebook.com\/ArteELuoghi\/\",\"https:\/\/www.instagram.com\/arteeluoghi\/?hl=it\",\"https:\/\/www.youtube.com\/channel\/UCuRVc4JW4-C5sg9rQB-srkw?view_as=subscriber\",\"https:\/\/twitter.com\/arteeluoghi\"],\"logo\":{\"@type\":\"ImageObject\",\"@id\":\"https:\/\/arteeluoghi.it\/#logo\",\"inLanguage\":\"it-IT\",\"url\":\"https:\/\/arteeluoghi.it\/wp-content\/uploads\/2018\/08\/logoinstagramarte.jpg\",\"contentUrl\":\"https:\/\/arteeluoghi.it\/wp-content\/uploads\/2018\/08\/logoinstagramarte.jpg\",\"width\":150,\"height\":150,\"caption\":\"Arte e Luoghi\"},\"image\":{\"@id\":\"https:\/\/arteeluoghi.it\/#logo\"}},{\"@type\":\"WebSite\",\"@id\":\"https:\/\/arteeluoghi.it\/#website\",\"url\":\"https:\/\/arteeluoghi.it\/\",\"name\":\"Arte e Luoghi\",\"description\":\"Mensile di arte, cultura, turismo e curiosit\u00e0\",\"publisher\":{\"@id\":\"https:\/\/arteeluoghi.it\/#organization\"},\"potentialAction\":[{\"@type\":\"SearchAction\",\"target\":{\"@type\":\"EntryPoint\",\"urlTemplate\":\"https:\/\/arteeluoghi.it\/?s={search_term_string}\"},\"query-input\":\"required name=search_term_string\"}],\"inLanguage\":\"it-IT\"},{\"@type\":\"ImageObject\",\"@id\":\"https:\/\/arteeluoghi.it\/index.php\/2014\/10\/10\/le-relazioni-al-rosso-cinabro\/#primaryimage\",\"inLanguage\":\"it-IT\",\"url\":\"\/images\/valli_it_is_not_a_tree.jpg\",\"contentUrl\":\"\/images\/valli_it_is_not_a_tree.jpg\"},{\"@type\":\"WebPage\",\"@id\":\"https:\/\/arteeluoghi.it\/index.php\/2014\/10\/10\/le-relazioni-al-rosso-cinabro\/#webpage\",\"url\":\"https:\/\/arteeluoghi.it\/index.php\/2014\/10\/10\/le-relazioni-al-rosso-cinabro\/\",\"name\":\"Le relazioni. Al Rosso Cinabro | Arte e Luoghi\",\"isPartOf\":{\"@id\":\"https:\/\/arteeluoghi.it\/#website\"},\"primaryImageOfPage\":{\"@id\":\"https:\/\/arteeluoghi.it\/index.php\/2014\/10\/10\/le-relazioni-al-rosso-cinabro\/#primaryimage\"},\"datePublished\":\"2014-10-09T22:41:22+00:00\",\"dateModified\":\"2014-10-09T22:41:22+00:00\",\"breadcrumb\":{\"@id\":\"https:\/\/arteeluoghi.it\/index.php\/2014\/10\/10\/le-relazioni-al-rosso-cinabro\/#breadcrumb\"},\"inLanguage\":\"it-IT\",\"potentialAction\":[{\"@type\":\"ReadAction\",\"target\":[\"https:\/\/arteeluoghi.it\/index.php\/2014\/10\/10\/le-relazioni-al-rosso-cinabro\/\"]}]},{\"@type\":\"BreadcrumbList\",\"@id\":\"https:\/\/arteeluoghi.it\/index.php\/2014\/10\/10\/le-relazioni-al-rosso-cinabro\/#breadcrumb\",\"itemListElement\":[{\"@type\":\"ListItem\",\"position\":1,\"name\":\"Home\",\"item\":\"https:\/\/arteeluoghi.it\/\"},{\"@type\":\"ListItem\",\"position\":2,\"name\":\"Le relazioni. Al Rosso Cinabro\"}]},{\"@type\":\"Article\",\"@id\":\"https:\/\/arteeluoghi.it\/index.php\/2014\/10\/10\/le-relazioni-al-rosso-cinabro\/#article\",\"isPartOf\":{\"@id\":\"https:\/\/arteeluoghi.it\/index.php\/2014\/10\/10\/le-relazioni-al-rosso-cinabro\/#webpage\"},\"author\":{\"@id\":\"https:\/\/arteeluoghi.it\/#\/schema\/person\/f84e814e36e91e01448ee07eaadd41d4\"},\"headline\":\"Le relazioni. Al Rosso Cinabro\",\"datePublished\":\"2014-10-09T22:41:22+00:00\",\"dateModified\":\"2014-10-09T22:41:22+00:00\",\"mainEntityOfPage\":{\"@id\":\"https:\/\/arteeluoghi.it\/index.php\/2014\/10\/10\/le-relazioni-al-rosso-cinabro\/#webpage\"},\"wordCount\":292,\"commentCount\":0,\"publisher\":{\"@id\":\"https:\/\/arteeluoghi.it\/#organization\"},\"image\":{\"@id\":\"https:\/\/arteeluoghi.it\/index.php\/2014\/10\/10\/le-relazioni-al-rosso-cinabro\/#primaryimage\"},\"thumbnailUrl\":\"\/images\/valli_it_is_not_a_tree.jpg\",\"articleSection\":[\"Arte\"],\"inLanguage\":\"it-IT\",\"potentialAction\":[{\"@type\":\"CommentAction\",\"name\":\"Comment\",\"target\":[\"https:\/\/arteeluoghi.it\/index.php\/2014\/10\/10\/le-relazioni-al-rosso-cinabro\/#respond\"]}]},{\"@type\":\"Person\",\"@id\":\"https:\/\/arteeluoghi.it\/#\/schema\/person\/f84e814e36e91e01448ee07eaadd41d4\",\"name\":\"Staff\",\"image\":{\"@type\":\"ImageObject\",\"@id\":\"https:\/\/arteeluoghi.it\/#personlogo\",\"inLanguage\":\"it-IT\",\"url\":\"https:\/\/secure.gravatar.com\/avatar\/49d2f9e46271bb04e19cebfaf141313a?s=96&d=blank&r=g\",\"contentUrl\":\"https:\/\/secure.gravatar.com\/avatar\/49d2f9e46271bb04e19cebfaf141313a?s=96&d=blank&r=g\",\"caption\":\"Staff\"}}]}<\/script>\n<!-- \/ Yoast SEO plugin. -->","yoast_head_json":{"title":"Le relazioni. Al Rosso Cinabro | Arte e Luoghi","robots":{"index":"index","follow":"follow","max-snippet":"max-snippet:-1","max-image-preview":"max-image-preview:large","max-video-preview":"max-video-preview:-1"},"canonical":"https:\/\/arteeluoghi.it\/index.php\/2014\/10\/10\/le-relazioni-al-rosso-cinabro\/","og_locale":"it_IT","og_type":"article","og_title":"Le relazioni. Al Rosso Cinabro | Arte e Luoghi","og_description":"Dal 10 al 23 ottobre 2014 Dialogo tra gli artisti Giovanni Boldrini, Marta Fiorentini, Mario Formica, Stefano Mariotti, Gabriele Massaro,","og_url":"https:\/\/arteeluoghi.it\/index.php\/2014\/10\/10\/le-relazioni-al-rosso-cinabro\/","og_site_name":"Arte e Luoghi","article_publisher":"https:\/\/www.facebook.com\/ArteELuoghi\/","article_published_time":"2014-10-09T22:41:22+00:00","og_image":[{"url":"https:\/\/arteeluoghi.it\/images\/valli_it_is_not_a_tree.jpg"}],"twitter_card":"summary","twitter_creator":"@arteeluoghi","twitter_site":"@arteeluoghi","twitter_misc":{"Scritto da":"Staff","Tempo di lettura stimato":"1 minuto"},"schema":{"@context":"https:\/\/schema.org","@graph":[{"@type":"Organization","@id":"https:\/\/arteeluoghi.it\/#organization","name":"Arte e Luoghi","url":"https:\/\/arteeluoghi.it\/","sameAs":["https:\/\/www.facebook.com\/ArteELuoghi\/","https:\/\/www.instagram.com\/arteeluoghi\/?hl=it","https:\/\/www.youtube.com\/channel\/UCuRVc4JW4-C5sg9rQB-srkw?view_as=subscriber","https:\/\/twitter.com\/arteeluoghi"],"logo":{"@type":"ImageObject","@id":"https:\/\/arteeluoghi.it\/#logo","inLanguage":"it-IT","url":"https:\/\/arteeluoghi.it\/wp-content\/uploads\/2018\/08\/logoinstagramarte.jpg","contentUrl":"https:\/\/arteeluoghi.it\/wp-content\/uploads\/2018\/08\/logoinstagramarte.jpg","width":150,"height":150,"caption":"Arte e Luoghi"},"image":{"@id":"https:\/\/arteeluoghi.it\/#logo"}},{"@type":"WebSite","@id":"https:\/\/arteeluoghi.it\/#website","url":"https:\/\/arteeluoghi.it\/","name":"Arte e Luoghi","description":"Mensile di arte, cultura, turismo e curiosit\u00e0","publisher":{"@id":"https:\/\/arteeluoghi.it\/#organization"},"potentialAction":[{"@type":"SearchAction","target":{"@type":"EntryPoint","urlTemplate":"https:\/\/arteeluoghi.it\/?s={search_term_string}"},"query-input":"required name=search_term_string"}],"inLanguage":"it-IT"},{"@type":"ImageObject","@id":"https:\/\/arteeluoghi.it\/index.php\/2014\/10\/10\/le-relazioni-al-rosso-cinabro\/#primaryimage","inLanguage":"it-IT","url":"\/images\/valli_it_is_not_a_tree.jpg","contentUrl":"\/images\/valli_it_is_not_a_tree.jpg"},{"@type":"WebPage","@id":"https:\/\/arteeluoghi.it\/index.php\/2014\/10\/10\/le-relazioni-al-rosso-cinabro\/#webpage","url":"https:\/\/arteeluoghi.it\/index.php\/2014\/10\/10\/le-relazioni-al-rosso-cinabro\/","name":"Le relazioni. Al Rosso Cinabro | Arte e Luoghi","isPartOf":{"@id":"https:\/\/arteeluoghi.it\/#website"},"primaryImageOfPage":{"@id":"https:\/\/arteeluoghi.it\/index.php\/2014\/10\/10\/le-relazioni-al-rosso-cinabro\/#primaryimage"},"datePublished":"2014-10-09T22:41:22+00:00","dateModified":"2014-10-09T22:41:22+00:00","breadcrumb":{"@id":"https:\/\/arteeluoghi.it\/index.php\/2014\/10\/10\/le-relazioni-al-rosso-cinabro\/#breadcrumb"},"inLanguage":"it-IT","potentialAction":[{"@type":"ReadAction","target":["https:\/\/arteeluoghi.it\/index.php\/2014\/10\/10\/le-relazioni-al-rosso-cinabro\/"]}]},{"@type":"BreadcrumbList","@id":"https:\/\/arteeluoghi.it\/index.php\/2014\/10\/10\/le-relazioni-al-rosso-cinabro\/#breadcrumb","itemListElement":[{"@type":"ListItem","position":1,"name":"Home","item":"https:\/\/arteeluoghi.it\/"},{"@type":"ListItem","position":2,"name":"Le relazioni. Al Rosso Cinabro"}]},{"@type":"Article","@id":"https:\/\/arteeluoghi.it\/index.php\/2014\/10\/10\/le-relazioni-al-rosso-cinabro\/#article","isPartOf":{"@id":"https:\/\/arteeluoghi.it\/index.php\/2014\/10\/10\/le-relazioni-al-rosso-cinabro\/#webpage"},"author":{"@id":"https:\/\/arteeluoghi.it\/#\/schema\/person\/f84e814e36e91e01448ee07eaadd41d4"},"headline":"Le relazioni. Al Rosso Cinabro","datePublished":"2014-10-09T22:41:22+00:00","dateModified":"2014-10-09T22:41:22+00:00","mainEntityOfPage":{"@id":"https:\/\/arteeluoghi.it\/index.php\/2014\/10\/10\/le-relazioni-al-rosso-cinabro\/#webpage"},"wordCount":292,"commentCount":0,"publisher":{"@id":"https:\/\/arteeluoghi.it\/#organization"},"image":{"@id":"https:\/\/arteeluoghi.it\/index.php\/2014\/10\/10\/le-relazioni-al-rosso-cinabro\/#primaryimage"},"thumbnailUrl":"\/images\/valli_it_is_not_a_tree.jpg","articleSection":["Arte"],"inLanguage":"it-IT","potentialAction":[{"@type":"CommentAction","name":"Comment","target":["https:\/\/arteeluoghi.it\/index.php\/2014\/10\/10\/le-relazioni-al-rosso-cinabro\/#respond"]}]},{"@type":"Person","@id":"https:\/\/arteeluoghi.it\/#\/schema\/person\/f84e814e36e91e01448ee07eaadd41d4","name":"Staff","image":{"@type":"ImageObject","@id":"https:\/\/arteeluoghi.it\/#personlogo","inLanguage":"it-IT","url":"https:\/\/secure.gravatar.com\/avatar\/49d2f9e46271bb04e19cebfaf141313a?s=96&d=blank&r=g","contentUrl":"https:\/\/secure.gravatar.com\/avatar\/49d2f9e46271bb04e19cebfaf141313a?s=96&d=blank&r=g","caption":"Staff"}}]}},"_links":{"self":[{"href":"https:\/\/arteeluoghi.it\/index.php\/wp-json\/wp\/v2\/posts\/1904"}],"collection":[{"href":"https:\/\/arteeluoghi.it\/index.php\/wp-json\/wp\/v2\/posts"}],"about":[{"href":"https:\/\/arteeluoghi.it\/index.php\/wp-json\/wp\/v2\/types\/post"}],"author":[{"embeddable":true,"href":"https:\/\/arteeluoghi.it\/index.php\/wp-json\/wp\/v2\/users\/1"}],"replies":[{"embeddable":true,"href":"https:\/\/arteeluoghi.it\/index.php\/wp-json\/wp\/v2\/comments?post=1904"}],"version-history":[{"count":0,"href":"https:\/\/arteeluoghi.it\/index.php\/wp-json\/wp\/v2\/posts\/1904\/revisions"}],"wp:attachment":[{"href":"https:\/\/arteeluoghi.it\/index.php\/wp-json\/wp\/v2\/media?parent=1904"}],"wp:term":[{"taxonomy":"category","embeddable":true,"href":"https:\/\/arteeluoghi.it\/index.php\/wp-json\/wp\/v2\/categories?post=1904"},{"taxonomy":"post_tag","embeddable":true,"href":"https:\/\/arteeluoghi.it\/index.php\/wp-json\/wp\/v2\/tags?post=1904"}],"curies":[{"name":"wp","href":"https:\/\/api.w.org\/{rel}","templated":true}]}}