{"id":1907,"date":"2014-10-14T19:22:41","date_gmt":"2014-10-14T17:22:41","guid":{"rendered":"http:\/\/arteeluoghi.it\/index.php\/2014\/10\/14\/angelo-recchia-de-barbarano-convegno-e-mostra-a-segni\/"},"modified":"2017-08-06T23:22:16","modified_gmt":"2017-08-06T21:22:16","slug":"angelo-recchia-de-barbarano-convegno-e-mostra-a-segni","status":"publish","type":"post","link":"https:\/\/arteeluoghi.it\/index.php\/2014\/10\/14\/angelo-recchia-de-barbarano-convegno-e-mostra-a-segni\/","title":{"rendered":"Angelo Recchia de Barbarano. Convegno e mostra a Segni"},"content":{"rendered":"<p style=\"text-align: left;\" align=\"center\"><img src=\"\/images\/Foto%201%20LR.jpg\" border=\"0\" alt=\"Immagine del monumento sepolcrale di Recchia a Sant\u2019Agostino in Campo Marzio. \" width=\"300\" style=\"margin: 21px; border: 1px solid black; float: right;\" \/>Gioved\u00ec 23 ottobre l&#8217;apertura della mostra. Sabato 26 il convegno su Angelo Recchia e\u00a0 su un incunabulo con una sorprendente nota sul ritrovamento del Laocoonte nel 1506 scoperto a Segni (Roma)<\/p>\n<p style=\"text-align: left;\" align=\"center\"><strong>Alla scoperta di un umanista e della sua preziosa collezione libraria<\/strong><\/p>\n<p>Una mostra e un convegno per far luce su una pagina di Storia\u00a0 e di Arte. In occasione della Sagra del Marrone la citt\u00e0 di Segni ospiter\u00e0 un convegno dedicato ad\u00a0 \u201cAngelo Recchia <em>de Barbarano <\/em>(1486-1558) magistrato capitolino, umanista, uomo di governo\u201d. Tra i materiali d\u2019archivio dell\u2019insigne giurista \u00e8 stato rinvenuto un preziosissimo incunabolo che riguarda direttamente il rinvenimento nel 1506 del celeberrimo gruppo statuario antico del Laocoonte. Il volume conservato a Segni \u00e8 in grado di aggiungere un piccolo tassello a questa straordinaria vicenda dell\u2019archeologia e della storia dell\u2019arte.<\/p>\n<p>Nell\u2019Archivio storico \u201cInnocenzo III\u201d di Segni, nel corso delle operazioni di riordino e catalogazione della biblioteca del soppresso seminario vescovile \u2013 ricca di un fondo antico di circa quattromila volumi \u2013 \u00e8 stato rinvenuto un prezioso incunabolo, ovvero l\u2019esemplare di una edizione della Naturalis Historia di Plinio il Vecchio, stampata a Venezia nel 1491 dall\u2019editore Tommaso de\u2019 Blavis per la cura dell\u2019umanista Filippo Beroaldo, che finora era sconosciuto a tutti i repertori internazionali. Dopo un laborioso intervento di restauro, reso necessario dal cattivo stato di conservazione del volume, si \u00e8 proceduto a un esame meticoloso delle numerose postille a penna che incorniciavano il testo stampato.<\/p>\n<p>  <!--more-->  <\/p>\n<p><img src=\"\/images\/Foto%202%20LR.jpg\" border=\"0\" title=\"Immagine della postilla sull\u2019incunabolo rinvenuto a Segni\" width=\"300\" style=\"margin: 21px; border: 1px solid black; float: left;\" \/><\/p>\n<p>Grazie ad alcune note di possesso si \u00e8 potuto accertare il nome dell\u2019antico proprietario del libro, nonch\u00e9 autore di tutte le postille su di esso, ovvero Angelo Recchia de Barbarano (1486-1558): insigne giurista che tra il 1519 e il 1550 fu a lungo al servizio delle magistrature capitoline e della Camera Apostolica, per poi divenire nel 1557 uno dei Conservatori dell\u2019Universit\u00e0 La Sapienza, dopo avere ottenuto nel 1553 anche la cittadinanza onoraria di Roma; il suo monumento funebre si trova nella chiesa di S. Agostino in Campo Marzio.<\/p>\n<p>La mostra di tesori librari e documentari dell\u2019Archivio Storico \u201cInnocenzo III\u201d mai esposti oltre ad alcuni protocolli dei secc. XVI-XVII dell\u2019Archivio di Stato di Viterbo si inaugurer\u00e0 il 23 ottobre mentre sabato 25 \u00a0Ottobre a partire dalle ore 11 si svolger\u00e0 il\u00a0 Convegno che vedr\u00e0 tra i relatori\u00a0 Alfredo Serangeli, direttore dell\u2019Archivio Storico \u201cInnocenzo III\u201d che terr\u00e0 la relazione &#8220;<em>Angelo Recchia: un profilo biografico e il suo incunabolo della \u201cNaturalis historia\u201d conservato a Segni<\/em>&#8220;; lo storico dell&#8217;arte Luca Calenne parler\u00e0 su &#8220;<em>Il ritrovamento del Laocoonte: da oggetto delle aspirazioni capitoline a simbolo del primato papale su Roma&#8221; mentre il docente e ricercatore <\/em>Edoardo Tarmati terr\u00e0 una relazione su &#8220;<em>La famiglia Recchia e Barbarano nella prima et\u00e0 moderna&#8221;. <\/em><\/p>\n<p>La mostra e il convegno costituiranno un importante occasione per inquadrare lo spessore intellettuale di Angelo Recchia\u00a0 testimoniato anche dal tenore e dall\u2019argomento delle cennate postille, dove il giurista annota varianti testuali, apporta correzioni e rimandi ad altre opere classiche e lascia appunti di carattere personale. Tra questi ve ne \u00e8 uno che riguarda direttamente il rinvenimento nel 1506 del celeberrimo gruppo statuario antico del Laocoonte.<\/p>\n<p>Su questo capolavoro dell\u2019arte ellenistica, opera di Agesandro, Atanadoro e Polidoro di Rodi, recentemente sono stati prodotti diversi studi che riguardano i problemi della sua datazione (che dovrebbe risalire al I sec. a.C.), il luogo esatto della sua scoperta (la vigna di Felice de Fredis che era ubicata alle pendici orientali del Colle Oppio), il fatto se si tratti o meno di\u00a0 un originale piuttosto che una copia di un\u2019opera pi\u00f9 antica (si vedano i recenti contributi di Salvatore Settis), e la sua stessa fortuna nel Rinascimento.<\/p>\n<p>Anche il volume conservato a Segni \u00e8 in grado di aggiungere un piccolo tassello a questa straordinaria vicenda dell\u2019archeologia e della storia dell\u2019arte. Alla carta 290v del volume, secondo la numerazione moderna, a fianco del brano che Plinio dedica al Laocoonte (lib. XXXI, cap. 5), si legge infatti: \u00ab<em>Laocho\u00f5\/ tis statua\/ qua Divus\/ Iulius Pont.\/ Max. in pa\/ latio Vaticano loca\/ vit: reperta\/ est Ro[ma] An\/ no Virginej\/ partus\/ 1506\/.iiii. Jdus\/ Januarij<\/em>\u00bb. Ovvero, <em>la statua del Laocoonte che il Divo<\/em> <em>Giulio Pontefice Massimo <\/em>(papa Giulio II) <em>colloc\u00f2 in Vaticano \u00e8 stata scoperta a Roma nel 1506 dall\u2019anno del parto della Vergine<\/em> <em>quattro giorni prima delle idi di Gennaio<\/em>. Da notare su quest\u2019ultima parte che le idi di gennaio cadevano il 13, ma secondo l\u2019uso romano si contava <em>tutto incluso<\/em>, cio\u00e8 comprendendo nel conteggio anche i giorni di partenza e di arrivo, per cui quattro giorni prima del 13 porta al 10 gennaio.<\/p>\n<p>Dato il clamore che suscit\u00f2 il ritrovamento, non si tratta dell\u2019unica annotazione di questo tipo: un anonimo umanista dell\u2019inizio del Cinquecento ha lasciato una quasi identica postilla su una copia manoscritta dell\u2019opera di Plinio, oggi conservata nella Biblioteca Angelica e famosa perch\u00e9 da essa \u00e8 stata tratta la prima edizione romana a stampa della Naturalis Historia. Fin da subito \u00e8, per\u00f2, balzato agli occhi che la data riportata dal Recchia (cio\u00e8 il quarto giorno prima delle idi di gennaio, vale a dire il 10 gennaio) non corrispondeva a quella ufficiale, considerata tale da cinquecento anni sulla base di una lettera del fiorentino Filippo Casavecchia, che poneva l\u2019eccezionale ritrovamento quattro giorni dopo, cio\u00e8 il 14 dello stesso mese.<\/p>\n<p>In verit\u00e0, sulla data e il luogo del ritrovamento non abbiamo una documentazione precisa, ma la notizia da lui annotata \u00e8 certamente da ritenersi pi\u00f9 attendibile delle altre, in quanto egli era residente da tempo nell\u2019Urbe, era un alto magistrato capitolino e intratteneva stretti rapporti con autorevoli membri della Corte Pontificia, anche per gli importanti incarichi di governo che fu chiamato a ricoprire. Due furono, molto probabilmente, le fonti di informazione di Angelo Recchia: l\u2019architetto Antonio da Sangallo, nipote di quel Giuliano da Sangallo che per primo, insieme a Michelangelo Buonarroti, riconobbe nel gruppo scultoreo, ancora in parte interrato sulle pendici dell\u2019Esquilino, l\u2019opera citata da Plinio il Vecchio e, soprattutto, il padrone della \u201cvigna\u201d in cui ebbe luogo l\u2019eccezionale ritrovamento, ossia il romano Felice de Fredis anch\u2019egli incardinato nell\u2019amministrazione capitolina.<\/p>\n<p>red. Arte e Luoghi<\/p>\n<hr \/>\n<p>\u00a0<\/p>\n<p>La mostra rimarr\u00e0 aperta fino alle ore 20,00 di domenica 26 ottobre.<br \/>Gli orari di apertura saranno i seguenti:<br \/>gioved\u00ec 23, ore 17.00-19,00;<br \/>venerd\u00ec 24, ore 17.00-19,00;<br \/>sabato 25, ore 10,00-13,00\/16,00-20,00;<br \/>domenica 26, ore 10,00-13,00\/16,00-20,00.<\/p>\n<p>\u00a0<\/p>\n<p>\u00a0<\/p>\n<p>\u00a0<\/p>\n<p align=\"right\">\u00a0<\/p>\n","protected":false},"excerpt":{"rendered":"<p>Gioved\u00ec 23 ottobre l&#8217;apertura della mostra. Sabato 26 il convegno su Angelo Recchia e\u00a0 su un incunabulo con una sorprendente<\/p>\n","protected":false},"author":1,"featured_media":0,"comment_status":"open","ping_status":"open","sticky":false,"template":"","format":"standard","meta":[],"categories":[52],"tags":[],"yoast_head":"<!-- This site is optimized with the Yoast SEO plugin v18.0 - https:\/\/yoast.com\/wordpress\/plugins\/seo\/ -->\n<title>Angelo Recchia de Barbarano. Convegno e mostra a Segni | Arte e Luoghi<\/title>\n<meta name=\"robots\" content=\"index, follow, max-snippet:-1, max-image-preview:large, max-video-preview:-1\" \/>\n<link rel=\"canonical\" href=\"https:\/\/arteeluoghi.it\/index.php\/2014\/10\/14\/angelo-recchia-de-barbarano-convegno-e-mostra-a-segni\/\" \/>\n<meta property=\"og:locale\" content=\"it_IT\" \/>\n<meta property=\"og:type\" content=\"article\" \/>\n<meta property=\"og:title\" content=\"Angelo Recchia de Barbarano. Convegno e mostra a Segni | Arte e Luoghi\" \/>\n<meta property=\"og:description\" content=\"Gioved\u00ec 23 ottobre l&#8217;apertura della mostra. Sabato 26 il convegno su Angelo Recchia e\u00a0 su un incunabulo con una sorprendente\" \/>\n<meta property=\"og:url\" content=\"https:\/\/arteeluoghi.it\/index.php\/2014\/10\/14\/angelo-recchia-de-barbarano-convegno-e-mostra-a-segni\/\" \/>\n<meta property=\"og:site_name\" content=\"Arte e Luoghi\" \/>\n<meta property=\"article:publisher\" content=\"https:\/\/www.facebook.com\/ArteELuoghi\/\" \/>\n<meta property=\"article:published_time\" content=\"2014-10-14T17:22:41+00:00\" \/>\n<meta property=\"article:modified_time\" content=\"2017-08-06T21:22:16+00:00\" \/>\n<meta property=\"og:image\" content=\"https:\/\/arteeluoghi.it\/images\/Foto%201%20LR.jpg\" \/>\n<meta name=\"twitter:card\" content=\"summary\" \/>\n<meta name=\"twitter:creator\" content=\"@arteeluoghi\" \/>\n<meta name=\"twitter:site\" content=\"@arteeluoghi\" \/>\n<meta name=\"twitter:label1\" content=\"Scritto da\" \/>\n\t<meta name=\"twitter:data1\" content=\"Staff\" \/>\n\t<meta name=\"twitter:label2\" content=\"Tempo di lettura stimato\" \/>\n\t<meta name=\"twitter:data2\" content=\"5 minuti\" \/>\n<script type=\"application\/ld+json\" class=\"yoast-schema-graph\">{\"@context\":\"https:\/\/schema.org\",\"@graph\":[{\"@type\":\"Organization\",\"@id\":\"https:\/\/arteeluoghi.it\/#organization\",\"name\":\"Arte e Luoghi\",\"url\":\"https:\/\/arteeluoghi.it\/\",\"sameAs\":[\"https:\/\/www.facebook.com\/ArteELuoghi\/\",\"https:\/\/www.instagram.com\/arteeluoghi\/?hl=it\",\"https:\/\/www.youtube.com\/channel\/UCuRVc4JW4-C5sg9rQB-srkw?view_as=subscriber\",\"https:\/\/twitter.com\/arteeluoghi\"],\"logo\":{\"@type\":\"ImageObject\",\"@id\":\"https:\/\/arteeluoghi.it\/#logo\",\"inLanguage\":\"it-IT\",\"url\":\"https:\/\/arteeluoghi.it\/wp-content\/uploads\/2018\/08\/logoinstagramarte.jpg\",\"contentUrl\":\"https:\/\/arteeluoghi.it\/wp-content\/uploads\/2018\/08\/logoinstagramarte.jpg\",\"width\":150,\"height\":150,\"caption\":\"Arte e Luoghi\"},\"image\":{\"@id\":\"https:\/\/arteeluoghi.it\/#logo\"}},{\"@type\":\"WebSite\",\"@id\":\"https:\/\/arteeluoghi.it\/#website\",\"url\":\"https:\/\/arteeluoghi.it\/\",\"name\":\"Arte e Luoghi\",\"description\":\"Mensile di arte, cultura, turismo e curiosit\u00e0\",\"publisher\":{\"@id\":\"https:\/\/arteeluoghi.it\/#organization\"},\"potentialAction\":[{\"@type\":\"SearchAction\",\"target\":{\"@type\":\"EntryPoint\",\"urlTemplate\":\"https:\/\/arteeluoghi.it\/?s={search_term_string}\"},\"query-input\":\"required name=search_term_string\"}],\"inLanguage\":\"it-IT\"},{\"@type\":\"ImageObject\",\"@id\":\"https:\/\/arteeluoghi.it\/index.php\/2014\/10\/14\/angelo-recchia-de-barbarano-convegno-e-mostra-a-segni\/#primaryimage\",\"inLanguage\":\"it-IT\",\"url\":\"\/images\/Foto%201%20LR.jpg\",\"contentUrl\":\"\/images\/Foto%201%20LR.jpg\"},{\"@type\":\"WebPage\",\"@id\":\"https:\/\/arteeluoghi.it\/index.php\/2014\/10\/14\/angelo-recchia-de-barbarano-convegno-e-mostra-a-segni\/#webpage\",\"url\":\"https:\/\/arteeluoghi.it\/index.php\/2014\/10\/14\/angelo-recchia-de-barbarano-convegno-e-mostra-a-segni\/\",\"name\":\"Angelo Recchia de Barbarano. Convegno e mostra a Segni | Arte e Luoghi\",\"isPartOf\":{\"@id\":\"https:\/\/arteeluoghi.it\/#website\"},\"primaryImageOfPage\":{\"@id\":\"https:\/\/arteeluoghi.it\/index.php\/2014\/10\/14\/angelo-recchia-de-barbarano-convegno-e-mostra-a-segni\/#primaryimage\"},\"datePublished\":\"2014-10-14T17:22:41+00:00\",\"dateModified\":\"2017-08-06T21:22:16+00:00\",\"breadcrumb\":{\"@id\":\"https:\/\/arteeluoghi.it\/index.php\/2014\/10\/14\/angelo-recchia-de-barbarano-convegno-e-mostra-a-segni\/#breadcrumb\"},\"inLanguage\":\"it-IT\",\"potentialAction\":[{\"@type\":\"ReadAction\",\"target\":[\"https:\/\/arteeluoghi.it\/index.php\/2014\/10\/14\/angelo-recchia-de-barbarano-convegno-e-mostra-a-segni\/\"]}]},{\"@type\":\"BreadcrumbList\",\"@id\":\"https:\/\/arteeluoghi.it\/index.php\/2014\/10\/14\/angelo-recchia-de-barbarano-convegno-e-mostra-a-segni\/#breadcrumb\",\"itemListElement\":[{\"@type\":\"ListItem\",\"position\":1,\"name\":\"Home\",\"item\":\"https:\/\/arteeluoghi.it\/\"},{\"@type\":\"ListItem\",\"position\":2,\"name\":\"Angelo Recchia de Barbarano. Convegno e mostra a Segni\"}]},{\"@type\":\"Article\",\"@id\":\"https:\/\/arteeluoghi.it\/index.php\/2014\/10\/14\/angelo-recchia-de-barbarano-convegno-e-mostra-a-segni\/#article\",\"isPartOf\":{\"@id\":\"https:\/\/arteeluoghi.it\/index.php\/2014\/10\/14\/angelo-recchia-de-barbarano-convegno-e-mostra-a-segni\/#webpage\"},\"author\":{\"@id\":\"https:\/\/arteeluoghi.it\/#\/schema\/person\/f84e814e36e91e01448ee07eaadd41d4\"},\"headline\":\"Angelo Recchia de Barbarano. Convegno e mostra a Segni\",\"datePublished\":\"2014-10-14T17:22:41+00:00\",\"dateModified\":\"2017-08-06T21:22:16+00:00\",\"mainEntityOfPage\":{\"@id\":\"https:\/\/arteeluoghi.it\/index.php\/2014\/10\/14\/angelo-recchia-de-barbarano-convegno-e-mostra-a-segni\/#webpage\"},\"wordCount\":1039,\"commentCount\":0,\"publisher\":{\"@id\":\"https:\/\/arteeluoghi.it\/#organization\"},\"image\":{\"@id\":\"https:\/\/arteeluoghi.it\/index.php\/2014\/10\/14\/angelo-recchia-de-barbarano-convegno-e-mostra-a-segni\/#primaryimage\"},\"thumbnailUrl\":\"\/images\/Foto%201%20LR.jpg\",\"articleSection\":[\"I luoghi della parola\"],\"inLanguage\":\"it-IT\",\"potentialAction\":[{\"@type\":\"CommentAction\",\"name\":\"Comment\",\"target\":[\"https:\/\/arteeluoghi.it\/index.php\/2014\/10\/14\/angelo-recchia-de-barbarano-convegno-e-mostra-a-segni\/#respond\"]}]},{\"@type\":\"Person\",\"@id\":\"https:\/\/arteeluoghi.it\/#\/schema\/person\/f84e814e36e91e01448ee07eaadd41d4\",\"name\":\"Staff\",\"image\":{\"@type\":\"ImageObject\",\"@id\":\"https:\/\/arteeluoghi.it\/#personlogo\",\"inLanguage\":\"it-IT\",\"url\":\"https:\/\/secure.gravatar.com\/avatar\/49d2f9e46271bb04e19cebfaf141313a?s=96&d=blank&r=g\",\"contentUrl\":\"https:\/\/secure.gravatar.com\/avatar\/49d2f9e46271bb04e19cebfaf141313a?s=96&d=blank&r=g\",\"caption\":\"Staff\"}}]}<\/script>\n<!-- \/ Yoast SEO plugin. -->","yoast_head_json":{"title":"Angelo Recchia de Barbarano. Convegno e mostra a Segni | Arte e Luoghi","robots":{"index":"index","follow":"follow","max-snippet":"max-snippet:-1","max-image-preview":"max-image-preview:large","max-video-preview":"max-video-preview:-1"},"canonical":"https:\/\/arteeluoghi.it\/index.php\/2014\/10\/14\/angelo-recchia-de-barbarano-convegno-e-mostra-a-segni\/","og_locale":"it_IT","og_type":"article","og_title":"Angelo Recchia de Barbarano. Convegno e mostra a Segni | Arte e Luoghi","og_description":"Gioved\u00ec 23 ottobre l&#8217;apertura della mostra. Sabato 26 il convegno su Angelo Recchia e\u00a0 su un incunabulo con una sorprendente","og_url":"https:\/\/arteeluoghi.it\/index.php\/2014\/10\/14\/angelo-recchia-de-barbarano-convegno-e-mostra-a-segni\/","og_site_name":"Arte e Luoghi","article_publisher":"https:\/\/www.facebook.com\/ArteELuoghi\/","article_published_time":"2014-10-14T17:22:41+00:00","article_modified_time":"2017-08-06T21:22:16+00:00","og_image":[{"url":"https:\/\/arteeluoghi.it\/images\/Foto%201%20LR.jpg"}],"twitter_card":"summary","twitter_creator":"@arteeluoghi","twitter_site":"@arteeluoghi","twitter_misc":{"Scritto da":"Staff","Tempo di lettura stimato":"5 minuti"},"schema":{"@context":"https:\/\/schema.org","@graph":[{"@type":"Organization","@id":"https:\/\/arteeluoghi.it\/#organization","name":"Arte e Luoghi","url":"https:\/\/arteeluoghi.it\/","sameAs":["https:\/\/www.facebook.com\/ArteELuoghi\/","https:\/\/www.instagram.com\/arteeluoghi\/?hl=it","https:\/\/www.youtube.com\/channel\/UCuRVc4JW4-C5sg9rQB-srkw?view_as=subscriber","https:\/\/twitter.com\/arteeluoghi"],"logo":{"@type":"ImageObject","@id":"https:\/\/arteeluoghi.it\/#logo","inLanguage":"it-IT","url":"https:\/\/arteeluoghi.it\/wp-content\/uploads\/2018\/08\/logoinstagramarte.jpg","contentUrl":"https:\/\/arteeluoghi.it\/wp-content\/uploads\/2018\/08\/logoinstagramarte.jpg","width":150,"height":150,"caption":"Arte e Luoghi"},"image":{"@id":"https:\/\/arteeluoghi.it\/#logo"}},{"@type":"WebSite","@id":"https:\/\/arteeluoghi.it\/#website","url":"https:\/\/arteeluoghi.it\/","name":"Arte e Luoghi","description":"Mensile di arte, cultura, turismo e curiosit\u00e0","publisher":{"@id":"https:\/\/arteeluoghi.it\/#organization"},"potentialAction":[{"@type":"SearchAction","target":{"@type":"EntryPoint","urlTemplate":"https:\/\/arteeluoghi.it\/?s={search_term_string}"},"query-input":"required name=search_term_string"}],"inLanguage":"it-IT"},{"@type":"ImageObject","@id":"https:\/\/arteeluoghi.it\/index.php\/2014\/10\/14\/angelo-recchia-de-barbarano-convegno-e-mostra-a-segni\/#primaryimage","inLanguage":"it-IT","url":"\/images\/Foto%201%20LR.jpg","contentUrl":"\/images\/Foto%201%20LR.jpg"},{"@type":"WebPage","@id":"https:\/\/arteeluoghi.it\/index.php\/2014\/10\/14\/angelo-recchia-de-barbarano-convegno-e-mostra-a-segni\/#webpage","url":"https:\/\/arteeluoghi.it\/index.php\/2014\/10\/14\/angelo-recchia-de-barbarano-convegno-e-mostra-a-segni\/","name":"Angelo Recchia de Barbarano. Convegno e mostra a Segni | Arte e Luoghi","isPartOf":{"@id":"https:\/\/arteeluoghi.it\/#website"},"primaryImageOfPage":{"@id":"https:\/\/arteeluoghi.it\/index.php\/2014\/10\/14\/angelo-recchia-de-barbarano-convegno-e-mostra-a-segni\/#primaryimage"},"datePublished":"2014-10-14T17:22:41+00:00","dateModified":"2017-08-06T21:22:16+00:00","breadcrumb":{"@id":"https:\/\/arteeluoghi.it\/index.php\/2014\/10\/14\/angelo-recchia-de-barbarano-convegno-e-mostra-a-segni\/#breadcrumb"},"inLanguage":"it-IT","potentialAction":[{"@type":"ReadAction","target":["https:\/\/arteeluoghi.it\/index.php\/2014\/10\/14\/angelo-recchia-de-barbarano-convegno-e-mostra-a-segni\/"]}]},{"@type":"BreadcrumbList","@id":"https:\/\/arteeluoghi.it\/index.php\/2014\/10\/14\/angelo-recchia-de-barbarano-convegno-e-mostra-a-segni\/#breadcrumb","itemListElement":[{"@type":"ListItem","position":1,"name":"Home","item":"https:\/\/arteeluoghi.it\/"},{"@type":"ListItem","position":2,"name":"Angelo Recchia de Barbarano. Convegno e mostra a Segni"}]},{"@type":"Article","@id":"https:\/\/arteeluoghi.it\/index.php\/2014\/10\/14\/angelo-recchia-de-barbarano-convegno-e-mostra-a-segni\/#article","isPartOf":{"@id":"https:\/\/arteeluoghi.it\/index.php\/2014\/10\/14\/angelo-recchia-de-barbarano-convegno-e-mostra-a-segni\/#webpage"},"author":{"@id":"https:\/\/arteeluoghi.it\/#\/schema\/person\/f84e814e36e91e01448ee07eaadd41d4"},"headline":"Angelo Recchia de Barbarano. Convegno e mostra a Segni","datePublished":"2014-10-14T17:22:41+00:00","dateModified":"2017-08-06T21:22:16+00:00","mainEntityOfPage":{"@id":"https:\/\/arteeluoghi.it\/index.php\/2014\/10\/14\/angelo-recchia-de-barbarano-convegno-e-mostra-a-segni\/#webpage"},"wordCount":1039,"commentCount":0,"publisher":{"@id":"https:\/\/arteeluoghi.it\/#organization"},"image":{"@id":"https:\/\/arteeluoghi.it\/index.php\/2014\/10\/14\/angelo-recchia-de-barbarano-convegno-e-mostra-a-segni\/#primaryimage"},"thumbnailUrl":"\/images\/Foto%201%20LR.jpg","articleSection":["I luoghi della parola"],"inLanguage":"it-IT","potentialAction":[{"@type":"CommentAction","name":"Comment","target":["https:\/\/arteeluoghi.it\/index.php\/2014\/10\/14\/angelo-recchia-de-barbarano-convegno-e-mostra-a-segni\/#respond"]}]},{"@type":"Person","@id":"https:\/\/arteeluoghi.it\/#\/schema\/person\/f84e814e36e91e01448ee07eaadd41d4","name":"Staff","image":{"@type":"ImageObject","@id":"https:\/\/arteeluoghi.it\/#personlogo","inLanguage":"it-IT","url":"https:\/\/secure.gravatar.com\/avatar\/49d2f9e46271bb04e19cebfaf141313a?s=96&d=blank&r=g","contentUrl":"https:\/\/secure.gravatar.com\/avatar\/49d2f9e46271bb04e19cebfaf141313a?s=96&d=blank&r=g","caption":"Staff"}}]}},"_links":{"self":[{"href":"https:\/\/arteeluoghi.it\/index.php\/wp-json\/wp\/v2\/posts\/1907"}],"collection":[{"href":"https:\/\/arteeluoghi.it\/index.php\/wp-json\/wp\/v2\/posts"}],"about":[{"href":"https:\/\/arteeluoghi.it\/index.php\/wp-json\/wp\/v2\/types\/post"}],"author":[{"embeddable":true,"href":"https:\/\/arteeluoghi.it\/index.php\/wp-json\/wp\/v2\/users\/1"}],"replies":[{"embeddable":true,"href":"https:\/\/arteeluoghi.it\/index.php\/wp-json\/wp\/v2\/comments?post=1907"}],"version-history":[{"count":1,"href":"https:\/\/arteeluoghi.it\/index.php\/wp-json\/wp\/v2\/posts\/1907\/revisions"}],"predecessor-version":[{"id":3005,"href":"https:\/\/arteeluoghi.it\/index.php\/wp-json\/wp\/v2\/posts\/1907\/revisions\/3005"}],"wp:attachment":[{"href":"https:\/\/arteeluoghi.it\/index.php\/wp-json\/wp\/v2\/media?parent=1907"}],"wp:term":[{"taxonomy":"category","embeddable":true,"href":"https:\/\/arteeluoghi.it\/index.php\/wp-json\/wp\/v2\/categories?post=1907"},{"taxonomy":"post_tag","embeddable":true,"href":"https:\/\/arteeluoghi.it\/index.php\/wp-json\/wp\/v2\/tags?post=1907"}],"curies":[{"name":"wp","href":"https:\/\/api.w.org\/{rel}","templated":true}]}}