{"id":1912,"date":"2014-10-17T14:14:45","date_gmt":"2014-10-17T12:14:45","guid":{"rendered":"http:\/\/arteeluoghi.it\/index.php\/2014\/10\/17\/imperdibile-live-del-batterista-virgil-donati\/"},"modified":"2014-10-17T14:14:45","modified_gmt":"2014-10-17T12:14:45","slug":"imperdibile-live-del-batterista-virgil-donati","status":"publish","type":"post","link":"https:\/\/arteeluoghi.it\/index.php\/2014\/10\/17\/imperdibile-live-del-batterista-virgil-donati\/","title":{"rendered":"Imperdibile live del batterista Virgil Donati"},"content":{"rendered":"<p style=\"text-align: left;\" align=\"center\"><img src=\"\/images\/VIRGIL%20DONATI.jpg\" border=\"0\" title=\"la locandina dell'evento\" width=\"200\" style=\"margin: 21px; float: right;\" \/>Gioved\u00ec 23 ottobre ore 21.30 Virgil Donati in concerto. L&#8217;iniziativa \u00e8 curata dall&#8217;associazione Jonio Jazz Arte e Cultura<\/p>\n<p><strong>Al \u201cSaloon Public House\u201d di Roccaforzata<\/strong>\u00a0<\/p>\n<p>di Stefano Dentice<\/p>\n<p>Gioved\u00ec 23 ottobre, ore 21.30, il rinomato \u201cSaloon Public House\u201d di Roccaforzata (Taranto) avr\u00e0 la fortuna e l\u2019onore di ospitare uno tra i pi\u00f9 grandi batteristi del mondo: Virgil Donati. Il noto musicista australiano terr\u00e0 un concerto in quartetto, con una prestigiosa formazione completata da: Isamu McGregor (tastiere), Andr\u00e8 Nieri (chitarra), Anthony Crawford (basso). Questo imperdibile evento \u00e8 stato ideato e curato dall\u2019associazione culturale \u201cJonio Jazz Arte e Cultura\u201d che, grazie all\u2019indispensabile collaborazione di Alessandro Napolitano, brillante e talentuoso batterista tarantino, ha organizzato un concerto di grande prestigio.<\/p>\n<p>Virgil Donati \u00e8 uno dei batteristi pi\u00f9 acclamati al mondo. Di origini italiane, \u00e8 un batterista dotato di tecnica sbalorditiva, fulminea velocit\u00e0 d\u2019esecuzione, esplosiva potenza \u00a0percussiva e timing irreprensibile.<\/p>\n<p>  <!--more-->  <\/p>\n<p>Tutte queste sue caratteristiche sono impreziosite da una profonda e sconfinata conoscenza delle metriche dispari. Musicista dalla versatilit\u00e0 estrema, condivide palco e studio di registrazione con numerosi artisti di caratura mondiale, quali: Steve Vai, Frank Gambale, Scott Henderson, Gary Willis, Tony MacAlpine, Billy Sheehan, Derek Sherinian, George Cables, Mark Murphy, Brandford Marsalis, Kenny Kirkland, solo per citarne alcuni. Dunque, tutti i cultori della buona e vera musica potranno godere di una serata dall\u2019alto contenuto emozionale, promossa brillantemente da \u201cJonio Jazz Arte e Cultura\u201d e dal deus ex machina Alessandro Napolitano.<\/p>\n<p><strong>\u00a0<\/strong><\/p>\n","protected":false},"excerpt":{"rendered":"<p>Gioved\u00ec 23 ottobre ore 21.30 Virgil Donati in concerto. L&#8217;iniziativa \u00e8 curata dall&#8217;associazione Jonio Jazz Arte e Cultura Al \u201cSaloon<\/p>\n","protected":false},"author":1,"featured_media":0,"comment_status":"open","ping_status":"open","sticky":false,"template":"","format":"standard","meta":[],"categories":[12],"tags":[],"yoast_head":"<!-- This site is optimized with the Yoast SEO plugin v18.0 - https:\/\/yoast.com\/wordpress\/plugins\/seo\/ -->\n<title>Imperdibile live del batterista Virgil Donati | Arte e Luoghi<\/title>\n<meta name=\"robots\" content=\"index, follow, max-snippet:-1, max-image-preview:large, max-video-preview:-1\" \/>\n<link rel=\"canonical\" href=\"https:\/\/arteeluoghi.it\/index.php\/2014\/10\/17\/imperdibile-live-del-batterista-virgil-donati\/\" \/>\n<meta property=\"og:locale\" content=\"it_IT\" \/>\n<meta property=\"og:type\" content=\"article\" \/>\n<meta property=\"og:title\" content=\"Imperdibile live del batterista Virgil Donati | Arte e Luoghi\" \/>\n<meta property=\"og:description\" content=\"Gioved\u00ec 23 ottobre ore 21.30 Virgil Donati in concerto. L&#8217;iniziativa \u00e8 curata dall&#8217;associazione Jonio Jazz Arte e Cultura Al \u201cSaloon\" \/>\n<meta property=\"og:url\" content=\"https:\/\/arteeluoghi.it\/index.php\/2014\/10\/17\/imperdibile-live-del-batterista-virgil-donati\/\" \/>\n<meta property=\"og:site_name\" content=\"Arte e Luoghi\" \/>\n<meta property=\"article:publisher\" content=\"https:\/\/www.facebook.com\/ArteELuoghi\/\" \/>\n<meta property=\"article:published_time\" content=\"2014-10-17T12:14:45+00:00\" \/>\n<meta property=\"og:image\" content=\"https:\/\/arteeluoghi.it\/images\/VIRGIL%20DONATI.jpg\" \/>\n<meta name=\"twitter:card\" content=\"summary\" \/>\n<meta name=\"twitter:creator\" content=\"@arteeluoghi\" \/>\n<meta name=\"twitter:site\" content=\"@arteeluoghi\" \/>\n<meta name=\"twitter:label1\" content=\"Scritto da\" \/>\n\t<meta name=\"twitter:data1\" content=\"Staff\" \/>\n\t<meta name=\"twitter:label2\" content=\"Tempo di lettura stimato\" \/>\n\t<meta name=\"twitter:data2\" content=\"1 minuto\" \/>\n<script type=\"application\/ld+json\" class=\"yoast-schema-graph\">{\"@context\":\"https:\/\/schema.org\",\"@graph\":[{\"@type\":\"Organization\",\"@id\":\"https:\/\/arteeluoghi.it\/#organization\",\"name\":\"Arte e Luoghi\",\"url\":\"https:\/\/arteeluoghi.it\/\",\"sameAs\":[\"https:\/\/www.facebook.com\/ArteELuoghi\/\",\"https:\/\/www.instagram.com\/arteeluoghi\/?hl=it\",\"https:\/\/www.youtube.com\/channel\/UCuRVc4JW4-C5sg9rQB-srkw?view_as=subscriber\",\"https:\/\/twitter.com\/arteeluoghi\"],\"logo\":{\"@type\":\"ImageObject\",\"@id\":\"https:\/\/arteeluoghi.it\/#logo\",\"inLanguage\":\"it-IT\",\"url\":\"https:\/\/arteeluoghi.it\/wp-content\/uploads\/2018\/08\/logoinstagramarte.jpg\",\"contentUrl\":\"https:\/\/arteeluoghi.it\/wp-content\/uploads\/2018\/08\/logoinstagramarte.jpg\",\"width\":150,\"height\":150,\"caption\":\"Arte e Luoghi\"},\"image\":{\"@id\":\"https:\/\/arteeluoghi.it\/#logo\"}},{\"@type\":\"WebSite\",\"@id\":\"https:\/\/arteeluoghi.it\/#website\",\"url\":\"https:\/\/arteeluoghi.it\/\",\"name\":\"Arte e Luoghi\",\"description\":\"Mensile di arte, cultura, turismo e curiosit\u00e0\",\"publisher\":{\"@id\":\"https:\/\/arteeluoghi.it\/#organization\"},\"potentialAction\":[{\"@type\":\"SearchAction\",\"target\":{\"@type\":\"EntryPoint\",\"urlTemplate\":\"https:\/\/arteeluoghi.it\/?s={search_term_string}\"},\"query-input\":\"required name=search_term_string\"}],\"inLanguage\":\"it-IT\"},{\"@type\":\"ImageObject\",\"@id\":\"https:\/\/arteeluoghi.it\/index.php\/2014\/10\/17\/imperdibile-live-del-batterista-virgil-donati\/#primaryimage\",\"inLanguage\":\"it-IT\",\"url\":\"\/images\/VIRGIL%20DONATI.jpg\",\"contentUrl\":\"\/images\/VIRGIL%20DONATI.jpg\"},{\"@type\":\"WebPage\",\"@id\":\"https:\/\/arteeluoghi.it\/index.php\/2014\/10\/17\/imperdibile-live-del-batterista-virgil-donati\/#webpage\",\"url\":\"https:\/\/arteeluoghi.it\/index.php\/2014\/10\/17\/imperdibile-live-del-batterista-virgil-donati\/\",\"name\":\"Imperdibile live del batterista Virgil Donati | Arte e Luoghi\",\"isPartOf\":{\"@id\":\"https:\/\/arteeluoghi.it\/#website\"},\"primaryImageOfPage\":{\"@id\":\"https:\/\/arteeluoghi.it\/index.php\/2014\/10\/17\/imperdibile-live-del-batterista-virgil-donati\/#primaryimage\"},\"datePublished\":\"2014-10-17T12:14:45+00:00\",\"dateModified\":\"2014-10-17T12:14:45+00:00\",\"breadcrumb\":{\"@id\":\"https:\/\/arteeluoghi.it\/index.php\/2014\/10\/17\/imperdibile-live-del-batterista-virgil-donati\/#breadcrumb\"},\"inLanguage\":\"it-IT\",\"potentialAction\":[{\"@type\":\"ReadAction\",\"target\":[\"https:\/\/arteeluoghi.it\/index.php\/2014\/10\/17\/imperdibile-live-del-batterista-virgil-donati\/\"]}]},{\"@type\":\"BreadcrumbList\",\"@id\":\"https:\/\/arteeluoghi.it\/index.php\/2014\/10\/17\/imperdibile-live-del-batterista-virgil-donati\/#breadcrumb\",\"itemListElement\":[{\"@type\":\"ListItem\",\"position\":1,\"name\":\"Home\",\"item\":\"https:\/\/arteeluoghi.it\/\"},{\"@type\":\"ListItem\",\"position\":2,\"name\":\"Imperdibile live del batterista Virgil Donati\"}]},{\"@type\":\"Article\",\"@id\":\"https:\/\/arteeluoghi.it\/index.php\/2014\/10\/17\/imperdibile-live-del-batterista-virgil-donati\/#article\",\"isPartOf\":{\"@id\":\"https:\/\/arteeluoghi.it\/index.php\/2014\/10\/17\/imperdibile-live-del-batterista-virgil-donati\/#webpage\"},\"author\":{\"@id\":\"https:\/\/arteeluoghi.it\/#\/schema\/person\/f84e814e36e91e01448ee07eaadd41d4\"},\"headline\":\"Imperdibile live del batterista Virgil Donati\",\"datePublished\":\"2014-10-17T12:14:45+00:00\",\"dateModified\":\"2014-10-17T12:14:45+00:00\",\"mainEntityOfPage\":{\"@id\":\"https:\/\/arteeluoghi.it\/index.php\/2014\/10\/17\/imperdibile-live-del-batterista-virgil-donati\/#webpage\"},\"wordCount\":237,\"commentCount\":0,\"publisher\":{\"@id\":\"https:\/\/arteeluoghi.it\/#organization\"},\"image\":{\"@id\":\"https:\/\/arteeluoghi.it\/index.php\/2014\/10\/17\/imperdibile-live-del-batterista-virgil-donati\/#primaryimage\"},\"thumbnailUrl\":\"\/images\/VIRGIL%20DONATI.jpg\",\"articleSection\":[\"MUSICA\"],\"inLanguage\":\"it-IT\",\"potentialAction\":[{\"@type\":\"CommentAction\",\"name\":\"Comment\",\"target\":[\"https:\/\/arteeluoghi.it\/index.php\/2014\/10\/17\/imperdibile-live-del-batterista-virgil-donati\/#respond\"]}]},{\"@type\":\"Person\",\"@id\":\"https:\/\/arteeluoghi.it\/#\/schema\/person\/f84e814e36e91e01448ee07eaadd41d4\",\"name\":\"Staff\",\"image\":{\"@type\":\"ImageObject\",\"@id\":\"https:\/\/arteeluoghi.it\/#personlogo\",\"inLanguage\":\"it-IT\",\"url\":\"https:\/\/secure.gravatar.com\/avatar\/49d2f9e46271bb04e19cebfaf141313a?s=96&d=blank&r=g\",\"contentUrl\":\"https:\/\/secure.gravatar.com\/avatar\/49d2f9e46271bb04e19cebfaf141313a?s=96&d=blank&r=g\",\"caption\":\"Staff\"}}]}<\/script>\n<!-- \/ Yoast SEO plugin. -->","yoast_head_json":{"title":"Imperdibile live del batterista Virgil Donati | Arte e Luoghi","robots":{"index":"index","follow":"follow","max-snippet":"max-snippet:-1","max-image-preview":"max-image-preview:large","max-video-preview":"max-video-preview:-1"},"canonical":"https:\/\/arteeluoghi.it\/index.php\/2014\/10\/17\/imperdibile-live-del-batterista-virgil-donati\/","og_locale":"it_IT","og_type":"article","og_title":"Imperdibile live del batterista Virgil Donati | Arte e Luoghi","og_description":"Gioved\u00ec 23 ottobre ore 21.30 Virgil Donati in concerto. L&#8217;iniziativa \u00e8 curata dall&#8217;associazione Jonio Jazz Arte e Cultura Al \u201cSaloon","og_url":"https:\/\/arteeluoghi.it\/index.php\/2014\/10\/17\/imperdibile-live-del-batterista-virgil-donati\/","og_site_name":"Arte e Luoghi","article_publisher":"https:\/\/www.facebook.com\/ArteELuoghi\/","article_published_time":"2014-10-17T12:14:45+00:00","og_image":[{"url":"https:\/\/arteeluoghi.it\/images\/VIRGIL%20DONATI.jpg"}],"twitter_card":"summary","twitter_creator":"@arteeluoghi","twitter_site":"@arteeluoghi","twitter_misc":{"Scritto da":"Staff","Tempo di lettura stimato":"1 minuto"},"schema":{"@context":"https:\/\/schema.org","@graph":[{"@type":"Organization","@id":"https:\/\/arteeluoghi.it\/#organization","name":"Arte e Luoghi","url":"https:\/\/arteeluoghi.it\/","sameAs":["https:\/\/www.facebook.com\/ArteELuoghi\/","https:\/\/www.instagram.com\/arteeluoghi\/?hl=it","https:\/\/www.youtube.com\/channel\/UCuRVc4JW4-C5sg9rQB-srkw?view_as=subscriber","https:\/\/twitter.com\/arteeluoghi"],"logo":{"@type":"ImageObject","@id":"https:\/\/arteeluoghi.it\/#logo","inLanguage":"it-IT","url":"https:\/\/arteeluoghi.it\/wp-content\/uploads\/2018\/08\/logoinstagramarte.jpg","contentUrl":"https:\/\/arteeluoghi.it\/wp-content\/uploads\/2018\/08\/logoinstagramarte.jpg","width":150,"height":150,"caption":"Arte e Luoghi"},"image":{"@id":"https:\/\/arteeluoghi.it\/#logo"}},{"@type":"WebSite","@id":"https:\/\/arteeluoghi.it\/#website","url":"https:\/\/arteeluoghi.it\/","name":"Arte e Luoghi","description":"Mensile di arte, cultura, turismo e curiosit\u00e0","publisher":{"@id":"https:\/\/arteeluoghi.it\/#organization"},"potentialAction":[{"@type":"SearchAction","target":{"@type":"EntryPoint","urlTemplate":"https:\/\/arteeluoghi.it\/?s={search_term_string}"},"query-input":"required name=search_term_string"}],"inLanguage":"it-IT"},{"@type":"ImageObject","@id":"https:\/\/arteeluoghi.it\/index.php\/2014\/10\/17\/imperdibile-live-del-batterista-virgil-donati\/#primaryimage","inLanguage":"it-IT","url":"\/images\/VIRGIL%20DONATI.jpg","contentUrl":"\/images\/VIRGIL%20DONATI.jpg"},{"@type":"WebPage","@id":"https:\/\/arteeluoghi.it\/index.php\/2014\/10\/17\/imperdibile-live-del-batterista-virgil-donati\/#webpage","url":"https:\/\/arteeluoghi.it\/index.php\/2014\/10\/17\/imperdibile-live-del-batterista-virgil-donati\/","name":"Imperdibile live del batterista Virgil Donati | Arte e Luoghi","isPartOf":{"@id":"https:\/\/arteeluoghi.it\/#website"},"primaryImageOfPage":{"@id":"https:\/\/arteeluoghi.it\/index.php\/2014\/10\/17\/imperdibile-live-del-batterista-virgil-donati\/#primaryimage"},"datePublished":"2014-10-17T12:14:45+00:00","dateModified":"2014-10-17T12:14:45+00:00","breadcrumb":{"@id":"https:\/\/arteeluoghi.it\/index.php\/2014\/10\/17\/imperdibile-live-del-batterista-virgil-donati\/#breadcrumb"},"inLanguage":"it-IT","potentialAction":[{"@type":"ReadAction","target":["https:\/\/arteeluoghi.it\/index.php\/2014\/10\/17\/imperdibile-live-del-batterista-virgil-donati\/"]}]},{"@type":"BreadcrumbList","@id":"https:\/\/arteeluoghi.it\/index.php\/2014\/10\/17\/imperdibile-live-del-batterista-virgil-donati\/#breadcrumb","itemListElement":[{"@type":"ListItem","position":1,"name":"Home","item":"https:\/\/arteeluoghi.it\/"},{"@type":"ListItem","position":2,"name":"Imperdibile live del batterista Virgil Donati"}]},{"@type":"Article","@id":"https:\/\/arteeluoghi.it\/index.php\/2014\/10\/17\/imperdibile-live-del-batterista-virgil-donati\/#article","isPartOf":{"@id":"https:\/\/arteeluoghi.it\/index.php\/2014\/10\/17\/imperdibile-live-del-batterista-virgil-donati\/#webpage"},"author":{"@id":"https:\/\/arteeluoghi.it\/#\/schema\/person\/f84e814e36e91e01448ee07eaadd41d4"},"headline":"Imperdibile live del batterista Virgil Donati","datePublished":"2014-10-17T12:14:45+00:00","dateModified":"2014-10-17T12:14:45+00:00","mainEntityOfPage":{"@id":"https:\/\/arteeluoghi.it\/index.php\/2014\/10\/17\/imperdibile-live-del-batterista-virgil-donati\/#webpage"},"wordCount":237,"commentCount":0,"publisher":{"@id":"https:\/\/arteeluoghi.it\/#organization"},"image":{"@id":"https:\/\/arteeluoghi.it\/index.php\/2014\/10\/17\/imperdibile-live-del-batterista-virgil-donati\/#primaryimage"},"thumbnailUrl":"\/images\/VIRGIL%20DONATI.jpg","articleSection":["MUSICA"],"inLanguage":"it-IT","potentialAction":[{"@type":"CommentAction","name":"Comment","target":["https:\/\/arteeluoghi.it\/index.php\/2014\/10\/17\/imperdibile-live-del-batterista-virgil-donati\/#respond"]}]},{"@type":"Person","@id":"https:\/\/arteeluoghi.it\/#\/schema\/person\/f84e814e36e91e01448ee07eaadd41d4","name":"Staff","image":{"@type":"ImageObject","@id":"https:\/\/arteeluoghi.it\/#personlogo","inLanguage":"it-IT","url":"https:\/\/secure.gravatar.com\/avatar\/49d2f9e46271bb04e19cebfaf141313a?s=96&d=blank&r=g","contentUrl":"https:\/\/secure.gravatar.com\/avatar\/49d2f9e46271bb04e19cebfaf141313a?s=96&d=blank&r=g","caption":"Staff"}}]}},"_links":{"self":[{"href":"https:\/\/arteeluoghi.it\/index.php\/wp-json\/wp\/v2\/posts\/1912"}],"collection":[{"href":"https:\/\/arteeluoghi.it\/index.php\/wp-json\/wp\/v2\/posts"}],"about":[{"href":"https:\/\/arteeluoghi.it\/index.php\/wp-json\/wp\/v2\/types\/post"}],"author":[{"embeddable":true,"href":"https:\/\/arteeluoghi.it\/index.php\/wp-json\/wp\/v2\/users\/1"}],"replies":[{"embeddable":true,"href":"https:\/\/arteeluoghi.it\/index.php\/wp-json\/wp\/v2\/comments?post=1912"}],"version-history":[{"count":0,"href":"https:\/\/arteeluoghi.it\/index.php\/wp-json\/wp\/v2\/posts\/1912\/revisions"}],"wp:attachment":[{"href":"https:\/\/arteeluoghi.it\/index.php\/wp-json\/wp\/v2\/media?parent=1912"}],"wp:term":[{"taxonomy":"category","embeddable":true,"href":"https:\/\/arteeluoghi.it\/index.php\/wp-json\/wp\/v2\/categories?post=1912"},{"taxonomy":"post_tag","embeddable":true,"href":"https:\/\/arteeluoghi.it\/index.php\/wp-json\/wp\/v2\/tags?post=1912"}],"curies":[{"name":"wp","href":"https:\/\/api.w.org\/{rel}","templated":true}]}}