{"id":1921,"date":"2014-10-24T13:07:24","date_gmt":"2014-10-24T11:07:24","guid":{"rendered":"http:\/\/arteeluoghi.it\/index.php\/2014\/10\/24\/la-religiosita-della-terra\/"},"modified":"2017-08-06T23:10:10","modified_gmt":"2017-08-06T21:10:10","slug":"la-religiosita-della-terra","status":"publish","type":"post","link":"https:\/\/arteeluoghi.it\/index.php\/2014\/10\/24\/la-religiosita-della-terra\/","title":{"rendered":"La religiosit\u00e0 della terra"},"content":{"rendered":"<p><img src=\"\/images\/locandina-5.jpg\" border=\"0\" title=\"la locandina dell'evento\" width=\"200\" style=\"margin: 21px; float: left;\" \/>Marted\u00ec 28 ottobre 2014 a Lecce, Fondazione Palmieri presentazione del libro e laboratorio di eco narrazione<\/p>\n<p><strong>Incontro con Duccio Demetrio<\/strong><\/p>\n<p>Si intitola &#8220;La religiosit\u00e0 della terra&#8221; il libro di Duccio Demetrio tra i pi\u00f9 significativi innovatori nel campo dell\u2019 educazione degli adulti e della pedagogia interculturale ospite a Lecce il prossimo 28 ottobre. L&#8217;incontro si terr\u00e0 nella sala conferenza della Fondazione Palmieri, in Vico dei sotterranei, 23 (alle spalle del Duomo) con inizio alle ore 17.45 Dopo i saluti della prof.ssa\u00a0 Laura Madonna dialogher\u00e0 con l&#8217;autore il prof. Giovanni Invitto<\/p>\n<p>Rivolgendosi indistintamente a credenti ed atei Duccio Demetrio formula, attraverso il suo ultimo libro, un appassionato invito ad osservare la terra, ad intrattenere con essa un amorevole e rispettoso dialogo.\u00a0<\/p>\n<p>Impegnarsi per comprenderne il linguaggio pu\u00f2 restituirci la speranza di scongiurare il \u201csuicidio collettivo\u201d cui ci avviciniamo a causa della violenza che le usiamo da troppo tempo, dell\u2019 indifferenza ai tanti segnali che da essa ci giungono.<\/p>\n<p>  <!--more-->  <\/p>\n<p>La terra \u00e8 patrimonio collettivo sul rapporto con la quale l\u2019 uomo si interroga dalla notte dei tempi considerandola madre, matrigna, sorella: oggi essa ci mostra una fragilit\u00e0 che deve suscitare sentimenti di cura e di protezione. La terra ci chiede, pertanto, di essere considerata, rispettata ed accudita come una \u201cfiglia\u201d, nel segno di quella \u201cpietas\u201d cui fa riferimento Francesco I.<\/p>\n<p>Si giustifica in quest\u2019ottica, infatti, che il titolo rimandi il lettore alla religiosit\u00e0, a un sentimento e non ad una fede irrigidita nei dogmi. L\u2019autore, che sin da bambino ha saputo riconoscere e accogliere con stupore il mistero e i miracoli della natura, scopre finalmente nella maturit\u00e0, nel chiarore di un\u2019alba dopo lunghi passi tra i silenzi e le spiagge del golfo di Corinto, Gea: grandiosa, informe, imperfetta, ad annusare\u00a0 libera i profumi di cui \u00e8 fattrice.<\/p>\n<p>Da quest\u2019incontro, esito di una lunga ricerca di senso, di risposte alle tante metafore che ci vengono dall\u2019ambiente, nasce il suo interessante e innovativo contributo a reinventare, attraverso l\u2019eco-narrazione, il rapporto con la terra e col suo linguaggio, con la sua memoria. Una sfida cui dedicare la massima attenzione per far s\u00ec che le parole, germinando come semi, facciano nascere una rinnovata \u201cfede civile\u201d!<\/p>\n<p>Dopo la presentazione l&#8217;autore che dopo la presentazione condurr\u00e0 un laboratorio di eco narrazione. E&#8217; gratuito, gradita ma non necessaria l&#8217;iscrizione alla LUA.<\/p>\n<p>red. Arte e Luoghi<\/p>\n<hr \/>\n<p>\u00a0<\/p>\n<p>Fondazione Palmieri, Vico dei sotterranei, 23 (alle spalle del Duomo)<\/p>\n<p>28 ottobre ore 17.45<\/p>\n<p>Ore 20: Laboratorio di eco narrazione a cura di Duccio Demetrio<\/p>\n<p>Info e iscrizioni <a href=\"mailto:madonnalaura@gmail.com\">madonnalaura@gmail.com<\/a>;\u00a0 347 0703290<\/p>\n<p>Chi \u00e8 Duccio Demetrio<\/p>\n<p>Ha insegnato fino al 2013 Filosofia dell\u2019 Educazione all\u2019 Universit\u00e0 degli Studi di Milano-Bicocca. Direttore della rivista Adultit\u00e0, Duccio Demetrio ha fondato la Libera Universit\u00e0 dell\u2019 Autobiografia di Anghiari, la Societ\u00e0 di Pedagogia e di Didattica della Scrittura, l\u2019 Accademia del Silenzio e, recentemente, la Scuola di Ecologia Narrativa.<\/p>\n<p>Tra i suoi scritti: <em>L\u2019 Educazione Interiore<\/em>, <em>Autoanalisi per non Pazienti, Filosofia dell\u2019 Educazione ed et\u00e0 Adulta, Raccontarsi, Il Gioco della Vita, Pedagogia della Memoria, L\u2019 Educatore Autobiografo, Didattica Interculturale, Album di Famiglia, Di che Giardino Sei, Manuale di Educazione degli Adulti, Elogio dell\u2019 Immaturit\u00e0,\u00a0 Filosofia del Camminare, La Vita Schiva, Ascetismo Metropolitano, L\u2019 Educazione non \u00e8 Finita, La Religiosit\u00e0 della Terra<\/em>.<\/p>\n","protected":false},"excerpt":{"rendered":"<p>Marted\u00ec 28 ottobre 2014 a Lecce, Fondazione Palmieri presentazione del libro e laboratorio di eco narrazione Incontro con Duccio Demetrio<\/p>\n","protected":false},"author":1,"featured_media":0,"comment_status":"open","ping_status":"open","sticky":false,"template":"","format":"standard","meta":[],"categories":[52],"tags":[],"yoast_head":"<!-- This site is optimized with the Yoast SEO plugin v18.0 - https:\/\/yoast.com\/wordpress\/plugins\/seo\/ -->\n<title>La religiosit\u00e0 della terra | Arte e Luoghi<\/title>\n<meta name=\"robots\" content=\"index, follow, max-snippet:-1, max-image-preview:large, max-video-preview:-1\" \/>\n<link rel=\"canonical\" href=\"https:\/\/arteeluoghi.it\/index.php\/2014\/10\/24\/la-religiosita-della-terra\/\" \/>\n<meta property=\"og:locale\" content=\"it_IT\" \/>\n<meta property=\"og:type\" content=\"article\" \/>\n<meta property=\"og:title\" content=\"La religiosit\u00e0 della terra | Arte e Luoghi\" \/>\n<meta property=\"og:description\" content=\"Marted\u00ec 28 ottobre 2014 a Lecce, Fondazione Palmieri presentazione del libro e laboratorio di eco narrazione Incontro con Duccio Demetrio\" \/>\n<meta property=\"og:url\" content=\"https:\/\/arteeluoghi.it\/index.php\/2014\/10\/24\/la-religiosita-della-terra\/\" \/>\n<meta property=\"og:site_name\" content=\"Arte e Luoghi\" \/>\n<meta property=\"article:publisher\" content=\"https:\/\/www.facebook.com\/ArteELuoghi\/\" \/>\n<meta property=\"article:published_time\" content=\"2014-10-24T11:07:24+00:00\" \/>\n<meta property=\"article:modified_time\" content=\"2017-08-06T21:10:10+00:00\" \/>\n<meta property=\"og:image\" content=\"https:\/\/arteeluoghi.it\/images\/locandina-5.jpg\" \/>\n<meta name=\"twitter:card\" content=\"summary\" \/>\n<meta name=\"twitter:creator\" content=\"@arteeluoghi\" \/>\n<meta name=\"twitter:site\" content=\"@arteeluoghi\" \/>\n<meta name=\"twitter:label1\" content=\"Scritto da\" \/>\n\t<meta name=\"twitter:data1\" content=\"Staff\" \/>\n\t<meta name=\"twitter:label2\" content=\"Tempo di lettura stimato\" \/>\n\t<meta name=\"twitter:data2\" content=\"3 minuti\" \/>\n<script type=\"application\/ld+json\" class=\"yoast-schema-graph\">{\"@context\":\"https:\/\/schema.org\",\"@graph\":[{\"@type\":\"Organization\",\"@id\":\"https:\/\/arteeluoghi.it\/#organization\",\"name\":\"Arte e Luoghi\",\"url\":\"https:\/\/arteeluoghi.it\/\",\"sameAs\":[\"https:\/\/www.facebook.com\/ArteELuoghi\/\",\"https:\/\/www.instagram.com\/arteeluoghi\/?hl=it\",\"https:\/\/www.youtube.com\/channel\/UCuRVc4JW4-C5sg9rQB-srkw?view_as=subscriber\",\"https:\/\/twitter.com\/arteeluoghi\"],\"logo\":{\"@type\":\"ImageObject\",\"@id\":\"https:\/\/arteeluoghi.it\/#logo\",\"inLanguage\":\"it-IT\",\"url\":\"https:\/\/arteeluoghi.it\/wp-content\/uploads\/2018\/08\/logoinstagramarte.jpg\",\"contentUrl\":\"https:\/\/arteeluoghi.it\/wp-content\/uploads\/2018\/08\/logoinstagramarte.jpg\",\"width\":150,\"height\":150,\"caption\":\"Arte e Luoghi\"},\"image\":{\"@id\":\"https:\/\/arteeluoghi.it\/#logo\"}},{\"@type\":\"WebSite\",\"@id\":\"https:\/\/arteeluoghi.it\/#website\",\"url\":\"https:\/\/arteeluoghi.it\/\",\"name\":\"Arte e Luoghi\",\"description\":\"Mensile di arte, cultura, turismo e curiosit\u00e0\",\"publisher\":{\"@id\":\"https:\/\/arteeluoghi.it\/#organization\"},\"potentialAction\":[{\"@type\":\"SearchAction\",\"target\":{\"@type\":\"EntryPoint\",\"urlTemplate\":\"https:\/\/arteeluoghi.it\/?s={search_term_string}\"},\"query-input\":\"required name=search_term_string\"}],\"inLanguage\":\"it-IT\"},{\"@type\":\"ImageObject\",\"@id\":\"https:\/\/arteeluoghi.it\/index.php\/2014\/10\/24\/la-religiosita-della-terra\/#primaryimage\",\"inLanguage\":\"it-IT\",\"url\":\"\/images\/locandina-5.jpg\",\"contentUrl\":\"\/images\/locandina-5.jpg\"},{\"@type\":\"WebPage\",\"@id\":\"https:\/\/arteeluoghi.it\/index.php\/2014\/10\/24\/la-religiosita-della-terra\/#webpage\",\"url\":\"https:\/\/arteeluoghi.it\/index.php\/2014\/10\/24\/la-religiosita-della-terra\/\",\"name\":\"La religiosit\u00e0 della terra | Arte e Luoghi\",\"isPartOf\":{\"@id\":\"https:\/\/arteeluoghi.it\/#website\"},\"primaryImageOfPage\":{\"@id\":\"https:\/\/arteeluoghi.it\/index.php\/2014\/10\/24\/la-religiosita-della-terra\/#primaryimage\"},\"datePublished\":\"2014-10-24T11:07:24+00:00\",\"dateModified\":\"2017-08-06T21:10:10+00:00\",\"breadcrumb\":{\"@id\":\"https:\/\/arteeluoghi.it\/index.php\/2014\/10\/24\/la-religiosita-della-terra\/#breadcrumb\"},\"inLanguage\":\"it-IT\",\"potentialAction\":[{\"@type\":\"ReadAction\",\"target\":[\"https:\/\/arteeluoghi.it\/index.php\/2014\/10\/24\/la-religiosita-della-terra\/\"]}]},{\"@type\":\"BreadcrumbList\",\"@id\":\"https:\/\/arteeluoghi.it\/index.php\/2014\/10\/24\/la-religiosita-della-terra\/#breadcrumb\",\"itemListElement\":[{\"@type\":\"ListItem\",\"position\":1,\"name\":\"Home\",\"item\":\"https:\/\/arteeluoghi.it\/\"},{\"@type\":\"ListItem\",\"position\":2,\"name\":\"La religiosit\u00e0 della terra\"}]},{\"@type\":\"Article\",\"@id\":\"https:\/\/arteeluoghi.it\/index.php\/2014\/10\/24\/la-religiosita-della-terra\/#article\",\"isPartOf\":{\"@id\":\"https:\/\/arteeluoghi.it\/index.php\/2014\/10\/24\/la-religiosita-della-terra\/#webpage\"},\"author\":{\"@id\":\"https:\/\/arteeluoghi.it\/#\/schema\/person\/f84e814e36e91e01448ee07eaadd41d4\"},\"headline\":\"La religiosit\u00e0 della terra\",\"datePublished\":\"2014-10-24T11:07:24+00:00\",\"dateModified\":\"2017-08-06T21:10:10+00:00\",\"mainEntityOfPage\":{\"@id\":\"https:\/\/arteeluoghi.it\/index.php\/2014\/10\/24\/la-religiosita-della-terra\/#webpage\"},\"wordCount\":529,\"commentCount\":0,\"publisher\":{\"@id\":\"https:\/\/arteeluoghi.it\/#organization\"},\"image\":{\"@id\":\"https:\/\/arteeluoghi.it\/index.php\/2014\/10\/24\/la-religiosita-della-terra\/#primaryimage\"},\"thumbnailUrl\":\"\/images\/locandina-5.jpg\",\"articleSection\":[\"I luoghi della parola\"],\"inLanguage\":\"it-IT\",\"potentialAction\":[{\"@type\":\"CommentAction\",\"name\":\"Comment\",\"target\":[\"https:\/\/arteeluoghi.it\/index.php\/2014\/10\/24\/la-religiosita-della-terra\/#respond\"]}]},{\"@type\":\"Person\",\"@id\":\"https:\/\/arteeluoghi.it\/#\/schema\/person\/f84e814e36e91e01448ee07eaadd41d4\",\"name\":\"Staff\",\"image\":{\"@type\":\"ImageObject\",\"@id\":\"https:\/\/arteeluoghi.it\/#personlogo\",\"inLanguage\":\"it-IT\",\"url\":\"https:\/\/secure.gravatar.com\/avatar\/49d2f9e46271bb04e19cebfaf141313a?s=96&d=blank&r=g\",\"contentUrl\":\"https:\/\/secure.gravatar.com\/avatar\/49d2f9e46271bb04e19cebfaf141313a?s=96&d=blank&r=g\",\"caption\":\"Staff\"}}]}<\/script>\n<!-- \/ Yoast SEO plugin. -->","yoast_head_json":{"title":"La religiosit\u00e0 della terra | Arte e Luoghi","robots":{"index":"index","follow":"follow","max-snippet":"max-snippet:-1","max-image-preview":"max-image-preview:large","max-video-preview":"max-video-preview:-1"},"canonical":"https:\/\/arteeluoghi.it\/index.php\/2014\/10\/24\/la-religiosita-della-terra\/","og_locale":"it_IT","og_type":"article","og_title":"La religiosit\u00e0 della terra | Arte e Luoghi","og_description":"Marted\u00ec 28 ottobre 2014 a Lecce, Fondazione Palmieri presentazione del libro e laboratorio di eco narrazione Incontro con Duccio Demetrio","og_url":"https:\/\/arteeluoghi.it\/index.php\/2014\/10\/24\/la-religiosita-della-terra\/","og_site_name":"Arte e Luoghi","article_publisher":"https:\/\/www.facebook.com\/ArteELuoghi\/","article_published_time":"2014-10-24T11:07:24+00:00","article_modified_time":"2017-08-06T21:10:10+00:00","og_image":[{"url":"https:\/\/arteeluoghi.it\/images\/locandina-5.jpg"}],"twitter_card":"summary","twitter_creator":"@arteeluoghi","twitter_site":"@arteeluoghi","twitter_misc":{"Scritto da":"Staff","Tempo di lettura stimato":"3 minuti"},"schema":{"@context":"https:\/\/schema.org","@graph":[{"@type":"Organization","@id":"https:\/\/arteeluoghi.it\/#organization","name":"Arte e Luoghi","url":"https:\/\/arteeluoghi.it\/","sameAs":["https:\/\/www.facebook.com\/ArteELuoghi\/","https:\/\/www.instagram.com\/arteeluoghi\/?hl=it","https:\/\/www.youtube.com\/channel\/UCuRVc4JW4-C5sg9rQB-srkw?view_as=subscriber","https:\/\/twitter.com\/arteeluoghi"],"logo":{"@type":"ImageObject","@id":"https:\/\/arteeluoghi.it\/#logo","inLanguage":"it-IT","url":"https:\/\/arteeluoghi.it\/wp-content\/uploads\/2018\/08\/logoinstagramarte.jpg","contentUrl":"https:\/\/arteeluoghi.it\/wp-content\/uploads\/2018\/08\/logoinstagramarte.jpg","width":150,"height":150,"caption":"Arte e Luoghi"},"image":{"@id":"https:\/\/arteeluoghi.it\/#logo"}},{"@type":"WebSite","@id":"https:\/\/arteeluoghi.it\/#website","url":"https:\/\/arteeluoghi.it\/","name":"Arte e Luoghi","description":"Mensile di arte, cultura, turismo e curiosit\u00e0","publisher":{"@id":"https:\/\/arteeluoghi.it\/#organization"},"potentialAction":[{"@type":"SearchAction","target":{"@type":"EntryPoint","urlTemplate":"https:\/\/arteeluoghi.it\/?s={search_term_string}"},"query-input":"required name=search_term_string"}],"inLanguage":"it-IT"},{"@type":"ImageObject","@id":"https:\/\/arteeluoghi.it\/index.php\/2014\/10\/24\/la-religiosita-della-terra\/#primaryimage","inLanguage":"it-IT","url":"\/images\/locandina-5.jpg","contentUrl":"\/images\/locandina-5.jpg"},{"@type":"WebPage","@id":"https:\/\/arteeluoghi.it\/index.php\/2014\/10\/24\/la-religiosita-della-terra\/#webpage","url":"https:\/\/arteeluoghi.it\/index.php\/2014\/10\/24\/la-religiosita-della-terra\/","name":"La religiosit\u00e0 della terra | Arte e Luoghi","isPartOf":{"@id":"https:\/\/arteeluoghi.it\/#website"},"primaryImageOfPage":{"@id":"https:\/\/arteeluoghi.it\/index.php\/2014\/10\/24\/la-religiosita-della-terra\/#primaryimage"},"datePublished":"2014-10-24T11:07:24+00:00","dateModified":"2017-08-06T21:10:10+00:00","breadcrumb":{"@id":"https:\/\/arteeluoghi.it\/index.php\/2014\/10\/24\/la-religiosita-della-terra\/#breadcrumb"},"inLanguage":"it-IT","potentialAction":[{"@type":"ReadAction","target":["https:\/\/arteeluoghi.it\/index.php\/2014\/10\/24\/la-religiosita-della-terra\/"]}]},{"@type":"BreadcrumbList","@id":"https:\/\/arteeluoghi.it\/index.php\/2014\/10\/24\/la-religiosita-della-terra\/#breadcrumb","itemListElement":[{"@type":"ListItem","position":1,"name":"Home","item":"https:\/\/arteeluoghi.it\/"},{"@type":"ListItem","position":2,"name":"La religiosit\u00e0 della terra"}]},{"@type":"Article","@id":"https:\/\/arteeluoghi.it\/index.php\/2014\/10\/24\/la-religiosita-della-terra\/#article","isPartOf":{"@id":"https:\/\/arteeluoghi.it\/index.php\/2014\/10\/24\/la-religiosita-della-terra\/#webpage"},"author":{"@id":"https:\/\/arteeluoghi.it\/#\/schema\/person\/f84e814e36e91e01448ee07eaadd41d4"},"headline":"La religiosit\u00e0 della terra","datePublished":"2014-10-24T11:07:24+00:00","dateModified":"2017-08-06T21:10:10+00:00","mainEntityOfPage":{"@id":"https:\/\/arteeluoghi.it\/index.php\/2014\/10\/24\/la-religiosita-della-terra\/#webpage"},"wordCount":529,"commentCount":0,"publisher":{"@id":"https:\/\/arteeluoghi.it\/#organization"},"image":{"@id":"https:\/\/arteeluoghi.it\/index.php\/2014\/10\/24\/la-religiosita-della-terra\/#primaryimage"},"thumbnailUrl":"\/images\/locandina-5.jpg","articleSection":["I luoghi della parola"],"inLanguage":"it-IT","potentialAction":[{"@type":"CommentAction","name":"Comment","target":["https:\/\/arteeluoghi.it\/index.php\/2014\/10\/24\/la-religiosita-della-terra\/#respond"]}]},{"@type":"Person","@id":"https:\/\/arteeluoghi.it\/#\/schema\/person\/f84e814e36e91e01448ee07eaadd41d4","name":"Staff","image":{"@type":"ImageObject","@id":"https:\/\/arteeluoghi.it\/#personlogo","inLanguage":"it-IT","url":"https:\/\/secure.gravatar.com\/avatar\/49d2f9e46271bb04e19cebfaf141313a?s=96&d=blank&r=g","contentUrl":"https:\/\/secure.gravatar.com\/avatar\/49d2f9e46271bb04e19cebfaf141313a?s=96&d=blank&r=g","caption":"Staff"}}]}},"_links":{"self":[{"href":"https:\/\/arteeluoghi.it\/index.php\/wp-json\/wp\/v2\/posts\/1921"}],"collection":[{"href":"https:\/\/arteeluoghi.it\/index.php\/wp-json\/wp\/v2\/posts"}],"about":[{"href":"https:\/\/arteeluoghi.it\/index.php\/wp-json\/wp\/v2\/types\/post"}],"author":[{"embeddable":true,"href":"https:\/\/arteeluoghi.it\/index.php\/wp-json\/wp\/v2\/users\/1"}],"replies":[{"embeddable":true,"href":"https:\/\/arteeluoghi.it\/index.php\/wp-json\/wp\/v2\/comments?post=1921"}],"version-history":[{"count":1,"href":"https:\/\/arteeluoghi.it\/index.php\/wp-json\/wp\/v2\/posts\/1921\/revisions"}],"predecessor-version":[{"id":2973,"href":"https:\/\/arteeluoghi.it\/index.php\/wp-json\/wp\/v2\/posts\/1921\/revisions\/2973"}],"wp:attachment":[{"href":"https:\/\/arteeluoghi.it\/index.php\/wp-json\/wp\/v2\/media?parent=1921"}],"wp:term":[{"taxonomy":"category","embeddable":true,"href":"https:\/\/arteeluoghi.it\/index.php\/wp-json\/wp\/v2\/categories?post=1921"},{"taxonomy":"post_tag","embeddable":true,"href":"https:\/\/arteeluoghi.it\/index.php\/wp-json\/wp\/v2\/tags?post=1921"}],"curies":[{"name":"wp","href":"https:\/\/api.w.org\/{rel}","templated":true}]}}