{"id":1923,"date":"2014-10-25T20:07:39","date_gmt":"2014-10-25T18:07:39","guid":{"rendered":"http:\/\/arteeluoghi.it\/index.php\/2014\/10\/25\/ines\/"},"modified":"2014-10-25T20:07:39","modified_gmt":"2014-10-25T18:07:39","slug":"ines","status":"publish","type":"post","link":"https:\/\/arteeluoghi.it\/index.php\/2014\/10\/25\/ines\/","title":{"rendered":"Architetture di luce&#8230; in via Margutta"},"content":{"rendered":"<p><img src=\"\/images\/inesfacchin.jpg\" border=\"0\" title=\"una foto di Ines Facchin\" width=\"300\" style=\"margin: 21px; float: left;\" \/>\u00a0Dal 27 ottobre al 6 novembre presso lo spazio espositivo di P&amp;g Events a Roma<\/p>\n<p><span style=\"font-size: medium;\"><strong>&#8220;If&#8230;se&#8221;. Gli scatti inediti di Ines Facchin<\/strong><\/span><\/p>\n<p>&#8220;Pu\u00f2 sembrare un facile gioco ironico con le mie iniziali. In realt\u00e0 \u00e8 una riflessione sul mondo, sulle nostre false certezze e sul vivere sempre alla ricerca di altro. Altro modo di vedere cercando di fermare l&#8217;attimo. Sempre in bilico tra luce ed ombra perch\u00e8 \u00e8 l\u00ec nel dubbio, nella variabile dell&#8217;ignoto che \u00e8 la vita.&#8221;\u2028Con queste parole la fotografa romana Ines Facchin illustra il suo nuovo progetto espositivo &#8220;If&#8230;se&#8221; in mostra da luned\u00ec 27 ottobre presso gli spazi di P&amp;g Events a Roma in via Margutta, 86.<\/p>\n<p>  <!--more-->  <\/p>\n<p>\u00a0<\/p>\n<p>\u2028\u2028Con vernissage mercoled\u00ec 29 ottobre, ore18, gli straordinari scatti di Ines Facchin potranno essere ammirati fino al prossimo 6 novembre. Si tratta di fotogrammi per lo pi\u00f9 inediti catturati nel suo continuo errare alla scoperta dei pi\u00f9 suggestivi angoli del mondo. Con la sua insepara<img src=\"\/images\/ines%20facchin2.jpg\" border=\"0\" title=\"la fotografa romana Ines Facchin\" width=\"300\" style=\"margin: 21px; float: right;\" \/>bile Leica, Ines Facchin scava e scova nei centri urbani come nelle periferie quelle architetture di luce nascoste nei riflessi che da sempre ama fotografare. Ogni scatto \u00e8 una scoperta sempre nuova. Un gioco cromatico fatto di texture pittoriche di campiture di colori, ora abbaglianti ora sfumati, che diventano come una sorta di dna topografico dei luoghi visitati da Parigi a Roma, Venezia, Napoli, Firenze, Bukara, San Pietroburgo, Astana&#8230; Nessun artificio, nessun filtro \u00e8 stato utilizzato per ottenere le immagini che, svela l\u2019autrice, sono il frutto di un\u2019intuizione, di un modo particolare di fissare l\u2019obiettivo sfruttando leggi ottiche, dalla riflessione all\u2019assorbimento del colore e della luce attraverso la materia dei corpi che reagiscono in modo diverso a seconda della superficie, dell\u2019incidenza della luminosit\u00e0 che li attraversa. <br \/>Ines Facchin, laureata in architettura, vive a Roma.\u2028Ha la passione per la costruzione del disegno e del progetto architettonico, sempre presente quando sfoggia il suo sguardo su un qualsiasi dettaglio del mondo reale, che risulta trasfigurato, indecifrabile.\u2028Questo fa di lei un&#8217;artista dotata di spiccato talento e di grande sensibilit\u00e0, capace di vedere ci\u00f2 che sfugge all&#8217;occhio comune e di studiare una nuova visione del reale.\u2028Amante dei viaggi, in compagnia della sua inseparabile Leica, ha fermato nei suoi scatti particolari intriganti dei pi\u00f9 disparati paesaggi urbani: New York, Amsterdam, Madrid, Barcellona, Vienna, Praga, Lisbona, Bilbao&#8230; senza tralasciare le splendide citt\u00e0 italiane Roma in primis, e poi Venezia, Trani, Lecce, Siracusa, Cagliari&#8230;\u2028Dalla Provenza al Marocco, dalla Turchia alla Grecia, Ines Facchin \u00e8 riuscita a creare un archivio della memoria dei luoghi visitati e delle emozioni vissute, cos\u00ec come raccontano i complessi giochi di luci, forme e colori dei suoi fotogrammi. \u2028\u2028(an.fu.)<\/p>\n","protected":false},"excerpt":{"rendered":"<p>\u00a0Dal 27 ottobre al 6 novembre presso lo spazio espositivo di P&amp;g Events a Roma &#8220;If&#8230;se&#8221;. Gli scatti inediti di<\/p>\n","protected":false},"author":1,"featured_media":0,"comment_status":"open","ping_status":"open","sticky":false,"template":"","format":"standard","meta":[],"categories":[27],"tags":[],"yoast_head":"<!-- This site is optimized with the Yoast SEO plugin v18.0 - https:\/\/yoast.com\/wordpress\/plugins\/seo\/ -->\n<title>Architetture di luce... in via Margutta | Arte e Luoghi<\/title>\n<meta name=\"robots\" content=\"index, follow, max-snippet:-1, max-image-preview:large, max-video-preview:-1\" \/>\n<link rel=\"canonical\" href=\"https:\/\/arteeluoghi.it\/index.php\/2014\/10\/25\/ines\/\" \/>\n<meta property=\"og:locale\" content=\"it_IT\" \/>\n<meta property=\"og:type\" content=\"article\" \/>\n<meta property=\"og:title\" content=\"Architetture di luce... in via Margutta | Arte e Luoghi\" \/>\n<meta property=\"og:description\" content=\"\u00a0Dal 27 ottobre al 6 novembre presso lo spazio espositivo di P&amp;g Events a Roma &#8220;If&#8230;se&#8221;. Gli scatti inediti di\" \/>\n<meta property=\"og:url\" content=\"https:\/\/arteeluoghi.it\/index.php\/2014\/10\/25\/ines\/\" \/>\n<meta property=\"og:site_name\" content=\"Arte e Luoghi\" \/>\n<meta property=\"article:publisher\" content=\"https:\/\/www.facebook.com\/ArteELuoghi\/\" \/>\n<meta property=\"article:published_time\" content=\"2014-10-25T18:07:39+00:00\" \/>\n<meta property=\"og:image\" content=\"https:\/\/arteeluoghi.it\/images\/inesfacchin.jpg\" \/>\n<meta name=\"twitter:card\" content=\"summary\" \/>\n<meta name=\"twitter:creator\" content=\"@arteeluoghi\" \/>\n<meta name=\"twitter:site\" content=\"@arteeluoghi\" \/>\n<meta name=\"twitter:label1\" content=\"Scritto da\" \/>\n\t<meta name=\"twitter:data1\" content=\"Staff\" \/>\n\t<meta name=\"twitter:label2\" content=\"Tempo di lettura stimato\" \/>\n\t<meta name=\"twitter:data2\" content=\"2 minuti\" \/>\n<script type=\"application\/ld+json\" class=\"yoast-schema-graph\">{\"@context\":\"https:\/\/schema.org\",\"@graph\":[{\"@type\":\"Organization\",\"@id\":\"https:\/\/arteeluoghi.it\/#organization\",\"name\":\"Arte e Luoghi\",\"url\":\"https:\/\/arteeluoghi.it\/\",\"sameAs\":[\"https:\/\/www.facebook.com\/ArteELuoghi\/\",\"https:\/\/www.instagram.com\/arteeluoghi\/?hl=it\",\"https:\/\/www.youtube.com\/channel\/UCuRVc4JW4-C5sg9rQB-srkw?view_as=subscriber\",\"https:\/\/twitter.com\/arteeluoghi\"],\"logo\":{\"@type\":\"ImageObject\",\"@id\":\"https:\/\/arteeluoghi.it\/#logo\",\"inLanguage\":\"it-IT\",\"url\":\"https:\/\/arteeluoghi.it\/wp-content\/uploads\/2018\/08\/logoinstagramarte.jpg\",\"contentUrl\":\"https:\/\/arteeluoghi.it\/wp-content\/uploads\/2018\/08\/logoinstagramarte.jpg\",\"width\":150,\"height\":150,\"caption\":\"Arte e Luoghi\"},\"image\":{\"@id\":\"https:\/\/arteeluoghi.it\/#logo\"}},{\"@type\":\"WebSite\",\"@id\":\"https:\/\/arteeluoghi.it\/#website\",\"url\":\"https:\/\/arteeluoghi.it\/\",\"name\":\"Arte e Luoghi\",\"description\":\"Mensile di arte, cultura, turismo e curiosit\u00e0\",\"publisher\":{\"@id\":\"https:\/\/arteeluoghi.it\/#organization\"},\"potentialAction\":[{\"@type\":\"SearchAction\",\"target\":{\"@type\":\"EntryPoint\",\"urlTemplate\":\"https:\/\/arteeluoghi.it\/?s={search_term_string}\"},\"query-input\":\"required name=search_term_string\"}],\"inLanguage\":\"it-IT\"},{\"@type\":\"ImageObject\",\"@id\":\"https:\/\/arteeluoghi.it\/index.php\/2014\/10\/25\/ines\/#primaryimage\",\"inLanguage\":\"it-IT\",\"url\":\"\/images\/inesfacchin.jpg\",\"contentUrl\":\"\/images\/inesfacchin.jpg\"},{\"@type\":\"WebPage\",\"@id\":\"https:\/\/arteeluoghi.it\/index.php\/2014\/10\/25\/ines\/#webpage\",\"url\":\"https:\/\/arteeluoghi.it\/index.php\/2014\/10\/25\/ines\/\",\"name\":\"Architetture di luce... in via Margutta | Arte e Luoghi\",\"isPartOf\":{\"@id\":\"https:\/\/arteeluoghi.it\/#website\"},\"primaryImageOfPage\":{\"@id\":\"https:\/\/arteeluoghi.it\/index.php\/2014\/10\/25\/ines\/#primaryimage\"},\"datePublished\":\"2014-10-25T18:07:39+00:00\",\"dateModified\":\"2014-10-25T18:07:39+00:00\",\"breadcrumb\":{\"@id\":\"https:\/\/arteeluoghi.it\/index.php\/2014\/10\/25\/ines\/#breadcrumb\"},\"inLanguage\":\"it-IT\",\"potentialAction\":[{\"@type\":\"ReadAction\",\"target\":[\"https:\/\/arteeluoghi.it\/index.php\/2014\/10\/25\/ines\/\"]}]},{\"@type\":\"BreadcrumbList\",\"@id\":\"https:\/\/arteeluoghi.it\/index.php\/2014\/10\/25\/ines\/#breadcrumb\",\"itemListElement\":[{\"@type\":\"ListItem\",\"position\":1,\"name\":\"Home\",\"item\":\"https:\/\/arteeluoghi.it\/\"},{\"@type\":\"ListItem\",\"position\":2,\"name\":\"Architetture di luce&#8230; in via Margutta\"}]},{\"@type\":\"Article\",\"@id\":\"https:\/\/arteeluoghi.it\/index.php\/2014\/10\/25\/ines\/#article\",\"isPartOf\":{\"@id\":\"https:\/\/arteeluoghi.it\/index.php\/2014\/10\/25\/ines\/#webpage\"},\"author\":{\"@id\":\"https:\/\/arteeluoghi.it\/#\/schema\/person\/f84e814e36e91e01448ee07eaadd41d4\"},\"headline\":\"Architetture di luce&#8230; in via Margutta\",\"datePublished\":\"2014-10-25T18:07:39+00:00\",\"dateModified\":\"2014-10-25T18:07:39+00:00\",\"mainEntityOfPage\":{\"@id\":\"https:\/\/arteeluoghi.it\/index.php\/2014\/10\/25\/ines\/#webpage\"},\"wordCount\":440,\"commentCount\":0,\"publisher\":{\"@id\":\"https:\/\/arteeluoghi.it\/#organization\"},\"image\":{\"@id\":\"https:\/\/arteeluoghi.it\/index.php\/2014\/10\/25\/ines\/#primaryimage\"},\"thumbnailUrl\":\"\/images\/inesfacchin.jpg\",\"articleSection\":[\"Arte\"],\"inLanguage\":\"it-IT\",\"potentialAction\":[{\"@type\":\"CommentAction\",\"name\":\"Comment\",\"target\":[\"https:\/\/arteeluoghi.it\/index.php\/2014\/10\/25\/ines\/#respond\"]}]},{\"@type\":\"Person\",\"@id\":\"https:\/\/arteeluoghi.it\/#\/schema\/person\/f84e814e36e91e01448ee07eaadd41d4\",\"name\":\"Staff\",\"image\":{\"@type\":\"ImageObject\",\"@id\":\"https:\/\/arteeluoghi.it\/#personlogo\",\"inLanguage\":\"it-IT\",\"url\":\"https:\/\/secure.gravatar.com\/avatar\/49d2f9e46271bb04e19cebfaf141313a?s=96&d=blank&r=g\",\"contentUrl\":\"https:\/\/secure.gravatar.com\/avatar\/49d2f9e46271bb04e19cebfaf141313a?s=96&d=blank&r=g\",\"caption\":\"Staff\"}}]}<\/script>\n<!-- \/ Yoast SEO plugin. -->","yoast_head_json":{"title":"Architetture di luce... in via Margutta | Arte e Luoghi","robots":{"index":"index","follow":"follow","max-snippet":"max-snippet:-1","max-image-preview":"max-image-preview:large","max-video-preview":"max-video-preview:-1"},"canonical":"https:\/\/arteeluoghi.it\/index.php\/2014\/10\/25\/ines\/","og_locale":"it_IT","og_type":"article","og_title":"Architetture di luce... in via Margutta | Arte e Luoghi","og_description":"\u00a0Dal 27 ottobre al 6 novembre presso lo spazio espositivo di P&amp;g Events a Roma &#8220;If&#8230;se&#8221;. Gli scatti inediti di","og_url":"https:\/\/arteeluoghi.it\/index.php\/2014\/10\/25\/ines\/","og_site_name":"Arte e Luoghi","article_publisher":"https:\/\/www.facebook.com\/ArteELuoghi\/","article_published_time":"2014-10-25T18:07:39+00:00","og_image":[{"url":"https:\/\/arteeluoghi.it\/images\/inesfacchin.jpg"}],"twitter_card":"summary","twitter_creator":"@arteeluoghi","twitter_site":"@arteeluoghi","twitter_misc":{"Scritto da":"Staff","Tempo di lettura stimato":"2 minuti"},"schema":{"@context":"https:\/\/schema.org","@graph":[{"@type":"Organization","@id":"https:\/\/arteeluoghi.it\/#organization","name":"Arte e Luoghi","url":"https:\/\/arteeluoghi.it\/","sameAs":["https:\/\/www.facebook.com\/ArteELuoghi\/","https:\/\/www.instagram.com\/arteeluoghi\/?hl=it","https:\/\/www.youtube.com\/channel\/UCuRVc4JW4-C5sg9rQB-srkw?view_as=subscriber","https:\/\/twitter.com\/arteeluoghi"],"logo":{"@type":"ImageObject","@id":"https:\/\/arteeluoghi.it\/#logo","inLanguage":"it-IT","url":"https:\/\/arteeluoghi.it\/wp-content\/uploads\/2018\/08\/logoinstagramarte.jpg","contentUrl":"https:\/\/arteeluoghi.it\/wp-content\/uploads\/2018\/08\/logoinstagramarte.jpg","width":150,"height":150,"caption":"Arte e Luoghi"},"image":{"@id":"https:\/\/arteeluoghi.it\/#logo"}},{"@type":"WebSite","@id":"https:\/\/arteeluoghi.it\/#website","url":"https:\/\/arteeluoghi.it\/","name":"Arte e Luoghi","description":"Mensile di arte, cultura, turismo e curiosit\u00e0","publisher":{"@id":"https:\/\/arteeluoghi.it\/#organization"},"potentialAction":[{"@type":"SearchAction","target":{"@type":"EntryPoint","urlTemplate":"https:\/\/arteeluoghi.it\/?s={search_term_string}"},"query-input":"required name=search_term_string"}],"inLanguage":"it-IT"},{"@type":"ImageObject","@id":"https:\/\/arteeluoghi.it\/index.php\/2014\/10\/25\/ines\/#primaryimage","inLanguage":"it-IT","url":"\/images\/inesfacchin.jpg","contentUrl":"\/images\/inesfacchin.jpg"},{"@type":"WebPage","@id":"https:\/\/arteeluoghi.it\/index.php\/2014\/10\/25\/ines\/#webpage","url":"https:\/\/arteeluoghi.it\/index.php\/2014\/10\/25\/ines\/","name":"Architetture di luce... in via Margutta | Arte e Luoghi","isPartOf":{"@id":"https:\/\/arteeluoghi.it\/#website"},"primaryImageOfPage":{"@id":"https:\/\/arteeluoghi.it\/index.php\/2014\/10\/25\/ines\/#primaryimage"},"datePublished":"2014-10-25T18:07:39+00:00","dateModified":"2014-10-25T18:07:39+00:00","breadcrumb":{"@id":"https:\/\/arteeluoghi.it\/index.php\/2014\/10\/25\/ines\/#breadcrumb"},"inLanguage":"it-IT","potentialAction":[{"@type":"ReadAction","target":["https:\/\/arteeluoghi.it\/index.php\/2014\/10\/25\/ines\/"]}]},{"@type":"BreadcrumbList","@id":"https:\/\/arteeluoghi.it\/index.php\/2014\/10\/25\/ines\/#breadcrumb","itemListElement":[{"@type":"ListItem","position":1,"name":"Home","item":"https:\/\/arteeluoghi.it\/"},{"@type":"ListItem","position":2,"name":"Architetture di luce&#8230; in via Margutta"}]},{"@type":"Article","@id":"https:\/\/arteeluoghi.it\/index.php\/2014\/10\/25\/ines\/#article","isPartOf":{"@id":"https:\/\/arteeluoghi.it\/index.php\/2014\/10\/25\/ines\/#webpage"},"author":{"@id":"https:\/\/arteeluoghi.it\/#\/schema\/person\/f84e814e36e91e01448ee07eaadd41d4"},"headline":"Architetture di luce&#8230; in via Margutta","datePublished":"2014-10-25T18:07:39+00:00","dateModified":"2014-10-25T18:07:39+00:00","mainEntityOfPage":{"@id":"https:\/\/arteeluoghi.it\/index.php\/2014\/10\/25\/ines\/#webpage"},"wordCount":440,"commentCount":0,"publisher":{"@id":"https:\/\/arteeluoghi.it\/#organization"},"image":{"@id":"https:\/\/arteeluoghi.it\/index.php\/2014\/10\/25\/ines\/#primaryimage"},"thumbnailUrl":"\/images\/inesfacchin.jpg","articleSection":["Arte"],"inLanguage":"it-IT","potentialAction":[{"@type":"CommentAction","name":"Comment","target":["https:\/\/arteeluoghi.it\/index.php\/2014\/10\/25\/ines\/#respond"]}]},{"@type":"Person","@id":"https:\/\/arteeluoghi.it\/#\/schema\/person\/f84e814e36e91e01448ee07eaadd41d4","name":"Staff","image":{"@type":"ImageObject","@id":"https:\/\/arteeluoghi.it\/#personlogo","inLanguage":"it-IT","url":"https:\/\/secure.gravatar.com\/avatar\/49d2f9e46271bb04e19cebfaf141313a?s=96&d=blank&r=g","contentUrl":"https:\/\/secure.gravatar.com\/avatar\/49d2f9e46271bb04e19cebfaf141313a?s=96&d=blank&r=g","caption":"Staff"}}]}},"_links":{"self":[{"href":"https:\/\/arteeluoghi.it\/index.php\/wp-json\/wp\/v2\/posts\/1923"}],"collection":[{"href":"https:\/\/arteeluoghi.it\/index.php\/wp-json\/wp\/v2\/posts"}],"about":[{"href":"https:\/\/arteeluoghi.it\/index.php\/wp-json\/wp\/v2\/types\/post"}],"author":[{"embeddable":true,"href":"https:\/\/arteeluoghi.it\/index.php\/wp-json\/wp\/v2\/users\/1"}],"replies":[{"embeddable":true,"href":"https:\/\/arteeluoghi.it\/index.php\/wp-json\/wp\/v2\/comments?post=1923"}],"version-history":[{"count":0,"href":"https:\/\/arteeluoghi.it\/index.php\/wp-json\/wp\/v2\/posts\/1923\/revisions"}],"wp:attachment":[{"href":"https:\/\/arteeluoghi.it\/index.php\/wp-json\/wp\/v2\/media?parent=1923"}],"wp:term":[{"taxonomy":"category","embeddable":true,"href":"https:\/\/arteeluoghi.it\/index.php\/wp-json\/wp\/v2\/categories?post=1923"},{"taxonomy":"post_tag","embeddable":true,"href":"https:\/\/arteeluoghi.it\/index.php\/wp-json\/wp\/v2\/tags?post=1923"}],"curies":[{"name":"wp","href":"https:\/\/api.w.org\/{rel}","templated":true}]}}