{"id":194,"date":"2010-06-12T23:00:00","date_gmt":"2010-06-12T21:00:00","guid":{"rendered":"http:\/\/arteeluoghi.it\/index.php\/2010\/06\/12\/il-fondo-antico-della-biblioteca-di-s-pietro-dostuni\/"},"modified":"2010-06-12T23:00:00","modified_gmt":"2010-06-12T21:00:00","slug":"il-fondo-antico-della-biblioteca-di-s-pietro-dostuni","status":"publish","type":"post","link":"https:\/\/arteeluoghi.it\/index.php\/2010\/06\/12\/il-fondo-antico-della-biblioteca-di-s-pietro-dostuni\/","title":{"rendered":"Il Fondo antico della Biblioteca di S. Pietro d&#8217;Ostuni"},"content":{"rendered":"<p>\u00a0<\/p>\n<p>La ricerca dettagliata e meticolosa di Maria Grazia Barnaba, giovane studiosa salentina<\/p>\n<h1><span style=\"font-size: small;\">IL FONDO ANTICO DELLA BIBLIOTECA DI S. PIETRO DI OSTUNI<\/span><\/h1>\n<h1><span style=\"font-size: x-small;\">Fondamentale il ruolo dei monasteri nella diffusione del libro e della cultura<\/span><\/h1>\n<p><em> <\/em><\/p>\n<p><em> <\/em><\/p>\n<p><em> <\/em><\/p>\n<p><em> <\/em><\/p>\n<p><em> <\/em><\/p>\n<p><em>Maria Grazia Barnaba, giovane studiosa ostunese, ha recentemente vinto il primo premio nella sezione tesi di laurea della sesta edizione del premio cultura \u201c<\/em>Citt\u00e0 di Ostuni<em>\u201d, intitolato a Leonardo Mondadori. Il suo lavoro \u00e8 stato incentrato sul \u201c<\/em>Fondo antico della biblioteca delle Benedettine di S. Pietro in<em> <\/em>Ostuni<em>\u201d. <\/em><\/p>\n<p><em>Negli ultimi anni le biblioteche dei monasteri hanno riscosso un particolare interesse da parte di molti studiosi proprio perch\u00e9 permettono di ricostruire il cammino che lega la diffusione del libro al livello di cultura e di erudizione presente nei monasteri stessi. E la \u201c<\/em>Biblioteca delle<em> <\/em>Benedettine di S. Pietro di Ostuni<em>\u201d (prima met\u00e0 del XVI secolo) ne \u00e8 un sostanzioso esempio. Il Fondo Antico di questo monastero, fondato nella prima met\u00e0 del XVI secolo, \u00e8 stato l\u2019oggetto dello studio e della catalogazione di Maria Grazia Barnaba. Adesso, proprio grazie a questo lavoro \u2013 raffinato e certosino \u2013 \u00e8 possibile tracciare un quadro delle influenze esercitate all\u2019interno dello stesso monastero (si pensi, in particolare, a quelle gesuitiche), ma anche ottenere nuove notizie sulla circolazione nell\u2019Italia meridionale di un testo particolarmente discusso quale \u201c<\/em>La mistica citt\u00e0 di Dio<em>\u201d della spagnola Maria D\u2019Agreda. Lo studio e la catalogazione del Fondo hanno riguardato 187 unit\u00e0, di cui 159 settecentine e 28 secentine. <\/em><\/p>\n<p><em>  <!--more-->  <br \/><\/em><\/p>\n<p><em>L\u2019allestimento delle stanze da destinare a biblioteca del monastero delle Benedettine si deve alla badessa Anna Attanasio. Prima del suo intervento, nel 1982, i circa dodicimila volumi presenti non avevano trovato un\u2019adeguata sistemazione. L\u2019intervento della badessa ha riguardato gli ambienti posti al piano terra della struttura, per lungo tempo destinati a deposito di legname: una volta rimesse a nuovo, quelle stanze sono state arredate con tavoli e scaffalature. In particolare, i libri dei secoli XVII, XVIII e XIX (tutti annotati nel registro d\u2019ingresso da suor Gemma Semeraro) sono stati posti in due scaffali con le ante a vetro, ciascuno di sei palchetti, in un piccolo vano alle spalle del coro. Nello stesso locale, un piccolo armadio, che conserva i documenti d\u2019archivio. <\/em><\/p>\n<p>Difficile, se non impossibile trovare notizie certe circa la nascita e i successivi sviluppi della biblioteca. Si sa comunque che, negli anni Sessanta, un benedettino del monastero di S. Maria della Scala di Noci, chiese ed ottenne dalle suore ostunesi di poter portare via diverse antiche edizioni; solo successivamente ne fu chiesta la restituzione, tramite l\u2019abate Ludovico Intini. Come fa notare la giovane studiosa ostunese, la restituzione avvenne, per\u00f2, solo in parte, perch\u00e9 il monaco era stato, nel frattempo, trasferito e non vi era alcun timbro o indicazione di possesso che potesse far riconoscere i libri appartenuti al monastero.<\/p>\n<p><em>Lo studio di Maria Grazia Barnaba sottolinea la totale assenza d\u2019incunaboli e cinquecentine: il che risulta essere piuttosto insolito, trattandosi comunque della biblioteca di un monastero fondato nella prima met\u00e0 del XVI secolo. Per questo \u00e8 possibile soltanto formulare delle ipotesi per ricostruire l\u2019iter che questi volumi hanno percorso nel corso dei secoli. Comunque, la pi\u00f9 antica testimonianza di possesso, la dott.ssa Barnaba l\u2019ha rinvenuta su \u201c<\/em>Il cammino spirituale<em>\u201ddell\u2019abate Ercole D\u2019Aiello (1605), dove si pu\u00f2 leggere che un tale Ferrante Bisanti era nato alle idi di luglio del 1571. <\/em><\/p>\n<p><em>Nella Biblioteca delle Benedettine di S. Pietro in Ostuni ci sono molti volumi che provengono da Francavilla Fontana: tra questi, l\u2019opera di Daniello Batoli, \u201c<\/em>De\u2019 simboli trasportati al morale<em>\u201d (1676) e l\u2019opera postuma del gesuita Quirico Rossi, \u201c<\/em>Panegirici<em>\u201d (1763). Di rilievo anche l\u2019opera in cinque volumi di Maria de Agreda, comprendente anche la sua biografia scritta da padre Giuseppe Ximenes Samaniego, che faceva parte della biblioteca privata di Orazio e Francesco Domenico Mita. L\u2019opera, che fu pubblicata dallo stampatore vescovile trentino Giovanni Parone, pass\u00f2 successivamente nelle mani di Maria Giuseppa Patrelli, benedettina che dimor\u00f2 nel monastero ostunese dal 1702 al 1751, anno della sua morte. La Patrelli, peraltro, fu anche badessa dal 1744 al 1750. Una copia dei tomi II e IV di quest\u2019opera \u00e8 appartenuta a suor Maria Giuseppa Scandelari, nata ad Oria nel 1798. A ventidue anni cominci\u00f2 il noviziato presso le Clarisse di Mesagne, per diventare, poi, monaca corista nel 1821. Alla stessa risulta essere appartenuto \u201c<\/em>Il ritiro per<em> <\/em>gli esercizi spirituali di dieci giorni<em>\u201d, del frate Lorenzo Fantauzzi (Napoli, 1759). <\/em><\/p>\n<p><em>Sempre alla Patrelli risulta appartenuta un\u2019altra imponente opera, ovvero i quattro tomi delle \u201c<\/em>Considerazioni cristiane per tutti i giorni dell\u2019anno<em>\u201d, del gesuita Jean Crasset, stampati a Venezia tra il 1713 e il 1716. Al sacerdote Giovanni Felice Cellie risulta, invece, essere appartenuto l\u2019importante trattato di teologia \u201c<\/em>L\u2019Uno necessario<em>\u201d, scritto dal gesuita Benedetto Rogacci e stampato a Venezia nel 1738: si tratta di tre volumi che comprendono cinque tomi. Del Cellie anche la raccolta di \u201c<\/em>Prediche varie<em>\u201d, dello spagnolo Antonio Vieira, stampata a Venezia nel 1763. <\/em><\/p>\n<p><em>Per il resto, come si evince dalla meticolosa analisi di Maria Grazia Barnaba, la maggior parte dei volumi conserva l\u2019indicazione di possesso al monastero di S. Pietro, come comunit\u00e0 o come singole religiose dello stesso. Sono, invece, diverse le circostanze in cui queste sono venute in possesso dei libri: singolare e significativa, per esempio, la nota trascritta l\u201911 agosto 1851 su \u201c<\/em>La vita di S. Francesco Saverio<em>\u201d, del gesuita Giuseppe Massei, dalla piccola Rosina Longo, educanda del monastero, che dice, testualmente, di avere l\u2019et\u00e0 di anni \u201c<\/em>12, un mese, 4 giorni, 9 ore<em>\u201d. Altri libri, poi, contengono le annotazioni dei vari \u201c<\/em>passaggi di propriet\u00e0<em>\u201ddegli stessi testi: per esempio, Maria Giovanna Nisi scrive di aver ricevuto in dono nel 1830 dal suo confessore Pasquale Moccia di Erchie le \u201c<\/em>Meditazioni sacre sopra i Santi dell\u2019Ordine di S.<em> <\/em>Benedetto<em>\u201d (Napoli, 1726); alla sua morte (1876), il volume \u00e8 passato nelle mani di suor Angela Raffaella Ayroldi, la quale, nel 1899, lo ha venduto alla badessa Rita Solazzo. <\/em><\/p>\n<p><em>In conclusione, il lavoro di Maria Grazia Barnaba valorizza in maniera definitiva la ricchissima biblioteca delle Benedettine di S. Pietro, riconducendola al suo fondamentale ruolo storico e culturale: un patrimonio quasi del tutto sconosciuto, fino a poco tempo fa, che adesso, per\u00f2, \u201c<\/em>viene alla luce<em>\u201d, tornando ad essere fruibile per chiunque abbia a cuore la storia e la memoria della nostra terra. <\/em>(Gabriele De Blasi)<em> <\/em><\/p>\n<p><em> <\/em><\/p>\n","protected":false},"excerpt":{"rendered":"<p>\u00a0 La ricerca dettagliata e meticolosa di Maria Grazia Barnaba, giovane studiosa salentina IL FONDO ANTICO DELLA BIBLIOTECA DI S.<\/p>\n","protected":false},"author":1,"featured_media":0,"comment_status":"open","ping_status":"open","sticky":false,"template":"","format":"standard","meta":[],"categories":[16],"tags":[],"yoast_head":"<!-- This site is optimized with the Yoast SEO plugin v18.0 - https:\/\/yoast.com\/wordpress\/plugins\/seo\/ -->\n<title>Il Fondo antico della Biblioteca di S. Pietro d&#039;Ostuni | Arte e Luoghi<\/title>\n<meta name=\"robots\" content=\"index, follow, max-snippet:-1, max-image-preview:large, max-video-preview:-1\" \/>\n<link rel=\"canonical\" href=\"https:\/\/arteeluoghi.it\/index.php\/2010\/06\/12\/il-fondo-antico-della-biblioteca-di-s-pietro-dostuni\/\" \/>\n<meta property=\"og:locale\" content=\"it_IT\" \/>\n<meta property=\"og:type\" content=\"article\" \/>\n<meta property=\"og:title\" content=\"Il Fondo antico della Biblioteca di S. Pietro d&#039;Ostuni | Arte e Luoghi\" \/>\n<meta property=\"og:description\" content=\"\u00a0 La ricerca dettagliata e meticolosa di Maria Grazia Barnaba, giovane studiosa salentina IL FONDO ANTICO DELLA BIBLIOTECA DI S.\" \/>\n<meta property=\"og:url\" content=\"https:\/\/arteeluoghi.it\/index.php\/2010\/06\/12\/il-fondo-antico-della-biblioteca-di-s-pietro-dostuni\/\" \/>\n<meta property=\"og:site_name\" content=\"Arte e Luoghi\" \/>\n<meta property=\"article:publisher\" content=\"https:\/\/www.facebook.com\/ArteELuoghi\/\" \/>\n<meta property=\"article:published_time\" content=\"2010-06-12T21:00:00+00:00\" \/>\n<meta name=\"twitter:card\" content=\"summary\" \/>\n<meta name=\"twitter:creator\" content=\"@arteeluoghi\" \/>\n<meta name=\"twitter:site\" content=\"@arteeluoghi\" \/>\n<meta name=\"twitter:label1\" content=\"Scritto da\" \/>\n\t<meta name=\"twitter:data1\" content=\"Staff\" \/>\n\t<meta name=\"twitter:label2\" content=\"Tempo di lettura stimato\" \/>\n\t<meta name=\"twitter:data2\" content=\"5 minuti\" \/>\n<script type=\"application\/ld+json\" class=\"yoast-schema-graph\">{\"@context\":\"https:\/\/schema.org\",\"@graph\":[{\"@type\":\"Organization\",\"@id\":\"https:\/\/arteeluoghi.it\/#organization\",\"name\":\"Arte e Luoghi\",\"url\":\"https:\/\/arteeluoghi.it\/\",\"sameAs\":[\"https:\/\/www.facebook.com\/ArteELuoghi\/\",\"https:\/\/www.instagram.com\/arteeluoghi\/?hl=it\",\"https:\/\/www.youtube.com\/channel\/UCuRVc4JW4-C5sg9rQB-srkw?view_as=subscriber\",\"https:\/\/twitter.com\/arteeluoghi\"],\"logo\":{\"@type\":\"ImageObject\",\"@id\":\"https:\/\/arteeluoghi.it\/#logo\",\"inLanguage\":\"it-IT\",\"url\":\"https:\/\/arteeluoghi.it\/wp-content\/uploads\/2018\/08\/logoinstagramarte.jpg\",\"contentUrl\":\"https:\/\/arteeluoghi.it\/wp-content\/uploads\/2018\/08\/logoinstagramarte.jpg\",\"width\":150,\"height\":150,\"caption\":\"Arte e Luoghi\"},\"image\":{\"@id\":\"https:\/\/arteeluoghi.it\/#logo\"}},{\"@type\":\"WebSite\",\"@id\":\"https:\/\/arteeluoghi.it\/#website\",\"url\":\"https:\/\/arteeluoghi.it\/\",\"name\":\"Arte e Luoghi\",\"description\":\"Mensile di arte, cultura, turismo e curiosit\u00e0\",\"publisher\":{\"@id\":\"https:\/\/arteeluoghi.it\/#organization\"},\"potentialAction\":[{\"@type\":\"SearchAction\",\"target\":{\"@type\":\"EntryPoint\",\"urlTemplate\":\"https:\/\/arteeluoghi.it\/?s={search_term_string}\"},\"query-input\":\"required name=search_term_string\"}],\"inLanguage\":\"it-IT\"},{\"@type\":\"WebPage\",\"@id\":\"https:\/\/arteeluoghi.it\/index.php\/2010\/06\/12\/il-fondo-antico-della-biblioteca-di-s-pietro-dostuni\/#webpage\",\"url\":\"https:\/\/arteeluoghi.it\/index.php\/2010\/06\/12\/il-fondo-antico-della-biblioteca-di-s-pietro-dostuni\/\",\"name\":\"Il Fondo antico della Biblioteca di S. Pietro d'Ostuni | Arte e Luoghi\",\"isPartOf\":{\"@id\":\"https:\/\/arteeluoghi.it\/#website\"},\"datePublished\":\"2010-06-12T21:00:00+00:00\",\"dateModified\":\"2010-06-12T21:00:00+00:00\",\"breadcrumb\":{\"@id\":\"https:\/\/arteeluoghi.it\/index.php\/2010\/06\/12\/il-fondo-antico-della-biblioteca-di-s-pietro-dostuni\/#breadcrumb\"},\"inLanguage\":\"it-IT\",\"potentialAction\":[{\"@type\":\"ReadAction\",\"target\":[\"https:\/\/arteeluoghi.it\/index.php\/2010\/06\/12\/il-fondo-antico-della-biblioteca-di-s-pietro-dostuni\/\"]}]},{\"@type\":\"BreadcrumbList\",\"@id\":\"https:\/\/arteeluoghi.it\/index.php\/2010\/06\/12\/il-fondo-antico-della-biblioteca-di-s-pietro-dostuni\/#breadcrumb\",\"itemListElement\":[{\"@type\":\"ListItem\",\"position\":1,\"name\":\"Home\",\"item\":\"https:\/\/arteeluoghi.it\/\"},{\"@type\":\"ListItem\",\"position\":2,\"name\":\"Il Fondo antico della Biblioteca di S. Pietro d&#8217;Ostuni\"}]},{\"@type\":\"Article\",\"@id\":\"https:\/\/arteeluoghi.it\/index.php\/2010\/06\/12\/il-fondo-antico-della-biblioteca-di-s-pietro-dostuni\/#article\",\"isPartOf\":{\"@id\":\"https:\/\/arteeluoghi.it\/index.php\/2010\/06\/12\/il-fondo-antico-della-biblioteca-di-s-pietro-dostuni\/#webpage\"},\"author\":{\"@id\":\"https:\/\/arteeluoghi.it\/#\/schema\/person\/f84e814e36e91e01448ee07eaadd41d4\"},\"headline\":\"Il Fondo antico della Biblioteca di S. Pietro d&#8217;Ostuni\",\"datePublished\":\"2010-06-12T21:00:00+00:00\",\"dateModified\":\"2010-06-12T21:00:00+00:00\",\"mainEntityOfPage\":{\"@id\":\"https:\/\/arteeluoghi.it\/index.php\/2010\/06\/12\/il-fondo-antico-della-biblioteca-di-s-pietro-dostuni\/#webpage\"},\"wordCount\":1040,\"commentCount\":0,\"publisher\":{\"@id\":\"https:\/\/arteeluoghi.it\/#organization\"},\"articleSection\":[\"I luoghi nella rete Biblioteche Musei Fondazioni\"],\"inLanguage\":\"it-IT\",\"potentialAction\":[{\"@type\":\"CommentAction\",\"name\":\"Comment\",\"target\":[\"https:\/\/arteeluoghi.it\/index.php\/2010\/06\/12\/il-fondo-antico-della-biblioteca-di-s-pietro-dostuni\/#respond\"]}]},{\"@type\":\"Person\",\"@id\":\"https:\/\/arteeluoghi.it\/#\/schema\/person\/f84e814e36e91e01448ee07eaadd41d4\",\"name\":\"Staff\",\"image\":{\"@type\":\"ImageObject\",\"@id\":\"https:\/\/arteeluoghi.it\/#personlogo\",\"inLanguage\":\"it-IT\",\"url\":\"https:\/\/secure.gravatar.com\/avatar\/49d2f9e46271bb04e19cebfaf141313a?s=96&d=blank&r=g\",\"contentUrl\":\"https:\/\/secure.gravatar.com\/avatar\/49d2f9e46271bb04e19cebfaf141313a?s=96&d=blank&r=g\",\"caption\":\"Staff\"}}]}<\/script>\n<!-- \/ Yoast SEO plugin. -->","yoast_head_json":{"title":"Il Fondo antico della Biblioteca di S. Pietro d'Ostuni | Arte e Luoghi","robots":{"index":"index","follow":"follow","max-snippet":"max-snippet:-1","max-image-preview":"max-image-preview:large","max-video-preview":"max-video-preview:-1"},"canonical":"https:\/\/arteeluoghi.it\/index.php\/2010\/06\/12\/il-fondo-antico-della-biblioteca-di-s-pietro-dostuni\/","og_locale":"it_IT","og_type":"article","og_title":"Il Fondo antico della Biblioteca di S. Pietro d'Ostuni | Arte e Luoghi","og_description":"\u00a0 La ricerca dettagliata e meticolosa di Maria Grazia Barnaba, giovane studiosa salentina IL FONDO ANTICO DELLA BIBLIOTECA DI S.","og_url":"https:\/\/arteeluoghi.it\/index.php\/2010\/06\/12\/il-fondo-antico-della-biblioteca-di-s-pietro-dostuni\/","og_site_name":"Arte e Luoghi","article_publisher":"https:\/\/www.facebook.com\/ArteELuoghi\/","article_published_time":"2010-06-12T21:00:00+00:00","twitter_card":"summary","twitter_creator":"@arteeluoghi","twitter_site":"@arteeluoghi","twitter_misc":{"Scritto da":"Staff","Tempo di lettura stimato":"5 minuti"},"schema":{"@context":"https:\/\/schema.org","@graph":[{"@type":"Organization","@id":"https:\/\/arteeluoghi.it\/#organization","name":"Arte e Luoghi","url":"https:\/\/arteeluoghi.it\/","sameAs":["https:\/\/www.facebook.com\/ArteELuoghi\/","https:\/\/www.instagram.com\/arteeluoghi\/?hl=it","https:\/\/www.youtube.com\/channel\/UCuRVc4JW4-C5sg9rQB-srkw?view_as=subscriber","https:\/\/twitter.com\/arteeluoghi"],"logo":{"@type":"ImageObject","@id":"https:\/\/arteeluoghi.it\/#logo","inLanguage":"it-IT","url":"https:\/\/arteeluoghi.it\/wp-content\/uploads\/2018\/08\/logoinstagramarte.jpg","contentUrl":"https:\/\/arteeluoghi.it\/wp-content\/uploads\/2018\/08\/logoinstagramarte.jpg","width":150,"height":150,"caption":"Arte e Luoghi"},"image":{"@id":"https:\/\/arteeluoghi.it\/#logo"}},{"@type":"WebSite","@id":"https:\/\/arteeluoghi.it\/#website","url":"https:\/\/arteeluoghi.it\/","name":"Arte e Luoghi","description":"Mensile di arte, cultura, turismo e curiosit\u00e0","publisher":{"@id":"https:\/\/arteeluoghi.it\/#organization"},"potentialAction":[{"@type":"SearchAction","target":{"@type":"EntryPoint","urlTemplate":"https:\/\/arteeluoghi.it\/?s={search_term_string}"},"query-input":"required name=search_term_string"}],"inLanguage":"it-IT"},{"@type":"WebPage","@id":"https:\/\/arteeluoghi.it\/index.php\/2010\/06\/12\/il-fondo-antico-della-biblioteca-di-s-pietro-dostuni\/#webpage","url":"https:\/\/arteeluoghi.it\/index.php\/2010\/06\/12\/il-fondo-antico-della-biblioteca-di-s-pietro-dostuni\/","name":"Il Fondo antico della Biblioteca di S. Pietro d'Ostuni | Arte e Luoghi","isPartOf":{"@id":"https:\/\/arteeluoghi.it\/#website"},"datePublished":"2010-06-12T21:00:00+00:00","dateModified":"2010-06-12T21:00:00+00:00","breadcrumb":{"@id":"https:\/\/arteeluoghi.it\/index.php\/2010\/06\/12\/il-fondo-antico-della-biblioteca-di-s-pietro-dostuni\/#breadcrumb"},"inLanguage":"it-IT","potentialAction":[{"@type":"ReadAction","target":["https:\/\/arteeluoghi.it\/index.php\/2010\/06\/12\/il-fondo-antico-della-biblioteca-di-s-pietro-dostuni\/"]}]},{"@type":"BreadcrumbList","@id":"https:\/\/arteeluoghi.it\/index.php\/2010\/06\/12\/il-fondo-antico-della-biblioteca-di-s-pietro-dostuni\/#breadcrumb","itemListElement":[{"@type":"ListItem","position":1,"name":"Home","item":"https:\/\/arteeluoghi.it\/"},{"@type":"ListItem","position":2,"name":"Il Fondo antico della Biblioteca di S. Pietro d&#8217;Ostuni"}]},{"@type":"Article","@id":"https:\/\/arteeluoghi.it\/index.php\/2010\/06\/12\/il-fondo-antico-della-biblioteca-di-s-pietro-dostuni\/#article","isPartOf":{"@id":"https:\/\/arteeluoghi.it\/index.php\/2010\/06\/12\/il-fondo-antico-della-biblioteca-di-s-pietro-dostuni\/#webpage"},"author":{"@id":"https:\/\/arteeluoghi.it\/#\/schema\/person\/f84e814e36e91e01448ee07eaadd41d4"},"headline":"Il Fondo antico della Biblioteca di S. Pietro d&#8217;Ostuni","datePublished":"2010-06-12T21:00:00+00:00","dateModified":"2010-06-12T21:00:00+00:00","mainEntityOfPage":{"@id":"https:\/\/arteeluoghi.it\/index.php\/2010\/06\/12\/il-fondo-antico-della-biblioteca-di-s-pietro-dostuni\/#webpage"},"wordCount":1040,"commentCount":0,"publisher":{"@id":"https:\/\/arteeluoghi.it\/#organization"},"articleSection":["I luoghi nella rete Biblioteche Musei Fondazioni"],"inLanguage":"it-IT","potentialAction":[{"@type":"CommentAction","name":"Comment","target":["https:\/\/arteeluoghi.it\/index.php\/2010\/06\/12\/il-fondo-antico-della-biblioteca-di-s-pietro-dostuni\/#respond"]}]},{"@type":"Person","@id":"https:\/\/arteeluoghi.it\/#\/schema\/person\/f84e814e36e91e01448ee07eaadd41d4","name":"Staff","image":{"@type":"ImageObject","@id":"https:\/\/arteeluoghi.it\/#personlogo","inLanguage":"it-IT","url":"https:\/\/secure.gravatar.com\/avatar\/49d2f9e46271bb04e19cebfaf141313a?s=96&d=blank&r=g","contentUrl":"https:\/\/secure.gravatar.com\/avatar\/49d2f9e46271bb04e19cebfaf141313a?s=96&d=blank&r=g","caption":"Staff"}}]}},"_links":{"self":[{"href":"https:\/\/arteeluoghi.it\/index.php\/wp-json\/wp\/v2\/posts\/194"}],"collection":[{"href":"https:\/\/arteeluoghi.it\/index.php\/wp-json\/wp\/v2\/posts"}],"about":[{"href":"https:\/\/arteeluoghi.it\/index.php\/wp-json\/wp\/v2\/types\/post"}],"author":[{"embeddable":true,"href":"https:\/\/arteeluoghi.it\/index.php\/wp-json\/wp\/v2\/users\/1"}],"replies":[{"embeddable":true,"href":"https:\/\/arteeluoghi.it\/index.php\/wp-json\/wp\/v2\/comments?post=194"}],"version-history":[{"count":0,"href":"https:\/\/arteeluoghi.it\/index.php\/wp-json\/wp\/v2\/posts\/194\/revisions"}],"wp:attachment":[{"href":"https:\/\/arteeluoghi.it\/index.php\/wp-json\/wp\/v2\/media?parent=194"}],"wp:term":[{"taxonomy":"category","embeddable":true,"href":"https:\/\/arteeluoghi.it\/index.php\/wp-json\/wp\/v2\/categories?post=194"},{"taxonomy":"post_tag","embeddable":true,"href":"https:\/\/arteeluoghi.it\/index.php\/wp-json\/wp\/v2\/tags?post=194"}],"curies":[{"name":"wp","href":"https:\/\/api.w.org\/{rel}","templated":true}]}}