{"id":1943,"date":"2014-10-29T23:57:00","date_gmt":"2014-10-29T22:57:00","guid":{"rendered":"http:\/\/arteeluoghi.it\/index.php\/2014\/10\/29\/la-vita-romana-di-moravia\/"},"modified":"2014-10-29T23:57:00","modified_gmt":"2014-10-29T22:57:00","slug":"la-vita-romana-di-moravia","status":"publish","type":"post","link":"https:\/\/arteeluoghi.it\/index.php\/2014\/10\/29\/la-vita-romana-di-moravia\/","title":{"rendered":"La vita romana di Moravia"},"content":{"rendered":"<p><strong><img src=\"\/images\/Alberto_Moravia.jpg\" border=\"0\" title=\"Lo scrittore Alberto Moravia\" width=\"300\" style=\"float: left; margin: 21px;\" \/>Luoghi d&#8217;autore<em><br \/><\/em><\/strong><\/p>\n<p><em>Un viaggio \u00e8 un&#8217;opportunit\u00e0 unica per conoscere, scoprire, stupirsi, apprendere ma anche un modo per ricordare, per non dimenticare. In questa mia rubrica, non parler\u00f2 di viaggi o di luoghi ma di scrittori, letterati e poeti che con la loro opera hanno impresso una traccia forte sul territorio, l&#8217;ambiente ed il contesto che li ha ospitati o che essi hanno eletto come loro topos ideale, fonte di ispirazione e di ricerca.<\/em><\/p>\n<p><strong>Roma \u00e8 davvero solo un fondale?<\/strong><\/p>\n<p><strong>di <a href=\"http:\/\/ivanomugnainidedalus.wordpress.com\/\">Ivano Mugnaini<\/a><br \/><\/strong><\/p>\n<p>In occasione dell&#8217;anniversario della morte di Alberto Moravia, avvenuta il 26 settembre 1990, mi accingo a scrivere di Roma, di quella Roma vissuta ed interiorizzata dallo scrittore che ne fa non semplicemente lo sfondo dei suoi romanzi ma uno specchio della societ\u00e0 e dei suoi profondi cambiamenti. Da via Sgambati dove Moravia ebbe i natali in zona Pinciana alla sua casa a Lungotevere Vittoria. Per Moravia Roma \u00e8 un misto di vitalit\u00e0 e decadimento, un humus letterario nel quale immergere le sue storie, i suoi personaggi, le contraddizioni di una societ\u00e0 che si va progressivamente disgregando e corrompendo.<\/p>\n<p>Cos\u00ec ebbe a scrivere Moravia su Roma: \u201cSono nato e vissuto a Roma e ho avuto sempre gli stessi problemi insoluti e insolubili nel mio rapporto con la citt\u00e0\u201d.\u00a0\u00a0 \u00abUna piccola citt\u00e0 mediterranea, quasi pi\u00f9 piena di monumenti che di case\u00bb, una citt\u00e0 che ha tentato sempre invano di trasformarsi in una vera capitale europea senza riuscirci poich\u00e9 sempre un po\u2019 provinciale.<\/p>\n<p>  <!--more-->  <\/p>\n<p>\u00a0<\/p>\n<p>Una citt\u00e0 costretta dalla Storia ad assumere un ruolo internazionale senza essere mai in grado di staccarsi dalle radici antiche, fino a costituire un reticolo sconfinato di rioni e quartieri, quasi cittadine adiacenti, repliche infinite di un modello antico, un ibrido immenso.<\/p>\n<p>Ma forse proprio per questa natura ambigua, accattivante e straniante, gentile e spietata, rozza e raffinata, Moravia trova a Roma lo spazio ideale, lo specchio per la sua stessa indole, umana e letteraria. Lo scrittore Alberto Pincherle era allo stesso tempo aristocratico e immerso nella carnalit\u00e0, o almeno nel desiderio della carnalit\u00e0, come un gourmet cerebrale e combattuto che non tocca gli oggetti ma si inebria in segreto di odori e profumi, senza confessarlo neppure a se stesso. Pincherle, mezzo marchigiano e mezzo veneto, per met\u00e0 nordico e per met\u00e0 dell\u2019Italia centrale, con una voglia di solarit\u00e0 contrastata da uno Stato Pontificio ancora presente a dispetto dei secoli, trova a Roma l\u2019oggetto ideale per il suo amore e il suo odio. Perch\u00e9 si pu\u00f2 odiare solo ci\u00f2 che si ama profondamente, ci\u00f2 che ci assomiglia, e quindi ci spaventa, nell\u2019atto stesso di attrarci in modo irresistibile. Moravia, costretto a fare i conti con la sua origine borghese, vissuta come privilegio e colpa, messa a confronto in modo ineluttabile con la radice schiettamente popolare del suo amico-collega Pasolini, a Roma, negli ambienti della sinistra fedele ai dettami ideologici, vive da straniero, come il protagonista del romanzo di Camus, alla ricerca di una verit\u00e0 autentica che sfugge continuamente. Non gli resta allora che utilizzare le armi che ha a disposizione, la parola, la scrittura, la fuga e il ritorno.<\/p>\n<p>Moravia ridisegna la citt\u00e0 nei suoi libri e nei suoi scritti. Non per trasformarla in un\u2019improbabile Arcadia moderna. Per tramutarla, piuttosto, in un luogo vivibile, per lui e per tutti gli esseri complessi e multiformi, gli stranieri che necessitano radici e gli indifferenti che provano, a ben vedere e sentire, profonde passioni. Riscrive la toponomastica della citt\u00e0, ma in modo che ogni luogo reale sia riconoscibile. In pratica allontana la donna amata ma senza lasciarla uscire dal raggio del suo abbraccio e del suo sguardo.<\/p>\n<p>Lo stesso avviene anche con le sue innumerevoli fughe, i viaggi all\u2019estero, lunghi, infiniti, in luoghi esotici veri, difficili, non da cartolina illustrata. L\u2019India, la Cina, l\u2019Africa, luoghi fertili di umanit\u00e0 sofferente e vitalissima. Distanti, dal suo mondo, dal suo elegante Lungotevere Vittoria.<\/p>\n<p>Eppure, l\u2019eterno ritorno, una volta ritrovata la macchina da scrivere, \u00e8 quello nei luoghi angusti della citt\u00e0 eterna. Moravia rifugge i grandi spazi, ha bisogno di concepire storie che si svolgono tra le stanze di un appartamento, i corridoi, le stanze da letto. Si immerge nelle vastit\u00e0 del mondo per poi ritornare a pensare ai microappartamenti romani, l\u00e0 dove si svolgono guerre invisibili e micidiali, l\u00e0 dove l\u2019umanit\u00e0 combatte le battaglie evolutive, quelle per la sopravvivenza, quelle della resistenza all\u2019assurdo, alla pressione annichilente dei rapporti interpersonali, a quella noia invisibile e strisciante che avvelena la voglia di vivere.<\/p>\n<p>La Roma di Moravia non \u00e8 mai quella da d\u00e9pliant turistico ma neppure quella dei quartieri degradati,\u00a0 con il cemento grigio e grezzo che divora prati periferici.<\/p>\n<p>La sua Roma \u00e8 allo stesso tempo un\u2019idea e un ascensore reale, di metallo, che conduce ad una casa reale, borghese, con tutto il bene e tutto il male che pu\u00f2 contenere, sia l\u2019abitazione borghese che la parola che la definisce.<\/p>\n<p>Per questa ragione Moravia e Roma sono un binomio cos\u00ec forte, perch\u00e9 \u00e8 una simbiosi autentica, fatta di attrazione e paura. Roma \u00e8 l\u2019amante imperfetta da cui lo scrittore e l\u2019uomo Moravia si staccano per poi ritornare, nel momento stesso in cui si accorge di non essersene mai allontanato veramente, neppure a migliaia di chilometri di distanza.<\/p>\n<p>Roma \u00e8 l\u2019amante che cambia con gli anni, restando alla fine se stessa. Quella che si vorrebbe vedere mutare veramente, lasciando dietro di s\u00e9 le meschinit\u00e0, le minuscole e becere ruberie, le furbizie da poco e gli intrallazzi autolesionistici. L\u2019amante che si spera possa cambiare dentro, e invece muta solo pelle, diventando solo ricoperta di plastica dai colori fosforescenti. Dentro, rimane la stessa. Ma tutto ci\u00f2 non cambia l\u2019amore nei suoi confronti. Non lo muta di segno n\u00e9 di intensit\u00e0. Perch\u00e9 quella imperfezione, quel mutamento fittizio e sofferto, \u00e8 lo specchio delle contraddizioni che Moravia sente e percepisce intensamente in ci\u00f2 che vive e ci\u00f2 che scrive.<\/p>\n<p>Per Alberto Moravia Roma \u00e8 il luogo dove ritornare dai suoi continui viaggi che lo videro protagonista fino agli ultimissimi anni di vita.<\/p>\n<p>I viaggi gli permisero di sperimentare il cosmopolitismo, di confrontarsi, di conoscere grandi personalit\u00e0 politiche quali Nehru, Tito, Arafat, Ceausescu e Castro e che egli seppe far rivivere in molti articoli e libri ad essi dedicati.<\/p>\n<p>La vita romana di Moravia si muove per il centro tra le case di via Sgambati al quartiere Pinciano, via dell\u2019Oca a Ripetta e quella ultima sul Lungotevere della Vittoria. Difficile da inquadrare tanto \u00e8 distante la Roma dei salotti da quella delle vecchie borgate o delle attuali zone dormitorio. La citt\u00e0\u00a0 \u00e8 un arcipelago e il punto di vista di Moravia \u00e8 necessariamente parziale. Eppure, proprio per questa ambivalenza intrinseca, il suo modo di narrare, il suo approccio con la materia descritta nei suoi libri, forniscono una delle rare immagini in grado di riassumere in un\u2019unica cornice i volti contrapposti, le diverse nature, gli errori e gli orrori, le debolezze e gli slanci, sia della sua specifica citt\u00e0 di elezione sia, in un contesto pi\u00f9 ampio, di tutti gli esseri che, tra citt\u00e0 e borghi, mura soffocanti e progetti di orizzonti, provano a tramutare la noia in vita e il disprezzo in attenzione.<\/p>\n<p>Roma, anche grazie a Moravia, rimane un sentimento che ti lega senza alcuna catena. Non una destinazione, un\u2019icona, un topos, ma parte integrante di chi la vive e l\u2019ha scelta, volente o nolente, come suo \u201cfondale\u201d.<\/p>\n<p>\u00a0<\/p>\n<p>\u00a0<\/p>\n<p><em>\u00a0<\/em><\/p>\n","protected":false},"excerpt":{"rendered":"<p>Luoghi d&#8217;autore Un viaggio \u00e8 un&#8217;opportunit\u00e0 unica per conoscere, scoprire, stupirsi, apprendere ma anche un modo per ricordare, per non<\/p>\n","protected":false},"author":1,"featured_media":0,"comment_status":"open","ping_status":"open","sticky":false,"template":"","format":"standard","meta":[],"categories":[46],"tags":[],"yoast_head":"<!-- This site is optimized with the Yoast SEO plugin v18.0 - https:\/\/yoast.com\/wordpress\/plugins\/seo\/ -->\n<title>La vita romana di Moravia | Arte e Luoghi<\/title>\n<meta name=\"robots\" content=\"index, follow, max-snippet:-1, max-image-preview:large, max-video-preview:-1\" \/>\n<link rel=\"canonical\" href=\"https:\/\/arteeluoghi.it\/index.php\/2014\/10\/29\/la-vita-romana-di-moravia\/\" \/>\n<meta property=\"og:locale\" content=\"it_IT\" \/>\n<meta property=\"og:type\" content=\"article\" \/>\n<meta property=\"og:title\" content=\"La vita romana di Moravia | Arte e Luoghi\" \/>\n<meta property=\"og:description\" content=\"Luoghi d&#8217;autore Un viaggio \u00e8 un&#8217;opportunit\u00e0 unica per conoscere, scoprire, stupirsi, apprendere ma anche un modo per ricordare, per non\" \/>\n<meta property=\"og:url\" content=\"https:\/\/arteeluoghi.it\/index.php\/2014\/10\/29\/la-vita-romana-di-moravia\/\" \/>\n<meta property=\"og:site_name\" content=\"Arte e Luoghi\" \/>\n<meta property=\"article:publisher\" content=\"https:\/\/www.facebook.com\/ArteELuoghi\/\" \/>\n<meta property=\"article:published_time\" content=\"2014-10-29T22:57:00+00:00\" \/>\n<meta property=\"og:image\" content=\"https:\/\/arteeluoghi.it\/images\/Alberto_Moravia.jpg\" \/>\n<meta name=\"twitter:card\" content=\"summary\" \/>\n<meta name=\"twitter:creator\" content=\"@arteeluoghi\" \/>\n<meta name=\"twitter:site\" content=\"@arteeluoghi\" \/>\n<meta name=\"twitter:label1\" content=\"Scritto da\" \/>\n\t<meta name=\"twitter:data1\" content=\"Staff\" \/>\n\t<meta name=\"twitter:label2\" content=\"Tempo di lettura stimato\" \/>\n\t<meta name=\"twitter:data2\" content=\"6 minuti\" \/>\n<script type=\"application\/ld+json\" class=\"yoast-schema-graph\">{\"@context\":\"https:\/\/schema.org\",\"@graph\":[{\"@type\":\"Organization\",\"@id\":\"https:\/\/arteeluoghi.it\/#organization\",\"name\":\"Arte e Luoghi\",\"url\":\"https:\/\/arteeluoghi.it\/\",\"sameAs\":[\"https:\/\/www.facebook.com\/ArteELuoghi\/\",\"https:\/\/www.instagram.com\/arteeluoghi\/?hl=it\",\"https:\/\/www.youtube.com\/channel\/UCuRVc4JW4-C5sg9rQB-srkw?view_as=subscriber\",\"https:\/\/twitter.com\/arteeluoghi\"],\"logo\":{\"@type\":\"ImageObject\",\"@id\":\"https:\/\/arteeluoghi.it\/#logo\",\"inLanguage\":\"it-IT\",\"url\":\"https:\/\/arteeluoghi.it\/wp-content\/uploads\/2018\/08\/logoinstagramarte.jpg\",\"contentUrl\":\"https:\/\/arteeluoghi.it\/wp-content\/uploads\/2018\/08\/logoinstagramarte.jpg\",\"width\":150,\"height\":150,\"caption\":\"Arte e Luoghi\"},\"image\":{\"@id\":\"https:\/\/arteeluoghi.it\/#logo\"}},{\"@type\":\"WebSite\",\"@id\":\"https:\/\/arteeluoghi.it\/#website\",\"url\":\"https:\/\/arteeluoghi.it\/\",\"name\":\"Arte e Luoghi\",\"description\":\"Mensile di arte, cultura, turismo e curiosit\u00e0\",\"publisher\":{\"@id\":\"https:\/\/arteeluoghi.it\/#organization\"},\"potentialAction\":[{\"@type\":\"SearchAction\",\"target\":{\"@type\":\"EntryPoint\",\"urlTemplate\":\"https:\/\/arteeluoghi.it\/?s={search_term_string}\"},\"query-input\":\"required name=search_term_string\"}],\"inLanguage\":\"it-IT\"},{\"@type\":\"ImageObject\",\"@id\":\"https:\/\/arteeluoghi.it\/index.php\/2014\/10\/29\/la-vita-romana-di-moravia\/#primaryimage\",\"inLanguage\":\"it-IT\",\"url\":\"\/images\/Alberto_Moravia.jpg\",\"contentUrl\":\"\/images\/Alberto_Moravia.jpg\"},{\"@type\":\"WebPage\",\"@id\":\"https:\/\/arteeluoghi.it\/index.php\/2014\/10\/29\/la-vita-romana-di-moravia\/#webpage\",\"url\":\"https:\/\/arteeluoghi.it\/index.php\/2014\/10\/29\/la-vita-romana-di-moravia\/\",\"name\":\"La vita romana di Moravia | Arte e Luoghi\",\"isPartOf\":{\"@id\":\"https:\/\/arteeluoghi.it\/#website\"},\"primaryImageOfPage\":{\"@id\":\"https:\/\/arteeluoghi.it\/index.php\/2014\/10\/29\/la-vita-romana-di-moravia\/#primaryimage\"},\"datePublished\":\"2014-10-29T22:57:00+00:00\",\"dateModified\":\"2014-10-29T22:57:00+00:00\",\"breadcrumb\":{\"@id\":\"https:\/\/arteeluoghi.it\/index.php\/2014\/10\/29\/la-vita-romana-di-moravia\/#breadcrumb\"},\"inLanguage\":\"it-IT\",\"potentialAction\":[{\"@type\":\"ReadAction\",\"target\":[\"https:\/\/arteeluoghi.it\/index.php\/2014\/10\/29\/la-vita-romana-di-moravia\/\"]}]},{\"@type\":\"BreadcrumbList\",\"@id\":\"https:\/\/arteeluoghi.it\/index.php\/2014\/10\/29\/la-vita-romana-di-moravia\/#breadcrumb\",\"itemListElement\":[{\"@type\":\"ListItem\",\"position\":1,\"name\":\"Home\",\"item\":\"https:\/\/arteeluoghi.it\/\"},{\"@type\":\"ListItem\",\"position\":2,\"name\":\"La vita romana di Moravia\"}]},{\"@type\":\"Article\",\"@id\":\"https:\/\/arteeluoghi.it\/index.php\/2014\/10\/29\/la-vita-romana-di-moravia\/#article\",\"isPartOf\":{\"@id\":\"https:\/\/arteeluoghi.it\/index.php\/2014\/10\/29\/la-vita-romana-di-moravia\/#webpage\"},\"author\":{\"@id\":\"https:\/\/arteeluoghi.it\/#\/schema\/person\/f84e814e36e91e01448ee07eaadd41d4\"},\"headline\":\"La vita romana di Moravia\",\"datePublished\":\"2014-10-29T22:57:00+00:00\",\"dateModified\":\"2014-10-29T22:57:00+00:00\",\"mainEntityOfPage\":{\"@id\":\"https:\/\/arteeluoghi.it\/index.php\/2014\/10\/29\/la-vita-romana-di-moravia\/#webpage\"},\"wordCount\":1229,\"commentCount\":0,\"publisher\":{\"@id\":\"https:\/\/arteeluoghi.it\/#organization\"},\"image\":{\"@id\":\"https:\/\/arteeluoghi.it\/index.php\/2014\/10\/29\/la-vita-romana-di-moravia\/#primaryimage\"},\"thumbnailUrl\":\"\/images\/Alberto_Moravia.jpg\",\"articleSection\":[\"luoghi d'autore\"],\"inLanguage\":\"it-IT\",\"potentialAction\":[{\"@type\":\"CommentAction\",\"name\":\"Comment\",\"target\":[\"https:\/\/arteeluoghi.it\/index.php\/2014\/10\/29\/la-vita-romana-di-moravia\/#respond\"]}]},{\"@type\":\"Person\",\"@id\":\"https:\/\/arteeluoghi.it\/#\/schema\/person\/f84e814e36e91e01448ee07eaadd41d4\",\"name\":\"Staff\",\"image\":{\"@type\":\"ImageObject\",\"@id\":\"https:\/\/arteeluoghi.it\/#personlogo\",\"inLanguage\":\"it-IT\",\"url\":\"https:\/\/secure.gravatar.com\/avatar\/49d2f9e46271bb04e19cebfaf141313a?s=96&d=blank&r=g\",\"contentUrl\":\"https:\/\/secure.gravatar.com\/avatar\/49d2f9e46271bb04e19cebfaf141313a?s=96&d=blank&r=g\",\"caption\":\"Staff\"}}]}<\/script>\n<!-- \/ Yoast SEO plugin. -->","yoast_head_json":{"title":"La vita romana di Moravia | Arte e Luoghi","robots":{"index":"index","follow":"follow","max-snippet":"max-snippet:-1","max-image-preview":"max-image-preview:large","max-video-preview":"max-video-preview:-1"},"canonical":"https:\/\/arteeluoghi.it\/index.php\/2014\/10\/29\/la-vita-romana-di-moravia\/","og_locale":"it_IT","og_type":"article","og_title":"La vita romana di Moravia | Arte e Luoghi","og_description":"Luoghi d&#8217;autore Un viaggio \u00e8 un&#8217;opportunit\u00e0 unica per conoscere, scoprire, stupirsi, apprendere ma anche un modo per ricordare, per non","og_url":"https:\/\/arteeluoghi.it\/index.php\/2014\/10\/29\/la-vita-romana-di-moravia\/","og_site_name":"Arte e Luoghi","article_publisher":"https:\/\/www.facebook.com\/ArteELuoghi\/","article_published_time":"2014-10-29T22:57:00+00:00","og_image":[{"url":"https:\/\/arteeluoghi.it\/images\/Alberto_Moravia.jpg"}],"twitter_card":"summary","twitter_creator":"@arteeluoghi","twitter_site":"@arteeluoghi","twitter_misc":{"Scritto da":"Staff","Tempo di lettura stimato":"6 minuti"},"schema":{"@context":"https:\/\/schema.org","@graph":[{"@type":"Organization","@id":"https:\/\/arteeluoghi.it\/#organization","name":"Arte e Luoghi","url":"https:\/\/arteeluoghi.it\/","sameAs":["https:\/\/www.facebook.com\/ArteELuoghi\/","https:\/\/www.instagram.com\/arteeluoghi\/?hl=it","https:\/\/www.youtube.com\/channel\/UCuRVc4JW4-C5sg9rQB-srkw?view_as=subscriber","https:\/\/twitter.com\/arteeluoghi"],"logo":{"@type":"ImageObject","@id":"https:\/\/arteeluoghi.it\/#logo","inLanguage":"it-IT","url":"https:\/\/arteeluoghi.it\/wp-content\/uploads\/2018\/08\/logoinstagramarte.jpg","contentUrl":"https:\/\/arteeluoghi.it\/wp-content\/uploads\/2018\/08\/logoinstagramarte.jpg","width":150,"height":150,"caption":"Arte e Luoghi"},"image":{"@id":"https:\/\/arteeluoghi.it\/#logo"}},{"@type":"WebSite","@id":"https:\/\/arteeluoghi.it\/#website","url":"https:\/\/arteeluoghi.it\/","name":"Arte e Luoghi","description":"Mensile di arte, cultura, turismo e curiosit\u00e0","publisher":{"@id":"https:\/\/arteeluoghi.it\/#organization"},"potentialAction":[{"@type":"SearchAction","target":{"@type":"EntryPoint","urlTemplate":"https:\/\/arteeluoghi.it\/?s={search_term_string}"},"query-input":"required name=search_term_string"}],"inLanguage":"it-IT"},{"@type":"ImageObject","@id":"https:\/\/arteeluoghi.it\/index.php\/2014\/10\/29\/la-vita-romana-di-moravia\/#primaryimage","inLanguage":"it-IT","url":"\/images\/Alberto_Moravia.jpg","contentUrl":"\/images\/Alberto_Moravia.jpg"},{"@type":"WebPage","@id":"https:\/\/arteeluoghi.it\/index.php\/2014\/10\/29\/la-vita-romana-di-moravia\/#webpage","url":"https:\/\/arteeluoghi.it\/index.php\/2014\/10\/29\/la-vita-romana-di-moravia\/","name":"La vita romana di Moravia | Arte e Luoghi","isPartOf":{"@id":"https:\/\/arteeluoghi.it\/#website"},"primaryImageOfPage":{"@id":"https:\/\/arteeluoghi.it\/index.php\/2014\/10\/29\/la-vita-romana-di-moravia\/#primaryimage"},"datePublished":"2014-10-29T22:57:00+00:00","dateModified":"2014-10-29T22:57:00+00:00","breadcrumb":{"@id":"https:\/\/arteeluoghi.it\/index.php\/2014\/10\/29\/la-vita-romana-di-moravia\/#breadcrumb"},"inLanguage":"it-IT","potentialAction":[{"@type":"ReadAction","target":["https:\/\/arteeluoghi.it\/index.php\/2014\/10\/29\/la-vita-romana-di-moravia\/"]}]},{"@type":"BreadcrumbList","@id":"https:\/\/arteeluoghi.it\/index.php\/2014\/10\/29\/la-vita-romana-di-moravia\/#breadcrumb","itemListElement":[{"@type":"ListItem","position":1,"name":"Home","item":"https:\/\/arteeluoghi.it\/"},{"@type":"ListItem","position":2,"name":"La vita romana di Moravia"}]},{"@type":"Article","@id":"https:\/\/arteeluoghi.it\/index.php\/2014\/10\/29\/la-vita-romana-di-moravia\/#article","isPartOf":{"@id":"https:\/\/arteeluoghi.it\/index.php\/2014\/10\/29\/la-vita-romana-di-moravia\/#webpage"},"author":{"@id":"https:\/\/arteeluoghi.it\/#\/schema\/person\/f84e814e36e91e01448ee07eaadd41d4"},"headline":"La vita romana di Moravia","datePublished":"2014-10-29T22:57:00+00:00","dateModified":"2014-10-29T22:57:00+00:00","mainEntityOfPage":{"@id":"https:\/\/arteeluoghi.it\/index.php\/2014\/10\/29\/la-vita-romana-di-moravia\/#webpage"},"wordCount":1229,"commentCount":0,"publisher":{"@id":"https:\/\/arteeluoghi.it\/#organization"},"image":{"@id":"https:\/\/arteeluoghi.it\/index.php\/2014\/10\/29\/la-vita-romana-di-moravia\/#primaryimage"},"thumbnailUrl":"\/images\/Alberto_Moravia.jpg","articleSection":["luoghi d'autore"],"inLanguage":"it-IT","potentialAction":[{"@type":"CommentAction","name":"Comment","target":["https:\/\/arteeluoghi.it\/index.php\/2014\/10\/29\/la-vita-romana-di-moravia\/#respond"]}]},{"@type":"Person","@id":"https:\/\/arteeluoghi.it\/#\/schema\/person\/f84e814e36e91e01448ee07eaadd41d4","name":"Staff","image":{"@type":"ImageObject","@id":"https:\/\/arteeluoghi.it\/#personlogo","inLanguage":"it-IT","url":"https:\/\/secure.gravatar.com\/avatar\/49d2f9e46271bb04e19cebfaf141313a?s=96&d=blank&r=g","contentUrl":"https:\/\/secure.gravatar.com\/avatar\/49d2f9e46271bb04e19cebfaf141313a?s=96&d=blank&r=g","caption":"Staff"}}]}},"_links":{"self":[{"href":"https:\/\/arteeluoghi.it\/index.php\/wp-json\/wp\/v2\/posts\/1943"}],"collection":[{"href":"https:\/\/arteeluoghi.it\/index.php\/wp-json\/wp\/v2\/posts"}],"about":[{"href":"https:\/\/arteeluoghi.it\/index.php\/wp-json\/wp\/v2\/types\/post"}],"author":[{"embeddable":true,"href":"https:\/\/arteeluoghi.it\/index.php\/wp-json\/wp\/v2\/users\/1"}],"replies":[{"embeddable":true,"href":"https:\/\/arteeluoghi.it\/index.php\/wp-json\/wp\/v2\/comments?post=1943"}],"version-history":[{"count":0,"href":"https:\/\/arteeluoghi.it\/index.php\/wp-json\/wp\/v2\/posts\/1943\/revisions"}],"wp:attachment":[{"href":"https:\/\/arteeluoghi.it\/index.php\/wp-json\/wp\/v2\/media?parent=1943"}],"wp:term":[{"taxonomy":"category","embeddable":true,"href":"https:\/\/arteeluoghi.it\/index.php\/wp-json\/wp\/v2\/categories?post=1943"},{"taxonomy":"post_tag","embeddable":true,"href":"https:\/\/arteeluoghi.it\/index.php\/wp-json\/wp\/v2\/tags?post=1943"}],"curies":[{"name":"wp","href":"https:\/\/api.w.org\/{rel}","templated":true}]}}